{"id":20455,"date":"2020-11-10T11:41:32","date_gmt":"2020-11-10T15:41:32","guid":{"rendered":"http:\/\/www.mpppst.gob.ve\/mpppstweb\/?p=20455"},"modified":"2020-11-10T11:41:33","modified_gmt":"2020-11-10T15:41:33","slug":"debatiran-vertices-de-gestion-electrica-para-el-desarrollo-de-los-procesos-y-gerencias-de-corpoelec","status":"publish","type":"post","link":"https:\/\/www.mpppst.gob.ve\/mpppstweb\/index.php\/2020\/11\/10\/debatiran-vertices-de-gestion-electrica-para-el-desarrollo-de-los-procesos-y-gerencias-de-corpoelec\/","title":{"rendered":"Debatir\u00e1n v\u00e9rtices de gesti\u00f3n el\u00e9ctrica para el desarrollo de los procesos y gerencias de Corpoelec"},"content":{"rendered":"\n<p>Como parte de los planes de fortalecimiento del Sistema El\u00e9ctrico Nacional, el ministro del Poder Popular para la Energ\u00eda El\u00e9ctrica, G\/J N\u00e9stor Reverol, anunci\u00f3 que debatir\u00e1n los v\u00e9rtices de gesti\u00f3n que permitir\u00e1 el desarrollo de todos los procesos y gerencias de la&nbsp;Corporaci\u00f3n El\u00e9ctrica Nacional, S.A. (Corpoelec).<\/p>\n\n\n\n<p>La informaci\u00f3n la dio a conocer a trav\u00e9s de su cuenta en la red social Instagram @ReverolNestor, tras realizar una visita al Centro Nacional de Despacho (CND), ubicado en El Marquez, municipio Sucre del estado Miranda, junto a los gerentes generales de este despacho, con el fin de elaborar un diagn\u00f3stico que permitir\u00e1 el desarrollo de todos los procesos.<\/p>\n\n\n\n<p>El ministro Reverol destac\u00f3 que se revisaron los procesos de comercializaci\u00f3n para garantizar un servicio adecuado a las necesidades del pueblo venezolano y de la realidad econ\u00f3mica de la naci\u00f3n, refiere una nota de prensa institucional.<\/p>\n\n\n\n<p>\u201cAcordamos iniciar un plan de bienestar social para los trabajadores, en el que se priorice la atenci\u00f3n en materia de salud, alimentaci\u00f3n y dem\u00e1s beneficios socioecon\u00f3micos, que brindar\u00e1 a toda la familia del Sistema El\u00e9ctrico Nacional la mayor suma de felicidad posible\u201d, a\u00f1adi\u00f3 el General en Jefe.<\/p>\n\n\n\n<p>Asimismo, dijo que se buscan desarrollar diversos proyectos de captaci\u00f3n y formaci\u00f3n que fortalecer\u00e1 el talento humano, para que la juventud asuma su papel en la construcci\u00f3n de un Sistema El\u00e9ctrico Nacional mejorado. \u201cVamos hacia una reestructuraci\u00f3n del Ministerio del Poder Popular para la Energ\u00eda El\u00e9ctrica, con el firme prop\u00f3sito de convertir todas las ideas en proyectos que protejan a la poblaci\u00f3n y fomenten el desarrollo econ\u00f3mico nacional\u201d.<\/p>\n","protected":false},"excerpt":{"rendered":"<p>Como parte de los planes de fortalecimiento del Sistema El\u00e9ctrico Nacional, el ministro del Poder Popular &hellip; <a title=\"Debatir\u00e1n v\u00e9rtices de gesti\u00f3n el\u00e9ctrica para el desarrollo de los procesos y gerencias de Corpoelec\" class=\"hm-read-more\" href=\"https:\/\/www.mpppst.gob.ve\/mpppstweb\/index.php\/2020\/11\/10\/debatiran-vertices-de-gestion-electrica-para-el-desarrollo-de-los-procesos-y-gerencias-de-corpoelec\/\"><span class=\"screen-reader-text\">Debatir\u00e1n v\u00e9rtices de gesti\u00f3n el\u00e9ctrica para el desarrollo de los procesos y gerencias de Corpoelec<\/span>Read more<\/a><\/p>\n","protected":false},"author":25,"featured_media":20456,"comment_status":"closed","ping_status":"closed","sticky":false,"template":"","format":"standard","meta":{"footnotes":""},"categories":[82,163],"tags":[],"yoast_head":"<!-- This site is optimized with the Yoast SEO plugin v22.5 - https:\/\/yoast.com\/wordpress\/plugins\/seo\/ -->\n<title>Debatir\u00e1n v\u00e9rtices de gesti\u00f3n el\u00e9ctrica para el desarrollo de los procesos y gerencias de Corpoelec - MPPPST<\/title>\n<meta name=\"robots\" content=\"index, follow, max-snippet:-1, max-image-preview:large, max-video-preview:-1\" \/>\n<link rel=\"canonical\" href=\"https:\/\/www.mpppst.gob.ve\/mpppstweb\/index.php\/2020\/11\/10\/debatiran-vertices-de-gestion-electrica-para-el-desarrollo-de-los-procesos-y-gerencias-de-corpoelec\/\" \/>\n<meta property=\"og:locale\" content=\"es_ES\" \/>\n<meta property=\"og:type\" content=\"article\" \/>\n<meta property=\"og:title\" content=\"Debatir\u00e1n v\u00e9rtices de gesti\u00f3n el\u00e9ctrica para el desarrollo de los procesos y gerencias de Corpoelec - MPPPST\" \/>\n<meta property=\"og:description\" content=\"Como parte de los planes de fortalecimiento del Sistema El\u00e9ctrico Nacional, el ministro del Poder Popular &hellip; Debatir\u00e1n v\u00e9rtices de gesti\u00f3n el\u00e9ctrica para el desarrollo de los procesos y gerencias de CorpoelecRead more\" \/>\n<meta property=\"og:url\" content=\"https:\/\/www.mpppst.gob.ve\/mpppstweb\/index.php\/2020\/11\/10\/debatiran-vertices-de-gestion-electrica-para-el-desarrollo-de-los-procesos-y-gerencias-de-corpoelec\/\" \/>\n<meta property=\"og:site_name\" content=\"MPPPST\" \/>\n<meta property=\"article:published_time\" content=\"2020-11-10T15:41:32+00:00\" \/>\n<meta property=\"article:modified_time\" content=\"2020-11-10T15:41:33+00:00\" \/>\n<meta property=\"og:image\" content=\"https:\/\/www.mpppst.gob.ve\/mpppstweb\/wp-content\/uploads\/2020\/11\/e8145594-43fd-47f6-938c-2d815ab00d4f-768x427-1.jpg\" \/>\n\t<meta property=\"og:image:width\" content=\"768\" \/>\n\t<meta property=\"og:image:height\" content=\"427\" \/>\n\t<meta property=\"og:image:type\" content=\"image\/jpeg\" \/>\n<meta name=\"author\" content=\"MPPPST Prensa\" \/>\n<meta name=\"twitter:card\" content=\"summary_large_image\" \/>\n<meta name=\"twitter:label1\" content=\"Escrito por\" \/>\n\t<meta name=\"twitter:data1\" content=\"MPPPST Prensa\" \/>\n\t<meta name=\"twitter:label2\" content=\"Tiempo de lectura\" \/>\n\t<meta name=\"twitter:data2\" content=\"1 minuto\" \/>\n<script type=\"application\/ld+json\" class=\"yoast-schema-graph\">{\"@context\":\"https:\/\/schema.org\",\"@graph\":[{\"@type\":\"Article\",\"@id\":\"https:\/\/www.mpppst.gob.ve\/mpppstweb\/index.php\/2020\/11\/10\/debatiran-vertices-de-gestion-electrica-para-el-desarrollo-de-los-procesos-y-gerencias-de-corpoelec\/#article\",\"isPartOf\":{\"@id\":\"https:\/\/www.mpppst.gob.ve\/mpppstweb\/index.php\/2020\/11\/10\/debatiran-vertices-de-gestion-electrica-para-el-desarrollo-de-los-procesos-y-gerencias-de-corpoelec\/\"},\"author\":{\"name\":\"MPPPST Prensa\",\"@id\":\"https:\/\/www.mpppst.gob.ve\/mpppstweb\/#\/schema\/person\/fc187ee8ead412bd4c9304b62f900ea4\"},\"headline\":\"Debatir\u00e1n v\u00e9rtices de gesti\u00f3n el\u00e9ctrica para el desarrollo de los procesos y gerencias de Corpoelec\",\"datePublished\":\"2020-11-10T15:41:32+00:00\",\"dateModified\":\"2020-11-10T15:41:33+00:00\",\"mainEntityOfPage\":{\"@id\":\"https:\/\/www.mpppst.gob.ve\/mpppstweb\/index.php\/2020\/11\/10\/debatiran-vertices-de-gestion-electrica-para-el-desarrollo-de-los-procesos-y-gerencias-de-corpoelec\/\"},\"wordCount\":310,\"publisher\":{\"@id\":\"https:\/\/www.mpppst.gob.ve\/mpppstweb\/#organization\"},\"image\":{\"@id\":\"https:\/\/www.mpppst.gob.ve\/mpppstweb\/index.php\/2020\/11\/10\/debatiran-vertices-de-gestion-electrica-para-el-desarrollo-de-los-procesos-y-gerencias-de-corpoelec\/#primaryimage\"},\"thumbnailUrl\":\"https:\/\/www.mpppst.gob.ve\/mpppstweb\/wp-content\/uploads\/2020\/11\/e8145594-43fd-47f6-938c-2d815ab00d4f-768x427-1.jpg\",\"articleSection\":[\"Gobierno Nacional\",\"Noticias\"],\"inLanguage\":\"es\"},{\"@type\":\"WebPage\",\"@id\":\"https:\/\/www.mpppst.gob.ve\/mpppstweb\/index.php\/2020\/11\/10\/debatiran-vertices-de-gestion-electrica-para-el-desarrollo-de-los-procesos-y-gerencias-de-corpoelec\/\",\"url\":\"https:\/\/www.mpppst.gob.ve\/mpppstweb\/index.php\/2020\/11\/10\/debatiran-vertices-de-gestion-electrica-para-el-desarrollo-de-los-procesos-y-gerencias-de-corpoelec\/\",\"name\":\"Debatir\u00e1n v\u00e9rtices de gesti\u00f3n el\u00e9ctrica para el desarrollo de los procesos y gerencias de Corpoelec - MPPPST\",\"isPartOf\":{\"@id\":\"https:\/\/www.mpppst.gob.ve\/mpppstweb\/#website\"},\"primaryImageOfPage\":{\"@id\":\"https:\/\/www.mpppst.gob.ve\/mpppstweb\/index.php\/2020\/11\/10\/debatiran-vertices-de-gestion-electrica-para-el-desarrollo-de-los-procesos-y-gerencias-de-corpoelec\/#primaryimage\"},\"image\":{\"@id\":\"https:\/\/www.mpppst.gob.ve\/mpppstweb\/index.php\/2020\/11\/10\/debatiran-vertices-de-gestion-electrica-para-el-desarrollo-de-los-procesos-y-gerencias-de-corpoelec\/#primaryimage\"},\"thumbnailUrl\":\"https:\/\/www.mpppst.gob.ve\/mpppstweb\/wp-content\/uploads\/2020\/11\/e8145594-43fd-47f6-938c-2d815ab00d4f-768x427-1.jpg\",\"datePublished\":\"2020-11-10T15:41:32+00:00\",\"dateModified\":\"2020-11-10T15:41:33+00:00\",\"breadcrumb\":{\"@id\":\"https:\/\/www.mpppst.gob.ve\/mpppstweb\/index.php\/2020\/11\/10\/debatiran-vertices-de-gestion-electrica-para-el-desarrollo-de-los-procesos-y-gerencias-de-corpoelec\/#breadcrumb\"},\"inLanguage\":\"es\",\"potentialAction\":[{\"@type\":\"ReadAction\",\"target\":[\"https:\/\/www.mpppst.gob.ve\/mpppstweb\/index.php\/2020\/11\/10\/debatiran-vertices-de-gestion-electrica-para-el-desarrollo-de-los-procesos-y-gerencias-de-corpoelec\/\"]}]},{\"@type\":\"ImageObject\",\"inLanguage\":\"es\",\"@id\":\"https:\/\/www.mpppst.gob.ve\/mpppstweb\/index.php\/2020\/11\/10\/debatiran-vertices-de-gestion-electrica-para-el-desarrollo-de-los-procesos-y-gerencias-de-corpoelec\/#primaryimage\",\"url\":\"https:\/\/www.mpppst.gob.ve\/mpppstweb\/wp-content\/uploads\/2020\/11\/e8145594-43fd-47f6-938c-2d815ab00d4f-768x427-1.jpg\",\"contentUrl\":\"https:\/\/www.mpppst.gob.ve\/mpppstweb\/wp-content\/uploads\/2020\/11\/e8145594-43fd-47f6-938c-2d815ab00d4f-768x427-1.jpg\",\"width\":768,\"height\":427},{\"@type\":\"BreadcrumbList\",\"@id\":\"https:\/\/www.mpppst.gob.ve\/mpppstweb\/index.php\/2020\/11\/10\/debatiran-vertices-de-gestion-electrica-para-el-desarrollo-de-los-procesos-y-gerencias-de-corpoelec\/#breadcrumb\",\"itemListElement\":[{\"@type\":\"ListItem\",\"position\":1,\"name\":\"Home\",\"item\":\"https:\/\/www.mpppst.gob.ve\/mpppstweb\/\"},{\"@type\":\"ListItem\",\"position\":2,\"name\":\"Debatir\u00e1n v\u00e9rtices de gesti\u00f3n el\u00e9ctrica para el desarrollo de los procesos y gerencias de Corpoelec\"}]},{\"@type\":\"WebSite\",\"@id\":\"https:\/\/www.mpppst.gob.ve\/mpppstweb\/#website\",\"url\":\"https:\/\/www.mpppst.gob.ve\/mpppstweb\/\",\"name\":\"MPPPST\",\"description\":\"Ministerio del Poder Popular para el Proceso Social de Trabajo\",\"publisher\":{\"@id\":\"https:\/\/www.mpppst.gob.ve\/mpppstweb\/#organization\"},\"potentialAction\":[{\"@type\":\"SearchAction\",\"target\":{\"@type\":\"EntryPoint\",\"urlTemplate\":\"https:\/\/www.mpppst.gob.ve\/mpppstweb\/?s={search_term_string}\"},\"query-input\":\"required name=search_term_string\"}],\"inLanguage\":\"es\"},{\"@type\":\"Organization\",\"@id\":\"https:\/\/www.mpppst.gob.ve\/mpppstweb\/#organization\",\"name\":\"mpppst\",\"url\":\"https:\/\/www.mpppst.gob.ve\/mpppstweb\/\",\"logo\":{\"@type\":\"ImageObject\",\"inLanguage\":\"es\",\"@id\":\"https:\/\/www.mpppst.gob.ve\/mpppstweb\/#\/schema\/logo\/image\/\",\"url\":\"https:\/\/www.mpppst.gob.ve\/mpppstweb\/wp-content\/uploads\/2025\/07\/cropped-cropped-g910.png\",\"contentUrl\":\"https:\/\/www.mpppst.gob.ve\/mpppstweb\/wp-content\/uploads\/2025\/07\/cropped-cropped-g910.png\",\"width\":1080,\"height\":241,\"caption\":\"mpppst\"},\"image\":{\"@id\":\"https:\/\/www.mpppst.gob.ve\/mpppstweb\/#\/schema\/logo\/image\/\"}},{\"@type\":\"Person\",\"@id\":\"https:\/\/www.mpppst.gob.ve\/mpppstweb\/#\/schema\/person\/fc187ee8ead412bd4c9304b62f900ea4\",\"name\":\"MPPPST Prensa\",\"url\":\"https:\/\/www.mpppst.gob.ve\/mpppstweb\/index.php\/author\/prensa-mpppst\/\"}]}<\/script>\n<!-- \/ Yoast SEO plugin. -->","yoast_head_json":{"title":"Debatir\u00e1n v\u00e9rtices de gesti\u00f3n el\u00e9ctrica para el desarrollo de los procesos y gerencias de Corpoelec - MPPPST","robots":{"index":"index","follow":"follow","max-snippet":"max-snippet:-1","max-image-preview":"max-image-preview:large","max-video-preview":"max-video-preview:-1"},"canonical":"https:\/\/www.mpppst.gob.ve\/mpppstweb\/index.php\/2020\/11\/10\/debatiran-vertices-de-gestion-electrica-para-el-desarrollo-de-los-procesos-y-gerencias-de-corpoelec\/","og_locale":"es_ES","og_type":"article","og_title":"Debatir\u00e1n v\u00e9rtices de gesti\u00f3n el\u00e9ctrica para el desarrollo de los procesos y gerencias de Corpoelec - MPPPST","og_description":"Como parte de los planes de fortalecimiento del Sistema El\u00e9ctrico Nacional, el ministro del Poder Popular &hellip; Debatir\u00e1n v\u00e9rtices de gesti\u00f3n el\u00e9ctrica para el desarrollo de los procesos y gerencias de CorpoelecRead more","og_url":"https:\/\/www.mpppst.gob.ve\/mpppstweb\/index.php\/2020\/11\/10\/debatiran-vertices-de-gestion-electrica-para-el-desarrollo-de-los-procesos-y-gerencias-de-corpoelec\/","og_site_name":"MPPPST","article_published_time":"2020-11-10T15:41:32+00:00","article_modified_time":"2020-11-10T15:41:33+00:00","og_image":[{"width":768,"height":427,"url":"https:\/\/www.mpppst.gob.ve\/mpppstweb\/wp-content\/uploads\/2020\/11\/e8145594-43fd-47f6-938c-2d815ab00d4f-768x427-1.jpg","type":"image\/jpeg"}],"author":"MPPPST Prensa","twitter_card":"summary_large_image","twitter_misc":{"Escrito por":"MPPPST Prensa","Tiempo de lectura":"1 minuto"},"schema":{"@context":"https:\/\/schema.org","@graph":[{"@type":"Article","@id":"https:\/\/www.mpppst.gob.ve\/mpppstweb\/index.php\/2020\/11\/10\/debatiran-vertices-de-gestion-electrica-para-el-desarrollo-de-los-procesos-y-gerencias-de-corpoelec\/#article","isPartOf":{"@id":"https:\/\/www.mpppst.gob.ve\/mpppstweb\/index.php\/2020\/11\/10\/debatiran-vertices-de-gestion-electrica-para-el-desarrollo-de-los-procesos-y-gerencias-de-corpoelec\/"},"author":{"name":"MPPPST Prensa","@id":"https:\/\/www.mpppst.gob.ve\/mpppstweb\/#\/schema\/person\/fc187ee8ead412bd4c9304b62f900ea4"},"headline":"Debatir\u00e1n v\u00e9rtices de gesti\u00f3n el\u00e9ctrica para el desarrollo de los procesos y gerencias de Corpoelec","datePublished":"2020-11-10T15:41:32+00:00","dateModified":"2020-11-10T15:41:33+00:00","mainEntityOfPage":{"@id":"https:\/\/www.mpppst.gob.ve\/mpppstweb\/index.php\/2020\/11\/10\/debatiran-vertices-de-gestion-electrica-para-el-desarrollo-de-los-procesos-y-gerencias-de-corpoelec\/"},"wordCount":310,"publisher":{"@id":"https:\/\/www.mpppst.gob.ve\/mpppstweb\/#organization"},"image":{"@id":"https:\/\/www.mpppst.gob.ve\/mpppstweb\/index.php\/2020\/11\/10\/debatiran-vertices-de-gestion-electrica-para-el-desarrollo-de-los-procesos-y-gerencias-de-corpoelec\/#primaryimage"},"thumbnailUrl":"https:\/\/www.mpppst.gob.ve\/mpppstweb\/wp-content\/uploads\/2020\/11\/e8145594-43fd-47f6-938c-2d815ab00d4f-768x427-1.jpg","articleSection":["Gobierno Nacional","Noticias"],"inLanguage":"es"},{"@type":"WebPage","@id":"https:\/\/www.mpppst.gob.ve\/mpppstweb\/index.php\/2020\/11\/10\/debatiran-vertices-de-gestion-electrica-para-el-desarrollo-de-los-procesos-y-gerencias-de-corpoelec\/","url":"https:\/\/www.mpppst.gob.ve\/mpppstweb\/index.php\/2020\/11\/10\/debatiran-vertices-de-gestion-electrica-para-el-desarrollo-de-los-procesos-y-gerencias-de-corpoelec\/","name":"Debatir\u00e1n v\u00e9rtices de gesti\u00f3n el\u00e9ctrica para el desarrollo de los procesos y gerencias de Corpoelec - MPPPST","isPartOf":{"@id":"https:\/\/www.mpppst.gob.ve\/mpppstweb\/#website"},"primaryImageOfPage":{"@id":"https:\/\/www.mpppst.gob.ve\/mpppstweb\/index.php\/2020\/11\/10\/debatiran-vertices-de-gestion-electrica-para-el-desarrollo-de-los-procesos-y-gerencias-de-corpoelec\/#primaryimage"},"image":{"@id":"https:\/\/www.mpppst.gob.ve\/mpppstweb\/index.php\/2020\/11\/10\/debatiran-vertices-de-gestion-electrica-para-el-desarrollo-de-los-procesos-y-gerencias-de-corpoelec\/#primaryimage"},"thumbnailUrl":"https:\/\/www.mpppst.gob.ve\/mpppstweb\/wp-content\/uploads\/2020\/11\/e8145594-43fd-47f6-938c-2d815ab00d4f-768x427-1.jpg","datePublished":"2020-11-10T15:41:32+00:00","dateModified":"2020-11-10T15:41:33+00:00","breadcrumb":{"@id":"https:\/\/www.mpppst.gob.ve\/mpppstweb\/index.php\/2020\/11\/10\/debatiran-vertices-de-gestion-electrica-para-el-desarrollo-de-los-procesos-y-gerencias-de-corpoelec\/#breadcrumb"},"inLanguage":"es","potentialAction":[{"@type":"ReadAction","target":["https:\/\/www.mpppst.gob.ve\/mpppstweb\/index.php\/2020\/11\/10\/debatiran-vertices-de-gestion-electrica-para-el-desarrollo-de-los-procesos-y-gerencias-de-corpoelec\/"]}]},{"@type":"ImageObject","inLanguage":"es","@id":"https:\/\/www.mpppst.gob.ve\/mpppstweb\/index.php\/2020\/11\/10\/debatiran-vertices-de-gestion-electrica-para-el-desarrollo-de-los-procesos-y-gerencias-de-corpoelec\/#primaryimage","url":"https:\/\/www.mpppst.gob.ve\/mpppstweb\/wp-content\/uploads\/2020\/11\/e8145594-43fd-47f6-938c-2d815ab00d4f-768x427-1.jpg","contentUrl":"https:\/\/www.mpppst.gob.ve\/mpppstweb\/wp-content\/uploads\/2020\/11\/e8145594-43fd-47f6-938c-2d815ab00d4f-768x427-1.jpg","width":768,"height":427},{"@type":"BreadcrumbList","@id":"https:\/\/www.mpppst.gob.ve\/mpppstweb\/index.php\/2020\/11\/10\/debatiran-vertices-de-gestion-electrica-para-el-desarrollo-de-los-procesos-y-gerencias-de-corpoelec\/#breadcrumb","itemListElement":[{"@type":"ListItem","position":1,"name":"Home","item":"https:\/\/www.mpppst.gob.ve\/mpppstweb\/"},{"@type":"ListItem","position":2,"name":"Debatir\u00e1n v\u00e9rtices de gesti\u00f3n el\u00e9ctrica para el desarrollo de los procesos y gerencias de Corpoelec"}]},{"@type":"WebSite","@id":"https:\/\/www.mpppst.gob.ve\/mpppstweb\/#website","url":"https:\/\/www.mpppst.gob.ve\/mpppstweb\/","name":"MPPPST","description":"Ministerio del Poder Popular para el Proceso Social de Trabajo","publisher":{"@id":"https:\/\/www.mpppst.gob.ve\/mpppstweb\/#organization"},"potentialAction":[{"@type":"SearchAction","target":{"@type":"EntryPoint","urlTemplate":"https:\/\/www.mpppst.gob.ve\/mpppstweb\/?s={search_term_string}"},"query-input":"required name=search_term_string"}],"inLanguage":"es"},{"@type":"Organization","@id":"https:\/\/www.mpppst.gob.ve\/mpppstweb\/#organization","name":"mpppst","url":"https:\/\/www.mpppst.gob.ve\/mpppstweb\/","logo":{"@type":"ImageObject","inLanguage":"es","@id":"https:\/\/www.mpppst.gob.ve\/mpppstweb\/#\/schema\/logo\/image\/","url":"https:\/\/www.mpppst.gob.ve\/mpppstweb\/wp-content\/uploads\/2025\/07\/cropped-cropped-g910.png","contentUrl":"https:\/\/www.mpppst.gob.ve\/mpppstweb\/wp-content\/uploads\/2025\/07\/cropped-cropped-g910.png","width":1080,"height":241,"caption":"mpppst"},"image":{"@id":"https:\/\/www.mpppst.gob.ve\/mpppstweb\/#\/schema\/logo\/image\/"}},{"@type":"Person","@id":"https:\/\/www.mpppst.gob.ve\/mpppstweb\/#\/schema\/person\/fc187ee8ead412bd4c9304b62f900ea4","name":"MPPPST Prensa","url":"https:\/\/www.mpppst.gob.ve\/mpppstweb\/index.php\/author\/prensa-mpppst\/"}]}},"_links":{"self":[{"href":"https:\/\/www.mpppst.gob.ve\/mpppstweb\/index.php\/wp-json\/wp\/v2\/posts\/20455"}],"collection":[{"href":"https:\/\/www.mpppst.gob.ve\/mpppstweb\/index.php\/wp-json\/wp\/v2\/posts"}],"about":[{"href":"https:\/\/www.mpppst.gob.ve\/mpppstweb\/index.php\/wp-json\/wp\/v2\/types\/post"}],"author":[{"embeddable":true,"href":"https:\/\/www.mpppst.gob.ve\/mpppstweb\/index.php\/wp-json\/wp\/v2\/users\/25"}],"replies":[{"embeddable":true,"href":"https:\/\/www.mpppst.gob.ve\/mpppstweb\/index.php\/wp-json\/wp\/v2\/comments?post=20455"}],"version-history":[{"count":1,"href":"https:\/\/www.mpppst.gob.ve\/mpppstweb\/index.php\/wp-json\/wp\/v2\/posts\/20455\/revisions"}],"predecessor-version":[{"id":20457,"href":"https:\/\/www.mpppst.gob.ve\/mpppstweb\/index.php\/wp-json\/wp\/v2\/posts\/20455\/revisions\/20457"}],"wp:featuredmedia":[{"embeddable":true,"href":"https:\/\/www.mpppst.gob.ve\/mpppstweb\/index.php\/wp-json\/wp\/v2\/media\/20456"}],"wp:attachment":[{"href":"https:\/\/www.mpppst.gob.ve\/mpppstweb\/index.php\/wp-json\/wp\/v2\/media?parent=20455"}],"wp:term":[{"taxonomy":"category","embeddable":true,"href":"https:\/\/www.mpppst.gob.ve\/mpppstweb\/index.php\/wp-json\/wp\/v2\/categories?post=20455"},{"taxonomy":"post_tag","embeddable":true,"href":"https:\/\/www.mpppst.gob.ve\/mpppstweb\/index.php\/wp-json\/wp\/v2\/tags?post=20455"}],"curies":[{"name":"wp","href":"https:\/\/api.w.org\/{rel}","templated":true}]}}