{"id":20458,"date":"2020-11-10T11:43:21","date_gmt":"2020-11-10T15:43:21","guid":{"rendered":"http:\/\/www.mpppst.gob.ve\/mpppstweb\/?p=20458"},"modified":"2020-11-10T11:43:22","modified_gmt":"2020-11-10T15:43:22","slug":"ministro-el-aissami-evaluo-proyectos-con-voceros-de-los-cptt-del-centro-de-refinacion-paraguana","status":"publish","type":"post","link":"https:\/\/www.mpppst.gob.ve\/mpppstweb\/index.php\/2020\/11\/10\/ministro-el-aissami-evaluo-proyectos-con-voceros-de-los-cptt-del-centro-de-refinacion-paraguana\/","title":{"rendered":"Ministro El Aissami evalu\u00f3 proyectos con voceros de los CPTT del Centro de Refinaci\u00f3n Paraguan\u00e1"},"content":{"rendered":"\n<p>El ministro del Poder Popular para el Petr\u00f3leo,&nbsp;<strong>Tareck El Aissami<\/strong>, sostuvo este lunes una reuni\u00f3n de trabajo con los voceros de los&nbsp;<strong>Consejos Productivos de los Trabajadores y las Trabajadoras del Centro de Refinaci\u00f3n Paraguan\u00e1<\/strong>&nbsp;(CRP) en el estado Falc\u00f3n.<\/p>\n\n\n\n<p>En el encuentro con la clase trabajadora, celebrado en el edificio administrativo de la refiner\u00eda Card\u00f3n del CRP, las&nbsp;<strong>autoridades evaluaron proyectos, estructura, conformaci\u00f3n y revisi\u00f3n de los planes de acci\u00f3n de los CPTT, adem\u00e1s hicieron un balance de las operaciones en el Centro de Refinaci\u00f3n Paraguan\u00e1.<\/strong><\/p>\n\n\n\n<p>En la jornada de trabajo participaron el vicepresidente de Refinaci\u00f3n de Petr\u00f3leos de Venezuela (Pdvsa), Gabriel Oliveros; el gobernador de Falc\u00f3n, V\u00edctor Clark; el gerente General de CRP, Luis M\u00e1rquez; el jefe del Estado Mayor de los CPTT, Jos\u00e9 Uray, y el jefe de la Zona Operativa de Defensa Integral (ZODI) Falc\u00f3n, vicealmirante Edward Centeno.<\/p>\n\n\n\n<p>Durante la reuni\u00f3n, los voceros de los CPTT ratificaron el compromiso de la clase trabajadora petrolera que en conjunto con la Comisi\u00f3n Presidencial Al\u00ed Rodr\u00edguez Araque trabajan sin descanso en el fortalecimiento de la industria petrolera, se\u00f1ala una informaci\u00f3n proveniente del Ministerio para el Petr\u00f3leo.<\/p>\n","protected":false},"excerpt":{"rendered":"<p>El ministro del Poder Popular para el Petr\u00f3leo,&nbsp;Tareck El Aissami, sostuvo este lunes una reuni\u00f3n de &hellip; <a title=\"Ministro El Aissami evalu\u00f3 proyectos con voceros de los CPTT del Centro de Refinaci\u00f3n Paraguan\u00e1\" class=\"hm-read-more\" href=\"https:\/\/www.mpppst.gob.ve\/mpppstweb\/index.php\/2020\/11\/10\/ministro-el-aissami-evaluo-proyectos-con-voceros-de-los-cptt-del-centro-de-refinacion-paraguana\/\"><span class=\"screen-reader-text\">Ministro El Aissami evalu\u00f3 proyectos con voceros de los CPTT del Centro de Refinaci\u00f3n Paraguan\u00e1<\/span>Read more<\/a><\/p>\n","protected":false},"author":25,"featured_media":20459,"comment_status":"closed","ping_status":"closed","sticky":false,"template":"","format":"standard","meta":{"footnotes":""},"categories":[82,163],"tags":[],"yoast_head":"<!-- This site is optimized with the Yoast SEO plugin v22.5 - https:\/\/yoast.com\/wordpress\/plugins\/seo\/ -->\n<title>Ministro El Aissami evalu\u00f3 proyectos con voceros de los CPTT del Centro de Refinaci\u00f3n Paraguan\u00e1 - MPPPST<\/title>\n<meta name=\"robots\" content=\"index, follow, max-snippet:-1, max-image-preview:large, max-video-preview:-1\" \/>\n<link rel=\"canonical\" href=\"https:\/\/www.mpppst.gob.ve\/mpppstweb\/index.php\/2020\/11\/10\/ministro-el-aissami-evaluo-proyectos-con-voceros-de-los-cptt-del-centro-de-refinacion-paraguana\/\" \/>\n<meta property=\"og:locale\" content=\"es_ES\" \/>\n<meta property=\"og:type\" content=\"article\" \/>\n<meta property=\"og:title\" content=\"Ministro El Aissami evalu\u00f3 proyectos con voceros de los CPTT del Centro de Refinaci\u00f3n Paraguan\u00e1 - MPPPST\" \/>\n<meta property=\"og:description\" content=\"El ministro del Poder Popular para el Petr\u00f3leo,&nbsp;Tareck El Aissami, sostuvo este lunes una reuni\u00f3n de &hellip; Ministro El Aissami evalu\u00f3 proyectos con voceros de los CPTT del Centro de Refinaci\u00f3n Paraguan\u00e1Read more\" \/>\n<meta property=\"og:url\" content=\"https:\/\/www.mpppst.gob.ve\/mpppstweb\/index.php\/2020\/11\/10\/ministro-el-aissami-evaluo-proyectos-con-voceros-de-los-cptt-del-centro-de-refinacion-paraguana\/\" \/>\n<meta property=\"og:site_name\" content=\"MPPPST\" \/>\n<meta property=\"article:published_time\" content=\"2020-11-10T15:43:21+00:00\" \/>\n<meta property=\"article:modified_time\" content=\"2020-11-10T15:43:22+00:00\" \/>\n<meta property=\"og:image\" content=\"https:\/\/www.mpppst.gob.ve\/mpppstweb\/wp-content\/uploads\/2020\/11\/El-Aissami-768x427-1.jpg\" \/>\n\t<meta property=\"og:image:width\" content=\"768\" \/>\n\t<meta property=\"og:image:height\" content=\"427\" \/>\n\t<meta property=\"og:image:type\" content=\"image\/jpeg\" \/>\n<meta name=\"author\" content=\"MPPPST Prensa\" \/>\n<meta name=\"twitter:card\" content=\"summary_large_image\" \/>\n<meta name=\"twitter:label1\" content=\"Escrito por\" \/>\n\t<meta name=\"twitter:data1\" content=\"MPPPST Prensa\" \/>\n\t<meta name=\"twitter:label2\" content=\"Tiempo de lectura\" \/>\n\t<meta name=\"twitter:data2\" content=\"1 minuto\" \/>\n<script type=\"application\/ld+json\" class=\"yoast-schema-graph\">{\"@context\":\"https:\/\/schema.org\",\"@graph\":[{\"@type\":\"Article\",\"@id\":\"https:\/\/www.mpppst.gob.ve\/mpppstweb\/index.php\/2020\/11\/10\/ministro-el-aissami-evaluo-proyectos-con-voceros-de-los-cptt-del-centro-de-refinacion-paraguana\/#article\",\"isPartOf\":{\"@id\":\"https:\/\/www.mpppst.gob.ve\/mpppstweb\/index.php\/2020\/11\/10\/ministro-el-aissami-evaluo-proyectos-con-voceros-de-los-cptt-del-centro-de-refinacion-paraguana\/\"},\"author\":{\"name\":\"MPPPST Prensa\",\"@id\":\"https:\/\/www.mpppst.gob.ve\/mpppstweb\/#\/schema\/person\/fc187ee8ead412bd4c9304b62f900ea4\"},\"headline\":\"Ministro El Aissami evalu\u00f3 proyectos con voceros de los CPTT del Centro de Refinaci\u00f3n Paraguan\u00e1\",\"datePublished\":\"2020-11-10T15:43:21+00:00\",\"dateModified\":\"2020-11-10T15:43:22+00:00\",\"mainEntityOfPage\":{\"@id\":\"https:\/\/www.mpppst.gob.ve\/mpppstweb\/index.php\/2020\/11\/10\/ministro-el-aissami-evaluo-proyectos-con-voceros-de-los-cptt-del-centro-de-refinacion-paraguana\/\"},\"wordCount\":231,\"publisher\":{\"@id\":\"https:\/\/www.mpppst.gob.ve\/mpppstweb\/#organization\"},\"image\":{\"@id\":\"https:\/\/www.mpppst.gob.ve\/mpppstweb\/index.php\/2020\/11\/10\/ministro-el-aissami-evaluo-proyectos-con-voceros-de-los-cptt-del-centro-de-refinacion-paraguana\/#primaryimage\"},\"thumbnailUrl\":\"https:\/\/www.mpppst.gob.ve\/mpppstweb\/wp-content\/uploads\/2020\/11\/El-Aissami-768x427-1.jpg\",\"articleSection\":[\"Gobierno Nacional\",\"Noticias\"],\"inLanguage\":\"es\"},{\"@type\":\"WebPage\",\"@id\":\"https:\/\/www.mpppst.gob.ve\/mpppstweb\/index.php\/2020\/11\/10\/ministro-el-aissami-evaluo-proyectos-con-voceros-de-los-cptt-del-centro-de-refinacion-paraguana\/\",\"url\":\"https:\/\/www.mpppst.gob.ve\/mpppstweb\/index.php\/2020\/11\/10\/ministro-el-aissami-evaluo-proyectos-con-voceros-de-los-cptt-del-centro-de-refinacion-paraguana\/\",\"name\":\"Ministro El Aissami evalu\u00f3 proyectos con voceros de los CPTT del Centro de Refinaci\u00f3n Paraguan\u00e1 - MPPPST\",\"isPartOf\":{\"@id\":\"https:\/\/www.mpppst.gob.ve\/mpppstweb\/#website\"},\"primaryImageOfPage\":{\"@id\":\"https:\/\/www.mpppst.gob.ve\/mpppstweb\/index.php\/2020\/11\/10\/ministro-el-aissami-evaluo-proyectos-con-voceros-de-los-cptt-del-centro-de-refinacion-paraguana\/#primaryimage\"},\"image\":{\"@id\":\"https:\/\/www.mpppst.gob.ve\/mpppstweb\/index.php\/2020\/11\/10\/ministro-el-aissami-evaluo-proyectos-con-voceros-de-los-cptt-del-centro-de-refinacion-paraguana\/#primaryimage\"},\"thumbnailUrl\":\"https:\/\/www.mpppst.gob.ve\/mpppstweb\/wp-content\/uploads\/2020\/11\/El-Aissami-768x427-1.jpg\",\"datePublished\":\"2020-11-10T15:43:21+00:00\",\"dateModified\":\"2020-11-10T15:43:22+00:00\",\"breadcrumb\":{\"@id\":\"https:\/\/www.mpppst.gob.ve\/mpppstweb\/index.php\/2020\/11\/10\/ministro-el-aissami-evaluo-proyectos-con-voceros-de-los-cptt-del-centro-de-refinacion-paraguana\/#breadcrumb\"},\"inLanguage\":\"es\",\"potentialAction\":[{\"@type\":\"ReadAction\",\"target\":[\"https:\/\/www.mpppst.gob.ve\/mpppstweb\/index.php\/2020\/11\/10\/ministro-el-aissami-evaluo-proyectos-con-voceros-de-los-cptt-del-centro-de-refinacion-paraguana\/\"]}]},{\"@type\":\"ImageObject\",\"inLanguage\":\"es\",\"@id\":\"https:\/\/www.mpppst.gob.ve\/mpppstweb\/index.php\/2020\/11\/10\/ministro-el-aissami-evaluo-proyectos-con-voceros-de-los-cptt-del-centro-de-refinacion-paraguana\/#primaryimage\",\"url\":\"https:\/\/www.mpppst.gob.ve\/mpppstweb\/wp-content\/uploads\/2020\/11\/El-Aissami-768x427-1.jpg\",\"contentUrl\":\"https:\/\/www.mpppst.gob.ve\/mpppstweb\/wp-content\/uploads\/2020\/11\/El-Aissami-768x427-1.jpg\",\"width\":768,\"height\":427},{\"@type\":\"BreadcrumbList\",\"@id\":\"https:\/\/www.mpppst.gob.ve\/mpppstweb\/index.php\/2020\/11\/10\/ministro-el-aissami-evaluo-proyectos-con-voceros-de-los-cptt-del-centro-de-refinacion-paraguana\/#breadcrumb\",\"itemListElement\":[{\"@type\":\"ListItem\",\"position\":1,\"name\":\"Home\",\"item\":\"https:\/\/www.mpppst.gob.ve\/mpppstweb\/\"},{\"@type\":\"ListItem\",\"position\":2,\"name\":\"Ministro El Aissami evalu\u00f3 proyectos con voceros de los CPTT del Centro de Refinaci\u00f3n Paraguan\u00e1\"}]},{\"@type\":\"WebSite\",\"@id\":\"https:\/\/www.mpppst.gob.ve\/mpppstweb\/#website\",\"url\":\"https:\/\/www.mpppst.gob.ve\/mpppstweb\/\",\"name\":\"MPPPST\",\"description\":\"Ministerio del Poder Popular para el Proceso Social de Trabajo\",\"publisher\":{\"@id\":\"https:\/\/www.mpppst.gob.ve\/mpppstweb\/#organization\"},\"potentialAction\":[{\"@type\":\"SearchAction\",\"target\":{\"@type\":\"EntryPoint\",\"urlTemplate\":\"https:\/\/www.mpppst.gob.ve\/mpppstweb\/?s={search_term_string}\"},\"query-input\":\"required name=search_term_string\"}],\"inLanguage\":\"es\"},{\"@type\":\"Organization\",\"@id\":\"https:\/\/www.mpppst.gob.ve\/mpppstweb\/#organization\",\"name\":\"mpppst\",\"url\":\"https:\/\/www.mpppst.gob.ve\/mpppstweb\/\",\"logo\":{\"@type\":\"ImageObject\",\"inLanguage\":\"es\",\"@id\":\"https:\/\/www.mpppst.gob.ve\/mpppstweb\/#\/schema\/logo\/image\/\",\"url\":\"https:\/\/www.mpppst.gob.ve\/mpppstweb\/wp-content\/uploads\/2025\/07\/cropped-cropped-g910.png\",\"contentUrl\":\"https:\/\/www.mpppst.gob.ve\/mpppstweb\/wp-content\/uploads\/2025\/07\/cropped-cropped-g910.png\",\"width\":1080,\"height\":241,\"caption\":\"mpppst\"},\"image\":{\"@id\":\"https:\/\/www.mpppst.gob.ve\/mpppstweb\/#\/schema\/logo\/image\/\"}},{\"@type\":\"Person\",\"@id\":\"https:\/\/www.mpppst.gob.ve\/mpppstweb\/#\/schema\/person\/fc187ee8ead412bd4c9304b62f900ea4\",\"name\":\"MPPPST Prensa\",\"url\":\"https:\/\/www.mpppst.gob.ve\/mpppstweb\/index.php\/author\/prensa-mpppst\/\"}]}<\/script>\n<!-- \/ Yoast SEO plugin. -->","yoast_head_json":{"title":"Ministro El Aissami evalu\u00f3 proyectos con voceros de los CPTT del Centro de Refinaci\u00f3n Paraguan\u00e1 - MPPPST","robots":{"index":"index","follow":"follow","max-snippet":"max-snippet:-1","max-image-preview":"max-image-preview:large","max-video-preview":"max-video-preview:-1"},"canonical":"https:\/\/www.mpppst.gob.ve\/mpppstweb\/index.php\/2020\/11\/10\/ministro-el-aissami-evaluo-proyectos-con-voceros-de-los-cptt-del-centro-de-refinacion-paraguana\/","og_locale":"es_ES","og_type":"article","og_title":"Ministro El Aissami evalu\u00f3 proyectos con voceros de los CPTT del Centro de Refinaci\u00f3n Paraguan\u00e1 - MPPPST","og_description":"El ministro del Poder Popular para el Petr\u00f3leo,&nbsp;Tareck El Aissami, sostuvo este lunes una reuni\u00f3n de &hellip; Ministro El Aissami evalu\u00f3 proyectos con voceros de los CPTT del Centro de Refinaci\u00f3n Paraguan\u00e1Read more","og_url":"https:\/\/www.mpppst.gob.ve\/mpppstweb\/index.php\/2020\/11\/10\/ministro-el-aissami-evaluo-proyectos-con-voceros-de-los-cptt-del-centro-de-refinacion-paraguana\/","og_site_name":"MPPPST","article_published_time":"2020-11-10T15:43:21+00:00","article_modified_time":"2020-11-10T15:43:22+00:00","og_image":[{"width":768,"height":427,"url":"https:\/\/www.mpppst.gob.ve\/mpppstweb\/wp-content\/uploads\/2020\/11\/El-Aissami-768x427-1.jpg","type":"image\/jpeg"}],"author":"MPPPST Prensa","twitter_card":"summary_large_image","twitter_misc":{"Escrito por":"MPPPST Prensa","Tiempo de lectura":"1 minuto"},"schema":{"@context":"https:\/\/schema.org","@graph":[{"@type":"Article","@id":"https:\/\/www.mpppst.gob.ve\/mpppstweb\/index.php\/2020\/11\/10\/ministro-el-aissami-evaluo-proyectos-con-voceros-de-los-cptt-del-centro-de-refinacion-paraguana\/#article","isPartOf":{"@id":"https:\/\/www.mpppst.gob.ve\/mpppstweb\/index.php\/2020\/11\/10\/ministro-el-aissami-evaluo-proyectos-con-voceros-de-los-cptt-del-centro-de-refinacion-paraguana\/"},"author":{"name":"MPPPST Prensa","@id":"https:\/\/www.mpppst.gob.ve\/mpppstweb\/#\/schema\/person\/fc187ee8ead412bd4c9304b62f900ea4"},"headline":"Ministro El Aissami evalu\u00f3 proyectos con voceros de los CPTT del Centro de Refinaci\u00f3n Paraguan\u00e1","datePublished":"2020-11-10T15:43:21+00:00","dateModified":"2020-11-10T15:43:22+00:00","mainEntityOfPage":{"@id":"https:\/\/www.mpppst.gob.ve\/mpppstweb\/index.php\/2020\/11\/10\/ministro-el-aissami-evaluo-proyectos-con-voceros-de-los-cptt-del-centro-de-refinacion-paraguana\/"},"wordCount":231,"publisher":{"@id":"https:\/\/www.mpppst.gob.ve\/mpppstweb\/#organization"},"image":{"@id":"https:\/\/www.mpppst.gob.ve\/mpppstweb\/index.php\/2020\/11\/10\/ministro-el-aissami-evaluo-proyectos-con-voceros-de-los-cptt-del-centro-de-refinacion-paraguana\/#primaryimage"},"thumbnailUrl":"https:\/\/www.mpppst.gob.ve\/mpppstweb\/wp-content\/uploads\/2020\/11\/El-Aissami-768x427-1.jpg","articleSection":["Gobierno Nacional","Noticias"],"inLanguage":"es"},{"@type":"WebPage","@id":"https:\/\/www.mpppst.gob.ve\/mpppstweb\/index.php\/2020\/11\/10\/ministro-el-aissami-evaluo-proyectos-con-voceros-de-los-cptt-del-centro-de-refinacion-paraguana\/","url":"https:\/\/www.mpppst.gob.ve\/mpppstweb\/index.php\/2020\/11\/10\/ministro-el-aissami-evaluo-proyectos-con-voceros-de-los-cptt-del-centro-de-refinacion-paraguana\/","name":"Ministro El Aissami evalu\u00f3 proyectos con voceros de los CPTT del Centro de Refinaci\u00f3n Paraguan\u00e1 - MPPPST","isPartOf":{"@id":"https:\/\/www.mpppst.gob.ve\/mpppstweb\/#website"},"primaryImageOfPage":{"@id":"https:\/\/www.mpppst.gob.ve\/mpppstweb\/index.php\/2020\/11\/10\/ministro-el-aissami-evaluo-proyectos-con-voceros-de-los-cptt-del-centro-de-refinacion-paraguana\/#primaryimage"},"image":{"@id":"https:\/\/www.mpppst.gob.ve\/mpppstweb\/index.php\/2020\/11\/10\/ministro-el-aissami-evaluo-proyectos-con-voceros-de-los-cptt-del-centro-de-refinacion-paraguana\/#primaryimage"},"thumbnailUrl":"https:\/\/www.mpppst.gob.ve\/mpppstweb\/wp-content\/uploads\/2020\/11\/El-Aissami-768x427-1.jpg","datePublished":"2020-11-10T15:43:21+00:00","dateModified":"2020-11-10T15:43:22+00:00","breadcrumb":{"@id":"https:\/\/www.mpppst.gob.ve\/mpppstweb\/index.php\/2020\/11\/10\/ministro-el-aissami-evaluo-proyectos-con-voceros-de-los-cptt-del-centro-de-refinacion-paraguana\/#breadcrumb"},"inLanguage":"es","potentialAction":[{"@type":"ReadAction","target":["https:\/\/www.mpppst.gob.ve\/mpppstweb\/index.php\/2020\/11\/10\/ministro-el-aissami-evaluo-proyectos-con-voceros-de-los-cptt-del-centro-de-refinacion-paraguana\/"]}]},{"@type":"ImageObject","inLanguage":"es","@id":"https:\/\/www.mpppst.gob.ve\/mpppstweb\/index.php\/2020\/11\/10\/ministro-el-aissami-evaluo-proyectos-con-voceros-de-los-cptt-del-centro-de-refinacion-paraguana\/#primaryimage","url":"https:\/\/www.mpppst.gob.ve\/mpppstweb\/wp-content\/uploads\/2020\/11\/El-Aissami-768x427-1.jpg","contentUrl":"https:\/\/www.mpppst.gob.ve\/mpppstweb\/wp-content\/uploads\/2020\/11\/El-Aissami-768x427-1.jpg","width":768,"height":427},{"@type":"BreadcrumbList","@id":"https:\/\/www.mpppst.gob.ve\/mpppstweb\/index.php\/2020\/11\/10\/ministro-el-aissami-evaluo-proyectos-con-voceros-de-los-cptt-del-centro-de-refinacion-paraguana\/#breadcrumb","itemListElement":[{"@type":"ListItem","position":1,"name":"Home","item":"https:\/\/www.mpppst.gob.ve\/mpppstweb\/"},{"@type":"ListItem","position":2,"name":"Ministro El Aissami evalu\u00f3 proyectos con voceros de los CPTT del Centro de Refinaci\u00f3n Paraguan\u00e1"}]},{"@type":"WebSite","@id":"https:\/\/www.mpppst.gob.ve\/mpppstweb\/#website","url":"https:\/\/www.mpppst.gob.ve\/mpppstweb\/","name":"MPPPST","description":"Ministerio del Poder Popular para el Proceso Social de Trabajo","publisher":{"@id":"https:\/\/www.mpppst.gob.ve\/mpppstweb\/#organization"},"potentialAction":[{"@type":"SearchAction","target":{"@type":"EntryPoint","urlTemplate":"https:\/\/www.mpppst.gob.ve\/mpppstweb\/?s={search_term_string}"},"query-input":"required name=search_term_string"}],"inLanguage":"es"},{"@type":"Organization","@id":"https:\/\/www.mpppst.gob.ve\/mpppstweb\/#organization","name":"mpppst","url":"https:\/\/www.mpppst.gob.ve\/mpppstweb\/","logo":{"@type":"ImageObject","inLanguage":"es","@id":"https:\/\/www.mpppst.gob.ve\/mpppstweb\/#\/schema\/logo\/image\/","url":"https:\/\/www.mpppst.gob.ve\/mpppstweb\/wp-content\/uploads\/2025\/07\/cropped-cropped-g910.png","contentUrl":"https:\/\/www.mpppst.gob.ve\/mpppstweb\/wp-content\/uploads\/2025\/07\/cropped-cropped-g910.png","width":1080,"height":241,"caption":"mpppst"},"image":{"@id":"https:\/\/www.mpppst.gob.ve\/mpppstweb\/#\/schema\/logo\/image\/"}},{"@type":"Person","@id":"https:\/\/www.mpppst.gob.ve\/mpppstweb\/#\/schema\/person\/fc187ee8ead412bd4c9304b62f900ea4","name":"MPPPST Prensa","url":"https:\/\/www.mpppst.gob.ve\/mpppstweb\/index.php\/author\/prensa-mpppst\/"}]}},"_links":{"self":[{"href":"https:\/\/www.mpppst.gob.ve\/mpppstweb\/index.php\/wp-json\/wp\/v2\/posts\/20458"}],"collection":[{"href":"https:\/\/www.mpppst.gob.ve\/mpppstweb\/index.php\/wp-json\/wp\/v2\/posts"}],"about":[{"href":"https:\/\/www.mpppst.gob.ve\/mpppstweb\/index.php\/wp-json\/wp\/v2\/types\/post"}],"author":[{"embeddable":true,"href":"https:\/\/www.mpppst.gob.ve\/mpppstweb\/index.php\/wp-json\/wp\/v2\/users\/25"}],"replies":[{"embeddable":true,"href":"https:\/\/www.mpppst.gob.ve\/mpppstweb\/index.php\/wp-json\/wp\/v2\/comments?post=20458"}],"version-history":[{"count":1,"href":"https:\/\/www.mpppst.gob.ve\/mpppstweb\/index.php\/wp-json\/wp\/v2\/posts\/20458\/revisions"}],"predecessor-version":[{"id":20460,"href":"https:\/\/www.mpppst.gob.ve\/mpppstweb\/index.php\/wp-json\/wp\/v2\/posts\/20458\/revisions\/20460"}],"wp:featuredmedia":[{"embeddable":true,"href":"https:\/\/www.mpppst.gob.ve\/mpppstweb\/index.php\/wp-json\/wp\/v2\/media\/20459"}],"wp:attachment":[{"href":"https:\/\/www.mpppst.gob.ve\/mpppstweb\/index.php\/wp-json\/wp\/v2\/media?parent=20458"}],"wp:term":[{"taxonomy":"category","embeddable":true,"href":"https:\/\/www.mpppst.gob.ve\/mpppstweb\/index.php\/wp-json\/wp\/v2\/categories?post=20458"},{"taxonomy":"post_tag","embeddable":true,"href":"https:\/\/www.mpppst.gob.ve\/mpppstweb\/index.php\/wp-json\/wp\/v2\/tags?post=20458"}],"curies":[{"name":"wp","href":"https:\/\/api.w.org\/{rel}","templated":true}]}}