{"id":20543,"date":"2020-11-19T10:08:55","date_gmt":"2020-11-19T14:08:55","guid":{"rendered":"http:\/\/www.mpppst.gob.ve\/mpppstweb\/?p=20543"},"modified":"2020-11-19T10:08:55","modified_gmt":"2020-11-19T14:08:55","slug":"decretado-12-de-marzo-como-dia-nacional-de-la-alimentacion","status":"publish","type":"post","link":"https:\/\/www.mpppst.gob.ve\/mpppstweb\/index.php\/2020\/11\/19\/decretado-12-de-marzo-como-dia-nacional-de-la-alimentacion\/","title":{"rendered":"Decretado 12 de marzo como D\u00eda Nacional de la Alimentaci\u00f3n"},"content":{"rendered":"\n<p>El&nbsp;<strong>presidente de la Rep\u00fablica, Nicol\u00e1s Maduro<\/strong>, decret\u00f3 el 12 de marzo como D\u00eda Nacional de la Alimentaci\u00f3n.<\/p>\n\n\n\n<p>El anuncio lo realiz\u00f3 este mi\u00e9rcoles en una jornada de producci\u00f3n, transmitida por el canal Venezolana de Televisi\u00f3n (VTV), en la que destac\u00f3 que la decisi\u00f3n es un homenaje a los&nbsp;<strong>Comit\u00e9s Locales de Abastecimiento y Producci\u00f3n<\/strong>&nbsp;(CLAP).<\/p>\n\n\n\n<p>\u201cA partir del pr\u00f3ximo a\u00f1o, el 12 de marzo ser\u00e1 el D\u00eda de la Alimentaci\u00f3n en Venezuela, todos los 12 de marzo, en homenaje al pueblo CLAP\u201d, expres\u00f3 el mandatario.<\/p>\n\n\n\n<p>En Venezuela se conmemora el&nbsp;<strong>D\u00eda de la Alimentaci\u00f3n<\/strong>&nbsp;desde 1951, para fomentar la buena alimentaci\u00f3n de las personas, cita el el Instituto Nacional de Estad\u00edstica (INE).<\/p>\n\n\n\n<p>Igualmente, el jefe de Estado explic\u00f3 que los comit\u00e9s de alimentaci\u00f3n atienden a 6.900.000 de familias al mes en el pa\u00eds, a pesar del bloqueo.<\/p>\n\n\n\n<p>Desde \u201c<strong>M\u00e9xico, Panam\u00e1 y Brasil<\/strong>&nbsp;se importaban un aproximado de seis millones de cajas con 24 productos, y otras seis millones eran de producci\u00f3n nacional\u201d.<\/p>\n\n\n\n<p>\u201cEl gobierno de Estados Unidos con la oposici\u00f3n golpista lograron parar la venta de esas de un d\u00eda para otro\u201d. Sin embargo, afirm\u00f3 que van a estabilizar los&nbsp;<strong>CLAP<\/strong>.<\/p>\n\n\n\n<p>\u201cEs lo que estamos haciendo con trabajo\u201d, indic\u00f3 Maduro.<\/p>\n\n\n\n<p>Prensa Web RNV<\/p>\n","protected":false},"excerpt":{"rendered":"<p>El&nbsp;presidente de la Rep\u00fablica, Nicol\u00e1s Maduro, decret\u00f3 el 12 de marzo como D\u00eda Nacional de la &hellip; <a title=\"Decretado 12 de marzo como D\u00eda Nacional de la Alimentaci\u00f3n\" class=\"hm-read-more\" href=\"https:\/\/www.mpppst.gob.ve\/mpppstweb\/index.php\/2020\/11\/19\/decretado-12-de-marzo-como-dia-nacional-de-la-alimentacion\/\"><span class=\"screen-reader-text\">Decretado 12 de marzo como D\u00eda Nacional de la Alimentaci\u00f3n<\/span>Read more<\/a><\/p>\n","protected":false},"author":25,"featured_media":20544,"comment_status":"closed","ping_status":"closed","sticky":false,"template":"","format":"standard","meta":{"footnotes":""},"categories":[82,163],"tags":[],"yoast_head":"<!-- This site is optimized with the Yoast SEO plugin v22.5 - https:\/\/yoast.com\/wordpress\/plugins\/seo\/ -->\n<title>Decretado 12 de marzo como D\u00eda Nacional de la Alimentaci\u00f3n - MPPPST<\/title>\n<meta name=\"robots\" content=\"index, follow, max-snippet:-1, max-image-preview:large, max-video-preview:-1\" \/>\n<link rel=\"canonical\" href=\"https:\/\/www.mpppst.gob.ve\/mpppstweb\/index.php\/2020\/11\/19\/decretado-12-de-marzo-como-dia-nacional-de-la-alimentacion\/\" \/>\n<meta property=\"og:locale\" content=\"es_ES\" \/>\n<meta property=\"og:type\" content=\"article\" \/>\n<meta property=\"og:title\" content=\"Decretado 12 de marzo como D\u00eda Nacional de la Alimentaci\u00f3n - MPPPST\" \/>\n<meta property=\"og:description\" content=\"El&nbsp;presidente de la Rep\u00fablica, Nicol\u00e1s Maduro, decret\u00f3 el 12 de marzo como D\u00eda Nacional de la &hellip; Decretado 12 de marzo como D\u00eda Nacional de la Alimentaci\u00f3nRead more\" \/>\n<meta property=\"og:url\" content=\"https:\/\/www.mpppst.gob.ve\/mpppstweb\/index.php\/2020\/11\/19\/decretado-12-de-marzo-como-dia-nacional-de-la-alimentacion\/\" \/>\n<meta property=\"og:site_name\" content=\"MPPPST\" \/>\n<meta property=\"article:published_time\" content=\"2020-11-19T14:08:55+00:00\" \/>\n<meta property=\"og:image\" content=\"https:\/\/www.mpppst.gob.ve\/mpppstweb\/wp-content\/uploads\/2020\/11\/Maduro-5.jpg\" \/>\n\t<meta property=\"og:image:width\" content=\"960\" \/>\n\t<meta property=\"og:image:height\" content=\"640\" \/>\n\t<meta property=\"og:image:type\" content=\"image\/jpeg\" \/>\n<meta name=\"author\" content=\"MPPPST Prensa\" \/>\n<meta name=\"twitter:card\" content=\"summary_large_image\" \/>\n<meta name=\"twitter:label1\" content=\"Escrito por\" \/>\n\t<meta name=\"twitter:data1\" content=\"MPPPST Prensa\" \/>\n\t<meta name=\"twitter:label2\" content=\"Tiempo de lectura\" \/>\n\t<meta name=\"twitter:data2\" content=\"1 minuto\" \/>\n<script type=\"application\/ld+json\" class=\"yoast-schema-graph\">{\"@context\":\"https:\/\/schema.org\",\"@graph\":[{\"@type\":\"Article\",\"@id\":\"https:\/\/www.mpppst.gob.ve\/mpppstweb\/index.php\/2020\/11\/19\/decretado-12-de-marzo-como-dia-nacional-de-la-alimentacion\/#article\",\"isPartOf\":{\"@id\":\"https:\/\/www.mpppst.gob.ve\/mpppstweb\/index.php\/2020\/11\/19\/decretado-12-de-marzo-como-dia-nacional-de-la-alimentacion\/\"},\"author\":{\"name\":\"MPPPST Prensa\",\"@id\":\"https:\/\/www.mpppst.gob.ve\/mpppstweb\/#\/schema\/person\/fc187ee8ead412bd4c9304b62f900ea4\"},\"headline\":\"Decretado 12 de marzo como D\u00eda Nacional de la Alimentaci\u00f3n\",\"datePublished\":\"2020-11-19T14:08:55+00:00\",\"dateModified\":\"2020-11-19T14:08:55+00:00\",\"mainEntityOfPage\":{\"@id\":\"https:\/\/www.mpppst.gob.ve\/mpppstweb\/index.php\/2020\/11\/19\/decretado-12-de-marzo-como-dia-nacional-de-la-alimentacion\/\"},\"wordCount\":241,\"publisher\":{\"@id\":\"https:\/\/www.mpppst.gob.ve\/mpppstweb\/#organization\"},\"image\":{\"@id\":\"https:\/\/www.mpppst.gob.ve\/mpppstweb\/index.php\/2020\/11\/19\/decretado-12-de-marzo-como-dia-nacional-de-la-alimentacion\/#primaryimage\"},\"thumbnailUrl\":\"https:\/\/www.mpppst.gob.ve\/mpppstweb\/wp-content\/uploads\/2020\/11\/Maduro-5.jpg\",\"articleSection\":[\"Gobierno Nacional\",\"Noticias\"],\"inLanguage\":\"es\"},{\"@type\":\"WebPage\",\"@id\":\"https:\/\/www.mpppst.gob.ve\/mpppstweb\/index.php\/2020\/11\/19\/decretado-12-de-marzo-como-dia-nacional-de-la-alimentacion\/\",\"url\":\"https:\/\/www.mpppst.gob.ve\/mpppstweb\/index.php\/2020\/11\/19\/decretado-12-de-marzo-como-dia-nacional-de-la-alimentacion\/\",\"name\":\"Decretado 12 de marzo como D\u00eda Nacional de la Alimentaci\u00f3n - MPPPST\",\"isPartOf\":{\"@id\":\"https:\/\/www.mpppst.gob.ve\/mpppstweb\/#website\"},\"primaryImageOfPage\":{\"@id\":\"https:\/\/www.mpppst.gob.ve\/mpppstweb\/index.php\/2020\/11\/19\/decretado-12-de-marzo-como-dia-nacional-de-la-alimentacion\/#primaryimage\"},\"image\":{\"@id\":\"https:\/\/www.mpppst.gob.ve\/mpppstweb\/index.php\/2020\/11\/19\/decretado-12-de-marzo-como-dia-nacional-de-la-alimentacion\/#primaryimage\"},\"thumbnailUrl\":\"https:\/\/www.mpppst.gob.ve\/mpppstweb\/wp-content\/uploads\/2020\/11\/Maduro-5.jpg\",\"datePublished\":\"2020-11-19T14:08:55+00:00\",\"dateModified\":\"2020-11-19T14:08:55+00:00\",\"breadcrumb\":{\"@id\":\"https:\/\/www.mpppst.gob.ve\/mpppstweb\/index.php\/2020\/11\/19\/decretado-12-de-marzo-como-dia-nacional-de-la-alimentacion\/#breadcrumb\"},\"inLanguage\":\"es\",\"potentialAction\":[{\"@type\":\"ReadAction\",\"target\":[\"https:\/\/www.mpppst.gob.ve\/mpppstweb\/index.php\/2020\/11\/19\/decretado-12-de-marzo-como-dia-nacional-de-la-alimentacion\/\"]}]},{\"@type\":\"ImageObject\",\"inLanguage\":\"es\",\"@id\":\"https:\/\/www.mpppst.gob.ve\/mpppstweb\/index.php\/2020\/11\/19\/decretado-12-de-marzo-como-dia-nacional-de-la-alimentacion\/#primaryimage\",\"url\":\"https:\/\/www.mpppst.gob.ve\/mpppstweb\/wp-content\/uploads\/2020\/11\/Maduro-5.jpg\",\"contentUrl\":\"https:\/\/www.mpppst.gob.ve\/mpppstweb\/wp-content\/uploads\/2020\/11\/Maduro-5.jpg\",\"width\":960,\"height\":640},{\"@type\":\"BreadcrumbList\",\"@id\":\"https:\/\/www.mpppst.gob.ve\/mpppstweb\/index.php\/2020\/11\/19\/decretado-12-de-marzo-como-dia-nacional-de-la-alimentacion\/#breadcrumb\",\"itemListElement\":[{\"@type\":\"ListItem\",\"position\":1,\"name\":\"Home\",\"item\":\"https:\/\/www.mpppst.gob.ve\/mpppstweb\/\"},{\"@type\":\"ListItem\",\"position\":2,\"name\":\"Decretado 12 de marzo como D\u00eda Nacional de la Alimentaci\u00f3n\"}]},{\"@type\":\"WebSite\",\"@id\":\"https:\/\/www.mpppst.gob.ve\/mpppstweb\/#website\",\"url\":\"https:\/\/www.mpppst.gob.ve\/mpppstweb\/\",\"name\":\"MPPPST\",\"description\":\"Ministerio del Poder Popular para el Proceso Social de Trabajo\",\"publisher\":{\"@id\":\"https:\/\/www.mpppst.gob.ve\/mpppstweb\/#organization\"},\"potentialAction\":[{\"@type\":\"SearchAction\",\"target\":{\"@type\":\"EntryPoint\",\"urlTemplate\":\"https:\/\/www.mpppst.gob.ve\/mpppstweb\/?s={search_term_string}\"},\"query-input\":\"required name=search_term_string\"}],\"inLanguage\":\"es\"},{\"@type\":\"Organization\",\"@id\":\"https:\/\/www.mpppst.gob.ve\/mpppstweb\/#organization\",\"name\":\"mpppst\",\"url\":\"https:\/\/www.mpppst.gob.ve\/mpppstweb\/\",\"logo\":{\"@type\":\"ImageObject\",\"inLanguage\":\"es\",\"@id\":\"https:\/\/www.mpppst.gob.ve\/mpppstweb\/#\/schema\/logo\/image\/\",\"url\":\"https:\/\/www.mpppst.gob.ve\/mpppstweb\/wp-content\/uploads\/2025\/07\/cropped-cropped-g910.png\",\"contentUrl\":\"https:\/\/www.mpppst.gob.ve\/mpppstweb\/wp-content\/uploads\/2025\/07\/cropped-cropped-g910.png\",\"width\":1080,\"height\":241,\"caption\":\"mpppst\"},\"image\":{\"@id\":\"https:\/\/www.mpppst.gob.ve\/mpppstweb\/#\/schema\/logo\/image\/\"}},{\"@type\":\"Person\",\"@id\":\"https:\/\/www.mpppst.gob.ve\/mpppstweb\/#\/schema\/person\/fc187ee8ead412bd4c9304b62f900ea4\",\"name\":\"MPPPST Prensa\",\"url\":\"https:\/\/www.mpppst.gob.ve\/mpppstweb\/index.php\/author\/prensa-mpppst\/\"}]}<\/script>\n<!-- \/ Yoast SEO plugin. -->","yoast_head_json":{"title":"Decretado 12 de marzo como D\u00eda Nacional de la Alimentaci\u00f3n - MPPPST","robots":{"index":"index","follow":"follow","max-snippet":"max-snippet:-1","max-image-preview":"max-image-preview:large","max-video-preview":"max-video-preview:-1"},"canonical":"https:\/\/www.mpppst.gob.ve\/mpppstweb\/index.php\/2020\/11\/19\/decretado-12-de-marzo-como-dia-nacional-de-la-alimentacion\/","og_locale":"es_ES","og_type":"article","og_title":"Decretado 12 de marzo como D\u00eda Nacional de la Alimentaci\u00f3n - MPPPST","og_description":"El&nbsp;presidente de la Rep\u00fablica, Nicol\u00e1s Maduro, decret\u00f3 el 12 de marzo como D\u00eda Nacional de la &hellip; Decretado 12 de marzo como D\u00eda Nacional de la Alimentaci\u00f3nRead more","og_url":"https:\/\/www.mpppst.gob.ve\/mpppstweb\/index.php\/2020\/11\/19\/decretado-12-de-marzo-como-dia-nacional-de-la-alimentacion\/","og_site_name":"MPPPST","article_published_time":"2020-11-19T14:08:55+00:00","og_image":[{"width":960,"height":640,"url":"https:\/\/www.mpppst.gob.ve\/mpppstweb\/wp-content\/uploads\/2020\/11\/Maduro-5.jpg","type":"image\/jpeg"}],"author":"MPPPST Prensa","twitter_card":"summary_large_image","twitter_misc":{"Escrito por":"MPPPST Prensa","Tiempo de lectura":"1 minuto"},"schema":{"@context":"https:\/\/schema.org","@graph":[{"@type":"Article","@id":"https:\/\/www.mpppst.gob.ve\/mpppstweb\/index.php\/2020\/11\/19\/decretado-12-de-marzo-como-dia-nacional-de-la-alimentacion\/#article","isPartOf":{"@id":"https:\/\/www.mpppst.gob.ve\/mpppstweb\/index.php\/2020\/11\/19\/decretado-12-de-marzo-como-dia-nacional-de-la-alimentacion\/"},"author":{"name":"MPPPST Prensa","@id":"https:\/\/www.mpppst.gob.ve\/mpppstweb\/#\/schema\/person\/fc187ee8ead412bd4c9304b62f900ea4"},"headline":"Decretado 12 de marzo como D\u00eda Nacional de la Alimentaci\u00f3n","datePublished":"2020-11-19T14:08:55+00:00","dateModified":"2020-11-19T14:08:55+00:00","mainEntityOfPage":{"@id":"https:\/\/www.mpppst.gob.ve\/mpppstweb\/index.php\/2020\/11\/19\/decretado-12-de-marzo-como-dia-nacional-de-la-alimentacion\/"},"wordCount":241,"publisher":{"@id":"https:\/\/www.mpppst.gob.ve\/mpppstweb\/#organization"},"image":{"@id":"https:\/\/www.mpppst.gob.ve\/mpppstweb\/index.php\/2020\/11\/19\/decretado-12-de-marzo-como-dia-nacional-de-la-alimentacion\/#primaryimage"},"thumbnailUrl":"https:\/\/www.mpppst.gob.ve\/mpppstweb\/wp-content\/uploads\/2020\/11\/Maduro-5.jpg","articleSection":["Gobierno Nacional","Noticias"],"inLanguage":"es"},{"@type":"WebPage","@id":"https:\/\/www.mpppst.gob.ve\/mpppstweb\/index.php\/2020\/11\/19\/decretado-12-de-marzo-como-dia-nacional-de-la-alimentacion\/","url":"https:\/\/www.mpppst.gob.ve\/mpppstweb\/index.php\/2020\/11\/19\/decretado-12-de-marzo-como-dia-nacional-de-la-alimentacion\/","name":"Decretado 12 de marzo como D\u00eda Nacional de la Alimentaci\u00f3n - MPPPST","isPartOf":{"@id":"https:\/\/www.mpppst.gob.ve\/mpppstweb\/#website"},"primaryImageOfPage":{"@id":"https:\/\/www.mpppst.gob.ve\/mpppstweb\/index.php\/2020\/11\/19\/decretado-12-de-marzo-como-dia-nacional-de-la-alimentacion\/#primaryimage"},"image":{"@id":"https:\/\/www.mpppst.gob.ve\/mpppstweb\/index.php\/2020\/11\/19\/decretado-12-de-marzo-como-dia-nacional-de-la-alimentacion\/#primaryimage"},"thumbnailUrl":"https:\/\/www.mpppst.gob.ve\/mpppstweb\/wp-content\/uploads\/2020\/11\/Maduro-5.jpg","datePublished":"2020-11-19T14:08:55+00:00","dateModified":"2020-11-19T14:08:55+00:00","breadcrumb":{"@id":"https:\/\/www.mpppst.gob.ve\/mpppstweb\/index.php\/2020\/11\/19\/decretado-12-de-marzo-como-dia-nacional-de-la-alimentacion\/#breadcrumb"},"inLanguage":"es","potentialAction":[{"@type":"ReadAction","target":["https:\/\/www.mpppst.gob.ve\/mpppstweb\/index.php\/2020\/11\/19\/decretado-12-de-marzo-como-dia-nacional-de-la-alimentacion\/"]}]},{"@type":"ImageObject","inLanguage":"es","@id":"https:\/\/www.mpppst.gob.ve\/mpppstweb\/index.php\/2020\/11\/19\/decretado-12-de-marzo-como-dia-nacional-de-la-alimentacion\/#primaryimage","url":"https:\/\/www.mpppst.gob.ve\/mpppstweb\/wp-content\/uploads\/2020\/11\/Maduro-5.jpg","contentUrl":"https:\/\/www.mpppst.gob.ve\/mpppstweb\/wp-content\/uploads\/2020\/11\/Maduro-5.jpg","width":960,"height":640},{"@type":"BreadcrumbList","@id":"https:\/\/www.mpppst.gob.ve\/mpppstweb\/index.php\/2020\/11\/19\/decretado-12-de-marzo-como-dia-nacional-de-la-alimentacion\/#breadcrumb","itemListElement":[{"@type":"ListItem","position":1,"name":"Home","item":"https:\/\/www.mpppst.gob.ve\/mpppstweb\/"},{"@type":"ListItem","position":2,"name":"Decretado 12 de marzo como D\u00eda Nacional de la Alimentaci\u00f3n"}]},{"@type":"WebSite","@id":"https:\/\/www.mpppst.gob.ve\/mpppstweb\/#website","url":"https:\/\/www.mpppst.gob.ve\/mpppstweb\/","name":"MPPPST","description":"Ministerio del Poder Popular para el Proceso Social de Trabajo","publisher":{"@id":"https:\/\/www.mpppst.gob.ve\/mpppstweb\/#organization"},"potentialAction":[{"@type":"SearchAction","target":{"@type":"EntryPoint","urlTemplate":"https:\/\/www.mpppst.gob.ve\/mpppstweb\/?s={search_term_string}"},"query-input":"required name=search_term_string"}],"inLanguage":"es"},{"@type":"Organization","@id":"https:\/\/www.mpppst.gob.ve\/mpppstweb\/#organization","name":"mpppst","url":"https:\/\/www.mpppst.gob.ve\/mpppstweb\/","logo":{"@type":"ImageObject","inLanguage":"es","@id":"https:\/\/www.mpppst.gob.ve\/mpppstweb\/#\/schema\/logo\/image\/","url":"https:\/\/www.mpppst.gob.ve\/mpppstweb\/wp-content\/uploads\/2025\/07\/cropped-cropped-g910.png","contentUrl":"https:\/\/www.mpppst.gob.ve\/mpppstweb\/wp-content\/uploads\/2025\/07\/cropped-cropped-g910.png","width":1080,"height":241,"caption":"mpppst"},"image":{"@id":"https:\/\/www.mpppst.gob.ve\/mpppstweb\/#\/schema\/logo\/image\/"}},{"@type":"Person","@id":"https:\/\/www.mpppst.gob.ve\/mpppstweb\/#\/schema\/person\/fc187ee8ead412bd4c9304b62f900ea4","name":"MPPPST Prensa","url":"https:\/\/www.mpppst.gob.ve\/mpppstweb\/index.php\/author\/prensa-mpppst\/"}]}},"_links":{"self":[{"href":"https:\/\/www.mpppst.gob.ve\/mpppstweb\/index.php\/wp-json\/wp\/v2\/posts\/20543"}],"collection":[{"href":"https:\/\/www.mpppst.gob.ve\/mpppstweb\/index.php\/wp-json\/wp\/v2\/posts"}],"about":[{"href":"https:\/\/www.mpppst.gob.ve\/mpppstweb\/index.php\/wp-json\/wp\/v2\/types\/post"}],"author":[{"embeddable":true,"href":"https:\/\/www.mpppst.gob.ve\/mpppstweb\/index.php\/wp-json\/wp\/v2\/users\/25"}],"replies":[{"embeddable":true,"href":"https:\/\/www.mpppst.gob.ve\/mpppstweb\/index.php\/wp-json\/wp\/v2\/comments?post=20543"}],"version-history":[{"count":2,"href":"https:\/\/www.mpppst.gob.ve\/mpppstweb\/index.php\/wp-json\/wp\/v2\/posts\/20543\/revisions"}],"predecessor-version":[{"id":20546,"href":"https:\/\/www.mpppst.gob.ve\/mpppstweb\/index.php\/wp-json\/wp\/v2\/posts\/20543\/revisions\/20546"}],"wp:featuredmedia":[{"embeddable":true,"href":"https:\/\/www.mpppst.gob.ve\/mpppstweb\/index.php\/wp-json\/wp\/v2\/media\/20544"}],"wp:attachment":[{"href":"https:\/\/www.mpppst.gob.ve\/mpppstweb\/index.php\/wp-json\/wp\/v2\/media?parent=20543"}],"wp:term":[{"taxonomy":"category","embeddable":true,"href":"https:\/\/www.mpppst.gob.ve\/mpppstweb\/index.php\/wp-json\/wp\/v2\/categories?post=20543"},{"taxonomy":"post_tag","embeddable":true,"href":"https:\/\/www.mpppst.gob.ve\/mpppstweb\/index.php\/wp-json\/wp\/v2\/tags?post=20543"}],"curies":[{"name":"wp","href":"https:\/\/api.w.org\/{rel}","templated":true}]}}