{"id":20556,"date":"2020-11-20T10:01:42","date_gmt":"2020-11-20T14:01:42","guid":{"rendered":"http:\/\/www.mpppst.gob.ve\/mpppstweb\/?p=20556"},"modified":"2020-11-20T10:01:43","modified_gmt":"2020-11-20T14:01:43","slug":"ruta-carupano-porlamar-inicia-operaciones-con-incorporacion-de-embarcacion-con-mano-de-obra-100-venezolana","status":"publish","type":"post","link":"https:\/\/www.mpppst.gob.ve\/mpppstweb\/index.php\/2020\/11\/20\/ruta-carupano-porlamar-inicia-operaciones-con-incorporacion-de-embarcacion-con-mano-de-obra-100-venezolana\/","title":{"rendered":"Ruta Car\u00fapano-Porlamar inicia operaciones con incorporaci\u00f3n de embarcaci\u00f3n con mano de obra 100% venezolana"},"content":{"rendered":"\n<p>Este jueves, el Gobierno Nacional activ\u00f3 la ruta Car\u00fapano-Chacopata-Porlamar con la incorporaci\u00f3n de la cuarta embarcaci\u00f3n tipo monocasco con mano de obra 100% venezolana, para impulsar la econom\u00eda en este sector.<\/p>\n\n\n\n<p>Desde el Puerto de Car\u00fapano, municipio Berm\u00fadez del estado Sucre, el gobernador&nbsp;<strong>Edwin Rojas,&nbsp; destac\u00f3 que con la activaci\u00f3n de esta ruta se beneficiar\u00e1n 13.500 personas de la zona.<\/strong><\/p>\n\n\n\n<p>Por su parte, presidente de Instituto Nacional de los Espacios Acu\u00e1ticos (INEA), Alm.&nbsp;<strong>Eladio Jim\u00e9nez Ratia,<\/strong>&nbsp;sostuvo que \u201cestamos viendo como normal esta obra extraordinaria, pero esto solo se observa en Revoluci\u00f3n. Venezuela es un pa\u00eds mar\u00edtimo y el proyecto se lanza con la intensi\u00f3n de construir diferentes tipos de buques que permita utilizar el plan de hidrov\u00eda nacional\u201d.<\/p>\n\n\n\n<p>En este sentido, se\u00f1al\u00f3 que se busca desarrollar la hidrov\u00eda venezolana, de esta forma se construye barcos hechos en la naci\u00f3n Bolivariana que \u201cactivar\u00e1n un ecosistema econ\u00f3mico\u201d.<\/p>\n\n\n\n<p>Asimismo, el presidente de INEA precis\u00f3 que la mencionada ruta implic\u00f3 la reconstrucci\u00f3n parcial del muelle de Car\u00fapano, igualmente acot\u00f3 que se promueve la econom\u00eda de las dos entidades, tales como de Nueva Esparta,&nbsp; en 11 municipios, y Sucre con 15 jurisdicciones.<\/p>\n","protected":false},"excerpt":{"rendered":"<p>Este jueves, el Gobierno Nacional activ\u00f3 la ruta Car\u00fapano-Chacopata-Porlamar con la incorporaci\u00f3n de la cuarta embarcaci\u00f3n &hellip; <a title=\"Ruta Car\u00fapano-Porlamar inicia operaciones con incorporaci\u00f3n de embarcaci\u00f3n con mano de obra 100% venezolana\" class=\"hm-read-more\" href=\"https:\/\/www.mpppst.gob.ve\/mpppstweb\/index.php\/2020\/11\/20\/ruta-carupano-porlamar-inicia-operaciones-con-incorporacion-de-embarcacion-con-mano-de-obra-100-venezolana\/\"><span class=\"screen-reader-text\">Ruta Car\u00fapano-Porlamar inicia operaciones con incorporaci\u00f3n de embarcaci\u00f3n con mano de obra 100% venezolana<\/span>Read more<\/a><\/p>\n","protected":false},"author":25,"featured_media":20557,"comment_status":"closed","ping_status":"closed","sticky":false,"template":"","format":"standard","meta":{"footnotes":""},"categories":[82,163],"tags":[],"yoast_head":"<!-- This site is optimized with the Yoast SEO plugin v22.5 - https:\/\/yoast.com\/wordpress\/plugins\/seo\/ -->\n<title>Ruta Car\u00fapano-Porlamar inicia operaciones con incorporaci\u00f3n de embarcaci\u00f3n con mano de obra 100% venezolana - MPPPST<\/title>\n<meta name=\"robots\" content=\"index, follow, max-snippet:-1, max-image-preview:large, max-video-preview:-1\" \/>\n<link rel=\"canonical\" href=\"https:\/\/www.mpppst.gob.ve\/mpppstweb\/index.php\/2020\/11\/20\/ruta-carupano-porlamar-inicia-operaciones-con-incorporacion-de-embarcacion-con-mano-de-obra-100-venezolana\/\" \/>\n<meta property=\"og:locale\" content=\"es_ES\" \/>\n<meta property=\"og:type\" content=\"article\" \/>\n<meta property=\"og:title\" content=\"Ruta Car\u00fapano-Porlamar inicia operaciones con incorporaci\u00f3n de embarcaci\u00f3n con mano de obra 100% venezolana - MPPPST\" \/>\n<meta property=\"og:description\" content=\"Este jueves, el Gobierno Nacional activ\u00f3 la ruta Car\u00fapano-Chacopata-Porlamar con la incorporaci\u00f3n de la cuarta embarcaci\u00f3n &hellip; Ruta Car\u00fapano-Porlamar inicia operaciones con incorporaci\u00f3n de embarcaci\u00f3n con mano de obra 100% venezolanaRead more\" \/>\n<meta property=\"og:url\" content=\"https:\/\/www.mpppst.gob.ve\/mpppstweb\/index.php\/2020\/11\/20\/ruta-carupano-porlamar-inicia-operaciones-con-incorporacion-de-embarcacion-con-mano-de-obra-100-venezolana\/\" \/>\n<meta property=\"og:site_name\" content=\"MPPPST\" \/>\n<meta property=\"article:published_time\" content=\"2020-11-20T14:01:42+00:00\" \/>\n<meta property=\"article:modified_time\" content=\"2020-11-20T14:01:43+00:00\" \/>\n<meta property=\"og:image\" content=\"https:\/\/www.mpppst.gob.ve\/mpppstweb\/wp-content\/uploads\/2020\/11\/carupano-porlaMAR-768x427-1.jpg\" \/>\n\t<meta property=\"og:image:width\" content=\"768\" \/>\n\t<meta property=\"og:image:height\" content=\"427\" \/>\n\t<meta property=\"og:image:type\" content=\"image\/jpeg\" \/>\n<meta name=\"author\" content=\"MPPPST Prensa\" \/>\n<meta name=\"twitter:card\" content=\"summary_large_image\" \/>\n<meta name=\"twitter:label1\" content=\"Escrito por\" \/>\n\t<meta name=\"twitter:data1\" content=\"MPPPST Prensa\" \/>\n\t<meta name=\"twitter:label2\" content=\"Tiempo de lectura\" \/>\n\t<meta name=\"twitter:data2\" content=\"1 minuto\" \/>\n<script type=\"application\/ld+json\" class=\"yoast-schema-graph\">{\"@context\":\"https:\/\/schema.org\",\"@graph\":[{\"@type\":\"Article\",\"@id\":\"https:\/\/www.mpppst.gob.ve\/mpppstweb\/index.php\/2020\/11\/20\/ruta-carupano-porlamar-inicia-operaciones-con-incorporacion-de-embarcacion-con-mano-de-obra-100-venezolana\/#article\",\"isPartOf\":{\"@id\":\"https:\/\/www.mpppst.gob.ve\/mpppstweb\/index.php\/2020\/11\/20\/ruta-carupano-porlamar-inicia-operaciones-con-incorporacion-de-embarcacion-con-mano-de-obra-100-venezolana\/\"},\"author\":{\"name\":\"MPPPST Prensa\",\"@id\":\"https:\/\/www.mpppst.gob.ve\/mpppstweb\/#\/schema\/person\/fc187ee8ead412bd4c9304b62f900ea4\"},\"headline\":\"Ruta Car\u00fapano-Porlamar inicia operaciones con incorporaci\u00f3n de embarcaci\u00f3n con mano de obra 100% venezolana\",\"datePublished\":\"2020-11-20T14:01:42+00:00\",\"dateModified\":\"2020-11-20T14:01:43+00:00\",\"mainEntityOfPage\":{\"@id\":\"https:\/\/www.mpppst.gob.ve\/mpppstweb\/index.php\/2020\/11\/20\/ruta-carupano-porlamar-inicia-operaciones-con-incorporacion-de-embarcacion-con-mano-de-obra-100-venezolana\/\"},\"wordCount\":228,\"publisher\":{\"@id\":\"https:\/\/www.mpppst.gob.ve\/mpppstweb\/#organization\"},\"image\":{\"@id\":\"https:\/\/www.mpppst.gob.ve\/mpppstweb\/index.php\/2020\/11\/20\/ruta-carupano-porlamar-inicia-operaciones-con-incorporacion-de-embarcacion-con-mano-de-obra-100-venezolana\/#primaryimage\"},\"thumbnailUrl\":\"https:\/\/www.mpppst.gob.ve\/mpppstweb\/wp-content\/uploads\/2020\/11\/carupano-porlaMAR-768x427-1.jpg\",\"articleSection\":[\"Gobierno Nacional\",\"Noticias\"],\"inLanguage\":\"es\"},{\"@type\":\"WebPage\",\"@id\":\"https:\/\/www.mpppst.gob.ve\/mpppstweb\/index.php\/2020\/11\/20\/ruta-carupano-porlamar-inicia-operaciones-con-incorporacion-de-embarcacion-con-mano-de-obra-100-venezolana\/\",\"url\":\"https:\/\/www.mpppst.gob.ve\/mpppstweb\/index.php\/2020\/11\/20\/ruta-carupano-porlamar-inicia-operaciones-con-incorporacion-de-embarcacion-con-mano-de-obra-100-venezolana\/\",\"name\":\"Ruta Car\u00fapano-Porlamar inicia operaciones con incorporaci\u00f3n de embarcaci\u00f3n con mano de obra 100% venezolana - MPPPST\",\"isPartOf\":{\"@id\":\"https:\/\/www.mpppst.gob.ve\/mpppstweb\/#website\"},\"primaryImageOfPage\":{\"@id\":\"https:\/\/www.mpppst.gob.ve\/mpppstweb\/index.php\/2020\/11\/20\/ruta-carupano-porlamar-inicia-operaciones-con-incorporacion-de-embarcacion-con-mano-de-obra-100-venezolana\/#primaryimage\"},\"image\":{\"@id\":\"https:\/\/www.mpppst.gob.ve\/mpppstweb\/index.php\/2020\/11\/20\/ruta-carupano-porlamar-inicia-operaciones-con-incorporacion-de-embarcacion-con-mano-de-obra-100-venezolana\/#primaryimage\"},\"thumbnailUrl\":\"https:\/\/www.mpppst.gob.ve\/mpppstweb\/wp-content\/uploads\/2020\/11\/carupano-porlaMAR-768x427-1.jpg\",\"datePublished\":\"2020-11-20T14:01:42+00:00\",\"dateModified\":\"2020-11-20T14:01:43+00:00\",\"breadcrumb\":{\"@id\":\"https:\/\/www.mpppst.gob.ve\/mpppstweb\/index.php\/2020\/11\/20\/ruta-carupano-porlamar-inicia-operaciones-con-incorporacion-de-embarcacion-con-mano-de-obra-100-venezolana\/#breadcrumb\"},\"inLanguage\":\"es\",\"potentialAction\":[{\"@type\":\"ReadAction\",\"target\":[\"https:\/\/www.mpppst.gob.ve\/mpppstweb\/index.php\/2020\/11\/20\/ruta-carupano-porlamar-inicia-operaciones-con-incorporacion-de-embarcacion-con-mano-de-obra-100-venezolana\/\"]}]},{\"@type\":\"ImageObject\",\"inLanguage\":\"es\",\"@id\":\"https:\/\/www.mpppst.gob.ve\/mpppstweb\/index.php\/2020\/11\/20\/ruta-carupano-porlamar-inicia-operaciones-con-incorporacion-de-embarcacion-con-mano-de-obra-100-venezolana\/#primaryimage\",\"url\":\"https:\/\/www.mpppst.gob.ve\/mpppstweb\/wp-content\/uploads\/2020\/11\/carupano-porlaMAR-768x427-1.jpg\",\"contentUrl\":\"https:\/\/www.mpppst.gob.ve\/mpppstweb\/wp-content\/uploads\/2020\/11\/carupano-porlaMAR-768x427-1.jpg\",\"width\":768,\"height\":427},{\"@type\":\"BreadcrumbList\",\"@id\":\"https:\/\/www.mpppst.gob.ve\/mpppstweb\/index.php\/2020\/11\/20\/ruta-carupano-porlamar-inicia-operaciones-con-incorporacion-de-embarcacion-con-mano-de-obra-100-venezolana\/#breadcrumb\",\"itemListElement\":[{\"@type\":\"ListItem\",\"position\":1,\"name\":\"Home\",\"item\":\"https:\/\/www.mpppst.gob.ve\/mpppstweb\/\"},{\"@type\":\"ListItem\",\"position\":2,\"name\":\"Ruta Car\u00fapano-Porlamar inicia operaciones con incorporaci\u00f3n de embarcaci\u00f3n con mano de obra 100% venezolana\"}]},{\"@type\":\"WebSite\",\"@id\":\"https:\/\/www.mpppst.gob.ve\/mpppstweb\/#website\",\"url\":\"https:\/\/www.mpppst.gob.ve\/mpppstweb\/\",\"name\":\"MPPPST\",\"description\":\"Ministerio del Poder Popular para el Proceso Social de Trabajo\",\"publisher\":{\"@id\":\"https:\/\/www.mpppst.gob.ve\/mpppstweb\/#organization\"},\"potentialAction\":[{\"@type\":\"SearchAction\",\"target\":{\"@type\":\"EntryPoint\",\"urlTemplate\":\"https:\/\/www.mpppst.gob.ve\/mpppstweb\/?s={search_term_string}\"},\"query-input\":\"required name=search_term_string\"}],\"inLanguage\":\"es\"},{\"@type\":\"Organization\",\"@id\":\"https:\/\/www.mpppst.gob.ve\/mpppstweb\/#organization\",\"name\":\"mpppst\",\"url\":\"https:\/\/www.mpppst.gob.ve\/mpppstweb\/\",\"logo\":{\"@type\":\"ImageObject\",\"inLanguage\":\"es\",\"@id\":\"https:\/\/www.mpppst.gob.ve\/mpppstweb\/#\/schema\/logo\/image\/\",\"url\":\"https:\/\/www.mpppst.gob.ve\/mpppstweb\/wp-content\/uploads\/2025\/07\/cropped-cropped-g910.png\",\"contentUrl\":\"https:\/\/www.mpppst.gob.ve\/mpppstweb\/wp-content\/uploads\/2025\/07\/cropped-cropped-g910.png\",\"width\":1080,\"height\":241,\"caption\":\"mpppst\"},\"image\":{\"@id\":\"https:\/\/www.mpppst.gob.ve\/mpppstweb\/#\/schema\/logo\/image\/\"}},{\"@type\":\"Person\",\"@id\":\"https:\/\/www.mpppst.gob.ve\/mpppstweb\/#\/schema\/person\/fc187ee8ead412bd4c9304b62f900ea4\",\"name\":\"MPPPST Prensa\",\"url\":\"https:\/\/www.mpppst.gob.ve\/mpppstweb\/index.php\/author\/prensa-mpppst\/\"}]}<\/script>\n<!-- \/ Yoast SEO plugin. -->","yoast_head_json":{"title":"Ruta Car\u00fapano-Porlamar inicia operaciones con incorporaci\u00f3n de embarcaci\u00f3n con mano de obra 100% venezolana - MPPPST","robots":{"index":"index","follow":"follow","max-snippet":"max-snippet:-1","max-image-preview":"max-image-preview:large","max-video-preview":"max-video-preview:-1"},"canonical":"https:\/\/www.mpppst.gob.ve\/mpppstweb\/index.php\/2020\/11\/20\/ruta-carupano-porlamar-inicia-operaciones-con-incorporacion-de-embarcacion-con-mano-de-obra-100-venezolana\/","og_locale":"es_ES","og_type":"article","og_title":"Ruta Car\u00fapano-Porlamar inicia operaciones con incorporaci\u00f3n de embarcaci\u00f3n con mano de obra 100% venezolana - MPPPST","og_description":"Este jueves, el Gobierno Nacional activ\u00f3 la ruta Car\u00fapano-Chacopata-Porlamar con la incorporaci\u00f3n de la cuarta embarcaci\u00f3n &hellip; Ruta Car\u00fapano-Porlamar inicia operaciones con incorporaci\u00f3n de embarcaci\u00f3n con mano de obra 100% venezolanaRead more","og_url":"https:\/\/www.mpppst.gob.ve\/mpppstweb\/index.php\/2020\/11\/20\/ruta-carupano-porlamar-inicia-operaciones-con-incorporacion-de-embarcacion-con-mano-de-obra-100-venezolana\/","og_site_name":"MPPPST","article_published_time":"2020-11-20T14:01:42+00:00","article_modified_time":"2020-11-20T14:01:43+00:00","og_image":[{"width":768,"height":427,"url":"https:\/\/www.mpppst.gob.ve\/mpppstweb\/wp-content\/uploads\/2020\/11\/carupano-porlaMAR-768x427-1.jpg","type":"image\/jpeg"}],"author":"MPPPST Prensa","twitter_card":"summary_large_image","twitter_misc":{"Escrito por":"MPPPST Prensa","Tiempo de lectura":"1 minuto"},"schema":{"@context":"https:\/\/schema.org","@graph":[{"@type":"Article","@id":"https:\/\/www.mpppst.gob.ve\/mpppstweb\/index.php\/2020\/11\/20\/ruta-carupano-porlamar-inicia-operaciones-con-incorporacion-de-embarcacion-con-mano-de-obra-100-venezolana\/#article","isPartOf":{"@id":"https:\/\/www.mpppst.gob.ve\/mpppstweb\/index.php\/2020\/11\/20\/ruta-carupano-porlamar-inicia-operaciones-con-incorporacion-de-embarcacion-con-mano-de-obra-100-venezolana\/"},"author":{"name":"MPPPST Prensa","@id":"https:\/\/www.mpppst.gob.ve\/mpppstweb\/#\/schema\/person\/fc187ee8ead412bd4c9304b62f900ea4"},"headline":"Ruta Car\u00fapano-Porlamar inicia operaciones con incorporaci\u00f3n de embarcaci\u00f3n con mano de obra 100% venezolana","datePublished":"2020-11-20T14:01:42+00:00","dateModified":"2020-11-20T14:01:43+00:00","mainEntityOfPage":{"@id":"https:\/\/www.mpppst.gob.ve\/mpppstweb\/index.php\/2020\/11\/20\/ruta-carupano-porlamar-inicia-operaciones-con-incorporacion-de-embarcacion-con-mano-de-obra-100-venezolana\/"},"wordCount":228,"publisher":{"@id":"https:\/\/www.mpppst.gob.ve\/mpppstweb\/#organization"},"image":{"@id":"https:\/\/www.mpppst.gob.ve\/mpppstweb\/index.php\/2020\/11\/20\/ruta-carupano-porlamar-inicia-operaciones-con-incorporacion-de-embarcacion-con-mano-de-obra-100-venezolana\/#primaryimage"},"thumbnailUrl":"https:\/\/www.mpppst.gob.ve\/mpppstweb\/wp-content\/uploads\/2020\/11\/carupano-porlaMAR-768x427-1.jpg","articleSection":["Gobierno Nacional","Noticias"],"inLanguage":"es"},{"@type":"WebPage","@id":"https:\/\/www.mpppst.gob.ve\/mpppstweb\/index.php\/2020\/11\/20\/ruta-carupano-porlamar-inicia-operaciones-con-incorporacion-de-embarcacion-con-mano-de-obra-100-venezolana\/","url":"https:\/\/www.mpppst.gob.ve\/mpppstweb\/index.php\/2020\/11\/20\/ruta-carupano-porlamar-inicia-operaciones-con-incorporacion-de-embarcacion-con-mano-de-obra-100-venezolana\/","name":"Ruta Car\u00fapano-Porlamar inicia operaciones con incorporaci\u00f3n de embarcaci\u00f3n con mano de obra 100% venezolana - MPPPST","isPartOf":{"@id":"https:\/\/www.mpppst.gob.ve\/mpppstweb\/#website"},"primaryImageOfPage":{"@id":"https:\/\/www.mpppst.gob.ve\/mpppstweb\/index.php\/2020\/11\/20\/ruta-carupano-porlamar-inicia-operaciones-con-incorporacion-de-embarcacion-con-mano-de-obra-100-venezolana\/#primaryimage"},"image":{"@id":"https:\/\/www.mpppst.gob.ve\/mpppstweb\/index.php\/2020\/11\/20\/ruta-carupano-porlamar-inicia-operaciones-con-incorporacion-de-embarcacion-con-mano-de-obra-100-venezolana\/#primaryimage"},"thumbnailUrl":"https:\/\/www.mpppst.gob.ve\/mpppstweb\/wp-content\/uploads\/2020\/11\/carupano-porlaMAR-768x427-1.jpg","datePublished":"2020-11-20T14:01:42+00:00","dateModified":"2020-11-20T14:01:43+00:00","breadcrumb":{"@id":"https:\/\/www.mpppst.gob.ve\/mpppstweb\/index.php\/2020\/11\/20\/ruta-carupano-porlamar-inicia-operaciones-con-incorporacion-de-embarcacion-con-mano-de-obra-100-venezolana\/#breadcrumb"},"inLanguage":"es","potentialAction":[{"@type":"ReadAction","target":["https:\/\/www.mpppst.gob.ve\/mpppstweb\/index.php\/2020\/11\/20\/ruta-carupano-porlamar-inicia-operaciones-con-incorporacion-de-embarcacion-con-mano-de-obra-100-venezolana\/"]}]},{"@type":"ImageObject","inLanguage":"es","@id":"https:\/\/www.mpppst.gob.ve\/mpppstweb\/index.php\/2020\/11\/20\/ruta-carupano-porlamar-inicia-operaciones-con-incorporacion-de-embarcacion-con-mano-de-obra-100-venezolana\/#primaryimage","url":"https:\/\/www.mpppst.gob.ve\/mpppstweb\/wp-content\/uploads\/2020\/11\/carupano-porlaMAR-768x427-1.jpg","contentUrl":"https:\/\/www.mpppst.gob.ve\/mpppstweb\/wp-content\/uploads\/2020\/11\/carupano-porlaMAR-768x427-1.jpg","width":768,"height":427},{"@type":"BreadcrumbList","@id":"https:\/\/www.mpppst.gob.ve\/mpppstweb\/index.php\/2020\/11\/20\/ruta-carupano-porlamar-inicia-operaciones-con-incorporacion-de-embarcacion-con-mano-de-obra-100-venezolana\/#breadcrumb","itemListElement":[{"@type":"ListItem","position":1,"name":"Home","item":"https:\/\/www.mpppst.gob.ve\/mpppstweb\/"},{"@type":"ListItem","position":2,"name":"Ruta Car\u00fapano-Porlamar inicia operaciones con incorporaci\u00f3n de embarcaci\u00f3n con mano de obra 100% venezolana"}]},{"@type":"WebSite","@id":"https:\/\/www.mpppst.gob.ve\/mpppstweb\/#website","url":"https:\/\/www.mpppst.gob.ve\/mpppstweb\/","name":"MPPPST","description":"Ministerio del Poder Popular para el Proceso Social de Trabajo","publisher":{"@id":"https:\/\/www.mpppst.gob.ve\/mpppstweb\/#organization"},"potentialAction":[{"@type":"SearchAction","target":{"@type":"EntryPoint","urlTemplate":"https:\/\/www.mpppst.gob.ve\/mpppstweb\/?s={search_term_string}"},"query-input":"required name=search_term_string"}],"inLanguage":"es"},{"@type":"Organization","@id":"https:\/\/www.mpppst.gob.ve\/mpppstweb\/#organization","name":"mpppst","url":"https:\/\/www.mpppst.gob.ve\/mpppstweb\/","logo":{"@type":"ImageObject","inLanguage":"es","@id":"https:\/\/www.mpppst.gob.ve\/mpppstweb\/#\/schema\/logo\/image\/","url":"https:\/\/www.mpppst.gob.ve\/mpppstweb\/wp-content\/uploads\/2025\/07\/cropped-cropped-g910.png","contentUrl":"https:\/\/www.mpppst.gob.ve\/mpppstweb\/wp-content\/uploads\/2025\/07\/cropped-cropped-g910.png","width":1080,"height":241,"caption":"mpppst"},"image":{"@id":"https:\/\/www.mpppst.gob.ve\/mpppstweb\/#\/schema\/logo\/image\/"}},{"@type":"Person","@id":"https:\/\/www.mpppst.gob.ve\/mpppstweb\/#\/schema\/person\/fc187ee8ead412bd4c9304b62f900ea4","name":"MPPPST Prensa","url":"https:\/\/www.mpppst.gob.ve\/mpppstweb\/index.php\/author\/prensa-mpppst\/"}]}},"_links":{"self":[{"href":"https:\/\/www.mpppst.gob.ve\/mpppstweb\/index.php\/wp-json\/wp\/v2\/posts\/20556"}],"collection":[{"href":"https:\/\/www.mpppst.gob.ve\/mpppstweb\/index.php\/wp-json\/wp\/v2\/posts"}],"about":[{"href":"https:\/\/www.mpppst.gob.ve\/mpppstweb\/index.php\/wp-json\/wp\/v2\/types\/post"}],"author":[{"embeddable":true,"href":"https:\/\/www.mpppst.gob.ve\/mpppstweb\/index.php\/wp-json\/wp\/v2\/users\/25"}],"replies":[{"embeddable":true,"href":"https:\/\/www.mpppst.gob.ve\/mpppstweb\/index.php\/wp-json\/wp\/v2\/comments?post=20556"}],"version-history":[{"count":1,"href":"https:\/\/www.mpppst.gob.ve\/mpppstweb\/index.php\/wp-json\/wp\/v2\/posts\/20556\/revisions"}],"predecessor-version":[{"id":20558,"href":"https:\/\/www.mpppst.gob.ve\/mpppstweb\/index.php\/wp-json\/wp\/v2\/posts\/20556\/revisions\/20558"}],"wp:featuredmedia":[{"embeddable":true,"href":"https:\/\/www.mpppst.gob.ve\/mpppstweb\/index.php\/wp-json\/wp\/v2\/media\/20557"}],"wp:attachment":[{"href":"https:\/\/www.mpppst.gob.ve\/mpppstweb\/index.php\/wp-json\/wp\/v2\/media?parent=20556"}],"wp:term":[{"taxonomy":"category","embeddable":true,"href":"https:\/\/www.mpppst.gob.ve\/mpppstweb\/index.php\/wp-json\/wp\/v2\/categories?post=20556"},{"taxonomy":"post_tag","embeddable":true,"href":"https:\/\/www.mpppst.gob.ve\/mpppstweb\/index.php\/wp-json\/wp\/v2\/tags?post=20556"}],"curies":[{"name":"wp","href":"https:\/\/api.w.org\/{rel}","templated":true}]}}