{"id":20567,"date":"2020-11-23T07:57:24","date_gmt":"2020-11-23T11:57:24","guid":{"rendered":"http:\/\/www.mpppst.gob.ve\/mpppstweb\/?p=20567"},"modified":"2020-11-23T07:57:25","modified_gmt":"2020-11-23T11:57:25","slug":"a-cuidarse-este-lunes-inicia-la-ultima-semana-de-cuarentena-radical-de-2020-como-parte-del-esquema-77-plus","status":"publish","type":"post","link":"https:\/\/www.mpppst.gob.ve\/mpppstweb\/index.php\/2020\/11\/23\/a-cuidarse-este-lunes-inicia-la-ultima-semana-de-cuarentena-radical-de-2020-como-parte-del-esquema-77-plus\/","title":{"rendered":"A CUIDARSE | Este lunes inicia la \u00faltima semana de cuarentena radical de 2020 como parte del esquema 7+7 Plus"},"content":{"rendered":"\n<p>A partir de este&nbsp;lunes 23 de noviembre inicia la \u00faltima semana de cuarentena radical del a\u00f1o 2020 como parte del esquema 7+7 Plus, al tiempo que se&nbsp;decreta flexibilizaci\u00f3n segura y controlada en todo el mes de diciembre, inform\u00f3&nbsp;el presidente de la Rep\u00fablica Bolivariana de Venezuela,&nbsp;<strong>Nicol\u00e1s Maduro Moros,<\/strong>&nbsp;durante la&nbsp;<strong>Jornada de Balance de la COVID-19 y la celebraci\u00f3n de XIV aniversario de la Misi\u00f3n Sonrisa.<\/strong><\/p>\n\n\n\n<p>Luego de concluir una exitosa semana de flexibilizaci\u00f3n econ\u00f3mica y social, el Jefe de Estado inst\u00f3 al pueblo a seguir cumpliendo con todas las medidas de bioseguridad implementadas para el combate efectivo contra la COVID-19.<\/p>\n\n\n\n<p>\u201cEstamos en medio de la Navidad, queremos compartir, trabajo, ganancia, regalos, amor, perd\u00f3n, encuentro y reencuentro con las familias, amigos y amigas. La Navidad es la \u00e9poca m\u00e1s bonita de todo el a\u00f1o, es un \u00e9poca de espiritualidad,&nbsp;y m\u00e1s en este a\u00f1o 2020, donde ha habido un gran reencuentro familiar producto del coronavirus\u201d, expres\u00f3 el Mandatario Nacional.<\/p>\n\n\n\n<p>Llam\u00f3 a la poblaci\u00f3n a cuidarse, a cumplir con esta semana de cuarentena radical y voluntaria con todos los protocolos, \u201cpara que podamos desarrollar en diciembre, \u00faltimo mes del a\u00f1o, la recuperaci\u00f3n econ\u00f3mica, comercial, el reencuentro de las familias, toda la actividad que necesita el pa\u00eds\u201d,&nbsp; y tener una flexibilizaci\u00f3n segura y controlada, con tapabocas, lavado de las manos y el distanciamiento.&nbsp;<\/p>\n\n\n\n<p><strong>Comportamiento de sectores econ\u00f3micos&nbsp;<\/strong><\/p>\n\n\n\n<p>Por otra parte, el presidente Maduro hizo un balance del comportamiento de diversos sectores de econ\u00f3micos del pa\u00eds: el sector esparcimiento e industrial obtuvo un 76 %; el de servicio 87 %; el tradicional 88%, mientras que las operaciones bancarias se han activado en un 93%, \u201cse triplic\u00f3 m\u00e1s que lo registrado para esta fecha el a\u00f1o pasado. Esta semana el jueves y viernes hubo m\u00e1s operaciones en moneda venezolana y extranjera que cualquier d\u00eda del a\u00f1o pasado\u201d, detall\u00f3 el Jefe de Estado.<\/p>\n\n\n\n<p>En el caso de las oficinas del Servicio Nacional Integrado de Administraci\u00f3n Aduanera y Tributaria (Seniat) se activ\u00f3 un 100 %;&nbsp; las de&nbsp;la Superintendencia Nacional de Valores (Sunaval) 50 %; el Servicio Aut\u00f3nomo de la Propiedad Intelectual (Sapi) 100 %, y la Superintendencia Nacional para la Defensa de los Derechos Socioecon\u00f3micos de Venezuela (Sundde) registro un 100 %, detall\u00f3.<\/p>\n\n\n\n<p>Igualmente, el Servicio Aut\u00f3nomo Nacional de Normalizaci\u00f3n, Calidad, Metrolog\u00eda y Reglamentos T\u00e9cnicos (Sencamer) se activ\u00f3 un 100 %; el Servicio Administrativo de Identificaci\u00f3n, Migraci\u00f3n y Extranjer\u00eda (Saime) un&nbsp; 99 %; mientras que el Instituto Nacional de Transporte Terrestre (INTT) obtuvo un 99 %.<\/p>\n\n\n\n<p>Las oficinas de atenci\u00f3n al usuario, dijo el Jefe de Estado, la Compa\u00f1\u00eda An\u00f3nima Nacional Tel\u00e9fonos de Venezuela (Cantv) contabiliz\u00f3 una activaci\u00f3n econ\u00f3mica del 64 % , en tanto que el sector hotelero de la cadena de hoteles Venetur un 70 %.<\/p>\n\n\n\n<figure><iframe loading=\"lazy\" width=\"800\" height=\"600\" src=\"https:\/\/www.dailymotion.com\/embed\/video\/x7xn2rd\" allowfullscreen=\"\"><\/iframe><\/figure>\n\n\n\n<p>Prensa Web  VTV<\/p>\n","protected":false},"excerpt":{"rendered":"<p>A partir de este&nbsp;lunes 23 de noviembre inicia la \u00faltima semana de cuarentena radical del a\u00f1o &hellip; <a title=\"A CUIDARSE | Este lunes inicia la \u00faltima semana de cuarentena radical de 2020 como parte del esquema 7+7 Plus\" class=\"hm-read-more\" href=\"https:\/\/www.mpppst.gob.ve\/mpppstweb\/index.php\/2020\/11\/23\/a-cuidarse-este-lunes-inicia-la-ultima-semana-de-cuarentena-radical-de-2020-como-parte-del-esquema-77-plus\/\"><span class=\"screen-reader-text\">A CUIDARSE | Este lunes inicia la \u00faltima semana de cuarentena radical de 2020 como parte del esquema 7+7 Plus<\/span>Read more<\/a><\/p>\n","protected":false},"author":25,"featured_media":20551,"comment_status":"closed","ping_status":"closed","sticky":false,"template":"","format":"standard","meta":{"footnotes":""},"categories":[82,163],"tags":[],"yoast_head":"<!-- This site is optimized with the Yoast SEO plugin v22.5 - https:\/\/yoast.com\/wordpress\/plugins\/seo\/ -->\n<title>A CUIDARSE | Este lunes inicia la \u00faltima semana de cuarentena radical de 2020 como parte del esquema 7+7 Plus - MPPPST<\/title>\n<meta name=\"robots\" content=\"index, follow, max-snippet:-1, max-image-preview:large, max-video-preview:-1\" \/>\n<link rel=\"canonical\" href=\"https:\/\/www.mpppst.gob.ve\/mpppstweb\/index.php\/2020\/11\/23\/a-cuidarse-este-lunes-inicia-la-ultima-semana-de-cuarentena-radical-de-2020-como-parte-del-esquema-77-plus\/\" \/>\n<meta property=\"og:locale\" content=\"es_ES\" \/>\n<meta property=\"og:type\" content=\"article\" \/>\n<meta property=\"og:title\" content=\"A CUIDARSE | Este lunes inicia la \u00faltima semana de cuarentena radical de 2020 como parte del esquema 7+7 Plus - MPPPST\" \/>\n<meta property=\"og:description\" content=\"A partir de este&nbsp;lunes 23 de noviembre inicia la \u00faltima semana de cuarentena radical del a\u00f1o &hellip; A CUIDARSE | Este lunes inicia la \u00faltima semana de cuarentena radical de 2020 como parte del esquema 7+7 PlusRead more\" \/>\n<meta property=\"og:url\" content=\"https:\/\/www.mpppst.gob.ve\/mpppstweb\/index.php\/2020\/11\/23\/a-cuidarse-este-lunes-inicia-la-ultima-semana-de-cuarentena-radical-de-2020-como-parte-del-esquema-77-plus\/\" \/>\n<meta property=\"og:site_name\" content=\"MPPPST\" \/>\n<meta property=\"article:published_time\" content=\"2020-11-23T11:57:24+00:00\" \/>\n<meta property=\"article:modified_time\" content=\"2020-11-23T11:57:25+00:00\" \/>\n<meta property=\"og:image\" content=\"https:\/\/www.mpppst.gob.ve\/mpppstweb\/wp-content\/uploads\/2020\/11\/PRESIDENTE-1-1-768x427-1.jpg\" \/>\n\t<meta property=\"og:image:width\" content=\"768\" \/>\n\t<meta property=\"og:image:height\" content=\"427\" \/>\n\t<meta property=\"og:image:type\" content=\"image\/jpeg\" \/>\n<meta name=\"author\" content=\"MPPPST Prensa\" \/>\n<meta name=\"twitter:card\" content=\"summary_large_image\" \/>\n<meta name=\"twitter:label1\" content=\"Escrito por\" \/>\n\t<meta name=\"twitter:data1\" content=\"MPPPST Prensa\" \/>\n\t<meta name=\"twitter:label2\" content=\"Tiempo de lectura\" \/>\n\t<meta name=\"twitter:data2\" content=\"2 minutos\" \/>\n<script type=\"application\/ld+json\" class=\"yoast-schema-graph\">{\"@context\":\"https:\/\/schema.org\",\"@graph\":[{\"@type\":\"Article\",\"@id\":\"https:\/\/www.mpppst.gob.ve\/mpppstweb\/index.php\/2020\/11\/23\/a-cuidarse-este-lunes-inicia-la-ultima-semana-de-cuarentena-radical-de-2020-como-parte-del-esquema-77-plus\/#article\",\"isPartOf\":{\"@id\":\"https:\/\/www.mpppst.gob.ve\/mpppstweb\/index.php\/2020\/11\/23\/a-cuidarse-este-lunes-inicia-la-ultima-semana-de-cuarentena-radical-de-2020-como-parte-del-esquema-77-plus\/\"},\"author\":{\"name\":\"MPPPST Prensa\",\"@id\":\"https:\/\/www.mpppst.gob.ve\/mpppstweb\/#\/schema\/person\/fc187ee8ead412bd4c9304b62f900ea4\"},\"headline\":\"A CUIDARSE | Este lunes inicia la \u00faltima semana de cuarentena radical de 2020 como parte del esquema 7+7 Plus\",\"datePublished\":\"2020-11-23T11:57:24+00:00\",\"dateModified\":\"2020-11-23T11:57:25+00:00\",\"mainEntityOfPage\":{\"@id\":\"https:\/\/www.mpppst.gob.ve\/mpppstweb\/index.php\/2020\/11\/23\/a-cuidarse-este-lunes-inicia-la-ultima-semana-de-cuarentena-radical-de-2020-como-parte-del-esquema-77-plus\/\"},\"wordCount\":503,\"publisher\":{\"@id\":\"https:\/\/www.mpppst.gob.ve\/mpppstweb\/#organization\"},\"image\":{\"@id\":\"https:\/\/www.mpppst.gob.ve\/mpppstweb\/index.php\/2020\/11\/23\/a-cuidarse-este-lunes-inicia-la-ultima-semana-de-cuarentena-radical-de-2020-como-parte-del-esquema-77-plus\/#primaryimage\"},\"thumbnailUrl\":\"https:\/\/www.mpppst.gob.ve\/mpppstweb\/wp-content\/uploads\/2020\/11\/PRESIDENTE-1-1-768x427-1.jpg\",\"articleSection\":[\"Gobierno Nacional\",\"Noticias\"],\"inLanguage\":\"es\"},{\"@type\":\"WebPage\",\"@id\":\"https:\/\/www.mpppst.gob.ve\/mpppstweb\/index.php\/2020\/11\/23\/a-cuidarse-este-lunes-inicia-la-ultima-semana-de-cuarentena-radical-de-2020-como-parte-del-esquema-77-plus\/\",\"url\":\"https:\/\/www.mpppst.gob.ve\/mpppstweb\/index.php\/2020\/11\/23\/a-cuidarse-este-lunes-inicia-la-ultima-semana-de-cuarentena-radical-de-2020-como-parte-del-esquema-77-plus\/\",\"name\":\"A CUIDARSE | Este lunes inicia la \u00faltima semana de cuarentena radical de 2020 como parte del esquema 7+7 Plus - MPPPST\",\"isPartOf\":{\"@id\":\"https:\/\/www.mpppst.gob.ve\/mpppstweb\/#website\"},\"primaryImageOfPage\":{\"@id\":\"https:\/\/www.mpppst.gob.ve\/mpppstweb\/index.php\/2020\/11\/23\/a-cuidarse-este-lunes-inicia-la-ultima-semana-de-cuarentena-radical-de-2020-como-parte-del-esquema-77-plus\/#primaryimage\"},\"image\":{\"@id\":\"https:\/\/www.mpppst.gob.ve\/mpppstweb\/index.php\/2020\/11\/23\/a-cuidarse-este-lunes-inicia-la-ultima-semana-de-cuarentena-radical-de-2020-como-parte-del-esquema-77-plus\/#primaryimage\"},\"thumbnailUrl\":\"https:\/\/www.mpppst.gob.ve\/mpppstweb\/wp-content\/uploads\/2020\/11\/PRESIDENTE-1-1-768x427-1.jpg\",\"datePublished\":\"2020-11-23T11:57:24+00:00\",\"dateModified\":\"2020-11-23T11:57:25+00:00\",\"breadcrumb\":{\"@id\":\"https:\/\/www.mpppst.gob.ve\/mpppstweb\/index.php\/2020\/11\/23\/a-cuidarse-este-lunes-inicia-la-ultima-semana-de-cuarentena-radical-de-2020-como-parte-del-esquema-77-plus\/#breadcrumb\"},\"inLanguage\":\"es\",\"potentialAction\":[{\"@type\":\"ReadAction\",\"target\":[\"https:\/\/www.mpppst.gob.ve\/mpppstweb\/index.php\/2020\/11\/23\/a-cuidarse-este-lunes-inicia-la-ultima-semana-de-cuarentena-radical-de-2020-como-parte-del-esquema-77-plus\/\"]}]},{\"@type\":\"ImageObject\",\"inLanguage\":\"es\",\"@id\":\"https:\/\/www.mpppst.gob.ve\/mpppstweb\/index.php\/2020\/11\/23\/a-cuidarse-este-lunes-inicia-la-ultima-semana-de-cuarentena-radical-de-2020-como-parte-del-esquema-77-plus\/#primaryimage\",\"url\":\"https:\/\/www.mpppst.gob.ve\/mpppstweb\/wp-content\/uploads\/2020\/11\/PRESIDENTE-1-1-768x427-1.jpg\",\"contentUrl\":\"https:\/\/www.mpppst.gob.ve\/mpppstweb\/wp-content\/uploads\/2020\/11\/PRESIDENTE-1-1-768x427-1.jpg\",\"width\":768,\"height\":427},{\"@type\":\"BreadcrumbList\",\"@id\":\"https:\/\/www.mpppst.gob.ve\/mpppstweb\/index.php\/2020\/11\/23\/a-cuidarse-este-lunes-inicia-la-ultima-semana-de-cuarentena-radical-de-2020-como-parte-del-esquema-77-plus\/#breadcrumb\",\"itemListElement\":[{\"@type\":\"ListItem\",\"position\":1,\"name\":\"Home\",\"item\":\"https:\/\/www.mpppst.gob.ve\/mpppstweb\/\"},{\"@type\":\"ListItem\",\"position\":2,\"name\":\"A CUIDARSE | Este lunes inicia la \u00faltima semana de cuarentena radical de 2020 como parte del esquema 7+7 Plus\"}]},{\"@type\":\"WebSite\",\"@id\":\"https:\/\/www.mpppst.gob.ve\/mpppstweb\/#website\",\"url\":\"https:\/\/www.mpppst.gob.ve\/mpppstweb\/\",\"name\":\"MPPPST\",\"description\":\"Ministerio del Poder Popular para el Proceso Social de Trabajo\",\"publisher\":{\"@id\":\"https:\/\/www.mpppst.gob.ve\/mpppstweb\/#organization\"},\"potentialAction\":[{\"@type\":\"SearchAction\",\"target\":{\"@type\":\"EntryPoint\",\"urlTemplate\":\"https:\/\/www.mpppst.gob.ve\/mpppstweb\/?s={search_term_string}\"},\"query-input\":\"required name=search_term_string\"}],\"inLanguage\":\"es\"},{\"@type\":\"Organization\",\"@id\":\"https:\/\/www.mpppst.gob.ve\/mpppstweb\/#organization\",\"name\":\"mpppst\",\"url\":\"https:\/\/www.mpppst.gob.ve\/mpppstweb\/\",\"logo\":{\"@type\":\"ImageObject\",\"inLanguage\":\"es\",\"@id\":\"https:\/\/www.mpppst.gob.ve\/mpppstweb\/#\/schema\/logo\/image\/\",\"url\":\"https:\/\/www.mpppst.gob.ve\/mpppstweb\/wp-content\/uploads\/2025\/07\/cropped-cropped-g910.png\",\"contentUrl\":\"https:\/\/www.mpppst.gob.ve\/mpppstweb\/wp-content\/uploads\/2025\/07\/cropped-cropped-g910.png\",\"width\":1080,\"height\":241,\"caption\":\"mpppst\"},\"image\":{\"@id\":\"https:\/\/www.mpppst.gob.ve\/mpppstweb\/#\/schema\/logo\/image\/\"}},{\"@type\":\"Person\",\"@id\":\"https:\/\/www.mpppst.gob.ve\/mpppstweb\/#\/schema\/person\/fc187ee8ead412bd4c9304b62f900ea4\",\"name\":\"MPPPST Prensa\",\"url\":\"https:\/\/www.mpppst.gob.ve\/mpppstweb\/index.php\/author\/prensa-mpppst\/\"}]}<\/script>\n<!-- \/ Yoast SEO plugin. -->","yoast_head_json":{"title":"A CUIDARSE | Este lunes inicia la \u00faltima semana de cuarentena radical de 2020 como parte del esquema 7+7 Plus - MPPPST","robots":{"index":"index","follow":"follow","max-snippet":"max-snippet:-1","max-image-preview":"max-image-preview:large","max-video-preview":"max-video-preview:-1"},"canonical":"https:\/\/www.mpppst.gob.ve\/mpppstweb\/index.php\/2020\/11\/23\/a-cuidarse-este-lunes-inicia-la-ultima-semana-de-cuarentena-radical-de-2020-como-parte-del-esquema-77-plus\/","og_locale":"es_ES","og_type":"article","og_title":"A CUIDARSE | Este lunes inicia la \u00faltima semana de cuarentena radical de 2020 como parte del esquema 7+7 Plus - MPPPST","og_description":"A partir de este&nbsp;lunes 23 de noviembre inicia la \u00faltima semana de cuarentena radical del a\u00f1o &hellip; A CUIDARSE | Este lunes inicia la \u00faltima semana de cuarentena radical de 2020 como parte del esquema 7+7 PlusRead more","og_url":"https:\/\/www.mpppst.gob.ve\/mpppstweb\/index.php\/2020\/11\/23\/a-cuidarse-este-lunes-inicia-la-ultima-semana-de-cuarentena-radical-de-2020-como-parte-del-esquema-77-plus\/","og_site_name":"MPPPST","article_published_time":"2020-11-23T11:57:24+00:00","article_modified_time":"2020-11-23T11:57:25+00:00","og_image":[{"width":768,"height":427,"url":"https:\/\/www.mpppst.gob.ve\/mpppstweb\/wp-content\/uploads\/2020\/11\/PRESIDENTE-1-1-768x427-1.jpg","type":"image\/jpeg"}],"author":"MPPPST Prensa","twitter_card":"summary_large_image","twitter_misc":{"Escrito por":"MPPPST Prensa","Tiempo de lectura":"2 minutos"},"schema":{"@context":"https:\/\/schema.org","@graph":[{"@type":"Article","@id":"https:\/\/www.mpppst.gob.ve\/mpppstweb\/index.php\/2020\/11\/23\/a-cuidarse-este-lunes-inicia-la-ultima-semana-de-cuarentena-radical-de-2020-como-parte-del-esquema-77-plus\/#article","isPartOf":{"@id":"https:\/\/www.mpppst.gob.ve\/mpppstweb\/index.php\/2020\/11\/23\/a-cuidarse-este-lunes-inicia-la-ultima-semana-de-cuarentena-radical-de-2020-como-parte-del-esquema-77-plus\/"},"author":{"name":"MPPPST Prensa","@id":"https:\/\/www.mpppst.gob.ve\/mpppstweb\/#\/schema\/person\/fc187ee8ead412bd4c9304b62f900ea4"},"headline":"A CUIDARSE | Este lunes inicia la \u00faltima semana de cuarentena radical de 2020 como parte del esquema 7+7 Plus","datePublished":"2020-11-23T11:57:24+00:00","dateModified":"2020-11-23T11:57:25+00:00","mainEntityOfPage":{"@id":"https:\/\/www.mpppst.gob.ve\/mpppstweb\/index.php\/2020\/11\/23\/a-cuidarse-este-lunes-inicia-la-ultima-semana-de-cuarentena-radical-de-2020-como-parte-del-esquema-77-plus\/"},"wordCount":503,"publisher":{"@id":"https:\/\/www.mpppst.gob.ve\/mpppstweb\/#organization"},"image":{"@id":"https:\/\/www.mpppst.gob.ve\/mpppstweb\/index.php\/2020\/11\/23\/a-cuidarse-este-lunes-inicia-la-ultima-semana-de-cuarentena-radical-de-2020-como-parte-del-esquema-77-plus\/#primaryimage"},"thumbnailUrl":"https:\/\/www.mpppst.gob.ve\/mpppstweb\/wp-content\/uploads\/2020\/11\/PRESIDENTE-1-1-768x427-1.jpg","articleSection":["Gobierno Nacional","Noticias"],"inLanguage":"es"},{"@type":"WebPage","@id":"https:\/\/www.mpppst.gob.ve\/mpppstweb\/index.php\/2020\/11\/23\/a-cuidarse-este-lunes-inicia-la-ultima-semana-de-cuarentena-radical-de-2020-como-parte-del-esquema-77-plus\/","url":"https:\/\/www.mpppst.gob.ve\/mpppstweb\/index.php\/2020\/11\/23\/a-cuidarse-este-lunes-inicia-la-ultima-semana-de-cuarentena-radical-de-2020-como-parte-del-esquema-77-plus\/","name":"A CUIDARSE | Este lunes inicia la \u00faltima semana de cuarentena radical de 2020 como parte del esquema 7+7 Plus - MPPPST","isPartOf":{"@id":"https:\/\/www.mpppst.gob.ve\/mpppstweb\/#website"},"primaryImageOfPage":{"@id":"https:\/\/www.mpppst.gob.ve\/mpppstweb\/index.php\/2020\/11\/23\/a-cuidarse-este-lunes-inicia-la-ultima-semana-de-cuarentena-radical-de-2020-como-parte-del-esquema-77-plus\/#primaryimage"},"image":{"@id":"https:\/\/www.mpppst.gob.ve\/mpppstweb\/index.php\/2020\/11\/23\/a-cuidarse-este-lunes-inicia-la-ultima-semana-de-cuarentena-radical-de-2020-como-parte-del-esquema-77-plus\/#primaryimage"},"thumbnailUrl":"https:\/\/www.mpppst.gob.ve\/mpppstweb\/wp-content\/uploads\/2020\/11\/PRESIDENTE-1-1-768x427-1.jpg","datePublished":"2020-11-23T11:57:24+00:00","dateModified":"2020-11-23T11:57:25+00:00","breadcrumb":{"@id":"https:\/\/www.mpppst.gob.ve\/mpppstweb\/index.php\/2020\/11\/23\/a-cuidarse-este-lunes-inicia-la-ultima-semana-de-cuarentena-radical-de-2020-como-parte-del-esquema-77-plus\/#breadcrumb"},"inLanguage":"es","potentialAction":[{"@type":"ReadAction","target":["https:\/\/www.mpppst.gob.ve\/mpppstweb\/index.php\/2020\/11\/23\/a-cuidarse-este-lunes-inicia-la-ultima-semana-de-cuarentena-radical-de-2020-como-parte-del-esquema-77-plus\/"]}]},{"@type":"ImageObject","inLanguage":"es","@id":"https:\/\/www.mpppst.gob.ve\/mpppstweb\/index.php\/2020\/11\/23\/a-cuidarse-este-lunes-inicia-la-ultima-semana-de-cuarentena-radical-de-2020-como-parte-del-esquema-77-plus\/#primaryimage","url":"https:\/\/www.mpppst.gob.ve\/mpppstweb\/wp-content\/uploads\/2020\/11\/PRESIDENTE-1-1-768x427-1.jpg","contentUrl":"https:\/\/www.mpppst.gob.ve\/mpppstweb\/wp-content\/uploads\/2020\/11\/PRESIDENTE-1-1-768x427-1.jpg","width":768,"height":427},{"@type":"BreadcrumbList","@id":"https:\/\/www.mpppst.gob.ve\/mpppstweb\/index.php\/2020\/11\/23\/a-cuidarse-este-lunes-inicia-la-ultima-semana-de-cuarentena-radical-de-2020-como-parte-del-esquema-77-plus\/#breadcrumb","itemListElement":[{"@type":"ListItem","position":1,"name":"Home","item":"https:\/\/www.mpppst.gob.ve\/mpppstweb\/"},{"@type":"ListItem","position":2,"name":"A CUIDARSE | Este lunes inicia la \u00faltima semana de cuarentena radical de 2020 como parte del esquema 7+7 Plus"}]},{"@type":"WebSite","@id":"https:\/\/www.mpppst.gob.ve\/mpppstweb\/#website","url":"https:\/\/www.mpppst.gob.ve\/mpppstweb\/","name":"MPPPST","description":"Ministerio del Poder Popular para el Proceso Social de Trabajo","publisher":{"@id":"https:\/\/www.mpppst.gob.ve\/mpppstweb\/#organization"},"potentialAction":[{"@type":"SearchAction","target":{"@type":"EntryPoint","urlTemplate":"https:\/\/www.mpppst.gob.ve\/mpppstweb\/?s={search_term_string}"},"query-input":"required name=search_term_string"}],"inLanguage":"es"},{"@type":"Organization","@id":"https:\/\/www.mpppst.gob.ve\/mpppstweb\/#organization","name":"mpppst","url":"https:\/\/www.mpppst.gob.ve\/mpppstweb\/","logo":{"@type":"ImageObject","inLanguage":"es","@id":"https:\/\/www.mpppst.gob.ve\/mpppstweb\/#\/schema\/logo\/image\/","url":"https:\/\/www.mpppst.gob.ve\/mpppstweb\/wp-content\/uploads\/2025\/07\/cropped-cropped-g910.png","contentUrl":"https:\/\/www.mpppst.gob.ve\/mpppstweb\/wp-content\/uploads\/2025\/07\/cropped-cropped-g910.png","width":1080,"height":241,"caption":"mpppst"},"image":{"@id":"https:\/\/www.mpppst.gob.ve\/mpppstweb\/#\/schema\/logo\/image\/"}},{"@type":"Person","@id":"https:\/\/www.mpppst.gob.ve\/mpppstweb\/#\/schema\/person\/fc187ee8ead412bd4c9304b62f900ea4","name":"MPPPST Prensa","url":"https:\/\/www.mpppst.gob.ve\/mpppstweb\/index.php\/author\/prensa-mpppst\/"}]}},"_links":{"self":[{"href":"https:\/\/www.mpppst.gob.ve\/mpppstweb\/index.php\/wp-json\/wp\/v2\/posts\/20567"}],"collection":[{"href":"https:\/\/www.mpppst.gob.ve\/mpppstweb\/index.php\/wp-json\/wp\/v2\/posts"}],"about":[{"href":"https:\/\/www.mpppst.gob.ve\/mpppstweb\/index.php\/wp-json\/wp\/v2\/types\/post"}],"author":[{"embeddable":true,"href":"https:\/\/www.mpppst.gob.ve\/mpppstweb\/index.php\/wp-json\/wp\/v2\/users\/25"}],"replies":[{"embeddable":true,"href":"https:\/\/www.mpppst.gob.ve\/mpppstweb\/index.php\/wp-json\/wp\/v2\/comments?post=20567"}],"version-history":[{"count":1,"href":"https:\/\/www.mpppst.gob.ve\/mpppstweb\/index.php\/wp-json\/wp\/v2\/posts\/20567\/revisions"}],"predecessor-version":[{"id":20569,"href":"https:\/\/www.mpppst.gob.ve\/mpppstweb\/index.php\/wp-json\/wp\/v2\/posts\/20567\/revisions\/20569"}],"wp:featuredmedia":[{"embeddable":true,"href":"https:\/\/www.mpppst.gob.ve\/mpppstweb\/index.php\/wp-json\/wp\/v2\/media\/20551"}],"wp:attachment":[{"href":"https:\/\/www.mpppst.gob.ve\/mpppstweb\/index.php\/wp-json\/wp\/v2\/media?parent=20567"}],"wp:term":[{"taxonomy":"category","embeddable":true,"href":"https:\/\/www.mpppst.gob.ve\/mpppstweb\/index.php\/wp-json\/wp\/v2\/categories?post=20567"},{"taxonomy":"post_tag","embeddable":true,"href":"https:\/\/www.mpppst.gob.ve\/mpppstweb\/index.php\/wp-json\/wp\/v2\/tags?post=20567"}],"curies":[{"name":"wp","href":"https:\/\/api.w.org\/{rel}","templated":true}]}}