{"id":20570,"date":"2020-11-23T08:02:11","date_gmt":"2020-11-23T12:02:11","guid":{"rendered":"http:\/\/www.mpppst.gob.ve\/mpppstweb\/?p=20570"},"modified":"2020-11-23T08:02:12","modified_gmt":"2020-11-23T12:02:12","slug":"este-lunes-inicia-capacitacion-de-juntas-regionales-electorales-en-materia-de-totalizacion-adjudicacion-y-proclamacion","status":"publish","type":"post","link":"https:\/\/www.mpppst.gob.ve\/mpppstweb\/index.php\/2020\/11\/23\/este-lunes-inicia-capacitacion-de-juntas-regionales-electorales-en-materia-de-totalizacion-adjudicacion-y-proclamacion\/","title":{"rendered":"Este lunes inicia capacitaci\u00f3n de Juntas Regionales Electorales en materia de totalizaci\u00f3n, adjudicaci\u00f3n y proclamaci\u00f3n"},"content":{"rendered":"\n<p>Desde este lunes 23 de noviembre y hasta el pr\u00f3ximo 27 del mismo mes, se estar\u00e1 llevando a cabo la capacitaci\u00f3n de Juntas Regionales Electorales en materia de totalizaci\u00f3n, adjudicaci\u00f3n y proclamaci\u00f3n, evento pautado en el cronograma electoral de cara a los comicios parlamentarios del pr\u00f3ximo 6 de diciembre.<\/p>\n\n\n\n<p>La capacitaci\u00f3n que se desarrollar\u00e1 por los pr\u00f3ximos 5 d\u00edas, est\u00e1 a cargo de la Junta Nacional Electoral (JNE) y de la Oficina Nacional de Organismos Electorales Subalternos (ONOES).<\/p>\n\n\n\n<p>Este evento se inscribe en lo estipulado en el Art\u00edculo 112 de la Ley Org\u00e1nica de Procesos Electorales (LOPE), el cual reza: \u201cEl Consejo Nacional Electoral tomar\u00e1 todas las previsiones para la adecuada capacitaci\u00f3n de los ciudadanos seleccionados y ciudadanas seleccionadas para prestar el servicio electoral obligatorio\u201d.<\/p>\n\n\n\n<p>El cronograma electoral correspondiente a las elecciones Parlamentarias 2020 se ha cumplido a cabalidad para celebrar el venidero 6D un proceso democr\u00e1tico en el que m\u00e1s de 20 millones de venezolanos y venezolanas escoger\u00e1n a quienes legislar\u00e1n durante los pr\u00f3ximos 5 a\u00f1os.&nbsp;<\/p>\n\n\n\n<p>En este proceso comicial se miden 14.400 candidatos de 107 organizaciones con fines pol\u00edticos y organizaciones ind\u00edgenas de toda Venezuela, de los cuales resultar\u00e1n electos 277 diputados y diputadas a la Asamblea Nacional.<\/p>\n\n\n\n<p>A pesar de la pandemia mundial por la COVID-19, el&nbsp;<a href=\"https:\/\/www.vtv.gob.ve\/cne-despliega-material-electoral\/\">Consejo Nacional Electoral<\/a>, la Fuerza Armada Nacional Bolivariana y el Ministerio del Poder Popular para la Salud, han dise\u00f1ado y cuidado el cumplimiento de todos los protocolos de bioseguridad para garantizar a la ciudadan\u00eda el disfrute de sus derechos pol\u00edticos.<\/p>\n","protected":false},"excerpt":{"rendered":"<p>Desde este lunes 23 de noviembre y hasta el pr\u00f3ximo 27 del mismo mes, se estar\u00e1 &hellip; <a title=\"Este lunes inicia capacitaci\u00f3n de Juntas Regionales Electorales en materia de totalizaci\u00f3n, adjudicaci\u00f3n y proclamaci\u00f3n\" class=\"hm-read-more\" href=\"https:\/\/www.mpppst.gob.ve\/mpppstweb\/index.php\/2020\/11\/23\/este-lunes-inicia-capacitacion-de-juntas-regionales-electorales-en-materia-de-totalizacion-adjudicacion-y-proclamacion\/\"><span class=\"screen-reader-text\">Este lunes inicia capacitaci\u00f3n de Juntas Regionales Electorales en materia de totalizaci\u00f3n, adjudicaci\u00f3n y proclamaci\u00f3n<\/span>Read more<\/a><\/p>\n","protected":false},"author":25,"featured_media":20571,"comment_status":"closed","ping_status":"closed","sticky":false,"template":"","format":"standard","meta":{"footnotes":""},"categories":[395,82,163],"tags":[],"yoast_head":"<!-- This site is optimized with the Yoast SEO plugin v22.5 - https:\/\/yoast.com\/wordpress\/plugins\/seo\/ -->\n<title>Este lunes inicia capacitaci\u00f3n de Juntas Regionales Electorales en materia de totalizaci\u00f3n, adjudicaci\u00f3n y proclamaci\u00f3n - MPPPST<\/title>\n<meta name=\"robots\" content=\"index, follow, max-snippet:-1, max-image-preview:large, max-video-preview:-1\" \/>\n<link rel=\"canonical\" href=\"https:\/\/www.mpppst.gob.ve\/mpppstweb\/index.php\/2020\/11\/23\/este-lunes-inicia-capacitacion-de-juntas-regionales-electorales-en-materia-de-totalizacion-adjudicacion-y-proclamacion\/\" \/>\n<meta property=\"og:locale\" content=\"es_ES\" \/>\n<meta property=\"og:type\" content=\"article\" \/>\n<meta property=\"og:title\" content=\"Este lunes inicia capacitaci\u00f3n de Juntas Regionales Electorales en materia de totalizaci\u00f3n, adjudicaci\u00f3n y proclamaci\u00f3n - MPPPST\" \/>\n<meta property=\"og:description\" content=\"Desde este lunes 23 de noviembre y hasta el pr\u00f3ximo 27 del mismo mes, se estar\u00e1 &hellip; Este lunes inicia capacitaci\u00f3n de Juntas Regionales Electorales en materia de totalizaci\u00f3n, adjudicaci\u00f3n y proclamaci\u00f3nRead more\" \/>\n<meta property=\"og:url\" content=\"https:\/\/www.mpppst.gob.ve\/mpppstweb\/index.php\/2020\/11\/23\/este-lunes-inicia-capacitacion-de-juntas-regionales-electorales-en-materia-de-totalizacion-adjudicacion-y-proclamacion\/\" \/>\n<meta property=\"og:site_name\" content=\"MPPPST\" \/>\n<meta property=\"article:published_time\" content=\"2020-11-23T12:02:11+00:00\" \/>\n<meta property=\"article:modified_time\" content=\"2020-11-23T12:02:12+00:00\" \/>\n<meta property=\"og:image\" content=\"https:\/\/www.mpppst.gob.ve\/mpppstweb\/wp-content\/uploads\/2020\/11\/CNE-5-768x427-1.jpg\" \/>\n\t<meta property=\"og:image:width\" content=\"768\" \/>\n\t<meta property=\"og:image:height\" content=\"427\" \/>\n\t<meta property=\"og:image:type\" content=\"image\/jpeg\" \/>\n<meta name=\"author\" content=\"MPPPST Prensa\" \/>\n<meta name=\"twitter:card\" content=\"summary_large_image\" \/>\n<meta name=\"twitter:label1\" content=\"Escrito por\" \/>\n\t<meta name=\"twitter:data1\" content=\"MPPPST Prensa\" \/>\n\t<meta name=\"twitter:label2\" content=\"Tiempo de lectura\" \/>\n\t<meta name=\"twitter:data2\" content=\"1 minuto\" \/>\n<script type=\"application\/ld+json\" class=\"yoast-schema-graph\">{\"@context\":\"https:\/\/schema.org\",\"@graph\":[{\"@type\":\"Article\",\"@id\":\"https:\/\/www.mpppst.gob.ve\/mpppstweb\/index.php\/2020\/11\/23\/este-lunes-inicia-capacitacion-de-juntas-regionales-electorales-en-materia-de-totalizacion-adjudicacion-y-proclamacion\/#article\",\"isPartOf\":{\"@id\":\"https:\/\/www.mpppst.gob.ve\/mpppstweb\/index.php\/2020\/11\/23\/este-lunes-inicia-capacitacion-de-juntas-regionales-electorales-en-materia-de-totalizacion-adjudicacion-y-proclamacion\/\"},\"author\":{\"name\":\"MPPPST Prensa\",\"@id\":\"https:\/\/www.mpppst.gob.ve\/mpppstweb\/#\/schema\/person\/fc187ee8ead412bd4c9304b62f900ea4\"},\"headline\":\"Este lunes inicia capacitaci\u00f3n de Juntas Regionales Electorales en materia de totalizaci\u00f3n, adjudicaci\u00f3n y proclamaci\u00f3n\",\"datePublished\":\"2020-11-23T12:02:11+00:00\",\"dateModified\":\"2020-11-23T12:02:12+00:00\",\"mainEntityOfPage\":{\"@id\":\"https:\/\/www.mpppst.gob.ve\/mpppstweb\/index.php\/2020\/11\/23\/este-lunes-inicia-capacitacion-de-juntas-regionales-electorales-en-materia-de-totalizacion-adjudicacion-y-proclamacion\/\"},\"wordCount\":284,\"publisher\":{\"@id\":\"https:\/\/www.mpppst.gob.ve\/mpppstweb\/#organization\"},\"image\":{\"@id\":\"https:\/\/www.mpppst.gob.ve\/mpppstweb\/index.php\/2020\/11\/23\/este-lunes-inicia-capacitacion-de-juntas-regionales-electorales-en-materia-de-totalizacion-adjudicacion-y-proclamacion\/#primaryimage\"},\"thumbnailUrl\":\"https:\/\/www.mpppst.gob.ve\/mpppstweb\/wp-content\/uploads\/2020\/11\/CNE-5-768x427-1.jpg\",\"articleSection\":[\"CNE\",\"Gobierno Nacional\",\"Noticias\"],\"inLanguage\":\"es\"},{\"@type\":\"WebPage\",\"@id\":\"https:\/\/www.mpppst.gob.ve\/mpppstweb\/index.php\/2020\/11\/23\/este-lunes-inicia-capacitacion-de-juntas-regionales-electorales-en-materia-de-totalizacion-adjudicacion-y-proclamacion\/\",\"url\":\"https:\/\/www.mpppst.gob.ve\/mpppstweb\/index.php\/2020\/11\/23\/este-lunes-inicia-capacitacion-de-juntas-regionales-electorales-en-materia-de-totalizacion-adjudicacion-y-proclamacion\/\",\"name\":\"Este lunes inicia capacitaci\u00f3n de Juntas Regionales Electorales en materia de totalizaci\u00f3n, adjudicaci\u00f3n y proclamaci\u00f3n - MPPPST\",\"isPartOf\":{\"@id\":\"https:\/\/www.mpppst.gob.ve\/mpppstweb\/#website\"},\"primaryImageOfPage\":{\"@id\":\"https:\/\/www.mpppst.gob.ve\/mpppstweb\/index.php\/2020\/11\/23\/este-lunes-inicia-capacitacion-de-juntas-regionales-electorales-en-materia-de-totalizacion-adjudicacion-y-proclamacion\/#primaryimage\"},\"image\":{\"@id\":\"https:\/\/www.mpppst.gob.ve\/mpppstweb\/index.php\/2020\/11\/23\/este-lunes-inicia-capacitacion-de-juntas-regionales-electorales-en-materia-de-totalizacion-adjudicacion-y-proclamacion\/#primaryimage\"},\"thumbnailUrl\":\"https:\/\/www.mpppst.gob.ve\/mpppstweb\/wp-content\/uploads\/2020\/11\/CNE-5-768x427-1.jpg\",\"datePublished\":\"2020-11-23T12:02:11+00:00\",\"dateModified\":\"2020-11-23T12:02:12+00:00\",\"breadcrumb\":{\"@id\":\"https:\/\/www.mpppst.gob.ve\/mpppstweb\/index.php\/2020\/11\/23\/este-lunes-inicia-capacitacion-de-juntas-regionales-electorales-en-materia-de-totalizacion-adjudicacion-y-proclamacion\/#breadcrumb\"},\"inLanguage\":\"es\",\"potentialAction\":[{\"@type\":\"ReadAction\",\"target\":[\"https:\/\/www.mpppst.gob.ve\/mpppstweb\/index.php\/2020\/11\/23\/este-lunes-inicia-capacitacion-de-juntas-regionales-electorales-en-materia-de-totalizacion-adjudicacion-y-proclamacion\/\"]}]},{\"@type\":\"ImageObject\",\"inLanguage\":\"es\",\"@id\":\"https:\/\/www.mpppst.gob.ve\/mpppstweb\/index.php\/2020\/11\/23\/este-lunes-inicia-capacitacion-de-juntas-regionales-electorales-en-materia-de-totalizacion-adjudicacion-y-proclamacion\/#primaryimage\",\"url\":\"https:\/\/www.mpppst.gob.ve\/mpppstweb\/wp-content\/uploads\/2020\/11\/CNE-5-768x427-1.jpg\",\"contentUrl\":\"https:\/\/www.mpppst.gob.ve\/mpppstweb\/wp-content\/uploads\/2020\/11\/CNE-5-768x427-1.jpg\",\"width\":768,\"height\":427},{\"@type\":\"BreadcrumbList\",\"@id\":\"https:\/\/www.mpppst.gob.ve\/mpppstweb\/index.php\/2020\/11\/23\/este-lunes-inicia-capacitacion-de-juntas-regionales-electorales-en-materia-de-totalizacion-adjudicacion-y-proclamacion\/#breadcrumb\",\"itemListElement\":[{\"@type\":\"ListItem\",\"position\":1,\"name\":\"Home\",\"item\":\"https:\/\/www.mpppst.gob.ve\/mpppstweb\/\"},{\"@type\":\"ListItem\",\"position\":2,\"name\":\"Este lunes inicia capacitaci\u00f3n de Juntas Regionales Electorales en materia de totalizaci\u00f3n, adjudicaci\u00f3n y proclamaci\u00f3n\"}]},{\"@type\":\"WebSite\",\"@id\":\"https:\/\/www.mpppst.gob.ve\/mpppstweb\/#website\",\"url\":\"https:\/\/www.mpppst.gob.ve\/mpppstweb\/\",\"name\":\"MPPPST\",\"description\":\"Ministerio del Poder Popular para el Proceso Social de Trabajo\",\"publisher\":{\"@id\":\"https:\/\/www.mpppst.gob.ve\/mpppstweb\/#organization\"},\"potentialAction\":[{\"@type\":\"SearchAction\",\"target\":{\"@type\":\"EntryPoint\",\"urlTemplate\":\"https:\/\/www.mpppst.gob.ve\/mpppstweb\/?s={search_term_string}\"},\"query-input\":\"required name=search_term_string\"}],\"inLanguage\":\"es\"},{\"@type\":\"Organization\",\"@id\":\"https:\/\/www.mpppst.gob.ve\/mpppstweb\/#organization\",\"name\":\"mpppst\",\"url\":\"https:\/\/www.mpppst.gob.ve\/mpppstweb\/\",\"logo\":{\"@type\":\"ImageObject\",\"inLanguage\":\"es\",\"@id\":\"https:\/\/www.mpppst.gob.ve\/mpppstweb\/#\/schema\/logo\/image\/\",\"url\":\"https:\/\/www.mpppst.gob.ve\/mpppstweb\/wp-content\/uploads\/2025\/07\/cropped-cropped-g910.png\",\"contentUrl\":\"https:\/\/www.mpppst.gob.ve\/mpppstweb\/wp-content\/uploads\/2025\/07\/cropped-cropped-g910.png\",\"width\":1080,\"height\":241,\"caption\":\"mpppst\"},\"image\":{\"@id\":\"https:\/\/www.mpppst.gob.ve\/mpppstweb\/#\/schema\/logo\/image\/\"}},{\"@type\":\"Person\",\"@id\":\"https:\/\/www.mpppst.gob.ve\/mpppstweb\/#\/schema\/person\/fc187ee8ead412bd4c9304b62f900ea4\",\"name\":\"MPPPST Prensa\",\"url\":\"https:\/\/www.mpppst.gob.ve\/mpppstweb\/index.php\/author\/prensa-mpppst\/\"}]}<\/script>\n<!-- \/ Yoast SEO plugin. -->","yoast_head_json":{"title":"Este lunes inicia capacitaci\u00f3n de Juntas Regionales Electorales en materia de totalizaci\u00f3n, adjudicaci\u00f3n y proclamaci\u00f3n - MPPPST","robots":{"index":"index","follow":"follow","max-snippet":"max-snippet:-1","max-image-preview":"max-image-preview:large","max-video-preview":"max-video-preview:-1"},"canonical":"https:\/\/www.mpppst.gob.ve\/mpppstweb\/index.php\/2020\/11\/23\/este-lunes-inicia-capacitacion-de-juntas-regionales-electorales-en-materia-de-totalizacion-adjudicacion-y-proclamacion\/","og_locale":"es_ES","og_type":"article","og_title":"Este lunes inicia capacitaci\u00f3n de Juntas Regionales Electorales en materia de totalizaci\u00f3n, adjudicaci\u00f3n y proclamaci\u00f3n - MPPPST","og_description":"Desde este lunes 23 de noviembre y hasta el pr\u00f3ximo 27 del mismo mes, se estar\u00e1 &hellip; Este lunes inicia capacitaci\u00f3n de Juntas Regionales Electorales en materia de totalizaci\u00f3n, adjudicaci\u00f3n y proclamaci\u00f3nRead more","og_url":"https:\/\/www.mpppst.gob.ve\/mpppstweb\/index.php\/2020\/11\/23\/este-lunes-inicia-capacitacion-de-juntas-regionales-electorales-en-materia-de-totalizacion-adjudicacion-y-proclamacion\/","og_site_name":"MPPPST","article_published_time":"2020-11-23T12:02:11+00:00","article_modified_time":"2020-11-23T12:02:12+00:00","og_image":[{"width":768,"height":427,"url":"https:\/\/www.mpppst.gob.ve\/mpppstweb\/wp-content\/uploads\/2020\/11\/CNE-5-768x427-1.jpg","type":"image\/jpeg"}],"author":"MPPPST Prensa","twitter_card":"summary_large_image","twitter_misc":{"Escrito por":"MPPPST Prensa","Tiempo de lectura":"1 minuto"},"schema":{"@context":"https:\/\/schema.org","@graph":[{"@type":"Article","@id":"https:\/\/www.mpppst.gob.ve\/mpppstweb\/index.php\/2020\/11\/23\/este-lunes-inicia-capacitacion-de-juntas-regionales-electorales-en-materia-de-totalizacion-adjudicacion-y-proclamacion\/#article","isPartOf":{"@id":"https:\/\/www.mpppst.gob.ve\/mpppstweb\/index.php\/2020\/11\/23\/este-lunes-inicia-capacitacion-de-juntas-regionales-electorales-en-materia-de-totalizacion-adjudicacion-y-proclamacion\/"},"author":{"name":"MPPPST Prensa","@id":"https:\/\/www.mpppst.gob.ve\/mpppstweb\/#\/schema\/person\/fc187ee8ead412bd4c9304b62f900ea4"},"headline":"Este lunes inicia capacitaci\u00f3n de Juntas Regionales Electorales en materia de totalizaci\u00f3n, adjudicaci\u00f3n y proclamaci\u00f3n","datePublished":"2020-11-23T12:02:11+00:00","dateModified":"2020-11-23T12:02:12+00:00","mainEntityOfPage":{"@id":"https:\/\/www.mpppst.gob.ve\/mpppstweb\/index.php\/2020\/11\/23\/este-lunes-inicia-capacitacion-de-juntas-regionales-electorales-en-materia-de-totalizacion-adjudicacion-y-proclamacion\/"},"wordCount":284,"publisher":{"@id":"https:\/\/www.mpppst.gob.ve\/mpppstweb\/#organization"},"image":{"@id":"https:\/\/www.mpppst.gob.ve\/mpppstweb\/index.php\/2020\/11\/23\/este-lunes-inicia-capacitacion-de-juntas-regionales-electorales-en-materia-de-totalizacion-adjudicacion-y-proclamacion\/#primaryimage"},"thumbnailUrl":"https:\/\/www.mpppst.gob.ve\/mpppstweb\/wp-content\/uploads\/2020\/11\/CNE-5-768x427-1.jpg","articleSection":["CNE","Gobierno Nacional","Noticias"],"inLanguage":"es"},{"@type":"WebPage","@id":"https:\/\/www.mpppst.gob.ve\/mpppstweb\/index.php\/2020\/11\/23\/este-lunes-inicia-capacitacion-de-juntas-regionales-electorales-en-materia-de-totalizacion-adjudicacion-y-proclamacion\/","url":"https:\/\/www.mpppst.gob.ve\/mpppstweb\/index.php\/2020\/11\/23\/este-lunes-inicia-capacitacion-de-juntas-regionales-electorales-en-materia-de-totalizacion-adjudicacion-y-proclamacion\/","name":"Este lunes inicia capacitaci\u00f3n de Juntas Regionales Electorales en materia de totalizaci\u00f3n, adjudicaci\u00f3n y proclamaci\u00f3n - MPPPST","isPartOf":{"@id":"https:\/\/www.mpppst.gob.ve\/mpppstweb\/#website"},"primaryImageOfPage":{"@id":"https:\/\/www.mpppst.gob.ve\/mpppstweb\/index.php\/2020\/11\/23\/este-lunes-inicia-capacitacion-de-juntas-regionales-electorales-en-materia-de-totalizacion-adjudicacion-y-proclamacion\/#primaryimage"},"image":{"@id":"https:\/\/www.mpppst.gob.ve\/mpppstweb\/index.php\/2020\/11\/23\/este-lunes-inicia-capacitacion-de-juntas-regionales-electorales-en-materia-de-totalizacion-adjudicacion-y-proclamacion\/#primaryimage"},"thumbnailUrl":"https:\/\/www.mpppst.gob.ve\/mpppstweb\/wp-content\/uploads\/2020\/11\/CNE-5-768x427-1.jpg","datePublished":"2020-11-23T12:02:11+00:00","dateModified":"2020-11-23T12:02:12+00:00","breadcrumb":{"@id":"https:\/\/www.mpppst.gob.ve\/mpppstweb\/index.php\/2020\/11\/23\/este-lunes-inicia-capacitacion-de-juntas-regionales-electorales-en-materia-de-totalizacion-adjudicacion-y-proclamacion\/#breadcrumb"},"inLanguage":"es","potentialAction":[{"@type":"ReadAction","target":["https:\/\/www.mpppst.gob.ve\/mpppstweb\/index.php\/2020\/11\/23\/este-lunes-inicia-capacitacion-de-juntas-regionales-electorales-en-materia-de-totalizacion-adjudicacion-y-proclamacion\/"]}]},{"@type":"ImageObject","inLanguage":"es","@id":"https:\/\/www.mpppst.gob.ve\/mpppstweb\/index.php\/2020\/11\/23\/este-lunes-inicia-capacitacion-de-juntas-regionales-electorales-en-materia-de-totalizacion-adjudicacion-y-proclamacion\/#primaryimage","url":"https:\/\/www.mpppst.gob.ve\/mpppstweb\/wp-content\/uploads\/2020\/11\/CNE-5-768x427-1.jpg","contentUrl":"https:\/\/www.mpppst.gob.ve\/mpppstweb\/wp-content\/uploads\/2020\/11\/CNE-5-768x427-1.jpg","width":768,"height":427},{"@type":"BreadcrumbList","@id":"https:\/\/www.mpppst.gob.ve\/mpppstweb\/index.php\/2020\/11\/23\/este-lunes-inicia-capacitacion-de-juntas-regionales-electorales-en-materia-de-totalizacion-adjudicacion-y-proclamacion\/#breadcrumb","itemListElement":[{"@type":"ListItem","position":1,"name":"Home","item":"https:\/\/www.mpppst.gob.ve\/mpppstweb\/"},{"@type":"ListItem","position":2,"name":"Este lunes inicia capacitaci\u00f3n de Juntas Regionales Electorales en materia de totalizaci\u00f3n, adjudicaci\u00f3n y proclamaci\u00f3n"}]},{"@type":"WebSite","@id":"https:\/\/www.mpppst.gob.ve\/mpppstweb\/#website","url":"https:\/\/www.mpppst.gob.ve\/mpppstweb\/","name":"MPPPST","description":"Ministerio del Poder Popular para el Proceso Social de Trabajo","publisher":{"@id":"https:\/\/www.mpppst.gob.ve\/mpppstweb\/#organization"},"potentialAction":[{"@type":"SearchAction","target":{"@type":"EntryPoint","urlTemplate":"https:\/\/www.mpppst.gob.ve\/mpppstweb\/?s={search_term_string}"},"query-input":"required name=search_term_string"}],"inLanguage":"es"},{"@type":"Organization","@id":"https:\/\/www.mpppst.gob.ve\/mpppstweb\/#organization","name":"mpppst","url":"https:\/\/www.mpppst.gob.ve\/mpppstweb\/","logo":{"@type":"ImageObject","inLanguage":"es","@id":"https:\/\/www.mpppst.gob.ve\/mpppstweb\/#\/schema\/logo\/image\/","url":"https:\/\/www.mpppst.gob.ve\/mpppstweb\/wp-content\/uploads\/2025\/07\/cropped-cropped-g910.png","contentUrl":"https:\/\/www.mpppst.gob.ve\/mpppstweb\/wp-content\/uploads\/2025\/07\/cropped-cropped-g910.png","width":1080,"height":241,"caption":"mpppst"},"image":{"@id":"https:\/\/www.mpppst.gob.ve\/mpppstweb\/#\/schema\/logo\/image\/"}},{"@type":"Person","@id":"https:\/\/www.mpppst.gob.ve\/mpppstweb\/#\/schema\/person\/fc187ee8ead412bd4c9304b62f900ea4","name":"MPPPST Prensa","url":"https:\/\/www.mpppst.gob.ve\/mpppstweb\/index.php\/author\/prensa-mpppst\/"}]}},"_links":{"self":[{"href":"https:\/\/www.mpppst.gob.ve\/mpppstweb\/index.php\/wp-json\/wp\/v2\/posts\/20570"}],"collection":[{"href":"https:\/\/www.mpppst.gob.ve\/mpppstweb\/index.php\/wp-json\/wp\/v2\/posts"}],"about":[{"href":"https:\/\/www.mpppst.gob.ve\/mpppstweb\/index.php\/wp-json\/wp\/v2\/types\/post"}],"author":[{"embeddable":true,"href":"https:\/\/www.mpppst.gob.ve\/mpppstweb\/index.php\/wp-json\/wp\/v2\/users\/25"}],"replies":[{"embeddable":true,"href":"https:\/\/www.mpppst.gob.ve\/mpppstweb\/index.php\/wp-json\/wp\/v2\/comments?post=20570"}],"version-history":[{"count":1,"href":"https:\/\/www.mpppst.gob.ve\/mpppstweb\/index.php\/wp-json\/wp\/v2\/posts\/20570\/revisions"}],"predecessor-version":[{"id":20572,"href":"https:\/\/www.mpppst.gob.ve\/mpppstweb\/index.php\/wp-json\/wp\/v2\/posts\/20570\/revisions\/20572"}],"wp:featuredmedia":[{"embeddable":true,"href":"https:\/\/www.mpppst.gob.ve\/mpppstweb\/index.php\/wp-json\/wp\/v2\/media\/20571"}],"wp:attachment":[{"href":"https:\/\/www.mpppst.gob.ve\/mpppstweb\/index.php\/wp-json\/wp\/v2\/media?parent=20570"}],"wp:term":[{"taxonomy":"category","embeddable":true,"href":"https:\/\/www.mpppst.gob.ve\/mpppstweb\/index.php\/wp-json\/wp\/v2\/categories?post=20570"},{"taxonomy":"post_tag","embeddable":true,"href":"https:\/\/www.mpppst.gob.ve\/mpppstweb\/index.php\/wp-json\/wp\/v2\/tags?post=20570"}],"curies":[{"name":"wp","href":"https:\/\/api.w.org\/{rel}","templated":true}]}}