{"id":20593,"date":"2020-11-24T09:44:28","date_gmt":"2020-11-24T13:44:28","guid":{"rendered":"http:\/\/www.mpppst.gob.ve\/mpppstweb\/?p=20593"},"modified":"2020-11-24T09:44:29","modified_gmt":"2020-11-24T13:44:29","slug":"gobierno-bolivariano-inicia-entrega-por-sistema-patria-del-bono-conciencia-y-prevencion","status":"publish","type":"post","link":"https:\/\/www.mpppst.gob.ve\/mpppstweb\/index.php\/2020\/11\/24\/gobierno-bolivariano-inicia-entrega-por-sistema-patria-del-bono-conciencia-y-prevencion\/","title":{"rendered":"Gobierno Bolivariano inicia entrega por Sistema Patria del Bono Conciencia y Prevenci\u00f3n"},"content":{"rendered":"\n<p class=\"wp-block-paragraph\">Este lunes 23 de noviembre, el Gobierno Bolivariano inici\u00f3 la entrega del Bono Conciencia y Prevenci\u00f3n, enviado por el presidente constitucional de la Rep\u00fablica, Nicol\u00e1s Maduro Moros, a trav\u00e9s de la Plataforma Patria.<\/p>\n\n\n\n<p class=\"wp-block-paragraph\">La entrega tendr\u00e1 lugar entre los d\u00edas 23 al 30 de noviembre de 2020, as\u00ed inform\u00f3 el Sistema Patria.<\/p>\n\n\n\n<p class=\"wp-block-paragraph\">El otorgamiento se realizar\u00e1 de manera directa y gradual; el mensaje de notificaci\u00f3n \u201c<strong><em>Con el m\u00e9todo venezolano 7+7 Plus, la conciencia y la prevenci\u00f3n de todos, cuidaremos la salud del pueblo y garantizaremos un fin de a\u00f1o seguro<\/em><\/strong>\u201d ser\u00e1 enviado a quienes reciban este bono, v\u00eda mensaje de texto a trav\u00e9s del n\u00famero corto 3532 y por la aplicaci\u00f3n VeMonedero.<\/p>\n\n\n\n<p class=\"wp-block-paragraph\">Asimismo, la Plataforma Patria recomienda que antes de enviar los recursos a la Banca se valoren las diferentes opciones disponibles:<\/p>\n\n\n\n<ul class=\"wp-block-list\"><li>Recarga y Pago de Servicios Movilnet, Movistar y Digitel.<\/li><li>Pago de gasolina.<\/li><li>Pago del servicios p\u00fablicos Corpoelec, Cantv, Hidrol\u00f3gicas.<\/li><li>Participar en el Sistema de Intercambio.<\/li><li>Pago en comercios utilizando los puntos de venta BiopagoBDV.<\/li><li>Ahorrar en t\u00edtulos de Oro Soberano.<\/li><\/ul>\n","protected":false},"excerpt":{"rendered":"<p>Este lunes 23 de noviembre, el Gobierno Bolivariano inici\u00f3 la entrega del Bono Conciencia y Prevenci\u00f3n, &hellip; <a title=\"Gobierno Bolivariano inicia entrega por Sistema Patria del Bono Conciencia y Prevenci\u00f3n\" class=\"hm-read-more\" href=\"https:\/\/www.mpppst.gob.ve\/mpppstweb\/index.php\/2020\/11\/24\/gobierno-bolivariano-inicia-entrega-por-sistema-patria-del-bono-conciencia-y-prevencion\/\"><span class=\"screen-reader-text\">Gobierno Bolivariano inicia entrega por Sistema Patria del Bono Conciencia y Prevenci\u00f3n<\/span>Leer m\u00e1s<\/a><\/p>\n","protected":false},"author":25,"featured_media":20594,"comment_status":"closed","ping_status":"closed","sticky":false,"template":"","format":"standard","meta":{"footnotes":""},"categories":[82,163],"tags":[],"class_list":["post-20593","post","type-post","status-publish","format-standard","has-post-thumbnail","hentry","category-gobierno-nacional","category-noticias"],"yoast_head":"<!-- This site is optimized with the Yoast SEO plugin v28.4 - https:\/\/yoast.com\/product\/yoast-seo-wordpress\/ -->\n<title>Gobierno Bolivariano inicia entrega por Sistema Patria del Bono Conciencia y Prevenci\u00f3n - MPPPST<\/title>\n<meta name=\"robots\" content=\"index, follow, max-snippet:-1, max-image-preview:large, max-video-preview:-1\" \/>\n<link rel=\"canonical\" href=\"https:\/\/www.mpppst.gob.ve\/mpppstweb\/index.php\/2020\/11\/24\/gobierno-bolivariano-inicia-entrega-por-sistema-patria-del-bono-conciencia-y-prevencion\/\" \/>\n<meta property=\"og:locale\" content=\"es_ES\" \/>\n<meta property=\"og:type\" content=\"article\" \/>\n<meta property=\"og:title\" content=\"Gobierno Bolivariano inicia entrega por Sistema Patria del Bono Conciencia y Prevenci\u00f3n - MPPPST\" \/>\n<meta property=\"og:description\" content=\"Este lunes 23 de noviembre, el Gobierno Bolivariano inici\u00f3 la entrega del Bono Conciencia y Prevenci\u00f3n, &hellip; Gobierno Bolivariano inicia entrega por Sistema Patria del Bono Conciencia y Prevenci\u00f3nLeer m\u00e1s\" \/>\n<meta property=\"og:url\" content=\"https:\/\/www.mpppst.gob.ve\/mpppstweb\/index.php\/2020\/11\/24\/gobierno-bolivariano-inicia-entrega-por-sistema-patria-del-bono-conciencia-y-prevencion\/\" \/>\n<meta property=\"og:site_name\" content=\"MPPPST\" \/>\n<meta property=\"article:publisher\" content=\"https:\/\/www.facebook.com\/mintrabajo_ve\" \/>\n<meta property=\"article:published_time\" content=\"2020-11-24T13:44:28+00:00\" \/>\n<meta property=\"article:modified_time\" content=\"2020-11-24T13:44:29+00:00\" \/>\n<meta property=\"og:image\" content=\"https:\/\/www.mpppst.gob.ve\/mpppstweb\/wp-content\/uploads\/2020\/11\/Bono-Conciencia-y-Prevencion-768x427-1.jpg\" \/>\n\t<meta property=\"og:image:width\" content=\"768\" \/>\n\t<meta property=\"og:image:height\" content=\"427\" \/>\n\t<meta property=\"og:image:type\" content=\"image\/jpeg\" \/>\n<meta name=\"author\" content=\"MPPPST Prensa\" \/>\n<meta name=\"twitter:card\" content=\"summary_large_image\" \/>\n<script type=\"application\/ld+json\" class=\"yoast-schema-graph\">{\"@context\":\"https:\\\/\\\/schema.org\",\"@graph\":[{\"@type\":\"Article\",\"@id\":\"https:\\\/\\\/www.mpppst.gob.ve\\\/mpppstweb\\\/index.php\\\/2020\\\/11\\\/24\\\/gobierno-bolivariano-inicia-entrega-por-sistema-patria-del-bono-conciencia-y-prevencion\\\/#article\",\"isPartOf\":{\"@id\":\"https:\\\/\\\/www.mpppst.gob.ve\\\/mpppstweb\\\/index.php\\\/2020\\\/11\\\/24\\\/gobierno-bolivariano-inicia-entrega-por-sistema-patria-del-bono-conciencia-y-prevencion\\\/\"},\"author\":{\"name\":\"MPPPST Prensa\",\"@id\":\"https:\\\/\\\/www.mpppst.gob.ve\\\/mpppstweb\\\/#\\\/schema\\\/person\\\/fc187ee8ead412bd4c9304b62f900ea4\"},\"headline\":\"Gobierno Bolivariano inicia entrega por Sistema Patria del Bono Conciencia y Prevenci\u00f3n\",\"datePublished\":\"2020-11-24T13:44:28+00:00\",\"dateModified\":\"2020-11-24T13:44:29+00:00\",\"mainEntityOfPage\":{\"@id\":\"https:\\\/\\\/www.mpppst.gob.ve\\\/mpppstweb\\\/index.php\\\/2020\\\/11\\\/24\\\/gobierno-bolivariano-inicia-entrega-por-sistema-patria-del-bono-conciencia-y-prevencion\\\/\"},\"wordCount\":195,\"publisher\":{\"@id\":\"https:\\\/\\\/www.mpppst.gob.ve\\\/mpppstweb\\\/#organization\"},\"image\":{\"@id\":\"https:\\\/\\\/www.mpppst.gob.ve\\\/mpppstweb\\\/index.php\\\/2020\\\/11\\\/24\\\/gobierno-bolivariano-inicia-entrega-por-sistema-patria-del-bono-conciencia-y-prevencion\\\/#primaryimage\"},\"thumbnailUrl\":\"https:\\\/\\\/www.mpppst.gob.ve\\\/mpppstweb\\\/wp-content\\\/uploads\\\/2020\\\/11\\\/Bono-Conciencia-y-Prevencion-768x427-1.jpg\",\"articleSection\":[\"Gobierno Nacional\",\"Noticias\"],\"inLanguage\":\"es\"},{\"@type\":\"WebPage\",\"@id\":\"https:\\\/\\\/www.mpppst.gob.ve\\\/mpppstweb\\\/index.php\\\/2020\\\/11\\\/24\\\/gobierno-bolivariano-inicia-entrega-por-sistema-patria-del-bono-conciencia-y-prevencion\\\/\",\"url\":\"https:\\\/\\\/www.mpppst.gob.ve\\\/mpppstweb\\\/index.php\\\/2020\\\/11\\\/24\\\/gobierno-bolivariano-inicia-entrega-por-sistema-patria-del-bono-conciencia-y-prevencion\\\/\",\"name\":\"Gobierno Bolivariano inicia entrega por Sistema Patria del Bono Conciencia y Prevenci\u00f3n - MPPPST\",\"isPartOf\":{\"@id\":\"https:\\\/\\\/www.mpppst.gob.ve\\\/mpppstweb\\\/#website\"},\"primaryImageOfPage\":{\"@id\":\"https:\\\/\\\/www.mpppst.gob.ve\\\/mpppstweb\\\/index.php\\\/2020\\\/11\\\/24\\\/gobierno-bolivariano-inicia-entrega-por-sistema-patria-del-bono-conciencia-y-prevencion\\\/#primaryimage\"},\"image\":{\"@id\":\"https:\\\/\\\/www.mpppst.gob.ve\\\/mpppstweb\\\/index.php\\\/2020\\\/11\\\/24\\\/gobierno-bolivariano-inicia-entrega-por-sistema-patria-del-bono-conciencia-y-prevencion\\\/#primaryimage\"},\"thumbnailUrl\":\"https:\\\/\\\/www.mpppst.gob.ve\\\/mpppstweb\\\/wp-content\\\/uploads\\\/2020\\\/11\\\/Bono-Conciencia-y-Prevencion-768x427-1.jpg\",\"datePublished\":\"2020-11-24T13:44:28+00:00\",\"dateModified\":\"2020-11-24T13:44:29+00:00\",\"breadcrumb\":{\"@id\":\"https:\\\/\\\/www.mpppst.gob.ve\\\/mpppstweb\\\/index.php\\\/2020\\\/11\\\/24\\\/gobierno-bolivariano-inicia-entrega-por-sistema-patria-del-bono-conciencia-y-prevencion\\\/#breadcrumb\"},\"inLanguage\":\"es\",\"potentialAction\":[{\"@type\":\"ReadAction\",\"target\":[\"https:\\\/\\\/www.mpppst.gob.ve\\\/mpppstweb\\\/index.php\\\/2020\\\/11\\\/24\\\/gobierno-bolivariano-inicia-entrega-por-sistema-patria-del-bono-conciencia-y-prevencion\\\/\"]}]},{\"@type\":\"ImageObject\",\"inLanguage\":\"es\",\"@id\":\"https:\\\/\\\/www.mpppst.gob.ve\\\/mpppstweb\\\/index.php\\\/2020\\\/11\\\/24\\\/gobierno-bolivariano-inicia-entrega-por-sistema-patria-del-bono-conciencia-y-prevencion\\\/#primaryimage\",\"url\":\"https:\\\/\\\/www.mpppst.gob.ve\\\/mpppstweb\\\/wp-content\\\/uploads\\\/2020\\\/11\\\/Bono-Conciencia-y-Prevencion-768x427-1.jpg\",\"contentUrl\":\"https:\\\/\\\/www.mpppst.gob.ve\\\/mpppstweb\\\/wp-content\\\/uploads\\\/2020\\\/11\\\/Bono-Conciencia-y-Prevencion-768x427-1.jpg\",\"width\":768,\"height\":427},{\"@type\":\"BreadcrumbList\",\"@id\":\"https:\\\/\\\/www.mpppst.gob.ve\\\/mpppstweb\\\/index.php\\\/2020\\\/11\\\/24\\\/gobierno-bolivariano-inicia-entrega-por-sistema-patria-del-bono-conciencia-y-prevencion\\\/#breadcrumb\",\"itemListElement\":[{\"@type\":\"ListItem\",\"position\":1,\"name\":\"Home\",\"item\":\"https:\\\/\\\/www.mpppst.gob.ve\\\/mpppstweb\\\/\"},{\"@type\":\"ListItem\",\"position\":2,\"name\":\"Gobierno Bolivariano inicia entrega por Sistema Patria del Bono Conciencia y Prevenci\u00f3n\"}]},{\"@type\":\"WebSite\",\"@id\":\"https:\\\/\\\/www.mpppst.gob.ve\\\/mpppstweb\\\/#website\",\"url\":\"https:\\\/\\\/www.mpppst.gob.ve\\\/mpppstweb\\\/\",\"name\":\"MPPPST\",\"description\":\"Sitio web oficial del Ministerio del Poder Popular para el Proceso Social de Trabajo\",\"publisher\":{\"@id\":\"https:\\\/\\\/www.mpppst.gob.ve\\\/mpppstweb\\\/#organization\"},\"alternateName\":\"Ministerio del Poder Popular para el Proceso Social de Trabajo\",\"potentialAction\":[{\"@type\":\"SearchAction\",\"target\":{\"@type\":\"EntryPoint\",\"urlTemplate\":\"https:\\\/\\\/www.mpppst.gob.ve\\\/mpppstweb\\\/?s={search_term_string}\"},\"query-input\":{\"@type\":\"PropertyValueSpecification\",\"valueRequired\":true,\"valueName\":\"search_term_string\"}}],\"inLanguage\":\"es\"},{\"@type\":\"Organization\",\"@id\":\"https:\\\/\\\/www.mpppst.gob.ve\\\/mpppstweb\\\/#organization\",\"name\":\"Ministerio del Poder Popular para el Proceso Social de Trabajo\",\"alternateName\":\"MPPPST\",\"url\":\"https:\\\/\\\/www.mpppst.gob.ve\\\/mpppstweb\\\/\",\"logo\":{\"@type\":\"ImageObject\",\"inLanguage\":\"es\",\"@id\":\"https:\\\/\\\/www.mpppst.gob.ve\\\/mpppstweb\\\/#\\\/schema\\\/logo\\\/image\\\/\",\"url\":\"https:\\\/\\\/www.mpppst.gob.ve\\\/mpppstweb\\\/wp-content\\\/uploads\\\/2025\\\/07\\\/cropped-cropped-g910.png\",\"contentUrl\":\"https:\\\/\\\/www.mpppst.gob.ve\\\/mpppstweb\\\/wp-content\\\/uploads\\\/2025\\\/07\\\/cropped-cropped-g910.png\",\"width\":1080,\"height\":241,\"caption\":\"Ministerio del Poder Popular para el Proceso Social de Trabajo\"},\"image\":{\"@id\":\"https:\\\/\\\/www.mpppst.gob.ve\\\/mpppstweb\\\/#\\\/schema\\\/logo\\\/image\\\/\"},\"sameAs\":[\"https:\\\/\\\/www.facebook.com\\\/mintrabajo_ve\",\"https:\\\/\\\/www.instagram.com\\\/mintrabajo_ve\\\/\",\"https:\\\/\\\/www.tiktok.com\\\/@mintrabajo_ve\",\"https:\\\/\\\/t.me\\\/mpppst\"]},{\"@type\":\"Person\",\"@id\":\"https:\\\/\\\/www.mpppst.gob.ve\\\/mpppstweb\\\/#\\\/schema\\\/person\\\/fc187ee8ead412bd4c9304b62f900ea4\",\"name\":\"MPPPST Prensa\",\"url\":\"https:\\\/\\\/www.mpppst.gob.ve\\\/mpppstweb\\\/index.php\\\/author\\\/prensa-mpppst\\\/\"}]}<\/script>\n<!-- \/ Yoast SEO plugin. -->","yoast_head_json":{"title":"Gobierno Bolivariano inicia entrega por Sistema Patria del Bono Conciencia y Prevenci\u00f3n - MPPPST","robots":{"index":"index","follow":"follow","max-snippet":"max-snippet:-1","max-image-preview":"max-image-preview:large","max-video-preview":"max-video-preview:-1"},"canonical":"https:\/\/www.mpppst.gob.ve\/mpppstweb\/index.php\/2020\/11\/24\/gobierno-bolivariano-inicia-entrega-por-sistema-patria-del-bono-conciencia-y-prevencion\/","og_locale":"es_ES","og_type":"article","og_title":"Gobierno Bolivariano inicia entrega por Sistema Patria del Bono Conciencia y Prevenci\u00f3n - MPPPST","og_description":"Este lunes 23 de noviembre, el Gobierno Bolivariano inici\u00f3 la entrega del Bono Conciencia y Prevenci\u00f3n, &hellip; Gobierno Bolivariano inicia entrega por Sistema Patria del Bono Conciencia y Prevenci\u00f3nLeer m\u00e1s","og_url":"https:\/\/www.mpppst.gob.ve\/mpppstweb\/index.php\/2020\/11\/24\/gobierno-bolivariano-inicia-entrega-por-sistema-patria-del-bono-conciencia-y-prevencion\/","og_site_name":"MPPPST","article_publisher":"https:\/\/www.facebook.com\/mintrabajo_ve","article_published_time":"2020-11-24T13:44:28+00:00","article_modified_time":"2020-11-24T13:44:29+00:00","og_image":[{"width":768,"height":427,"url":"https:\/\/www.mpppst.gob.ve\/mpppstweb\/wp-content\/uploads\/2020\/11\/Bono-Conciencia-y-Prevencion-768x427-1.jpg","type":"image\/jpeg"}],"author":"MPPPST Prensa","twitter_card":"summary_large_image","schema":{"@context":"https:\/\/schema.org","@graph":[{"@type":"Article","@id":"https:\/\/www.mpppst.gob.ve\/mpppstweb\/index.php\/2020\/11\/24\/gobierno-bolivariano-inicia-entrega-por-sistema-patria-del-bono-conciencia-y-prevencion\/#article","isPartOf":{"@id":"https:\/\/www.mpppst.gob.ve\/mpppstweb\/index.php\/2020\/11\/24\/gobierno-bolivariano-inicia-entrega-por-sistema-patria-del-bono-conciencia-y-prevencion\/"},"author":{"name":"MPPPST Prensa","@id":"https:\/\/www.mpppst.gob.ve\/mpppstweb\/#\/schema\/person\/fc187ee8ead412bd4c9304b62f900ea4"},"headline":"Gobierno Bolivariano inicia entrega por Sistema Patria del Bono Conciencia y Prevenci\u00f3n","datePublished":"2020-11-24T13:44:28+00:00","dateModified":"2020-11-24T13:44:29+00:00","mainEntityOfPage":{"@id":"https:\/\/www.mpppst.gob.ve\/mpppstweb\/index.php\/2020\/11\/24\/gobierno-bolivariano-inicia-entrega-por-sistema-patria-del-bono-conciencia-y-prevencion\/"},"wordCount":195,"publisher":{"@id":"https:\/\/www.mpppst.gob.ve\/mpppstweb\/#organization"},"image":{"@id":"https:\/\/www.mpppst.gob.ve\/mpppstweb\/index.php\/2020\/11\/24\/gobierno-bolivariano-inicia-entrega-por-sistema-patria-del-bono-conciencia-y-prevencion\/#primaryimage"},"thumbnailUrl":"https:\/\/www.mpppst.gob.ve\/mpppstweb\/wp-content\/uploads\/2020\/11\/Bono-Conciencia-y-Prevencion-768x427-1.jpg","articleSection":["Gobierno Nacional","Noticias"],"inLanguage":"es"},{"@type":"WebPage","@id":"https:\/\/www.mpppst.gob.ve\/mpppstweb\/index.php\/2020\/11\/24\/gobierno-bolivariano-inicia-entrega-por-sistema-patria-del-bono-conciencia-y-prevencion\/","url":"https:\/\/www.mpppst.gob.ve\/mpppstweb\/index.php\/2020\/11\/24\/gobierno-bolivariano-inicia-entrega-por-sistema-patria-del-bono-conciencia-y-prevencion\/","name":"Gobierno Bolivariano inicia entrega por Sistema Patria del Bono Conciencia y Prevenci\u00f3n - MPPPST","isPartOf":{"@id":"https:\/\/www.mpppst.gob.ve\/mpppstweb\/#website"},"primaryImageOfPage":{"@id":"https:\/\/www.mpppst.gob.ve\/mpppstweb\/index.php\/2020\/11\/24\/gobierno-bolivariano-inicia-entrega-por-sistema-patria-del-bono-conciencia-y-prevencion\/#primaryimage"},"image":{"@id":"https:\/\/www.mpppst.gob.ve\/mpppstweb\/index.php\/2020\/11\/24\/gobierno-bolivariano-inicia-entrega-por-sistema-patria-del-bono-conciencia-y-prevencion\/#primaryimage"},"thumbnailUrl":"https:\/\/www.mpppst.gob.ve\/mpppstweb\/wp-content\/uploads\/2020\/11\/Bono-Conciencia-y-Prevencion-768x427-1.jpg","datePublished":"2020-11-24T13:44:28+00:00","dateModified":"2020-11-24T13:44:29+00:00","breadcrumb":{"@id":"https:\/\/www.mpppst.gob.ve\/mpppstweb\/index.php\/2020\/11\/24\/gobierno-bolivariano-inicia-entrega-por-sistema-patria-del-bono-conciencia-y-prevencion\/#breadcrumb"},"inLanguage":"es","potentialAction":[{"@type":"ReadAction","target":["https:\/\/www.mpppst.gob.ve\/mpppstweb\/index.php\/2020\/11\/24\/gobierno-bolivariano-inicia-entrega-por-sistema-patria-del-bono-conciencia-y-prevencion\/"]}]},{"@type":"ImageObject","inLanguage":"es","@id":"https:\/\/www.mpppst.gob.ve\/mpppstweb\/index.php\/2020\/11\/24\/gobierno-bolivariano-inicia-entrega-por-sistema-patria-del-bono-conciencia-y-prevencion\/#primaryimage","url":"https:\/\/www.mpppst.gob.ve\/mpppstweb\/wp-content\/uploads\/2020\/11\/Bono-Conciencia-y-Prevencion-768x427-1.jpg","contentUrl":"https:\/\/www.mpppst.gob.ve\/mpppstweb\/wp-content\/uploads\/2020\/11\/Bono-Conciencia-y-Prevencion-768x427-1.jpg","width":768,"height":427},{"@type":"BreadcrumbList","@id":"https:\/\/www.mpppst.gob.ve\/mpppstweb\/index.php\/2020\/11\/24\/gobierno-bolivariano-inicia-entrega-por-sistema-patria-del-bono-conciencia-y-prevencion\/#breadcrumb","itemListElement":[{"@type":"ListItem","position":1,"name":"Home","item":"https:\/\/www.mpppst.gob.ve\/mpppstweb\/"},{"@type":"ListItem","position":2,"name":"Gobierno Bolivariano inicia entrega por Sistema Patria del Bono Conciencia y Prevenci\u00f3n"}]},{"@type":"WebSite","@id":"https:\/\/www.mpppst.gob.ve\/mpppstweb\/#website","url":"https:\/\/www.mpppst.gob.ve\/mpppstweb\/","name":"MPPPST","description":"Sitio web oficial del Ministerio del Poder Popular para el Proceso Social de Trabajo","publisher":{"@id":"https:\/\/www.mpppst.gob.ve\/mpppstweb\/#organization"},"alternateName":"Ministerio del Poder Popular para el Proceso Social de Trabajo","potentialAction":[{"@type":"SearchAction","target":{"@type":"EntryPoint","urlTemplate":"https:\/\/www.mpppst.gob.ve\/mpppstweb\/?s={search_term_string}"},"query-input":{"@type":"PropertyValueSpecification","valueRequired":true,"valueName":"search_term_string"}}],"inLanguage":"es"},{"@type":"Organization","@id":"https:\/\/www.mpppst.gob.ve\/mpppstweb\/#organization","name":"Ministerio del Poder Popular para el Proceso Social de Trabajo","alternateName":"MPPPST","url":"https:\/\/www.mpppst.gob.ve\/mpppstweb\/","logo":{"@type":"ImageObject","inLanguage":"es","@id":"https:\/\/www.mpppst.gob.ve\/mpppstweb\/#\/schema\/logo\/image\/","url":"https:\/\/www.mpppst.gob.ve\/mpppstweb\/wp-content\/uploads\/2025\/07\/cropped-cropped-g910.png","contentUrl":"https:\/\/www.mpppst.gob.ve\/mpppstweb\/wp-content\/uploads\/2025\/07\/cropped-cropped-g910.png","width":1080,"height":241,"caption":"Ministerio del Poder Popular para el Proceso Social de Trabajo"},"image":{"@id":"https:\/\/www.mpppst.gob.ve\/mpppstweb\/#\/schema\/logo\/image\/"},"sameAs":["https:\/\/www.facebook.com\/mintrabajo_ve","https:\/\/www.instagram.com\/mintrabajo_ve\/","https:\/\/www.tiktok.com\/@mintrabajo_ve","https:\/\/t.me\/mpppst"]},{"@type":"Person","@id":"https:\/\/www.mpppst.gob.ve\/mpppstweb\/#\/schema\/person\/fc187ee8ead412bd4c9304b62f900ea4","name":"MPPPST Prensa","url":"https:\/\/www.mpppst.gob.ve\/mpppstweb\/index.php\/author\/prensa-mpppst\/"}]}},"_links":{"self":[{"href":"https:\/\/www.mpppst.gob.ve\/mpppstweb\/index.php\/wp-json\/wp\/v2\/posts\/20593","targetHints":{"allow":["GET"]}}],"collection":[{"href":"https:\/\/www.mpppst.gob.ve\/mpppstweb\/index.php\/wp-json\/wp\/v2\/posts"}],"about":[{"href":"https:\/\/www.mpppst.gob.ve\/mpppstweb\/index.php\/wp-json\/wp\/v2\/types\/post"}],"author":[{"embeddable":true,"href":"https:\/\/www.mpppst.gob.ve\/mpppstweb\/index.php\/wp-json\/wp\/v2\/users\/25"}],"replies":[{"embeddable":true,"href":"https:\/\/www.mpppst.gob.ve\/mpppstweb\/index.php\/wp-json\/wp\/v2\/comments?post=20593"}],"version-history":[{"count":1,"href":"https:\/\/www.mpppst.gob.ve\/mpppstweb\/index.php\/wp-json\/wp\/v2\/posts\/20593\/revisions"}],"predecessor-version":[{"id":20595,"href":"https:\/\/www.mpppst.gob.ve\/mpppstweb\/index.php\/wp-json\/wp\/v2\/posts\/20593\/revisions\/20595"}],"wp:featuredmedia":[{"embeddable":true,"href":"https:\/\/www.mpppst.gob.ve\/mpppstweb\/index.php\/wp-json\/wp\/v2\/media\/20594"}],"wp:attachment":[{"href":"https:\/\/www.mpppst.gob.ve\/mpppstweb\/index.php\/wp-json\/wp\/v2\/media?parent=20593"}],"wp:term":[{"taxonomy":"category","embeddable":true,"href":"https:\/\/www.mpppst.gob.ve\/mpppstweb\/index.php\/wp-json\/wp\/v2\/categories?post=20593"},{"taxonomy":"post_tag","embeddable":true,"href":"https:\/\/www.mpppst.gob.ve\/mpppstweb\/index.php\/wp-json\/wp\/v2\/tags?post=20593"}],"curies":[{"name":"wp","href":"https:\/\/api.w.org\/{rel}","templated":true}]}}