{"id":20614,"date":"2020-11-26T08:06:12","date_gmt":"2020-11-26T12:06:12","guid":{"rendered":"http:\/\/www.mpppst.gob.ve\/mpppstweb\/?p=20614"},"modified":"2020-11-26T08:06:13","modified_gmt":"2020-11-26T12:06:13","slug":"inauguran-plantas-procesadoras-de-cereales-molinos-de-sur-america-en-cojedes-con-una-capacidad-instalada-de-500-ton-dia","status":"publish","type":"post","link":"https:\/\/www.mpppst.gob.ve\/mpppstweb\/index.php\/2020\/11\/26\/inauguran-plantas-procesadoras-de-cereales-molinos-de-sur-america-en-cojedes-con-una-capacidad-instalada-de-500-ton-dia\/","title":{"rendered":"Inauguran plantas procesadoras de cereales Molinos de Sur Am\u00e9rica en Cojedes con una capacidad instalada de 500 TON\/d\u00eda"},"content":{"rendered":"\n<p class=\"wp-block-paragraph\">Este mi\u00e9rcoles fueron inauguradas dos plantas procesadoras de cereales&nbsp;<strong>Molinos de Sur Am\u00e9rica,<\/strong>&nbsp;en la zona industrial Taguanes, municipio Tinaquillo del estado Cojedes, un complejo agroindustrial que est\u00e1 conformado por tres plantas que cuentan con una capacidad instalada de 500 toneladas\/d\u00edas, lo que se traduce en 15 mil toneladas de alimentos al mes para ser distribuidos al pueblo.&nbsp;<\/p>\n\n\n\n<p class=\"wp-block-paragraph\">La informaci\u00f3n la dio a conocer la ministra del Poder Popular para Comercio Nacional, Eneida Laya, quien destac\u00f3 que estas plantas producen&nbsp;<strong>harina trigo<\/strong>,&nbsp;<strong>arroz Tipo I<\/strong>&nbsp;y&nbsp;<strong>harina de<\/strong>&nbsp;<strong>ma\u00edz precocida blanca y amarilla, 100 por ciento producci\u00f3n nacional de calidad.&nbsp;<\/strong><\/p>\n\n\n\n<p class=\"wp-block-paragraph\">Por su parte, el empresario&nbsp;<strong>Edwin Navarro<\/strong>, destac\u00f3 que a pesar del bloqueo imperial, el 100 por ciento de los equipos de molienda de estas plantas fueron manufacturados en el pa\u00eds.<\/p>\n\n\n\n<p class=\"wp-block-paragraph\">\u201cLas plantas han sido construidas de manera modular con el objetivo de duplicar las capacidades de producci\u00f3n\u201d, asever\u00f3 Navarro.<\/p>\n\n\n\n<p class=\"wp-block-paragraph\">Durante una jornada de Mi\u00e9rcoles Productivo, el Jefe de Estado, Nicol\u00e1s Maduro, dio a conocer que estas plantas fueron culminadas gracias al apoyo de la banca p\u00fablica, a trav\u00e9s de l\u00edneas de financiamiento.&nbsp;<\/p>\n\n\n\n<p class=\"wp-block-paragraph\">Asimismo, aprobado recursos en euros para consolidar proyectos productivos en la entidad cojede\u00f1a.&nbsp;<\/p>\n\n\n\n<p class=\"wp-block-paragraph\">La planta tambi\u00e9n cuentan con una capacidad de almacenamiento (TON): 10.000 toneladas, as\u00ed como de 36 toneladas al d\u00eda de afrecho de trigo, 45 toneladas al d\u00eda de harina de arroz y 38 toneladas al d\u00eda de afrecho de ma\u00edz.&nbsp;<\/p>\n\n\n\n<figure><iframe loading=\"lazy\" width=\"800\" height=\"600\" src=\"https:\/\/www.dailymotion.com\/embed\/video\/x7xpkn6\" allowfullscreen=\"\"><\/iframe><\/figure>\n","protected":false},"excerpt":{"rendered":"<p>Este mi\u00e9rcoles fueron inauguradas dos plantas procesadoras de cereales&nbsp;Molinos de Sur Am\u00e9rica,&nbsp;en la zona industrial Taguanes, &hellip; <a title=\"Inauguran plantas procesadoras de cereales Molinos de Sur Am\u00e9rica en Cojedes con una capacidad instalada de 500 TON\/d\u00eda\" class=\"hm-read-more\" href=\"https:\/\/www.mpppst.gob.ve\/mpppstweb\/index.php\/2020\/11\/26\/inauguran-plantas-procesadoras-de-cereales-molinos-de-sur-america-en-cojedes-con-una-capacidad-instalada-de-500-ton-dia\/\"><span class=\"screen-reader-text\">Inauguran plantas procesadoras de cereales Molinos de Sur Am\u00e9rica en Cojedes con una capacidad instalada de 500 TON\/d\u00eda<\/span>Leer m\u00e1s<\/a><\/p>\n","protected":false},"author":25,"featured_media":20615,"comment_status":"closed","ping_status":"closed","sticky":false,"template":"","format":"standard","meta":{"footnotes":""},"categories":[82,163],"tags":[],"class_list":["post-20614","post","type-post","status-publish","format-standard","has-post-thumbnail","hentry","category-gobierno-nacional","category-noticias"],"yoast_head":"<!-- This site is optimized with the Yoast SEO plugin v28.4 - https:\/\/yoast.com\/product\/yoast-seo-wordpress\/ -->\n<title>Inauguran plantas procesadoras de cereales Molinos de Sur Am\u00e9rica en Cojedes con una capacidad instalada de 500 TON\/d\u00eda - MPPPST<\/title>\n<meta name=\"robots\" content=\"index, follow, max-snippet:-1, max-image-preview:large, max-video-preview:-1\" \/>\n<link rel=\"canonical\" href=\"https:\/\/www.mpppst.gob.ve\/mpppstweb\/index.php\/2020\/11\/26\/inauguran-plantas-procesadoras-de-cereales-molinos-de-sur-america-en-cojedes-con-una-capacidad-instalada-de-500-ton-dia\/\" \/>\n<meta property=\"og:locale\" content=\"es_ES\" \/>\n<meta property=\"og:type\" content=\"article\" \/>\n<meta property=\"og:title\" content=\"Inauguran plantas procesadoras de cereales Molinos de Sur Am\u00e9rica en Cojedes con una capacidad instalada de 500 TON\/d\u00eda - MPPPST\" \/>\n<meta property=\"og:description\" content=\"Este mi\u00e9rcoles fueron inauguradas dos plantas procesadoras de cereales&nbsp;Molinos de Sur Am\u00e9rica,&nbsp;en la zona industrial Taguanes, &hellip; Inauguran plantas procesadoras de cereales Molinos de Sur Am\u00e9rica en Cojedes con una capacidad instalada de 500 TON\/d\u00edaLeer m\u00e1s\" \/>\n<meta property=\"og:url\" content=\"https:\/\/www.mpppst.gob.ve\/mpppstweb\/index.php\/2020\/11\/26\/inauguran-plantas-procesadoras-de-cereales-molinos-de-sur-america-en-cojedes-con-una-capacidad-instalada-de-500-ton-dia\/\" \/>\n<meta property=\"og:site_name\" content=\"MPPPST\" \/>\n<meta property=\"article:publisher\" content=\"https:\/\/www.facebook.com\/mintrabajo_ve\" \/>\n<meta property=\"article:published_time\" content=\"2020-11-26T12:06:12+00:00\" \/>\n<meta property=\"article:modified_time\" content=\"2020-11-26T12:06:13+00:00\" \/>\n<meta property=\"og:image\" content=\"https:\/\/www.mpppst.gob.ve\/mpppstweb\/wp-content\/uploads\/2020\/11\/Captura-de-pantalla-2020-11-25-a-las-5.58.44-p.-m.-768x427-1.png\" \/>\n\t<meta property=\"og:image:width\" content=\"768\" \/>\n\t<meta property=\"og:image:height\" content=\"427\" \/>\n\t<meta property=\"og:image:type\" content=\"image\/png\" \/>\n<meta name=\"author\" content=\"MPPPST Prensa\" \/>\n<meta name=\"twitter:card\" content=\"summary_large_image\" \/>\n<script type=\"application\/ld+json\" class=\"yoast-schema-graph\">{\"@context\":\"https:\\\/\\\/schema.org\",\"@graph\":[{\"@type\":\"Article\",\"@id\":\"https:\\\/\\\/www.mpppst.gob.ve\\\/mpppstweb\\\/index.php\\\/2020\\\/11\\\/26\\\/inauguran-plantas-procesadoras-de-cereales-molinos-de-sur-america-en-cojedes-con-una-capacidad-instalada-de-500-ton-dia\\\/#article\",\"isPartOf\":{\"@id\":\"https:\\\/\\\/www.mpppst.gob.ve\\\/mpppstweb\\\/index.php\\\/2020\\\/11\\\/26\\\/inauguran-plantas-procesadoras-de-cereales-molinos-de-sur-america-en-cojedes-con-una-capacidad-instalada-de-500-ton-dia\\\/\"},\"author\":{\"name\":\"MPPPST Prensa\",\"@id\":\"https:\\\/\\\/www.mpppst.gob.ve\\\/mpppstweb\\\/#\\\/schema\\\/person\\\/fc187ee8ead412bd4c9304b62f900ea4\"},\"headline\":\"Inauguran plantas procesadoras de cereales Molinos de Sur Am\u00e9rica en Cojedes con una capacidad instalada de 500 TON\\\/d\u00eda\",\"datePublished\":\"2020-11-26T12:06:12+00:00\",\"dateModified\":\"2020-11-26T12:06:13+00:00\",\"mainEntityOfPage\":{\"@id\":\"https:\\\/\\\/www.mpppst.gob.ve\\\/mpppstweb\\\/index.php\\\/2020\\\/11\\\/26\\\/inauguran-plantas-procesadoras-de-cereales-molinos-de-sur-america-en-cojedes-con-una-capacidad-instalada-de-500-ton-dia\\\/\"},\"wordCount\":281,\"publisher\":{\"@id\":\"https:\\\/\\\/www.mpppst.gob.ve\\\/mpppstweb\\\/#organization\"},\"image\":{\"@id\":\"https:\\\/\\\/www.mpppst.gob.ve\\\/mpppstweb\\\/index.php\\\/2020\\\/11\\\/26\\\/inauguran-plantas-procesadoras-de-cereales-molinos-de-sur-america-en-cojedes-con-una-capacidad-instalada-de-500-ton-dia\\\/#primaryimage\"},\"thumbnailUrl\":\"https:\\\/\\\/www.mpppst.gob.ve\\\/mpppstweb\\\/wp-content\\\/uploads\\\/2020\\\/11\\\/Captura-de-pantalla-2020-11-25-a-las-5.58.44-p.-m.-768x427-1.png\",\"articleSection\":[\"Gobierno Nacional\",\"Noticias\"],\"inLanguage\":\"es\"},{\"@type\":\"WebPage\",\"@id\":\"https:\\\/\\\/www.mpppst.gob.ve\\\/mpppstweb\\\/index.php\\\/2020\\\/11\\\/26\\\/inauguran-plantas-procesadoras-de-cereales-molinos-de-sur-america-en-cojedes-con-una-capacidad-instalada-de-500-ton-dia\\\/\",\"url\":\"https:\\\/\\\/www.mpppst.gob.ve\\\/mpppstweb\\\/index.php\\\/2020\\\/11\\\/26\\\/inauguran-plantas-procesadoras-de-cereales-molinos-de-sur-america-en-cojedes-con-una-capacidad-instalada-de-500-ton-dia\\\/\",\"name\":\"Inauguran plantas procesadoras de cereales Molinos de Sur Am\u00e9rica en Cojedes con una capacidad instalada de 500 TON\\\/d\u00eda - MPPPST\",\"isPartOf\":{\"@id\":\"https:\\\/\\\/www.mpppst.gob.ve\\\/mpppstweb\\\/#website\"},\"primaryImageOfPage\":{\"@id\":\"https:\\\/\\\/www.mpppst.gob.ve\\\/mpppstweb\\\/index.php\\\/2020\\\/11\\\/26\\\/inauguran-plantas-procesadoras-de-cereales-molinos-de-sur-america-en-cojedes-con-una-capacidad-instalada-de-500-ton-dia\\\/#primaryimage\"},\"image\":{\"@id\":\"https:\\\/\\\/www.mpppst.gob.ve\\\/mpppstweb\\\/index.php\\\/2020\\\/11\\\/26\\\/inauguran-plantas-procesadoras-de-cereales-molinos-de-sur-america-en-cojedes-con-una-capacidad-instalada-de-500-ton-dia\\\/#primaryimage\"},\"thumbnailUrl\":\"https:\\\/\\\/www.mpppst.gob.ve\\\/mpppstweb\\\/wp-content\\\/uploads\\\/2020\\\/11\\\/Captura-de-pantalla-2020-11-25-a-las-5.58.44-p.-m.-768x427-1.png\",\"datePublished\":\"2020-11-26T12:06:12+00:00\",\"dateModified\":\"2020-11-26T12:06:13+00:00\",\"breadcrumb\":{\"@id\":\"https:\\\/\\\/www.mpppst.gob.ve\\\/mpppstweb\\\/index.php\\\/2020\\\/11\\\/26\\\/inauguran-plantas-procesadoras-de-cereales-molinos-de-sur-america-en-cojedes-con-una-capacidad-instalada-de-500-ton-dia\\\/#breadcrumb\"},\"inLanguage\":\"es\",\"potentialAction\":[{\"@type\":\"ReadAction\",\"target\":[\"https:\\\/\\\/www.mpppst.gob.ve\\\/mpppstweb\\\/index.php\\\/2020\\\/11\\\/26\\\/inauguran-plantas-procesadoras-de-cereales-molinos-de-sur-america-en-cojedes-con-una-capacidad-instalada-de-500-ton-dia\\\/\"]}]},{\"@type\":\"ImageObject\",\"inLanguage\":\"es\",\"@id\":\"https:\\\/\\\/www.mpppst.gob.ve\\\/mpppstweb\\\/index.php\\\/2020\\\/11\\\/26\\\/inauguran-plantas-procesadoras-de-cereales-molinos-de-sur-america-en-cojedes-con-una-capacidad-instalada-de-500-ton-dia\\\/#primaryimage\",\"url\":\"https:\\\/\\\/www.mpppst.gob.ve\\\/mpppstweb\\\/wp-content\\\/uploads\\\/2020\\\/11\\\/Captura-de-pantalla-2020-11-25-a-las-5.58.44-p.-m.-768x427-1.png\",\"contentUrl\":\"https:\\\/\\\/www.mpppst.gob.ve\\\/mpppstweb\\\/wp-content\\\/uploads\\\/2020\\\/11\\\/Captura-de-pantalla-2020-11-25-a-las-5.58.44-p.-m.-768x427-1.png\",\"width\":768,\"height\":427},{\"@type\":\"BreadcrumbList\",\"@id\":\"https:\\\/\\\/www.mpppst.gob.ve\\\/mpppstweb\\\/index.php\\\/2020\\\/11\\\/26\\\/inauguran-plantas-procesadoras-de-cereales-molinos-de-sur-america-en-cojedes-con-una-capacidad-instalada-de-500-ton-dia\\\/#breadcrumb\",\"itemListElement\":[{\"@type\":\"ListItem\",\"position\":1,\"name\":\"Home\",\"item\":\"https:\\\/\\\/www.mpppst.gob.ve\\\/mpppstweb\\\/\"},{\"@type\":\"ListItem\",\"position\":2,\"name\":\"Inauguran plantas procesadoras de cereales Molinos de Sur Am\u00e9rica en Cojedes con una capacidad instalada de 500 TON\\\/d\u00eda\"}]},{\"@type\":\"WebSite\",\"@id\":\"https:\\\/\\\/www.mpppst.gob.ve\\\/mpppstweb\\\/#website\",\"url\":\"https:\\\/\\\/www.mpppst.gob.ve\\\/mpppstweb\\\/\",\"name\":\"MPPPST\",\"description\":\"Sitio web oficial del Ministerio del Poder Popular para el Proceso Social de Trabajo\",\"publisher\":{\"@id\":\"https:\\\/\\\/www.mpppst.gob.ve\\\/mpppstweb\\\/#organization\"},\"alternateName\":\"Ministerio del Poder Popular para el Proceso Social de Trabajo\",\"potentialAction\":[{\"@type\":\"SearchAction\",\"target\":{\"@type\":\"EntryPoint\",\"urlTemplate\":\"https:\\\/\\\/www.mpppst.gob.ve\\\/mpppstweb\\\/?s={search_term_string}\"},\"query-input\":{\"@type\":\"PropertyValueSpecification\",\"valueRequired\":true,\"valueName\":\"search_term_string\"}}],\"inLanguage\":\"es\"},{\"@type\":\"Organization\",\"@id\":\"https:\\\/\\\/www.mpppst.gob.ve\\\/mpppstweb\\\/#organization\",\"name\":\"Ministerio del Poder Popular para el Proceso Social de Trabajo\",\"alternateName\":\"MPPPST\",\"url\":\"https:\\\/\\\/www.mpppst.gob.ve\\\/mpppstweb\\\/\",\"logo\":{\"@type\":\"ImageObject\",\"inLanguage\":\"es\",\"@id\":\"https:\\\/\\\/www.mpppst.gob.ve\\\/mpppstweb\\\/#\\\/schema\\\/logo\\\/image\\\/\",\"url\":\"https:\\\/\\\/www.mpppst.gob.ve\\\/mpppstweb\\\/wp-content\\\/uploads\\\/2025\\\/07\\\/cropped-cropped-g910.png\",\"contentUrl\":\"https:\\\/\\\/www.mpppst.gob.ve\\\/mpppstweb\\\/wp-content\\\/uploads\\\/2025\\\/07\\\/cropped-cropped-g910.png\",\"width\":1080,\"height\":241,\"caption\":\"Ministerio del Poder Popular para el Proceso Social de Trabajo\"},\"image\":{\"@id\":\"https:\\\/\\\/www.mpppst.gob.ve\\\/mpppstweb\\\/#\\\/schema\\\/logo\\\/image\\\/\"},\"sameAs\":[\"https:\\\/\\\/www.facebook.com\\\/mintrabajo_ve\",\"https:\\\/\\\/www.instagram.com\\\/mintrabajo_ve\\\/\",\"https:\\\/\\\/www.tiktok.com\\\/@mintrabajo_ve\",\"https:\\\/\\\/t.me\\\/mpppst\"]},{\"@type\":\"Person\",\"@id\":\"https:\\\/\\\/www.mpppst.gob.ve\\\/mpppstweb\\\/#\\\/schema\\\/person\\\/fc187ee8ead412bd4c9304b62f900ea4\",\"name\":\"MPPPST Prensa\",\"url\":\"https:\\\/\\\/www.mpppst.gob.ve\\\/mpppstweb\\\/index.php\\\/author\\\/prensa-mpppst\\\/\"}]}<\/script>\n<!-- \/ Yoast SEO plugin. -->","yoast_head_json":{"title":"Inauguran plantas procesadoras de cereales Molinos de Sur Am\u00e9rica en Cojedes con una capacidad instalada de 500 TON\/d\u00eda - MPPPST","robots":{"index":"index","follow":"follow","max-snippet":"max-snippet:-1","max-image-preview":"max-image-preview:large","max-video-preview":"max-video-preview:-1"},"canonical":"https:\/\/www.mpppst.gob.ve\/mpppstweb\/index.php\/2020\/11\/26\/inauguran-plantas-procesadoras-de-cereales-molinos-de-sur-america-en-cojedes-con-una-capacidad-instalada-de-500-ton-dia\/","og_locale":"es_ES","og_type":"article","og_title":"Inauguran plantas procesadoras de cereales Molinos de Sur Am\u00e9rica en Cojedes con una capacidad instalada de 500 TON\/d\u00eda - MPPPST","og_description":"Este mi\u00e9rcoles fueron inauguradas dos plantas procesadoras de cereales&nbsp;Molinos de Sur Am\u00e9rica,&nbsp;en la zona industrial Taguanes, &hellip; Inauguran plantas procesadoras de cereales Molinos de Sur Am\u00e9rica en Cojedes con una capacidad instalada de 500 TON\/d\u00edaLeer m\u00e1s","og_url":"https:\/\/www.mpppst.gob.ve\/mpppstweb\/index.php\/2020\/11\/26\/inauguran-plantas-procesadoras-de-cereales-molinos-de-sur-america-en-cojedes-con-una-capacidad-instalada-de-500-ton-dia\/","og_site_name":"MPPPST","article_publisher":"https:\/\/www.facebook.com\/mintrabajo_ve","article_published_time":"2020-11-26T12:06:12+00:00","article_modified_time":"2020-11-26T12:06:13+00:00","og_image":[{"width":768,"height":427,"url":"https:\/\/www.mpppst.gob.ve\/mpppstweb\/wp-content\/uploads\/2020\/11\/Captura-de-pantalla-2020-11-25-a-las-5.58.44-p.-m.-768x427-1.png","type":"image\/png"}],"author":"MPPPST Prensa","twitter_card":"summary_large_image","schema":{"@context":"https:\/\/schema.org","@graph":[{"@type":"Article","@id":"https:\/\/www.mpppst.gob.ve\/mpppstweb\/index.php\/2020\/11\/26\/inauguran-plantas-procesadoras-de-cereales-molinos-de-sur-america-en-cojedes-con-una-capacidad-instalada-de-500-ton-dia\/#article","isPartOf":{"@id":"https:\/\/www.mpppst.gob.ve\/mpppstweb\/index.php\/2020\/11\/26\/inauguran-plantas-procesadoras-de-cereales-molinos-de-sur-america-en-cojedes-con-una-capacidad-instalada-de-500-ton-dia\/"},"author":{"name":"MPPPST Prensa","@id":"https:\/\/www.mpppst.gob.ve\/mpppstweb\/#\/schema\/person\/fc187ee8ead412bd4c9304b62f900ea4"},"headline":"Inauguran plantas procesadoras de cereales Molinos de Sur Am\u00e9rica en Cojedes con una capacidad instalada de 500 TON\/d\u00eda","datePublished":"2020-11-26T12:06:12+00:00","dateModified":"2020-11-26T12:06:13+00:00","mainEntityOfPage":{"@id":"https:\/\/www.mpppst.gob.ve\/mpppstweb\/index.php\/2020\/11\/26\/inauguran-plantas-procesadoras-de-cereales-molinos-de-sur-america-en-cojedes-con-una-capacidad-instalada-de-500-ton-dia\/"},"wordCount":281,"publisher":{"@id":"https:\/\/www.mpppst.gob.ve\/mpppstweb\/#organization"},"image":{"@id":"https:\/\/www.mpppst.gob.ve\/mpppstweb\/index.php\/2020\/11\/26\/inauguran-plantas-procesadoras-de-cereales-molinos-de-sur-america-en-cojedes-con-una-capacidad-instalada-de-500-ton-dia\/#primaryimage"},"thumbnailUrl":"https:\/\/www.mpppst.gob.ve\/mpppstweb\/wp-content\/uploads\/2020\/11\/Captura-de-pantalla-2020-11-25-a-las-5.58.44-p.-m.-768x427-1.png","articleSection":["Gobierno Nacional","Noticias"],"inLanguage":"es"},{"@type":"WebPage","@id":"https:\/\/www.mpppst.gob.ve\/mpppstweb\/index.php\/2020\/11\/26\/inauguran-plantas-procesadoras-de-cereales-molinos-de-sur-america-en-cojedes-con-una-capacidad-instalada-de-500-ton-dia\/","url":"https:\/\/www.mpppst.gob.ve\/mpppstweb\/index.php\/2020\/11\/26\/inauguran-plantas-procesadoras-de-cereales-molinos-de-sur-america-en-cojedes-con-una-capacidad-instalada-de-500-ton-dia\/","name":"Inauguran plantas procesadoras de cereales Molinos de Sur Am\u00e9rica en Cojedes con una capacidad instalada de 500 TON\/d\u00eda - MPPPST","isPartOf":{"@id":"https:\/\/www.mpppst.gob.ve\/mpppstweb\/#website"},"primaryImageOfPage":{"@id":"https:\/\/www.mpppst.gob.ve\/mpppstweb\/index.php\/2020\/11\/26\/inauguran-plantas-procesadoras-de-cereales-molinos-de-sur-america-en-cojedes-con-una-capacidad-instalada-de-500-ton-dia\/#primaryimage"},"image":{"@id":"https:\/\/www.mpppst.gob.ve\/mpppstweb\/index.php\/2020\/11\/26\/inauguran-plantas-procesadoras-de-cereales-molinos-de-sur-america-en-cojedes-con-una-capacidad-instalada-de-500-ton-dia\/#primaryimage"},"thumbnailUrl":"https:\/\/www.mpppst.gob.ve\/mpppstweb\/wp-content\/uploads\/2020\/11\/Captura-de-pantalla-2020-11-25-a-las-5.58.44-p.-m.-768x427-1.png","datePublished":"2020-11-26T12:06:12+00:00","dateModified":"2020-11-26T12:06:13+00:00","breadcrumb":{"@id":"https:\/\/www.mpppst.gob.ve\/mpppstweb\/index.php\/2020\/11\/26\/inauguran-plantas-procesadoras-de-cereales-molinos-de-sur-america-en-cojedes-con-una-capacidad-instalada-de-500-ton-dia\/#breadcrumb"},"inLanguage":"es","potentialAction":[{"@type":"ReadAction","target":["https:\/\/www.mpppst.gob.ve\/mpppstweb\/index.php\/2020\/11\/26\/inauguran-plantas-procesadoras-de-cereales-molinos-de-sur-america-en-cojedes-con-una-capacidad-instalada-de-500-ton-dia\/"]}]},{"@type":"ImageObject","inLanguage":"es","@id":"https:\/\/www.mpppst.gob.ve\/mpppstweb\/index.php\/2020\/11\/26\/inauguran-plantas-procesadoras-de-cereales-molinos-de-sur-america-en-cojedes-con-una-capacidad-instalada-de-500-ton-dia\/#primaryimage","url":"https:\/\/www.mpppst.gob.ve\/mpppstweb\/wp-content\/uploads\/2020\/11\/Captura-de-pantalla-2020-11-25-a-las-5.58.44-p.-m.-768x427-1.png","contentUrl":"https:\/\/www.mpppst.gob.ve\/mpppstweb\/wp-content\/uploads\/2020\/11\/Captura-de-pantalla-2020-11-25-a-las-5.58.44-p.-m.-768x427-1.png","width":768,"height":427},{"@type":"BreadcrumbList","@id":"https:\/\/www.mpppst.gob.ve\/mpppstweb\/index.php\/2020\/11\/26\/inauguran-plantas-procesadoras-de-cereales-molinos-de-sur-america-en-cojedes-con-una-capacidad-instalada-de-500-ton-dia\/#breadcrumb","itemListElement":[{"@type":"ListItem","position":1,"name":"Home","item":"https:\/\/www.mpppst.gob.ve\/mpppstweb\/"},{"@type":"ListItem","position":2,"name":"Inauguran plantas procesadoras de cereales Molinos de Sur Am\u00e9rica en Cojedes con una capacidad instalada de 500 TON\/d\u00eda"}]},{"@type":"WebSite","@id":"https:\/\/www.mpppst.gob.ve\/mpppstweb\/#website","url":"https:\/\/www.mpppst.gob.ve\/mpppstweb\/","name":"MPPPST","description":"Sitio web oficial del Ministerio del Poder Popular para el Proceso Social de Trabajo","publisher":{"@id":"https:\/\/www.mpppst.gob.ve\/mpppstweb\/#organization"},"alternateName":"Ministerio del Poder Popular para el Proceso Social de Trabajo","potentialAction":[{"@type":"SearchAction","target":{"@type":"EntryPoint","urlTemplate":"https:\/\/www.mpppst.gob.ve\/mpppstweb\/?s={search_term_string}"},"query-input":{"@type":"PropertyValueSpecification","valueRequired":true,"valueName":"search_term_string"}}],"inLanguage":"es"},{"@type":"Organization","@id":"https:\/\/www.mpppst.gob.ve\/mpppstweb\/#organization","name":"Ministerio del Poder Popular para el Proceso Social de Trabajo","alternateName":"MPPPST","url":"https:\/\/www.mpppst.gob.ve\/mpppstweb\/","logo":{"@type":"ImageObject","inLanguage":"es","@id":"https:\/\/www.mpppst.gob.ve\/mpppstweb\/#\/schema\/logo\/image\/","url":"https:\/\/www.mpppst.gob.ve\/mpppstweb\/wp-content\/uploads\/2025\/07\/cropped-cropped-g910.png","contentUrl":"https:\/\/www.mpppst.gob.ve\/mpppstweb\/wp-content\/uploads\/2025\/07\/cropped-cropped-g910.png","width":1080,"height":241,"caption":"Ministerio del Poder Popular para el Proceso Social de Trabajo"},"image":{"@id":"https:\/\/www.mpppst.gob.ve\/mpppstweb\/#\/schema\/logo\/image\/"},"sameAs":["https:\/\/www.facebook.com\/mintrabajo_ve","https:\/\/www.instagram.com\/mintrabajo_ve\/","https:\/\/www.tiktok.com\/@mintrabajo_ve","https:\/\/t.me\/mpppst"]},{"@type":"Person","@id":"https:\/\/www.mpppst.gob.ve\/mpppstweb\/#\/schema\/person\/fc187ee8ead412bd4c9304b62f900ea4","name":"MPPPST Prensa","url":"https:\/\/www.mpppst.gob.ve\/mpppstweb\/index.php\/author\/prensa-mpppst\/"}]}},"_links":{"self":[{"href":"https:\/\/www.mpppst.gob.ve\/mpppstweb\/index.php\/wp-json\/wp\/v2\/posts\/20614","targetHints":{"allow":["GET"]}}],"collection":[{"href":"https:\/\/www.mpppst.gob.ve\/mpppstweb\/index.php\/wp-json\/wp\/v2\/posts"}],"about":[{"href":"https:\/\/www.mpppst.gob.ve\/mpppstweb\/index.php\/wp-json\/wp\/v2\/types\/post"}],"author":[{"embeddable":true,"href":"https:\/\/www.mpppst.gob.ve\/mpppstweb\/index.php\/wp-json\/wp\/v2\/users\/25"}],"replies":[{"embeddable":true,"href":"https:\/\/www.mpppst.gob.ve\/mpppstweb\/index.php\/wp-json\/wp\/v2\/comments?post=20614"}],"version-history":[{"count":1,"href":"https:\/\/www.mpppst.gob.ve\/mpppstweb\/index.php\/wp-json\/wp\/v2\/posts\/20614\/revisions"}],"predecessor-version":[{"id":20616,"href":"https:\/\/www.mpppst.gob.ve\/mpppstweb\/index.php\/wp-json\/wp\/v2\/posts\/20614\/revisions\/20616"}],"wp:featuredmedia":[{"embeddable":true,"href":"https:\/\/www.mpppst.gob.ve\/mpppstweb\/index.php\/wp-json\/wp\/v2\/media\/20615"}],"wp:attachment":[{"href":"https:\/\/www.mpppst.gob.ve\/mpppstweb\/index.php\/wp-json\/wp\/v2\/media?parent=20614"}],"wp:term":[{"taxonomy":"category","embeddable":true,"href":"https:\/\/www.mpppst.gob.ve\/mpppstweb\/index.php\/wp-json\/wp\/v2\/categories?post=20614"},{"taxonomy":"post_tag","embeddable":true,"href":"https:\/\/www.mpppst.gob.ve\/mpppstweb\/index.php\/wp-json\/wp\/v2\/tags?post=20614"}],"curies":[{"name":"wp","href":"https:\/\/api.w.org\/{rel}","templated":true}]}}