{"id":20633,"date":"2020-11-27T08:04:48","date_gmt":"2020-11-27T12:04:48","guid":{"rendered":"http:\/\/www.mpppst.gob.ve\/mpppstweb\/?p=20633"},"modified":"2020-11-27T08:04:48","modified_gmt":"2020-11-27T12:04:48","slug":"lacteos-los-andes-en-estado-zulia-aumenta-produccion-de-leche-en-polvo","status":"publish","type":"post","link":"https:\/\/www.mpppst.gob.ve\/mpppstweb\/index.php\/2020\/11\/27\/lacteos-los-andes-en-estado-zulia-aumenta-produccion-de-leche-en-polvo\/","title":{"rendered":"L\u00e1cteos Los Andes en estado Zulia aumenta producci\u00f3n de leche en polvo"},"content":{"rendered":"\n<p class=\"wp-block-paragraph\">La planta Sim\u00f3n Rodr\u00edguez de L\u00e1cteos Los Andes, ubicada en Machiques, estado Zulia, trabaja en el fortalecimiento y aumento de la producci\u00f3n de leche en polvo completa de 500 gramos para el disfrute de las familias venezolanas.<\/p>\n\n\n\n<p class=\"wp-block-paragraph\">La empresa socialista&nbsp;<a href=\"https:\/\/www.vtv.gob.ve\/lacteos-andes-aumenta-produccion-mantequilla-venezuela\/\">L\u00e1cteos Los Andes,<\/a>&nbsp;cumple con las medidas sanitarias y de prevenci\u00f3n contra la COVID-19, recomendaciones hechas por la Organizaci\u00f3n Mundial de la Salud (OMS), para evitar la propagaci\u00f3n del virus, refiere una nota de prensa.<\/p>\n\n\n\n<p class=\"wp-block-paragraph\">La clase trabajadora est\u00e1 comprometida en continuar aumentando los niveles de producci\u00f3n, con el objetivo de fortalecer el aparato socioproductivo del pa\u00eds y garantizar con ello la soberan\u00eda alimentaria del pueblo.<\/p>\n\n\n\n<p class=\"wp-block-paragraph\">La poblaci\u00f3n podr\u00e1 adquirir la leche en polvo completa de 500 gramos en los establecimientos comerciales, Abastos Los Andes y a trav\u00e9s de las jornadas masivas comunitarias que se realizan en el territorio nacional.<\/p>\n","protected":false},"excerpt":{"rendered":"<p>La planta Sim\u00f3n Rodr\u00edguez de L\u00e1cteos Los Andes, ubicada en Machiques, estado Zulia, trabaja en el &hellip; <a title=\"L\u00e1cteos Los Andes en estado Zulia aumenta producci\u00f3n de leche en polvo\" class=\"hm-read-more\" href=\"https:\/\/www.mpppst.gob.ve\/mpppstweb\/index.php\/2020\/11\/27\/lacteos-los-andes-en-estado-zulia-aumenta-produccion-de-leche-en-polvo\/\"><span class=\"screen-reader-text\">L\u00e1cteos Los Andes en estado Zulia aumenta producci\u00f3n de leche en polvo<\/span>Leer m\u00e1s<\/a><\/p>\n","protected":false},"author":25,"featured_media":20634,"comment_status":"closed","ping_status":"closed","sticky":false,"template":"","format":"standard","meta":{"footnotes":""},"categories":[82,163],"tags":[],"class_list":["post-20633","post","type-post","status-publish","format-standard","has-post-thumbnail","hentry","category-gobierno-nacional","category-noticias"],"yoast_head":"<!-- This site is optimized with the Yoast SEO plugin v28.4 - https:\/\/yoast.com\/product\/yoast-seo-wordpress\/ -->\n<title>L\u00e1cteos Los Andes en estado Zulia aumenta producci\u00f3n de leche en polvo - MPPPST<\/title>\n<meta name=\"robots\" content=\"index, follow, max-snippet:-1, max-image-preview:large, max-video-preview:-1\" \/>\n<link rel=\"canonical\" href=\"https:\/\/www.mpppst.gob.ve\/mpppstweb\/index.php\/2020\/11\/27\/lacteos-los-andes-en-estado-zulia-aumenta-produccion-de-leche-en-polvo\/\" \/>\n<meta property=\"og:locale\" content=\"es_ES\" \/>\n<meta property=\"og:type\" content=\"article\" \/>\n<meta property=\"og:title\" content=\"L\u00e1cteos Los Andes en estado Zulia aumenta producci\u00f3n de leche en polvo - MPPPST\" \/>\n<meta property=\"og:description\" content=\"La planta Sim\u00f3n Rodr\u00edguez de L\u00e1cteos Los Andes, ubicada en Machiques, estado Zulia, trabaja en el &hellip; L\u00e1cteos Los Andes en estado Zulia aumenta producci\u00f3n de leche en polvoLeer m\u00e1s\" \/>\n<meta property=\"og:url\" content=\"https:\/\/www.mpppst.gob.ve\/mpppstweb\/index.php\/2020\/11\/27\/lacteos-los-andes-en-estado-zulia-aumenta-produccion-de-leche-en-polvo\/\" \/>\n<meta property=\"og:site_name\" content=\"MPPPST\" \/>\n<meta property=\"article:publisher\" content=\"https:\/\/www.facebook.com\/mintrabajo_ve\" \/>\n<meta property=\"article:published_time\" content=\"2020-11-27T12:04:48+00:00\" \/>\n<meta property=\"og:image\" content=\"https:\/\/www.mpppst.gob.ve\/mpppstweb\/wp-content\/uploads\/2020\/11\/IMG_20201125_235124-768x427-1.jpg\" \/>\n\t<meta property=\"og:image:width\" content=\"768\" \/>\n\t<meta property=\"og:image:height\" content=\"427\" \/>\n\t<meta property=\"og:image:type\" content=\"image\/jpeg\" \/>\n<meta name=\"author\" content=\"MPPPST Prensa\" \/>\n<meta name=\"twitter:card\" content=\"summary_large_image\" \/>\n<script type=\"application\/ld+json\" class=\"yoast-schema-graph\">{\"@context\":\"https:\\\/\\\/schema.org\",\"@graph\":[{\"@type\":\"Article\",\"@id\":\"https:\\\/\\\/www.mpppst.gob.ve\\\/mpppstweb\\\/index.php\\\/2020\\\/11\\\/27\\\/lacteos-los-andes-en-estado-zulia-aumenta-produccion-de-leche-en-polvo\\\/#article\",\"isPartOf\":{\"@id\":\"https:\\\/\\\/www.mpppst.gob.ve\\\/mpppstweb\\\/index.php\\\/2020\\\/11\\\/27\\\/lacteos-los-andes-en-estado-zulia-aumenta-produccion-de-leche-en-polvo\\\/\"},\"author\":{\"name\":\"MPPPST Prensa\",\"@id\":\"https:\\\/\\\/www.mpppst.gob.ve\\\/mpppstweb\\\/#\\\/schema\\\/person\\\/fc187ee8ead412bd4c9304b62f900ea4\"},\"headline\":\"L\u00e1cteos Los Andes en estado Zulia aumenta producci\u00f3n de leche en polvo\",\"datePublished\":\"2020-11-27T12:04:48+00:00\",\"mainEntityOfPage\":{\"@id\":\"https:\\\/\\\/www.mpppst.gob.ve\\\/mpppstweb\\\/index.php\\\/2020\\\/11\\\/27\\\/lacteos-los-andes-en-estado-zulia-aumenta-produccion-de-leche-en-polvo\\\/\"},\"wordCount\":167,\"publisher\":{\"@id\":\"https:\\\/\\\/www.mpppst.gob.ve\\\/mpppstweb\\\/#organization\"},\"image\":{\"@id\":\"https:\\\/\\\/www.mpppst.gob.ve\\\/mpppstweb\\\/index.php\\\/2020\\\/11\\\/27\\\/lacteos-los-andes-en-estado-zulia-aumenta-produccion-de-leche-en-polvo\\\/#primaryimage\"},\"thumbnailUrl\":\"https:\\\/\\\/www.mpppst.gob.ve\\\/mpppstweb\\\/wp-content\\\/uploads\\\/2020\\\/11\\\/IMG_20201125_235124-768x427-1.jpg\",\"articleSection\":[\"Gobierno Nacional\",\"Noticias\"],\"inLanguage\":\"es\"},{\"@type\":\"WebPage\",\"@id\":\"https:\\\/\\\/www.mpppst.gob.ve\\\/mpppstweb\\\/index.php\\\/2020\\\/11\\\/27\\\/lacteos-los-andes-en-estado-zulia-aumenta-produccion-de-leche-en-polvo\\\/\",\"url\":\"https:\\\/\\\/www.mpppst.gob.ve\\\/mpppstweb\\\/index.php\\\/2020\\\/11\\\/27\\\/lacteos-los-andes-en-estado-zulia-aumenta-produccion-de-leche-en-polvo\\\/\",\"name\":\"L\u00e1cteos Los Andes en estado Zulia aumenta producci\u00f3n de leche en polvo - MPPPST\",\"isPartOf\":{\"@id\":\"https:\\\/\\\/www.mpppst.gob.ve\\\/mpppstweb\\\/#website\"},\"primaryImageOfPage\":{\"@id\":\"https:\\\/\\\/www.mpppst.gob.ve\\\/mpppstweb\\\/index.php\\\/2020\\\/11\\\/27\\\/lacteos-los-andes-en-estado-zulia-aumenta-produccion-de-leche-en-polvo\\\/#primaryimage\"},\"image\":{\"@id\":\"https:\\\/\\\/www.mpppst.gob.ve\\\/mpppstweb\\\/index.php\\\/2020\\\/11\\\/27\\\/lacteos-los-andes-en-estado-zulia-aumenta-produccion-de-leche-en-polvo\\\/#primaryimage\"},\"thumbnailUrl\":\"https:\\\/\\\/www.mpppst.gob.ve\\\/mpppstweb\\\/wp-content\\\/uploads\\\/2020\\\/11\\\/IMG_20201125_235124-768x427-1.jpg\",\"datePublished\":\"2020-11-27T12:04:48+00:00\",\"breadcrumb\":{\"@id\":\"https:\\\/\\\/www.mpppst.gob.ve\\\/mpppstweb\\\/index.php\\\/2020\\\/11\\\/27\\\/lacteos-los-andes-en-estado-zulia-aumenta-produccion-de-leche-en-polvo\\\/#breadcrumb\"},\"inLanguage\":\"es\",\"potentialAction\":[{\"@type\":\"ReadAction\",\"target\":[\"https:\\\/\\\/www.mpppst.gob.ve\\\/mpppstweb\\\/index.php\\\/2020\\\/11\\\/27\\\/lacteos-los-andes-en-estado-zulia-aumenta-produccion-de-leche-en-polvo\\\/\"]}]},{\"@type\":\"ImageObject\",\"inLanguage\":\"es\",\"@id\":\"https:\\\/\\\/www.mpppst.gob.ve\\\/mpppstweb\\\/index.php\\\/2020\\\/11\\\/27\\\/lacteos-los-andes-en-estado-zulia-aumenta-produccion-de-leche-en-polvo\\\/#primaryimage\",\"url\":\"https:\\\/\\\/www.mpppst.gob.ve\\\/mpppstweb\\\/wp-content\\\/uploads\\\/2020\\\/11\\\/IMG_20201125_235124-768x427-1.jpg\",\"contentUrl\":\"https:\\\/\\\/www.mpppst.gob.ve\\\/mpppstweb\\\/wp-content\\\/uploads\\\/2020\\\/11\\\/IMG_20201125_235124-768x427-1.jpg\",\"width\":768,\"height\":427},{\"@type\":\"BreadcrumbList\",\"@id\":\"https:\\\/\\\/www.mpppst.gob.ve\\\/mpppstweb\\\/index.php\\\/2020\\\/11\\\/27\\\/lacteos-los-andes-en-estado-zulia-aumenta-produccion-de-leche-en-polvo\\\/#breadcrumb\",\"itemListElement\":[{\"@type\":\"ListItem\",\"position\":1,\"name\":\"Home\",\"item\":\"https:\\\/\\\/www.mpppst.gob.ve\\\/mpppstweb\\\/\"},{\"@type\":\"ListItem\",\"position\":2,\"name\":\"L\u00e1cteos Los Andes en estado Zulia aumenta producci\u00f3n de leche en polvo\"}]},{\"@type\":\"WebSite\",\"@id\":\"https:\\\/\\\/www.mpppst.gob.ve\\\/mpppstweb\\\/#website\",\"url\":\"https:\\\/\\\/www.mpppst.gob.ve\\\/mpppstweb\\\/\",\"name\":\"MPPPST\",\"description\":\"Sitio web oficial del Ministerio del Poder Popular para el Proceso Social de Trabajo\",\"publisher\":{\"@id\":\"https:\\\/\\\/www.mpppst.gob.ve\\\/mpppstweb\\\/#organization\"},\"alternateName\":\"Ministerio del Poder Popular para el Proceso Social de Trabajo\",\"potentialAction\":[{\"@type\":\"SearchAction\",\"target\":{\"@type\":\"EntryPoint\",\"urlTemplate\":\"https:\\\/\\\/www.mpppst.gob.ve\\\/mpppstweb\\\/?s={search_term_string}\"},\"query-input\":{\"@type\":\"PropertyValueSpecification\",\"valueRequired\":true,\"valueName\":\"search_term_string\"}}],\"inLanguage\":\"es\"},{\"@type\":\"Organization\",\"@id\":\"https:\\\/\\\/www.mpppst.gob.ve\\\/mpppstweb\\\/#organization\",\"name\":\"Ministerio del Poder Popular para el Proceso Social de Trabajo\",\"alternateName\":\"MPPPST\",\"url\":\"https:\\\/\\\/www.mpppst.gob.ve\\\/mpppstweb\\\/\",\"logo\":{\"@type\":\"ImageObject\",\"inLanguage\":\"es\",\"@id\":\"https:\\\/\\\/www.mpppst.gob.ve\\\/mpppstweb\\\/#\\\/schema\\\/logo\\\/image\\\/\",\"url\":\"https:\\\/\\\/www.mpppst.gob.ve\\\/mpppstweb\\\/wp-content\\\/uploads\\\/2025\\\/07\\\/cropped-cropped-g910.png\",\"contentUrl\":\"https:\\\/\\\/www.mpppst.gob.ve\\\/mpppstweb\\\/wp-content\\\/uploads\\\/2025\\\/07\\\/cropped-cropped-g910.png\",\"width\":1080,\"height\":241,\"caption\":\"Ministerio del Poder Popular para el Proceso Social de Trabajo\"},\"image\":{\"@id\":\"https:\\\/\\\/www.mpppst.gob.ve\\\/mpppstweb\\\/#\\\/schema\\\/logo\\\/image\\\/\"},\"sameAs\":[\"https:\\\/\\\/www.facebook.com\\\/mintrabajo_ve\",\"https:\\\/\\\/www.instagram.com\\\/mintrabajo_ve\\\/\",\"https:\\\/\\\/www.tiktok.com\\\/@mintrabajo_ve\",\"https:\\\/\\\/t.me\\\/mpppst\"]},{\"@type\":\"Person\",\"@id\":\"https:\\\/\\\/www.mpppst.gob.ve\\\/mpppstweb\\\/#\\\/schema\\\/person\\\/fc187ee8ead412bd4c9304b62f900ea4\",\"name\":\"MPPPST Prensa\",\"url\":\"https:\\\/\\\/www.mpppst.gob.ve\\\/mpppstweb\\\/index.php\\\/author\\\/prensa-mpppst\\\/\"}]}<\/script>\n<!-- \/ Yoast SEO plugin. -->","yoast_head_json":{"title":"L\u00e1cteos Los Andes en estado Zulia aumenta producci\u00f3n de leche en polvo - MPPPST","robots":{"index":"index","follow":"follow","max-snippet":"max-snippet:-1","max-image-preview":"max-image-preview:large","max-video-preview":"max-video-preview:-1"},"canonical":"https:\/\/www.mpppst.gob.ve\/mpppstweb\/index.php\/2020\/11\/27\/lacteos-los-andes-en-estado-zulia-aumenta-produccion-de-leche-en-polvo\/","og_locale":"es_ES","og_type":"article","og_title":"L\u00e1cteos Los Andes en estado Zulia aumenta producci\u00f3n de leche en polvo - MPPPST","og_description":"La planta Sim\u00f3n Rodr\u00edguez de L\u00e1cteos Los Andes, ubicada en Machiques, estado Zulia, trabaja en el &hellip; L\u00e1cteos Los Andes en estado Zulia aumenta producci\u00f3n de leche en polvoLeer m\u00e1s","og_url":"https:\/\/www.mpppst.gob.ve\/mpppstweb\/index.php\/2020\/11\/27\/lacteos-los-andes-en-estado-zulia-aumenta-produccion-de-leche-en-polvo\/","og_site_name":"MPPPST","article_publisher":"https:\/\/www.facebook.com\/mintrabajo_ve","article_published_time":"2020-11-27T12:04:48+00:00","og_image":[{"width":768,"height":427,"url":"https:\/\/www.mpppst.gob.ve\/mpppstweb\/wp-content\/uploads\/2020\/11\/IMG_20201125_235124-768x427-1.jpg","type":"image\/jpeg"}],"author":"MPPPST Prensa","twitter_card":"summary_large_image","schema":{"@context":"https:\/\/schema.org","@graph":[{"@type":"Article","@id":"https:\/\/www.mpppst.gob.ve\/mpppstweb\/index.php\/2020\/11\/27\/lacteos-los-andes-en-estado-zulia-aumenta-produccion-de-leche-en-polvo\/#article","isPartOf":{"@id":"https:\/\/www.mpppst.gob.ve\/mpppstweb\/index.php\/2020\/11\/27\/lacteos-los-andes-en-estado-zulia-aumenta-produccion-de-leche-en-polvo\/"},"author":{"name":"MPPPST Prensa","@id":"https:\/\/www.mpppst.gob.ve\/mpppstweb\/#\/schema\/person\/fc187ee8ead412bd4c9304b62f900ea4"},"headline":"L\u00e1cteos Los Andes en estado Zulia aumenta producci\u00f3n de leche en polvo","datePublished":"2020-11-27T12:04:48+00:00","mainEntityOfPage":{"@id":"https:\/\/www.mpppst.gob.ve\/mpppstweb\/index.php\/2020\/11\/27\/lacteos-los-andes-en-estado-zulia-aumenta-produccion-de-leche-en-polvo\/"},"wordCount":167,"publisher":{"@id":"https:\/\/www.mpppst.gob.ve\/mpppstweb\/#organization"},"image":{"@id":"https:\/\/www.mpppst.gob.ve\/mpppstweb\/index.php\/2020\/11\/27\/lacteos-los-andes-en-estado-zulia-aumenta-produccion-de-leche-en-polvo\/#primaryimage"},"thumbnailUrl":"https:\/\/www.mpppst.gob.ve\/mpppstweb\/wp-content\/uploads\/2020\/11\/IMG_20201125_235124-768x427-1.jpg","articleSection":["Gobierno Nacional","Noticias"],"inLanguage":"es"},{"@type":"WebPage","@id":"https:\/\/www.mpppst.gob.ve\/mpppstweb\/index.php\/2020\/11\/27\/lacteos-los-andes-en-estado-zulia-aumenta-produccion-de-leche-en-polvo\/","url":"https:\/\/www.mpppst.gob.ve\/mpppstweb\/index.php\/2020\/11\/27\/lacteos-los-andes-en-estado-zulia-aumenta-produccion-de-leche-en-polvo\/","name":"L\u00e1cteos Los Andes en estado Zulia aumenta producci\u00f3n de leche en polvo - MPPPST","isPartOf":{"@id":"https:\/\/www.mpppst.gob.ve\/mpppstweb\/#website"},"primaryImageOfPage":{"@id":"https:\/\/www.mpppst.gob.ve\/mpppstweb\/index.php\/2020\/11\/27\/lacteos-los-andes-en-estado-zulia-aumenta-produccion-de-leche-en-polvo\/#primaryimage"},"image":{"@id":"https:\/\/www.mpppst.gob.ve\/mpppstweb\/index.php\/2020\/11\/27\/lacteos-los-andes-en-estado-zulia-aumenta-produccion-de-leche-en-polvo\/#primaryimage"},"thumbnailUrl":"https:\/\/www.mpppst.gob.ve\/mpppstweb\/wp-content\/uploads\/2020\/11\/IMG_20201125_235124-768x427-1.jpg","datePublished":"2020-11-27T12:04:48+00:00","breadcrumb":{"@id":"https:\/\/www.mpppst.gob.ve\/mpppstweb\/index.php\/2020\/11\/27\/lacteos-los-andes-en-estado-zulia-aumenta-produccion-de-leche-en-polvo\/#breadcrumb"},"inLanguage":"es","potentialAction":[{"@type":"ReadAction","target":["https:\/\/www.mpppst.gob.ve\/mpppstweb\/index.php\/2020\/11\/27\/lacteos-los-andes-en-estado-zulia-aumenta-produccion-de-leche-en-polvo\/"]}]},{"@type":"ImageObject","inLanguage":"es","@id":"https:\/\/www.mpppst.gob.ve\/mpppstweb\/index.php\/2020\/11\/27\/lacteos-los-andes-en-estado-zulia-aumenta-produccion-de-leche-en-polvo\/#primaryimage","url":"https:\/\/www.mpppst.gob.ve\/mpppstweb\/wp-content\/uploads\/2020\/11\/IMG_20201125_235124-768x427-1.jpg","contentUrl":"https:\/\/www.mpppst.gob.ve\/mpppstweb\/wp-content\/uploads\/2020\/11\/IMG_20201125_235124-768x427-1.jpg","width":768,"height":427},{"@type":"BreadcrumbList","@id":"https:\/\/www.mpppst.gob.ve\/mpppstweb\/index.php\/2020\/11\/27\/lacteos-los-andes-en-estado-zulia-aumenta-produccion-de-leche-en-polvo\/#breadcrumb","itemListElement":[{"@type":"ListItem","position":1,"name":"Home","item":"https:\/\/www.mpppst.gob.ve\/mpppstweb\/"},{"@type":"ListItem","position":2,"name":"L\u00e1cteos Los Andes en estado Zulia aumenta producci\u00f3n de leche en polvo"}]},{"@type":"WebSite","@id":"https:\/\/www.mpppst.gob.ve\/mpppstweb\/#website","url":"https:\/\/www.mpppst.gob.ve\/mpppstweb\/","name":"MPPPST","description":"Sitio web oficial del Ministerio del Poder Popular para el Proceso Social de Trabajo","publisher":{"@id":"https:\/\/www.mpppst.gob.ve\/mpppstweb\/#organization"},"alternateName":"Ministerio del Poder Popular para el Proceso Social de Trabajo","potentialAction":[{"@type":"SearchAction","target":{"@type":"EntryPoint","urlTemplate":"https:\/\/www.mpppst.gob.ve\/mpppstweb\/?s={search_term_string}"},"query-input":{"@type":"PropertyValueSpecification","valueRequired":true,"valueName":"search_term_string"}}],"inLanguage":"es"},{"@type":"Organization","@id":"https:\/\/www.mpppst.gob.ve\/mpppstweb\/#organization","name":"Ministerio del Poder Popular para el Proceso Social de Trabajo","alternateName":"MPPPST","url":"https:\/\/www.mpppst.gob.ve\/mpppstweb\/","logo":{"@type":"ImageObject","inLanguage":"es","@id":"https:\/\/www.mpppst.gob.ve\/mpppstweb\/#\/schema\/logo\/image\/","url":"https:\/\/www.mpppst.gob.ve\/mpppstweb\/wp-content\/uploads\/2025\/07\/cropped-cropped-g910.png","contentUrl":"https:\/\/www.mpppst.gob.ve\/mpppstweb\/wp-content\/uploads\/2025\/07\/cropped-cropped-g910.png","width":1080,"height":241,"caption":"Ministerio del Poder Popular para el Proceso Social de Trabajo"},"image":{"@id":"https:\/\/www.mpppst.gob.ve\/mpppstweb\/#\/schema\/logo\/image\/"},"sameAs":["https:\/\/www.facebook.com\/mintrabajo_ve","https:\/\/www.instagram.com\/mintrabajo_ve\/","https:\/\/www.tiktok.com\/@mintrabajo_ve","https:\/\/t.me\/mpppst"]},{"@type":"Person","@id":"https:\/\/www.mpppst.gob.ve\/mpppstweb\/#\/schema\/person\/fc187ee8ead412bd4c9304b62f900ea4","name":"MPPPST Prensa","url":"https:\/\/www.mpppst.gob.ve\/mpppstweb\/index.php\/author\/prensa-mpppst\/"}]}},"_links":{"self":[{"href":"https:\/\/www.mpppst.gob.ve\/mpppstweb\/index.php\/wp-json\/wp\/v2\/posts\/20633","targetHints":{"allow":["GET"]}}],"collection":[{"href":"https:\/\/www.mpppst.gob.ve\/mpppstweb\/index.php\/wp-json\/wp\/v2\/posts"}],"about":[{"href":"https:\/\/www.mpppst.gob.ve\/mpppstweb\/index.php\/wp-json\/wp\/v2\/types\/post"}],"author":[{"embeddable":true,"href":"https:\/\/www.mpppst.gob.ve\/mpppstweb\/index.php\/wp-json\/wp\/v2\/users\/25"}],"replies":[{"embeddable":true,"href":"https:\/\/www.mpppst.gob.ve\/mpppstweb\/index.php\/wp-json\/wp\/v2\/comments?post=20633"}],"version-history":[{"count":1,"href":"https:\/\/www.mpppst.gob.ve\/mpppstweb\/index.php\/wp-json\/wp\/v2\/posts\/20633\/revisions"}],"predecessor-version":[{"id":20635,"href":"https:\/\/www.mpppst.gob.ve\/mpppstweb\/index.php\/wp-json\/wp\/v2\/posts\/20633\/revisions\/20635"}],"wp:featuredmedia":[{"embeddable":true,"href":"https:\/\/www.mpppst.gob.ve\/mpppstweb\/index.php\/wp-json\/wp\/v2\/media\/20634"}],"wp:attachment":[{"href":"https:\/\/www.mpppst.gob.ve\/mpppstweb\/index.php\/wp-json\/wp\/v2\/media?parent=20633"}],"wp:term":[{"taxonomy":"category","embeddable":true,"href":"https:\/\/www.mpppst.gob.ve\/mpppstweb\/index.php\/wp-json\/wp\/v2\/categories?post=20633"},{"taxonomy":"post_tag","embeddable":true,"href":"https:\/\/www.mpppst.gob.ve\/mpppstweb\/index.php\/wp-json\/wp\/v2\/tags?post=20633"}],"curies":[{"name":"wp","href":"https:\/\/api.w.org\/{rel}","templated":true}]}}