{"id":20645,"date":"2020-11-30T10:15:42","date_gmt":"2020-11-30T14:15:42","guid":{"rendered":"http:\/\/www.mpppst.gob.ve\/mpppstweb\/?p=20645"},"modified":"2020-11-30T10:15:43","modified_gmt":"2020-11-30T14:15:43","slug":"ministro-castro-soteldo-agricultura-urbana-conjuga-la-produccion-de-alimentos-e-inclusion-de-factores-sociales-organizados","status":"publish","type":"post","link":"https:\/\/www.mpppst.gob.ve\/mpppstweb\/index.php\/2020\/11\/30\/ministro-castro-soteldo-agricultura-urbana-conjuga-la-produccion-de-alimentos-e-inclusion-de-factores-sociales-organizados\/","title":{"rendered":"Ministro Castro Soteldo: Agricultura urbana conjuga la producci\u00f3n de alimentos e inclusi\u00f3n de factores sociales organizados"},"content":{"rendered":"\n<p class=\"wp-block-paragraph\">El ministro del Poder Popular para la Agr\u00edcultura Productiva y Tierras,&nbsp;<strong>Wilmar Castro Soteldo,<\/strong>&nbsp;expres\u00f3 que la agricultura urbana conjuga no solamente la producci\u00f3n de alimentos sino la inclusi\u00f3n de todos los factores sociales organizados en equipos de trabajo e identidades colectivas.&nbsp;<\/p>\n\n\n\n<p class=\"wp-block-paragraph\">Esto lo sostuvo tras dar a conocer durante su programa dominical \u201cCultivando Patria\u201d, la labor y tipos de cultivos que realizan los conuqueros del<a href=\"https:\/\/www.vtv.gob.ve\/canteros-organoponico-bolivar-1-produccion-agricola-urbana-union-civico-militar\/%20\" target=\"_blank\" rel=\"noreferrer noopener\"><strong>&nbsp;Organop\u00f3nico Bol\u00edvar 1<\/strong><\/a>, ubicado en la parroquia La Candelaria de Caracas, espacio que posee 2.150 metros cuadrados y 154 canteros cultivables.<\/p>\n\n\n\n<p class=\"wp-block-paragraph\">La ministra del Poder Popular de Agricultura Urbana,&nbsp;<strong>Greicys Barrios,<\/strong>&nbsp;expuso cu\u00e1l es el proceso y distribuci\u00f3n de los cultivos. En este terreno ubicado en le centro de la capital distribuyen algunas de las plantaciones en zonas identificadas con colores, como blanco, naranja y verde. \u201cEs un esquema creado por los conuqueros para identificar cada tarea correspondiente a esos cultivos, y cada uno de ellos trabaja en la ubicaci\u00f3n donde m\u00e1s le guste y sea conocedor de las labores requeridas\u201d.<\/p>\n\n\n\n<p class=\"wp-block-paragraph\">Vale destacar que este organop\u00f3nico cuenta con una casa de plantaci\u00f3n, lumbricario y se producen semillas de rubros como: zanahoria, cilantro, lechuga, pepino, ceboll\u00edn, plantas medicinales entre otras.<\/p>\n\n\n\n<p class=\"wp-block-paragraph\">\u201cDesde muy temprano inician a cultivar, luego le dan atenci\u00f3n a los canteros, realizan su cuidado, colocaci\u00f3n de bioinsumos. Cada planta tiene una atenci\u00f3n especial y se requiere de mucha disciplina\u201d manifest\u00f3 Barrios.<\/p>\n\n\n\n<p class=\"wp-block-paragraph\">En espacio productivo laboran j\u00f3venes, adultos mayores y miembros de la Milicia Nacional Bolivariana.<\/p>\n\n\n\n<p class=\"wp-block-paragraph\">La Ministra refiri\u00f3 que este organop\u00f3nico se ha convertido en una escuela de formaci\u00f3n agroproductiva, en donde se reciben a voceros del Poder Popular del Punto y C\u00edrculo.<\/p>\n\n\n\n<p class=\"wp-block-paragraph\">\u201cHan venido j\u00f3venes en busca de conocimientos en diferentes \u00e1reas, a todos los interesados se les permite insistir en la ejecuci\u00f3n y desarrollo capacidades\u201d, dijo.<\/p>\n\n\n\n<p class=\"wp-block-paragraph\">Adem\u00e1s, el ministro Castro Soteldo refiri\u00f3 que este lugar consta de&nbsp; un control biol\u00f3gico, agroecol\u00f3gico con organizaci\u00f3n e inclusi\u00f3n social, el cual permite acercamiento del productor al consumidor.&nbsp;<\/p>\n\n\n\n<p class=\"wp-block-paragraph\">\u201cEsta educaci\u00f3n cultiva tambi\u00e9n valores como la solidaridad, la cooperaci\u00f3n y el trabajo\u201d.<\/p>\n\n\n\n<figure class=\"wp-block-image\"><img decoding=\"async\" src=\"https:\/\/www.vtv.gob.ve\/wp-content\/uploads\/2020\/11\/girasoles.jpg\" alt=\"Ministro Castro Soteldo: La agricultura urbana conjuga la producci\u00f3n de alimentos e inclusi\u00f3n de factores sociales organizados\" class=\"wp-image-297788\"\/><figcaption>Ministro Castro Soteldo: La agricultura urbana conjuga la producci\u00f3n de alimentos e inclusi\u00f3n de factores sociales organizados<\/figcaption><\/figure>\n\n\n\n<p class=\"wp-block-paragraph\">\/maye<\/p>\n","protected":false},"excerpt":{"rendered":"<p>El ministro del Poder Popular para la Agr\u00edcultura Productiva y Tierras,&nbsp;Wilmar Castro Soteldo,&nbsp;expres\u00f3 que la agricultura &hellip; <a title=\"Ministro Castro Soteldo: Agricultura urbana conjuga la producci\u00f3n de alimentos e inclusi\u00f3n de factores sociales organizados\" class=\"hm-read-more\" href=\"https:\/\/www.mpppst.gob.ve\/mpppstweb\/index.php\/2020\/11\/30\/ministro-castro-soteldo-agricultura-urbana-conjuga-la-produccion-de-alimentos-e-inclusion-de-factores-sociales-organizados\/\"><span class=\"screen-reader-text\">Ministro Castro Soteldo: Agricultura urbana conjuga la producci\u00f3n de alimentos e inclusi\u00f3n de factores sociales organizados<\/span>Leer m\u00e1s<\/a><\/p>\n","protected":false},"author":25,"featured_media":20646,"comment_status":"closed","ping_status":"closed","sticky":false,"template":"","format":"standard","meta":{"footnotes":""},"categories":[82,163],"tags":[],"class_list":["post-20645","post","type-post","status-publish","format-standard","has-post-thumbnail","hentry","category-gobierno-nacional","category-noticias"],"yoast_head":"<!-- This site is optimized with the Yoast SEO plugin v28.4 - https:\/\/yoast.com\/product\/yoast-seo-wordpress\/ -->\n<title>Ministro Castro Soteldo: Agricultura urbana conjuga la producci\u00f3n de alimentos e inclusi\u00f3n de factores sociales organizados - MPPPST<\/title>\n<meta name=\"robots\" content=\"index, follow, max-snippet:-1, max-image-preview:large, max-video-preview:-1\" \/>\n<link rel=\"canonical\" href=\"https:\/\/www.mpppst.gob.ve\/mpppstweb\/index.php\/2020\/11\/30\/ministro-castro-soteldo-agricultura-urbana-conjuga-la-produccion-de-alimentos-e-inclusion-de-factores-sociales-organizados\/\" \/>\n<meta property=\"og:locale\" content=\"es_ES\" \/>\n<meta property=\"og:type\" content=\"article\" \/>\n<meta property=\"og:title\" content=\"Ministro Castro Soteldo: Agricultura urbana conjuga la producci\u00f3n de alimentos e inclusi\u00f3n de factores sociales organizados - MPPPST\" \/>\n<meta property=\"og:description\" content=\"El ministro del Poder Popular para la Agr\u00edcultura Productiva y Tierras,&nbsp;Wilmar Castro Soteldo,&nbsp;expres\u00f3 que la agricultura &hellip; Ministro Castro Soteldo: Agricultura urbana conjuga la producci\u00f3n de alimentos e inclusi\u00f3n de factores sociales organizadosLeer m\u00e1s\" \/>\n<meta property=\"og:url\" content=\"https:\/\/www.mpppst.gob.ve\/mpppstweb\/index.php\/2020\/11\/30\/ministro-castro-soteldo-agricultura-urbana-conjuga-la-produccion-de-alimentos-e-inclusion-de-factores-sociales-organizados\/\" \/>\n<meta property=\"og:site_name\" content=\"MPPPST\" \/>\n<meta property=\"article:publisher\" content=\"https:\/\/www.facebook.com\/mintrabajo_ve\" \/>\n<meta property=\"article:published_time\" content=\"2020-11-30T14:15:42+00:00\" \/>\n<meta property=\"article:modified_time\" content=\"2020-11-30T14:15:43+00:00\" \/>\n<meta property=\"og:image\" content=\"https:\/\/www.mpppst.gob.ve\/mpppstweb\/wp-content\/uploads\/2020\/11\/120113921_730471187535391_3446307851000155531_o-768x427-1.jpg\" \/>\n\t<meta property=\"og:image:width\" content=\"768\" \/>\n\t<meta property=\"og:image:height\" content=\"427\" \/>\n\t<meta property=\"og:image:type\" content=\"image\/jpeg\" \/>\n<meta name=\"author\" content=\"MPPPST Prensa\" \/>\n<meta name=\"twitter:card\" content=\"summary_large_image\" \/>\n<script type=\"application\/ld+json\" class=\"yoast-schema-graph\">{\"@context\":\"https:\\\/\\\/schema.org\",\"@graph\":[{\"@type\":\"Article\",\"@id\":\"https:\\\/\\\/www.mpppst.gob.ve\\\/mpppstweb\\\/index.php\\\/2020\\\/11\\\/30\\\/ministro-castro-soteldo-agricultura-urbana-conjuga-la-produccion-de-alimentos-e-inclusion-de-factores-sociales-organizados\\\/#article\",\"isPartOf\":{\"@id\":\"https:\\\/\\\/www.mpppst.gob.ve\\\/mpppstweb\\\/index.php\\\/2020\\\/11\\\/30\\\/ministro-castro-soteldo-agricultura-urbana-conjuga-la-produccion-de-alimentos-e-inclusion-de-factores-sociales-organizados\\\/\"},\"author\":{\"name\":\"MPPPST Prensa\",\"@id\":\"https:\\\/\\\/www.mpppst.gob.ve\\\/mpppstweb\\\/#\\\/schema\\\/person\\\/fc187ee8ead412bd4c9304b62f900ea4\"},\"headline\":\"Ministro Castro Soteldo: Agricultura urbana conjuga la producci\u00f3n de alimentos e inclusi\u00f3n de factores sociales organizados\",\"datePublished\":\"2020-11-30T14:15:42+00:00\",\"dateModified\":\"2020-11-30T14:15:43+00:00\",\"mainEntityOfPage\":{\"@id\":\"https:\\\/\\\/www.mpppst.gob.ve\\\/mpppstweb\\\/index.php\\\/2020\\\/11\\\/30\\\/ministro-castro-soteldo-agricultura-urbana-conjuga-la-produccion-de-alimentos-e-inclusion-de-factores-sociales-organizados\\\/\"},\"wordCount\":408,\"publisher\":{\"@id\":\"https:\\\/\\\/www.mpppst.gob.ve\\\/mpppstweb\\\/#organization\"},\"image\":{\"@id\":\"https:\\\/\\\/www.mpppst.gob.ve\\\/mpppstweb\\\/index.php\\\/2020\\\/11\\\/30\\\/ministro-castro-soteldo-agricultura-urbana-conjuga-la-produccion-de-alimentos-e-inclusion-de-factores-sociales-organizados\\\/#primaryimage\"},\"thumbnailUrl\":\"https:\\\/\\\/www.mpppst.gob.ve\\\/mpppstweb\\\/wp-content\\\/uploads\\\/2020\\\/11\\\/120113921_730471187535391_3446307851000155531_o-768x427-1.jpg\",\"articleSection\":[\"Gobierno Nacional\",\"Noticias\"],\"inLanguage\":\"es\"},{\"@type\":\"WebPage\",\"@id\":\"https:\\\/\\\/www.mpppst.gob.ve\\\/mpppstweb\\\/index.php\\\/2020\\\/11\\\/30\\\/ministro-castro-soteldo-agricultura-urbana-conjuga-la-produccion-de-alimentos-e-inclusion-de-factores-sociales-organizados\\\/\",\"url\":\"https:\\\/\\\/www.mpppst.gob.ve\\\/mpppstweb\\\/index.php\\\/2020\\\/11\\\/30\\\/ministro-castro-soteldo-agricultura-urbana-conjuga-la-produccion-de-alimentos-e-inclusion-de-factores-sociales-organizados\\\/\",\"name\":\"Ministro Castro Soteldo: Agricultura urbana conjuga la producci\u00f3n de alimentos e inclusi\u00f3n de factores sociales organizados - MPPPST\",\"isPartOf\":{\"@id\":\"https:\\\/\\\/www.mpppst.gob.ve\\\/mpppstweb\\\/#website\"},\"primaryImageOfPage\":{\"@id\":\"https:\\\/\\\/www.mpppst.gob.ve\\\/mpppstweb\\\/index.php\\\/2020\\\/11\\\/30\\\/ministro-castro-soteldo-agricultura-urbana-conjuga-la-produccion-de-alimentos-e-inclusion-de-factores-sociales-organizados\\\/#primaryimage\"},\"image\":{\"@id\":\"https:\\\/\\\/www.mpppst.gob.ve\\\/mpppstweb\\\/index.php\\\/2020\\\/11\\\/30\\\/ministro-castro-soteldo-agricultura-urbana-conjuga-la-produccion-de-alimentos-e-inclusion-de-factores-sociales-organizados\\\/#primaryimage\"},\"thumbnailUrl\":\"https:\\\/\\\/www.mpppst.gob.ve\\\/mpppstweb\\\/wp-content\\\/uploads\\\/2020\\\/11\\\/120113921_730471187535391_3446307851000155531_o-768x427-1.jpg\",\"datePublished\":\"2020-11-30T14:15:42+00:00\",\"dateModified\":\"2020-11-30T14:15:43+00:00\",\"breadcrumb\":{\"@id\":\"https:\\\/\\\/www.mpppst.gob.ve\\\/mpppstweb\\\/index.php\\\/2020\\\/11\\\/30\\\/ministro-castro-soteldo-agricultura-urbana-conjuga-la-produccion-de-alimentos-e-inclusion-de-factores-sociales-organizados\\\/#breadcrumb\"},\"inLanguage\":\"es\",\"potentialAction\":[{\"@type\":\"ReadAction\",\"target\":[\"https:\\\/\\\/www.mpppst.gob.ve\\\/mpppstweb\\\/index.php\\\/2020\\\/11\\\/30\\\/ministro-castro-soteldo-agricultura-urbana-conjuga-la-produccion-de-alimentos-e-inclusion-de-factores-sociales-organizados\\\/\"]}]},{\"@type\":\"ImageObject\",\"inLanguage\":\"es\",\"@id\":\"https:\\\/\\\/www.mpppst.gob.ve\\\/mpppstweb\\\/index.php\\\/2020\\\/11\\\/30\\\/ministro-castro-soteldo-agricultura-urbana-conjuga-la-produccion-de-alimentos-e-inclusion-de-factores-sociales-organizados\\\/#primaryimage\",\"url\":\"https:\\\/\\\/www.mpppst.gob.ve\\\/mpppstweb\\\/wp-content\\\/uploads\\\/2020\\\/11\\\/120113921_730471187535391_3446307851000155531_o-768x427-1.jpg\",\"contentUrl\":\"https:\\\/\\\/www.mpppst.gob.ve\\\/mpppstweb\\\/wp-content\\\/uploads\\\/2020\\\/11\\\/120113921_730471187535391_3446307851000155531_o-768x427-1.jpg\",\"width\":768,\"height\":427},{\"@type\":\"BreadcrumbList\",\"@id\":\"https:\\\/\\\/www.mpppst.gob.ve\\\/mpppstweb\\\/index.php\\\/2020\\\/11\\\/30\\\/ministro-castro-soteldo-agricultura-urbana-conjuga-la-produccion-de-alimentos-e-inclusion-de-factores-sociales-organizados\\\/#breadcrumb\",\"itemListElement\":[{\"@type\":\"ListItem\",\"position\":1,\"name\":\"Home\",\"item\":\"https:\\\/\\\/www.mpppst.gob.ve\\\/mpppstweb\\\/\"},{\"@type\":\"ListItem\",\"position\":2,\"name\":\"Ministro Castro Soteldo: Agricultura urbana conjuga la producci\u00f3n de alimentos e inclusi\u00f3n de factores sociales organizados\"}]},{\"@type\":\"WebSite\",\"@id\":\"https:\\\/\\\/www.mpppst.gob.ve\\\/mpppstweb\\\/#website\",\"url\":\"https:\\\/\\\/www.mpppst.gob.ve\\\/mpppstweb\\\/\",\"name\":\"MPPPST\",\"description\":\"Sitio web oficial del Ministerio del Poder Popular para el Proceso Social de Trabajo\",\"publisher\":{\"@id\":\"https:\\\/\\\/www.mpppst.gob.ve\\\/mpppstweb\\\/#organization\"},\"alternateName\":\"Ministerio del Poder Popular para el Proceso Social de Trabajo\",\"potentialAction\":[{\"@type\":\"SearchAction\",\"target\":{\"@type\":\"EntryPoint\",\"urlTemplate\":\"https:\\\/\\\/www.mpppst.gob.ve\\\/mpppstweb\\\/?s={search_term_string}\"},\"query-input\":{\"@type\":\"PropertyValueSpecification\",\"valueRequired\":true,\"valueName\":\"search_term_string\"}}],\"inLanguage\":\"es\"},{\"@type\":\"Organization\",\"@id\":\"https:\\\/\\\/www.mpppst.gob.ve\\\/mpppstweb\\\/#organization\",\"name\":\"Ministerio del Poder Popular para el Proceso Social de Trabajo\",\"alternateName\":\"MPPPST\",\"url\":\"https:\\\/\\\/www.mpppst.gob.ve\\\/mpppstweb\\\/\",\"logo\":{\"@type\":\"ImageObject\",\"inLanguage\":\"es\",\"@id\":\"https:\\\/\\\/www.mpppst.gob.ve\\\/mpppstweb\\\/#\\\/schema\\\/logo\\\/image\\\/\",\"url\":\"https:\\\/\\\/www.mpppst.gob.ve\\\/mpppstweb\\\/wp-content\\\/uploads\\\/2025\\\/07\\\/cropped-cropped-g910.png\",\"contentUrl\":\"https:\\\/\\\/www.mpppst.gob.ve\\\/mpppstweb\\\/wp-content\\\/uploads\\\/2025\\\/07\\\/cropped-cropped-g910.png\",\"width\":1080,\"height\":241,\"caption\":\"Ministerio del Poder Popular para el Proceso Social de Trabajo\"},\"image\":{\"@id\":\"https:\\\/\\\/www.mpppst.gob.ve\\\/mpppstweb\\\/#\\\/schema\\\/logo\\\/image\\\/\"},\"sameAs\":[\"https:\\\/\\\/www.facebook.com\\\/mintrabajo_ve\",\"https:\\\/\\\/www.instagram.com\\\/mintrabajo_ve\\\/\",\"https:\\\/\\\/www.tiktok.com\\\/@mintrabajo_ve\",\"https:\\\/\\\/t.me\\\/mpppst\"]},{\"@type\":\"Person\",\"@id\":\"https:\\\/\\\/www.mpppst.gob.ve\\\/mpppstweb\\\/#\\\/schema\\\/person\\\/fc187ee8ead412bd4c9304b62f900ea4\",\"name\":\"MPPPST Prensa\",\"url\":\"https:\\\/\\\/www.mpppst.gob.ve\\\/mpppstweb\\\/index.php\\\/author\\\/prensa-mpppst\\\/\"}]}<\/script>\n<!-- \/ Yoast SEO plugin. -->","yoast_head_json":{"title":"Ministro Castro Soteldo: Agricultura urbana conjuga la producci\u00f3n de alimentos e inclusi\u00f3n de factores sociales organizados - MPPPST","robots":{"index":"index","follow":"follow","max-snippet":"max-snippet:-1","max-image-preview":"max-image-preview:large","max-video-preview":"max-video-preview:-1"},"canonical":"https:\/\/www.mpppst.gob.ve\/mpppstweb\/index.php\/2020\/11\/30\/ministro-castro-soteldo-agricultura-urbana-conjuga-la-produccion-de-alimentos-e-inclusion-de-factores-sociales-organizados\/","og_locale":"es_ES","og_type":"article","og_title":"Ministro Castro Soteldo: Agricultura urbana conjuga la producci\u00f3n de alimentos e inclusi\u00f3n de factores sociales organizados - MPPPST","og_description":"El ministro del Poder Popular para la Agr\u00edcultura Productiva y Tierras,&nbsp;Wilmar Castro Soteldo,&nbsp;expres\u00f3 que la agricultura &hellip; Ministro Castro Soteldo: Agricultura urbana conjuga la producci\u00f3n de alimentos e inclusi\u00f3n de factores sociales organizadosLeer m\u00e1s","og_url":"https:\/\/www.mpppst.gob.ve\/mpppstweb\/index.php\/2020\/11\/30\/ministro-castro-soteldo-agricultura-urbana-conjuga-la-produccion-de-alimentos-e-inclusion-de-factores-sociales-organizados\/","og_site_name":"MPPPST","article_publisher":"https:\/\/www.facebook.com\/mintrabajo_ve","article_published_time":"2020-11-30T14:15:42+00:00","article_modified_time":"2020-11-30T14:15:43+00:00","og_image":[{"width":768,"height":427,"url":"https:\/\/www.mpppst.gob.ve\/mpppstweb\/wp-content\/uploads\/2020\/11\/120113921_730471187535391_3446307851000155531_o-768x427-1.jpg","type":"image\/jpeg"}],"author":"MPPPST Prensa","twitter_card":"summary_large_image","schema":{"@context":"https:\/\/schema.org","@graph":[{"@type":"Article","@id":"https:\/\/www.mpppst.gob.ve\/mpppstweb\/index.php\/2020\/11\/30\/ministro-castro-soteldo-agricultura-urbana-conjuga-la-produccion-de-alimentos-e-inclusion-de-factores-sociales-organizados\/#article","isPartOf":{"@id":"https:\/\/www.mpppst.gob.ve\/mpppstweb\/index.php\/2020\/11\/30\/ministro-castro-soteldo-agricultura-urbana-conjuga-la-produccion-de-alimentos-e-inclusion-de-factores-sociales-organizados\/"},"author":{"name":"MPPPST Prensa","@id":"https:\/\/www.mpppst.gob.ve\/mpppstweb\/#\/schema\/person\/fc187ee8ead412bd4c9304b62f900ea4"},"headline":"Ministro Castro Soteldo: Agricultura urbana conjuga la producci\u00f3n de alimentos e inclusi\u00f3n de factores sociales organizados","datePublished":"2020-11-30T14:15:42+00:00","dateModified":"2020-11-30T14:15:43+00:00","mainEntityOfPage":{"@id":"https:\/\/www.mpppst.gob.ve\/mpppstweb\/index.php\/2020\/11\/30\/ministro-castro-soteldo-agricultura-urbana-conjuga-la-produccion-de-alimentos-e-inclusion-de-factores-sociales-organizados\/"},"wordCount":408,"publisher":{"@id":"https:\/\/www.mpppst.gob.ve\/mpppstweb\/#organization"},"image":{"@id":"https:\/\/www.mpppst.gob.ve\/mpppstweb\/index.php\/2020\/11\/30\/ministro-castro-soteldo-agricultura-urbana-conjuga-la-produccion-de-alimentos-e-inclusion-de-factores-sociales-organizados\/#primaryimage"},"thumbnailUrl":"https:\/\/www.mpppst.gob.ve\/mpppstweb\/wp-content\/uploads\/2020\/11\/120113921_730471187535391_3446307851000155531_o-768x427-1.jpg","articleSection":["Gobierno Nacional","Noticias"],"inLanguage":"es"},{"@type":"WebPage","@id":"https:\/\/www.mpppst.gob.ve\/mpppstweb\/index.php\/2020\/11\/30\/ministro-castro-soteldo-agricultura-urbana-conjuga-la-produccion-de-alimentos-e-inclusion-de-factores-sociales-organizados\/","url":"https:\/\/www.mpppst.gob.ve\/mpppstweb\/index.php\/2020\/11\/30\/ministro-castro-soteldo-agricultura-urbana-conjuga-la-produccion-de-alimentos-e-inclusion-de-factores-sociales-organizados\/","name":"Ministro Castro Soteldo: Agricultura urbana conjuga la producci\u00f3n de alimentos e inclusi\u00f3n de factores sociales organizados - MPPPST","isPartOf":{"@id":"https:\/\/www.mpppst.gob.ve\/mpppstweb\/#website"},"primaryImageOfPage":{"@id":"https:\/\/www.mpppst.gob.ve\/mpppstweb\/index.php\/2020\/11\/30\/ministro-castro-soteldo-agricultura-urbana-conjuga-la-produccion-de-alimentos-e-inclusion-de-factores-sociales-organizados\/#primaryimage"},"image":{"@id":"https:\/\/www.mpppst.gob.ve\/mpppstweb\/index.php\/2020\/11\/30\/ministro-castro-soteldo-agricultura-urbana-conjuga-la-produccion-de-alimentos-e-inclusion-de-factores-sociales-organizados\/#primaryimage"},"thumbnailUrl":"https:\/\/www.mpppst.gob.ve\/mpppstweb\/wp-content\/uploads\/2020\/11\/120113921_730471187535391_3446307851000155531_o-768x427-1.jpg","datePublished":"2020-11-30T14:15:42+00:00","dateModified":"2020-11-30T14:15:43+00:00","breadcrumb":{"@id":"https:\/\/www.mpppst.gob.ve\/mpppstweb\/index.php\/2020\/11\/30\/ministro-castro-soteldo-agricultura-urbana-conjuga-la-produccion-de-alimentos-e-inclusion-de-factores-sociales-organizados\/#breadcrumb"},"inLanguage":"es","potentialAction":[{"@type":"ReadAction","target":["https:\/\/www.mpppst.gob.ve\/mpppstweb\/index.php\/2020\/11\/30\/ministro-castro-soteldo-agricultura-urbana-conjuga-la-produccion-de-alimentos-e-inclusion-de-factores-sociales-organizados\/"]}]},{"@type":"ImageObject","inLanguage":"es","@id":"https:\/\/www.mpppst.gob.ve\/mpppstweb\/index.php\/2020\/11\/30\/ministro-castro-soteldo-agricultura-urbana-conjuga-la-produccion-de-alimentos-e-inclusion-de-factores-sociales-organizados\/#primaryimage","url":"https:\/\/www.mpppst.gob.ve\/mpppstweb\/wp-content\/uploads\/2020\/11\/120113921_730471187535391_3446307851000155531_o-768x427-1.jpg","contentUrl":"https:\/\/www.mpppst.gob.ve\/mpppstweb\/wp-content\/uploads\/2020\/11\/120113921_730471187535391_3446307851000155531_o-768x427-1.jpg","width":768,"height":427},{"@type":"BreadcrumbList","@id":"https:\/\/www.mpppst.gob.ve\/mpppstweb\/index.php\/2020\/11\/30\/ministro-castro-soteldo-agricultura-urbana-conjuga-la-produccion-de-alimentos-e-inclusion-de-factores-sociales-organizados\/#breadcrumb","itemListElement":[{"@type":"ListItem","position":1,"name":"Home","item":"https:\/\/www.mpppst.gob.ve\/mpppstweb\/"},{"@type":"ListItem","position":2,"name":"Ministro Castro Soteldo: Agricultura urbana conjuga la producci\u00f3n de alimentos e inclusi\u00f3n de factores sociales organizados"}]},{"@type":"WebSite","@id":"https:\/\/www.mpppst.gob.ve\/mpppstweb\/#website","url":"https:\/\/www.mpppst.gob.ve\/mpppstweb\/","name":"MPPPST","description":"Sitio web oficial del Ministerio del Poder Popular para el Proceso Social de Trabajo","publisher":{"@id":"https:\/\/www.mpppst.gob.ve\/mpppstweb\/#organization"},"alternateName":"Ministerio del Poder Popular para el Proceso Social de Trabajo","potentialAction":[{"@type":"SearchAction","target":{"@type":"EntryPoint","urlTemplate":"https:\/\/www.mpppst.gob.ve\/mpppstweb\/?s={search_term_string}"},"query-input":{"@type":"PropertyValueSpecification","valueRequired":true,"valueName":"search_term_string"}}],"inLanguage":"es"},{"@type":"Organization","@id":"https:\/\/www.mpppst.gob.ve\/mpppstweb\/#organization","name":"Ministerio del Poder Popular para el Proceso Social de Trabajo","alternateName":"MPPPST","url":"https:\/\/www.mpppst.gob.ve\/mpppstweb\/","logo":{"@type":"ImageObject","inLanguage":"es","@id":"https:\/\/www.mpppst.gob.ve\/mpppstweb\/#\/schema\/logo\/image\/","url":"https:\/\/www.mpppst.gob.ve\/mpppstweb\/wp-content\/uploads\/2025\/07\/cropped-cropped-g910.png","contentUrl":"https:\/\/www.mpppst.gob.ve\/mpppstweb\/wp-content\/uploads\/2025\/07\/cropped-cropped-g910.png","width":1080,"height":241,"caption":"Ministerio del Poder Popular para el Proceso Social de Trabajo"},"image":{"@id":"https:\/\/www.mpppst.gob.ve\/mpppstweb\/#\/schema\/logo\/image\/"},"sameAs":["https:\/\/www.facebook.com\/mintrabajo_ve","https:\/\/www.instagram.com\/mintrabajo_ve\/","https:\/\/www.tiktok.com\/@mintrabajo_ve","https:\/\/t.me\/mpppst"]},{"@type":"Person","@id":"https:\/\/www.mpppst.gob.ve\/mpppstweb\/#\/schema\/person\/fc187ee8ead412bd4c9304b62f900ea4","name":"MPPPST Prensa","url":"https:\/\/www.mpppst.gob.ve\/mpppstweb\/index.php\/author\/prensa-mpppst\/"}]}},"_links":{"self":[{"href":"https:\/\/www.mpppst.gob.ve\/mpppstweb\/index.php\/wp-json\/wp\/v2\/posts\/20645","targetHints":{"allow":["GET"]}}],"collection":[{"href":"https:\/\/www.mpppst.gob.ve\/mpppstweb\/index.php\/wp-json\/wp\/v2\/posts"}],"about":[{"href":"https:\/\/www.mpppst.gob.ve\/mpppstweb\/index.php\/wp-json\/wp\/v2\/types\/post"}],"author":[{"embeddable":true,"href":"https:\/\/www.mpppst.gob.ve\/mpppstweb\/index.php\/wp-json\/wp\/v2\/users\/25"}],"replies":[{"embeddable":true,"href":"https:\/\/www.mpppst.gob.ve\/mpppstweb\/index.php\/wp-json\/wp\/v2\/comments?post=20645"}],"version-history":[{"count":1,"href":"https:\/\/www.mpppst.gob.ve\/mpppstweb\/index.php\/wp-json\/wp\/v2\/posts\/20645\/revisions"}],"predecessor-version":[{"id":20647,"href":"https:\/\/www.mpppst.gob.ve\/mpppstweb\/index.php\/wp-json\/wp\/v2\/posts\/20645\/revisions\/20647"}],"wp:featuredmedia":[{"embeddable":true,"href":"https:\/\/www.mpppst.gob.ve\/mpppstweb\/index.php\/wp-json\/wp\/v2\/media\/20646"}],"wp:attachment":[{"href":"https:\/\/www.mpppst.gob.ve\/mpppstweb\/index.php\/wp-json\/wp\/v2\/media?parent=20645"}],"wp:term":[{"taxonomy":"category","embeddable":true,"href":"https:\/\/www.mpppst.gob.ve\/mpppstweb\/index.php\/wp-json\/wp\/v2\/categories?post=20645"},{"taxonomy":"post_tag","embeddable":true,"href":"https:\/\/www.mpppst.gob.ve\/mpppstweb\/index.php\/wp-json\/wp\/v2\/tags?post=20645"}],"curies":[{"name":"wp","href":"https:\/\/api.w.org\/{rel}","templated":true}]}}