{"id":21129,"date":"2021-01-08T08:52:00","date_gmt":"2021-01-08T12:52:00","guid":{"rendered":"http:\/\/www.mpppst.gob.ve\/mpppstweb\/?p=21129"},"modified":"2021-01-08T08:52:01","modified_gmt":"2021-01-08T12:52:01","slug":"venezuela-decreta-nuevo-territorio-maritimo-para-el-desarrollo-de-la-fachada-atlantica-de-la-republica-bolivariana","status":"publish","type":"post","link":"https:\/\/www.mpppst.gob.ve\/mpppstweb\/index.php\/2021\/01\/08\/venezuela-decreta-nuevo-territorio-maritimo-para-el-desarrollo-de-la-fachada-atlantica-de-la-republica-bolivariana\/","title":{"rendered":"Venezuela decreta nuevo territorio mar\u00edtimo para el desarrollo de la Fachada Atl\u00e1ntica de la Rep\u00fablica Bolivariana"},"content":{"rendered":"\n<p>El presidente<a href=\"https:\/\/mastodon.social\/@Nicolas_Maduro\" target=\"_blank\" rel=\"noreferrer noopener\"><strong>&nbsp;Nicol\u00e1s Maduro Moros,<\/strong><\/a>&nbsp;anunci\u00f3 el establecimiento del<em><strong>&nbsp;Territorio para el Desarrollo de la Fachada Atl\u00e1ntica<\/strong>&nbsp;<\/em>de la Rep\u00fablica Bolivariana de Venezuela, con el firme prop\u00f3sito de defender los derechos hist\u00f3ricos de los venezolanos y venezolanas sobre su sagrado suelo nacional.<\/p>\n\n\n\n<p>\u201cTengo en mis manos para firmar el Decreto mediante el cual se establece un nuevo territorio mar\u00edtimo de la Rep\u00fablica, y forma parte de la bater\u00eda de acciones legales, diplom\u00e1ticas, pol\u00edticas y de Estado para defender nuestros sagrados derechos de 200 a\u00f1os de Rep\u00fablica\u201d, expres\u00f3 desde el Palacio de Miraflores, donde encabez\u00f3 el Consejo de Defensa de la Naci\u00f3n (Codena) y el Consejo de Estado para anunciar la defensa del Esequibo ante las pretensiones de transnacionales que est\u00e1n detr\u00e1s de sentencias sospechosas de la<a href=\"https:\/\/www.vtv.gob.ve\/venezuela-rechaza-cij-defiende-soberania-territorio-esequibo\/\" target=\"_blank\" rel=\"noreferrer noopener\">&nbsp;Corte Internacional de Justicia (CIJ).<\/a><\/p>\n\n\n\n<figure><iframe allowfullscreen=\"true\" class=\"\" src=\"https:\/\/platform.twitter.com\/embed\/index.html?creatorScreenName=VTVcanal8&amp;dnt=false&amp;embedId=twitter-widget-0&amp;frame=false&amp;hideCard=false&amp;hideThread=false&amp;id=1347348079335395329&amp;lang=es&amp;origin=https%3A%2F%2Fwww.vtv.gob.ve%2Fvenezuela-decreta-nuevo-territorio-maritimo-fachada-atlantica-republica-bolivariana%2F&amp;siteScreenName=VTVcanal8&amp;theme=light&amp;widgetsVersion=ed20a2b%3A1601588405575&amp;width=550px\"><\/iframe><\/figure>\n\n\n\n<div class=\"wp-block-image\"><figure class=\"aligncenter\"><img decoding=\"async\" src=\"https:\/\/www.vtv.gob.ve\/wp-content\/uploads\/2021\/01\/PRESIDENTE-5.jpeg\" alt=\"\" class=\"wp-image-313002\"\/><\/figure><\/div>\n\n\n\n<p>El Jefe de Estado ley\u00f3 parte del Decreto Presidencial, en cuyo art\u00edculo 1 se crea la \u201cZona Estrat\u00e9gica de Desarrollo de la Fachada Atl\u00e1ntica\u201d, que brindar\u00e1 protecci\u00f3n y salvaguarda de la jurisdicci\u00f3n de Venezuela en sus espacios continentales; \u00e1reas marinas interiores, lim\u00edtrofes hist\u00f3ricas y vitales del pa\u00eds.<\/p>\n\n\n\n<p>Asimismo, estar\u00e1n comprendidas las \u00e1reas submarinas, insulares, lacustres, fluviales, del mar territorial, comprendidas en las bases rectas adoptadas o que adopte Venezuela, incluye el suelo y subsuelo de \u00e9stos, y el espacio a\u00e9reo continental, insular y mar\u00edtimo, los recursos, riquezas y otros intereses que se encuentren o se descubran.<\/p>\n\n\n\n<p>Tambi\u00e9n estar\u00e1n incorporados al nuevo territorio, la zona mar\u00edtima contigua, la plataforma continental y la zona econ\u00f3mica exlusiva, incluidas las del aeroespacio, espacio ultraterrestre subyacente o cualquier otra dimensi\u00f3n que afecte la seguridad territorial de la naci\u00f3n.<\/p>\n\n\n\n<p>Inform\u00f3 que los art\u00edculos 4 y 5 abordan lo referido a la administraci\u00f3n del nuevo territorio nacional y la Autoridad \u00danica que tendr\u00e1 bajo su responsabilidad las atribuciones legales correspondientes.<\/p>\n\n\n\n<p>En este punto, instruy\u00f3 a la Vicepresidenta Ejecutiva y al Canciller de la Rep\u00fablica, preparar un dossier informativo para darlo a conocer a los venezolanos y venezolanas en las pr\u00f3ximas horas.<\/p>\n\n\n\n<p>\u201cSe me propone este Decreto Especial y en ejercicio de mis funciones como Jefe de Estado y de Gobierno, apruebo la creaci\u00f3n del Territorio de la Fachada Atl\u00e1ntica venezolana. \u00a1Aprobado!\u201d.<\/p>\n\n\n\n<p>\u201cPor Venezuela, por el Esequibo, por la uni\u00f3n nacional. \u00a1C\u00famplase!\u201d, resumi\u00f3.<\/p>\n\n\n\n<figure><iframe allowfullscreen=\"true\" class=\"\" src=\"https:\/\/platform.twitter.com\/embed\/index.html?creatorScreenName=VTVcanal8&amp;dnt=false&amp;embedId=twitter-widget-1&amp;frame=false&amp;hideCard=false&amp;hideThread=false&amp;id=1347349426784903174&amp;lang=es&amp;origin=https%3A%2F%2Fwww.vtv.gob.ve%2Fvenezuela-decreta-nuevo-territorio-maritimo-fachada-atlantica-republica-bolivariana%2F&amp;siteScreenName=VTVcanal8&amp;theme=light&amp;widgetsVersion=ed20a2b%3A1601588405575&amp;width=550px\"><\/iframe><\/figure>\n\n\n\n<p>\/maye<\/p>\n","protected":false},"excerpt":{"rendered":"<p>El presidente&nbsp;Nicol\u00e1s Maduro Moros,&nbsp;anunci\u00f3 el establecimiento del&nbsp;Territorio para el Desarrollo de la Fachada Atl\u00e1ntica&nbsp;de la Rep\u00fablica &hellip; <a title=\"Venezuela decreta nuevo territorio mar\u00edtimo para el desarrollo de la Fachada Atl\u00e1ntica de la Rep\u00fablica Bolivariana\" class=\"hm-read-more\" href=\"https:\/\/www.mpppst.gob.ve\/mpppstweb\/index.php\/2021\/01\/08\/venezuela-decreta-nuevo-territorio-maritimo-para-el-desarrollo-de-la-fachada-atlantica-de-la-republica-bolivariana\/\"><span class=\"screen-reader-text\">Venezuela decreta nuevo territorio mar\u00edtimo para el desarrollo de la Fachada Atl\u00e1ntica de la Rep\u00fablica Bolivariana<\/span>Read more<\/a><\/p>\n","protected":false},"author":25,"featured_media":21131,"comment_status":"closed","ping_status":"closed","sticky":false,"template":"","format":"standard","meta":{"footnotes":""},"categories":[82,163],"tags":[],"yoast_head":"<!-- This site is optimized with the Yoast SEO plugin v22.5 - https:\/\/yoast.com\/wordpress\/plugins\/seo\/ -->\n<title>Venezuela decreta nuevo territorio mar\u00edtimo para el desarrollo de la Fachada Atl\u00e1ntica de la Rep\u00fablica Bolivariana - MPPPST<\/title>\n<meta name=\"robots\" content=\"index, follow, max-snippet:-1, max-image-preview:large, max-video-preview:-1\" \/>\n<link rel=\"canonical\" href=\"https:\/\/www.mpppst.gob.ve\/mpppstweb\/index.php\/2021\/01\/08\/venezuela-decreta-nuevo-territorio-maritimo-para-el-desarrollo-de-la-fachada-atlantica-de-la-republica-bolivariana\/\" \/>\n<meta property=\"og:locale\" content=\"es_ES\" \/>\n<meta property=\"og:type\" content=\"article\" \/>\n<meta property=\"og:title\" content=\"Venezuela decreta nuevo territorio mar\u00edtimo para el desarrollo de la Fachada Atl\u00e1ntica de la Rep\u00fablica Bolivariana - MPPPST\" \/>\n<meta property=\"og:description\" content=\"El presidente&nbsp;Nicol\u00e1s Maduro Moros,&nbsp;anunci\u00f3 el establecimiento del&nbsp;Territorio para el Desarrollo de la Fachada Atl\u00e1ntica&nbsp;de la Rep\u00fablica &hellip; Venezuela decreta nuevo territorio mar\u00edtimo para el desarrollo de la Fachada Atl\u00e1ntica de la Rep\u00fablica BolivarianaRead more\" \/>\n<meta property=\"og:url\" content=\"https:\/\/www.mpppst.gob.ve\/mpppstweb\/index.php\/2021\/01\/08\/venezuela-decreta-nuevo-territorio-maritimo-para-el-desarrollo-de-la-fachada-atlantica-de-la-republica-bolivariana\/\" \/>\n<meta property=\"og:site_name\" content=\"MPPPST\" \/>\n<meta property=\"article:published_time\" content=\"2021-01-08T12:52:00+00:00\" \/>\n<meta property=\"article:modified_time\" content=\"2021-01-08T12:52:01+00:00\" \/>\n<meta property=\"og:image\" content=\"https:\/\/www.mpppst.gob.ve\/mpppstweb\/wp-content\/uploads\/2021\/01\/PRESIDENTE-2-1-768x427-1.jpg\" \/>\n\t<meta property=\"og:image:width\" content=\"768\" \/>\n\t<meta property=\"og:image:height\" content=\"427\" \/>\n\t<meta property=\"og:image:type\" content=\"image\/jpeg\" \/>\n<meta name=\"author\" content=\"MPPPST Prensa\" \/>\n<meta name=\"twitter:card\" content=\"summary_large_image\" \/>\n<meta name=\"twitter:label1\" content=\"Escrito por\" \/>\n\t<meta name=\"twitter:data1\" content=\"MPPPST Prensa\" \/>\n\t<meta name=\"twitter:label2\" content=\"Tiempo de lectura\" \/>\n\t<meta name=\"twitter:data2\" content=\"2 minutos\" \/>\n<script type=\"application\/ld+json\" class=\"yoast-schema-graph\">{\"@context\":\"https:\/\/schema.org\",\"@graph\":[{\"@type\":\"Article\",\"@id\":\"https:\/\/www.mpppst.gob.ve\/mpppstweb\/index.php\/2021\/01\/08\/venezuela-decreta-nuevo-territorio-maritimo-para-el-desarrollo-de-la-fachada-atlantica-de-la-republica-bolivariana\/#article\",\"isPartOf\":{\"@id\":\"https:\/\/www.mpppst.gob.ve\/mpppstweb\/index.php\/2021\/01\/08\/venezuela-decreta-nuevo-territorio-maritimo-para-el-desarrollo-de-la-fachada-atlantica-de-la-republica-bolivariana\/\"},\"author\":{\"name\":\"MPPPST Prensa\",\"@id\":\"https:\/\/www.mpppst.gob.ve\/mpppstweb\/#\/schema\/person\/fc187ee8ead412bd4c9304b62f900ea4\"},\"headline\":\"Venezuela decreta nuevo territorio mar\u00edtimo para el desarrollo de la Fachada Atl\u00e1ntica de la Rep\u00fablica Bolivariana\",\"datePublished\":\"2021-01-08T12:52:00+00:00\",\"dateModified\":\"2021-01-08T12:52:01+00:00\",\"mainEntityOfPage\":{\"@id\":\"https:\/\/www.mpppst.gob.ve\/mpppstweb\/index.php\/2021\/01\/08\/venezuela-decreta-nuevo-territorio-maritimo-para-el-desarrollo-de-la-fachada-atlantica-de-la-republica-bolivariana\/\"},\"wordCount\":427,\"publisher\":{\"@id\":\"https:\/\/www.mpppst.gob.ve\/mpppstweb\/#organization\"},\"image\":{\"@id\":\"https:\/\/www.mpppst.gob.ve\/mpppstweb\/index.php\/2021\/01\/08\/venezuela-decreta-nuevo-territorio-maritimo-para-el-desarrollo-de-la-fachada-atlantica-de-la-republica-bolivariana\/#primaryimage\"},\"thumbnailUrl\":\"https:\/\/www.mpppst.gob.ve\/mpppstweb\/wp-content\/uploads\/2021\/01\/PRESIDENTE-2-1-768x427-1.jpg\",\"articleSection\":[\"Gobierno Nacional\",\"Noticias\"],\"inLanguage\":\"es\"},{\"@type\":\"WebPage\",\"@id\":\"https:\/\/www.mpppst.gob.ve\/mpppstweb\/index.php\/2021\/01\/08\/venezuela-decreta-nuevo-territorio-maritimo-para-el-desarrollo-de-la-fachada-atlantica-de-la-republica-bolivariana\/\",\"url\":\"https:\/\/www.mpppst.gob.ve\/mpppstweb\/index.php\/2021\/01\/08\/venezuela-decreta-nuevo-territorio-maritimo-para-el-desarrollo-de-la-fachada-atlantica-de-la-republica-bolivariana\/\",\"name\":\"Venezuela decreta nuevo territorio mar\u00edtimo para el desarrollo de la Fachada Atl\u00e1ntica de la Rep\u00fablica Bolivariana - MPPPST\",\"isPartOf\":{\"@id\":\"https:\/\/www.mpppst.gob.ve\/mpppstweb\/#website\"},\"primaryImageOfPage\":{\"@id\":\"https:\/\/www.mpppst.gob.ve\/mpppstweb\/index.php\/2021\/01\/08\/venezuela-decreta-nuevo-territorio-maritimo-para-el-desarrollo-de-la-fachada-atlantica-de-la-republica-bolivariana\/#primaryimage\"},\"image\":{\"@id\":\"https:\/\/www.mpppst.gob.ve\/mpppstweb\/index.php\/2021\/01\/08\/venezuela-decreta-nuevo-territorio-maritimo-para-el-desarrollo-de-la-fachada-atlantica-de-la-republica-bolivariana\/#primaryimage\"},\"thumbnailUrl\":\"https:\/\/www.mpppst.gob.ve\/mpppstweb\/wp-content\/uploads\/2021\/01\/PRESIDENTE-2-1-768x427-1.jpg\",\"datePublished\":\"2021-01-08T12:52:00+00:00\",\"dateModified\":\"2021-01-08T12:52:01+00:00\",\"breadcrumb\":{\"@id\":\"https:\/\/www.mpppst.gob.ve\/mpppstweb\/index.php\/2021\/01\/08\/venezuela-decreta-nuevo-territorio-maritimo-para-el-desarrollo-de-la-fachada-atlantica-de-la-republica-bolivariana\/#breadcrumb\"},\"inLanguage\":\"es\",\"potentialAction\":[{\"@type\":\"ReadAction\",\"target\":[\"https:\/\/www.mpppst.gob.ve\/mpppstweb\/index.php\/2021\/01\/08\/venezuela-decreta-nuevo-territorio-maritimo-para-el-desarrollo-de-la-fachada-atlantica-de-la-republica-bolivariana\/\"]}]},{\"@type\":\"ImageObject\",\"inLanguage\":\"es\",\"@id\":\"https:\/\/www.mpppst.gob.ve\/mpppstweb\/index.php\/2021\/01\/08\/venezuela-decreta-nuevo-territorio-maritimo-para-el-desarrollo-de-la-fachada-atlantica-de-la-republica-bolivariana\/#primaryimage\",\"url\":\"https:\/\/www.mpppst.gob.ve\/mpppstweb\/wp-content\/uploads\/2021\/01\/PRESIDENTE-2-1-768x427-1.jpg\",\"contentUrl\":\"https:\/\/www.mpppst.gob.ve\/mpppstweb\/wp-content\/uploads\/2021\/01\/PRESIDENTE-2-1-768x427-1.jpg\",\"width\":768,\"height\":427},{\"@type\":\"BreadcrumbList\",\"@id\":\"https:\/\/www.mpppst.gob.ve\/mpppstweb\/index.php\/2021\/01\/08\/venezuela-decreta-nuevo-territorio-maritimo-para-el-desarrollo-de-la-fachada-atlantica-de-la-republica-bolivariana\/#breadcrumb\",\"itemListElement\":[{\"@type\":\"ListItem\",\"position\":1,\"name\":\"Home\",\"item\":\"https:\/\/www.mpppst.gob.ve\/mpppstweb\/\"},{\"@type\":\"ListItem\",\"position\":2,\"name\":\"Venezuela decreta nuevo territorio mar\u00edtimo para el desarrollo de la Fachada Atl\u00e1ntica de la Rep\u00fablica Bolivariana\"}]},{\"@type\":\"WebSite\",\"@id\":\"https:\/\/www.mpppst.gob.ve\/mpppstweb\/#website\",\"url\":\"https:\/\/www.mpppst.gob.ve\/mpppstweb\/\",\"name\":\"MPPPST\",\"description\":\"Ministerio del Poder Popular para el Proceso Social de Trabajo\",\"publisher\":{\"@id\":\"https:\/\/www.mpppst.gob.ve\/mpppstweb\/#organization\"},\"potentialAction\":[{\"@type\":\"SearchAction\",\"target\":{\"@type\":\"EntryPoint\",\"urlTemplate\":\"https:\/\/www.mpppst.gob.ve\/mpppstweb\/?s={search_term_string}\"},\"query-input\":\"required name=search_term_string\"}],\"inLanguage\":\"es\"},{\"@type\":\"Organization\",\"@id\":\"https:\/\/www.mpppst.gob.ve\/mpppstweb\/#organization\",\"name\":\"mpppst\",\"url\":\"https:\/\/www.mpppst.gob.ve\/mpppstweb\/\",\"logo\":{\"@type\":\"ImageObject\",\"inLanguage\":\"es\",\"@id\":\"https:\/\/www.mpppst.gob.ve\/mpppstweb\/#\/schema\/logo\/image\/\",\"url\":\"https:\/\/www.mpppst.gob.ve\/mpppstweb\/wp-content\/uploads\/2025\/07\/cropped-cropped-g910.png\",\"contentUrl\":\"https:\/\/www.mpppst.gob.ve\/mpppstweb\/wp-content\/uploads\/2025\/07\/cropped-cropped-g910.png\",\"width\":1080,\"height\":241,\"caption\":\"mpppst\"},\"image\":{\"@id\":\"https:\/\/www.mpppst.gob.ve\/mpppstweb\/#\/schema\/logo\/image\/\"}},{\"@type\":\"Person\",\"@id\":\"https:\/\/www.mpppst.gob.ve\/mpppstweb\/#\/schema\/person\/fc187ee8ead412bd4c9304b62f900ea4\",\"name\":\"MPPPST Prensa\",\"url\":\"https:\/\/www.mpppst.gob.ve\/mpppstweb\/index.php\/author\/prensa-mpppst\/\"}]}<\/script>\n<!-- \/ Yoast SEO plugin. -->","yoast_head_json":{"title":"Venezuela decreta nuevo territorio mar\u00edtimo para el desarrollo de la Fachada Atl\u00e1ntica de la Rep\u00fablica Bolivariana - MPPPST","robots":{"index":"index","follow":"follow","max-snippet":"max-snippet:-1","max-image-preview":"max-image-preview:large","max-video-preview":"max-video-preview:-1"},"canonical":"https:\/\/www.mpppst.gob.ve\/mpppstweb\/index.php\/2021\/01\/08\/venezuela-decreta-nuevo-territorio-maritimo-para-el-desarrollo-de-la-fachada-atlantica-de-la-republica-bolivariana\/","og_locale":"es_ES","og_type":"article","og_title":"Venezuela decreta nuevo territorio mar\u00edtimo para el desarrollo de la Fachada Atl\u00e1ntica de la Rep\u00fablica Bolivariana - MPPPST","og_description":"El presidente&nbsp;Nicol\u00e1s Maduro Moros,&nbsp;anunci\u00f3 el establecimiento del&nbsp;Territorio para el Desarrollo de la Fachada Atl\u00e1ntica&nbsp;de la Rep\u00fablica &hellip; Venezuela decreta nuevo territorio mar\u00edtimo para el desarrollo de la Fachada Atl\u00e1ntica de la Rep\u00fablica BolivarianaRead more","og_url":"https:\/\/www.mpppst.gob.ve\/mpppstweb\/index.php\/2021\/01\/08\/venezuela-decreta-nuevo-territorio-maritimo-para-el-desarrollo-de-la-fachada-atlantica-de-la-republica-bolivariana\/","og_site_name":"MPPPST","article_published_time":"2021-01-08T12:52:00+00:00","article_modified_time":"2021-01-08T12:52:01+00:00","og_image":[{"width":768,"height":427,"url":"https:\/\/www.mpppst.gob.ve\/mpppstweb\/wp-content\/uploads\/2021\/01\/PRESIDENTE-2-1-768x427-1.jpg","type":"image\/jpeg"}],"author":"MPPPST Prensa","twitter_card":"summary_large_image","twitter_misc":{"Escrito por":"MPPPST Prensa","Tiempo de lectura":"2 minutos"},"schema":{"@context":"https:\/\/schema.org","@graph":[{"@type":"Article","@id":"https:\/\/www.mpppst.gob.ve\/mpppstweb\/index.php\/2021\/01\/08\/venezuela-decreta-nuevo-territorio-maritimo-para-el-desarrollo-de-la-fachada-atlantica-de-la-republica-bolivariana\/#article","isPartOf":{"@id":"https:\/\/www.mpppst.gob.ve\/mpppstweb\/index.php\/2021\/01\/08\/venezuela-decreta-nuevo-territorio-maritimo-para-el-desarrollo-de-la-fachada-atlantica-de-la-republica-bolivariana\/"},"author":{"name":"MPPPST Prensa","@id":"https:\/\/www.mpppst.gob.ve\/mpppstweb\/#\/schema\/person\/fc187ee8ead412bd4c9304b62f900ea4"},"headline":"Venezuela decreta nuevo territorio mar\u00edtimo para el desarrollo de la Fachada Atl\u00e1ntica de la Rep\u00fablica Bolivariana","datePublished":"2021-01-08T12:52:00+00:00","dateModified":"2021-01-08T12:52:01+00:00","mainEntityOfPage":{"@id":"https:\/\/www.mpppst.gob.ve\/mpppstweb\/index.php\/2021\/01\/08\/venezuela-decreta-nuevo-territorio-maritimo-para-el-desarrollo-de-la-fachada-atlantica-de-la-republica-bolivariana\/"},"wordCount":427,"publisher":{"@id":"https:\/\/www.mpppst.gob.ve\/mpppstweb\/#organization"},"image":{"@id":"https:\/\/www.mpppst.gob.ve\/mpppstweb\/index.php\/2021\/01\/08\/venezuela-decreta-nuevo-territorio-maritimo-para-el-desarrollo-de-la-fachada-atlantica-de-la-republica-bolivariana\/#primaryimage"},"thumbnailUrl":"https:\/\/www.mpppst.gob.ve\/mpppstweb\/wp-content\/uploads\/2021\/01\/PRESIDENTE-2-1-768x427-1.jpg","articleSection":["Gobierno Nacional","Noticias"],"inLanguage":"es"},{"@type":"WebPage","@id":"https:\/\/www.mpppst.gob.ve\/mpppstweb\/index.php\/2021\/01\/08\/venezuela-decreta-nuevo-territorio-maritimo-para-el-desarrollo-de-la-fachada-atlantica-de-la-republica-bolivariana\/","url":"https:\/\/www.mpppst.gob.ve\/mpppstweb\/index.php\/2021\/01\/08\/venezuela-decreta-nuevo-territorio-maritimo-para-el-desarrollo-de-la-fachada-atlantica-de-la-republica-bolivariana\/","name":"Venezuela decreta nuevo territorio mar\u00edtimo para el desarrollo de la Fachada Atl\u00e1ntica de la Rep\u00fablica Bolivariana - MPPPST","isPartOf":{"@id":"https:\/\/www.mpppst.gob.ve\/mpppstweb\/#website"},"primaryImageOfPage":{"@id":"https:\/\/www.mpppst.gob.ve\/mpppstweb\/index.php\/2021\/01\/08\/venezuela-decreta-nuevo-territorio-maritimo-para-el-desarrollo-de-la-fachada-atlantica-de-la-republica-bolivariana\/#primaryimage"},"image":{"@id":"https:\/\/www.mpppst.gob.ve\/mpppstweb\/index.php\/2021\/01\/08\/venezuela-decreta-nuevo-territorio-maritimo-para-el-desarrollo-de-la-fachada-atlantica-de-la-republica-bolivariana\/#primaryimage"},"thumbnailUrl":"https:\/\/www.mpppst.gob.ve\/mpppstweb\/wp-content\/uploads\/2021\/01\/PRESIDENTE-2-1-768x427-1.jpg","datePublished":"2021-01-08T12:52:00+00:00","dateModified":"2021-01-08T12:52:01+00:00","breadcrumb":{"@id":"https:\/\/www.mpppst.gob.ve\/mpppstweb\/index.php\/2021\/01\/08\/venezuela-decreta-nuevo-territorio-maritimo-para-el-desarrollo-de-la-fachada-atlantica-de-la-republica-bolivariana\/#breadcrumb"},"inLanguage":"es","potentialAction":[{"@type":"ReadAction","target":["https:\/\/www.mpppst.gob.ve\/mpppstweb\/index.php\/2021\/01\/08\/venezuela-decreta-nuevo-territorio-maritimo-para-el-desarrollo-de-la-fachada-atlantica-de-la-republica-bolivariana\/"]}]},{"@type":"ImageObject","inLanguage":"es","@id":"https:\/\/www.mpppst.gob.ve\/mpppstweb\/index.php\/2021\/01\/08\/venezuela-decreta-nuevo-territorio-maritimo-para-el-desarrollo-de-la-fachada-atlantica-de-la-republica-bolivariana\/#primaryimage","url":"https:\/\/www.mpppst.gob.ve\/mpppstweb\/wp-content\/uploads\/2021\/01\/PRESIDENTE-2-1-768x427-1.jpg","contentUrl":"https:\/\/www.mpppst.gob.ve\/mpppstweb\/wp-content\/uploads\/2021\/01\/PRESIDENTE-2-1-768x427-1.jpg","width":768,"height":427},{"@type":"BreadcrumbList","@id":"https:\/\/www.mpppst.gob.ve\/mpppstweb\/index.php\/2021\/01\/08\/venezuela-decreta-nuevo-territorio-maritimo-para-el-desarrollo-de-la-fachada-atlantica-de-la-republica-bolivariana\/#breadcrumb","itemListElement":[{"@type":"ListItem","position":1,"name":"Home","item":"https:\/\/www.mpppst.gob.ve\/mpppstweb\/"},{"@type":"ListItem","position":2,"name":"Venezuela decreta nuevo territorio mar\u00edtimo para el desarrollo de la Fachada Atl\u00e1ntica de la Rep\u00fablica Bolivariana"}]},{"@type":"WebSite","@id":"https:\/\/www.mpppst.gob.ve\/mpppstweb\/#website","url":"https:\/\/www.mpppst.gob.ve\/mpppstweb\/","name":"MPPPST","description":"Ministerio del Poder Popular para el Proceso Social de Trabajo","publisher":{"@id":"https:\/\/www.mpppst.gob.ve\/mpppstweb\/#organization"},"potentialAction":[{"@type":"SearchAction","target":{"@type":"EntryPoint","urlTemplate":"https:\/\/www.mpppst.gob.ve\/mpppstweb\/?s={search_term_string}"},"query-input":"required name=search_term_string"}],"inLanguage":"es"},{"@type":"Organization","@id":"https:\/\/www.mpppst.gob.ve\/mpppstweb\/#organization","name":"mpppst","url":"https:\/\/www.mpppst.gob.ve\/mpppstweb\/","logo":{"@type":"ImageObject","inLanguage":"es","@id":"https:\/\/www.mpppst.gob.ve\/mpppstweb\/#\/schema\/logo\/image\/","url":"https:\/\/www.mpppst.gob.ve\/mpppstweb\/wp-content\/uploads\/2025\/07\/cropped-cropped-g910.png","contentUrl":"https:\/\/www.mpppst.gob.ve\/mpppstweb\/wp-content\/uploads\/2025\/07\/cropped-cropped-g910.png","width":1080,"height":241,"caption":"mpppst"},"image":{"@id":"https:\/\/www.mpppst.gob.ve\/mpppstweb\/#\/schema\/logo\/image\/"}},{"@type":"Person","@id":"https:\/\/www.mpppst.gob.ve\/mpppstweb\/#\/schema\/person\/fc187ee8ead412bd4c9304b62f900ea4","name":"MPPPST Prensa","url":"https:\/\/www.mpppst.gob.ve\/mpppstweb\/index.php\/author\/prensa-mpppst\/"}]}},"_links":{"self":[{"href":"https:\/\/www.mpppst.gob.ve\/mpppstweb\/index.php\/wp-json\/wp\/v2\/posts\/21129"}],"collection":[{"href":"https:\/\/www.mpppst.gob.ve\/mpppstweb\/index.php\/wp-json\/wp\/v2\/posts"}],"about":[{"href":"https:\/\/www.mpppst.gob.ve\/mpppstweb\/index.php\/wp-json\/wp\/v2\/types\/post"}],"author":[{"embeddable":true,"href":"https:\/\/www.mpppst.gob.ve\/mpppstweb\/index.php\/wp-json\/wp\/v2\/users\/25"}],"replies":[{"embeddable":true,"href":"https:\/\/www.mpppst.gob.ve\/mpppstweb\/index.php\/wp-json\/wp\/v2\/comments?post=21129"}],"version-history":[{"count":1,"href":"https:\/\/www.mpppst.gob.ve\/mpppstweb\/index.php\/wp-json\/wp\/v2\/posts\/21129\/revisions"}],"predecessor-version":[{"id":21130,"href":"https:\/\/www.mpppst.gob.ve\/mpppstweb\/index.php\/wp-json\/wp\/v2\/posts\/21129\/revisions\/21130"}],"wp:featuredmedia":[{"embeddable":true,"href":"https:\/\/www.mpppst.gob.ve\/mpppstweb\/index.php\/wp-json\/wp\/v2\/media\/21131"}],"wp:attachment":[{"href":"https:\/\/www.mpppst.gob.ve\/mpppstweb\/index.php\/wp-json\/wp\/v2\/media?parent=21129"}],"wp:term":[{"taxonomy":"category","embeddable":true,"href":"https:\/\/www.mpppst.gob.ve\/mpppstweb\/index.php\/wp-json\/wp\/v2\/categories?post=21129"},{"taxonomy":"post_tag","embeddable":true,"href":"https:\/\/www.mpppst.gob.ve\/mpppstweb\/index.php\/wp-json\/wp\/v2\/tags?post=21129"}],"curies":[{"name":"wp","href":"https:\/\/api.w.org\/{rel}","templated":true}]}}