{"id":21135,"date":"2021-01-08T09:01:54","date_gmt":"2021-01-08T13:01:54","guid":{"rendered":"http:\/\/www.mpppst.gob.ve\/mpppstweb\/?p=21135"},"modified":"2021-01-08T09:01:55","modified_gmt":"2021-01-08T13:01:55","slug":"venezuela-remite-carta-a-la-cij-para-exigir-legitimo-derecho-a-la-defensa-en-diferendo-territorial-sobre-el-esequibo","status":"publish","type":"post","link":"https:\/\/www.mpppst.gob.ve\/mpppstweb\/index.php\/2021\/01\/08\/venezuela-remite-carta-a-la-cij-para-exigir-legitimo-derecho-a-la-defensa-en-diferendo-territorial-sobre-el-esequibo\/","title":{"rendered":"Venezuela remite carta a la CIJ para exigir leg\u00edtimo derecho a la defensa en diferendo territorial sobre el Esequibo"},"content":{"rendered":"\n<p>El presidente de la Rep\u00fablica Bolivariana de Venezuela,&nbsp;<strong>Nicol\u00e1s Maduro<\/strong>, firm\u00f3 este jueves una carta remitida al presidente de la Corte Internacional de Justicia (CIJ), Abdulqawi Ahmed Yusuf, donde se le exige garantizar a la naci\u00f3n Bolivariana el derecho a la defensa en diferendo territorial sobre el Esequibo.<\/p>\n\n\n\n<p>Durante una reuni\u00f3n con el Consejo de Defensa de la Naci\u00f3n y el Consejo de Estado, el Mandatario Nacional especific\u00f3 que la misiva ser\u00e1 entregada este viernes a primera hora en el Palacio de la Paz en la Haya, Pa\u00edses Bajos, sede del \u00f3rgano judicial, con el fin de pedir una postergaci\u00f3n de la audiencia con fecha del 25 de enero para el mes de abril y que se efect\u00fae de forma presencial cumpliendo con los protocolos de bioseguridad contra la COVID-19.&nbsp;<\/p>\n\n\n\n<p>\u201cPretend\u00edan imponernos una audiencia el 15 de enero sin que Venezuela conociera la decisi\u00f3n oficial entregada con sello y firma de la corte. Hoy hemos recibido la decisi\u00f3n oficial; solicitamos el cambio de fecha y se nos informa que han cambiado la fecha para el 25 de enero lo cual sigue siendo un exabrupto\u201d, manifest\u00f3.<\/p>\n\n\n\n<p>Se\u00f1alo que \u201csi se va a convocar a una audiencia tienen que darle el tiempo necesario a la Rep\u00fablica Bolivariana de Venezuela para conocer de manera extensa y detallada esta injusta sentencia y preparar los alegatos necesarios\u201d, enfatiz\u00f3 el Jefe de Estado.<\/p>\n\n\n\n<p>Asimismo, agreg\u00f3 que \u201cel objetivo central de toda esta etapa es la uni\u00f3n de todos los venezolanos y debemos comunicarle al mundo que el Esequibo es nuestro y lo defendemos\u201d, asever\u00f3 el Mandatario nacional.<\/p>\n","protected":false},"excerpt":{"rendered":"<p>El presidente de la Rep\u00fablica Bolivariana de Venezuela,&nbsp;Nicol\u00e1s Maduro, firm\u00f3 este jueves una carta remitida al &hellip; <a title=\"Venezuela remite carta a la CIJ para exigir leg\u00edtimo derecho a la defensa en diferendo territorial sobre el Esequibo\" class=\"hm-read-more\" href=\"https:\/\/www.mpppst.gob.ve\/mpppstweb\/index.php\/2021\/01\/08\/venezuela-remite-carta-a-la-cij-para-exigir-legitimo-derecho-a-la-defensa-en-diferendo-territorial-sobre-el-esequibo\/\"><span class=\"screen-reader-text\">Venezuela remite carta a la CIJ para exigir leg\u00edtimo derecho a la defensa en diferendo territorial sobre el Esequibo<\/span>Read more<\/a><\/p>\n","protected":false},"author":25,"featured_media":21136,"comment_status":"closed","ping_status":"closed","sticky":false,"template":"","format":"standard","meta":{"footnotes":""},"categories":[82,163],"tags":[],"yoast_head":"<!-- This site is optimized with the Yoast SEO plugin v22.5 - https:\/\/yoast.com\/wordpress\/plugins\/seo\/ -->\n<title>Venezuela remite carta a la CIJ para exigir leg\u00edtimo derecho a la defensa en diferendo territorial sobre el Esequibo - MPPPST<\/title>\n<meta name=\"robots\" content=\"index, follow, max-snippet:-1, max-image-preview:large, max-video-preview:-1\" \/>\n<link rel=\"canonical\" href=\"https:\/\/www.mpppst.gob.ve\/mpppstweb\/index.php\/2021\/01\/08\/venezuela-remite-carta-a-la-cij-para-exigir-legitimo-derecho-a-la-defensa-en-diferendo-territorial-sobre-el-esequibo\/\" \/>\n<meta property=\"og:locale\" content=\"es_ES\" \/>\n<meta property=\"og:type\" content=\"article\" \/>\n<meta property=\"og:title\" content=\"Venezuela remite carta a la CIJ para exigir leg\u00edtimo derecho a la defensa en diferendo territorial sobre el Esequibo - MPPPST\" \/>\n<meta property=\"og:description\" content=\"El presidente de la Rep\u00fablica Bolivariana de Venezuela,&nbsp;Nicol\u00e1s Maduro, firm\u00f3 este jueves una carta remitida al &hellip; Venezuela remite carta a la CIJ para exigir leg\u00edtimo derecho a la defensa en diferendo territorial sobre el EsequiboRead more\" \/>\n<meta property=\"og:url\" content=\"https:\/\/www.mpppst.gob.ve\/mpppstweb\/index.php\/2021\/01\/08\/venezuela-remite-carta-a-la-cij-para-exigir-legitimo-derecho-a-la-defensa-en-diferendo-territorial-sobre-el-esequibo\/\" \/>\n<meta property=\"og:site_name\" content=\"MPPPST\" \/>\n<meta property=\"article:published_time\" content=\"2021-01-08T13:01:54+00:00\" \/>\n<meta property=\"article:modified_time\" content=\"2021-01-08T13:01:55+00:00\" \/>\n<meta property=\"og:image\" content=\"https:\/\/www.mpppst.gob.ve\/mpppstweb\/wp-content\/uploads\/2021\/01\/PRESIDENTE-7-768x427-1.jpeg\" \/>\n\t<meta property=\"og:image:width\" content=\"768\" \/>\n\t<meta property=\"og:image:height\" content=\"427\" \/>\n\t<meta property=\"og:image:type\" content=\"image\/jpeg\" \/>\n<meta name=\"author\" content=\"MPPPST Prensa\" \/>\n<meta name=\"twitter:card\" content=\"summary_large_image\" \/>\n<meta name=\"twitter:label1\" content=\"Escrito por\" \/>\n\t<meta name=\"twitter:data1\" content=\"MPPPST Prensa\" \/>\n\t<meta name=\"twitter:label2\" content=\"Tiempo de lectura\" \/>\n\t<meta name=\"twitter:data2\" content=\"1 minuto\" \/>\n<script type=\"application\/ld+json\" class=\"yoast-schema-graph\">{\"@context\":\"https:\/\/schema.org\",\"@graph\":[{\"@type\":\"Article\",\"@id\":\"https:\/\/www.mpppst.gob.ve\/mpppstweb\/index.php\/2021\/01\/08\/venezuela-remite-carta-a-la-cij-para-exigir-legitimo-derecho-a-la-defensa-en-diferendo-territorial-sobre-el-esequibo\/#article\",\"isPartOf\":{\"@id\":\"https:\/\/www.mpppst.gob.ve\/mpppstweb\/index.php\/2021\/01\/08\/venezuela-remite-carta-a-la-cij-para-exigir-legitimo-derecho-a-la-defensa-en-diferendo-territorial-sobre-el-esequibo\/\"},\"author\":{\"name\":\"MPPPST Prensa\",\"@id\":\"https:\/\/www.mpppst.gob.ve\/mpppstweb\/#\/schema\/person\/fc187ee8ead412bd4c9304b62f900ea4\"},\"headline\":\"Venezuela remite carta a la CIJ para exigir leg\u00edtimo derecho a la defensa en diferendo territorial sobre el Esequibo\",\"datePublished\":\"2021-01-08T13:01:54+00:00\",\"dateModified\":\"2021-01-08T13:01:55+00:00\",\"mainEntityOfPage\":{\"@id\":\"https:\/\/www.mpppst.gob.ve\/mpppstweb\/index.php\/2021\/01\/08\/venezuela-remite-carta-a-la-cij-para-exigir-legitimo-derecho-a-la-defensa-en-diferendo-territorial-sobre-el-esequibo\/\"},\"wordCount\":294,\"publisher\":{\"@id\":\"https:\/\/www.mpppst.gob.ve\/mpppstweb\/#organization\"},\"image\":{\"@id\":\"https:\/\/www.mpppst.gob.ve\/mpppstweb\/index.php\/2021\/01\/08\/venezuela-remite-carta-a-la-cij-para-exigir-legitimo-derecho-a-la-defensa-en-diferendo-territorial-sobre-el-esequibo\/#primaryimage\"},\"thumbnailUrl\":\"https:\/\/www.mpppst.gob.ve\/mpppstweb\/wp-content\/uploads\/2021\/01\/PRESIDENTE-7-768x427-1.jpeg\",\"articleSection\":[\"Gobierno Nacional\",\"Noticias\"],\"inLanguage\":\"es\"},{\"@type\":\"WebPage\",\"@id\":\"https:\/\/www.mpppst.gob.ve\/mpppstweb\/index.php\/2021\/01\/08\/venezuela-remite-carta-a-la-cij-para-exigir-legitimo-derecho-a-la-defensa-en-diferendo-territorial-sobre-el-esequibo\/\",\"url\":\"https:\/\/www.mpppst.gob.ve\/mpppstweb\/index.php\/2021\/01\/08\/venezuela-remite-carta-a-la-cij-para-exigir-legitimo-derecho-a-la-defensa-en-diferendo-territorial-sobre-el-esequibo\/\",\"name\":\"Venezuela remite carta a la CIJ para exigir leg\u00edtimo derecho a la defensa en diferendo territorial sobre el Esequibo - MPPPST\",\"isPartOf\":{\"@id\":\"https:\/\/www.mpppst.gob.ve\/mpppstweb\/#website\"},\"primaryImageOfPage\":{\"@id\":\"https:\/\/www.mpppst.gob.ve\/mpppstweb\/index.php\/2021\/01\/08\/venezuela-remite-carta-a-la-cij-para-exigir-legitimo-derecho-a-la-defensa-en-diferendo-territorial-sobre-el-esequibo\/#primaryimage\"},\"image\":{\"@id\":\"https:\/\/www.mpppst.gob.ve\/mpppstweb\/index.php\/2021\/01\/08\/venezuela-remite-carta-a-la-cij-para-exigir-legitimo-derecho-a-la-defensa-en-diferendo-territorial-sobre-el-esequibo\/#primaryimage\"},\"thumbnailUrl\":\"https:\/\/www.mpppst.gob.ve\/mpppstweb\/wp-content\/uploads\/2021\/01\/PRESIDENTE-7-768x427-1.jpeg\",\"datePublished\":\"2021-01-08T13:01:54+00:00\",\"dateModified\":\"2021-01-08T13:01:55+00:00\",\"breadcrumb\":{\"@id\":\"https:\/\/www.mpppst.gob.ve\/mpppstweb\/index.php\/2021\/01\/08\/venezuela-remite-carta-a-la-cij-para-exigir-legitimo-derecho-a-la-defensa-en-diferendo-territorial-sobre-el-esequibo\/#breadcrumb\"},\"inLanguage\":\"es\",\"potentialAction\":[{\"@type\":\"ReadAction\",\"target\":[\"https:\/\/www.mpppst.gob.ve\/mpppstweb\/index.php\/2021\/01\/08\/venezuela-remite-carta-a-la-cij-para-exigir-legitimo-derecho-a-la-defensa-en-diferendo-territorial-sobre-el-esequibo\/\"]}]},{\"@type\":\"ImageObject\",\"inLanguage\":\"es\",\"@id\":\"https:\/\/www.mpppst.gob.ve\/mpppstweb\/index.php\/2021\/01\/08\/venezuela-remite-carta-a-la-cij-para-exigir-legitimo-derecho-a-la-defensa-en-diferendo-territorial-sobre-el-esequibo\/#primaryimage\",\"url\":\"https:\/\/www.mpppst.gob.ve\/mpppstweb\/wp-content\/uploads\/2021\/01\/PRESIDENTE-7-768x427-1.jpeg\",\"contentUrl\":\"https:\/\/www.mpppst.gob.ve\/mpppstweb\/wp-content\/uploads\/2021\/01\/PRESIDENTE-7-768x427-1.jpeg\",\"width\":768,\"height\":427},{\"@type\":\"BreadcrumbList\",\"@id\":\"https:\/\/www.mpppst.gob.ve\/mpppstweb\/index.php\/2021\/01\/08\/venezuela-remite-carta-a-la-cij-para-exigir-legitimo-derecho-a-la-defensa-en-diferendo-territorial-sobre-el-esequibo\/#breadcrumb\",\"itemListElement\":[{\"@type\":\"ListItem\",\"position\":1,\"name\":\"Home\",\"item\":\"https:\/\/www.mpppst.gob.ve\/mpppstweb\/\"},{\"@type\":\"ListItem\",\"position\":2,\"name\":\"Venezuela remite carta a la CIJ para exigir leg\u00edtimo derecho a la defensa en diferendo territorial sobre el Esequibo\"}]},{\"@type\":\"WebSite\",\"@id\":\"https:\/\/www.mpppst.gob.ve\/mpppstweb\/#website\",\"url\":\"https:\/\/www.mpppst.gob.ve\/mpppstweb\/\",\"name\":\"MPPPST\",\"description\":\"Ministerio del Poder Popular para el Proceso Social de Trabajo\",\"publisher\":{\"@id\":\"https:\/\/www.mpppst.gob.ve\/mpppstweb\/#organization\"},\"potentialAction\":[{\"@type\":\"SearchAction\",\"target\":{\"@type\":\"EntryPoint\",\"urlTemplate\":\"https:\/\/www.mpppst.gob.ve\/mpppstweb\/?s={search_term_string}\"},\"query-input\":\"required name=search_term_string\"}],\"inLanguage\":\"es\"},{\"@type\":\"Organization\",\"@id\":\"https:\/\/www.mpppst.gob.ve\/mpppstweb\/#organization\",\"name\":\"mpppst\",\"url\":\"https:\/\/www.mpppst.gob.ve\/mpppstweb\/\",\"logo\":{\"@type\":\"ImageObject\",\"inLanguage\":\"es\",\"@id\":\"https:\/\/www.mpppst.gob.ve\/mpppstweb\/#\/schema\/logo\/image\/\",\"url\":\"https:\/\/www.mpppst.gob.ve\/mpppstweb\/wp-content\/uploads\/2025\/07\/cropped-cropped-g910.png\",\"contentUrl\":\"https:\/\/www.mpppst.gob.ve\/mpppstweb\/wp-content\/uploads\/2025\/07\/cropped-cropped-g910.png\",\"width\":1080,\"height\":241,\"caption\":\"mpppst\"},\"image\":{\"@id\":\"https:\/\/www.mpppst.gob.ve\/mpppstweb\/#\/schema\/logo\/image\/\"}},{\"@type\":\"Person\",\"@id\":\"https:\/\/www.mpppst.gob.ve\/mpppstweb\/#\/schema\/person\/fc187ee8ead412bd4c9304b62f900ea4\",\"name\":\"MPPPST Prensa\",\"url\":\"https:\/\/www.mpppst.gob.ve\/mpppstweb\/index.php\/author\/prensa-mpppst\/\"}]}<\/script>\n<!-- \/ Yoast SEO plugin. -->","yoast_head_json":{"title":"Venezuela remite carta a la CIJ para exigir leg\u00edtimo derecho a la defensa en diferendo territorial sobre el Esequibo - MPPPST","robots":{"index":"index","follow":"follow","max-snippet":"max-snippet:-1","max-image-preview":"max-image-preview:large","max-video-preview":"max-video-preview:-1"},"canonical":"https:\/\/www.mpppst.gob.ve\/mpppstweb\/index.php\/2021\/01\/08\/venezuela-remite-carta-a-la-cij-para-exigir-legitimo-derecho-a-la-defensa-en-diferendo-territorial-sobre-el-esequibo\/","og_locale":"es_ES","og_type":"article","og_title":"Venezuela remite carta a la CIJ para exigir leg\u00edtimo derecho a la defensa en diferendo territorial sobre el Esequibo - MPPPST","og_description":"El presidente de la Rep\u00fablica Bolivariana de Venezuela,&nbsp;Nicol\u00e1s Maduro, firm\u00f3 este jueves una carta remitida al &hellip; Venezuela remite carta a la CIJ para exigir leg\u00edtimo derecho a la defensa en diferendo territorial sobre el EsequiboRead more","og_url":"https:\/\/www.mpppst.gob.ve\/mpppstweb\/index.php\/2021\/01\/08\/venezuela-remite-carta-a-la-cij-para-exigir-legitimo-derecho-a-la-defensa-en-diferendo-territorial-sobre-el-esequibo\/","og_site_name":"MPPPST","article_published_time":"2021-01-08T13:01:54+00:00","article_modified_time":"2021-01-08T13:01:55+00:00","og_image":[{"width":768,"height":427,"url":"https:\/\/www.mpppst.gob.ve\/mpppstweb\/wp-content\/uploads\/2021\/01\/PRESIDENTE-7-768x427-1.jpeg","type":"image\/jpeg"}],"author":"MPPPST Prensa","twitter_card":"summary_large_image","twitter_misc":{"Escrito por":"MPPPST Prensa","Tiempo de lectura":"1 minuto"},"schema":{"@context":"https:\/\/schema.org","@graph":[{"@type":"Article","@id":"https:\/\/www.mpppst.gob.ve\/mpppstweb\/index.php\/2021\/01\/08\/venezuela-remite-carta-a-la-cij-para-exigir-legitimo-derecho-a-la-defensa-en-diferendo-territorial-sobre-el-esequibo\/#article","isPartOf":{"@id":"https:\/\/www.mpppst.gob.ve\/mpppstweb\/index.php\/2021\/01\/08\/venezuela-remite-carta-a-la-cij-para-exigir-legitimo-derecho-a-la-defensa-en-diferendo-territorial-sobre-el-esequibo\/"},"author":{"name":"MPPPST Prensa","@id":"https:\/\/www.mpppst.gob.ve\/mpppstweb\/#\/schema\/person\/fc187ee8ead412bd4c9304b62f900ea4"},"headline":"Venezuela remite carta a la CIJ para exigir leg\u00edtimo derecho a la defensa en diferendo territorial sobre el Esequibo","datePublished":"2021-01-08T13:01:54+00:00","dateModified":"2021-01-08T13:01:55+00:00","mainEntityOfPage":{"@id":"https:\/\/www.mpppst.gob.ve\/mpppstweb\/index.php\/2021\/01\/08\/venezuela-remite-carta-a-la-cij-para-exigir-legitimo-derecho-a-la-defensa-en-diferendo-territorial-sobre-el-esequibo\/"},"wordCount":294,"publisher":{"@id":"https:\/\/www.mpppst.gob.ve\/mpppstweb\/#organization"},"image":{"@id":"https:\/\/www.mpppst.gob.ve\/mpppstweb\/index.php\/2021\/01\/08\/venezuela-remite-carta-a-la-cij-para-exigir-legitimo-derecho-a-la-defensa-en-diferendo-territorial-sobre-el-esequibo\/#primaryimage"},"thumbnailUrl":"https:\/\/www.mpppst.gob.ve\/mpppstweb\/wp-content\/uploads\/2021\/01\/PRESIDENTE-7-768x427-1.jpeg","articleSection":["Gobierno Nacional","Noticias"],"inLanguage":"es"},{"@type":"WebPage","@id":"https:\/\/www.mpppst.gob.ve\/mpppstweb\/index.php\/2021\/01\/08\/venezuela-remite-carta-a-la-cij-para-exigir-legitimo-derecho-a-la-defensa-en-diferendo-territorial-sobre-el-esequibo\/","url":"https:\/\/www.mpppst.gob.ve\/mpppstweb\/index.php\/2021\/01\/08\/venezuela-remite-carta-a-la-cij-para-exigir-legitimo-derecho-a-la-defensa-en-diferendo-territorial-sobre-el-esequibo\/","name":"Venezuela remite carta a la CIJ para exigir leg\u00edtimo derecho a la defensa en diferendo territorial sobre el Esequibo - MPPPST","isPartOf":{"@id":"https:\/\/www.mpppst.gob.ve\/mpppstweb\/#website"},"primaryImageOfPage":{"@id":"https:\/\/www.mpppst.gob.ve\/mpppstweb\/index.php\/2021\/01\/08\/venezuela-remite-carta-a-la-cij-para-exigir-legitimo-derecho-a-la-defensa-en-diferendo-territorial-sobre-el-esequibo\/#primaryimage"},"image":{"@id":"https:\/\/www.mpppst.gob.ve\/mpppstweb\/index.php\/2021\/01\/08\/venezuela-remite-carta-a-la-cij-para-exigir-legitimo-derecho-a-la-defensa-en-diferendo-territorial-sobre-el-esequibo\/#primaryimage"},"thumbnailUrl":"https:\/\/www.mpppst.gob.ve\/mpppstweb\/wp-content\/uploads\/2021\/01\/PRESIDENTE-7-768x427-1.jpeg","datePublished":"2021-01-08T13:01:54+00:00","dateModified":"2021-01-08T13:01:55+00:00","breadcrumb":{"@id":"https:\/\/www.mpppst.gob.ve\/mpppstweb\/index.php\/2021\/01\/08\/venezuela-remite-carta-a-la-cij-para-exigir-legitimo-derecho-a-la-defensa-en-diferendo-territorial-sobre-el-esequibo\/#breadcrumb"},"inLanguage":"es","potentialAction":[{"@type":"ReadAction","target":["https:\/\/www.mpppst.gob.ve\/mpppstweb\/index.php\/2021\/01\/08\/venezuela-remite-carta-a-la-cij-para-exigir-legitimo-derecho-a-la-defensa-en-diferendo-territorial-sobre-el-esequibo\/"]}]},{"@type":"ImageObject","inLanguage":"es","@id":"https:\/\/www.mpppst.gob.ve\/mpppstweb\/index.php\/2021\/01\/08\/venezuela-remite-carta-a-la-cij-para-exigir-legitimo-derecho-a-la-defensa-en-diferendo-territorial-sobre-el-esequibo\/#primaryimage","url":"https:\/\/www.mpppst.gob.ve\/mpppstweb\/wp-content\/uploads\/2021\/01\/PRESIDENTE-7-768x427-1.jpeg","contentUrl":"https:\/\/www.mpppst.gob.ve\/mpppstweb\/wp-content\/uploads\/2021\/01\/PRESIDENTE-7-768x427-1.jpeg","width":768,"height":427},{"@type":"BreadcrumbList","@id":"https:\/\/www.mpppst.gob.ve\/mpppstweb\/index.php\/2021\/01\/08\/venezuela-remite-carta-a-la-cij-para-exigir-legitimo-derecho-a-la-defensa-en-diferendo-territorial-sobre-el-esequibo\/#breadcrumb","itemListElement":[{"@type":"ListItem","position":1,"name":"Home","item":"https:\/\/www.mpppst.gob.ve\/mpppstweb\/"},{"@type":"ListItem","position":2,"name":"Venezuela remite carta a la CIJ para exigir leg\u00edtimo derecho a la defensa en diferendo territorial sobre el Esequibo"}]},{"@type":"WebSite","@id":"https:\/\/www.mpppst.gob.ve\/mpppstweb\/#website","url":"https:\/\/www.mpppst.gob.ve\/mpppstweb\/","name":"MPPPST","description":"Ministerio del Poder Popular para el Proceso Social de Trabajo","publisher":{"@id":"https:\/\/www.mpppst.gob.ve\/mpppstweb\/#organization"},"potentialAction":[{"@type":"SearchAction","target":{"@type":"EntryPoint","urlTemplate":"https:\/\/www.mpppst.gob.ve\/mpppstweb\/?s={search_term_string}"},"query-input":"required name=search_term_string"}],"inLanguage":"es"},{"@type":"Organization","@id":"https:\/\/www.mpppst.gob.ve\/mpppstweb\/#organization","name":"mpppst","url":"https:\/\/www.mpppst.gob.ve\/mpppstweb\/","logo":{"@type":"ImageObject","inLanguage":"es","@id":"https:\/\/www.mpppst.gob.ve\/mpppstweb\/#\/schema\/logo\/image\/","url":"https:\/\/www.mpppst.gob.ve\/mpppstweb\/wp-content\/uploads\/2025\/07\/cropped-cropped-g910.png","contentUrl":"https:\/\/www.mpppst.gob.ve\/mpppstweb\/wp-content\/uploads\/2025\/07\/cropped-cropped-g910.png","width":1080,"height":241,"caption":"mpppst"},"image":{"@id":"https:\/\/www.mpppst.gob.ve\/mpppstweb\/#\/schema\/logo\/image\/"}},{"@type":"Person","@id":"https:\/\/www.mpppst.gob.ve\/mpppstweb\/#\/schema\/person\/fc187ee8ead412bd4c9304b62f900ea4","name":"MPPPST Prensa","url":"https:\/\/www.mpppst.gob.ve\/mpppstweb\/index.php\/author\/prensa-mpppst\/"}]}},"_links":{"self":[{"href":"https:\/\/www.mpppst.gob.ve\/mpppstweb\/index.php\/wp-json\/wp\/v2\/posts\/21135"}],"collection":[{"href":"https:\/\/www.mpppst.gob.ve\/mpppstweb\/index.php\/wp-json\/wp\/v2\/posts"}],"about":[{"href":"https:\/\/www.mpppst.gob.ve\/mpppstweb\/index.php\/wp-json\/wp\/v2\/types\/post"}],"author":[{"embeddable":true,"href":"https:\/\/www.mpppst.gob.ve\/mpppstweb\/index.php\/wp-json\/wp\/v2\/users\/25"}],"replies":[{"embeddable":true,"href":"https:\/\/www.mpppst.gob.ve\/mpppstweb\/index.php\/wp-json\/wp\/v2\/comments?post=21135"}],"version-history":[{"count":1,"href":"https:\/\/www.mpppst.gob.ve\/mpppstweb\/index.php\/wp-json\/wp\/v2\/posts\/21135\/revisions"}],"predecessor-version":[{"id":21137,"href":"https:\/\/www.mpppst.gob.ve\/mpppstweb\/index.php\/wp-json\/wp\/v2\/posts\/21135\/revisions\/21137"}],"wp:featuredmedia":[{"embeddable":true,"href":"https:\/\/www.mpppst.gob.ve\/mpppstweb\/index.php\/wp-json\/wp\/v2\/media\/21136"}],"wp:attachment":[{"href":"https:\/\/www.mpppst.gob.ve\/mpppstweb\/index.php\/wp-json\/wp\/v2\/media?parent=21135"}],"wp:term":[{"taxonomy":"category","embeddable":true,"href":"https:\/\/www.mpppst.gob.ve\/mpppstweb\/index.php\/wp-json\/wp\/v2\/categories?post=21135"},{"taxonomy":"post_tag","embeddable":true,"href":"https:\/\/www.mpppst.gob.ve\/mpppstweb\/index.php\/wp-json\/wp\/v2\/tags?post=21135"}],"curies":[{"name":"wp","href":"https:\/\/api.w.org\/{rel}","templated":true}]}}