{"id":21203,"date":"2021-01-14T09:42:08","date_gmt":"2021-01-14T13:42:08","guid":{"rendered":"http:\/\/www.mpppst.gob.ve\/mpppstweb\/?p=21203"},"modified":"2021-01-14T09:42:08","modified_gmt":"2021-01-14T13:42:08","slug":"vicepresidenta-delcy-rodriguez-frente-a-la-covid-19-venezuela-desnudo-el-modelo-capitalista","status":"publish","type":"post","link":"https:\/\/www.mpppst.gob.ve\/mpppstweb\/index.php\/2021\/01\/14\/vicepresidenta-delcy-rodriguez-frente-a-la-covid-19-venezuela-desnudo-el-modelo-capitalista\/","title":{"rendered":"Vicepresidenta Delcy Rodr\u00edguez: Frente a la COVID-19 Venezuela desnud\u00f3 el modelo capitalista"},"content":{"rendered":"\n<p>\u201cEl modelo utilizado por Venezuela para enfrentar la COVID-19 desnud\u00f3 al modelo capitalista de los pa\u00edses que est\u00e1n en contra de la Revoluci\u00f3n y que con ataques y sanciones hemos garantizado el bienestar social y la atenci\u00f3n de todo lo referente a este virus\u201d, afirm\u00f3 este mi\u00e9rcoles la vicepresidenta Ejecutiva de la Rep\u00fablica, Delcy Rodr\u00edguez.<\/p>\n\n\n\n<p>En una entrevista exclusiva a Venezolana de Televisi\u00f3n, Rodr\u00edguez mencion\u00f3 que este modelo fue merecedor de premios internacionales y representa un ejemplo ante el mundo y es que gracias a la uni\u00f3n c\u00edvico-militar y el poder popular organizado \u201cpudimos tener el control de la COVID-19, Venezuela ha podido demostrar que el estado de bienestar social ha sido consolidado. Con el presidente Maduro hemos logrado el camino correcto, la garant\u00eda de la salud p\u00fablica y gratuita, que adem\u00e1s va casa por casa\u201d.&nbsp;<\/p>\n\n\n\n<p>Luego del mensaje anual de la naci\u00f3n ofrecido por el presidente Nicol\u00e1s Maduro, Rodr\u00edguez expres\u00f3 que este 2021 el pa\u00eds se prepara para transitar, aun con la presencia marcada por la COVID-19 y las apariciones de nuevas cepas de forma importante y peligrosa en el mundo, a un nuevo ciclo pol\u00edtico, a un nuevo referente hist\u00f3rico por la recuperaci\u00f3n del Poder Legislativo la cual estar\u00e1 marcada por escuchar al pueblo.<\/p>\n\n\n\n<p>\u201cVenezuela y el mundo estar\u00e1n conviviendo sin la normalidad a la que est\u00e1bamos acostumbrados en este 2021, sin embargo hemos demostrado que ese estado de bienestar social que construimos con el Comandante Ch\u00e1vez es el camino correcto, a pesar del bloqueo seguimos atendiendo todo lo referente a la COVID-19\u201d, dijo.<\/p>\n\n\n\n<p>Resalt\u00f3 que el Gobierno Bolivariano junto al pueblo de Venezuela dibuja un camino hacia la esperanza este a\u00f1o 2021, \u201cen su mensaje anual, el Presidente hizo un balance pol\u00edtico, econ\u00f3mico, social hacia d\u00f3nde nos dirigimos, vamos rumbo a la gran esperanza, del\u00a0<strong>Bicentenario de Carabobo<\/strong>, donde seremos invictos\u201d.<\/p>\n\n\n\n<p>Prensa web VTV<\/p>\n","protected":false},"excerpt":{"rendered":"<p>\u201cEl modelo utilizado por Venezuela para enfrentar la COVID-19 desnud\u00f3 al modelo capitalista de los pa\u00edses &hellip; <a title=\"Vicepresidenta Delcy Rodr\u00edguez: Frente a la COVID-19 Venezuela desnud\u00f3 el modelo capitalista\" class=\"hm-read-more\" href=\"https:\/\/www.mpppst.gob.ve\/mpppstweb\/index.php\/2021\/01\/14\/vicepresidenta-delcy-rodriguez-frente-a-la-covid-19-venezuela-desnudo-el-modelo-capitalista\/\"><span class=\"screen-reader-text\">Vicepresidenta Delcy Rodr\u00edguez: Frente a la COVID-19 Venezuela desnud\u00f3 el modelo capitalista<\/span>Read more<\/a><\/p>\n","protected":false},"author":25,"featured_media":21205,"comment_status":"closed","ping_status":"closed","sticky":false,"template":"","format":"standard","meta":{"footnotes":""},"categories":[82,163],"tags":[],"yoast_head":"<!-- This site is optimized with the Yoast SEO plugin v22.5 - https:\/\/yoast.com\/wordpress\/plugins\/seo\/ -->\n<title>Vicepresidenta Delcy Rodr\u00edguez: Frente a la COVID-19 Venezuela desnud\u00f3 el modelo capitalista - MPPPST<\/title>\n<meta name=\"robots\" content=\"index, follow, max-snippet:-1, max-image-preview:large, max-video-preview:-1\" \/>\n<link rel=\"canonical\" href=\"https:\/\/www.mpppst.gob.ve\/mpppstweb\/index.php\/2021\/01\/14\/vicepresidenta-delcy-rodriguez-frente-a-la-covid-19-venezuela-desnudo-el-modelo-capitalista\/\" \/>\n<meta property=\"og:locale\" content=\"es_ES\" \/>\n<meta property=\"og:type\" content=\"article\" \/>\n<meta property=\"og:title\" content=\"Vicepresidenta Delcy Rodr\u00edguez: Frente a la COVID-19 Venezuela desnud\u00f3 el modelo capitalista - MPPPST\" \/>\n<meta property=\"og:description\" content=\"\u201cEl modelo utilizado por Venezuela para enfrentar la COVID-19 desnud\u00f3 al modelo capitalista de los pa\u00edses &hellip; Vicepresidenta Delcy Rodr\u00edguez: Frente a la COVID-19 Venezuela desnud\u00f3 el modelo capitalistaRead more\" \/>\n<meta property=\"og:url\" content=\"https:\/\/www.mpppst.gob.ve\/mpppstweb\/index.php\/2021\/01\/14\/vicepresidenta-delcy-rodriguez-frente-a-la-covid-19-venezuela-desnudo-el-modelo-capitalista\/\" \/>\n<meta property=\"og:site_name\" content=\"MPPPST\" \/>\n<meta property=\"article:published_time\" content=\"2021-01-14T13:42:08+00:00\" \/>\n<meta property=\"og:image\" content=\"https:\/\/www.mpppst.gob.ve\/mpppstweb\/wp-content\/uploads\/2021\/01\/Delcy-2.jpg\" \/>\n\t<meta property=\"og:image:width\" content=\"800\" \/>\n\t<meta property=\"og:image:height\" content=\"445\" \/>\n\t<meta property=\"og:image:type\" content=\"image\/jpeg\" \/>\n<meta name=\"author\" content=\"MPPPST Prensa\" \/>\n<meta name=\"twitter:card\" content=\"summary_large_image\" \/>\n<meta name=\"twitter:label1\" content=\"Escrito por\" \/>\n\t<meta name=\"twitter:data1\" content=\"MPPPST Prensa\" \/>\n\t<meta name=\"twitter:label2\" content=\"Tiempo de lectura\" \/>\n\t<meta name=\"twitter:data2\" content=\"2 minutos\" \/>\n<script type=\"application\/ld+json\" class=\"yoast-schema-graph\">{\"@context\":\"https:\/\/schema.org\",\"@graph\":[{\"@type\":\"Article\",\"@id\":\"https:\/\/www.mpppst.gob.ve\/mpppstweb\/index.php\/2021\/01\/14\/vicepresidenta-delcy-rodriguez-frente-a-la-covid-19-venezuela-desnudo-el-modelo-capitalista\/#article\",\"isPartOf\":{\"@id\":\"https:\/\/www.mpppst.gob.ve\/mpppstweb\/index.php\/2021\/01\/14\/vicepresidenta-delcy-rodriguez-frente-a-la-covid-19-venezuela-desnudo-el-modelo-capitalista\/\"},\"author\":{\"name\":\"MPPPST Prensa\",\"@id\":\"https:\/\/www.mpppst.gob.ve\/mpppstweb\/#\/schema\/person\/fc187ee8ead412bd4c9304b62f900ea4\"},\"headline\":\"Vicepresidenta Delcy Rodr\u00edguez: Frente a la COVID-19 Venezuela desnud\u00f3 el modelo capitalista\",\"datePublished\":\"2021-01-14T13:42:08+00:00\",\"dateModified\":\"2021-01-14T13:42:08+00:00\",\"mainEntityOfPage\":{\"@id\":\"https:\/\/www.mpppst.gob.ve\/mpppstweb\/index.php\/2021\/01\/14\/vicepresidenta-delcy-rodriguez-frente-a-la-covid-19-venezuela-desnudo-el-modelo-capitalista\/\"},\"wordCount\":346,\"publisher\":{\"@id\":\"https:\/\/www.mpppst.gob.ve\/mpppstweb\/#organization\"},\"image\":{\"@id\":\"https:\/\/www.mpppst.gob.ve\/mpppstweb\/index.php\/2021\/01\/14\/vicepresidenta-delcy-rodriguez-frente-a-la-covid-19-venezuela-desnudo-el-modelo-capitalista\/#primaryimage\"},\"thumbnailUrl\":\"https:\/\/www.mpppst.gob.ve\/mpppstweb\/wp-content\/uploads\/2021\/01\/Delcy-2.jpg\",\"articleSection\":[\"Gobierno Nacional\",\"Noticias\"],\"inLanguage\":\"es\"},{\"@type\":\"WebPage\",\"@id\":\"https:\/\/www.mpppst.gob.ve\/mpppstweb\/index.php\/2021\/01\/14\/vicepresidenta-delcy-rodriguez-frente-a-la-covid-19-venezuela-desnudo-el-modelo-capitalista\/\",\"url\":\"https:\/\/www.mpppst.gob.ve\/mpppstweb\/index.php\/2021\/01\/14\/vicepresidenta-delcy-rodriguez-frente-a-la-covid-19-venezuela-desnudo-el-modelo-capitalista\/\",\"name\":\"Vicepresidenta Delcy Rodr\u00edguez: Frente a la COVID-19 Venezuela desnud\u00f3 el modelo capitalista - MPPPST\",\"isPartOf\":{\"@id\":\"https:\/\/www.mpppst.gob.ve\/mpppstweb\/#website\"},\"primaryImageOfPage\":{\"@id\":\"https:\/\/www.mpppst.gob.ve\/mpppstweb\/index.php\/2021\/01\/14\/vicepresidenta-delcy-rodriguez-frente-a-la-covid-19-venezuela-desnudo-el-modelo-capitalista\/#primaryimage\"},\"image\":{\"@id\":\"https:\/\/www.mpppst.gob.ve\/mpppstweb\/index.php\/2021\/01\/14\/vicepresidenta-delcy-rodriguez-frente-a-la-covid-19-venezuela-desnudo-el-modelo-capitalista\/#primaryimage\"},\"thumbnailUrl\":\"https:\/\/www.mpppst.gob.ve\/mpppstweb\/wp-content\/uploads\/2021\/01\/Delcy-2.jpg\",\"datePublished\":\"2021-01-14T13:42:08+00:00\",\"dateModified\":\"2021-01-14T13:42:08+00:00\",\"breadcrumb\":{\"@id\":\"https:\/\/www.mpppst.gob.ve\/mpppstweb\/index.php\/2021\/01\/14\/vicepresidenta-delcy-rodriguez-frente-a-la-covid-19-venezuela-desnudo-el-modelo-capitalista\/#breadcrumb\"},\"inLanguage\":\"es\",\"potentialAction\":[{\"@type\":\"ReadAction\",\"target\":[\"https:\/\/www.mpppst.gob.ve\/mpppstweb\/index.php\/2021\/01\/14\/vicepresidenta-delcy-rodriguez-frente-a-la-covid-19-venezuela-desnudo-el-modelo-capitalista\/\"]}]},{\"@type\":\"ImageObject\",\"inLanguage\":\"es\",\"@id\":\"https:\/\/www.mpppst.gob.ve\/mpppstweb\/index.php\/2021\/01\/14\/vicepresidenta-delcy-rodriguez-frente-a-la-covid-19-venezuela-desnudo-el-modelo-capitalista\/#primaryimage\",\"url\":\"https:\/\/www.mpppst.gob.ve\/mpppstweb\/wp-content\/uploads\/2021\/01\/Delcy-2.jpg\",\"contentUrl\":\"https:\/\/www.mpppst.gob.ve\/mpppstweb\/wp-content\/uploads\/2021\/01\/Delcy-2.jpg\",\"width\":800,\"height\":445},{\"@type\":\"BreadcrumbList\",\"@id\":\"https:\/\/www.mpppst.gob.ve\/mpppstweb\/index.php\/2021\/01\/14\/vicepresidenta-delcy-rodriguez-frente-a-la-covid-19-venezuela-desnudo-el-modelo-capitalista\/#breadcrumb\",\"itemListElement\":[{\"@type\":\"ListItem\",\"position\":1,\"name\":\"Home\",\"item\":\"https:\/\/www.mpppst.gob.ve\/mpppstweb\/\"},{\"@type\":\"ListItem\",\"position\":2,\"name\":\"Vicepresidenta Delcy Rodr\u00edguez: Frente a la COVID-19 Venezuela desnud\u00f3 el modelo capitalista\"}]},{\"@type\":\"WebSite\",\"@id\":\"https:\/\/www.mpppst.gob.ve\/mpppstweb\/#website\",\"url\":\"https:\/\/www.mpppst.gob.ve\/mpppstweb\/\",\"name\":\"MPPPST\",\"description\":\"Ministerio del Poder Popular para el Proceso Social de Trabajo\",\"publisher\":{\"@id\":\"https:\/\/www.mpppst.gob.ve\/mpppstweb\/#organization\"},\"potentialAction\":[{\"@type\":\"SearchAction\",\"target\":{\"@type\":\"EntryPoint\",\"urlTemplate\":\"https:\/\/www.mpppst.gob.ve\/mpppstweb\/?s={search_term_string}\"},\"query-input\":\"required name=search_term_string\"}],\"inLanguage\":\"es\"},{\"@type\":\"Organization\",\"@id\":\"https:\/\/www.mpppst.gob.ve\/mpppstweb\/#organization\",\"name\":\"mpppst\",\"url\":\"https:\/\/www.mpppst.gob.ve\/mpppstweb\/\",\"logo\":{\"@type\":\"ImageObject\",\"inLanguage\":\"es\",\"@id\":\"https:\/\/www.mpppst.gob.ve\/mpppstweb\/#\/schema\/logo\/image\/\",\"url\":\"https:\/\/www.mpppst.gob.ve\/mpppstweb\/wp-content\/uploads\/2025\/07\/cropped-cropped-g910.png\",\"contentUrl\":\"https:\/\/www.mpppst.gob.ve\/mpppstweb\/wp-content\/uploads\/2025\/07\/cropped-cropped-g910.png\",\"width\":1080,\"height\":241,\"caption\":\"mpppst\"},\"image\":{\"@id\":\"https:\/\/www.mpppst.gob.ve\/mpppstweb\/#\/schema\/logo\/image\/\"}},{\"@type\":\"Person\",\"@id\":\"https:\/\/www.mpppst.gob.ve\/mpppstweb\/#\/schema\/person\/fc187ee8ead412bd4c9304b62f900ea4\",\"name\":\"MPPPST Prensa\",\"url\":\"https:\/\/www.mpppst.gob.ve\/mpppstweb\/index.php\/author\/prensa-mpppst\/\"}]}<\/script>\n<!-- \/ Yoast SEO plugin. -->","yoast_head_json":{"title":"Vicepresidenta Delcy Rodr\u00edguez: Frente a la COVID-19 Venezuela desnud\u00f3 el modelo capitalista - MPPPST","robots":{"index":"index","follow":"follow","max-snippet":"max-snippet:-1","max-image-preview":"max-image-preview:large","max-video-preview":"max-video-preview:-1"},"canonical":"https:\/\/www.mpppst.gob.ve\/mpppstweb\/index.php\/2021\/01\/14\/vicepresidenta-delcy-rodriguez-frente-a-la-covid-19-venezuela-desnudo-el-modelo-capitalista\/","og_locale":"es_ES","og_type":"article","og_title":"Vicepresidenta Delcy Rodr\u00edguez: Frente a la COVID-19 Venezuela desnud\u00f3 el modelo capitalista - MPPPST","og_description":"\u201cEl modelo utilizado por Venezuela para enfrentar la COVID-19 desnud\u00f3 al modelo capitalista de los pa\u00edses &hellip; Vicepresidenta Delcy Rodr\u00edguez: Frente a la COVID-19 Venezuela desnud\u00f3 el modelo capitalistaRead more","og_url":"https:\/\/www.mpppst.gob.ve\/mpppstweb\/index.php\/2021\/01\/14\/vicepresidenta-delcy-rodriguez-frente-a-la-covid-19-venezuela-desnudo-el-modelo-capitalista\/","og_site_name":"MPPPST","article_published_time":"2021-01-14T13:42:08+00:00","og_image":[{"width":800,"height":445,"url":"https:\/\/www.mpppst.gob.ve\/mpppstweb\/wp-content\/uploads\/2021\/01\/Delcy-2.jpg","type":"image\/jpeg"}],"author":"MPPPST Prensa","twitter_card":"summary_large_image","twitter_misc":{"Escrito por":"MPPPST Prensa","Tiempo de lectura":"2 minutos"},"schema":{"@context":"https:\/\/schema.org","@graph":[{"@type":"Article","@id":"https:\/\/www.mpppst.gob.ve\/mpppstweb\/index.php\/2021\/01\/14\/vicepresidenta-delcy-rodriguez-frente-a-la-covid-19-venezuela-desnudo-el-modelo-capitalista\/#article","isPartOf":{"@id":"https:\/\/www.mpppst.gob.ve\/mpppstweb\/index.php\/2021\/01\/14\/vicepresidenta-delcy-rodriguez-frente-a-la-covid-19-venezuela-desnudo-el-modelo-capitalista\/"},"author":{"name":"MPPPST Prensa","@id":"https:\/\/www.mpppst.gob.ve\/mpppstweb\/#\/schema\/person\/fc187ee8ead412bd4c9304b62f900ea4"},"headline":"Vicepresidenta Delcy Rodr\u00edguez: Frente a la COVID-19 Venezuela desnud\u00f3 el modelo capitalista","datePublished":"2021-01-14T13:42:08+00:00","dateModified":"2021-01-14T13:42:08+00:00","mainEntityOfPage":{"@id":"https:\/\/www.mpppst.gob.ve\/mpppstweb\/index.php\/2021\/01\/14\/vicepresidenta-delcy-rodriguez-frente-a-la-covid-19-venezuela-desnudo-el-modelo-capitalista\/"},"wordCount":346,"publisher":{"@id":"https:\/\/www.mpppst.gob.ve\/mpppstweb\/#organization"},"image":{"@id":"https:\/\/www.mpppst.gob.ve\/mpppstweb\/index.php\/2021\/01\/14\/vicepresidenta-delcy-rodriguez-frente-a-la-covid-19-venezuela-desnudo-el-modelo-capitalista\/#primaryimage"},"thumbnailUrl":"https:\/\/www.mpppst.gob.ve\/mpppstweb\/wp-content\/uploads\/2021\/01\/Delcy-2.jpg","articleSection":["Gobierno Nacional","Noticias"],"inLanguage":"es"},{"@type":"WebPage","@id":"https:\/\/www.mpppst.gob.ve\/mpppstweb\/index.php\/2021\/01\/14\/vicepresidenta-delcy-rodriguez-frente-a-la-covid-19-venezuela-desnudo-el-modelo-capitalista\/","url":"https:\/\/www.mpppst.gob.ve\/mpppstweb\/index.php\/2021\/01\/14\/vicepresidenta-delcy-rodriguez-frente-a-la-covid-19-venezuela-desnudo-el-modelo-capitalista\/","name":"Vicepresidenta Delcy Rodr\u00edguez: Frente a la COVID-19 Venezuela desnud\u00f3 el modelo capitalista - MPPPST","isPartOf":{"@id":"https:\/\/www.mpppst.gob.ve\/mpppstweb\/#website"},"primaryImageOfPage":{"@id":"https:\/\/www.mpppst.gob.ve\/mpppstweb\/index.php\/2021\/01\/14\/vicepresidenta-delcy-rodriguez-frente-a-la-covid-19-venezuela-desnudo-el-modelo-capitalista\/#primaryimage"},"image":{"@id":"https:\/\/www.mpppst.gob.ve\/mpppstweb\/index.php\/2021\/01\/14\/vicepresidenta-delcy-rodriguez-frente-a-la-covid-19-venezuela-desnudo-el-modelo-capitalista\/#primaryimage"},"thumbnailUrl":"https:\/\/www.mpppst.gob.ve\/mpppstweb\/wp-content\/uploads\/2021\/01\/Delcy-2.jpg","datePublished":"2021-01-14T13:42:08+00:00","dateModified":"2021-01-14T13:42:08+00:00","breadcrumb":{"@id":"https:\/\/www.mpppst.gob.ve\/mpppstweb\/index.php\/2021\/01\/14\/vicepresidenta-delcy-rodriguez-frente-a-la-covid-19-venezuela-desnudo-el-modelo-capitalista\/#breadcrumb"},"inLanguage":"es","potentialAction":[{"@type":"ReadAction","target":["https:\/\/www.mpppst.gob.ve\/mpppstweb\/index.php\/2021\/01\/14\/vicepresidenta-delcy-rodriguez-frente-a-la-covid-19-venezuela-desnudo-el-modelo-capitalista\/"]}]},{"@type":"ImageObject","inLanguage":"es","@id":"https:\/\/www.mpppst.gob.ve\/mpppstweb\/index.php\/2021\/01\/14\/vicepresidenta-delcy-rodriguez-frente-a-la-covid-19-venezuela-desnudo-el-modelo-capitalista\/#primaryimage","url":"https:\/\/www.mpppst.gob.ve\/mpppstweb\/wp-content\/uploads\/2021\/01\/Delcy-2.jpg","contentUrl":"https:\/\/www.mpppst.gob.ve\/mpppstweb\/wp-content\/uploads\/2021\/01\/Delcy-2.jpg","width":800,"height":445},{"@type":"BreadcrumbList","@id":"https:\/\/www.mpppst.gob.ve\/mpppstweb\/index.php\/2021\/01\/14\/vicepresidenta-delcy-rodriguez-frente-a-la-covid-19-venezuela-desnudo-el-modelo-capitalista\/#breadcrumb","itemListElement":[{"@type":"ListItem","position":1,"name":"Home","item":"https:\/\/www.mpppst.gob.ve\/mpppstweb\/"},{"@type":"ListItem","position":2,"name":"Vicepresidenta Delcy Rodr\u00edguez: Frente a la COVID-19 Venezuela desnud\u00f3 el modelo capitalista"}]},{"@type":"WebSite","@id":"https:\/\/www.mpppst.gob.ve\/mpppstweb\/#website","url":"https:\/\/www.mpppst.gob.ve\/mpppstweb\/","name":"MPPPST","description":"Ministerio del Poder Popular para el Proceso Social de Trabajo","publisher":{"@id":"https:\/\/www.mpppst.gob.ve\/mpppstweb\/#organization"},"potentialAction":[{"@type":"SearchAction","target":{"@type":"EntryPoint","urlTemplate":"https:\/\/www.mpppst.gob.ve\/mpppstweb\/?s={search_term_string}"},"query-input":"required name=search_term_string"}],"inLanguage":"es"},{"@type":"Organization","@id":"https:\/\/www.mpppst.gob.ve\/mpppstweb\/#organization","name":"mpppst","url":"https:\/\/www.mpppst.gob.ve\/mpppstweb\/","logo":{"@type":"ImageObject","inLanguage":"es","@id":"https:\/\/www.mpppst.gob.ve\/mpppstweb\/#\/schema\/logo\/image\/","url":"https:\/\/www.mpppst.gob.ve\/mpppstweb\/wp-content\/uploads\/2025\/07\/cropped-cropped-g910.png","contentUrl":"https:\/\/www.mpppst.gob.ve\/mpppstweb\/wp-content\/uploads\/2025\/07\/cropped-cropped-g910.png","width":1080,"height":241,"caption":"mpppst"},"image":{"@id":"https:\/\/www.mpppst.gob.ve\/mpppstweb\/#\/schema\/logo\/image\/"}},{"@type":"Person","@id":"https:\/\/www.mpppst.gob.ve\/mpppstweb\/#\/schema\/person\/fc187ee8ead412bd4c9304b62f900ea4","name":"MPPPST Prensa","url":"https:\/\/www.mpppst.gob.ve\/mpppstweb\/index.php\/author\/prensa-mpppst\/"}]}},"_links":{"self":[{"href":"https:\/\/www.mpppst.gob.ve\/mpppstweb\/index.php\/wp-json\/wp\/v2\/posts\/21203"}],"collection":[{"href":"https:\/\/www.mpppst.gob.ve\/mpppstweb\/index.php\/wp-json\/wp\/v2\/posts"}],"about":[{"href":"https:\/\/www.mpppst.gob.ve\/mpppstweb\/index.php\/wp-json\/wp\/v2\/types\/post"}],"author":[{"embeddable":true,"href":"https:\/\/www.mpppst.gob.ve\/mpppstweb\/index.php\/wp-json\/wp\/v2\/users\/25"}],"replies":[{"embeddable":true,"href":"https:\/\/www.mpppst.gob.ve\/mpppstweb\/index.php\/wp-json\/wp\/v2\/comments?post=21203"}],"version-history":[{"count":1,"href":"https:\/\/www.mpppst.gob.ve\/mpppstweb\/index.php\/wp-json\/wp\/v2\/posts\/21203\/revisions"}],"predecessor-version":[{"id":21204,"href":"https:\/\/www.mpppst.gob.ve\/mpppstweb\/index.php\/wp-json\/wp\/v2\/posts\/21203\/revisions\/21204"}],"wp:featuredmedia":[{"embeddable":true,"href":"https:\/\/www.mpppst.gob.ve\/mpppstweb\/index.php\/wp-json\/wp\/v2\/media\/21205"}],"wp:attachment":[{"href":"https:\/\/www.mpppst.gob.ve\/mpppstweb\/index.php\/wp-json\/wp\/v2\/media?parent=21203"}],"wp:term":[{"taxonomy":"category","embeddable":true,"href":"https:\/\/www.mpppst.gob.ve\/mpppstweb\/index.php\/wp-json\/wp\/v2\/categories?post=21203"},{"taxonomy":"post_tag","embeddable":true,"href":"https:\/\/www.mpppst.gob.ve\/mpppstweb\/index.php\/wp-json\/wp\/v2\/tags?post=21203"}],"curies":[{"name":"wp","href":"https:\/\/api.w.org\/{rel}","templated":true}]}}