{"id":21206,"date":"2021-01-14T09:47:38","date_gmt":"2021-01-14T13:47:38","guid":{"rendered":"http:\/\/www.mpppst.gob.ve\/mpppstweb\/?p=21206"},"modified":"2021-01-14T09:47:38","modified_gmt":"2021-01-14T13:47:38","slug":"an-fortalece-relacion-de-hermandad-con-china","status":"publish","type":"post","link":"https:\/\/www.mpppst.gob.ve\/mpppstweb\/index.php\/2021\/01\/14\/an-fortalece-relacion-de-hermandad-con-china\/","title":{"rendered":"AN fortalece relaci\u00f3n de hermandad con China"},"content":{"rendered":"\n<p>El presidente de la Asamblea Nacional (AN),&nbsp;<strong>Jorge Rodr\u00edguez<\/strong>, sostuvo una reuni\u00f3n este mi\u00e9rcoles con el embajador de la Rep\u00fablica Popular de China en Venezuela,&nbsp;<strong>Li Baorong<\/strong>, con la intenci\u00f3n de fortalecer la relaci\u00f3n de hermandad entre ambas naciones.&nbsp;<\/p>\n\n\n\n<p>As\u00ed lo inform\u00f3 Rodr\u00edguez a trav\u00e9s de su cuenta en la red social digital Twitter @jorgepsuv, donde adem\u00e1s agradeci\u00f3 en nombre de la naci\u00f3n Bolivariana al gigante asi\u00e1tico por su solidaridad en la lucha contra la COVID-19.<\/p>\n\n\n\n<p>El embajador Extraordinario y Plenipotenciario de la Rep\u00fablica Popular China, Li Baorong, afirm\u00f3 el pasado mes de diciembre que la cooperaci\u00f3n entre la naci\u00f3n asi\u00e1tica y Venezuela se ha profundizado en estos \u00faltimos nueve meses, con el prop\u00f3sito de \u00abpreservar la vida y la salud del pueblo\u00bb ante la pandemia del COVID-19.<\/p>\n\n\n\n<p>Durante el recibimiento del noveno cargamento de insumos m\u00e9dicos proveniente de China, Baorong record\u00f3 un proverbio chino: \u00abel oro verdadero no te da fuego, la asociaci\u00f3n estrat\u00e9gica integral China \u2013 Venezuela es este oro verdadero. Desde el primero momento China y Venezuela est\u00e1n juntos en este momento dif\u00edcil, apoy\u00e1ndose mutuamente en esta batalla contra la pandemia\u00bb.<\/p>\n\n\n\n<p>El Embajador indic\u00f3 que ambas naciones est\u00e1n dispuestas a seguir estrechando y profundizando los lazos de hermandad y cooperaci\u00f3n, siendo un ejemplo para los pa\u00edses del mundo.<\/p>\n\n\n\n<p>Prensa web VTV<\/p>\n","protected":false},"excerpt":{"rendered":"<p>El presidente de la Asamblea Nacional (AN),&nbsp;Jorge Rodr\u00edguez, sostuvo una reuni\u00f3n este mi\u00e9rcoles con el embajador &hellip; <a title=\"AN fortalece relaci\u00f3n de hermandad con China\" class=\"hm-read-more\" href=\"https:\/\/www.mpppst.gob.ve\/mpppstweb\/index.php\/2021\/01\/14\/an-fortalece-relacion-de-hermandad-con-china\/\"><span class=\"screen-reader-text\">AN fortalece relaci\u00f3n de hermandad con China<\/span>Read more<\/a><\/p>\n","protected":false},"author":25,"featured_media":21207,"comment_status":"closed","ping_status":"closed","sticky":false,"template":"","format":"standard","meta":{"footnotes":""},"categories":[82,163],"tags":[],"yoast_head":"<!-- This site is optimized with the Yoast SEO plugin v22.5 - https:\/\/yoast.com\/wordpress\/plugins\/seo\/ -->\n<title>AN fortalece relaci\u00f3n de hermandad con China - MPPPST<\/title>\n<meta name=\"robots\" content=\"index, follow, max-snippet:-1, max-image-preview:large, max-video-preview:-1\" \/>\n<link rel=\"canonical\" href=\"https:\/\/www.mpppst.gob.ve\/mpppstweb\/index.php\/2021\/01\/14\/an-fortalece-relacion-de-hermandad-con-china\/\" \/>\n<meta property=\"og:locale\" content=\"es_ES\" \/>\n<meta property=\"og:type\" content=\"article\" \/>\n<meta property=\"og:title\" content=\"AN fortalece relaci\u00f3n de hermandad con China - MPPPST\" \/>\n<meta property=\"og:description\" content=\"El presidente de la Asamblea Nacional (AN),&nbsp;Jorge Rodr\u00edguez, sostuvo una reuni\u00f3n este mi\u00e9rcoles con el embajador &hellip; AN fortalece relaci\u00f3n de hermandad con ChinaRead more\" \/>\n<meta property=\"og:url\" content=\"https:\/\/www.mpppst.gob.ve\/mpppstweb\/index.php\/2021\/01\/14\/an-fortalece-relacion-de-hermandad-con-china\/\" \/>\n<meta property=\"og:site_name\" content=\"MPPPST\" \/>\n<meta property=\"article:published_time\" content=\"2021-01-14T13:47:38+00:00\" \/>\n<meta property=\"og:image\" content=\"https:\/\/www.mpppst.gob.ve\/mpppstweb\/wp-content\/uploads\/2021\/01\/16-53-16-Venezuela-.-China-Banderas.jpg\" \/>\n\t<meta property=\"og:image:width\" content=\"800\" \/>\n\t<meta property=\"og:image:height\" content=\"445\" \/>\n\t<meta property=\"og:image:type\" content=\"image\/jpeg\" \/>\n<meta name=\"author\" content=\"MPPPST Prensa\" \/>\n<meta name=\"twitter:card\" content=\"summary_large_image\" \/>\n<meta name=\"twitter:label1\" content=\"Escrito por\" \/>\n\t<meta name=\"twitter:data1\" content=\"MPPPST Prensa\" \/>\n\t<meta name=\"twitter:label2\" content=\"Tiempo de lectura\" \/>\n\t<meta name=\"twitter:data2\" content=\"1 minuto\" \/>\n<script type=\"application\/ld+json\" class=\"yoast-schema-graph\">{\"@context\":\"https:\/\/schema.org\",\"@graph\":[{\"@type\":\"Article\",\"@id\":\"https:\/\/www.mpppst.gob.ve\/mpppstweb\/index.php\/2021\/01\/14\/an-fortalece-relacion-de-hermandad-con-china\/#article\",\"isPartOf\":{\"@id\":\"https:\/\/www.mpppst.gob.ve\/mpppstweb\/index.php\/2021\/01\/14\/an-fortalece-relacion-de-hermandad-con-china\/\"},\"author\":{\"name\":\"MPPPST Prensa\",\"@id\":\"https:\/\/www.mpppst.gob.ve\/mpppstweb\/#\/schema\/person\/fc187ee8ead412bd4c9304b62f900ea4\"},\"headline\":\"AN fortalece relaci\u00f3n de hermandad con China\",\"datePublished\":\"2021-01-14T13:47:38+00:00\",\"dateModified\":\"2021-01-14T13:47:38+00:00\",\"mainEntityOfPage\":{\"@id\":\"https:\/\/www.mpppst.gob.ve\/mpppstweb\/index.php\/2021\/01\/14\/an-fortalece-relacion-de-hermandad-con-china\/\"},\"wordCount\":249,\"publisher\":{\"@id\":\"https:\/\/www.mpppst.gob.ve\/mpppstweb\/#organization\"},\"image\":{\"@id\":\"https:\/\/www.mpppst.gob.ve\/mpppstweb\/index.php\/2021\/01\/14\/an-fortalece-relacion-de-hermandad-con-china\/#primaryimage\"},\"thumbnailUrl\":\"https:\/\/www.mpppst.gob.ve\/mpppstweb\/wp-content\/uploads\/2021\/01\/16-53-16-Venezuela-.-China-Banderas.jpg\",\"articleSection\":[\"Gobierno Nacional\",\"Noticias\"],\"inLanguage\":\"es\"},{\"@type\":\"WebPage\",\"@id\":\"https:\/\/www.mpppst.gob.ve\/mpppstweb\/index.php\/2021\/01\/14\/an-fortalece-relacion-de-hermandad-con-china\/\",\"url\":\"https:\/\/www.mpppst.gob.ve\/mpppstweb\/index.php\/2021\/01\/14\/an-fortalece-relacion-de-hermandad-con-china\/\",\"name\":\"AN fortalece relaci\u00f3n de hermandad con China - MPPPST\",\"isPartOf\":{\"@id\":\"https:\/\/www.mpppst.gob.ve\/mpppstweb\/#website\"},\"primaryImageOfPage\":{\"@id\":\"https:\/\/www.mpppst.gob.ve\/mpppstweb\/index.php\/2021\/01\/14\/an-fortalece-relacion-de-hermandad-con-china\/#primaryimage\"},\"image\":{\"@id\":\"https:\/\/www.mpppst.gob.ve\/mpppstweb\/index.php\/2021\/01\/14\/an-fortalece-relacion-de-hermandad-con-china\/#primaryimage\"},\"thumbnailUrl\":\"https:\/\/www.mpppst.gob.ve\/mpppstweb\/wp-content\/uploads\/2021\/01\/16-53-16-Venezuela-.-China-Banderas.jpg\",\"datePublished\":\"2021-01-14T13:47:38+00:00\",\"dateModified\":\"2021-01-14T13:47:38+00:00\",\"breadcrumb\":{\"@id\":\"https:\/\/www.mpppst.gob.ve\/mpppstweb\/index.php\/2021\/01\/14\/an-fortalece-relacion-de-hermandad-con-china\/#breadcrumb\"},\"inLanguage\":\"es\",\"potentialAction\":[{\"@type\":\"ReadAction\",\"target\":[\"https:\/\/www.mpppst.gob.ve\/mpppstweb\/index.php\/2021\/01\/14\/an-fortalece-relacion-de-hermandad-con-china\/\"]}]},{\"@type\":\"ImageObject\",\"inLanguage\":\"es\",\"@id\":\"https:\/\/www.mpppst.gob.ve\/mpppstweb\/index.php\/2021\/01\/14\/an-fortalece-relacion-de-hermandad-con-china\/#primaryimage\",\"url\":\"https:\/\/www.mpppst.gob.ve\/mpppstweb\/wp-content\/uploads\/2021\/01\/16-53-16-Venezuela-.-China-Banderas.jpg\",\"contentUrl\":\"https:\/\/www.mpppst.gob.ve\/mpppstweb\/wp-content\/uploads\/2021\/01\/16-53-16-Venezuela-.-China-Banderas.jpg\",\"width\":800,\"height\":445},{\"@type\":\"BreadcrumbList\",\"@id\":\"https:\/\/www.mpppst.gob.ve\/mpppstweb\/index.php\/2021\/01\/14\/an-fortalece-relacion-de-hermandad-con-china\/#breadcrumb\",\"itemListElement\":[{\"@type\":\"ListItem\",\"position\":1,\"name\":\"Home\",\"item\":\"https:\/\/www.mpppst.gob.ve\/mpppstweb\/\"},{\"@type\":\"ListItem\",\"position\":2,\"name\":\"AN fortalece relaci\u00f3n de hermandad con China\"}]},{\"@type\":\"WebSite\",\"@id\":\"https:\/\/www.mpppst.gob.ve\/mpppstweb\/#website\",\"url\":\"https:\/\/www.mpppst.gob.ve\/mpppstweb\/\",\"name\":\"MPPPST\",\"description\":\"Ministerio del Poder Popular para el Proceso Social de Trabajo\",\"publisher\":{\"@id\":\"https:\/\/www.mpppst.gob.ve\/mpppstweb\/#organization\"},\"potentialAction\":[{\"@type\":\"SearchAction\",\"target\":{\"@type\":\"EntryPoint\",\"urlTemplate\":\"https:\/\/www.mpppst.gob.ve\/mpppstweb\/?s={search_term_string}\"},\"query-input\":\"required name=search_term_string\"}],\"inLanguage\":\"es\"},{\"@type\":\"Organization\",\"@id\":\"https:\/\/www.mpppst.gob.ve\/mpppstweb\/#organization\",\"name\":\"mpppst\",\"url\":\"https:\/\/www.mpppst.gob.ve\/mpppstweb\/\",\"logo\":{\"@type\":\"ImageObject\",\"inLanguage\":\"es\",\"@id\":\"https:\/\/www.mpppst.gob.ve\/mpppstweb\/#\/schema\/logo\/image\/\",\"url\":\"https:\/\/www.mpppst.gob.ve\/mpppstweb\/wp-content\/uploads\/2025\/07\/cropped-cropped-g910.png\",\"contentUrl\":\"https:\/\/www.mpppst.gob.ve\/mpppstweb\/wp-content\/uploads\/2025\/07\/cropped-cropped-g910.png\",\"width\":1080,\"height\":241,\"caption\":\"mpppst\"},\"image\":{\"@id\":\"https:\/\/www.mpppst.gob.ve\/mpppstweb\/#\/schema\/logo\/image\/\"}},{\"@type\":\"Person\",\"@id\":\"https:\/\/www.mpppst.gob.ve\/mpppstweb\/#\/schema\/person\/fc187ee8ead412bd4c9304b62f900ea4\",\"name\":\"MPPPST Prensa\",\"url\":\"https:\/\/www.mpppst.gob.ve\/mpppstweb\/index.php\/author\/prensa-mpppst\/\"}]}<\/script>\n<!-- \/ Yoast SEO plugin. -->","yoast_head_json":{"title":"AN fortalece relaci\u00f3n de hermandad con China - MPPPST","robots":{"index":"index","follow":"follow","max-snippet":"max-snippet:-1","max-image-preview":"max-image-preview:large","max-video-preview":"max-video-preview:-1"},"canonical":"https:\/\/www.mpppst.gob.ve\/mpppstweb\/index.php\/2021\/01\/14\/an-fortalece-relacion-de-hermandad-con-china\/","og_locale":"es_ES","og_type":"article","og_title":"AN fortalece relaci\u00f3n de hermandad con China - MPPPST","og_description":"El presidente de la Asamblea Nacional (AN),&nbsp;Jorge Rodr\u00edguez, sostuvo una reuni\u00f3n este mi\u00e9rcoles con el embajador &hellip; AN fortalece relaci\u00f3n de hermandad con ChinaRead more","og_url":"https:\/\/www.mpppst.gob.ve\/mpppstweb\/index.php\/2021\/01\/14\/an-fortalece-relacion-de-hermandad-con-china\/","og_site_name":"MPPPST","article_published_time":"2021-01-14T13:47:38+00:00","og_image":[{"width":800,"height":445,"url":"https:\/\/www.mpppst.gob.ve\/mpppstweb\/wp-content\/uploads\/2021\/01\/16-53-16-Venezuela-.-China-Banderas.jpg","type":"image\/jpeg"}],"author":"MPPPST Prensa","twitter_card":"summary_large_image","twitter_misc":{"Escrito por":"MPPPST Prensa","Tiempo de lectura":"1 minuto"},"schema":{"@context":"https:\/\/schema.org","@graph":[{"@type":"Article","@id":"https:\/\/www.mpppst.gob.ve\/mpppstweb\/index.php\/2021\/01\/14\/an-fortalece-relacion-de-hermandad-con-china\/#article","isPartOf":{"@id":"https:\/\/www.mpppst.gob.ve\/mpppstweb\/index.php\/2021\/01\/14\/an-fortalece-relacion-de-hermandad-con-china\/"},"author":{"name":"MPPPST Prensa","@id":"https:\/\/www.mpppst.gob.ve\/mpppstweb\/#\/schema\/person\/fc187ee8ead412bd4c9304b62f900ea4"},"headline":"AN fortalece relaci\u00f3n de hermandad con China","datePublished":"2021-01-14T13:47:38+00:00","dateModified":"2021-01-14T13:47:38+00:00","mainEntityOfPage":{"@id":"https:\/\/www.mpppst.gob.ve\/mpppstweb\/index.php\/2021\/01\/14\/an-fortalece-relacion-de-hermandad-con-china\/"},"wordCount":249,"publisher":{"@id":"https:\/\/www.mpppst.gob.ve\/mpppstweb\/#organization"},"image":{"@id":"https:\/\/www.mpppst.gob.ve\/mpppstweb\/index.php\/2021\/01\/14\/an-fortalece-relacion-de-hermandad-con-china\/#primaryimage"},"thumbnailUrl":"https:\/\/www.mpppst.gob.ve\/mpppstweb\/wp-content\/uploads\/2021\/01\/16-53-16-Venezuela-.-China-Banderas.jpg","articleSection":["Gobierno Nacional","Noticias"],"inLanguage":"es"},{"@type":"WebPage","@id":"https:\/\/www.mpppst.gob.ve\/mpppstweb\/index.php\/2021\/01\/14\/an-fortalece-relacion-de-hermandad-con-china\/","url":"https:\/\/www.mpppst.gob.ve\/mpppstweb\/index.php\/2021\/01\/14\/an-fortalece-relacion-de-hermandad-con-china\/","name":"AN fortalece relaci\u00f3n de hermandad con China - MPPPST","isPartOf":{"@id":"https:\/\/www.mpppst.gob.ve\/mpppstweb\/#website"},"primaryImageOfPage":{"@id":"https:\/\/www.mpppst.gob.ve\/mpppstweb\/index.php\/2021\/01\/14\/an-fortalece-relacion-de-hermandad-con-china\/#primaryimage"},"image":{"@id":"https:\/\/www.mpppst.gob.ve\/mpppstweb\/index.php\/2021\/01\/14\/an-fortalece-relacion-de-hermandad-con-china\/#primaryimage"},"thumbnailUrl":"https:\/\/www.mpppst.gob.ve\/mpppstweb\/wp-content\/uploads\/2021\/01\/16-53-16-Venezuela-.-China-Banderas.jpg","datePublished":"2021-01-14T13:47:38+00:00","dateModified":"2021-01-14T13:47:38+00:00","breadcrumb":{"@id":"https:\/\/www.mpppst.gob.ve\/mpppstweb\/index.php\/2021\/01\/14\/an-fortalece-relacion-de-hermandad-con-china\/#breadcrumb"},"inLanguage":"es","potentialAction":[{"@type":"ReadAction","target":["https:\/\/www.mpppst.gob.ve\/mpppstweb\/index.php\/2021\/01\/14\/an-fortalece-relacion-de-hermandad-con-china\/"]}]},{"@type":"ImageObject","inLanguage":"es","@id":"https:\/\/www.mpppst.gob.ve\/mpppstweb\/index.php\/2021\/01\/14\/an-fortalece-relacion-de-hermandad-con-china\/#primaryimage","url":"https:\/\/www.mpppst.gob.ve\/mpppstweb\/wp-content\/uploads\/2021\/01\/16-53-16-Venezuela-.-China-Banderas.jpg","contentUrl":"https:\/\/www.mpppst.gob.ve\/mpppstweb\/wp-content\/uploads\/2021\/01\/16-53-16-Venezuela-.-China-Banderas.jpg","width":800,"height":445},{"@type":"BreadcrumbList","@id":"https:\/\/www.mpppst.gob.ve\/mpppstweb\/index.php\/2021\/01\/14\/an-fortalece-relacion-de-hermandad-con-china\/#breadcrumb","itemListElement":[{"@type":"ListItem","position":1,"name":"Home","item":"https:\/\/www.mpppst.gob.ve\/mpppstweb\/"},{"@type":"ListItem","position":2,"name":"AN fortalece relaci\u00f3n de hermandad con China"}]},{"@type":"WebSite","@id":"https:\/\/www.mpppst.gob.ve\/mpppstweb\/#website","url":"https:\/\/www.mpppst.gob.ve\/mpppstweb\/","name":"MPPPST","description":"Ministerio del Poder Popular para el Proceso Social de Trabajo","publisher":{"@id":"https:\/\/www.mpppst.gob.ve\/mpppstweb\/#organization"},"potentialAction":[{"@type":"SearchAction","target":{"@type":"EntryPoint","urlTemplate":"https:\/\/www.mpppst.gob.ve\/mpppstweb\/?s={search_term_string}"},"query-input":"required name=search_term_string"}],"inLanguage":"es"},{"@type":"Organization","@id":"https:\/\/www.mpppst.gob.ve\/mpppstweb\/#organization","name":"mpppst","url":"https:\/\/www.mpppst.gob.ve\/mpppstweb\/","logo":{"@type":"ImageObject","inLanguage":"es","@id":"https:\/\/www.mpppst.gob.ve\/mpppstweb\/#\/schema\/logo\/image\/","url":"https:\/\/www.mpppst.gob.ve\/mpppstweb\/wp-content\/uploads\/2025\/07\/cropped-cropped-g910.png","contentUrl":"https:\/\/www.mpppst.gob.ve\/mpppstweb\/wp-content\/uploads\/2025\/07\/cropped-cropped-g910.png","width":1080,"height":241,"caption":"mpppst"},"image":{"@id":"https:\/\/www.mpppst.gob.ve\/mpppstweb\/#\/schema\/logo\/image\/"}},{"@type":"Person","@id":"https:\/\/www.mpppst.gob.ve\/mpppstweb\/#\/schema\/person\/fc187ee8ead412bd4c9304b62f900ea4","name":"MPPPST Prensa","url":"https:\/\/www.mpppst.gob.ve\/mpppstweb\/index.php\/author\/prensa-mpppst\/"}]}},"_links":{"self":[{"href":"https:\/\/www.mpppst.gob.ve\/mpppstweb\/index.php\/wp-json\/wp\/v2\/posts\/21206"}],"collection":[{"href":"https:\/\/www.mpppst.gob.ve\/mpppstweb\/index.php\/wp-json\/wp\/v2\/posts"}],"about":[{"href":"https:\/\/www.mpppst.gob.ve\/mpppstweb\/index.php\/wp-json\/wp\/v2\/types\/post"}],"author":[{"embeddable":true,"href":"https:\/\/www.mpppst.gob.ve\/mpppstweb\/index.php\/wp-json\/wp\/v2\/users\/25"}],"replies":[{"embeddable":true,"href":"https:\/\/www.mpppst.gob.ve\/mpppstweb\/index.php\/wp-json\/wp\/v2\/comments?post=21206"}],"version-history":[{"count":1,"href":"https:\/\/www.mpppst.gob.ve\/mpppstweb\/index.php\/wp-json\/wp\/v2\/posts\/21206\/revisions"}],"predecessor-version":[{"id":21208,"href":"https:\/\/www.mpppst.gob.ve\/mpppstweb\/index.php\/wp-json\/wp\/v2\/posts\/21206\/revisions\/21208"}],"wp:featuredmedia":[{"embeddable":true,"href":"https:\/\/www.mpppst.gob.ve\/mpppstweb\/index.php\/wp-json\/wp\/v2\/media\/21207"}],"wp:attachment":[{"href":"https:\/\/www.mpppst.gob.ve\/mpppstweb\/index.php\/wp-json\/wp\/v2\/media?parent=21206"}],"wp:term":[{"taxonomy":"category","embeddable":true,"href":"https:\/\/www.mpppst.gob.ve\/mpppstweb\/index.php\/wp-json\/wp\/v2\/categories?post=21206"},{"taxonomy":"post_tag","embeddable":true,"href":"https:\/\/www.mpppst.gob.ve\/mpppstweb\/index.php\/wp-json\/wp\/v2\/tags?post=21206"}],"curies":[{"name":"wp","href":"https:\/\/api.w.org\/{rel}","templated":true}]}}