{"id":21217,"date":"2021-01-15T09:08:11","date_gmt":"2021-01-15T13:08:11","guid":{"rendered":"http:\/\/www.mpppst.gob.ve\/mpppstweb\/?p=21217"},"modified":"2021-01-15T09:08:11","modified_gmt":"2021-01-15T13:08:11","slug":"presidente-maduro-recibio-cartas-credenciales-del-embajador-del-estado-plurinacional-de-bolivia","status":"publish","type":"post","link":"https:\/\/www.mpppst.gob.ve\/mpppstweb\/index.php\/2021\/01\/15\/presidente-maduro-recibio-cartas-credenciales-del-embajador-del-estado-plurinacional-de-bolivia\/","title":{"rendered":"Presidente Maduro recibi\u00f3 Cartas Credenciales del embajador del Estado Plurinacional de Bolivia"},"content":{"rendered":"\n<p>El Presidente de la Rep\u00fablica Bolivariana de Venezuela, Nicol\u00e1s Maduro Moros recibi\u00f3 este jueves las Cartas Credenciales del Embajador designado por el Estado Plurinacional de Bolivia ante la naci\u00f3n, el Excelent\u00edsimo Sebasti\u00e1n Rodrigo Michel Hoffmann.<\/p>\n\n\n\n<p>La gesti\u00f3n diplom\u00e1tica se realiz\u00f3 tras la designaci\u00f3n emitida&nbsp; por el Presidente de Bolivia, Luis Alberto Arce Catacora, quien a trav\u00e9s de su Gobierno mantiene relaciones de amistad y reciprocidad con la Rep\u00fablica Bolivariana de Venezuela.<\/p>\n\n\n\n<p>El acto protocolar se celebr\u00f3 en el sal\u00f3n Sol del Per\u00fa, del Palacio de Miraflores, donde el Mandatario Nacional sostuvo el encuentro con el Embajador Michel, tras recibir los honores correspondientes a sus investiduras.<\/p>\n\n\n\n<p>Durante el Gobierno del expresidente, Evo Morales, quien demostr\u00f3 su apeg\u00f3 a la hermandad entre los pueblos de Bolivia y Venezuela, Michel Hoffmann, se desempe\u00f1\u00f3 como embajador de Bolivia en nuestra naci\u00f3n, desde el 5 de enero de 2018 hasta el 15 de noviembre de 2019.<\/p>\n\n\n\n<p>Vale destacar que Venezuela y el Estado Plurinacional de Bolivia, se han cultivado las relaciones de hermandad a trav\u00e9s de los bloques de integraci\u00f3n Latinoamericana y Caribe\u00f1a como la Alianza Bolivariana para los Pueblos de Nuestra Am\u00e9rica \u2013 Tratado de Comercio de los Pueblos o ALBA-TCP y la Uni\u00f3n de Naciones Suramericanas (Unasur).<\/p>\n\n\n\n<figure><iframe allowfullscreen=\"true\" class=\"\" src=\"https:\/\/platform.twitter.com\/embed\/index.html?dnt=false&amp;embedId=twitter-widget-0&amp;frame=false&amp;hideCard=false&amp;hideThread=false&amp;id=1349847266643890177&amp;lang=es&amp;origin=http%3A%2F%2Fwww.radiomundial.com.ve%2Farticle%2Fpresidente-maduro-recibi%25C3%25B3-cartas-credenciales-del-embajador-del-estado-plurinacional-de&amp;theme=light&amp;widgetsVersion=ed20a2b%3A1601588405575&amp;width=550px\"><\/iframe><\/figure>\n\n\n\n<figure><iframe allowfullscreen=\"true\" class=\"\" src=\"https:\/\/platform.twitter.com\/embed\/index.html?dnt=false&amp;embedId=twitter-widget-1&amp;frame=false&amp;hideCard=false&amp;hideThread=false&amp;id=1349850863754424321&amp;lang=es&amp;origin=http%3A%2F%2Fwww.radiomundial.com.ve%2Farticle%2Fpresidente-maduro-recibi%25C3%25B3-cartas-credenciales-del-embajador-del-estado-plurinacional-de&amp;theme=light&amp;widgetsVersion=ed20a2b%3A1601588405575&amp;width=550px\"><\/iframe><\/figure>\n\n\n\n<p>Prensa YVKE<\/p>\n","protected":false},"excerpt":{"rendered":"<p>El Presidente de la Rep\u00fablica Bolivariana de Venezuela, Nicol\u00e1s Maduro Moros recibi\u00f3 este jueves las Cartas &hellip; <a title=\"Presidente Maduro recibi\u00f3 Cartas Credenciales del embajador del Estado Plurinacional de Bolivia\" class=\"hm-read-more\" href=\"https:\/\/www.mpppst.gob.ve\/mpppstweb\/index.php\/2021\/01\/15\/presidente-maduro-recibio-cartas-credenciales-del-embajador-del-estado-plurinacional-de-bolivia\/\"><span class=\"screen-reader-text\">Presidente Maduro recibi\u00f3 Cartas Credenciales del embajador del Estado Plurinacional de Bolivia<\/span>Read more<\/a><\/p>\n","protected":false},"author":25,"featured_media":21220,"comment_status":"closed","ping_status":"closed","sticky":false,"template":"","format":"standard","meta":{"footnotes":""},"categories":[82,163],"tags":[],"yoast_head":"<!-- This site is optimized with the Yoast SEO plugin v22.5 - https:\/\/yoast.com\/wordpress\/plugins\/seo\/ -->\n<title>Presidente Maduro recibi\u00f3 Cartas Credenciales del embajador del Estado Plurinacional de Bolivia - MPPPST<\/title>\n<meta name=\"robots\" content=\"index, follow, max-snippet:-1, max-image-preview:large, max-video-preview:-1\" \/>\n<link rel=\"canonical\" href=\"https:\/\/www.mpppst.gob.ve\/mpppstweb\/index.php\/2021\/01\/15\/presidente-maduro-recibio-cartas-credenciales-del-embajador-del-estado-plurinacional-de-bolivia\/\" \/>\n<meta property=\"og:locale\" content=\"es_ES\" \/>\n<meta property=\"og:type\" content=\"article\" \/>\n<meta property=\"og:title\" content=\"Presidente Maduro recibi\u00f3 Cartas Credenciales del embajador del Estado Plurinacional de Bolivia - MPPPST\" \/>\n<meta property=\"og:description\" content=\"El Presidente de la Rep\u00fablica Bolivariana de Venezuela, Nicol\u00e1s Maduro Moros recibi\u00f3 este jueves las Cartas &hellip; Presidente Maduro recibi\u00f3 Cartas Credenciales del embajador del Estado Plurinacional de BoliviaRead more\" \/>\n<meta property=\"og:url\" content=\"https:\/\/www.mpppst.gob.ve\/mpppstweb\/index.php\/2021\/01\/15\/presidente-maduro-recibio-cartas-credenciales-del-embajador-del-estado-plurinacional-de-bolivia\/\" \/>\n<meta property=\"og:site_name\" content=\"MPPPST\" \/>\n<meta property=\"article:published_time\" content=\"2021-01-15T13:08:11+00:00\" \/>\n<meta property=\"og:image\" content=\"https:\/\/www.mpppst.gob.ve\/mpppstweb\/wp-content\/uploads\/2021\/01\/WhatsApp-Image-2021-01-14-at-6.45.41-PM.jpeg\" \/>\n\t<meta property=\"og:image:width\" content=\"800\" \/>\n\t<meta property=\"og:image:height\" content=\"445\" \/>\n\t<meta property=\"og:image:type\" content=\"image\/jpeg\" \/>\n<meta name=\"author\" content=\"MPPPST Prensa\" \/>\n<meta name=\"twitter:card\" content=\"summary_large_image\" \/>\n<meta name=\"twitter:label1\" content=\"Escrito por\" \/>\n\t<meta name=\"twitter:data1\" content=\"MPPPST Prensa\" \/>\n\t<meta name=\"twitter:label2\" content=\"Tiempo de lectura\" \/>\n\t<meta name=\"twitter:data2\" content=\"1 minuto\" \/>\n<script type=\"application\/ld+json\" class=\"yoast-schema-graph\">{\"@context\":\"https:\/\/schema.org\",\"@graph\":[{\"@type\":\"Article\",\"@id\":\"https:\/\/www.mpppst.gob.ve\/mpppstweb\/index.php\/2021\/01\/15\/presidente-maduro-recibio-cartas-credenciales-del-embajador-del-estado-plurinacional-de-bolivia\/#article\",\"isPartOf\":{\"@id\":\"https:\/\/www.mpppst.gob.ve\/mpppstweb\/index.php\/2021\/01\/15\/presidente-maduro-recibio-cartas-credenciales-del-embajador-del-estado-plurinacional-de-bolivia\/\"},\"author\":{\"name\":\"MPPPST Prensa\",\"@id\":\"https:\/\/www.mpppst.gob.ve\/mpppstweb\/#\/schema\/person\/fc187ee8ead412bd4c9304b62f900ea4\"},\"headline\":\"Presidente Maduro recibi\u00f3 Cartas Credenciales del embajador del Estado Plurinacional de Bolivia\",\"datePublished\":\"2021-01-15T13:08:11+00:00\",\"dateModified\":\"2021-01-15T13:08:11+00:00\",\"mainEntityOfPage\":{\"@id\":\"https:\/\/www.mpppst.gob.ve\/mpppstweb\/index.php\/2021\/01\/15\/presidente-maduro-recibio-cartas-credenciales-del-embajador-del-estado-plurinacional-de-bolivia\/\"},\"wordCount\":231,\"publisher\":{\"@id\":\"https:\/\/www.mpppst.gob.ve\/mpppstweb\/#organization\"},\"image\":{\"@id\":\"https:\/\/www.mpppst.gob.ve\/mpppstweb\/index.php\/2021\/01\/15\/presidente-maduro-recibio-cartas-credenciales-del-embajador-del-estado-plurinacional-de-bolivia\/#primaryimage\"},\"thumbnailUrl\":\"https:\/\/www.mpppst.gob.ve\/mpppstweb\/wp-content\/uploads\/2021\/01\/WhatsApp-Image-2021-01-14-at-6.45.41-PM.jpeg\",\"articleSection\":[\"Gobierno Nacional\",\"Noticias\"],\"inLanguage\":\"es\"},{\"@type\":\"WebPage\",\"@id\":\"https:\/\/www.mpppst.gob.ve\/mpppstweb\/index.php\/2021\/01\/15\/presidente-maduro-recibio-cartas-credenciales-del-embajador-del-estado-plurinacional-de-bolivia\/\",\"url\":\"https:\/\/www.mpppst.gob.ve\/mpppstweb\/index.php\/2021\/01\/15\/presidente-maduro-recibio-cartas-credenciales-del-embajador-del-estado-plurinacional-de-bolivia\/\",\"name\":\"Presidente Maduro recibi\u00f3 Cartas Credenciales del embajador del Estado Plurinacional de Bolivia - MPPPST\",\"isPartOf\":{\"@id\":\"https:\/\/www.mpppst.gob.ve\/mpppstweb\/#website\"},\"primaryImageOfPage\":{\"@id\":\"https:\/\/www.mpppst.gob.ve\/mpppstweb\/index.php\/2021\/01\/15\/presidente-maduro-recibio-cartas-credenciales-del-embajador-del-estado-plurinacional-de-bolivia\/#primaryimage\"},\"image\":{\"@id\":\"https:\/\/www.mpppst.gob.ve\/mpppstweb\/index.php\/2021\/01\/15\/presidente-maduro-recibio-cartas-credenciales-del-embajador-del-estado-plurinacional-de-bolivia\/#primaryimage\"},\"thumbnailUrl\":\"https:\/\/www.mpppst.gob.ve\/mpppstweb\/wp-content\/uploads\/2021\/01\/WhatsApp-Image-2021-01-14-at-6.45.41-PM.jpeg\",\"datePublished\":\"2021-01-15T13:08:11+00:00\",\"dateModified\":\"2021-01-15T13:08:11+00:00\",\"breadcrumb\":{\"@id\":\"https:\/\/www.mpppst.gob.ve\/mpppstweb\/index.php\/2021\/01\/15\/presidente-maduro-recibio-cartas-credenciales-del-embajador-del-estado-plurinacional-de-bolivia\/#breadcrumb\"},\"inLanguage\":\"es\",\"potentialAction\":[{\"@type\":\"ReadAction\",\"target\":[\"https:\/\/www.mpppst.gob.ve\/mpppstweb\/index.php\/2021\/01\/15\/presidente-maduro-recibio-cartas-credenciales-del-embajador-del-estado-plurinacional-de-bolivia\/\"]}]},{\"@type\":\"ImageObject\",\"inLanguage\":\"es\",\"@id\":\"https:\/\/www.mpppst.gob.ve\/mpppstweb\/index.php\/2021\/01\/15\/presidente-maduro-recibio-cartas-credenciales-del-embajador-del-estado-plurinacional-de-bolivia\/#primaryimage\",\"url\":\"https:\/\/www.mpppst.gob.ve\/mpppstweb\/wp-content\/uploads\/2021\/01\/WhatsApp-Image-2021-01-14-at-6.45.41-PM.jpeg\",\"contentUrl\":\"https:\/\/www.mpppst.gob.ve\/mpppstweb\/wp-content\/uploads\/2021\/01\/WhatsApp-Image-2021-01-14-at-6.45.41-PM.jpeg\",\"width\":800,\"height\":445},{\"@type\":\"BreadcrumbList\",\"@id\":\"https:\/\/www.mpppst.gob.ve\/mpppstweb\/index.php\/2021\/01\/15\/presidente-maduro-recibio-cartas-credenciales-del-embajador-del-estado-plurinacional-de-bolivia\/#breadcrumb\",\"itemListElement\":[{\"@type\":\"ListItem\",\"position\":1,\"name\":\"Home\",\"item\":\"https:\/\/www.mpppst.gob.ve\/mpppstweb\/\"},{\"@type\":\"ListItem\",\"position\":2,\"name\":\"Presidente Maduro recibi\u00f3 Cartas Credenciales del embajador del Estado Plurinacional de Bolivia\"}]},{\"@type\":\"WebSite\",\"@id\":\"https:\/\/www.mpppst.gob.ve\/mpppstweb\/#website\",\"url\":\"https:\/\/www.mpppst.gob.ve\/mpppstweb\/\",\"name\":\"MPPPST\",\"description\":\"Ministerio del Poder Popular para el Proceso Social de Trabajo\",\"publisher\":{\"@id\":\"https:\/\/www.mpppst.gob.ve\/mpppstweb\/#organization\"},\"potentialAction\":[{\"@type\":\"SearchAction\",\"target\":{\"@type\":\"EntryPoint\",\"urlTemplate\":\"https:\/\/www.mpppst.gob.ve\/mpppstweb\/?s={search_term_string}\"},\"query-input\":\"required name=search_term_string\"}],\"inLanguage\":\"es\"},{\"@type\":\"Organization\",\"@id\":\"https:\/\/www.mpppst.gob.ve\/mpppstweb\/#organization\",\"name\":\"mpppst\",\"url\":\"https:\/\/www.mpppst.gob.ve\/mpppstweb\/\",\"logo\":{\"@type\":\"ImageObject\",\"inLanguage\":\"es\",\"@id\":\"https:\/\/www.mpppst.gob.ve\/mpppstweb\/#\/schema\/logo\/image\/\",\"url\":\"https:\/\/www.mpppst.gob.ve\/mpppstweb\/wp-content\/uploads\/2025\/07\/cropped-cropped-g910.png\",\"contentUrl\":\"https:\/\/www.mpppst.gob.ve\/mpppstweb\/wp-content\/uploads\/2025\/07\/cropped-cropped-g910.png\",\"width\":1080,\"height\":241,\"caption\":\"mpppst\"},\"image\":{\"@id\":\"https:\/\/www.mpppst.gob.ve\/mpppstweb\/#\/schema\/logo\/image\/\"}},{\"@type\":\"Person\",\"@id\":\"https:\/\/www.mpppst.gob.ve\/mpppstweb\/#\/schema\/person\/fc187ee8ead412bd4c9304b62f900ea4\",\"name\":\"MPPPST Prensa\",\"url\":\"https:\/\/www.mpppst.gob.ve\/mpppstweb\/index.php\/author\/prensa-mpppst\/\"}]}<\/script>\n<!-- \/ Yoast SEO plugin. -->","yoast_head_json":{"title":"Presidente Maduro recibi\u00f3 Cartas Credenciales del embajador del Estado Plurinacional de Bolivia - MPPPST","robots":{"index":"index","follow":"follow","max-snippet":"max-snippet:-1","max-image-preview":"max-image-preview:large","max-video-preview":"max-video-preview:-1"},"canonical":"https:\/\/www.mpppst.gob.ve\/mpppstweb\/index.php\/2021\/01\/15\/presidente-maduro-recibio-cartas-credenciales-del-embajador-del-estado-plurinacional-de-bolivia\/","og_locale":"es_ES","og_type":"article","og_title":"Presidente Maduro recibi\u00f3 Cartas Credenciales del embajador del Estado Plurinacional de Bolivia - MPPPST","og_description":"El Presidente de la Rep\u00fablica Bolivariana de Venezuela, Nicol\u00e1s Maduro Moros recibi\u00f3 este jueves las Cartas &hellip; Presidente Maduro recibi\u00f3 Cartas Credenciales del embajador del Estado Plurinacional de BoliviaRead more","og_url":"https:\/\/www.mpppst.gob.ve\/mpppstweb\/index.php\/2021\/01\/15\/presidente-maduro-recibio-cartas-credenciales-del-embajador-del-estado-plurinacional-de-bolivia\/","og_site_name":"MPPPST","article_published_time":"2021-01-15T13:08:11+00:00","og_image":[{"width":800,"height":445,"url":"https:\/\/www.mpppst.gob.ve\/mpppstweb\/wp-content\/uploads\/2021\/01\/WhatsApp-Image-2021-01-14-at-6.45.41-PM.jpeg","type":"image\/jpeg"}],"author":"MPPPST Prensa","twitter_card":"summary_large_image","twitter_misc":{"Escrito por":"MPPPST Prensa","Tiempo de lectura":"1 minuto"},"schema":{"@context":"https:\/\/schema.org","@graph":[{"@type":"Article","@id":"https:\/\/www.mpppst.gob.ve\/mpppstweb\/index.php\/2021\/01\/15\/presidente-maduro-recibio-cartas-credenciales-del-embajador-del-estado-plurinacional-de-bolivia\/#article","isPartOf":{"@id":"https:\/\/www.mpppst.gob.ve\/mpppstweb\/index.php\/2021\/01\/15\/presidente-maduro-recibio-cartas-credenciales-del-embajador-del-estado-plurinacional-de-bolivia\/"},"author":{"name":"MPPPST Prensa","@id":"https:\/\/www.mpppst.gob.ve\/mpppstweb\/#\/schema\/person\/fc187ee8ead412bd4c9304b62f900ea4"},"headline":"Presidente Maduro recibi\u00f3 Cartas Credenciales del embajador del Estado Plurinacional de Bolivia","datePublished":"2021-01-15T13:08:11+00:00","dateModified":"2021-01-15T13:08:11+00:00","mainEntityOfPage":{"@id":"https:\/\/www.mpppst.gob.ve\/mpppstweb\/index.php\/2021\/01\/15\/presidente-maduro-recibio-cartas-credenciales-del-embajador-del-estado-plurinacional-de-bolivia\/"},"wordCount":231,"publisher":{"@id":"https:\/\/www.mpppst.gob.ve\/mpppstweb\/#organization"},"image":{"@id":"https:\/\/www.mpppst.gob.ve\/mpppstweb\/index.php\/2021\/01\/15\/presidente-maduro-recibio-cartas-credenciales-del-embajador-del-estado-plurinacional-de-bolivia\/#primaryimage"},"thumbnailUrl":"https:\/\/www.mpppst.gob.ve\/mpppstweb\/wp-content\/uploads\/2021\/01\/WhatsApp-Image-2021-01-14-at-6.45.41-PM.jpeg","articleSection":["Gobierno Nacional","Noticias"],"inLanguage":"es"},{"@type":"WebPage","@id":"https:\/\/www.mpppst.gob.ve\/mpppstweb\/index.php\/2021\/01\/15\/presidente-maduro-recibio-cartas-credenciales-del-embajador-del-estado-plurinacional-de-bolivia\/","url":"https:\/\/www.mpppst.gob.ve\/mpppstweb\/index.php\/2021\/01\/15\/presidente-maduro-recibio-cartas-credenciales-del-embajador-del-estado-plurinacional-de-bolivia\/","name":"Presidente Maduro recibi\u00f3 Cartas Credenciales del embajador del Estado Plurinacional de Bolivia - MPPPST","isPartOf":{"@id":"https:\/\/www.mpppst.gob.ve\/mpppstweb\/#website"},"primaryImageOfPage":{"@id":"https:\/\/www.mpppst.gob.ve\/mpppstweb\/index.php\/2021\/01\/15\/presidente-maduro-recibio-cartas-credenciales-del-embajador-del-estado-plurinacional-de-bolivia\/#primaryimage"},"image":{"@id":"https:\/\/www.mpppst.gob.ve\/mpppstweb\/index.php\/2021\/01\/15\/presidente-maduro-recibio-cartas-credenciales-del-embajador-del-estado-plurinacional-de-bolivia\/#primaryimage"},"thumbnailUrl":"https:\/\/www.mpppst.gob.ve\/mpppstweb\/wp-content\/uploads\/2021\/01\/WhatsApp-Image-2021-01-14-at-6.45.41-PM.jpeg","datePublished":"2021-01-15T13:08:11+00:00","dateModified":"2021-01-15T13:08:11+00:00","breadcrumb":{"@id":"https:\/\/www.mpppst.gob.ve\/mpppstweb\/index.php\/2021\/01\/15\/presidente-maduro-recibio-cartas-credenciales-del-embajador-del-estado-plurinacional-de-bolivia\/#breadcrumb"},"inLanguage":"es","potentialAction":[{"@type":"ReadAction","target":["https:\/\/www.mpppst.gob.ve\/mpppstweb\/index.php\/2021\/01\/15\/presidente-maduro-recibio-cartas-credenciales-del-embajador-del-estado-plurinacional-de-bolivia\/"]}]},{"@type":"ImageObject","inLanguage":"es","@id":"https:\/\/www.mpppst.gob.ve\/mpppstweb\/index.php\/2021\/01\/15\/presidente-maduro-recibio-cartas-credenciales-del-embajador-del-estado-plurinacional-de-bolivia\/#primaryimage","url":"https:\/\/www.mpppst.gob.ve\/mpppstweb\/wp-content\/uploads\/2021\/01\/WhatsApp-Image-2021-01-14-at-6.45.41-PM.jpeg","contentUrl":"https:\/\/www.mpppst.gob.ve\/mpppstweb\/wp-content\/uploads\/2021\/01\/WhatsApp-Image-2021-01-14-at-6.45.41-PM.jpeg","width":800,"height":445},{"@type":"BreadcrumbList","@id":"https:\/\/www.mpppst.gob.ve\/mpppstweb\/index.php\/2021\/01\/15\/presidente-maduro-recibio-cartas-credenciales-del-embajador-del-estado-plurinacional-de-bolivia\/#breadcrumb","itemListElement":[{"@type":"ListItem","position":1,"name":"Home","item":"https:\/\/www.mpppst.gob.ve\/mpppstweb\/"},{"@type":"ListItem","position":2,"name":"Presidente Maduro recibi\u00f3 Cartas Credenciales del embajador del Estado Plurinacional de Bolivia"}]},{"@type":"WebSite","@id":"https:\/\/www.mpppst.gob.ve\/mpppstweb\/#website","url":"https:\/\/www.mpppst.gob.ve\/mpppstweb\/","name":"MPPPST","description":"Ministerio del Poder Popular para el Proceso Social de Trabajo","publisher":{"@id":"https:\/\/www.mpppst.gob.ve\/mpppstweb\/#organization"},"potentialAction":[{"@type":"SearchAction","target":{"@type":"EntryPoint","urlTemplate":"https:\/\/www.mpppst.gob.ve\/mpppstweb\/?s={search_term_string}"},"query-input":"required name=search_term_string"}],"inLanguage":"es"},{"@type":"Organization","@id":"https:\/\/www.mpppst.gob.ve\/mpppstweb\/#organization","name":"mpppst","url":"https:\/\/www.mpppst.gob.ve\/mpppstweb\/","logo":{"@type":"ImageObject","inLanguage":"es","@id":"https:\/\/www.mpppst.gob.ve\/mpppstweb\/#\/schema\/logo\/image\/","url":"https:\/\/www.mpppst.gob.ve\/mpppstweb\/wp-content\/uploads\/2025\/07\/cropped-cropped-g910.png","contentUrl":"https:\/\/www.mpppst.gob.ve\/mpppstweb\/wp-content\/uploads\/2025\/07\/cropped-cropped-g910.png","width":1080,"height":241,"caption":"mpppst"},"image":{"@id":"https:\/\/www.mpppst.gob.ve\/mpppstweb\/#\/schema\/logo\/image\/"}},{"@type":"Person","@id":"https:\/\/www.mpppst.gob.ve\/mpppstweb\/#\/schema\/person\/fc187ee8ead412bd4c9304b62f900ea4","name":"MPPPST Prensa","url":"https:\/\/www.mpppst.gob.ve\/mpppstweb\/index.php\/author\/prensa-mpppst\/"}]}},"_links":{"self":[{"href":"https:\/\/www.mpppst.gob.ve\/mpppstweb\/index.php\/wp-json\/wp\/v2\/posts\/21217"}],"collection":[{"href":"https:\/\/www.mpppst.gob.ve\/mpppstweb\/index.php\/wp-json\/wp\/v2\/posts"}],"about":[{"href":"https:\/\/www.mpppst.gob.ve\/mpppstweb\/index.php\/wp-json\/wp\/v2\/types\/post"}],"author":[{"embeddable":true,"href":"https:\/\/www.mpppst.gob.ve\/mpppstweb\/index.php\/wp-json\/wp\/v2\/users\/25"}],"replies":[{"embeddable":true,"href":"https:\/\/www.mpppst.gob.ve\/mpppstweb\/index.php\/wp-json\/wp\/v2\/comments?post=21217"}],"version-history":[{"count":1,"href":"https:\/\/www.mpppst.gob.ve\/mpppstweb\/index.php\/wp-json\/wp\/v2\/posts\/21217\/revisions"}],"predecessor-version":[{"id":21219,"href":"https:\/\/www.mpppst.gob.ve\/mpppstweb\/index.php\/wp-json\/wp\/v2\/posts\/21217\/revisions\/21219"}],"wp:featuredmedia":[{"embeddable":true,"href":"https:\/\/www.mpppst.gob.ve\/mpppstweb\/index.php\/wp-json\/wp\/v2\/media\/21220"}],"wp:attachment":[{"href":"https:\/\/www.mpppst.gob.ve\/mpppstweb\/index.php\/wp-json\/wp\/v2\/media?parent=21217"}],"wp:term":[{"taxonomy":"category","embeddable":true,"href":"https:\/\/www.mpppst.gob.ve\/mpppstweb\/index.php\/wp-json\/wp\/v2\/categories?post=21217"},{"taxonomy":"post_tag","embeddable":true,"href":"https:\/\/www.mpppst.gob.ve\/mpppstweb\/index.php\/wp-json\/wp\/v2\/tags?post=21217"}],"curies":[{"name":"wp","href":"https:\/\/api.w.org\/{rel}","templated":true}]}}