{"id":21221,"date":"2021-01-15T09:14:15","date_gmt":"2021-01-15T13:14:15","guid":{"rendered":"http:\/\/www.mpppst.gob.ve\/mpppstweb\/?p=21221"},"modified":"2021-01-15T09:14:15","modified_gmt":"2021-01-15T13:14:15","slug":"enlatadoras-y-conserveras-del-pais-respaldaran-plan-pescado-200","status":"publish","type":"post","link":"https:\/\/www.mpppst.gob.ve\/mpppstweb\/index.php\/2021\/01\/15\/enlatadoras-y-conserveras-del-pais-respaldaran-plan-pescado-200\/","title":{"rendered":"Enlatadoras y conserveras del pa\u00eds respaldar\u00e1n Plan Pescado 200"},"content":{"rendered":"\n<p>Como parte de la conmemoraci\u00f3n del Bicentenario de la Batalla de Carabobo, el Ministerio del Poder Popular de Pesca y Acuicultura (Minpesca), dio inicio al&nbsp;<strong>Plan Pescado 200,<\/strong>&nbsp;con una mesa de trabajo con las empresas conserveras y enlatadoras de sardina del pa\u00eds.<\/p>\n\n\n\n<p>La actividad estuvo presidida por el ministro de Pesca y Acuicultura,&nbsp;<strong>Juan Luis Laya,<\/strong>&nbsp;quien adem\u00e1s estuvo acompa\u00f1ado por el ministro del Poder Popular para la Alimentaci\u00f3n, C<strong>arlos Leal Teller\u00eda;<\/strong>&nbsp;el viceministro de Producci\u00f3n Primaria Pesquera y Acu\u00edcola<strong>, Miguel Carpio;<\/strong>&nbsp;la viceministra de Procesamiento y Distribuci\u00f3n,<strong>&nbsp;Olga Luisa Figueroa;<\/strong>&nbsp;el viceministro de Control y Abastecimiento,&nbsp;<strong>Francisco Fonseca;<\/strong>&nbsp;el gerente general de la Corporaci\u00f3n de Servicios Pesqueros y Acu\u00edcolas de Venezuela (Corpesca),&nbsp;<strong>Roque Hern\u00e1ndez,<\/strong>&nbsp;y el presidente de la Corporaci\u00f3n \u00danica de Servicios Productivos y Alimentarios (Cuspal),&nbsp;<strong>Luis Soteldo.<\/strong><\/p>\n\n\n\n<p>El ministro Laya anunci\u00f3 que&nbsp;<strong>durante este a\u00f1o 2021 se duplicar\u00e1n las cifras de atenciones al pueblo venezolano.<\/strong>&nbsp;\u201cEl a\u00f1o pasado a pesar de la pandemia, de las sanciones y de todos los contratiempos y lo at\u00edpico, pudimos distribuir m\u00e1s de 32 millones de kilos de pescado en todo el pa\u00eds. Este a\u00f1o 2021 tenemos la meta de duplicar esas cifras\u201d, explic\u00f3, al tiempo que resalt\u00f3 el aumento en la distribuci\u00f3n con respecto al a\u00f1o 2019 de m\u00e1s del 500%. As\u00ed lo refiri\u00f3 nota de prensa de Minpesca.<\/p>\n\n\n\n<p>El titular de Pesca y Acuicultura asegur\u00f3 tambi\u00e9n que este a\u00f1o se realizar\u00e1n convenios y alianzas con la empresa privada para que, a trav\u00e9s de los Comit\u00e9s Locales de Abastecimiento y Producci\u00f3n (CLAP), cada familia reciba sardinas frescas y de calidad enlatadas.&nbsp;<\/p>\n\n\n\n<p>Para este plan se tiene previsto que las enlatadoras y conserveras de sardina de todo el pa\u00eds aporten m\u00e1s de 18 millones de latas mensuales para cubrir la demanda nacional.<\/p>\n\n\n\n<h5 class=\"wp-block-heading\"><strong>Gobierno Bolivariano comprometido<\/strong><\/h5>\n\n\n\n<p>El presidente de Cuspal,&nbsp;<strong>Luis Soteldo<\/strong>&nbsp;afirm\u00f3 que \u201csobre nuestros hombros recae la misi\u00f3n de llevar la bolsa CLAP a cada rinc\u00f3n de nuestra patria. La bolsa CLAP es el instrumento que posee el Gobierno Bolivariano para visibilizar y dignificar al pueblo\u201d.<\/p>\n\n\n\n<p>Asimismo, exhort\u00f3 a la empresa privada a forma un \u201cbinomio cuadrado perfecto\u201d con el Estado, y&nbsp; garantizar de esta forma, la entrega de prote\u00edna de calidad a los hijos de la patria de Bol\u00edvar y Ch\u00e1vez.<\/p>\n\n\n\n<figure class=\"wp-block-image\"><img decoding=\"async\" src=\"https:\/\/www.vtv.gob.ve\/wp-content\/uploads\/2021\/01\/minpesca-reunion.jpg\" alt=\"Enlatadoras y conserveras del pa\u00eds respaldar\u00e1n Plan Pescado 200\" class=\"wp-image-315192\"\/><\/figure>\n\n\n\n<p>Prensa Web VTV<\/p>\n","protected":false},"excerpt":{"rendered":"<p>Como parte de la conmemoraci\u00f3n del Bicentenario de la Batalla de Carabobo, el Ministerio del Poder &hellip; <a title=\"Enlatadoras y conserveras del pa\u00eds respaldar\u00e1n Plan Pescado 200\" class=\"hm-read-more\" href=\"https:\/\/www.mpppst.gob.ve\/mpppstweb\/index.php\/2021\/01\/15\/enlatadoras-y-conserveras-del-pais-respaldaran-plan-pescado-200\/\"><span class=\"screen-reader-text\">Enlatadoras y conserveras del pa\u00eds respaldar\u00e1n Plan Pescado 200<\/span>Read more<\/a><\/p>\n","protected":false},"author":25,"featured_media":21222,"comment_status":"closed","ping_status":"closed","sticky":false,"template":"","format":"standard","meta":{"footnotes":""},"categories":[82,163],"tags":[],"yoast_head":"<!-- This site is optimized with the Yoast SEO plugin v22.5 - https:\/\/yoast.com\/wordpress\/plugins\/seo\/ -->\n<title>Enlatadoras y conserveras del pa\u00eds respaldar\u00e1n Plan Pescado 200 - MPPPST<\/title>\n<meta name=\"robots\" content=\"index, follow, max-snippet:-1, max-image-preview:large, max-video-preview:-1\" \/>\n<link rel=\"canonical\" href=\"https:\/\/www.mpppst.gob.ve\/mpppstweb\/index.php\/2021\/01\/15\/enlatadoras-y-conserveras-del-pais-respaldaran-plan-pescado-200\/\" \/>\n<meta property=\"og:locale\" content=\"es_ES\" \/>\n<meta property=\"og:type\" content=\"article\" \/>\n<meta property=\"og:title\" content=\"Enlatadoras y conserveras del pa\u00eds respaldar\u00e1n Plan Pescado 200 - MPPPST\" \/>\n<meta property=\"og:description\" content=\"Como parte de la conmemoraci\u00f3n del Bicentenario de la Batalla de Carabobo, el Ministerio del Poder &hellip; Enlatadoras y conserveras del pa\u00eds respaldar\u00e1n Plan Pescado 200Read more\" \/>\n<meta property=\"og:url\" content=\"https:\/\/www.mpppst.gob.ve\/mpppstweb\/index.php\/2021\/01\/15\/enlatadoras-y-conserveras-del-pais-respaldaran-plan-pescado-200\/\" \/>\n<meta property=\"og:site_name\" content=\"MPPPST\" \/>\n<meta property=\"article:published_time\" content=\"2021-01-15T13:14:15+00:00\" \/>\n<meta property=\"og:image\" content=\"https:\/\/www.mpppst.gob.ve\/mpppstweb\/wp-content\/uploads\/2021\/01\/sardinas.jpg\" \/>\n\t<meta property=\"og:image:width\" content=\"800\" \/>\n\t<meta property=\"og:image:height\" content=\"445\" \/>\n\t<meta property=\"og:image:type\" content=\"image\/jpeg\" \/>\n<meta name=\"author\" content=\"MPPPST Prensa\" \/>\n<meta name=\"twitter:card\" content=\"summary_large_image\" \/>\n<meta name=\"twitter:label1\" content=\"Escrito por\" \/>\n\t<meta name=\"twitter:data1\" content=\"MPPPST Prensa\" \/>\n\t<meta name=\"twitter:label2\" content=\"Tiempo de lectura\" \/>\n\t<meta name=\"twitter:data2\" content=\"2 minutos\" \/>\n<script type=\"application\/ld+json\" class=\"yoast-schema-graph\">{\"@context\":\"https:\/\/schema.org\",\"@graph\":[{\"@type\":\"Article\",\"@id\":\"https:\/\/www.mpppst.gob.ve\/mpppstweb\/index.php\/2021\/01\/15\/enlatadoras-y-conserveras-del-pais-respaldaran-plan-pescado-200\/#article\",\"isPartOf\":{\"@id\":\"https:\/\/www.mpppst.gob.ve\/mpppstweb\/index.php\/2021\/01\/15\/enlatadoras-y-conserveras-del-pais-respaldaran-plan-pescado-200\/\"},\"author\":{\"name\":\"MPPPST Prensa\",\"@id\":\"https:\/\/www.mpppst.gob.ve\/mpppstweb\/#\/schema\/person\/fc187ee8ead412bd4c9304b62f900ea4\"},\"headline\":\"Enlatadoras y conserveras del pa\u00eds respaldar\u00e1n Plan Pescado 200\",\"datePublished\":\"2021-01-15T13:14:15+00:00\",\"dateModified\":\"2021-01-15T13:14:15+00:00\",\"mainEntityOfPage\":{\"@id\":\"https:\/\/www.mpppst.gob.ve\/mpppstweb\/index.php\/2021\/01\/15\/enlatadoras-y-conserveras-del-pais-respaldaran-plan-pescado-200\/\"},\"wordCount\":433,\"publisher\":{\"@id\":\"https:\/\/www.mpppst.gob.ve\/mpppstweb\/#organization\"},\"image\":{\"@id\":\"https:\/\/www.mpppst.gob.ve\/mpppstweb\/index.php\/2021\/01\/15\/enlatadoras-y-conserveras-del-pais-respaldaran-plan-pescado-200\/#primaryimage\"},\"thumbnailUrl\":\"https:\/\/www.mpppst.gob.ve\/mpppstweb\/wp-content\/uploads\/2021\/01\/sardinas.jpg\",\"articleSection\":[\"Gobierno Nacional\",\"Noticias\"],\"inLanguage\":\"es\"},{\"@type\":\"WebPage\",\"@id\":\"https:\/\/www.mpppst.gob.ve\/mpppstweb\/index.php\/2021\/01\/15\/enlatadoras-y-conserveras-del-pais-respaldaran-plan-pescado-200\/\",\"url\":\"https:\/\/www.mpppst.gob.ve\/mpppstweb\/index.php\/2021\/01\/15\/enlatadoras-y-conserveras-del-pais-respaldaran-plan-pescado-200\/\",\"name\":\"Enlatadoras y conserveras del pa\u00eds respaldar\u00e1n Plan Pescado 200 - MPPPST\",\"isPartOf\":{\"@id\":\"https:\/\/www.mpppst.gob.ve\/mpppstweb\/#website\"},\"primaryImageOfPage\":{\"@id\":\"https:\/\/www.mpppst.gob.ve\/mpppstweb\/index.php\/2021\/01\/15\/enlatadoras-y-conserveras-del-pais-respaldaran-plan-pescado-200\/#primaryimage\"},\"image\":{\"@id\":\"https:\/\/www.mpppst.gob.ve\/mpppstweb\/index.php\/2021\/01\/15\/enlatadoras-y-conserveras-del-pais-respaldaran-plan-pescado-200\/#primaryimage\"},\"thumbnailUrl\":\"https:\/\/www.mpppst.gob.ve\/mpppstweb\/wp-content\/uploads\/2021\/01\/sardinas.jpg\",\"datePublished\":\"2021-01-15T13:14:15+00:00\",\"dateModified\":\"2021-01-15T13:14:15+00:00\",\"breadcrumb\":{\"@id\":\"https:\/\/www.mpppst.gob.ve\/mpppstweb\/index.php\/2021\/01\/15\/enlatadoras-y-conserveras-del-pais-respaldaran-plan-pescado-200\/#breadcrumb\"},\"inLanguage\":\"es\",\"potentialAction\":[{\"@type\":\"ReadAction\",\"target\":[\"https:\/\/www.mpppst.gob.ve\/mpppstweb\/index.php\/2021\/01\/15\/enlatadoras-y-conserveras-del-pais-respaldaran-plan-pescado-200\/\"]}]},{\"@type\":\"ImageObject\",\"inLanguage\":\"es\",\"@id\":\"https:\/\/www.mpppst.gob.ve\/mpppstweb\/index.php\/2021\/01\/15\/enlatadoras-y-conserveras-del-pais-respaldaran-plan-pescado-200\/#primaryimage\",\"url\":\"https:\/\/www.mpppst.gob.ve\/mpppstweb\/wp-content\/uploads\/2021\/01\/sardinas.jpg\",\"contentUrl\":\"https:\/\/www.mpppst.gob.ve\/mpppstweb\/wp-content\/uploads\/2021\/01\/sardinas.jpg\",\"width\":800,\"height\":445},{\"@type\":\"BreadcrumbList\",\"@id\":\"https:\/\/www.mpppst.gob.ve\/mpppstweb\/index.php\/2021\/01\/15\/enlatadoras-y-conserveras-del-pais-respaldaran-plan-pescado-200\/#breadcrumb\",\"itemListElement\":[{\"@type\":\"ListItem\",\"position\":1,\"name\":\"Home\",\"item\":\"https:\/\/www.mpppst.gob.ve\/mpppstweb\/\"},{\"@type\":\"ListItem\",\"position\":2,\"name\":\"Enlatadoras y conserveras del pa\u00eds respaldar\u00e1n Plan Pescado 200\"}]},{\"@type\":\"WebSite\",\"@id\":\"https:\/\/www.mpppst.gob.ve\/mpppstweb\/#website\",\"url\":\"https:\/\/www.mpppst.gob.ve\/mpppstweb\/\",\"name\":\"MPPPST\",\"description\":\"Ministerio del Poder Popular para el Proceso Social de Trabajo\",\"publisher\":{\"@id\":\"https:\/\/www.mpppst.gob.ve\/mpppstweb\/#organization\"},\"potentialAction\":[{\"@type\":\"SearchAction\",\"target\":{\"@type\":\"EntryPoint\",\"urlTemplate\":\"https:\/\/www.mpppst.gob.ve\/mpppstweb\/?s={search_term_string}\"},\"query-input\":\"required name=search_term_string\"}],\"inLanguage\":\"es\"},{\"@type\":\"Organization\",\"@id\":\"https:\/\/www.mpppst.gob.ve\/mpppstweb\/#organization\",\"name\":\"mpppst\",\"url\":\"https:\/\/www.mpppst.gob.ve\/mpppstweb\/\",\"logo\":{\"@type\":\"ImageObject\",\"inLanguage\":\"es\",\"@id\":\"https:\/\/www.mpppst.gob.ve\/mpppstweb\/#\/schema\/logo\/image\/\",\"url\":\"https:\/\/www.mpppst.gob.ve\/mpppstweb\/wp-content\/uploads\/2025\/07\/cropped-cropped-g910.png\",\"contentUrl\":\"https:\/\/www.mpppst.gob.ve\/mpppstweb\/wp-content\/uploads\/2025\/07\/cropped-cropped-g910.png\",\"width\":1080,\"height\":241,\"caption\":\"mpppst\"},\"image\":{\"@id\":\"https:\/\/www.mpppst.gob.ve\/mpppstweb\/#\/schema\/logo\/image\/\"}},{\"@type\":\"Person\",\"@id\":\"https:\/\/www.mpppst.gob.ve\/mpppstweb\/#\/schema\/person\/fc187ee8ead412bd4c9304b62f900ea4\",\"name\":\"MPPPST Prensa\",\"url\":\"https:\/\/www.mpppst.gob.ve\/mpppstweb\/index.php\/author\/prensa-mpppst\/\"}]}<\/script>\n<!-- \/ Yoast SEO plugin. -->","yoast_head_json":{"title":"Enlatadoras y conserveras del pa\u00eds respaldar\u00e1n Plan Pescado 200 - MPPPST","robots":{"index":"index","follow":"follow","max-snippet":"max-snippet:-1","max-image-preview":"max-image-preview:large","max-video-preview":"max-video-preview:-1"},"canonical":"https:\/\/www.mpppst.gob.ve\/mpppstweb\/index.php\/2021\/01\/15\/enlatadoras-y-conserveras-del-pais-respaldaran-plan-pescado-200\/","og_locale":"es_ES","og_type":"article","og_title":"Enlatadoras y conserveras del pa\u00eds respaldar\u00e1n Plan Pescado 200 - MPPPST","og_description":"Como parte de la conmemoraci\u00f3n del Bicentenario de la Batalla de Carabobo, el Ministerio del Poder &hellip; Enlatadoras y conserveras del pa\u00eds respaldar\u00e1n Plan Pescado 200Read more","og_url":"https:\/\/www.mpppst.gob.ve\/mpppstweb\/index.php\/2021\/01\/15\/enlatadoras-y-conserveras-del-pais-respaldaran-plan-pescado-200\/","og_site_name":"MPPPST","article_published_time":"2021-01-15T13:14:15+00:00","og_image":[{"width":800,"height":445,"url":"https:\/\/www.mpppst.gob.ve\/mpppstweb\/wp-content\/uploads\/2021\/01\/sardinas.jpg","type":"image\/jpeg"}],"author":"MPPPST Prensa","twitter_card":"summary_large_image","twitter_misc":{"Escrito por":"MPPPST Prensa","Tiempo de lectura":"2 minutos"},"schema":{"@context":"https:\/\/schema.org","@graph":[{"@type":"Article","@id":"https:\/\/www.mpppst.gob.ve\/mpppstweb\/index.php\/2021\/01\/15\/enlatadoras-y-conserveras-del-pais-respaldaran-plan-pescado-200\/#article","isPartOf":{"@id":"https:\/\/www.mpppst.gob.ve\/mpppstweb\/index.php\/2021\/01\/15\/enlatadoras-y-conserveras-del-pais-respaldaran-plan-pescado-200\/"},"author":{"name":"MPPPST Prensa","@id":"https:\/\/www.mpppst.gob.ve\/mpppstweb\/#\/schema\/person\/fc187ee8ead412bd4c9304b62f900ea4"},"headline":"Enlatadoras y conserveras del pa\u00eds respaldar\u00e1n Plan Pescado 200","datePublished":"2021-01-15T13:14:15+00:00","dateModified":"2021-01-15T13:14:15+00:00","mainEntityOfPage":{"@id":"https:\/\/www.mpppst.gob.ve\/mpppstweb\/index.php\/2021\/01\/15\/enlatadoras-y-conserveras-del-pais-respaldaran-plan-pescado-200\/"},"wordCount":433,"publisher":{"@id":"https:\/\/www.mpppst.gob.ve\/mpppstweb\/#organization"},"image":{"@id":"https:\/\/www.mpppst.gob.ve\/mpppstweb\/index.php\/2021\/01\/15\/enlatadoras-y-conserveras-del-pais-respaldaran-plan-pescado-200\/#primaryimage"},"thumbnailUrl":"https:\/\/www.mpppst.gob.ve\/mpppstweb\/wp-content\/uploads\/2021\/01\/sardinas.jpg","articleSection":["Gobierno Nacional","Noticias"],"inLanguage":"es"},{"@type":"WebPage","@id":"https:\/\/www.mpppst.gob.ve\/mpppstweb\/index.php\/2021\/01\/15\/enlatadoras-y-conserveras-del-pais-respaldaran-plan-pescado-200\/","url":"https:\/\/www.mpppst.gob.ve\/mpppstweb\/index.php\/2021\/01\/15\/enlatadoras-y-conserveras-del-pais-respaldaran-plan-pescado-200\/","name":"Enlatadoras y conserveras del pa\u00eds respaldar\u00e1n Plan Pescado 200 - MPPPST","isPartOf":{"@id":"https:\/\/www.mpppst.gob.ve\/mpppstweb\/#website"},"primaryImageOfPage":{"@id":"https:\/\/www.mpppst.gob.ve\/mpppstweb\/index.php\/2021\/01\/15\/enlatadoras-y-conserveras-del-pais-respaldaran-plan-pescado-200\/#primaryimage"},"image":{"@id":"https:\/\/www.mpppst.gob.ve\/mpppstweb\/index.php\/2021\/01\/15\/enlatadoras-y-conserveras-del-pais-respaldaran-plan-pescado-200\/#primaryimage"},"thumbnailUrl":"https:\/\/www.mpppst.gob.ve\/mpppstweb\/wp-content\/uploads\/2021\/01\/sardinas.jpg","datePublished":"2021-01-15T13:14:15+00:00","dateModified":"2021-01-15T13:14:15+00:00","breadcrumb":{"@id":"https:\/\/www.mpppst.gob.ve\/mpppstweb\/index.php\/2021\/01\/15\/enlatadoras-y-conserveras-del-pais-respaldaran-plan-pescado-200\/#breadcrumb"},"inLanguage":"es","potentialAction":[{"@type":"ReadAction","target":["https:\/\/www.mpppst.gob.ve\/mpppstweb\/index.php\/2021\/01\/15\/enlatadoras-y-conserveras-del-pais-respaldaran-plan-pescado-200\/"]}]},{"@type":"ImageObject","inLanguage":"es","@id":"https:\/\/www.mpppst.gob.ve\/mpppstweb\/index.php\/2021\/01\/15\/enlatadoras-y-conserveras-del-pais-respaldaran-plan-pescado-200\/#primaryimage","url":"https:\/\/www.mpppst.gob.ve\/mpppstweb\/wp-content\/uploads\/2021\/01\/sardinas.jpg","contentUrl":"https:\/\/www.mpppst.gob.ve\/mpppstweb\/wp-content\/uploads\/2021\/01\/sardinas.jpg","width":800,"height":445},{"@type":"BreadcrumbList","@id":"https:\/\/www.mpppst.gob.ve\/mpppstweb\/index.php\/2021\/01\/15\/enlatadoras-y-conserveras-del-pais-respaldaran-plan-pescado-200\/#breadcrumb","itemListElement":[{"@type":"ListItem","position":1,"name":"Home","item":"https:\/\/www.mpppst.gob.ve\/mpppstweb\/"},{"@type":"ListItem","position":2,"name":"Enlatadoras y conserveras del pa\u00eds respaldar\u00e1n Plan Pescado 200"}]},{"@type":"WebSite","@id":"https:\/\/www.mpppst.gob.ve\/mpppstweb\/#website","url":"https:\/\/www.mpppst.gob.ve\/mpppstweb\/","name":"MPPPST","description":"Ministerio del Poder Popular para el Proceso Social de Trabajo","publisher":{"@id":"https:\/\/www.mpppst.gob.ve\/mpppstweb\/#organization"},"potentialAction":[{"@type":"SearchAction","target":{"@type":"EntryPoint","urlTemplate":"https:\/\/www.mpppst.gob.ve\/mpppstweb\/?s={search_term_string}"},"query-input":"required name=search_term_string"}],"inLanguage":"es"},{"@type":"Organization","@id":"https:\/\/www.mpppst.gob.ve\/mpppstweb\/#organization","name":"mpppst","url":"https:\/\/www.mpppst.gob.ve\/mpppstweb\/","logo":{"@type":"ImageObject","inLanguage":"es","@id":"https:\/\/www.mpppst.gob.ve\/mpppstweb\/#\/schema\/logo\/image\/","url":"https:\/\/www.mpppst.gob.ve\/mpppstweb\/wp-content\/uploads\/2025\/07\/cropped-cropped-g910.png","contentUrl":"https:\/\/www.mpppst.gob.ve\/mpppstweb\/wp-content\/uploads\/2025\/07\/cropped-cropped-g910.png","width":1080,"height":241,"caption":"mpppst"},"image":{"@id":"https:\/\/www.mpppst.gob.ve\/mpppstweb\/#\/schema\/logo\/image\/"}},{"@type":"Person","@id":"https:\/\/www.mpppst.gob.ve\/mpppstweb\/#\/schema\/person\/fc187ee8ead412bd4c9304b62f900ea4","name":"MPPPST Prensa","url":"https:\/\/www.mpppst.gob.ve\/mpppstweb\/index.php\/author\/prensa-mpppst\/"}]}},"_links":{"self":[{"href":"https:\/\/www.mpppst.gob.ve\/mpppstweb\/index.php\/wp-json\/wp\/v2\/posts\/21221"}],"collection":[{"href":"https:\/\/www.mpppst.gob.ve\/mpppstweb\/index.php\/wp-json\/wp\/v2\/posts"}],"about":[{"href":"https:\/\/www.mpppst.gob.ve\/mpppstweb\/index.php\/wp-json\/wp\/v2\/types\/post"}],"author":[{"embeddable":true,"href":"https:\/\/www.mpppst.gob.ve\/mpppstweb\/index.php\/wp-json\/wp\/v2\/users\/25"}],"replies":[{"embeddable":true,"href":"https:\/\/www.mpppst.gob.ve\/mpppstweb\/index.php\/wp-json\/wp\/v2\/comments?post=21221"}],"version-history":[{"count":1,"href":"https:\/\/www.mpppst.gob.ve\/mpppstweb\/index.php\/wp-json\/wp\/v2\/posts\/21221\/revisions"}],"predecessor-version":[{"id":21223,"href":"https:\/\/www.mpppst.gob.ve\/mpppstweb\/index.php\/wp-json\/wp\/v2\/posts\/21221\/revisions\/21223"}],"wp:featuredmedia":[{"embeddable":true,"href":"https:\/\/www.mpppst.gob.ve\/mpppstweb\/index.php\/wp-json\/wp\/v2\/media\/21222"}],"wp:attachment":[{"href":"https:\/\/www.mpppst.gob.ve\/mpppstweb\/index.php\/wp-json\/wp\/v2\/media?parent=21221"}],"wp:term":[{"taxonomy":"category","embeddable":true,"href":"https:\/\/www.mpppst.gob.ve\/mpppstweb\/index.php\/wp-json\/wp\/v2\/categories?post=21221"},{"taxonomy":"post_tag","embeddable":true,"href":"https:\/\/www.mpppst.gob.ve\/mpppstweb\/index.php\/wp-json\/wp\/v2\/tags?post=21221"}],"curies":[{"name":"wp","href":"https:\/\/api.w.org\/{rel}","templated":true}]}}