{"id":21224,"date":"2021-01-15T09:26:11","date_gmt":"2021-01-15T13:26:11","guid":{"rendered":"http:\/\/www.mpppst.gob.ve\/mpppstweb\/?p=21224"},"modified":"2021-01-15T09:26:11","modified_gmt":"2021-01-15T13:26:11","slug":"instalada-la-comision-para-el-dialogo-la-paz-y-la-reconciliacion-de-venezuela","status":"publish","type":"post","link":"https:\/\/www.mpppst.gob.ve\/mpppstweb\/index.php\/2021\/01\/15\/instalada-la-comision-para-el-dialogo-la-paz-y-la-reconciliacion-de-venezuela\/","title":{"rendered":"Instalada la Comisi\u00f3n para el Di\u00e1logo, la Paz y la Reconciliaci\u00f3n de Venezuela"},"content":{"rendered":"\n<p>La Comisi\u00f3n para el Di\u00e1logo, la Paz y la Reconciliaci\u00f3n fue juramentada e instalada este jueves por la nueva Asamblea Nacional para desplegarse por los 23 estados del pa\u00eds y recoger las propuestas de todos los sectores.&nbsp;<\/p>\n\n\n\n<p>La misma est\u00e1 encabezada por el presidente del Parlamento,&nbsp;<strong>Jorge Rodr\u00edguez,<\/strong>&nbsp;e integrada por el diputado opositor,<strong>&nbsp;Luis Eduardo Mart\u00ednez<\/strong>&nbsp;como primer vicepresidente y el legislador del&nbsp;Bloque de la Patria&nbsp;<strong>Francisco Torrealba<\/strong>&nbsp;como segundo vicepresidente.<\/p>\n\n\n\n<p>Para ello tambi\u00e9n se dispusieron 14 diputados para participar en esta Comisi\u00f3n especial para el di\u00e1logo constructivo y la reconciliaci\u00f3n nacional, para recoger las propuestas de los sectores del pa\u00eds, campesinos, pescadores, empresarios, trabajadores, ind\u00edgenas entre otros.<\/p>\n\n\n\n<p>\u201cEs una comisi\u00f3n para escuchar a todos, en todos los \u00e1mbitos: sociales, pol\u00edticos, culturales, econ\u00f3micos, religiosos, \u00e9tnicos, que no quede ninguno por fuera. Actuaremos con celeridad para tratar de que ambos eventos confluyan para sentarnos a acordar con la profundidad expl\u00edcita en que nadie se quede excluido de este proceso\u201d, expres\u00f3.&nbsp;&nbsp;<\/p>\n\n\n\n<p>Adem\u00e1s, indic\u00f3 que se establecer\u00e1n mecanismos tecnol\u00f3gicos de consulta de la Comisi\u00f3n para que, cualquier ciudadano que tenga intenci\u00f3n de hacer una propuesta de trabajo relacionado con el di\u00e1logo, lo haga v\u00eda web.&nbsp;<\/p>\n\n\n\n<p>Por otra parte, Rodr\u00edguez inform\u00f3 que se comunicar\u00e1 a los parlamentarios del mundo sobre esta Comisi\u00f3n especial, y sobre los temas de las medidas unilaterales e ilegales, ayuda humanitaria, y bloqueo al que ha sido sometido Venezuela, con el objetivo de detenerlas.&nbsp;<\/p>\n\n\n\n<h5 class=\"wp-block-heading\"><strong>Concentrados en convertir la AN en plataforma para el reencuentro&nbsp;<\/strong><\/h5>\n\n\n\n<p>El diputado opositor<strong>&nbsp;Luis Eduardo Mart\u00ednez<\/strong>, miembro de esta comisi\u00f3n para el di\u00e1logo, manifest\u00f3 estar convencido de convertir la AN en una plataforma para el reencuentro de todos los venezolanos que demandan una pronta soluci\u00f3n a los problemas causados por las medidas coercitivas e ilegales, para el rescate de los activos de la Rep\u00fablica, garant\u00edas econ\u00f3micas e inclusi\u00f3n social.<\/p>\n\n\n\n<p>Asegur\u00f3 que en las pr\u00f3ximas horas har\u00e1n los llamados respectivos al pueblo para que se incorporen al di\u00e1logo constructivo por una mejor Venezuela.<\/p>\n\n\n\n<p>Prensa Web VTV<\/p>\n","protected":false},"excerpt":{"rendered":"<p>La Comisi\u00f3n para el Di\u00e1logo, la Paz y la Reconciliaci\u00f3n fue juramentada e instalada este jueves &hellip; <a title=\"Instalada la Comisi\u00f3n para el Di\u00e1logo, la Paz y la Reconciliaci\u00f3n de Venezuela\" class=\"hm-read-more\" href=\"https:\/\/www.mpppst.gob.ve\/mpppstweb\/index.php\/2021\/01\/15\/instalada-la-comision-para-el-dialogo-la-paz-y-la-reconciliacion-de-venezuela\/\"><span class=\"screen-reader-text\">Instalada la Comisi\u00f3n para el Di\u00e1logo, la Paz y la Reconciliaci\u00f3n de Venezuela<\/span>Read more<\/a><\/p>\n","protected":false},"author":25,"featured_media":21225,"comment_status":"closed","ping_status":"closed","sticky":false,"template":"","format":"standard","meta":{"footnotes":""},"categories":[82,163],"tags":[],"yoast_head":"<!-- This site is optimized with the Yoast SEO plugin v22.5 - https:\/\/yoast.com\/wordpress\/plugins\/seo\/ -->\n<title>Instalada la Comisi\u00f3n para el Di\u00e1logo, la Paz y la Reconciliaci\u00f3n de Venezuela - MPPPST<\/title>\n<meta name=\"robots\" content=\"index, follow, max-snippet:-1, max-image-preview:large, max-video-preview:-1\" \/>\n<link rel=\"canonical\" href=\"https:\/\/www.mpppst.gob.ve\/mpppstweb\/index.php\/2021\/01\/15\/instalada-la-comision-para-el-dialogo-la-paz-y-la-reconciliacion-de-venezuela\/\" \/>\n<meta property=\"og:locale\" content=\"es_ES\" \/>\n<meta property=\"og:type\" content=\"article\" \/>\n<meta property=\"og:title\" content=\"Instalada la Comisi\u00f3n para el Di\u00e1logo, la Paz y la Reconciliaci\u00f3n de Venezuela - MPPPST\" \/>\n<meta property=\"og:description\" content=\"La Comisi\u00f3n para el Di\u00e1logo, la Paz y la Reconciliaci\u00f3n fue juramentada e instalada este jueves &hellip; Instalada la Comisi\u00f3n para el Di\u00e1logo, la Paz y la Reconciliaci\u00f3n de VenezuelaRead more\" \/>\n<meta property=\"og:url\" content=\"https:\/\/www.mpppst.gob.ve\/mpppstweb\/index.php\/2021\/01\/15\/instalada-la-comision-para-el-dialogo-la-paz-y-la-reconciliacion-de-venezuela\/\" \/>\n<meta property=\"og:site_name\" content=\"MPPPST\" \/>\n<meta property=\"article:published_time\" content=\"2021-01-15T13:26:11+00:00\" \/>\n<meta property=\"og:image\" content=\"https:\/\/www.mpppst.gob.ve\/mpppstweb\/wp-content\/uploads\/2021\/01\/jorge-comsion-an.jpg\" \/>\n\t<meta property=\"og:image:width\" content=\"800\" \/>\n\t<meta property=\"og:image:height\" content=\"445\" \/>\n\t<meta property=\"og:image:type\" content=\"image\/jpeg\" \/>\n<meta name=\"author\" content=\"MPPPST Prensa\" \/>\n<meta name=\"twitter:card\" content=\"summary_large_image\" \/>\n<meta name=\"twitter:label1\" content=\"Escrito por\" \/>\n\t<meta name=\"twitter:data1\" content=\"MPPPST Prensa\" \/>\n\t<meta name=\"twitter:label2\" content=\"Tiempo de lectura\" \/>\n\t<meta name=\"twitter:data2\" content=\"2 minutos\" \/>\n<script type=\"application\/ld+json\" class=\"yoast-schema-graph\">{\"@context\":\"https:\/\/schema.org\",\"@graph\":[{\"@type\":\"Article\",\"@id\":\"https:\/\/www.mpppst.gob.ve\/mpppstweb\/index.php\/2021\/01\/15\/instalada-la-comision-para-el-dialogo-la-paz-y-la-reconciliacion-de-venezuela\/#article\",\"isPartOf\":{\"@id\":\"https:\/\/www.mpppst.gob.ve\/mpppstweb\/index.php\/2021\/01\/15\/instalada-la-comision-para-el-dialogo-la-paz-y-la-reconciliacion-de-venezuela\/\"},\"author\":{\"name\":\"MPPPST Prensa\",\"@id\":\"https:\/\/www.mpppst.gob.ve\/mpppstweb\/#\/schema\/person\/fc187ee8ead412bd4c9304b62f900ea4\"},\"headline\":\"Instalada la Comisi\u00f3n para el Di\u00e1logo, la Paz y la Reconciliaci\u00f3n de Venezuela\",\"datePublished\":\"2021-01-15T13:26:11+00:00\",\"dateModified\":\"2021-01-15T13:26:11+00:00\",\"mainEntityOfPage\":{\"@id\":\"https:\/\/www.mpppst.gob.ve\/mpppstweb\/index.php\/2021\/01\/15\/instalada-la-comision-para-el-dialogo-la-paz-y-la-reconciliacion-de-venezuela\/\"},\"wordCount\":395,\"publisher\":{\"@id\":\"https:\/\/www.mpppst.gob.ve\/mpppstweb\/#organization\"},\"image\":{\"@id\":\"https:\/\/www.mpppst.gob.ve\/mpppstweb\/index.php\/2021\/01\/15\/instalada-la-comision-para-el-dialogo-la-paz-y-la-reconciliacion-de-venezuela\/#primaryimage\"},\"thumbnailUrl\":\"https:\/\/www.mpppst.gob.ve\/mpppstweb\/wp-content\/uploads\/2021\/01\/jorge-comsion-an.jpg\",\"articleSection\":[\"Gobierno Nacional\",\"Noticias\"],\"inLanguage\":\"es\"},{\"@type\":\"WebPage\",\"@id\":\"https:\/\/www.mpppst.gob.ve\/mpppstweb\/index.php\/2021\/01\/15\/instalada-la-comision-para-el-dialogo-la-paz-y-la-reconciliacion-de-venezuela\/\",\"url\":\"https:\/\/www.mpppst.gob.ve\/mpppstweb\/index.php\/2021\/01\/15\/instalada-la-comision-para-el-dialogo-la-paz-y-la-reconciliacion-de-venezuela\/\",\"name\":\"Instalada la Comisi\u00f3n para el Di\u00e1logo, la Paz y la Reconciliaci\u00f3n de Venezuela - MPPPST\",\"isPartOf\":{\"@id\":\"https:\/\/www.mpppst.gob.ve\/mpppstweb\/#website\"},\"primaryImageOfPage\":{\"@id\":\"https:\/\/www.mpppst.gob.ve\/mpppstweb\/index.php\/2021\/01\/15\/instalada-la-comision-para-el-dialogo-la-paz-y-la-reconciliacion-de-venezuela\/#primaryimage\"},\"image\":{\"@id\":\"https:\/\/www.mpppst.gob.ve\/mpppstweb\/index.php\/2021\/01\/15\/instalada-la-comision-para-el-dialogo-la-paz-y-la-reconciliacion-de-venezuela\/#primaryimage\"},\"thumbnailUrl\":\"https:\/\/www.mpppst.gob.ve\/mpppstweb\/wp-content\/uploads\/2021\/01\/jorge-comsion-an.jpg\",\"datePublished\":\"2021-01-15T13:26:11+00:00\",\"dateModified\":\"2021-01-15T13:26:11+00:00\",\"breadcrumb\":{\"@id\":\"https:\/\/www.mpppst.gob.ve\/mpppstweb\/index.php\/2021\/01\/15\/instalada-la-comision-para-el-dialogo-la-paz-y-la-reconciliacion-de-venezuela\/#breadcrumb\"},\"inLanguage\":\"es\",\"potentialAction\":[{\"@type\":\"ReadAction\",\"target\":[\"https:\/\/www.mpppst.gob.ve\/mpppstweb\/index.php\/2021\/01\/15\/instalada-la-comision-para-el-dialogo-la-paz-y-la-reconciliacion-de-venezuela\/\"]}]},{\"@type\":\"ImageObject\",\"inLanguage\":\"es\",\"@id\":\"https:\/\/www.mpppst.gob.ve\/mpppstweb\/index.php\/2021\/01\/15\/instalada-la-comision-para-el-dialogo-la-paz-y-la-reconciliacion-de-venezuela\/#primaryimage\",\"url\":\"https:\/\/www.mpppst.gob.ve\/mpppstweb\/wp-content\/uploads\/2021\/01\/jorge-comsion-an.jpg\",\"contentUrl\":\"https:\/\/www.mpppst.gob.ve\/mpppstweb\/wp-content\/uploads\/2021\/01\/jorge-comsion-an.jpg\",\"width\":800,\"height\":445},{\"@type\":\"BreadcrumbList\",\"@id\":\"https:\/\/www.mpppst.gob.ve\/mpppstweb\/index.php\/2021\/01\/15\/instalada-la-comision-para-el-dialogo-la-paz-y-la-reconciliacion-de-venezuela\/#breadcrumb\",\"itemListElement\":[{\"@type\":\"ListItem\",\"position\":1,\"name\":\"Home\",\"item\":\"https:\/\/www.mpppst.gob.ve\/mpppstweb\/\"},{\"@type\":\"ListItem\",\"position\":2,\"name\":\"Instalada la Comisi\u00f3n para el Di\u00e1logo, la Paz y la Reconciliaci\u00f3n de Venezuela\"}]},{\"@type\":\"WebSite\",\"@id\":\"https:\/\/www.mpppst.gob.ve\/mpppstweb\/#website\",\"url\":\"https:\/\/www.mpppst.gob.ve\/mpppstweb\/\",\"name\":\"MPPPST\",\"description\":\"Ministerio del Poder Popular para el Proceso Social de Trabajo\",\"publisher\":{\"@id\":\"https:\/\/www.mpppst.gob.ve\/mpppstweb\/#organization\"},\"potentialAction\":[{\"@type\":\"SearchAction\",\"target\":{\"@type\":\"EntryPoint\",\"urlTemplate\":\"https:\/\/www.mpppst.gob.ve\/mpppstweb\/?s={search_term_string}\"},\"query-input\":\"required name=search_term_string\"}],\"inLanguage\":\"es\"},{\"@type\":\"Organization\",\"@id\":\"https:\/\/www.mpppst.gob.ve\/mpppstweb\/#organization\",\"name\":\"mpppst\",\"url\":\"https:\/\/www.mpppst.gob.ve\/mpppstweb\/\",\"logo\":{\"@type\":\"ImageObject\",\"inLanguage\":\"es\",\"@id\":\"https:\/\/www.mpppst.gob.ve\/mpppstweb\/#\/schema\/logo\/image\/\",\"url\":\"https:\/\/www.mpppst.gob.ve\/mpppstweb\/wp-content\/uploads\/2025\/07\/cropped-cropped-g910.png\",\"contentUrl\":\"https:\/\/www.mpppst.gob.ve\/mpppstweb\/wp-content\/uploads\/2025\/07\/cropped-cropped-g910.png\",\"width\":1080,\"height\":241,\"caption\":\"mpppst\"},\"image\":{\"@id\":\"https:\/\/www.mpppst.gob.ve\/mpppstweb\/#\/schema\/logo\/image\/\"}},{\"@type\":\"Person\",\"@id\":\"https:\/\/www.mpppst.gob.ve\/mpppstweb\/#\/schema\/person\/fc187ee8ead412bd4c9304b62f900ea4\",\"name\":\"MPPPST Prensa\",\"url\":\"https:\/\/www.mpppst.gob.ve\/mpppstweb\/index.php\/author\/prensa-mpppst\/\"}]}<\/script>\n<!-- \/ Yoast SEO plugin. -->","yoast_head_json":{"title":"Instalada la Comisi\u00f3n para el Di\u00e1logo, la Paz y la Reconciliaci\u00f3n de Venezuela - MPPPST","robots":{"index":"index","follow":"follow","max-snippet":"max-snippet:-1","max-image-preview":"max-image-preview:large","max-video-preview":"max-video-preview:-1"},"canonical":"https:\/\/www.mpppst.gob.ve\/mpppstweb\/index.php\/2021\/01\/15\/instalada-la-comision-para-el-dialogo-la-paz-y-la-reconciliacion-de-venezuela\/","og_locale":"es_ES","og_type":"article","og_title":"Instalada la Comisi\u00f3n para el Di\u00e1logo, la Paz y la Reconciliaci\u00f3n de Venezuela - MPPPST","og_description":"La Comisi\u00f3n para el Di\u00e1logo, la Paz y la Reconciliaci\u00f3n fue juramentada e instalada este jueves &hellip; Instalada la Comisi\u00f3n para el Di\u00e1logo, la Paz y la Reconciliaci\u00f3n de VenezuelaRead more","og_url":"https:\/\/www.mpppst.gob.ve\/mpppstweb\/index.php\/2021\/01\/15\/instalada-la-comision-para-el-dialogo-la-paz-y-la-reconciliacion-de-venezuela\/","og_site_name":"MPPPST","article_published_time":"2021-01-15T13:26:11+00:00","og_image":[{"width":800,"height":445,"url":"https:\/\/www.mpppst.gob.ve\/mpppstweb\/wp-content\/uploads\/2021\/01\/jorge-comsion-an.jpg","type":"image\/jpeg"}],"author":"MPPPST Prensa","twitter_card":"summary_large_image","twitter_misc":{"Escrito por":"MPPPST Prensa","Tiempo de lectura":"2 minutos"},"schema":{"@context":"https:\/\/schema.org","@graph":[{"@type":"Article","@id":"https:\/\/www.mpppst.gob.ve\/mpppstweb\/index.php\/2021\/01\/15\/instalada-la-comision-para-el-dialogo-la-paz-y-la-reconciliacion-de-venezuela\/#article","isPartOf":{"@id":"https:\/\/www.mpppst.gob.ve\/mpppstweb\/index.php\/2021\/01\/15\/instalada-la-comision-para-el-dialogo-la-paz-y-la-reconciliacion-de-venezuela\/"},"author":{"name":"MPPPST Prensa","@id":"https:\/\/www.mpppst.gob.ve\/mpppstweb\/#\/schema\/person\/fc187ee8ead412bd4c9304b62f900ea4"},"headline":"Instalada la Comisi\u00f3n para el Di\u00e1logo, la Paz y la Reconciliaci\u00f3n de Venezuela","datePublished":"2021-01-15T13:26:11+00:00","dateModified":"2021-01-15T13:26:11+00:00","mainEntityOfPage":{"@id":"https:\/\/www.mpppst.gob.ve\/mpppstweb\/index.php\/2021\/01\/15\/instalada-la-comision-para-el-dialogo-la-paz-y-la-reconciliacion-de-venezuela\/"},"wordCount":395,"publisher":{"@id":"https:\/\/www.mpppst.gob.ve\/mpppstweb\/#organization"},"image":{"@id":"https:\/\/www.mpppst.gob.ve\/mpppstweb\/index.php\/2021\/01\/15\/instalada-la-comision-para-el-dialogo-la-paz-y-la-reconciliacion-de-venezuela\/#primaryimage"},"thumbnailUrl":"https:\/\/www.mpppst.gob.ve\/mpppstweb\/wp-content\/uploads\/2021\/01\/jorge-comsion-an.jpg","articleSection":["Gobierno Nacional","Noticias"],"inLanguage":"es"},{"@type":"WebPage","@id":"https:\/\/www.mpppst.gob.ve\/mpppstweb\/index.php\/2021\/01\/15\/instalada-la-comision-para-el-dialogo-la-paz-y-la-reconciliacion-de-venezuela\/","url":"https:\/\/www.mpppst.gob.ve\/mpppstweb\/index.php\/2021\/01\/15\/instalada-la-comision-para-el-dialogo-la-paz-y-la-reconciliacion-de-venezuela\/","name":"Instalada la Comisi\u00f3n para el Di\u00e1logo, la Paz y la Reconciliaci\u00f3n de Venezuela - MPPPST","isPartOf":{"@id":"https:\/\/www.mpppst.gob.ve\/mpppstweb\/#website"},"primaryImageOfPage":{"@id":"https:\/\/www.mpppst.gob.ve\/mpppstweb\/index.php\/2021\/01\/15\/instalada-la-comision-para-el-dialogo-la-paz-y-la-reconciliacion-de-venezuela\/#primaryimage"},"image":{"@id":"https:\/\/www.mpppst.gob.ve\/mpppstweb\/index.php\/2021\/01\/15\/instalada-la-comision-para-el-dialogo-la-paz-y-la-reconciliacion-de-venezuela\/#primaryimage"},"thumbnailUrl":"https:\/\/www.mpppst.gob.ve\/mpppstweb\/wp-content\/uploads\/2021\/01\/jorge-comsion-an.jpg","datePublished":"2021-01-15T13:26:11+00:00","dateModified":"2021-01-15T13:26:11+00:00","breadcrumb":{"@id":"https:\/\/www.mpppst.gob.ve\/mpppstweb\/index.php\/2021\/01\/15\/instalada-la-comision-para-el-dialogo-la-paz-y-la-reconciliacion-de-venezuela\/#breadcrumb"},"inLanguage":"es","potentialAction":[{"@type":"ReadAction","target":["https:\/\/www.mpppst.gob.ve\/mpppstweb\/index.php\/2021\/01\/15\/instalada-la-comision-para-el-dialogo-la-paz-y-la-reconciliacion-de-venezuela\/"]}]},{"@type":"ImageObject","inLanguage":"es","@id":"https:\/\/www.mpppst.gob.ve\/mpppstweb\/index.php\/2021\/01\/15\/instalada-la-comision-para-el-dialogo-la-paz-y-la-reconciliacion-de-venezuela\/#primaryimage","url":"https:\/\/www.mpppst.gob.ve\/mpppstweb\/wp-content\/uploads\/2021\/01\/jorge-comsion-an.jpg","contentUrl":"https:\/\/www.mpppst.gob.ve\/mpppstweb\/wp-content\/uploads\/2021\/01\/jorge-comsion-an.jpg","width":800,"height":445},{"@type":"BreadcrumbList","@id":"https:\/\/www.mpppst.gob.ve\/mpppstweb\/index.php\/2021\/01\/15\/instalada-la-comision-para-el-dialogo-la-paz-y-la-reconciliacion-de-venezuela\/#breadcrumb","itemListElement":[{"@type":"ListItem","position":1,"name":"Home","item":"https:\/\/www.mpppst.gob.ve\/mpppstweb\/"},{"@type":"ListItem","position":2,"name":"Instalada la Comisi\u00f3n para el Di\u00e1logo, la Paz y la Reconciliaci\u00f3n de Venezuela"}]},{"@type":"WebSite","@id":"https:\/\/www.mpppst.gob.ve\/mpppstweb\/#website","url":"https:\/\/www.mpppst.gob.ve\/mpppstweb\/","name":"MPPPST","description":"Ministerio del Poder Popular para el Proceso Social de Trabajo","publisher":{"@id":"https:\/\/www.mpppst.gob.ve\/mpppstweb\/#organization"},"potentialAction":[{"@type":"SearchAction","target":{"@type":"EntryPoint","urlTemplate":"https:\/\/www.mpppst.gob.ve\/mpppstweb\/?s={search_term_string}"},"query-input":"required name=search_term_string"}],"inLanguage":"es"},{"@type":"Organization","@id":"https:\/\/www.mpppst.gob.ve\/mpppstweb\/#organization","name":"mpppst","url":"https:\/\/www.mpppst.gob.ve\/mpppstweb\/","logo":{"@type":"ImageObject","inLanguage":"es","@id":"https:\/\/www.mpppst.gob.ve\/mpppstweb\/#\/schema\/logo\/image\/","url":"https:\/\/www.mpppst.gob.ve\/mpppstweb\/wp-content\/uploads\/2025\/07\/cropped-cropped-g910.png","contentUrl":"https:\/\/www.mpppst.gob.ve\/mpppstweb\/wp-content\/uploads\/2025\/07\/cropped-cropped-g910.png","width":1080,"height":241,"caption":"mpppst"},"image":{"@id":"https:\/\/www.mpppst.gob.ve\/mpppstweb\/#\/schema\/logo\/image\/"}},{"@type":"Person","@id":"https:\/\/www.mpppst.gob.ve\/mpppstweb\/#\/schema\/person\/fc187ee8ead412bd4c9304b62f900ea4","name":"MPPPST Prensa","url":"https:\/\/www.mpppst.gob.ve\/mpppstweb\/index.php\/author\/prensa-mpppst\/"}]}},"_links":{"self":[{"href":"https:\/\/www.mpppst.gob.ve\/mpppstweb\/index.php\/wp-json\/wp\/v2\/posts\/21224"}],"collection":[{"href":"https:\/\/www.mpppst.gob.ve\/mpppstweb\/index.php\/wp-json\/wp\/v2\/posts"}],"about":[{"href":"https:\/\/www.mpppst.gob.ve\/mpppstweb\/index.php\/wp-json\/wp\/v2\/types\/post"}],"author":[{"embeddable":true,"href":"https:\/\/www.mpppst.gob.ve\/mpppstweb\/index.php\/wp-json\/wp\/v2\/users\/25"}],"replies":[{"embeddable":true,"href":"https:\/\/www.mpppst.gob.ve\/mpppstweb\/index.php\/wp-json\/wp\/v2\/comments?post=21224"}],"version-history":[{"count":1,"href":"https:\/\/www.mpppst.gob.ve\/mpppstweb\/index.php\/wp-json\/wp\/v2\/posts\/21224\/revisions"}],"predecessor-version":[{"id":21226,"href":"https:\/\/www.mpppst.gob.ve\/mpppstweb\/index.php\/wp-json\/wp\/v2\/posts\/21224\/revisions\/21226"}],"wp:featuredmedia":[{"embeddable":true,"href":"https:\/\/www.mpppst.gob.ve\/mpppstweb\/index.php\/wp-json\/wp\/v2\/media\/21225"}],"wp:attachment":[{"href":"https:\/\/www.mpppst.gob.ve\/mpppstweb\/index.php\/wp-json\/wp\/v2\/media?parent=21224"}],"wp:term":[{"taxonomy":"category","embeddable":true,"href":"https:\/\/www.mpppst.gob.ve\/mpppstweb\/index.php\/wp-json\/wp\/v2\/categories?post=21224"},{"taxonomy":"post_tag","embeddable":true,"href":"https:\/\/www.mpppst.gob.ve\/mpppstweb\/index.php\/wp-json\/wp\/v2\/tags?post=21224"}],"curies":[{"name":"wp","href":"https:\/\/api.w.org\/{rel}","templated":true}]}}