{"id":21232,"date":"2021-01-18T09:13:06","date_gmt":"2021-01-18T13:13:06","guid":{"rendered":"http:\/\/www.mpppst.gob.ve\/mpppstweb\/?p=21232"},"modified":"2021-01-18T09:13:07","modified_gmt":"2021-01-18T13:13:07","slug":"venezuela-y-turquia-fortalecen-cooperacion-energetica","status":"publish","type":"post","link":"https:\/\/www.mpppst.gob.ve\/mpppstweb\/index.php\/2021\/01\/18\/venezuela-y-turquia-fortalecen-cooperacion-energetica\/","title":{"rendered":"Venezuela y Turqu\u00eda fortalecen cooperaci\u00f3n energ\u00e9tica"},"content":{"rendered":"\n<p>El vicepresidente Sectorial de Econom\u00eda y ministro del Poder Popular de Petr\u00f3leo, Tareck El Aissami, sostuvo este domingo un encuentro bilateral con el viceministro de Energ\u00eda y Recursos Naturales de la Rep\u00fablica de Turqu\u00eda, Alparslan Bayraktar, con el fin de fortalecer la cooperaci\u00f3n energ\u00e9tica entre ambas naciones hermanas.<\/p>\n\n\n\n<p>El Aissami expres\u00f3 que \u201cvienen nuevos tiempos y desde Venezuela podemos establecer todo tipo de relaci\u00f3n y cooperaci\u00f3n con Turqu\u00eda para fortalecer y garantizar el desarrollo de ambos pueblos\u201d.<\/p>\n\n\n\n<p>Por su parte, el viceministro Bayraktar, se mostr\u00f3 agradecido por el recibimiento y se\u00f1al\u00f3 que, \u201cesta visita muestra el compromiso de nuestros presidentes y sus deseos de impulsar est\u00e1 cooperaci\u00f3n\u201d.<\/p>\n\n\n\n<p>Luego de la reuni\u00f3n bilateral, ambas autoridades realizaron un recorrido por el Complejo Industrial Petroqu\u00edmico Jos\u00e9 Antonio Anzo\u00e1tegui, ubicada en el municipio Bol\u00edvar, estado Anzo\u00e1tegui, para evaluar y potenciar las operaciones de esta importante industria que tiene como objetivo impulsar el desarrollo de la petroqu\u00edmica en el pa\u00eds, rese\u00f1a nota de prensa de la Vicepresidencia Econ\u00f3mica.<\/p>\n\n\n\n<p>En el encuentro tambi\u00e9n particip\u00f3 el presidente de Petr\u00f3leos de Venezuela Sociedad An\u00f3nima (Pdvsa), Asdrubal Ch\u00e1vez, y los vicepresidentes de Planificaci\u00f3n y Refinaci\u00f3n, H\u00e9ctor Guillermo Felizola y Gabriel Rafael Oliveros, respectivamente.<\/p>\n\n\n\n<p>Por parte de Turqu\u00eda, acompa\u00f1a al Viceministro de Energ\u00eda, el embajador turco en Venezuela, \u015eevki M\u00fctevellio\u011flu.<\/p>\n\n\n\n<p>La Rep\u00fablica Bolivariana de Venezuela y la Rep\u00fablica de Turqu\u00eda celebraron el pasado 29 de diciembre, el 70 aniversario del establecimiento de relaciones diplom\u00e1ticas, que en los \u00faltimos 20 a\u00f1os ha estado marcada por la solidaridad, hermandad y cooperaci\u00f3n.<\/p>\n\n\n\n<p>Los presidentes de ambas naciones, Nicol\u00e1s Maduro y Recep Tayyip Erdogan, han expresado en reiteradas oportunidades que la alianza que mantienen los dos pa\u00edses est\u00e1 sustentada en una visi\u00f3n multic\u00e9ntrica y pluripolar.<\/p>\n\n\n\n<p>&nbsp;Turqu\u00eda y Venezuela mantienen diversos acuerdos en \u00e1mbitos como: econom\u00eda, defensa, salud energ\u00eda, comercio, finanzas, educaci\u00f3n, ciencia, tur\u00edstico y cultura, y promueven el respeto mutuo, la defensa a la soberan\u00eda de los pueblos y la no intervenci\u00f3n extranjera.<\/p>\n","protected":false},"excerpt":{"rendered":"<p>El vicepresidente Sectorial de Econom\u00eda y ministro del Poder Popular de Petr\u00f3leo, Tareck El Aissami, sostuvo &hellip; <a title=\"Venezuela y Turqu\u00eda fortalecen cooperaci\u00f3n energ\u00e9tica\" class=\"hm-read-more\" href=\"https:\/\/www.mpppst.gob.ve\/mpppstweb\/index.php\/2021\/01\/18\/venezuela-y-turquia-fortalecen-cooperacion-energetica\/\"><span class=\"screen-reader-text\">Venezuela y Turqu\u00eda fortalecen cooperaci\u00f3n energ\u00e9tica<\/span>Read more<\/a><\/p>\n","protected":false},"author":25,"featured_media":21233,"comment_status":"closed","ping_status":"closed","sticky":false,"template":"","format":"standard","meta":{"footnotes":""},"categories":[82,163],"tags":[],"yoast_head":"<!-- This site is optimized with the Yoast SEO plugin v22.5 - https:\/\/yoast.com\/wordpress\/plugins\/seo\/ -->\n<title>Venezuela y Turqu\u00eda fortalecen cooperaci\u00f3n energ\u00e9tica - MPPPST<\/title>\n<meta name=\"robots\" content=\"index, follow, max-snippet:-1, max-image-preview:large, max-video-preview:-1\" \/>\n<link rel=\"canonical\" href=\"https:\/\/www.mpppst.gob.ve\/mpppstweb\/index.php\/2021\/01\/18\/venezuela-y-turquia-fortalecen-cooperacion-energetica\/\" \/>\n<meta property=\"og:locale\" content=\"es_ES\" \/>\n<meta property=\"og:type\" content=\"article\" \/>\n<meta property=\"og:title\" content=\"Venezuela y Turqu\u00eda fortalecen cooperaci\u00f3n energ\u00e9tica - MPPPST\" \/>\n<meta property=\"og:description\" content=\"El vicepresidente Sectorial de Econom\u00eda y ministro del Poder Popular de Petr\u00f3leo, Tareck El Aissami, sostuvo &hellip; Venezuela y Turqu\u00eda fortalecen cooperaci\u00f3n energ\u00e9ticaRead more\" \/>\n<meta property=\"og:url\" content=\"https:\/\/www.mpppst.gob.ve\/mpppstweb\/index.php\/2021\/01\/18\/venezuela-y-turquia-fortalecen-cooperacion-energetica\/\" \/>\n<meta property=\"og:site_name\" content=\"MPPPST\" \/>\n<meta property=\"article:published_time\" content=\"2021-01-18T13:13:06+00:00\" \/>\n<meta property=\"article:modified_time\" content=\"2021-01-18T13:13:07+00:00\" \/>\n<meta property=\"og:image\" content=\"https:\/\/www.mpppst.gob.ve\/mpppstweb\/wp-content\/uploads\/2021\/01\/5f0a9d95-dbab-4ec4-9d9d-223eb2662f8b-768x427-1.jpg\" \/>\n\t<meta property=\"og:image:width\" content=\"768\" \/>\n\t<meta property=\"og:image:height\" content=\"427\" \/>\n\t<meta property=\"og:image:type\" content=\"image\/jpeg\" \/>\n<meta name=\"author\" content=\"MPPPST Prensa\" \/>\n<meta name=\"twitter:card\" content=\"summary_large_image\" \/>\n<meta name=\"twitter:label1\" content=\"Escrito por\" \/>\n\t<meta name=\"twitter:data1\" content=\"MPPPST Prensa\" \/>\n\t<meta name=\"twitter:label2\" content=\"Tiempo de lectura\" \/>\n\t<meta name=\"twitter:data2\" content=\"2 minutos\" \/>\n<script type=\"application\/ld+json\" class=\"yoast-schema-graph\">{\"@context\":\"https:\/\/schema.org\",\"@graph\":[{\"@type\":\"Article\",\"@id\":\"https:\/\/www.mpppst.gob.ve\/mpppstweb\/index.php\/2021\/01\/18\/venezuela-y-turquia-fortalecen-cooperacion-energetica\/#article\",\"isPartOf\":{\"@id\":\"https:\/\/www.mpppst.gob.ve\/mpppstweb\/index.php\/2021\/01\/18\/venezuela-y-turquia-fortalecen-cooperacion-energetica\/\"},\"author\":{\"name\":\"MPPPST Prensa\",\"@id\":\"https:\/\/www.mpppst.gob.ve\/mpppstweb\/#\/schema\/person\/fc187ee8ead412bd4c9304b62f900ea4\"},\"headline\":\"Venezuela y Turqu\u00eda fortalecen cooperaci\u00f3n energ\u00e9tica\",\"datePublished\":\"2021-01-18T13:13:06+00:00\",\"dateModified\":\"2021-01-18T13:13:07+00:00\",\"mainEntityOfPage\":{\"@id\":\"https:\/\/www.mpppst.gob.ve\/mpppstweb\/index.php\/2021\/01\/18\/venezuela-y-turquia-fortalecen-cooperacion-energetica\/\"},\"wordCount\":376,\"publisher\":{\"@id\":\"https:\/\/www.mpppst.gob.ve\/mpppstweb\/#organization\"},\"image\":{\"@id\":\"https:\/\/www.mpppst.gob.ve\/mpppstweb\/index.php\/2021\/01\/18\/venezuela-y-turquia-fortalecen-cooperacion-energetica\/#primaryimage\"},\"thumbnailUrl\":\"https:\/\/www.mpppst.gob.ve\/mpppstweb\/wp-content\/uploads\/2021\/01\/5f0a9d95-dbab-4ec4-9d9d-223eb2662f8b-768x427-1.jpg\",\"articleSection\":[\"Gobierno Nacional\",\"Noticias\"],\"inLanguage\":\"es\"},{\"@type\":\"WebPage\",\"@id\":\"https:\/\/www.mpppst.gob.ve\/mpppstweb\/index.php\/2021\/01\/18\/venezuela-y-turquia-fortalecen-cooperacion-energetica\/\",\"url\":\"https:\/\/www.mpppst.gob.ve\/mpppstweb\/index.php\/2021\/01\/18\/venezuela-y-turquia-fortalecen-cooperacion-energetica\/\",\"name\":\"Venezuela y Turqu\u00eda fortalecen cooperaci\u00f3n energ\u00e9tica - MPPPST\",\"isPartOf\":{\"@id\":\"https:\/\/www.mpppst.gob.ve\/mpppstweb\/#website\"},\"primaryImageOfPage\":{\"@id\":\"https:\/\/www.mpppst.gob.ve\/mpppstweb\/index.php\/2021\/01\/18\/venezuela-y-turquia-fortalecen-cooperacion-energetica\/#primaryimage\"},\"image\":{\"@id\":\"https:\/\/www.mpppst.gob.ve\/mpppstweb\/index.php\/2021\/01\/18\/venezuela-y-turquia-fortalecen-cooperacion-energetica\/#primaryimage\"},\"thumbnailUrl\":\"https:\/\/www.mpppst.gob.ve\/mpppstweb\/wp-content\/uploads\/2021\/01\/5f0a9d95-dbab-4ec4-9d9d-223eb2662f8b-768x427-1.jpg\",\"datePublished\":\"2021-01-18T13:13:06+00:00\",\"dateModified\":\"2021-01-18T13:13:07+00:00\",\"breadcrumb\":{\"@id\":\"https:\/\/www.mpppst.gob.ve\/mpppstweb\/index.php\/2021\/01\/18\/venezuela-y-turquia-fortalecen-cooperacion-energetica\/#breadcrumb\"},\"inLanguage\":\"es\",\"potentialAction\":[{\"@type\":\"ReadAction\",\"target\":[\"https:\/\/www.mpppst.gob.ve\/mpppstweb\/index.php\/2021\/01\/18\/venezuela-y-turquia-fortalecen-cooperacion-energetica\/\"]}]},{\"@type\":\"ImageObject\",\"inLanguage\":\"es\",\"@id\":\"https:\/\/www.mpppst.gob.ve\/mpppstweb\/index.php\/2021\/01\/18\/venezuela-y-turquia-fortalecen-cooperacion-energetica\/#primaryimage\",\"url\":\"https:\/\/www.mpppst.gob.ve\/mpppstweb\/wp-content\/uploads\/2021\/01\/5f0a9d95-dbab-4ec4-9d9d-223eb2662f8b-768x427-1.jpg\",\"contentUrl\":\"https:\/\/www.mpppst.gob.ve\/mpppstweb\/wp-content\/uploads\/2021\/01\/5f0a9d95-dbab-4ec4-9d9d-223eb2662f8b-768x427-1.jpg\",\"width\":768,\"height\":427},{\"@type\":\"BreadcrumbList\",\"@id\":\"https:\/\/www.mpppst.gob.ve\/mpppstweb\/index.php\/2021\/01\/18\/venezuela-y-turquia-fortalecen-cooperacion-energetica\/#breadcrumb\",\"itemListElement\":[{\"@type\":\"ListItem\",\"position\":1,\"name\":\"Home\",\"item\":\"https:\/\/www.mpppst.gob.ve\/mpppstweb\/\"},{\"@type\":\"ListItem\",\"position\":2,\"name\":\"Venezuela y Turqu\u00eda fortalecen cooperaci\u00f3n energ\u00e9tica\"}]},{\"@type\":\"WebSite\",\"@id\":\"https:\/\/www.mpppst.gob.ve\/mpppstweb\/#website\",\"url\":\"https:\/\/www.mpppst.gob.ve\/mpppstweb\/\",\"name\":\"MPPPST\",\"description\":\"Ministerio del Poder Popular para el Proceso Social de Trabajo\",\"publisher\":{\"@id\":\"https:\/\/www.mpppst.gob.ve\/mpppstweb\/#organization\"},\"potentialAction\":[{\"@type\":\"SearchAction\",\"target\":{\"@type\":\"EntryPoint\",\"urlTemplate\":\"https:\/\/www.mpppst.gob.ve\/mpppstweb\/?s={search_term_string}\"},\"query-input\":\"required name=search_term_string\"}],\"inLanguage\":\"es\"},{\"@type\":\"Organization\",\"@id\":\"https:\/\/www.mpppst.gob.ve\/mpppstweb\/#organization\",\"name\":\"mpppst\",\"url\":\"https:\/\/www.mpppst.gob.ve\/mpppstweb\/\",\"logo\":{\"@type\":\"ImageObject\",\"inLanguage\":\"es\",\"@id\":\"https:\/\/www.mpppst.gob.ve\/mpppstweb\/#\/schema\/logo\/image\/\",\"url\":\"https:\/\/www.mpppst.gob.ve\/mpppstweb\/wp-content\/uploads\/2025\/07\/cropped-cropped-g910.png\",\"contentUrl\":\"https:\/\/www.mpppst.gob.ve\/mpppstweb\/wp-content\/uploads\/2025\/07\/cropped-cropped-g910.png\",\"width\":1080,\"height\":241,\"caption\":\"mpppst\"},\"image\":{\"@id\":\"https:\/\/www.mpppst.gob.ve\/mpppstweb\/#\/schema\/logo\/image\/\"}},{\"@type\":\"Person\",\"@id\":\"https:\/\/www.mpppst.gob.ve\/mpppstweb\/#\/schema\/person\/fc187ee8ead412bd4c9304b62f900ea4\",\"name\":\"MPPPST Prensa\",\"url\":\"https:\/\/www.mpppst.gob.ve\/mpppstweb\/index.php\/author\/prensa-mpppst\/\"}]}<\/script>\n<!-- \/ Yoast SEO plugin. -->","yoast_head_json":{"title":"Venezuela y Turqu\u00eda fortalecen cooperaci\u00f3n energ\u00e9tica - MPPPST","robots":{"index":"index","follow":"follow","max-snippet":"max-snippet:-1","max-image-preview":"max-image-preview:large","max-video-preview":"max-video-preview:-1"},"canonical":"https:\/\/www.mpppst.gob.ve\/mpppstweb\/index.php\/2021\/01\/18\/venezuela-y-turquia-fortalecen-cooperacion-energetica\/","og_locale":"es_ES","og_type":"article","og_title":"Venezuela y Turqu\u00eda fortalecen cooperaci\u00f3n energ\u00e9tica - MPPPST","og_description":"El vicepresidente Sectorial de Econom\u00eda y ministro del Poder Popular de Petr\u00f3leo, Tareck El Aissami, sostuvo &hellip; Venezuela y Turqu\u00eda fortalecen cooperaci\u00f3n energ\u00e9ticaRead more","og_url":"https:\/\/www.mpppst.gob.ve\/mpppstweb\/index.php\/2021\/01\/18\/venezuela-y-turquia-fortalecen-cooperacion-energetica\/","og_site_name":"MPPPST","article_published_time":"2021-01-18T13:13:06+00:00","article_modified_time":"2021-01-18T13:13:07+00:00","og_image":[{"width":768,"height":427,"url":"https:\/\/www.mpppst.gob.ve\/mpppstweb\/wp-content\/uploads\/2021\/01\/5f0a9d95-dbab-4ec4-9d9d-223eb2662f8b-768x427-1.jpg","type":"image\/jpeg"}],"author":"MPPPST Prensa","twitter_card":"summary_large_image","twitter_misc":{"Escrito por":"MPPPST Prensa","Tiempo de lectura":"2 minutos"},"schema":{"@context":"https:\/\/schema.org","@graph":[{"@type":"Article","@id":"https:\/\/www.mpppst.gob.ve\/mpppstweb\/index.php\/2021\/01\/18\/venezuela-y-turquia-fortalecen-cooperacion-energetica\/#article","isPartOf":{"@id":"https:\/\/www.mpppst.gob.ve\/mpppstweb\/index.php\/2021\/01\/18\/venezuela-y-turquia-fortalecen-cooperacion-energetica\/"},"author":{"name":"MPPPST Prensa","@id":"https:\/\/www.mpppst.gob.ve\/mpppstweb\/#\/schema\/person\/fc187ee8ead412bd4c9304b62f900ea4"},"headline":"Venezuela y Turqu\u00eda fortalecen cooperaci\u00f3n energ\u00e9tica","datePublished":"2021-01-18T13:13:06+00:00","dateModified":"2021-01-18T13:13:07+00:00","mainEntityOfPage":{"@id":"https:\/\/www.mpppst.gob.ve\/mpppstweb\/index.php\/2021\/01\/18\/venezuela-y-turquia-fortalecen-cooperacion-energetica\/"},"wordCount":376,"publisher":{"@id":"https:\/\/www.mpppst.gob.ve\/mpppstweb\/#organization"},"image":{"@id":"https:\/\/www.mpppst.gob.ve\/mpppstweb\/index.php\/2021\/01\/18\/venezuela-y-turquia-fortalecen-cooperacion-energetica\/#primaryimage"},"thumbnailUrl":"https:\/\/www.mpppst.gob.ve\/mpppstweb\/wp-content\/uploads\/2021\/01\/5f0a9d95-dbab-4ec4-9d9d-223eb2662f8b-768x427-1.jpg","articleSection":["Gobierno Nacional","Noticias"],"inLanguage":"es"},{"@type":"WebPage","@id":"https:\/\/www.mpppst.gob.ve\/mpppstweb\/index.php\/2021\/01\/18\/venezuela-y-turquia-fortalecen-cooperacion-energetica\/","url":"https:\/\/www.mpppst.gob.ve\/mpppstweb\/index.php\/2021\/01\/18\/venezuela-y-turquia-fortalecen-cooperacion-energetica\/","name":"Venezuela y Turqu\u00eda fortalecen cooperaci\u00f3n energ\u00e9tica - MPPPST","isPartOf":{"@id":"https:\/\/www.mpppst.gob.ve\/mpppstweb\/#website"},"primaryImageOfPage":{"@id":"https:\/\/www.mpppst.gob.ve\/mpppstweb\/index.php\/2021\/01\/18\/venezuela-y-turquia-fortalecen-cooperacion-energetica\/#primaryimage"},"image":{"@id":"https:\/\/www.mpppst.gob.ve\/mpppstweb\/index.php\/2021\/01\/18\/venezuela-y-turquia-fortalecen-cooperacion-energetica\/#primaryimage"},"thumbnailUrl":"https:\/\/www.mpppst.gob.ve\/mpppstweb\/wp-content\/uploads\/2021\/01\/5f0a9d95-dbab-4ec4-9d9d-223eb2662f8b-768x427-1.jpg","datePublished":"2021-01-18T13:13:06+00:00","dateModified":"2021-01-18T13:13:07+00:00","breadcrumb":{"@id":"https:\/\/www.mpppst.gob.ve\/mpppstweb\/index.php\/2021\/01\/18\/venezuela-y-turquia-fortalecen-cooperacion-energetica\/#breadcrumb"},"inLanguage":"es","potentialAction":[{"@type":"ReadAction","target":["https:\/\/www.mpppst.gob.ve\/mpppstweb\/index.php\/2021\/01\/18\/venezuela-y-turquia-fortalecen-cooperacion-energetica\/"]}]},{"@type":"ImageObject","inLanguage":"es","@id":"https:\/\/www.mpppst.gob.ve\/mpppstweb\/index.php\/2021\/01\/18\/venezuela-y-turquia-fortalecen-cooperacion-energetica\/#primaryimage","url":"https:\/\/www.mpppst.gob.ve\/mpppstweb\/wp-content\/uploads\/2021\/01\/5f0a9d95-dbab-4ec4-9d9d-223eb2662f8b-768x427-1.jpg","contentUrl":"https:\/\/www.mpppst.gob.ve\/mpppstweb\/wp-content\/uploads\/2021\/01\/5f0a9d95-dbab-4ec4-9d9d-223eb2662f8b-768x427-1.jpg","width":768,"height":427},{"@type":"BreadcrumbList","@id":"https:\/\/www.mpppst.gob.ve\/mpppstweb\/index.php\/2021\/01\/18\/venezuela-y-turquia-fortalecen-cooperacion-energetica\/#breadcrumb","itemListElement":[{"@type":"ListItem","position":1,"name":"Home","item":"https:\/\/www.mpppst.gob.ve\/mpppstweb\/"},{"@type":"ListItem","position":2,"name":"Venezuela y Turqu\u00eda fortalecen cooperaci\u00f3n energ\u00e9tica"}]},{"@type":"WebSite","@id":"https:\/\/www.mpppst.gob.ve\/mpppstweb\/#website","url":"https:\/\/www.mpppst.gob.ve\/mpppstweb\/","name":"MPPPST","description":"Ministerio del Poder Popular para el Proceso Social de Trabajo","publisher":{"@id":"https:\/\/www.mpppst.gob.ve\/mpppstweb\/#organization"},"potentialAction":[{"@type":"SearchAction","target":{"@type":"EntryPoint","urlTemplate":"https:\/\/www.mpppst.gob.ve\/mpppstweb\/?s={search_term_string}"},"query-input":"required name=search_term_string"}],"inLanguage":"es"},{"@type":"Organization","@id":"https:\/\/www.mpppst.gob.ve\/mpppstweb\/#organization","name":"mpppst","url":"https:\/\/www.mpppst.gob.ve\/mpppstweb\/","logo":{"@type":"ImageObject","inLanguage":"es","@id":"https:\/\/www.mpppst.gob.ve\/mpppstweb\/#\/schema\/logo\/image\/","url":"https:\/\/www.mpppst.gob.ve\/mpppstweb\/wp-content\/uploads\/2025\/07\/cropped-cropped-g910.png","contentUrl":"https:\/\/www.mpppst.gob.ve\/mpppstweb\/wp-content\/uploads\/2025\/07\/cropped-cropped-g910.png","width":1080,"height":241,"caption":"mpppst"},"image":{"@id":"https:\/\/www.mpppst.gob.ve\/mpppstweb\/#\/schema\/logo\/image\/"}},{"@type":"Person","@id":"https:\/\/www.mpppst.gob.ve\/mpppstweb\/#\/schema\/person\/fc187ee8ead412bd4c9304b62f900ea4","name":"MPPPST Prensa","url":"https:\/\/www.mpppst.gob.ve\/mpppstweb\/index.php\/author\/prensa-mpppst\/"}]}},"_links":{"self":[{"href":"https:\/\/www.mpppst.gob.ve\/mpppstweb\/index.php\/wp-json\/wp\/v2\/posts\/21232"}],"collection":[{"href":"https:\/\/www.mpppst.gob.ve\/mpppstweb\/index.php\/wp-json\/wp\/v2\/posts"}],"about":[{"href":"https:\/\/www.mpppst.gob.ve\/mpppstweb\/index.php\/wp-json\/wp\/v2\/types\/post"}],"author":[{"embeddable":true,"href":"https:\/\/www.mpppst.gob.ve\/mpppstweb\/index.php\/wp-json\/wp\/v2\/users\/25"}],"replies":[{"embeddable":true,"href":"https:\/\/www.mpppst.gob.ve\/mpppstweb\/index.php\/wp-json\/wp\/v2\/comments?post=21232"}],"version-history":[{"count":1,"href":"https:\/\/www.mpppst.gob.ve\/mpppstweb\/index.php\/wp-json\/wp\/v2\/posts\/21232\/revisions"}],"predecessor-version":[{"id":21234,"href":"https:\/\/www.mpppst.gob.ve\/mpppstweb\/index.php\/wp-json\/wp\/v2\/posts\/21232\/revisions\/21234"}],"wp:featuredmedia":[{"embeddable":true,"href":"https:\/\/www.mpppst.gob.ve\/mpppstweb\/index.php\/wp-json\/wp\/v2\/media\/21233"}],"wp:attachment":[{"href":"https:\/\/www.mpppst.gob.ve\/mpppstweb\/index.php\/wp-json\/wp\/v2\/media?parent=21232"}],"wp:term":[{"taxonomy":"category","embeddable":true,"href":"https:\/\/www.mpppst.gob.ve\/mpppstweb\/index.php\/wp-json\/wp\/v2\/categories?post=21232"},{"taxonomy":"post_tag","embeddable":true,"href":"https:\/\/www.mpppst.gob.ve\/mpppstweb\/index.php\/wp-json\/wp\/v2\/tags?post=21232"}],"curies":[{"name":"wp","href":"https:\/\/api.w.org\/{rel}","templated":true}]}}