{"id":21238,"date":"2021-01-19T10:22:10","date_gmt":"2021-01-19T14:22:10","guid":{"rendered":"http:\/\/www.mpppst.gob.ve\/mpppstweb\/?p=21238"},"modified":"2021-01-19T10:22:11","modified_gmt":"2021-01-19T14:22:11","slug":"cptt-avanza-en-los-procesos-productivos-de-cvg-bauxilum","status":"publish","type":"post","link":"https:\/\/www.mpppst.gob.ve\/mpppstweb\/index.php\/2021\/01\/19\/cptt-avanza-en-los-procesos-productivos-de-cvg-bauxilum\/","title":{"rendered":"CPTT avanza en los procesos productivos de CVG Bauxilum"},"content":{"rendered":"\n<p>La clase obrera de CVG Bauxilum, bajo el liderazgo de su presidente Ernesto Agust\u00edn Rivero, se ha incorporado activa y decididamente en la recuperaci\u00f3n productiva de la empresa, apegada al nuevo Modelo de Gesti\u00f3n Empresarial Socialista y bajo la figura de los Consejos Productivos de las Trabajadoras y Trabajadores (CPTT).<\/p>\n\n\n\n<p>En tal sentido, Rommel Ram\u00edrez, Armando M\u00e1rquez, Efr\u00e9n Ram\u00edrez, Nelson Freites y Jos\u00e9 Rosas, como voceros de los CPTT en CVG Bauxilum y miembros del Estado Mayor de los CPTT, aseguraron que la compleja situaci\u00f3n del pa\u00eds, a consecuencia de las sanciones y los bloqueos econ\u00f3micos, exige a trabajadores conscientes y comprometidos para asumir de manera efectiva la responsabilidad de sacar adelante la industria.<\/p>\n\n\n\n<p>Se\u00f1alaron que, ajustados al nuevo modelo de gesti\u00f3n y al esfuerzo de los CPTT, durante el a\u00f1o 2020 se logr\u00f3 incrementar la producci\u00f3n.<\/p>\n\n\n\n<p>\u201cTambi\u00e9n se acondicion\u00f3 el sistema de exportaciones y el de carga de buques, gracias a la participaci\u00f3n de los trabajadores que se metieron de lleno para reactivar el mercado internacional\u201d, dijeron.<\/p>\n\n\n\n<p>Destacaron que la exportaci\u00f3n, que se hab\u00eda detenido por al menos cinco a\u00f1os, gener\u00f3 divisas al sistema econ\u00f3mico nacional, lo que se traduce en bienestar al pueblo venezolano.<\/p>\n\n\n\n<p><strong>\u201cM\u00e1s all\u00e1 de los resultados productivos, resaltaron que hoy en d\u00eda, con los lineamientos instruidos por Rivero, se ha incorporado en la estatal \u201cuna nueva cultura del trabajo, basada en compromiso, participaci\u00f3n y corresponsabilidad\u201d.<\/strong><\/p>\n\n\n\n<p>Igualmente, mencionaron que gracias a este trabajo mancomunado se logr\u00f3 colocar la al\u00famina en los m\u00e1s altos est\u00e1ndares de calidad, garantizando adem\u00e1s el arranque del sector aluminio con el suministro de este material a CVG Venalum, que alimentar\u00e1 al sector transformador.<img decoding=\"async\" src=\"https:\/\/www.vtv.gob.ve\/fundamentados-nuevo-modelo-gestion-empresarial-socialista\/WhatsApp%20Image%202021-01-18%20at%2012.55.42%20PM\" alt=\"\"><\/p>\n\n\n\n<p>Otro elemento importante, seg\u00fan los voceros, fue la sustituci\u00f3n de importaciones, gracias a las alianzas que se consolidaron con otras empresas como Pdvsa Industrial Vhicoa, \u201ccon la que se logr\u00f3 la reparaci\u00f3n de intercambiadores de calor, piezas fundamentales en los procesos operativos\u201d.<\/p>\n\n\n\n<p>Resaltaron que para vencer las dificultades, los CPTT, tanto de Matanzas como de Los Pijiguaos, han asumido un papel creativo y t\u00e9cnico, que les ha conllevado a reconstruir y replicar piezas que anteriormente ten\u00edan que ser adquiridas en el mercado internacional.<\/p>\n\n\n\n<p>\u201cEste es otro logro m\u00e1s de los CPTT. Los mantenimientos mayores que anteriormente hac\u00edan las contratas, hoy por hoy se est\u00e1n haciendo con recursos propios de la empresa, significando un importante ahorro y se debe a esa nueva cultura de trabajo que est\u00e1n implementando los CPTT\u201d, apuntaron.<\/p>\n\n\n\n<p>Igualmente, en esta sinergia entre trabajadores y empresa se alcanz\u00f3 la recuperaci\u00f3n y puesta en funcionamiento de 8 veh\u00edculos que estaban fuera de servicio, entre ellos un coaster que es utilizado en la actualidad para el traslado de personal.<\/p>\n\n\n\n<h4 class=\"wp-block-heading\"><strong>M\u00e1s protagonismo<\/strong><\/h4>\n\n\n\n<p>Los miembros del Estado Mayor de los CPTT enfatizaron que seguir\u00e1n \u201cfortaleciendo la participaci\u00f3n de las y los trabajadores, para seguir mejorando tanto en el aspecto productivo como en el aspecto reivindicativo\u201d. Subrayaron que siempre buscar\u00e1n dejar un saldo favorable en el \u00e1rea social.<\/p>\n\n\n\n<p>Recalcaron que entre los proyectos m\u00e1s importantes como CPTT para este 2021, destaca continuar la sustituci\u00f3n de importaciones, por lo que se han planteado una serie de acciones, como: buscar un mayor acercamiento con f\u00e1brica de f\u00e1brica, ubicada en Anaco, para explorar oportunidades de suplir equipos y repuestos de procedencia for\u00e1nea; fortalecer las relaciones de intercambio comercial con empresas y talleres nacionales, tanto p\u00fablicas como privadas; y, revisar con recursos propios, la reparaci\u00f3n de equipos inherentes al proceso productivo.<\/p>\n\n\n\n<p>\u201cOtro aspecto que aparece en nuestra Agenda de 2021, es desarrollar un proyecto de hipoclorito de sodio, a partir de soda c\u00e1ustica y gas cloro, lo cual estar\u00eda dirigido a obtener la materia prima para la fabricaci\u00f3n de detergentes y sustancias de bioseguridad, que son importantes en la coyuntura actual de la pandemia de COVID-19\u201d, explicaron los dirigentes.<\/p>\n\n\n\n<p><strong>Agregaron que los \u00fanicos que pueden sacar a CVG Bauxilum adelante son sus trabajadores, organizados e incorporados en la gesti\u00f3n productiva y administrativa. (Prensa Consejos Productivos de las Trabajadoras y los Trabajadores)<\/strong><\/p>\n","protected":false},"excerpt":{"rendered":"<p>La clase obrera de CVG Bauxilum, bajo el liderazgo de su presidente Ernesto Agust\u00edn Rivero, se &hellip; <a title=\"CPTT avanza en los procesos productivos de CVG Bauxilum\" class=\"hm-read-more\" href=\"https:\/\/www.mpppst.gob.ve\/mpppstweb\/index.php\/2021\/01\/19\/cptt-avanza-en-los-procesos-productivos-de-cvg-bauxilum\/\"><span class=\"screen-reader-text\">CPTT avanza en los procesos productivos de CVG Bauxilum<\/span>Read more<\/a><\/p>\n","protected":false},"author":25,"featured_media":21239,"comment_status":"closed","ping_status":"closed","sticky":false,"template":"","format":"standard","meta":{"footnotes":""},"categories":[82,163],"tags":[],"yoast_head":"<!-- This site is optimized with the Yoast SEO plugin v22.5 - https:\/\/yoast.com\/wordpress\/plugins\/seo\/ -->\n<title>CPTT avanza en los procesos productivos de CVG Bauxilum - MPPPST<\/title>\n<meta name=\"robots\" content=\"index, follow, max-snippet:-1, max-image-preview:large, max-video-preview:-1\" \/>\n<link rel=\"canonical\" href=\"https:\/\/www.mpppst.gob.ve\/mpppstweb\/index.php\/2021\/01\/19\/cptt-avanza-en-los-procesos-productivos-de-cvg-bauxilum\/\" \/>\n<meta property=\"og:locale\" content=\"es_ES\" \/>\n<meta property=\"og:type\" content=\"article\" \/>\n<meta property=\"og:title\" content=\"CPTT avanza en los procesos productivos de CVG Bauxilum - MPPPST\" \/>\n<meta property=\"og:description\" content=\"La clase obrera de CVG Bauxilum, bajo el liderazgo de su presidente Ernesto Agust\u00edn Rivero, se &hellip; CPTT avanza en los procesos productivos de CVG BauxilumRead more\" \/>\n<meta property=\"og:url\" content=\"https:\/\/www.mpppst.gob.ve\/mpppstweb\/index.php\/2021\/01\/19\/cptt-avanza-en-los-procesos-productivos-de-cvg-bauxilum\/\" \/>\n<meta property=\"og:site_name\" content=\"MPPPST\" \/>\n<meta property=\"article:published_time\" content=\"2021-01-19T14:22:10+00:00\" \/>\n<meta property=\"article:modified_time\" content=\"2021-01-19T14:22:11+00:00\" \/>\n<meta property=\"og:image\" content=\"https:\/\/www.mpppst.gob.ve\/mpppstweb\/wp-content\/uploads\/2021\/01\/WhatsApp-Image-2021-01-18-at-12.49.05-768x427-1.jpeg\" \/>\n\t<meta property=\"og:image:width\" content=\"768\" \/>\n\t<meta property=\"og:image:height\" content=\"427\" \/>\n\t<meta property=\"og:image:type\" content=\"image\/jpeg\" \/>\n<meta name=\"author\" content=\"MPPPST Prensa\" \/>\n<meta name=\"twitter:card\" content=\"summary_large_image\" \/>\n<meta name=\"twitter:label1\" content=\"Escrito por\" \/>\n\t<meta name=\"twitter:data1\" content=\"MPPPST Prensa\" \/>\n\t<meta name=\"twitter:label2\" content=\"Tiempo de lectura\" \/>\n\t<meta name=\"twitter:data2\" content=\"4 minutos\" \/>\n<script type=\"application\/ld+json\" class=\"yoast-schema-graph\">{\"@context\":\"https:\/\/schema.org\",\"@graph\":[{\"@type\":\"Article\",\"@id\":\"https:\/\/www.mpppst.gob.ve\/mpppstweb\/index.php\/2021\/01\/19\/cptt-avanza-en-los-procesos-productivos-de-cvg-bauxilum\/#article\",\"isPartOf\":{\"@id\":\"https:\/\/www.mpppst.gob.ve\/mpppstweb\/index.php\/2021\/01\/19\/cptt-avanza-en-los-procesos-productivos-de-cvg-bauxilum\/\"},\"author\":{\"name\":\"MPPPST Prensa\",\"@id\":\"https:\/\/www.mpppst.gob.ve\/mpppstweb\/#\/schema\/person\/fc187ee8ead412bd4c9304b62f900ea4\"},\"headline\":\"CPTT avanza en los procesos productivos de CVG Bauxilum\",\"datePublished\":\"2021-01-19T14:22:10+00:00\",\"dateModified\":\"2021-01-19T14:22:11+00:00\",\"mainEntityOfPage\":{\"@id\":\"https:\/\/www.mpppst.gob.ve\/mpppstweb\/index.php\/2021\/01\/19\/cptt-avanza-en-los-procesos-productivos-de-cvg-bauxilum\/\"},\"wordCount\":713,\"publisher\":{\"@id\":\"https:\/\/www.mpppst.gob.ve\/mpppstweb\/#organization\"},\"image\":{\"@id\":\"https:\/\/www.mpppst.gob.ve\/mpppstweb\/index.php\/2021\/01\/19\/cptt-avanza-en-los-procesos-productivos-de-cvg-bauxilum\/#primaryimage\"},\"thumbnailUrl\":\"https:\/\/www.mpppst.gob.ve\/mpppstweb\/wp-content\/uploads\/2021\/01\/WhatsApp-Image-2021-01-18-at-12.49.05-768x427-1.jpeg\",\"articleSection\":[\"Gobierno Nacional\",\"Noticias\"],\"inLanguage\":\"es\"},{\"@type\":\"WebPage\",\"@id\":\"https:\/\/www.mpppst.gob.ve\/mpppstweb\/index.php\/2021\/01\/19\/cptt-avanza-en-los-procesos-productivos-de-cvg-bauxilum\/\",\"url\":\"https:\/\/www.mpppst.gob.ve\/mpppstweb\/index.php\/2021\/01\/19\/cptt-avanza-en-los-procesos-productivos-de-cvg-bauxilum\/\",\"name\":\"CPTT avanza en los procesos productivos de CVG Bauxilum - MPPPST\",\"isPartOf\":{\"@id\":\"https:\/\/www.mpppst.gob.ve\/mpppstweb\/#website\"},\"primaryImageOfPage\":{\"@id\":\"https:\/\/www.mpppst.gob.ve\/mpppstweb\/index.php\/2021\/01\/19\/cptt-avanza-en-los-procesos-productivos-de-cvg-bauxilum\/#primaryimage\"},\"image\":{\"@id\":\"https:\/\/www.mpppst.gob.ve\/mpppstweb\/index.php\/2021\/01\/19\/cptt-avanza-en-los-procesos-productivos-de-cvg-bauxilum\/#primaryimage\"},\"thumbnailUrl\":\"https:\/\/www.mpppst.gob.ve\/mpppstweb\/wp-content\/uploads\/2021\/01\/WhatsApp-Image-2021-01-18-at-12.49.05-768x427-1.jpeg\",\"datePublished\":\"2021-01-19T14:22:10+00:00\",\"dateModified\":\"2021-01-19T14:22:11+00:00\",\"breadcrumb\":{\"@id\":\"https:\/\/www.mpppst.gob.ve\/mpppstweb\/index.php\/2021\/01\/19\/cptt-avanza-en-los-procesos-productivos-de-cvg-bauxilum\/#breadcrumb\"},\"inLanguage\":\"es\",\"potentialAction\":[{\"@type\":\"ReadAction\",\"target\":[\"https:\/\/www.mpppst.gob.ve\/mpppstweb\/index.php\/2021\/01\/19\/cptt-avanza-en-los-procesos-productivos-de-cvg-bauxilum\/\"]}]},{\"@type\":\"ImageObject\",\"inLanguage\":\"es\",\"@id\":\"https:\/\/www.mpppst.gob.ve\/mpppstweb\/index.php\/2021\/01\/19\/cptt-avanza-en-los-procesos-productivos-de-cvg-bauxilum\/#primaryimage\",\"url\":\"https:\/\/www.mpppst.gob.ve\/mpppstweb\/wp-content\/uploads\/2021\/01\/WhatsApp-Image-2021-01-18-at-12.49.05-768x427-1.jpeg\",\"contentUrl\":\"https:\/\/www.mpppst.gob.ve\/mpppstweb\/wp-content\/uploads\/2021\/01\/WhatsApp-Image-2021-01-18-at-12.49.05-768x427-1.jpeg\",\"width\":768,\"height\":427},{\"@type\":\"BreadcrumbList\",\"@id\":\"https:\/\/www.mpppst.gob.ve\/mpppstweb\/index.php\/2021\/01\/19\/cptt-avanza-en-los-procesos-productivos-de-cvg-bauxilum\/#breadcrumb\",\"itemListElement\":[{\"@type\":\"ListItem\",\"position\":1,\"name\":\"Home\",\"item\":\"https:\/\/www.mpppst.gob.ve\/mpppstweb\/\"},{\"@type\":\"ListItem\",\"position\":2,\"name\":\"CPTT avanza en los procesos productivos de CVG Bauxilum\"}]},{\"@type\":\"WebSite\",\"@id\":\"https:\/\/www.mpppst.gob.ve\/mpppstweb\/#website\",\"url\":\"https:\/\/www.mpppst.gob.ve\/mpppstweb\/\",\"name\":\"MPPPST\",\"description\":\"Ministerio del Poder Popular para el Proceso Social de Trabajo\",\"publisher\":{\"@id\":\"https:\/\/www.mpppst.gob.ve\/mpppstweb\/#organization\"},\"potentialAction\":[{\"@type\":\"SearchAction\",\"target\":{\"@type\":\"EntryPoint\",\"urlTemplate\":\"https:\/\/www.mpppst.gob.ve\/mpppstweb\/?s={search_term_string}\"},\"query-input\":\"required name=search_term_string\"}],\"inLanguage\":\"es\"},{\"@type\":\"Organization\",\"@id\":\"https:\/\/www.mpppst.gob.ve\/mpppstweb\/#organization\",\"name\":\"mpppst\",\"url\":\"https:\/\/www.mpppst.gob.ve\/mpppstweb\/\",\"logo\":{\"@type\":\"ImageObject\",\"inLanguage\":\"es\",\"@id\":\"https:\/\/www.mpppst.gob.ve\/mpppstweb\/#\/schema\/logo\/image\/\",\"url\":\"https:\/\/www.mpppst.gob.ve\/mpppstweb\/wp-content\/uploads\/2025\/07\/cropped-cropped-g910.png\",\"contentUrl\":\"https:\/\/www.mpppst.gob.ve\/mpppstweb\/wp-content\/uploads\/2025\/07\/cropped-cropped-g910.png\",\"width\":1080,\"height\":241,\"caption\":\"mpppst\"},\"image\":{\"@id\":\"https:\/\/www.mpppst.gob.ve\/mpppstweb\/#\/schema\/logo\/image\/\"}},{\"@type\":\"Person\",\"@id\":\"https:\/\/www.mpppst.gob.ve\/mpppstweb\/#\/schema\/person\/fc187ee8ead412bd4c9304b62f900ea4\",\"name\":\"MPPPST Prensa\",\"url\":\"https:\/\/www.mpppst.gob.ve\/mpppstweb\/index.php\/author\/prensa-mpppst\/\"}]}<\/script>\n<!-- \/ Yoast SEO plugin. -->","yoast_head_json":{"title":"CPTT avanza en los procesos productivos de CVG Bauxilum - MPPPST","robots":{"index":"index","follow":"follow","max-snippet":"max-snippet:-1","max-image-preview":"max-image-preview:large","max-video-preview":"max-video-preview:-1"},"canonical":"https:\/\/www.mpppst.gob.ve\/mpppstweb\/index.php\/2021\/01\/19\/cptt-avanza-en-los-procesos-productivos-de-cvg-bauxilum\/","og_locale":"es_ES","og_type":"article","og_title":"CPTT avanza en los procesos productivos de CVG Bauxilum - MPPPST","og_description":"La clase obrera de CVG Bauxilum, bajo el liderazgo de su presidente Ernesto Agust\u00edn Rivero, se &hellip; CPTT avanza en los procesos productivos de CVG BauxilumRead more","og_url":"https:\/\/www.mpppst.gob.ve\/mpppstweb\/index.php\/2021\/01\/19\/cptt-avanza-en-los-procesos-productivos-de-cvg-bauxilum\/","og_site_name":"MPPPST","article_published_time":"2021-01-19T14:22:10+00:00","article_modified_time":"2021-01-19T14:22:11+00:00","og_image":[{"width":768,"height":427,"url":"https:\/\/www.mpppst.gob.ve\/mpppstweb\/wp-content\/uploads\/2021\/01\/WhatsApp-Image-2021-01-18-at-12.49.05-768x427-1.jpeg","type":"image\/jpeg"}],"author":"MPPPST Prensa","twitter_card":"summary_large_image","twitter_misc":{"Escrito por":"MPPPST Prensa","Tiempo de lectura":"4 minutos"},"schema":{"@context":"https:\/\/schema.org","@graph":[{"@type":"Article","@id":"https:\/\/www.mpppst.gob.ve\/mpppstweb\/index.php\/2021\/01\/19\/cptt-avanza-en-los-procesos-productivos-de-cvg-bauxilum\/#article","isPartOf":{"@id":"https:\/\/www.mpppst.gob.ve\/mpppstweb\/index.php\/2021\/01\/19\/cptt-avanza-en-los-procesos-productivos-de-cvg-bauxilum\/"},"author":{"name":"MPPPST Prensa","@id":"https:\/\/www.mpppst.gob.ve\/mpppstweb\/#\/schema\/person\/fc187ee8ead412bd4c9304b62f900ea4"},"headline":"CPTT avanza en los procesos productivos de CVG Bauxilum","datePublished":"2021-01-19T14:22:10+00:00","dateModified":"2021-01-19T14:22:11+00:00","mainEntityOfPage":{"@id":"https:\/\/www.mpppst.gob.ve\/mpppstweb\/index.php\/2021\/01\/19\/cptt-avanza-en-los-procesos-productivos-de-cvg-bauxilum\/"},"wordCount":713,"publisher":{"@id":"https:\/\/www.mpppst.gob.ve\/mpppstweb\/#organization"},"image":{"@id":"https:\/\/www.mpppst.gob.ve\/mpppstweb\/index.php\/2021\/01\/19\/cptt-avanza-en-los-procesos-productivos-de-cvg-bauxilum\/#primaryimage"},"thumbnailUrl":"https:\/\/www.mpppst.gob.ve\/mpppstweb\/wp-content\/uploads\/2021\/01\/WhatsApp-Image-2021-01-18-at-12.49.05-768x427-1.jpeg","articleSection":["Gobierno Nacional","Noticias"],"inLanguage":"es"},{"@type":"WebPage","@id":"https:\/\/www.mpppst.gob.ve\/mpppstweb\/index.php\/2021\/01\/19\/cptt-avanza-en-los-procesos-productivos-de-cvg-bauxilum\/","url":"https:\/\/www.mpppst.gob.ve\/mpppstweb\/index.php\/2021\/01\/19\/cptt-avanza-en-los-procesos-productivos-de-cvg-bauxilum\/","name":"CPTT avanza en los procesos productivos de CVG Bauxilum - MPPPST","isPartOf":{"@id":"https:\/\/www.mpppst.gob.ve\/mpppstweb\/#website"},"primaryImageOfPage":{"@id":"https:\/\/www.mpppst.gob.ve\/mpppstweb\/index.php\/2021\/01\/19\/cptt-avanza-en-los-procesos-productivos-de-cvg-bauxilum\/#primaryimage"},"image":{"@id":"https:\/\/www.mpppst.gob.ve\/mpppstweb\/index.php\/2021\/01\/19\/cptt-avanza-en-los-procesos-productivos-de-cvg-bauxilum\/#primaryimage"},"thumbnailUrl":"https:\/\/www.mpppst.gob.ve\/mpppstweb\/wp-content\/uploads\/2021\/01\/WhatsApp-Image-2021-01-18-at-12.49.05-768x427-1.jpeg","datePublished":"2021-01-19T14:22:10+00:00","dateModified":"2021-01-19T14:22:11+00:00","breadcrumb":{"@id":"https:\/\/www.mpppst.gob.ve\/mpppstweb\/index.php\/2021\/01\/19\/cptt-avanza-en-los-procesos-productivos-de-cvg-bauxilum\/#breadcrumb"},"inLanguage":"es","potentialAction":[{"@type":"ReadAction","target":["https:\/\/www.mpppst.gob.ve\/mpppstweb\/index.php\/2021\/01\/19\/cptt-avanza-en-los-procesos-productivos-de-cvg-bauxilum\/"]}]},{"@type":"ImageObject","inLanguage":"es","@id":"https:\/\/www.mpppst.gob.ve\/mpppstweb\/index.php\/2021\/01\/19\/cptt-avanza-en-los-procesos-productivos-de-cvg-bauxilum\/#primaryimage","url":"https:\/\/www.mpppst.gob.ve\/mpppstweb\/wp-content\/uploads\/2021\/01\/WhatsApp-Image-2021-01-18-at-12.49.05-768x427-1.jpeg","contentUrl":"https:\/\/www.mpppst.gob.ve\/mpppstweb\/wp-content\/uploads\/2021\/01\/WhatsApp-Image-2021-01-18-at-12.49.05-768x427-1.jpeg","width":768,"height":427},{"@type":"BreadcrumbList","@id":"https:\/\/www.mpppst.gob.ve\/mpppstweb\/index.php\/2021\/01\/19\/cptt-avanza-en-los-procesos-productivos-de-cvg-bauxilum\/#breadcrumb","itemListElement":[{"@type":"ListItem","position":1,"name":"Home","item":"https:\/\/www.mpppst.gob.ve\/mpppstweb\/"},{"@type":"ListItem","position":2,"name":"CPTT avanza en los procesos productivos de CVG Bauxilum"}]},{"@type":"WebSite","@id":"https:\/\/www.mpppst.gob.ve\/mpppstweb\/#website","url":"https:\/\/www.mpppst.gob.ve\/mpppstweb\/","name":"MPPPST","description":"Ministerio del Poder Popular para el Proceso Social de Trabajo","publisher":{"@id":"https:\/\/www.mpppst.gob.ve\/mpppstweb\/#organization"},"potentialAction":[{"@type":"SearchAction","target":{"@type":"EntryPoint","urlTemplate":"https:\/\/www.mpppst.gob.ve\/mpppstweb\/?s={search_term_string}"},"query-input":"required name=search_term_string"}],"inLanguage":"es"},{"@type":"Organization","@id":"https:\/\/www.mpppst.gob.ve\/mpppstweb\/#organization","name":"mpppst","url":"https:\/\/www.mpppst.gob.ve\/mpppstweb\/","logo":{"@type":"ImageObject","inLanguage":"es","@id":"https:\/\/www.mpppst.gob.ve\/mpppstweb\/#\/schema\/logo\/image\/","url":"https:\/\/www.mpppst.gob.ve\/mpppstweb\/wp-content\/uploads\/2025\/07\/cropped-cropped-g910.png","contentUrl":"https:\/\/www.mpppst.gob.ve\/mpppstweb\/wp-content\/uploads\/2025\/07\/cropped-cropped-g910.png","width":1080,"height":241,"caption":"mpppst"},"image":{"@id":"https:\/\/www.mpppst.gob.ve\/mpppstweb\/#\/schema\/logo\/image\/"}},{"@type":"Person","@id":"https:\/\/www.mpppst.gob.ve\/mpppstweb\/#\/schema\/person\/fc187ee8ead412bd4c9304b62f900ea4","name":"MPPPST Prensa","url":"https:\/\/www.mpppst.gob.ve\/mpppstweb\/index.php\/author\/prensa-mpppst\/"}]}},"_links":{"self":[{"href":"https:\/\/www.mpppst.gob.ve\/mpppstweb\/index.php\/wp-json\/wp\/v2\/posts\/21238"}],"collection":[{"href":"https:\/\/www.mpppst.gob.ve\/mpppstweb\/index.php\/wp-json\/wp\/v2\/posts"}],"about":[{"href":"https:\/\/www.mpppst.gob.ve\/mpppstweb\/index.php\/wp-json\/wp\/v2\/types\/post"}],"author":[{"embeddable":true,"href":"https:\/\/www.mpppst.gob.ve\/mpppstweb\/index.php\/wp-json\/wp\/v2\/users\/25"}],"replies":[{"embeddable":true,"href":"https:\/\/www.mpppst.gob.ve\/mpppstweb\/index.php\/wp-json\/wp\/v2\/comments?post=21238"}],"version-history":[{"count":1,"href":"https:\/\/www.mpppst.gob.ve\/mpppstweb\/index.php\/wp-json\/wp\/v2\/posts\/21238\/revisions"}],"predecessor-version":[{"id":21240,"href":"https:\/\/www.mpppst.gob.ve\/mpppstweb\/index.php\/wp-json\/wp\/v2\/posts\/21238\/revisions\/21240"}],"wp:featuredmedia":[{"embeddable":true,"href":"https:\/\/www.mpppst.gob.ve\/mpppstweb\/index.php\/wp-json\/wp\/v2\/media\/21239"}],"wp:attachment":[{"href":"https:\/\/www.mpppst.gob.ve\/mpppstweb\/index.php\/wp-json\/wp\/v2\/media?parent=21238"}],"wp:term":[{"taxonomy":"category","embeddable":true,"href":"https:\/\/www.mpppst.gob.ve\/mpppstweb\/index.php\/wp-json\/wp\/v2\/categories?post=21238"},{"taxonomy":"post_tag","embeddable":true,"href":"https:\/\/www.mpppst.gob.ve\/mpppstweb\/index.php\/wp-json\/wp\/v2\/tags?post=21238"}],"curies":[{"name":"wp","href":"https:\/\/api.w.org\/{rel}","templated":true}]}}