{"id":21241,"date":"2021-01-19T10:32:42","date_gmt":"2021-01-19T14:32:42","guid":{"rendered":"http:\/\/www.mpppst.gob.ve\/mpppstweb\/?p=21241"},"modified":"2021-01-19T10:32:44","modified_gmt":"2021-01-19T14:32:44","slug":"cicpc-desmantelo-bandas-criminales-de-trata-de-personas-hacia-trinidad-y-tobago-y-esclarecio-otros-casos-de-connotacion-nacional","status":"publish","type":"post","link":"https:\/\/www.mpppst.gob.ve\/mpppstweb\/index.php\/2021\/01\/19\/cicpc-desmantelo-bandas-criminales-de-trata-de-personas-hacia-trinidad-y-tobago-y-esclarecio-otros-casos-de-connotacion-nacional\/","title":{"rendered":"CICPC desmantel\u00f3 bandas criminales de trata de personas hacia Trinidad y Tobago y esclareci\u00f3 otros casos de connotaci\u00f3n nacional"},"content":{"rendered":"\n<p>El&nbsp;<strong>Cuerpo de Investigaciones Cient\u00edficas, Penales y Criminal\u00edsticas (CICPC),<\/strong>&nbsp;desmantel\u00f3 a un peligroso grupo delictivo mediante la captura de 10 integrantes, dedicados&nbsp;<a href=\"https:\/\/www.vtv.gob.ve\/desmantelada-red-trafico-personas\/\" target=\"_blank\" rel=\"noreferrer noopener\">a la trata de personas hacia la Rep\u00fablica de Trinidad y Tobago,<\/a>&nbsp;as\u00ed como el esclarecimiento de otros casos de connotaci\u00f3n nacional en los estados Portuguesa, Lara, La Guaira y Delta Amacuro.<\/p>\n\n\n\n<p>El director general del CICPC,<a href=\"https:\/\/twitter.com\/DouglasRicoVzla?ref_src=twsrc%5Egoogle%7Ctwcamp%5Eserp%7Ctwgr%5Eauthor\" target=\"_blank\" rel=\"noreferrer noopener\">&nbsp;<strong>Douglas Rico<\/strong>,<\/a>&nbsp;inform\u00f3 que la banda era liderada por&nbsp;<strong>Grecia Ver\u00f3nica Jim\u00e9nez Mendoza (30)<\/strong>, actualmente&nbsp; en esa naci\u00f3n, encargada de recibir a las j\u00f3venes, cuyas edades oscilan entre 14 y 21 a\u00f1os de edad, a quienes&nbsp; trasladaban de forma ilegal desde nuestro pa\u00eds.<\/p>\n\n\n\n<p>Durante una transmisi\u00f3n en vivo por la red social Instagram&nbsp;<a href=\"https:\/\/www.instagram.com\/prensacicpc\/?hl=es-la\" target=\"_blank\" rel=\"noreferrer noopener\">@prensacicpc<\/a>&nbsp;y&nbsp;<a href=\"https:\/\/www.instagram.com\/douglasricovzla\/?hl=es-la\" target=\"_blank\" rel=\"noreferrer noopener\">@douglasricovzla<\/a>, el Comisario General inform\u00f3 que durante los procedimientos policiales fueron rescatadas 10 v\u00edctimas, de las cuales siete son menores de edad, quienes habr\u00edan sido captadas mediante las redes sociales (Facebook, Instagram y WhatsApp), para luego ser llevadas a tierras extranjeras, por v\u00edas terrestres y fluviales desde Delta Amacuro.<\/p>\n\n\n\n<p>Los detenidos fueron identificados como<strong>&nbsp;Orlenis del Valle Navarro Gil (64), Alexander Javier Mart\u00ednez (43), Manuel Oscar L\u00f3pez (61), Ornelys del Valle Morales Navarro (39), Jesucita del Valle Salinas Gil (45), Michelle Estefany Castillo N\u00fa\u00f1ez (19), Yoander Iv\u00e1n Parra Campos (23), Arturo Visaina Andrade Torres (39), Miguelangel Josuee Mendoza Osal (19), Chantalh Alexandra Morillo Campos (19) y Jos\u00e9 Alberto Vegas Castro (25).<\/strong><\/p>\n\n\n\n<p>Detall\u00f3 que quedan por aprehender a otros siete (7) delincuentes:&nbsp;<strong>Leomara Elena P\u00e9rez Vegas (35), Adolfo Javier Gonz\u00e1lez Osal (34), Celeste Vel\u00e1squez, Keily Colmenares, Luis Navarro,<\/strong>&nbsp;alias Guicho y un hombre&nbsp;<strong>apodado Pepe<\/strong>; as\u00ed como a&nbsp;<strong>Grecia Jim\u00e9nez<\/strong>, a quien se le libr\u00f3 una orden de captura con Interpol.<\/p>\n\n\n\n<figure><iframe allowfullscreen=\"true\" class=\"\" src=\"https:\/\/platform.twitter.com\/embed\/index.html?creatorScreenName=VTVcanal8&amp;dnt=false&amp;embedId=twitter-widget-0&amp;frame=false&amp;hideCard=false&amp;hideThread=false&amp;id=1351225410760175618&amp;lang=es&amp;origin=https%3A%2F%2Fwww.vtv.gob.ve%2Fcicpc-desmantelo-bandas-criminales-esclarecio-casos-connotacion-nacional%2F&amp;siteScreenName=VTVcanal8&amp;theme=light&amp;widgetsVersion=ed20a2b%3A1601588405575&amp;width=550px\"><\/iframe><\/figure>\n\n\n\n<p><strong>Capturados atracadores que captaban v\u00edctimas por Internet<\/strong><\/p>\n\n\n\n<p>En otro hecho, el Director del CICPC manifest\u00f3 que a trav\u00e9s de Marketplace han sido publicadas las ventas de veh\u00edculos a precios m\u00f3dicos para captar a interesados y coordinar sitios de encuentro, modus operandi utilizado por los delincuentes para someter y retener en contra de su voluntad a los compradores y despojarlos de sus pertenencias o comunicarse con sus familiares a fin de solicitar sumas de dinero a cambio de su liberaci\u00f3n.<\/p>\n\n\n\n<p>Por esta pr\u00e1ctica delictiva, la Divisi\u00f3n Nacional Contra Secuestro captur\u00f3 a&nbsp;<strong>Reinaldo Argenis Rodr\u00edguez Sambria (23),<\/strong>&nbsp;quien en complicidad con otros criminales, habr\u00edan secuestrado a los<strong>&nbsp;hermanos Medina Velasco<\/strong>, por quienes solicitaron a familiares dinero en divisas<\/p>\n\n\n\n<p>Tras la denuncia respectiva ante el CICPC, se inici\u00f3 un operativo de rescate controlado en Las Mayas, parroquia Coche en Caracas, de donde los delincuentes huyeron al notar presencia policial. En el lugar fue encontrada una&nbsp; granada fragmentaria.<\/p>\n\n\n\n<p><strong>Liberado un secuestrado en Zulia<\/strong><\/p>\n\n\n\n<p>De igual manera, a\u00f1adi\u00f3 que funcionarios de la Divisi\u00f3n Contra Secuestro, mediante un pago controlado lograron la liberaci\u00f3n del m\u00e9dico veterinario,&nbsp;<strong>Neuro Enrique Vargas Fuenmayor (71),<\/strong>&nbsp;a quien ten\u00edan en cautiverio en el estado Zulia. Se contin\u00faan las pesquisas para dar con la captura de los investigados.<\/p>\n\n\n\n<p><strong>Capturados ladrones de TDC internacionales<\/strong><\/p>\n\n\n\n<p>Indic\u00f3 tambi\u00e9n que en el municipio Baruta, estado Miranda, fue desmantelado un grupo delictivo que se dedicaba a sustraer chips de tarjetas de cr\u00e9dito internacionales de quienes tienen cuentas en el exterior.<\/p>\n\n\n\n<p>Vali\u00e9ndose de su trabajo en una empresa de env\u00edos encargada de la recepci\u00f3n de las mismas, sustra\u00edan los dispositivos y luego reenviaban los chips a los Estados Unidos, donde eran recibidos por un sujeto de nombre&nbsp;<strong>Christopher<\/strong>, y proced\u00eda a sustraer el dinero de las v\u00edctimas.<\/p>\n\n\n\n<p>Los detenidos fueron identificados como&nbsp;<strong>Yoibert Alexis Mijares Matheus (37)<\/strong>, apodado Caraota, encargado de la operatividad, y los trabajadores de la empresa&nbsp;<strong>Juan Alberto Rivas Infante (49)<\/strong>&nbsp;y&nbsp;<strong>Michel Giussepe del Vecchio David (36)<\/strong>, a quienes se les incaut\u00f3 mil 70 tarjetas suplantadas y un scanner para manejo de informaci\u00f3n.<\/p>\n\n\n\n<p><strong>Esclarecido doble homicidio en El Junko<\/strong><\/p>\n\n\n\n<p>El Director del CICPC indic\u00f3 que fue esclarecido el doble homicidio de<strong>&nbsp;Jeniffer Carolina Guill\u00e9n de Herrera (35) y Daxson Enrique Herrera Puche (46)<\/strong>, ocurrido el pasado 17 de octubre del 2019, en el kil\u00f3metro 19 de la carretera El Junquito, urbanizaci\u00f3n El Junko, sector El Topo.<\/p>\n\n\n\n<p>Destac\u00f3 que la pareja sostuvo una discusi\u00f3n con un vecino, identificado como&nbsp;<strong>Miguel \u00c1ngel Soto Moreno (48),<\/strong>&nbsp;por cuestiones de linderos de la vivienda, quien en&nbsp; complicidad con dos trabajadores,&nbsp;<strong>Franco Jos\u00e9 Campo Moreno (39) y Hern\u00e1n Salvador \u00c1lvarez Rond\u00f3n (22)<\/strong>, procedieron&nbsp; a causarle la muerte con un arma blanca y sepultarlos en su residencia.<\/p>\n\n\n\n<p>Se apoderaron de los celulares de las v\u00edctimas, creando falsos perfiles en redes sociales para comunicarse con los familiares de los occisos e indicarles que se hab\u00edan ido a la Rep\u00fablica de Colombia. Sin embargo, los parientes acuden a la polic\u00eda cient\u00edfica al no validar la informaci\u00f3n suministrada por los homicidas; logrando la Divisi\u00f3n de Investigaciones de Homicidios, detener a los victimarios.<\/p>\n\n\n\n<p>Precis\u00f3 que por este caso est\u00e1 en b\u00fasqueda y captura una mujer de nombre&nbsp;<strong>Mar\u00eda Chirinos<\/strong>, quien comercializaba la vivienda de la pareja.<\/p>\n\n\n\n<figure><iframe allowfullscreen=\"true\" class=\"\" src=\"https:\/\/platform.twitter.com\/embed\/index.html?creatorScreenName=VTVcanal8&amp;dnt=false&amp;embedId=twitter-widget-1&amp;frame=false&amp;hideCard=false&amp;hideThread=false&amp;id=1324052028449034245&amp;lang=es&amp;origin=https%3A%2F%2Fwww.vtv.gob.ve%2Fcicpc-desmantelo-bandas-criminales-esclarecio-casos-connotacion-nacional%2F&amp;siteScreenName=VTVcanal8&amp;theme=light&amp;widgetsVersion=ed20a2b%3A1601588405575&amp;width=550px\"><\/iframe><\/figure>\n","protected":false},"excerpt":{"rendered":"<p>El&nbsp;Cuerpo de Investigaciones Cient\u00edficas, Penales y Criminal\u00edsticas (CICPC),&nbsp;desmantel\u00f3 a un peligroso grupo delictivo mediante la captura &hellip; <a title=\"CICPC desmantel\u00f3 bandas criminales de trata de personas hacia Trinidad y Tobago y esclareci\u00f3 otros casos de connotaci\u00f3n nacional\" class=\"hm-read-more\" href=\"https:\/\/www.mpppst.gob.ve\/mpppstweb\/index.php\/2021\/01\/19\/cicpc-desmantelo-bandas-criminales-de-trata-de-personas-hacia-trinidad-y-tobago-y-esclarecio-otros-casos-de-connotacion-nacional\/\"><span class=\"screen-reader-text\">CICPC desmantel\u00f3 bandas criminales de trata de personas hacia Trinidad y Tobago y esclareci\u00f3 otros casos de connotaci\u00f3n nacional<\/span>Read more<\/a><\/p>\n","protected":false},"author":25,"featured_media":21242,"comment_status":"closed","ping_status":"closed","sticky":false,"template":"","format":"standard","meta":{"footnotes":""},"categories":[82,163],"tags":[],"yoast_head":"<!-- This site is optimized with the Yoast SEO plugin v22.5 - https:\/\/yoast.com\/wordpress\/plugins\/seo\/ -->\n<title>CICPC desmantel\u00f3 bandas criminales de trata de personas hacia Trinidad y Tobago y esclareci\u00f3 otros casos de connotaci\u00f3n nacional - MPPPST<\/title>\n<meta name=\"robots\" content=\"index, follow, max-snippet:-1, max-image-preview:large, max-video-preview:-1\" \/>\n<link rel=\"canonical\" href=\"https:\/\/www.mpppst.gob.ve\/mpppstweb\/index.php\/2021\/01\/19\/cicpc-desmantelo-bandas-criminales-de-trata-de-personas-hacia-trinidad-y-tobago-y-esclarecio-otros-casos-de-connotacion-nacional\/\" \/>\n<meta property=\"og:locale\" content=\"es_ES\" \/>\n<meta property=\"og:type\" content=\"article\" \/>\n<meta property=\"og:title\" content=\"CICPC desmantel\u00f3 bandas criminales de trata de personas hacia Trinidad y Tobago y esclareci\u00f3 otros casos de connotaci\u00f3n nacional - MPPPST\" \/>\n<meta property=\"og:description\" content=\"El&nbsp;Cuerpo de Investigaciones Cient\u00edficas, Penales y Criminal\u00edsticas (CICPC),&nbsp;desmantel\u00f3 a un peligroso grupo delictivo mediante la captura &hellip; CICPC desmantel\u00f3 bandas criminales de trata de personas hacia Trinidad y Tobago y esclareci\u00f3 otros casos de connotaci\u00f3n nacionalRead more\" \/>\n<meta property=\"og:url\" content=\"https:\/\/www.mpppst.gob.ve\/mpppstweb\/index.php\/2021\/01\/19\/cicpc-desmantelo-bandas-criminales-de-trata-de-personas-hacia-trinidad-y-tobago-y-esclarecio-otros-casos-de-connotacion-nacional\/\" \/>\n<meta property=\"og:site_name\" content=\"MPPPST\" \/>\n<meta property=\"article:published_time\" content=\"2021-01-19T14:32:42+00:00\" \/>\n<meta property=\"article:modified_time\" content=\"2021-01-19T14:32:44+00:00\" \/>\n<meta property=\"og:image\" content=\"https:\/\/www.mpppst.gob.ve\/mpppstweb\/wp-content\/uploads\/2021\/01\/cicpc-Douglas-Rico-768x427-1.jpg\" \/>\n\t<meta property=\"og:image:width\" content=\"768\" \/>\n\t<meta property=\"og:image:height\" content=\"427\" \/>\n\t<meta property=\"og:image:type\" content=\"image\/jpeg\" \/>\n<meta name=\"author\" content=\"MPPPST Prensa\" \/>\n<meta name=\"twitter:card\" content=\"summary_large_image\" \/>\n<meta name=\"twitter:label1\" content=\"Escrito por\" \/>\n\t<meta name=\"twitter:data1\" content=\"MPPPST Prensa\" \/>\n\t<meta name=\"twitter:label2\" content=\"Tiempo de lectura\" \/>\n\t<meta name=\"twitter:data2\" content=\"4 minutos\" \/>\n<script type=\"application\/ld+json\" class=\"yoast-schema-graph\">{\"@context\":\"https:\/\/schema.org\",\"@graph\":[{\"@type\":\"Article\",\"@id\":\"https:\/\/www.mpppst.gob.ve\/mpppstweb\/index.php\/2021\/01\/19\/cicpc-desmantelo-bandas-criminales-de-trata-de-personas-hacia-trinidad-y-tobago-y-esclarecio-otros-casos-de-connotacion-nacional\/#article\",\"isPartOf\":{\"@id\":\"https:\/\/www.mpppst.gob.ve\/mpppstweb\/index.php\/2021\/01\/19\/cicpc-desmantelo-bandas-criminales-de-trata-de-personas-hacia-trinidad-y-tobago-y-esclarecio-otros-casos-de-connotacion-nacional\/\"},\"author\":{\"name\":\"MPPPST Prensa\",\"@id\":\"https:\/\/www.mpppst.gob.ve\/mpppstweb\/#\/schema\/person\/fc187ee8ead412bd4c9304b62f900ea4\"},\"headline\":\"CICPC desmantel\u00f3 bandas criminales de trata de personas hacia Trinidad y Tobago y esclareci\u00f3 otros casos de connotaci\u00f3n nacional\",\"datePublished\":\"2021-01-19T14:32:42+00:00\",\"dateModified\":\"2021-01-19T14:32:44+00:00\",\"mainEntityOfPage\":{\"@id\":\"https:\/\/www.mpppst.gob.ve\/mpppstweb\/index.php\/2021\/01\/19\/cicpc-desmantelo-bandas-criminales-de-trata-de-personas-hacia-trinidad-y-tobago-y-esclarecio-otros-casos-de-connotacion-nacional\/\"},\"wordCount\":889,\"publisher\":{\"@id\":\"https:\/\/www.mpppst.gob.ve\/mpppstweb\/#organization\"},\"image\":{\"@id\":\"https:\/\/www.mpppst.gob.ve\/mpppstweb\/index.php\/2021\/01\/19\/cicpc-desmantelo-bandas-criminales-de-trata-de-personas-hacia-trinidad-y-tobago-y-esclarecio-otros-casos-de-connotacion-nacional\/#primaryimage\"},\"thumbnailUrl\":\"https:\/\/www.mpppst.gob.ve\/mpppstweb\/wp-content\/uploads\/2021\/01\/cicpc-Douglas-Rico-768x427-1.jpg\",\"articleSection\":[\"Gobierno Nacional\",\"Noticias\"],\"inLanguage\":\"es\"},{\"@type\":\"WebPage\",\"@id\":\"https:\/\/www.mpppst.gob.ve\/mpppstweb\/index.php\/2021\/01\/19\/cicpc-desmantelo-bandas-criminales-de-trata-de-personas-hacia-trinidad-y-tobago-y-esclarecio-otros-casos-de-connotacion-nacional\/\",\"url\":\"https:\/\/www.mpppst.gob.ve\/mpppstweb\/index.php\/2021\/01\/19\/cicpc-desmantelo-bandas-criminales-de-trata-de-personas-hacia-trinidad-y-tobago-y-esclarecio-otros-casos-de-connotacion-nacional\/\",\"name\":\"CICPC desmantel\u00f3 bandas criminales de trata de personas hacia Trinidad y Tobago y esclareci\u00f3 otros casos de connotaci\u00f3n nacional - MPPPST\",\"isPartOf\":{\"@id\":\"https:\/\/www.mpppst.gob.ve\/mpppstweb\/#website\"},\"primaryImageOfPage\":{\"@id\":\"https:\/\/www.mpppst.gob.ve\/mpppstweb\/index.php\/2021\/01\/19\/cicpc-desmantelo-bandas-criminales-de-trata-de-personas-hacia-trinidad-y-tobago-y-esclarecio-otros-casos-de-connotacion-nacional\/#primaryimage\"},\"image\":{\"@id\":\"https:\/\/www.mpppst.gob.ve\/mpppstweb\/index.php\/2021\/01\/19\/cicpc-desmantelo-bandas-criminales-de-trata-de-personas-hacia-trinidad-y-tobago-y-esclarecio-otros-casos-de-connotacion-nacional\/#primaryimage\"},\"thumbnailUrl\":\"https:\/\/www.mpppst.gob.ve\/mpppstweb\/wp-content\/uploads\/2021\/01\/cicpc-Douglas-Rico-768x427-1.jpg\",\"datePublished\":\"2021-01-19T14:32:42+00:00\",\"dateModified\":\"2021-01-19T14:32:44+00:00\",\"breadcrumb\":{\"@id\":\"https:\/\/www.mpppst.gob.ve\/mpppstweb\/index.php\/2021\/01\/19\/cicpc-desmantelo-bandas-criminales-de-trata-de-personas-hacia-trinidad-y-tobago-y-esclarecio-otros-casos-de-connotacion-nacional\/#breadcrumb\"},\"inLanguage\":\"es\",\"potentialAction\":[{\"@type\":\"ReadAction\",\"target\":[\"https:\/\/www.mpppst.gob.ve\/mpppstweb\/index.php\/2021\/01\/19\/cicpc-desmantelo-bandas-criminales-de-trata-de-personas-hacia-trinidad-y-tobago-y-esclarecio-otros-casos-de-connotacion-nacional\/\"]}]},{\"@type\":\"ImageObject\",\"inLanguage\":\"es\",\"@id\":\"https:\/\/www.mpppst.gob.ve\/mpppstweb\/index.php\/2021\/01\/19\/cicpc-desmantelo-bandas-criminales-de-trata-de-personas-hacia-trinidad-y-tobago-y-esclarecio-otros-casos-de-connotacion-nacional\/#primaryimage\",\"url\":\"https:\/\/www.mpppst.gob.ve\/mpppstweb\/wp-content\/uploads\/2021\/01\/cicpc-Douglas-Rico-768x427-1.jpg\",\"contentUrl\":\"https:\/\/www.mpppst.gob.ve\/mpppstweb\/wp-content\/uploads\/2021\/01\/cicpc-Douglas-Rico-768x427-1.jpg\",\"width\":768,\"height\":427},{\"@type\":\"BreadcrumbList\",\"@id\":\"https:\/\/www.mpppst.gob.ve\/mpppstweb\/index.php\/2021\/01\/19\/cicpc-desmantelo-bandas-criminales-de-trata-de-personas-hacia-trinidad-y-tobago-y-esclarecio-otros-casos-de-connotacion-nacional\/#breadcrumb\",\"itemListElement\":[{\"@type\":\"ListItem\",\"position\":1,\"name\":\"Home\",\"item\":\"https:\/\/www.mpppst.gob.ve\/mpppstweb\/\"},{\"@type\":\"ListItem\",\"position\":2,\"name\":\"CICPC desmantel\u00f3 bandas criminales de trata de personas hacia Trinidad y Tobago y esclareci\u00f3 otros casos de connotaci\u00f3n nacional\"}]},{\"@type\":\"WebSite\",\"@id\":\"https:\/\/www.mpppst.gob.ve\/mpppstweb\/#website\",\"url\":\"https:\/\/www.mpppst.gob.ve\/mpppstweb\/\",\"name\":\"MPPPST\",\"description\":\"Ministerio del Poder Popular para el Proceso Social de Trabajo\",\"publisher\":{\"@id\":\"https:\/\/www.mpppst.gob.ve\/mpppstweb\/#organization\"},\"potentialAction\":[{\"@type\":\"SearchAction\",\"target\":{\"@type\":\"EntryPoint\",\"urlTemplate\":\"https:\/\/www.mpppst.gob.ve\/mpppstweb\/?s={search_term_string}\"},\"query-input\":\"required name=search_term_string\"}],\"inLanguage\":\"es\"},{\"@type\":\"Organization\",\"@id\":\"https:\/\/www.mpppst.gob.ve\/mpppstweb\/#organization\",\"name\":\"mpppst\",\"url\":\"https:\/\/www.mpppst.gob.ve\/mpppstweb\/\",\"logo\":{\"@type\":\"ImageObject\",\"inLanguage\":\"es\",\"@id\":\"https:\/\/www.mpppst.gob.ve\/mpppstweb\/#\/schema\/logo\/image\/\",\"url\":\"https:\/\/www.mpppst.gob.ve\/mpppstweb\/wp-content\/uploads\/2025\/07\/cropped-cropped-g910.png\",\"contentUrl\":\"https:\/\/www.mpppst.gob.ve\/mpppstweb\/wp-content\/uploads\/2025\/07\/cropped-cropped-g910.png\",\"width\":1080,\"height\":241,\"caption\":\"mpppst\"},\"image\":{\"@id\":\"https:\/\/www.mpppst.gob.ve\/mpppstweb\/#\/schema\/logo\/image\/\"}},{\"@type\":\"Person\",\"@id\":\"https:\/\/www.mpppst.gob.ve\/mpppstweb\/#\/schema\/person\/fc187ee8ead412bd4c9304b62f900ea4\",\"name\":\"MPPPST Prensa\",\"url\":\"https:\/\/www.mpppst.gob.ve\/mpppstweb\/index.php\/author\/prensa-mpppst\/\"}]}<\/script>\n<!-- \/ Yoast SEO plugin. -->","yoast_head_json":{"title":"CICPC desmantel\u00f3 bandas criminales de trata de personas hacia Trinidad y Tobago y esclareci\u00f3 otros casos de connotaci\u00f3n nacional - MPPPST","robots":{"index":"index","follow":"follow","max-snippet":"max-snippet:-1","max-image-preview":"max-image-preview:large","max-video-preview":"max-video-preview:-1"},"canonical":"https:\/\/www.mpppst.gob.ve\/mpppstweb\/index.php\/2021\/01\/19\/cicpc-desmantelo-bandas-criminales-de-trata-de-personas-hacia-trinidad-y-tobago-y-esclarecio-otros-casos-de-connotacion-nacional\/","og_locale":"es_ES","og_type":"article","og_title":"CICPC desmantel\u00f3 bandas criminales de trata de personas hacia Trinidad y Tobago y esclareci\u00f3 otros casos de connotaci\u00f3n nacional - MPPPST","og_description":"El&nbsp;Cuerpo de Investigaciones Cient\u00edficas, Penales y Criminal\u00edsticas (CICPC),&nbsp;desmantel\u00f3 a un peligroso grupo delictivo mediante la captura &hellip; CICPC desmantel\u00f3 bandas criminales de trata de personas hacia Trinidad y Tobago y esclareci\u00f3 otros casos de connotaci\u00f3n nacionalRead more","og_url":"https:\/\/www.mpppst.gob.ve\/mpppstweb\/index.php\/2021\/01\/19\/cicpc-desmantelo-bandas-criminales-de-trata-de-personas-hacia-trinidad-y-tobago-y-esclarecio-otros-casos-de-connotacion-nacional\/","og_site_name":"MPPPST","article_published_time":"2021-01-19T14:32:42+00:00","article_modified_time":"2021-01-19T14:32:44+00:00","og_image":[{"width":768,"height":427,"url":"https:\/\/www.mpppst.gob.ve\/mpppstweb\/wp-content\/uploads\/2021\/01\/cicpc-Douglas-Rico-768x427-1.jpg","type":"image\/jpeg"}],"author":"MPPPST Prensa","twitter_card":"summary_large_image","twitter_misc":{"Escrito por":"MPPPST Prensa","Tiempo de lectura":"4 minutos"},"schema":{"@context":"https:\/\/schema.org","@graph":[{"@type":"Article","@id":"https:\/\/www.mpppst.gob.ve\/mpppstweb\/index.php\/2021\/01\/19\/cicpc-desmantelo-bandas-criminales-de-trata-de-personas-hacia-trinidad-y-tobago-y-esclarecio-otros-casos-de-connotacion-nacional\/#article","isPartOf":{"@id":"https:\/\/www.mpppst.gob.ve\/mpppstweb\/index.php\/2021\/01\/19\/cicpc-desmantelo-bandas-criminales-de-trata-de-personas-hacia-trinidad-y-tobago-y-esclarecio-otros-casos-de-connotacion-nacional\/"},"author":{"name":"MPPPST Prensa","@id":"https:\/\/www.mpppst.gob.ve\/mpppstweb\/#\/schema\/person\/fc187ee8ead412bd4c9304b62f900ea4"},"headline":"CICPC desmantel\u00f3 bandas criminales de trata de personas hacia Trinidad y Tobago y esclareci\u00f3 otros casos de connotaci\u00f3n nacional","datePublished":"2021-01-19T14:32:42+00:00","dateModified":"2021-01-19T14:32:44+00:00","mainEntityOfPage":{"@id":"https:\/\/www.mpppst.gob.ve\/mpppstweb\/index.php\/2021\/01\/19\/cicpc-desmantelo-bandas-criminales-de-trata-de-personas-hacia-trinidad-y-tobago-y-esclarecio-otros-casos-de-connotacion-nacional\/"},"wordCount":889,"publisher":{"@id":"https:\/\/www.mpppst.gob.ve\/mpppstweb\/#organization"},"image":{"@id":"https:\/\/www.mpppst.gob.ve\/mpppstweb\/index.php\/2021\/01\/19\/cicpc-desmantelo-bandas-criminales-de-trata-de-personas-hacia-trinidad-y-tobago-y-esclarecio-otros-casos-de-connotacion-nacional\/#primaryimage"},"thumbnailUrl":"https:\/\/www.mpppst.gob.ve\/mpppstweb\/wp-content\/uploads\/2021\/01\/cicpc-Douglas-Rico-768x427-1.jpg","articleSection":["Gobierno Nacional","Noticias"],"inLanguage":"es"},{"@type":"WebPage","@id":"https:\/\/www.mpppst.gob.ve\/mpppstweb\/index.php\/2021\/01\/19\/cicpc-desmantelo-bandas-criminales-de-trata-de-personas-hacia-trinidad-y-tobago-y-esclarecio-otros-casos-de-connotacion-nacional\/","url":"https:\/\/www.mpppst.gob.ve\/mpppstweb\/index.php\/2021\/01\/19\/cicpc-desmantelo-bandas-criminales-de-trata-de-personas-hacia-trinidad-y-tobago-y-esclarecio-otros-casos-de-connotacion-nacional\/","name":"CICPC desmantel\u00f3 bandas criminales de trata de personas hacia Trinidad y Tobago y esclareci\u00f3 otros casos de connotaci\u00f3n nacional - MPPPST","isPartOf":{"@id":"https:\/\/www.mpppst.gob.ve\/mpppstweb\/#website"},"primaryImageOfPage":{"@id":"https:\/\/www.mpppst.gob.ve\/mpppstweb\/index.php\/2021\/01\/19\/cicpc-desmantelo-bandas-criminales-de-trata-de-personas-hacia-trinidad-y-tobago-y-esclarecio-otros-casos-de-connotacion-nacional\/#primaryimage"},"image":{"@id":"https:\/\/www.mpppst.gob.ve\/mpppstweb\/index.php\/2021\/01\/19\/cicpc-desmantelo-bandas-criminales-de-trata-de-personas-hacia-trinidad-y-tobago-y-esclarecio-otros-casos-de-connotacion-nacional\/#primaryimage"},"thumbnailUrl":"https:\/\/www.mpppst.gob.ve\/mpppstweb\/wp-content\/uploads\/2021\/01\/cicpc-Douglas-Rico-768x427-1.jpg","datePublished":"2021-01-19T14:32:42+00:00","dateModified":"2021-01-19T14:32:44+00:00","breadcrumb":{"@id":"https:\/\/www.mpppst.gob.ve\/mpppstweb\/index.php\/2021\/01\/19\/cicpc-desmantelo-bandas-criminales-de-trata-de-personas-hacia-trinidad-y-tobago-y-esclarecio-otros-casos-de-connotacion-nacional\/#breadcrumb"},"inLanguage":"es","potentialAction":[{"@type":"ReadAction","target":["https:\/\/www.mpppst.gob.ve\/mpppstweb\/index.php\/2021\/01\/19\/cicpc-desmantelo-bandas-criminales-de-trata-de-personas-hacia-trinidad-y-tobago-y-esclarecio-otros-casos-de-connotacion-nacional\/"]}]},{"@type":"ImageObject","inLanguage":"es","@id":"https:\/\/www.mpppst.gob.ve\/mpppstweb\/index.php\/2021\/01\/19\/cicpc-desmantelo-bandas-criminales-de-trata-de-personas-hacia-trinidad-y-tobago-y-esclarecio-otros-casos-de-connotacion-nacional\/#primaryimage","url":"https:\/\/www.mpppst.gob.ve\/mpppstweb\/wp-content\/uploads\/2021\/01\/cicpc-Douglas-Rico-768x427-1.jpg","contentUrl":"https:\/\/www.mpppst.gob.ve\/mpppstweb\/wp-content\/uploads\/2021\/01\/cicpc-Douglas-Rico-768x427-1.jpg","width":768,"height":427},{"@type":"BreadcrumbList","@id":"https:\/\/www.mpppst.gob.ve\/mpppstweb\/index.php\/2021\/01\/19\/cicpc-desmantelo-bandas-criminales-de-trata-de-personas-hacia-trinidad-y-tobago-y-esclarecio-otros-casos-de-connotacion-nacional\/#breadcrumb","itemListElement":[{"@type":"ListItem","position":1,"name":"Home","item":"https:\/\/www.mpppst.gob.ve\/mpppstweb\/"},{"@type":"ListItem","position":2,"name":"CICPC desmantel\u00f3 bandas criminales de trata de personas hacia Trinidad y Tobago y esclareci\u00f3 otros casos de connotaci\u00f3n nacional"}]},{"@type":"WebSite","@id":"https:\/\/www.mpppst.gob.ve\/mpppstweb\/#website","url":"https:\/\/www.mpppst.gob.ve\/mpppstweb\/","name":"MPPPST","description":"Ministerio del Poder Popular para el Proceso Social de Trabajo","publisher":{"@id":"https:\/\/www.mpppst.gob.ve\/mpppstweb\/#organization"},"potentialAction":[{"@type":"SearchAction","target":{"@type":"EntryPoint","urlTemplate":"https:\/\/www.mpppst.gob.ve\/mpppstweb\/?s={search_term_string}"},"query-input":"required name=search_term_string"}],"inLanguage":"es"},{"@type":"Organization","@id":"https:\/\/www.mpppst.gob.ve\/mpppstweb\/#organization","name":"mpppst","url":"https:\/\/www.mpppst.gob.ve\/mpppstweb\/","logo":{"@type":"ImageObject","inLanguage":"es","@id":"https:\/\/www.mpppst.gob.ve\/mpppstweb\/#\/schema\/logo\/image\/","url":"https:\/\/www.mpppst.gob.ve\/mpppstweb\/wp-content\/uploads\/2025\/07\/cropped-cropped-g910.png","contentUrl":"https:\/\/www.mpppst.gob.ve\/mpppstweb\/wp-content\/uploads\/2025\/07\/cropped-cropped-g910.png","width":1080,"height":241,"caption":"mpppst"},"image":{"@id":"https:\/\/www.mpppst.gob.ve\/mpppstweb\/#\/schema\/logo\/image\/"}},{"@type":"Person","@id":"https:\/\/www.mpppst.gob.ve\/mpppstweb\/#\/schema\/person\/fc187ee8ead412bd4c9304b62f900ea4","name":"MPPPST Prensa","url":"https:\/\/www.mpppst.gob.ve\/mpppstweb\/index.php\/author\/prensa-mpppst\/"}]}},"_links":{"self":[{"href":"https:\/\/www.mpppst.gob.ve\/mpppstweb\/index.php\/wp-json\/wp\/v2\/posts\/21241"}],"collection":[{"href":"https:\/\/www.mpppst.gob.ve\/mpppstweb\/index.php\/wp-json\/wp\/v2\/posts"}],"about":[{"href":"https:\/\/www.mpppst.gob.ve\/mpppstweb\/index.php\/wp-json\/wp\/v2\/types\/post"}],"author":[{"embeddable":true,"href":"https:\/\/www.mpppst.gob.ve\/mpppstweb\/index.php\/wp-json\/wp\/v2\/users\/25"}],"replies":[{"embeddable":true,"href":"https:\/\/www.mpppst.gob.ve\/mpppstweb\/index.php\/wp-json\/wp\/v2\/comments?post=21241"}],"version-history":[{"count":1,"href":"https:\/\/www.mpppst.gob.ve\/mpppstweb\/index.php\/wp-json\/wp\/v2\/posts\/21241\/revisions"}],"predecessor-version":[{"id":21243,"href":"https:\/\/www.mpppst.gob.ve\/mpppstweb\/index.php\/wp-json\/wp\/v2\/posts\/21241\/revisions\/21243"}],"wp:featuredmedia":[{"embeddable":true,"href":"https:\/\/www.mpppst.gob.ve\/mpppstweb\/index.php\/wp-json\/wp\/v2\/media\/21242"}],"wp:attachment":[{"href":"https:\/\/www.mpppst.gob.ve\/mpppstweb\/index.php\/wp-json\/wp\/v2\/media?parent=21241"}],"wp:term":[{"taxonomy":"category","embeddable":true,"href":"https:\/\/www.mpppst.gob.ve\/mpppstweb\/index.php\/wp-json\/wp\/v2\/categories?post=21241"},{"taxonomy":"post_tag","embeddable":true,"href":"https:\/\/www.mpppst.gob.ve\/mpppstweb\/index.php\/wp-json\/wp\/v2\/tags?post=21241"}],"curies":[{"name":"wp","href":"https:\/\/api.w.org\/{rel}","templated":true}]}}