{"id":21244,"date":"2021-01-19T10:35:48","date_gmt":"2021-01-19T14:35:48","guid":{"rendered":"http:\/\/www.mpppst.gob.ve\/mpppstweb\/?p=21244"},"modified":"2021-01-19T10:35:49","modified_gmt":"2021-01-19T14:35:49","slug":"crece-rechazo-a-trump-en-visperas-de-la-salida-de-su-administracion","status":"publish","type":"post","link":"https:\/\/www.mpppst.gob.ve\/mpppstweb\/index.php\/2021\/01\/19\/crece-rechazo-a-trump-en-visperas-de-la-salida-de-su-administracion\/","title":{"rendered":"Crece rechazo a Trump en v\u00edsperas de la salida de su administraci\u00f3n"},"content":{"rendered":"\n<p>Los \u00edndices de aprobaci\u00f3n del presidente estadounidense,&nbsp;<strong>Donald Trump<\/strong>, alcanzan este martes un m\u00ednimo hist\u00f3rico entre los votantes, un d\u00eda antes del t\u00e9rmino de su mandato y la toma de posesi\u00f3n del mandatario electo,&nbsp;<strong>Joe Biden<\/strong>.&nbsp;De acuerdo con una encuesta reciente de la agencia Gallup, solo 34 por ciento de los norteamericanos avala el trabajo de Trump como gobernante, lo cual representa el nivel m\u00e1s bajo desde que asumi\u00f3 el cargo en 2017.<\/p>\n\n\n\n<p>La tasa de aceptaci\u00f3n promedio de Trump de 41 por ciento durante sus cuatro a\u00f1os en el cargo, es ahora cuatro puntos inferior al de cualquiera de sus predecesores en la Casa Blanca en la era de las encuestas de Gallup, inform\u00f3 la agencia.<\/p>\n\n\n\n<p>Trump es el primer presidente que no logra alcanzar el 50 por ciento de apoyo de los ciudadanos en ning\u00fan momento desde que la encuestadora comenz\u00f3 a medir la aprobaci\u00f3n del trabajo presidencial en 1938, sostiene Prensa Latina.<\/p>\n\n\n\n<p>Por otra parte, una pesquisa de ABC News\/Ipsos publicada el domingo revel\u00f3 que la mayor\u00eda de los estadounidenses considera que Trump deber\u00eda ser destituido de su puesto.<\/p>\n\n\n\n<p>El bajo nivel de apoyo a la labor de Trump se produjo menos de dos semanas despu\u00e9s de que el Capitolio fuera invadido el 6 de enero por una multitud de sus partidarios que impugnaban los resultados de las elecciones presidenciales.<\/p>\n\n\n\n<p>Este ataque tuvo lugar en momentos en que una sesi\u00f3n conjunta de la C\u00e1mara de Representantes y el Senado se dispon\u00eda a certificar el triunfo de Biden en los comicios del 3 de noviembre.<\/p>\n\n\n\n<p>Tras el ataque a la sede del legislativo, expertos coinciden en se\u00f1alar que existe un sentimiento de rechazo entre amplios sectores de la pol\u00edtica y la poblaci\u00f3n en general de la naci\u00f3n norte\u00f1a.<\/p>\n","protected":false},"excerpt":{"rendered":"<p>Los \u00edndices de aprobaci\u00f3n del presidente estadounidense,&nbsp;Donald Trump, alcanzan este martes un m\u00ednimo hist\u00f3rico entre los &hellip; <a title=\"Crece rechazo a Trump en v\u00edsperas de la salida de su administraci\u00f3n\" class=\"hm-read-more\" href=\"https:\/\/www.mpppst.gob.ve\/mpppstweb\/index.php\/2021\/01\/19\/crece-rechazo-a-trump-en-visperas-de-la-salida-de-su-administracion\/\"><span class=\"screen-reader-text\">Crece rechazo a Trump en v\u00edsperas de la salida de su administraci\u00f3n<\/span>Read more<\/a><\/p>\n","protected":false},"author":25,"featured_media":21245,"comment_status":"closed","ping_status":"closed","sticky":false,"template":"","format":"standard","meta":{"footnotes":""},"categories":[8,163],"tags":[],"yoast_head":"<!-- This site is optimized with the Yoast SEO plugin v22.5 - https:\/\/yoast.com\/wordpress\/plugins\/seo\/ -->\n<title>Crece rechazo a Trump en v\u00edsperas de la salida de su administraci\u00f3n - MPPPST<\/title>\n<meta name=\"robots\" content=\"index, follow, max-snippet:-1, max-image-preview:large, max-video-preview:-1\" \/>\n<link rel=\"canonical\" href=\"https:\/\/www.mpppst.gob.ve\/mpppstweb\/index.php\/2021\/01\/19\/crece-rechazo-a-trump-en-visperas-de-la-salida-de-su-administracion\/\" \/>\n<meta property=\"og:locale\" content=\"es_ES\" \/>\n<meta property=\"og:type\" content=\"article\" \/>\n<meta property=\"og:title\" content=\"Crece rechazo a Trump en v\u00edsperas de la salida de su administraci\u00f3n - MPPPST\" \/>\n<meta property=\"og:description\" content=\"Los \u00edndices de aprobaci\u00f3n del presidente estadounidense,&nbsp;Donald Trump, alcanzan este martes un m\u00ednimo hist\u00f3rico entre los &hellip; Crece rechazo a Trump en v\u00edsperas de la salida de su administraci\u00f3nRead more\" \/>\n<meta property=\"og:url\" content=\"https:\/\/www.mpppst.gob.ve\/mpppstweb\/index.php\/2021\/01\/19\/crece-rechazo-a-trump-en-visperas-de-la-salida-de-su-administracion\/\" \/>\n<meta property=\"og:site_name\" content=\"MPPPST\" \/>\n<meta property=\"article:published_time\" content=\"2021-01-19T14:35:48+00:00\" \/>\n<meta property=\"article:modified_time\" content=\"2021-01-19T14:35:49+00:00\" \/>\n<meta property=\"og:image\" content=\"https:\/\/www.mpppst.gob.ve\/mpppstweb\/wp-content\/uploads\/2021\/01\/img2.rtve_-768x427-1.jpg\" \/>\n\t<meta property=\"og:image:width\" content=\"768\" \/>\n\t<meta property=\"og:image:height\" content=\"427\" \/>\n\t<meta property=\"og:image:type\" content=\"image\/jpeg\" \/>\n<meta name=\"author\" content=\"MPPPST Prensa\" \/>\n<meta name=\"twitter:card\" content=\"summary_large_image\" \/>\n<meta name=\"twitter:label1\" content=\"Escrito por\" \/>\n\t<meta name=\"twitter:data1\" content=\"MPPPST Prensa\" \/>\n\t<meta name=\"twitter:label2\" content=\"Tiempo de lectura\" \/>\n\t<meta name=\"twitter:data2\" content=\"2 minutos\" \/>\n<script type=\"application\/ld+json\" class=\"yoast-schema-graph\">{\"@context\":\"https:\/\/schema.org\",\"@graph\":[{\"@type\":\"Article\",\"@id\":\"https:\/\/www.mpppst.gob.ve\/mpppstweb\/index.php\/2021\/01\/19\/crece-rechazo-a-trump-en-visperas-de-la-salida-de-su-administracion\/#article\",\"isPartOf\":{\"@id\":\"https:\/\/www.mpppst.gob.ve\/mpppstweb\/index.php\/2021\/01\/19\/crece-rechazo-a-trump-en-visperas-de-la-salida-de-su-administracion\/\"},\"author\":{\"name\":\"MPPPST Prensa\",\"@id\":\"https:\/\/www.mpppst.gob.ve\/mpppstweb\/#\/schema\/person\/fc187ee8ead412bd4c9304b62f900ea4\"},\"headline\":\"Crece rechazo a Trump en v\u00edsperas de la salida de su administraci\u00f3n\",\"datePublished\":\"2021-01-19T14:35:48+00:00\",\"dateModified\":\"2021-01-19T14:35:49+00:00\",\"mainEntityOfPage\":{\"@id\":\"https:\/\/www.mpppst.gob.ve\/mpppstweb\/index.php\/2021\/01\/19\/crece-rechazo-a-trump-en-visperas-de-la-salida-de-su-administracion\/\"},\"wordCount\":324,\"publisher\":{\"@id\":\"https:\/\/www.mpppst.gob.ve\/mpppstweb\/#organization\"},\"image\":{\"@id\":\"https:\/\/www.mpppst.gob.ve\/mpppstweb\/index.php\/2021\/01\/19\/crece-rechazo-a-trump-en-visperas-de-la-salida-de-su-administracion\/#primaryimage\"},\"thumbnailUrl\":\"https:\/\/www.mpppst.gob.ve\/mpppstweb\/wp-content\/uploads\/2021\/01\/img2.rtve_-768x427-1.jpg\",\"articleSection\":[\"Internacionales\",\"Noticias\"],\"inLanguage\":\"es\"},{\"@type\":\"WebPage\",\"@id\":\"https:\/\/www.mpppst.gob.ve\/mpppstweb\/index.php\/2021\/01\/19\/crece-rechazo-a-trump-en-visperas-de-la-salida-de-su-administracion\/\",\"url\":\"https:\/\/www.mpppst.gob.ve\/mpppstweb\/index.php\/2021\/01\/19\/crece-rechazo-a-trump-en-visperas-de-la-salida-de-su-administracion\/\",\"name\":\"Crece rechazo a Trump en v\u00edsperas de la salida de su administraci\u00f3n - MPPPST\",\"isPartOf\":{\"@id\":\"https:\/\/www.mpppst.gob.ve\/mpppstweb\/#website\"},\"primaryImageOfPage\":{\"@id\":\"https:\/\/www.mpppst.gob.ve\/mpppstweb\/index.php\/2021\/01\/19\/crece-rechazo-a-trump-en-visperas-de-la-salida-de-su-administracion\/#primaryimage\"},\"image\":{\"@id\":\"https:\/\/www.mpppst.gob.ve\/mpppstweb\/index.php\/2021\/01\/19\/crece-rechazo-a-trump-en-visperas-de-la-salida-de-su-administracion\/#primaryimage\"},\"thumbnailUrl\":\"https:\/\/www.mpppst.gob.ve\/mpppstweb\/wp-content\/uploads\/2021\/01\/img2.rtve_-768x427-1.jpg\",\"datePublished\":\"2021-01-19T14:35:48+00:00\",\"dateModified\":\"2021-01-19T14:35:49+00:00\",\"breadcrumb\":{\"@id\":\"https:\/\/www.mpppst.gob.ve\/mpppstweb\/index.php\/2021\/01\/19\/crece-rechazo-a-trump-en-visperas-de-la-salida-de-su-administracion\/#breadcrumb\"},\"inLanguage\":\"es\",\"potentialAction\":[{\"@type\":\"ReadAction\",\"target\":[\"https:\/\/www.mpppst.gob.ve\/mpppstweb\/index.php\/2021\/01\/19\/crece-rechazo-a-trump-en-visperas-de-la-salida-de-su-administracion\/\"]}]},{\"@type\":\"ImageObject\",\"inLanguage\":\"es\",\"@id\":\"https:\/\/www.mpppst.gob.ve\/mpppstweb\/index.php\/2021\/01\/19\/crece-rechazo-a-trump-en-visperas-de-la-salida-de-su-administracion\/#primaryimage\",\"url\":\"https:\/\/www.mpppst.gob.ve\/mpppstweb\/wp-content\/uploads\/2021\/01\/img2.rtve_-768x427-1.jpg\",\"contentUrl\":\"https:\/\/www.mpppst.gob.ve\/mpppstweb\/wp-content\/uploads\/2021\/01\/img2.rtve_-768x427-1.jpg\",\"width\":768,\"height\":427},{\"@type\":\"BreadcrumbList\",\"@id\":\"https:\/\/www.mpppst.gob.ve\/mpppstweb\/index.php\/2021\/01\/19\/crece-rechazo-a-trump-en-visperas-de-la-salida-de-su-administracion\/#breadcrumb\",\"itemListElement\":[{\"@type\":\"ListItem\",\"position\":1,\"name\":\"Home\",\"item\":\"https:\/\/www.mpppst.gob.ve\/mpppstweb\/\"},{\"@type\":\"ListItem\",\"position\":2,\"name\":\"Crece rechazo a Trump en v\u00edsperas de la salida de su administraci\u00f3n\"}]},{\"@type\":\"WebSite\",\"@id\":\"https:\/\/www.mpppst.gob.ve\/mpppstweb\/#website\",\"url\":\"https:\/\/www.mpppst.gob.ve\/mpppstweb\/\",\"name\":\"MPPPST\",\"description\":\"Ministerio del Poder Popular para el Proceso Social de Trabajo\",\"publisher\":{\"@id\":\"https:\/\/www.mpppst.gob.ve\/mpppstweb\/#organization\"},\"potentialAction\":[{\"@type\":\"SearchAction\",\"target\":{\"@type\":\"EntryPoint\",\"urlTemplate\":\"https:\/\/www.mpppst.gob.ve\/mpppstweb\/?s={search_term_string}\"},\"query-input\":\"required name=search_term_string\"}],\"inLanguage\":\"es\"},{\"@type\":\"Organization\",\"@id\":\"https:\/\/www.mpppst.gob.ve\/mpppstweb\/#organization\",\"name\":\"mpppst\",\"url\":\"https:\/\/www.mpppst.gob.ve\/mpppstweb\/\",\"logo\":{\"@type\":\"ImageObject\",\"inLanguage\":\"es\",\"@id\":\"https:\/\/www.mpppst.gob.ve\/mpppstweb\/#\/schema\/logo\/image\/\",\"url\":\"https:\/\/www.mpppst.gob.ve\/mpppstweb\/wp-content\/uploads\/2025\/07\/cropped-cropped-g910.png\",\"contentUrl\":\"https:\/\/www.mpppst.gob.ve\/mpppstweb\/wp-content\/uploads\/2025\/07\/cropped-cropped-g910.png\",\"width\":1080,\"height\":241,\"caption\":\"mpppst\"},\"image\":{\"@id\":\"https:\/\/www.mpppst.gob.ve\/mpppstweb\/#\/schema\/logo\/image\/\"}},{\"@type\":\"Person\",\"@id\":\"https:\/\/www.mpppst.gob.ve\/mpppstweb\/#\/schema\/person\/fc187ee8ead412bd4c9304b62f900ea4\",\"name\":\"MPPPST Prensa\",\"url\":\"https:\/\/www.mpppst.gob.ve\/mpppstweb\/index.php\/author\/prensa-mpppst\/\"}]}<\/script>\n<!-- \/ Yoast SEO plugin. -->","yoast_head_json":{"title":"Crece rechazo a Trump en v\u00edsperas de la salida de su administraci\u00f3n - MPPPST","robots":{"index":"index","follow":"follow","max-snippet":"max-snippet:-1","max-image-preview":"max-image-preview:large","max-video-preview":"max-video-preview:-1"},"canonical":"https:\/\/www.mpppst.gob.ve\/mpppstweb\/index.php\/2021\/01\/19\/crece-rechazo-a-trump-en-visperas-de-la-salida-de-su-administracion\/","og_locale":"es_ES","og_type":"article","og_title":"Crece rechazo a Trump en v\u00edsperas de la salida de su administraci\u00f3n - MPPPST","og_description":"Los \u00edndices de aprobaci\u00f3n del presidente estadounidense,&nbsp;Donald Trump, alcanzan este martes un m\u00ednimo hist\u00f3rico entre los &hellip; Crece rechazo a Trump en v\u00edsperas de la salida de su administraci\u00f3nRead more","og_url":"https:\/\/www.mpppst.gob.ve\/mpppstweb\/index.php\/2021\/01\/19\/crece-rechazo-a-trump-en-visperas-de-la-salida-de-su-administracion\/","og_site_name":"MPPPST","article_published_time":"2021-01-19T14:35:48+00:00","article_modified_time":"2021-01-19T14:35:49+00:00","og_image":[{"width":768,"height":427,"url":"https:\/\/www.mpppst.gob.ve\/mpppstweb\/wp-content\/uploads\/2021\/01\/img2.rtve_-768x427-1.jpg","type":"image\/jpeg"}],"author":"MPPPST Prensa","twitter_card":"summary_large_image","twitter_misc":{"Escrito por":"MPPPST Prensa","Tiempo de lectura":"2 minutos"},"schema":{"@context":"https:\/\/schema.org","@graph":[{"@type":"Article","@id":"https:\/\/www.mpppst.gob.ve\/mpppstweb\/index.php\/2021\/01\/19\/crece-rechazo-a-trump-en-visperas-de-la-salida-de-su-administracion\/#article","isPartOf":{"@id":"https:\/\/www.mpppst.gob.ve\/mpppstweb\/index.php\/2021\/01\/19\/crece-rechazo-a-trump-en-visperas-de-la-salida-de-su-administracion\/"},"author":{"name":"MPPPST Prensa","@id":"https:\/\/www.mpppst.gob.ve\/mpppstweb\/#\/schema\/person\/fc187ee8ead412bd4c9304b62f900ea4"},"headline":"Crece rechazo a Trump en v\u00edsperas de la salida de su administraci\u00f3n","datePublished":"2021-01-19T14:35:48+00:00","dateModified":"2021-01-19T14:35:49+00:00","mainEntityOfPage":{"@id":"https:\/\/www.mpppst.gob.ve\/mpppstweb\/index.php\/2021\/01\/19\/crece-rechazo-a-trump-en-visperas-de-la-salida-de-su-administracion\/"},"wordCount":324,"publisher":{"@id":"https:\/\/www.mpppst.gob.ve\/mpppstweb\/#organization"},"image":{"@id":"https:\/\/www.mpppst.gob.ve\/mpppstweb\/index.php\/2021\/01\/19\/crece-rechazo-a-trump-en-visperas-de-la-salida-de-su-administracion\/#primaryimage"},"thumbnailUrl":"https:\/\/www.mpppst.gob.ve\/mpppstweb\/wp-content\/uploads\/2021\/01\/img2.rtve_-768x427-1.jpg","articleSection":["Internacionales","Noticias"],"inLanguage":"es"},{"@type":"WebPage","@id":"https:\/\/www.mpppst.gob.ve\/mpppstweb\/index.php\/2021\/01\/19\/crece-rechazo-a-trump-en-visperas-de-la-salida-de-su-administracion\/","url":"https:\/\/www.mpppst.gob.ve\/mpppstweb\/index.php\/2021\/01\/19\/crece-rechazo-a-trump-en-visperas-de-la-salida-de-su-administracion\/","name":"Crece rechazo a Trump en v\u00edsperas de la salida de su administraci\u00f3n - MPPPST","isPartOf":{"@id":"https:\/\/www.mpppst.gob.ve\/mpppstweb\/#website"},"primaryImageOfPage":{"@id":"https:\/\/www.mpppst.gob.ve\/mpppstweb\/index.php\/2021\/01\/19\/crece-rechazo-a-trump-en-visperas-de-la-salida-de-su-administracion\/#primaryimage"},"image":{"@id":"https:\/\/www.mpppst.gob.ve\/mpppstweb\/index.php\/2021\/01\/19\/crece-rechazo-a-trump-en-visperas-de-la-salida-de-su-administracion\/#primaryimage"},"thumbnailUrl":"https:\/\/www.mpppst.gob.ve\/mpppstweb\/wp-content\/uploads\/2021\/01\/img2.rtve_-768x427-1.jpg","datePublished":"2021-01-19T14:35:48+00:00","dateModified":"2021-01-19T14:35:49+00:00","breadcrumb":{"@id":"https:\/\/www.mpppst.gob.ve\/mpppstweb\/index.php\/2021\/01\/19\/crece-rechazo-a-trump-en-visperas-de-la-salida-de-su-administracion\/#breadcrumb"},"inLanguage":"es","potentialAction":[{"@type":"ReadAction","target":["https:\/\/www.mpppst.gob.ve\/mpppstweb\/index.php\/2021\/01\/19\/crece-rechazo-a-trump-en-visperas-de-la-salida-de-su-administracion\/"]}]},{"@type":"ImageObject","inLanguage":"es","@id":"https:\/\/www.mpppst.gob.ve\/mpppstweb\/index.php\/2021\/01\/19\/crece-rechazo-a-trump-en-visperas-de-la-salida-de-su-administracion\/#primaryimage","url":"https:\/\/www.mpppst.gob.ve\/mpppstweb\/wp-content\/uploads\/2021\/01\/img2.rtve_-768x427-1.jpg","contentUrl":"https:\/\/www.mpppst.gob.ve\/mpppstweb\/wp-content\/uploads\/2021\/01\/img2.rtve_-768x427-1.jpg","width":768,"height":427},{"@type":"BreadcrumbList","@id":"https:\/\/www.mpppst.gob.ve\/mpppstweb\/index.php\/2021\/01\/19\/crece-rechazo-a-trump-en-visperas-de-la-salida-de-su-administracion\/#breadcrumb","itemListElement":[{"@type":"ListItem","position":1,"name":"Home","item":"https:\/\/www.mpppst.gob.ve\/mpppstweb\/"},{"@type":"ListItem","position":2,"name":"Crece rechazo a Trump en v\u00edsperas de la salida de su administraci\u00f3n"}]},{"@type":"WebSite","@id":"https:\/\/www.mpppst.gob.ve\/mpppstweb\/#website","url":"https:\/\/www.mpppst.gob.ve\/mpppstweb\/","name":"MPPPST","description":"Ministerio del Poder Popular para el Proceso Social de Trabajo","publisher":{"@id":"https:\/\/www.mpppst.gob.ve\/mpppstweb\/#organization"},"potentialAction":[{"@type":"SearchAction","target":{"@type":"EntryPoint","urlTemplate":"https:\/\/www.mpppst.gob.ve\/mpppstweb\/?s={search_term_string}"},"query-input":"required name=search_term_string"}],"inLanguage":"es"},{"@type":"Organization","@id":"https:\/\/www.mpppst.gob.ve\/mpppstweb\/#organization","name":"mpppst","url":"https:\/\/www.mpppst.gob.ve\/mpppstweb\/","logo":{"@type":"ImageObject","inLanguage":"es","@id":"https:\/\/www.mpppst.gob.ve\/mpppstweb\/#\/schema\/logo\/image\/","url":"https:\/\/www.mpppst.gob.ve\/mpppstweb\/wp-content\/uploads\/2025\/07\/cropped-cropped-g910.png","contentUrl":"https:\/\/www.mpppst.gob.ve\/mpppstweb\/wp-content\/uploads\/2025\/07\/cropped-cropped-g910.png","width":1080,"height":241,"caption":"mpppst"},"image":{"@id":"https:\/\/www.mpppst.gob.ve\/mpppstweb\/#\/schema\/logo\/image\/"}},{"@type":"Person","@id":"https:\/\/www.mpppst.gob.ve\/mpppstweb\/#\/schema\/person\/fc187ee8ead412bd4c9304b62f900ea4","name":"MPPPST Prensa","url":"https:\/\/www.mpppst.gob.ve\/mpppstweb\/index.php\/author\/prensa-mpppst\/"}]}},"_links":{"self":[{"href":"https:\/\/www.mpppst.gob.ve\/mpppstweb\/index.php\/wp-json\/wp\/v2\/posts\/21244"}],"collection":[{"href":"https:\/\/www.mpppst.gob.ve\/mpppstweb\/index.php\/wp-json\/wp\/v2\/posts"}],"about":[{"href":"https:\/\/www.mpppst.gob.ve\/mpppstweb\/index.php\/wp-json\/wp\/v2\/types\/post"}],"author":[{"embeddable":true,"href":"https:\/\/www.mpppst.gob.ve\/mpppstweb\/index.php\/wp-json\/wp\/v2\/users\/25"}],"replies":[{"embeddable":true,"href":"https:\/\/www.mpppst.gob.ve\/mpppstweb\/index.php\/wp-json\/wp\/v2\/comments?post=21244"}],"version-history":[{"count":1,"href":"https:\/\/www.mpppst.gob.ve\/mpppstweb\/index.php\/wp-json\/wp\/v2\/posts\/21244\/revisions"}],"predecessor-version":[{"id":21246,"href":"https:\/\/www.mpppst.gob.ve\/mpppstweb\/index.php\/wp-json\/wp\/v2\/posts\/21244\/revisions\/21246"}],"wp:featuredmedia":[{"embeddable":true,"href":"https:\/\/www.mpppst.gob.ve\/mpppstweb\/index.php\/wp-json\/wp\/v2\/media\/21245"}],"wp:attachment":[{"href":"https:\/\/www.mpppst.gob.ve\/mpppstweb\/index.php\/wp-json\/wp\/v2\/media?parent=21244"}],"wp:term":[{"taxonomy":"category","embeddable":true,"href":"https:\/\/www.mpppst.gob.ve\/mpppstweb\/index.php\/wp-json\/wp\/v2\/categories?post=21244"},{"taxonomy":"post_tag","embeddable":true,"href":"https:\/\/www.mpppst.gob.ve\/mpppstweb\/index.php\/wp-json\/wp\/v2\/tags?post=21244"}],"curies":[{"name":"wp","href":"https:\/\/api.w.org\/{rel}","templated":true}]}}