{"id":21247,"date":"2021-01-19T10:41:00","date_gmt":"2021-01-19T14:41:00","guid":{"rendered":"http:\/\/www.mpppst.gob.ve\/mpppstweb\/?p=21247"},"modified":"2021-01-19T10:41:01","modified_gmt":"2021-01-19T14:41:01","slug":"en-guarico-cerca-1-479-hectareas-de-hortalizas-fortalecen-la-produccion-agricola","status":"publish","type":"post","link":"https:\/\/www.mpppst.gob.ve\/mpppstweb\/index.php\/2021\/01\/19\/en-guarico-cerca-1-479-hectareas-de-hortalizas-fortalecen-la-produccion-agricola\/","title":{"rendered":"En Gu\u00e1rico cerca 1.479 hect\u00e1reas de hortalizas fortalecen la producci\u00f3n agr\u00edcola"},"content":{"rendered":"\n<p>El Gobierno Bolivariano reporta un incremento de 1.479 hect\u00e1reas de hortalizas que vienen a fortalecer la producci\u00f3n agr\u00edcola a trav\u00e9s de los convenios con el sector privado para el desarrollo de la siembra en la parroquia El Sombrero, municipio Juli\u00e1n Mellado, estado Gu\u00e1rico.<\/p>\n\n\n\n<p>De acuerdo a la informaci\u00f3n suministrada por la Gobernaci\u00f3n, el director del ministerio de Agricultura y Tierras de la entidad llanera,&nbsp;<strong>Marcos Calle<\/strong>, acompa\u00f1ado del alcalde&nbsp;<strong>C\u00e9sar G\u00f3mez<\/strong>, asever\u00f3 que se han logrado la siembra de 424 hect\u00e1reas de cebolla, sumando lo que es el ciclo productivo cebollero entre la jurisdicci\u00f3n y el estado Monagas.<\/p>\n\n\n\n<p>Calle destac\u00f3 que respecto a la siembra de tomate, signific\u00f3 un repunte en el sembrado de 762 hect\u00e1reas de dicho producto, sumado a lo que se viene produciendo en aj\u00ed, piment\u00f3n y otros rubros de importancia que vienen a completar el total de las hect\u00e1reas mencionadas.<\/p>\n\n\n\n<p>De esta forma, a\u00f1adi\u00f3 que esta situaci\u00f3n pone en relieve el potencial del estado en un 50 % de las metas trazadas, lo que se traduce en una producci\u00f3n y cosecha de 30 millones de kilos de hortalizas en Gu\u00e1rico.&nbsp;<\/p>\n\n\n\n<p>Tambi\u00e9n, Calle resalt\u00f3 que en el centro productivo Fundo Larapita, se desarrolla 20 hect\u00e1reas de cebollas en el ciclo de siembra, lo que significa que todos los productores est\u00e1n siendo protegidos por el Sistema de Atenci\u00f3n al Productor.<\/p>\n\n\n\n<p>La actividad se da durante la inspecci\u00f3n del inicio de la siembra Norte-Verano de hortalizas en la jurisdicci\u00f3n para impulsar el rompimiento de las cadenas de dependencia del comercio capitalista e incentivar el encadenamiento productivo en la regi\u00f3n llanera.<\/p>\n","protected":false},"excerpt":{"rendered":"<p>El Gobierno Bolivariano reporta un incremento de 1.479 hect\u00e1reas de hortalizas que vienen a fortalecer la &hellip; <a title=\"En Gu\u00e1rico cerca 1.479 hect\u00e1reas de hortalizas fortalecen la producci\u00f3n agr\u00edcola\" class=\"hm-read-more\" href=\"https:\/\/www.mpppst.gob.ve\/mpppstweb\/index.php\/2021\/01\/19\/en-guarico-cerca-1-479-hectareas-de-hortalizas-fortalecen-la-produccion-agricola\/\"><span class=\"screen-reader-text\">En Gu\u00e1rico cerca 1.479 hect\u00e1reas de hortalizas fortalecen la producci\u00f3n agr\u00edcola<\/span>Read more<\/a><\/p>\n","protected":false},"author":25,"featured_media":21248,"comment_status":"closed","ping_status":"closed","sticky":false,"template":"","format":"standard","meta":{"footnotes":""},"categories":[82,163],"tags":[],"yoast_head":"<!-- This site is optimized with the Yoast SEO plugin v22.5 - https:\/\/yoast.com\/wordpress\/plugins\/seo\/ -->\n<title>En Gu\u00e1rico cerca 1.479 hect\u00e1reas de hortalizas fortalecen la producci\u00f3n agr\u00edcola - MPPPST<\/title>\n<meta name=\"robots\" content=\"index, follow, max-snippet:-1, max-image-preview:large, max-video-preview:-1\" \/>\n<link rel=\"canonical\" href=\"https:\/\/www.mpppst.gob.ve\/mpppstweb\/index.php\/2021\/01\/19\/en-guarico-cerca-1-479-hectareas-de-hortalizas-fortalecen-la-produccion-agricola\/\" \/>\n<meta property=\"og:locale\" content=\"es_ES\" \/>\n<meta property=\"og:type\" content=\"article\" \/>\n<meta property=\"og:title\" content=\"En Gu\u00e1rico cerca 1.479 hect\u00e1reas de hortalizas fortalecen la producci\u00f3n agr\u00edcola - MPPPST\" \/>\n<meta property=\"og:description\" content=\"El Gobierno Bolivariano reporta un incremento de 1.479 hect\u00e1reas de hortalizas que vienen a fortalecer la &hellip; En Gu\u00e1rico cerca 1.479 hect\u00e1reas de hortalizas fortalecen la producci\u00f3n agr\u00edcolaRead more\" \/>\n<meta property=\"og:url\" content=\"https:\/\/www.mpppst.gob.ve\/mpppstweb\/index.php\/2021\/01\/19\/en-guarico-cerca-1-479-hectareas-de-hortalizas-fortalecen-la-produccion-agricola\/\" \/>\n<meta property=\"og:site_name\" content=\"MPPPST\" \/>\n<meta property=\"article:published_time\" content=\"2021-01-19T14:41:00+00:00\" \/>\n<meta property=\"article:modified_time\" content=\"2021-01-19T14:41:01+00:00\" \/>\n<meta property=\"og:image\" content=\"https:\/\/www.mpppst.gob.ve\/mpppstweb\/wp-content\/uploads\/2021\/01\/Cortesia-Gobernacion-de-Cuarico-768x427-1.jpg\" \/>\n\t<meta property=\"og:image:width\" content=\"768\" \/>\n\t<meta property=\"og:image:height\" content=\"427\" \/>\n\t<meta property=\"og:image:type\" content=\"image\/jpeg\" \/>\n<meta name=\"author\" content=\"MPPPST Prensa\" \/>\n<meta name=\"twitter:card\" content=\"summary_large_image\" \/>\n<meta name=\"twitter:label1\" content=\"Escrito por\" \/>\n\t<meta name=\"twitter:data1\" content=\"MPPPST Prensa\" \/>\n\t<meta name=\"twitter:label2\" content=\"Tiempo de lectura\" \/>\n\t<meta name=\"twitter:data2\" content=\"1 minuto\" \/>\n<script type=\"application\/ld+json\" class=\"yoast-schema-graph\">{\"@context\":\"https:\/\/schema.org\",\"@graph\":[{\"@type\":\"Article\",\"@id\":\"https:\/\/www.mpppst.gob.ve\/mpppstweb\/index.php\/2021\/01\/19\/en-guarico-cerca-1-479-hectareas-de-hortalizas-fortalecen-la-produccion-agricola\/#article\",\"isPartOf\":{\"@id\":\"https:\/\/www.mpppst.gob.ve\/mpppstweb\/index.php\/2021\/01\/19\/en-guarico-cerca-1-479-hectareas-de-hortalizas-fortalecen-la-produccion-agricola\/\"},\"author\":{\"name\":\"MPPPST Prensa\",\"@id\":\"https:\/\/www.mpppst.gob.ve\/mpppstweb\/#\/schema\/person\/fc187ee8ead412bd4c9304b62f900ea4\"},\"headline\":\"En Gu\u00e1rico cerca 1.479 hect\u00e1reas de hortalizas fortalecen la producci\u00f3n agr\u00edcola\",\"datePublished\":\"2021-01-19T14:41:00+00:00\",\"dateModified\":\"2021-01-19T14:41:01+00:00\",\"mainEntityOfPage\":{\"@id\":\"https:\/\/www.mpppst.gob.ve\/mpppstweb\/index.php\/2021\/01\/19\/en-guarico-cerca-1-479-hectareas-de-hortalizas-fortalecen-la-produccion-agricola\/\"},\"wordCount\":298,\"publisher\":{\"@id\":\"https:\/\/www.mpppst.gob.ve\/mpppstweb\/#organization\"},\"image\":{\"@id\":\"https:\/\/www.mpppst.gob.ve\/mpppstweb\/index.php\/2021\/01\/19\/en-guarico-cerca-1-479-hectareas-de-hortalizas-fortalecen-la-produccion-agricola\/#primaryimage\"},\"thumbnailUrl\":\"https:\/\/www.mpppst.gob.ve\/mpppstweb\/wp-content\/uploads\/2021\/01\/Cortesia-Gobernacion-de-Cuarico-768x427-1.jpg\",\"articleSection\":[\"Gobierno Nacional\",\"Noticias\"],\"inLanguage\":\"es\"},{\"@type\":\"WebPage\",\"@id\":\"https:\/\/www.mpppst.gob.ve\/mpppstweb\/index.php\/2021\/01\/19\/en-guarico-cerca-1-479-hectareas-de-hortalizas-fortalecen-la-produccion-agricola\/\",\"url\":\"https:\/\/www.mpppst.gob.ve\/mpppstweb\/index.php\/2021\/01\/19\/en-guarico-cerca-1-479-hectareas-de-hortalizas-fortalecen-la-produccion-agricola\/\",\"name\":\"En Gu\u00e1rico cerca 1.479 hect\u00e1reas de hortalizas fortalecen la producci\u00f3n agr\u00edcola - MPPPST\",\"isPartOf\":{\"@id\":\"https:\/\/www.mpppst.gob.ve\/mpppstweb\/#website\"},\"primaryImageOfPage\":{\"@id\":\"https:\/\/www.mpppst.gob.ve\/mpppstweb\/index.php\/2021\/01\/19\/en-guarico-cerca-1-479-hectareas-de-hortalizas-fortalecen-la-produccion-agricola\/#primaryimage\"},\"image\":{\"@id\":\"https:\/\/www.mpppst.gob.ve\/mpppstweb\/index.php\/2021\/01\/19\/en-guarico-cerca-1-479-hectareas-de-hortalizas-fortalecen-la-produccion-agricola\/#primaryimage\"},\"thumbnailUrl\":\"https:\/\/www.mpppst.gob.ve\/mpppstweb\/wp-content\/uploads\/2021\/01\/Cortesia-Gobernacion-de-Cuarico-768x427-1.jpg\",\"datePublished\":\"2021-01-19T14:41:00+00:00\",\"dateModified\":\"2021-01-19T14:41:01+00:00\",\"breadcrumb\":{\"@id\":\"https:\/\/www.mpppst.gob.ve\/mpppstweb\/index.php\/2021\/01\/19\/en-guarico-cerca-1-479-hectareas-de-hortalizas-fortalecen-la-produccion-agricola\/#breadcrumb\"},\"inLanguage\":\"es\",\"potentialAction\":[{\"@type\":\"ReadAction\",\"target\":[\"https:\/\/www.mpppst.gob.ve\/mpppstweb\/index.php\/2021\/01\/19\/en-guarico-cerca-1-479-hectareas-de-hortalizas-fortalecen-la-produccion-agricola\/\"]}]},{\"@type\":\"ImageObject\",\"inLanguage\":\"es\",\"@id\":\"https:\/\/www.mpppst.gob.ve\/mpppstweb\/index.php\/2021\/01\/19\/en-guarico-cerca-1-479-hectareas-de-hortalizas-fortalecen-la-produccion-agricola\/#primaryimage\",\"url\":\"https:\/\/www.mpppst.gob.ve\/mpppstweb\/wp-content\/uploads\/2021\/01\/Cortesia-Gobernacion-de-Cuarico-768x427-1.jpg\",\"contentUrl\":\"https:\/\/www.mpppst.gob.ve\/mpppstweb\/wp-content\/uploads\/2021\/01\/Cortesia-Gobernacion-de-Cuarico-768x427-1.jpg\",\"width\":768,\"height\":427},{\"@type\":\"BreadcrumbList\",\"@id\":\"https:\/\/www.mpppst.gob.ve\/mpppstweb\/index.php\/2021\/01\/19\/en-guarico-cerca-1-479-hectareas-de-hortalizas-fortalecen-la-produccion-agricola\/#breadcrumb\",\"itemListElement\":[{\"@type\":\"ListItem\",\"position\":1,\"name\":\"Home\",\"item\":\"https:\/\/www.mpppst.gob.ve\/mpppstweb\/\"},{\"@type\":\"ListItem\",\"position\":2,\"name\":\"En Gu\u00e1rico cerca 1.479 hect\u00e1reas de hortalizas fortalecen la producci\u00f3n agr\u00edcola\"}]},{\"@type\":\"WebSite\",\"@id\":\"https:\/\/www.mpppst.gob.ve\/mpppstweb\/#website\",\"url\":\"https:\/\/www.mpppst.gob.ve\/mpppstweb\/\",\"name\":\"MPPPST\",\"description\":\"Ministerio del Poder Popular para el Proceso Social de Trabajo\",\"publisher\":{\"@id\":\"https:\/\/www.mpppst.gob.ve\/mpppstweb\/#organization\"},\"potentialAction\":[{\"@type\":\"SearchAction\",\"target\":{\"@type\":\"EntryPoint\",\"urlTemplate\":\"https:\/\/www.mpppst.gob.ve\/mpppstweb\/?s={search_term_string}\"},\"query-input\":\"required name=search_term_string\"}],\"inLanguage\":\"es\"},{\"@type\":\"Organization\",\"@id\":\"https:\/\/www.mpppst.gob.ve\/mpppstweb\/#organization\",\"name\":\"mpppst\",\"url\":\"https:\/\/www.mpppst.gob.ve\/mpppstweb\/\",\"logo\":{\"@type\":\"ImageObject\",\"inLanguage\":\"es\",\"@id\":\"https:\/\/www.mpppst.gob.ve\/mpppstweb\/#\/schema\/logo\/image\/\",\"url\":\"https:\/\/www.mpppst.gob.ve\/mpppstweb\/wp-content\/uploads\/2025\/07\/cropped-cropped-g910.png\",\"contentUrl\":\"https:\/\/www.mpppst.gob.ve\/mpppstweb\/wp-content\/uploads\/2025\/07\/cropped-cropped-g910.png\",\"width\":1080,\"height\":241,\"caption\":\"mpppst\"},\"image\":{\"@id\":\"https:\/\/www.mpppst.gob.ve\/mpppstweb\/#\/schema\/logo\/image\/\"}},{\"@type\":\"Person\",\"@id\":\"https:\/\/www.mpppst.gob.ve\/mpppstweb\/#\/schema\/person\/fc187ee8ead412bd4c9304b62f900ea4\",\"name\":\"MPPPST Prensa\",\"url\":\"https:\/\/www.mpppst.gob.ve\/mpppstweb\/index.php\/author\/prensa-mpppst\/\"}]}<\/script>\n<!-- \/ Yoast SEO plugin. -->","yoast_head_json":{"title":"En Gu\u00e1rico cerca 1.479 hect\u00e1reas de hortalizas fortalecen la producci\u00f3n agr\u00edcola - MPPPST","robots":{"index":"index","follow":"follow","max-snippet":"max-snippet:-1","max-image-preview":"max-image-preview:large","max-video-preview":"max-video-preview:-1"},"canonical":"https:\/\/www.mpppst.gob.ve\/mpppstweb\/index.php\/2021\/01\/19\/en-guarico-cerca-1-479-hectareas-de-hortalizas-fortalecen-la-produccion-agricola\/","og_locale":"es_ES","og_type":"article","og_title":"En Gu\u00e1rico cerca 1.479 hect\u00e1reas de hortalizas fortalecen la producci\u00f3n agr\u00edcola - MPPPST","og_description":"El Gobierno Bolivariano reporta un incremento de 1.479 hect\u00e1reas de hortalizas que vienen a fortalecer la &hellip; En Gu\u00e1rico cerca 1.479 hect\u00e1reas de hortalizas fortalecen la producci\u00f3n agr\u00edcolaRead more","og_url":"https:\/\/www.mpppst.gob.ve\/mpppstweb\/index.php\/2021\/01\/19\/en-guarico-cerca-1-479-hectareas-de-hortalizas-fortalecen-la-produccion-agricola\/","og_site_name":"MPPPST","article_published_time":"2021-01-19T14:41:00+00:00","article_modified_time":"2021-01-19T14:41:01+00:00","og_image":[{"width":768,"height":427,"url":"https:\/\/www.mpppst.gob.ve\/mpppstweb\/wp-content\/uploads\/2021\/01\/Cortesia-Gobernacion-de-Cuarico-768x427-1.jpg","type":"image\/jpeg"}],"author":"MPPPST Prensa","twitter_card":"summary_large_image","twitter_misc":{"Escrito por":"MPPPST Prensa","Tiempo de lectura":"1 minuto"},"schema":{"@context":"https:\/\/schema.org","@graph":[{"@type":"Article","@id":"https:\/\/www.mpppst.gob.ve\/mpppstweb\/index.php\/2021\/01\/19\/en-guarico-cerca-1-479-hectareas-de-hortalizas-fortalecen-la-produccion-agricola\/#article","isPartOf":{"@id":"https:\/\/www.mpppst.gob.ve\/mpppstweb\/index.php\/2021\/01\/19\/en-guarico-cerca-1-479-hectareas-de-hortalizas-fortalecen-la-produccion-agricola\/"},"author":{"name":"MPPPST Prensa","@id":"https:\/\/www.mpppst.gob.ve\/mpppstweb\/#\/schema\/person\/fc187ee8ead412bd4c9304b62f900ea4"},"headline":"En Gu\u00e1rico cerca 1.479 hect\u00e1reas de hortalizas fortalecen la producci\u00f3n agr\u00edcola","datePublished":"2021-01-19T14:41:00+00:00","dateModified":"2021-01-19T14:41:01+00:00","mainEntityOfPage":{"@id":"https:\/\/www.mpppst.gob.ve\/mpppstweb\/index.php\/2021\/01\/19\/en-guarico-cerca-1-479-hectareas-de-hortalizas-fortalecen-la-produccion-agricola\/"},"wordCount":298,"publisher":{"@id":"https:\/\/www.mpppst.gob.ve\/mpppstweb\/#organization"},"image":{"@id":"https:\/\/www.mpppst.gob.ve\/mpppstweb\/index.php\/2021\/01\/19\/en-guarico-cerca-1-479-hectareas-de-hortalizas-fortalecen-la-produccion-agricola\/#primaryimage"},"thumbnailUrl":"https:\/\/www.mpppst.gob.ve\/mpppstweb\/wp-content\/uploads\/2021\/01\/Cortesia-Gobernacion-de-Cuarico-768x427-1.jpg","articleSection":["Gobierno Nacional","Noticias"],"inLanguage":"es"},{"@type":"WebPage","@id":"https:\/\/www.mpppst.gob.ve\/mpppstweb\/index.php\/2021\/01\/19\/en-guarico-cerca-1-479-hectareas-de-hortalizas-fortalecen-la-produccion-agricola\/","url":"https:\/\/www.mpppst.gob.ve\/mpppstweb\/index.php\/2021\/01\/19\/en-guarico-cerca-1-479-hectareas-de-hortalizas-fortalecen-la-produccion-agricola\/","name":"En Gu\u00e1rico cerca 1.479 hect\u00e1reas de hortalizas fortalecen la producci\u00f3n agr\u00edcola - MPPPST","isPartOf":{"@id":"https:\/\/www.mpppst.gob.ve\/mpppstweb\/#website"},"primaryImageOfPage":{"@id":"https:\/\/www.mpppst.gob.ve\/mpppstweb\/index.php\/2021\/01\/19\/en-guarico-cerca-1-479-hectareas-de-hortalizas-fortalecen-la-produccion-agricola\/#primaryimage"},"image":{"@id":"https:\/\/www.mpppst.gob.ve\/mpppstweb\/index.php\/2021\/01\/19\/en-guarico-cerca-1-479-hectareas-de-hortalizas-fortalecen-la-produccion-agricola\/#primaryimage"},"thumbnailUrl":"https:\/\/www.mpppst.gob.ve\/mpppstweb\/wp-content\/uploads\/2021\/01\/Cortesia-Gobernacion-de-Cuarico-768x427-1.jpg","datePublished":"2021-01-19T14:41:00+00:00","dateModified":"2021-01-19T14:41:01+00:00","breadcrumb":{"@id":"https:\/\/www.mpppst.gob.ve\/mpppstweb\/index.php\/2021\/01\/19\/en-guarico-cerca-1-479-hectareas-de-hortalizas-fortalecen-la-produccion-agricola\/#breadcrumb"},"inLanguage":"es","potentialAction":[{"@type":"ReadAction","target":["https:\/\/www.mpppst.gob.ve\/mpppstweb\/index.php\/2021\/01\/19\/en-guarico-cerca-1-479-hectareas-de-hortalizas-fortalecen-la-produccion-agricola\/"]}]},{"@type":"ImageObject","inLanguage":"es","@id":"https:\/\/www.mpppst.gob.ve\/mpppstweb\/index.php\/2021\/01\/19\/en-guarico-cerca-1-479-hectareas-de-hortalizas-fortalecen-la-produccion-agricola\/#primaryimage","url":"https:\/\/www.mpppst.gob.ve\/mpppstweb\/wp-content\/uploads\/2021\/01\/Cortesia-Gobernacion-de-Cuarico-768x427-1.jpg","contentUrl":"https:\/\/www.mpppst.gob.ve\/mpppstweb\/wp-content\/uploads\/2021\/01\/Cortesia-Gobernacion-de-Cuarico-768x427-1.jpg","width":768,"height":427},{"@type":"BreadcrumbList","@id":"https:\/\/www.mpppst.gob.ve\/mpppstweb\/index.php\/2021\/01\/19\/en-guarico-cerca-1-479-hectareas-de-hortalizas-fortalecen-la-produccion-agricola\/#breadcrumb","itemListElement":[{"@type":"ListItem","position":1,"name":"Home","item":"https:\/\/www.mpppst.gob.ve\/mpppstweb\/"},{"@type":"ListItem","position":2,"name":"En Gu\u00e1rico cerca 1.479 hect\u00e1reas de hortalizas fortalecen la producci\u00f3n agr\u00edcola"}]},{"@type":"WebSite","@id":"https:\/\/www.mpppst.gob.ve\/mpppstweb\/#website","url":"https:\/\/www.mpppst.gob.ve\/mpppstweb\/","name":"MPPPST","description":"Ministerio del Poder Popular para el Proceso Social de Trabajo","publisher":{"@id":"https:\/\/www.mpppst.gob.ve\/mpppstweb\/#organization"},"potentialAction":[{"@type":"SearchAction","target":{"@type":"EntryPoint","urlTemplate":"https:\/\/www.mpppst.gob.ve\/mpppstweb\/?s={search_term_string}"},"query-input":"required name=search_term_string"}],"inLanguage":"es"},{"@type":"Organization","@id":"https:\/\/www.mpppst.gob.ve\/mpppstweb\/#organization","name":"mpppst","url":"https:\/\/www.mpppst.gob.ve\/mpppstweb\/","logo":{"@type":"ImageObject","inLanguage":"es","@id":"https:\/\/www.mpppst.gob.ve\/mpppstweb\/#\/schema\/logo\/image\/","url":"https:\/\/www.mpppst.gob.ve\/mpppstweb\/wp-content\/uploads\/2025\/07\/cropped-cropped-g910.png","contentUrl":"https:\/\/www.mpppst.gob.ve\/mpppstweb\/wp-content\/uploads\/2025\/07\/cropped-cropped-g910.png","width":1080,"height":241,"caption":"mpppst"},"image":{"@id":"https:\/\/www.mpppst.gob.ve\/mpppstweb\/#\/schema\/logo\/image\/"}},{"@type":"Person","@id":"https:\/\/www.mpppst.gob.ve\/mpppstweb\/#\/schema\/person\/fc187ee8ead412bd4c9304b62f900ea4","name":"MPPPST Prensa","url":"https:\/\/www.mpppst.gob.ve\/mpppstweb\/index.php\/author\/prensa-mpppst\/"}]}},"_links":{"self":[{"href":"https:\/\/www.mpppst.gob.ve\/mpppstweb\/index.php\/wp-json\/wp\/v2\/posts\/21247"}],"collection":[{"href":"https:\/\/www.mpppst.gob.ve\/mpppstweb\/index.php\/wp-json\/wp\/v2\/posts"}],"about":[{"href":"https:\/\/www.mpppst.gob.ve\/mpppstweb\/index.php\/wp-json\/wp\/v2\/types\/post"}],"author":[{"embeddable":true,"href":"https:\/\/www.mpppst.gob.ve\/mpppstweb\/index.php\/wp-json\/wp\/v2\/users\/25"}],"replies":[{"embeddable":true,"href":"https:\/\/www.mpppst.gob.ve\/mpppstweb\/index.php\/wp-json\/wp\/v2\/comments?post=21247"}],"version-history":[{"count":1,"href":"https:\/\/www.mpppst.gob.ve\/mpppstweb\/index.php\/wp-json\/wp\/v2\/posts\/21247\/revisions"}],"predecessor-version":[{"id":21249,"href":"https:\/\/www.mpppst.gob.ve\/mpppstweb\/index.php\/wp-json\/wp\/v2\/posts\/21247\/revisions\/21249"}],"wp:featuredmedia":[{"embeddable":true,"href":"https:\/\/www.mpppst.gob.ve\/mpppstweb\/index.php\/wp-json\/wp\/v2\/media\/21248"}],"wp:attachment":[{"href":"https:\/\/www.mpppst.gob.ve\/mpppstweb\/index.php\/wp-json\/wp\/v2\/media?parent=21247"}],"wp:term":[{"taxonomy":"category","embeddable":true,"href":"https:\/\/www.mpppst.gob.ve\/mpppstweb\/index.php\/wp-json\/wp\/v2\/categories?post=21247"},{"taxonomy":"post_tag","embeddable":true,"href":"https:\/\/www.mpppst.gob.ve\/mpppstweb\/index.php\/wp-json\/wp\/v2\/tags?post=21247"}],"curies":[{"name":"wp","href":"https:\/\/api.w.org\/{rel}","templated":true}]}}