{"id":21250,"date":"2021-01-19T10:44:32","date_gmt":"2021-01-19T14:44:32","guid":{"rendered":"http:\/\/www.mpppst.gob.ve\/mpppstweb\/?p=21250"},"modified":"2021-01-19T10:44:33","modified_gmt":"2021-01-19T14:44:33","slug":"an-trabaja-en-el-desarrollo-de-una-zona-economica-especial-para-fortalecer-la-produccion-del-pais","status":"publish","type":"post","link":"https:\/\/www.mpppst.gob.ve\/mpppstweb\/index.php\/2021\/01\/19\/an-trabaja-en-el-desarrollo-de-una-zona-economica-especial-para-fortalecer-la-produccion-del-pais\/","title":{"rendered":"AN trabaja en el desarrollo de una Zona Econ\u00f3mica Especial para fortalecer la producci\u00f3n del pa\u00eds"},"content":{"rendered":"\n<p>El diputado a la Asamblea Nacional, Fernando Bastidas, anunci\u00f3 que el nuevo Parlamento trabaja en el desarrollo de una Zona Econ\u00f3mica Especial para fortalecer la econom\u00eda y la producci\u00f3n en el territorio nacional.<\/p>\n\n\n\n<p>En una entrevista en el programa Al Aire que transmite Venezolana de Televisi\u00f3n, el parlamentario por estado Falc\u00f3n, detall\u00f3 que \u201ctras una serie de consultas al pueblo durante la campa\u00f1a electoral se establecieron un conjunto de propuestas, 12 propuestas en distintos \u00e1mbitos vinculados al \u00e1rea econ\u00f3mica, particularmente en el caso de Paraguan\u00e1, que tiene las caracter\u00edsticas por su zona geogr\u00e1fica, geoecon\u00f3mica que le permite plantear el desarrollo de una Zona Econ\u00f3mica Especial\u201d.<\/p>\n\n\n\n<p>Destac\u00f3 los pronunciamientos del presidente de la Rep\u00fablica Bolivariana de Venezuela,&nbsp;<strong>Nicol\u00e1s Maduro<\/strong>, mediante el Mensaje Anual cuando hac\u00eda \u00e9nfasis el impacto econ\u00f3mico que ha afectado a la industria petrolera del pa\u00eds a causa de las ilegales medidas coercitivas, por lo que se\u00f1al\u00f3 la necesidad de superar este modelo econ\u00f3mico para superar el bloqueo.<\/p>\n\n\n\n<p>\u201cEn Falc\u00f3n contamos con las potencialidades importantes, por ejemplo en el tema petrolero, tenemos el Centro de Refinaci\u00f3n de Paraguan\u00e1 en el que los trabajadores realizan un gran esfuerzo. As\u00ed mismo tenemos la Pen\u00ednsula de Paraguan\u00e1 con el tema industrial que cuenta con importantes capacidades tecnol\u00f3gicas\u201d, subray\u00f3 el parlamentario.<\/p>\n\n\n\n<figure><iframe allowfullscreen=\"true\" class=\"\" src=\"https:\/\/platform.twitter.com\/embed\/index.html?creatorScreenName=VTVcanal8&amp;dnt=false&amp;embedId=twitter-widget-0&amp;frame=false&amp;hideCard=false&amp;hideThread=false&amp;id=1351517621204774913&amp;lang=es&amp;origin=https%3A%2F%2Fwww.vtv.gob.ve%2Fan-trabaja-desarrollo-zona-economica%2F&amp;siteScreenName=VTVcanal8&amp;theme=light&amp;widgetsVersion=ed20a2b%3A1601588405575&amp;width=550px\"><\/iframe><\/figure>\n","protected":false},"excerpt":{"rendered":"<p>El diputado a la Asamblea Nacional, Fernando Bastidas, anunci\u00f3 que el nuevo Parlamento trabaja en el &hellip; <a title=\"AN trabaja en el desarrollo de una Zona Econ\u00f3mica Especial para fortalecer la producci\u00f3n del pa\u00eds\" class=\"hm-read-more\" href=\"https:\/\/www.mpppst.gob.ve\/mpppstweb\/index.php\/2021\/01\/19\/an-trabaja-en-el-desarrollo-de-una-zona-economica-especial-para-fortalecer-la-produccion-del-pais\/\"><span class=\"screen-reader-text\">AN trabaja en el desarrollo de una Zona Econ\u00f3mica Especial para fortalecer la producci\u00f3n del pa\u00eds<\/span>Read more<\/a><\/p>\n","protected":false},"author":25,"featured_media":21251,"comment_status":"closed","ping_status":"closed","sticky":false,"template":"","format":"standard","meta":{"footnotes":""},"categories":[82,163],"tags":[],"yoast_head":"<!-- This site is optimized with the Yoast SEO plugin v22.5 - https:\/\/yoast.com\/wordpress\/plugins\/seo\/ -->\n<title>AN trabaja en el desarrollo de una Zona Econ\u00f3mica Especial para fortalecer la producci\u00f3n del pa\u00eds - MPPPST<\/title>\n<meta name=\"robots\" content=\"index, follow, max-snippet:-1, max-image-preview:large, max-video-preview:-1\" \/>\n<link rel=\"canonical\" href=\"https:\/\/www.mpppst.gob.ve\/mpppstweb\/index.php\/2021\/01\/19\/an-trabaja-en-el-desarrollo-de-una-zona-economica-especial-para-fortalecer-la-produccion-del-pais\/\" \/>\n<meta property=\"og:locale\" content=\"es_ES\" \/>\n<meta property=\"og:type\" content=\"article\" \/>\n<meta property=\"og:title\" content=\"AN trabaja en el desarrollo de una Zona Econ\u00f3mica Especial para fortalecer la producci\u00f3n del pa\u00eds - MPPPST\" \/>\n<meta property=\"og:description\" content=\"El diputado a la Asamblea Nacional, Fernando Bastidas, anunci\u00f3 que el nuevo Parlamento trabaja en el &hellip; AN trabaja en el desarrollo de una Zona Econ\u00f3mica Especial para fortalecer la producci\u00f3n del pa\u00edsRead more\" \/>\n<meta property=\"og:url\" content=\"https:\/\/www.mpppst.gob.ve\/mpppstweb\/index.php\/2021\/01\/19\/an-trabaja-en-el-desarrollo-de-una-zona-economica-especial-para-fortalecer-la-produccion-del-pais\/\" \/>\n<meta property=\"og:site_name\" content=\"MPPPST\" \/>\n<meta property=\"article:published_time\" content=\"2021-01-19T14:44:32+00:00\" \/>\n<meta property=\"article:modified_time\" content=\"2021-01-19T14:44:33+00:00\" \/>\n<meta property=\"og:image\" content=\"https:\/\/www.mpppst.gob.ve\/mpppstweb\/wp-content\/uploads\/2021\/01\/diputado-768x427-1.png\" \/>\n\t<meta property=\"og:image:width\" content=\"768\" \/>\n\t<meta property=\"og:image:height\" content=\"427\" \/>\n\t<meta property=\"og:image:type\" content=\"image\/png\" \/>\n<meta name=\"author\" content=\"MPPPST Prensa\" \/>\n<meta name=\"twitter:card\" content=\"summary_large_image\" \/>\n<meta name=\"twitter:label1\" content=\"Escrito por\" \/>\n\t<meta name=\"twitter:data1\" content=\"MPPPST Prensa\" \/>\n\t<meta name=\"twitter:label2\" content=\"Tiempo de lectura\" \/>\n\t<meta name=\"twitter:data2\" content=\"1 minuto\" \/>\n<script type=\"application\/ld+json\" class=\"yoast-schema-graph\">{\"@context\":\"https:\/\/schema.org\",\"@graph\":[{\"@type\":\"Article\",\"@id\":\"https:\/\/www.mpppst.gob.ve\/mpppstweb\/index.php\/2021\/01\/19\/an-trabaja-en-el-desarrollo-de-una-zona-economica-especial-para-fortalecer-la-produccion-del-pais\/#article\",\"isPartOf\":{\"@id\":\"https:\/\/www.mpppst.gob.ve\/mpppstweb\/index.php\/2021\/01\/19\/an-trabaja-en-el-desarrollo-de-una-zona-economica-especial-para-fortalecer-la-produccion-del-pais\/\"},\"author\":{\"name\":\"MPPPST Prensa\",\"@id\":\"https:\/\/www.mpppst.gob.ve\/mpppstweb\/#\/schema\/person\/fc187ee8ead412bd4c9304b62f900ea4\"},\"headline\":\"AN trabaja en el desarrollo de una Zona Econ\u00f3mica Especial para fortalecer la producci\u00f3n del pa\u00eds\",\"datePublished\":\"2021-01-19T14:44:32+00:00\",\"dateModified\":\"2021-01-19T14:44:33+00:00\",\"mainEntityOfPage\":{\"@id\":\"https:\/\/www.mpppst.gob.ve\/mpppstweb\/index.php\/2021\/01\/19\/an-trabaja-en-el-desarrollo-de-una-zona-economica-especial-para-fortalecer-la-produccion-del-pais\/\"},\"wordCount\":249,\"publisher\":{\"@id\":\"https:\/\/www.mpppst.gob.ve\/mpppstweb\/#organization\"},\"image\":{\"@id\":\"https:\/\/www.mpppst.gob.ve\/mpppstweb\/index.php\/2021\/01\/19\/an-trabaja-en-el-desarrollo-de-una-zona-economica-especial-para-fortalecer-la-produccion-del-pais\/#primaryimage\"},\"thumbnailUrl\":\"https:\/\/www.mpppst.gob.ve\/mpppstweb\/wp-content\/uploads\/2021\/01\/diputado-768x427-1.png\",\"articleSection\":[\"Gobierno Nacional\",\"Noticias\"],\"inLanguage\":\"es\"},{\"@type\":\"WebPage\",\"@id\":\"https:\/\/www.mpppst.gob.ve\/mpppstweb\/index.php\/2021\/01\/19\/an-trabaja-en-el-desarrollo-de-una-zona-economica-especial-para-fortalecer-la-produccion-del-pais\/\",\"url\":\"https:\/\/www.mpppst.gob.ve\/mpppstweb\/index.php\/2021\/01\/19\/an-trabaja-en-el-desarrollo-de-una-zona-economica-especial-para-fortalecer-la-produccion-del-pais\/\",\"name\":\"AN trabaja en el desarrollo de una Zona Econ\u00f3mica Especial para fortalecer la producci\u00f3n del pa\u00eds - MPPPST\",\"isPartOf\":{\"@id\":\"https:\/\/www.mpppst.gob.ve\/mpppstweb\/#website\"},\"primaryImageOfPage\":{\"@id\":\"https:\/\/www.mpppst.gob.ve\/mpppstweb\/index.php\/2021\/01\/19\/an-trabaja-en-el-desarrollo-de-una-zona-economica-especial-para-fortalecer-la-produccion-del-pais\/#primaryimage\"},\"image\":{\"@id\":\"https:\/\/www.mpppst.gob.ve\/mpppstweb\/index.php\/2021\/01\/19\/an-trabaja-en-el-desarrollo-de-una-zona-economica-especial-para-fortalecer-la-produccion-del-pais\/#primaryimage\"},\"thumbnailUrl\":\"https:\/\/www.mpppst.gob.ve\/mpppstweb\/wp-content\/uploads\/2021\/01\/diputado-768x427-1.png\",\"datePublished\":\"2021-01-19T14:44:32+00:00\",\"dateModified\":\"2021-01-19T14:44:33+00:00\",\"breadcrumb\":{\"@id\":\"https:\/\/www.mpppst.gob.ve\/mpppstweb\/index.php\/2021\/01\/19\/an-trabaja-en-el-desarrollo-de-una-zona-economica-especial-para-fortalecer-la-produccion-del-pais\/#breadcrumb\"},\"inLanguage\":\"es\",\"potentialAction\":[{\"@type\":\"ReadAction\",\"target\":[\"https:\/\/www.mpppst.gob.ve\/mpppstweb\/index.php\/2021\/01\/19\/an-trabaja-en-el-desarrollo-de-una-zona-economica-especial-para-fortalecer-la-produccion-del-pais\/\"]}]},{\"@type\":\"ImageObject\",\"inLanguage\":\"es\",\"@id\":\"https:\/\/www.mpppst.gob.ve\/mpppstweb\/index.php\/2021\/01\/19\/an-trabaja-en-el-desarrollo-de-una-zona-economica-especial-para-fortalecer-la-produccion-del-pais\/#primaryimage\",\"url\":\"https:\/\/www.mpppst.gob.ve\/mpppstweb\/wp-content\/uploads\/2021\/01\/diputado-768x427-1.png\",\"contentUrl\":\"https:\/\/www.mpppst.gob.ve\/mpppstweb\/wp-content\/uploads\/2021\/01\/diputado-768x427-1.png\",\"width\":768,\"height\":427},{\"@type\":\"BreadcrumbList\",\"@id\":\"https:\/\/www.mpppst.gob.ve\/mpppstweb\/index.php\/2021\/01\/19\/an-trabaja-en-el-desarrollo-de-una-zona-economica-especial-para-fortalecer-la-produccion-del-pais\/#breadcrumb\",\"itemListElement\":[{\"@type\":\"ListItem\",\"position\":1,\"name\":\"Home\",\"item\":\"https:\/\/www.mpppst.gob.ve\/mpppstweb\/\"},{\"@type\":\"ListItem\",\"position\":2,\"name\":\"AN trabaja en el desarrollo de una Zona Econ\u00f3mica Especial para fortalecer la producci\u00f3n del pa\u00eds\"}]},{\"@type\":\"WebSite\",\"@id\":\"https:\/\/www.mpppst.gob.ve\/mpppstweb\/#website\",\"url\":\"https:\/\/www.mpppst.gob.ve\/mpppstweb\/\",\"name\":\"MPPPST\",\"description\":\"Ministerio del Poder Popular para el Proceso Social de Trabajo\",\"publisher\":{\"@id\":\"https:\/\/www.mpppst.gob.ve\/mpppstweb\/#organization\"},\"potentialAction\":[{\"@type\":\"SearchAction\",\"target\":{\"@type\":\"EntryPoint\",\"urlTemplate\":\"https:\/\/www.mpppst.gob.ve\/mpppstweb\/?s={search_term_string}\"},\"query-input\":\"required name=search_term_string\"}],\"inLanguage\":\"es\"},{\"@type\":\"Organization\",\"@id\":\"https:\/\/www.mpppst.gob.ve\/mpppstweb\/#organization\",\"name\":\"mpppst\",\"url\":\"https:\/\/www.mpppst.gob.ve\/mpppstweb\/\",\"logo\":{\"@type\":\"ImageObject\",\"inLanguage\":\"es\",\"@id\":\"https:\/\/www.mpppst.gob.ve\/mpppstweb\/#\/schema\/logo\/image\/\",\"url\":\"https:\/\/www.mpppst.gob.ve\/mpppstweb\/wp-content\/uploads\/2025\/07\/cropped-cropped-g910.png\",\"contentUrl\":\"https:\/\/www.mpppst.gob.ve\/mpppstweb\/wp-content\/uploads\/2025\/07\/cropped-cropped-g910.png\",\"width\":1080,\"height\":241,\"caption\":\"mpppst\"},\"image\":{\"@id\":\"https:\/\/www.mpppst.gob.ve\/mpppstweb\/#\/schema\/logo\/image\/\"}},{\"@type\":\"Person\",\"@id\":\"https:\/\/www.mpppst.gob.ve\/mpppstweb\/#\/schema\/person\/fc187ee8ead412bd4c9304b62f900ea4\",\"name\":\"MPPPST Prensa\",\"url\":\"https:\/\/www.mpppst.gob.ve\/mpppstweb\/index.php\/author\/prensa-mpppst\/\"}]}<\/script>\n<!-- \/ Yoast SEO plugin. -->","yoast_head_json":{"title":"AN trabaja en el desarrollo de una Zona Econ\u00f3mica Especial para fortalecer la producci\u00f3n del pa\u00eds - MPPPST","robots":{"index":"index","follow":"follow","max-snippet":"max-snippet:-1","max-image-preview":"max-image-preview:large","max-video-preview":"max-video-preview:-1"},"canonical":"https:\/\/www.mpppst.gob.ve\/mpppstweb\/index.php\/2021\/01\/19\/an-trabaja-en-el-desarrollo-de-una-zona-economica-especial-para-fortalecer-la-produccion-del-pais\/","og_locale":"es_ES","og_type":"article","og_title":"AN trabaja en el desarrollo de una Zona Econ\u00f3mica Especial para fortalecer la producci\u00f3n del pa\u00eds - MPPPST","og_description":"El diputado a la Asamblea Nacional, Fernando Bastidas, anunci\u00f3 que el nuevo Parlamento trabaja en el &hellip; AN trabaja en el desarrollo de una Zona Econ\u00f3mica Especial para fortalecer la producci\u00f3n del pa\u00edsRead more","og_url":"https:\/\/www.mpppst.gob.ve\/mpppstweb\/index.php\/2021\/01\/19\/an-trabaja-en-el-desarrollo-de-una-zona-economica-especial-para-fortalecer-la-produccion-del-pais\/","og_site_name":"MPPPST","article_published_time":"2021-01-19T14:44:32+00:00","article_modified_time":"2021-01-19T14:44:33+00:00","og_image":[{"width":768,"height":427,"url":"https:\/\/www.mpppst.gob.ve\/mpppstweb\/wp-content\/uploads\/2021\/01\/diputado-768x427-1.png","type":"image\/png"}],"author":"MPPPST Prensa","twitter_card":"summary_large_image","twitter_misc":{"Escrito por":"MPPPST Prensa","Tiempo de lectura":"1 minuto"},"schema":{"@context":"https:\/\/schema.org","@graph":[{"@type":"Article","@id":"https:\/\/www.mpppst.gob.ve\/mpppstweb\/index.php\/2021\/01\/19\/an-trabaja-en-el-desarrollo-de-una-zona-economica-especial-para-fortalecer-la-produccion-del-pais\/#article","isPartOf":{"@id":"https:\/\/www.mpppst.gob.ve\/mpppstweb\/index.php\/2021\/01\/19\/an-trabaja-en-el-desarrollo-de-una-zona-economica-especial-para-fortalecer-la-produccion-del-pais\/"},"author":{"name":"MPPPST Prensa","@id":"https:\/\/www.mpppst.gob.ve\/mpppstweb\/#\/schema\/person\/fc187ee8ead412bd4c9304b62f900ea4"},"headline":"AN trabaja en el desarrollo de una Zona Econ\u00f3mica Especial para fortalecer la producci\u00f3n del pa\u00eds","datePublished":"2021-01-19T14:44:32+00:00","dateModified":"2021-01-19T14:44:33+00:00","mainEntityOfPage":{"@id":"https:\/\/www.mpppst.gob.ve\/mpppstweb\/index.php\/2021\/01\/19\/an-trabaja-en-el-desarrollo-de-una-zona-economica-especial-para-fortalecer-la-produccion-del-pais\/"},"wordCount":249,"publisher":{"@id":"https:\/\/www.mpppst.gob.ve\/mpppstweb\/#organization"},"image":{"@id":"https:\/\/www.mpppst.gob.ve\/mpppstweb\/index.php\/2021\/01\/19\/an-trabaja-en-el-desarrollo-de-una-zona-economica-especial-para-fortalecer-la-produccion-del-pais\/#primaryimage"},"thumbnailUrl":"https:\/\/www.mpppst.gob.ve\/mpppstweb\/wp-content\/uploads\/2021\/01\/diputado-768x427-1.png","articleSection":["Gobierno Nacional","Noticias"],"inLanguage":"es"},{"@type":"WebPage","@id":"https:\/\/www.mpppst.gob.ve\/mpppstweb\/index.php\/2021\/01\/19\/an-trabaja-en-el-desarrollo-de-una-zona-economica-especial-para-fortalecer-la-produccion-del-pais\/","url":"https:\/\/www.mpppst.gob.ve\/mpppstweb\/index.php\/2021\/01\/19\/an-trabaja-en-el-desarrollo-de-una-zona-economica-especial-para-fortalecer-la-produccion-del-pais\/","name":"AN trabaja en el desarrollo de una Zona Econ\u00f3mica Especial para fortalecer la producci\u00f3n del pa\u00eds - MPPPST","isPartOf":{"@id":"https:\/\/www.mpppst.gob.ve\/mpppstweb\/#website"},"primaryImageOfPage":{"@id":"https:\/\/www.mpppst.gob.ve\/mpppstweb\/index.php\/2021\/01\/19\/an-trabaja-en-el-desarrollo-de-una-zona-economica-especial-para-fortalecer-la-produccion-del-pais\/#primaryimage"},"image":{"@id":"https:\/\/www.mpppst.gob.ve\/mpppstweb\/index.php\/2021\/01\/19\/an-trabaja-en-el-desarrollo-de-una-zona-economica-especial-para-fortalecer-la-produccion-del-pais\/#primaryimage"},"thumbnailUrl":"https:\/\/www.mpppst.gob.ve\/mpppstweb\/wp-content\/uploads\/2021\/01\/diputado-768x427-1.png","datePublished":"2021-01-19T14:44:32+00:00","dateModified":"2021-01-19T14:44:33+00:00","breadcrumb":{"@id":"https:\/\/www.mpppst.gob.ve\/mpppstweb\/index.php\/2021\/01\/19\/an-trabaja-en-el-desarrollo-de-una-zona-economica-especial-para-fortalecer-la-produccion-del-pais\/#breadcrumb"},"inLanguage":"es","potentialAction":[{"@type":"ReadAction","target":["https:\/\/www.mpppst.gob.ve\/mpppstweb\/index.php\/2021\/01\/19\/an-trabaja-en-el-desarrollo-de-una-zona-economica-especial-para-fortalecer-la-produccion-del-pais\/"]}]},{"@type":"ImageObject","inLanguage":"es","@id":"https:\/\/www.mpppst.gob.ve\/mpppstweb\/index.php\/2021\/01\/19\/an-trabaja-en-el-desarrollo-de-una-zona-economica-especial-para-fortalecer-la-produccion-del-pais\/#primaryimage","url":"https:\/\/www.mpppst.gob.ve\/mpppstweb\/wp-content\/uploads\/2021\/01\/diputado-768x427-1.png","contentUrl":"https:\/\/www.mpppst.gob.ve\/mpppstweb\/wp-content\/uploads\/2021\/01\/diputado-768x427-1.png","width":768,"height":427},{"@type":"BreadcrumbList","@id":"https:\/\/www.mpppst.gob.ve\/mpppstweb\/index.php\/2021\/01\/19\/an-trabaja-en-el-desarrollo-de-una-zona-economica-especial-para-fortalecer-la-produccion-del-pais\/#breadcrumb","itemListElement":[{"@type":"ListItem","position":1,"name":"Home","item":"https:\/\/www.mpppst.gob.ve\/mpppstweb\/"},{"@type":"ListItem","position":2,"name":"AN trabaja en el desarrollo de una Zona Econ\u00f3mica Especial para fortalecer la producci\u00f3n del pa\u00eds"}]},{"@type":"WebSite","@id":"https:\/\/www.mpppst.gob.ve\/mpppstweb\/#website","url":"https:\/\/www.mpppst.gob.ve\/mpppstweb\/","name":"MPPPST","description":"Ministerio del Poder Popular para el Proceso Social de Trabajo","publisher":{"@id":"https:\/\/www.mpppst.gob.ve\/mpppstweb\/#organization"},"potentialAction":[{"@type":"SearchAction","target":{"@type":"EntryPoint","urlTemplate":"https:\/\/www.mpppst.gob.ve\/mpppstweb\/?s={search_term_string}"},"query-input":"required name=search_term_string"}],"inLanguage":"es"},{"@type":"Organization","@id":"https:\/\/www.mpppst.gob.ve\/mpppstweb\/#organization","name":"mpppst","url":"https:\/\/www.mpppst.gob.ve\/mpppstweb\/","logo":{"@type":"ImageObject","inLanguage":"es","@id":"https:\/\/www.mpppst.gob.ve\/mpppstweb\/#\/schema\/logo\/image\/","url":"https:\/\/www.mpppst.gob.ve\/mpppstweb\/wp-content\/uploads\/2025\/07\/cropped-cropped-g910.png","contentUrl":"https:\/\/www.mpppst.gob.ve\/mpppstweb\/wp-content\/uploads\/2025\/07\/cropped-cropped-g910.png","width":1080,"height":241,"caption":"mpppst"},"image":{"@id":"https:\/\/www.mpppst.gob.ve\/mpppstweb\/#\/schema\/logo\/image\/"}},{"@type":"Person","@id":"https:\/\/www.mpppst.gob.ve\/mpppstweb\/#\/schema\/person\/fc187ee8ead412bd4c9304b62f900ea4","name":"MPPPST Prensa","url":"https:\/\/www.mpppst.gob.ve\/mpppstweb\/index.php\/author\/prensa-mpppst\/"}]}},"_links":{"self":[{"href":"https:\/\/www.mpppst.gob.ve\/mpppstweb\/index.php\/wp-json\/wp\/v2\/posts\/21250"}],"collection":[{"href":"https:\/\/www.mpppst.gob.ve\/mpppstweb\/index.php\/wp-json\/wp\/v2\/posts"}],"about":[{"href":"https:\/\/www.mpppst.gob.ve\/mpppstweb\/index.php\/wp-json\/wp\/v2\/types\/post"}],"author":[{"embeddable":true,"href":"https:\/\/www.mpppst.gob.ve\/mpppstweb\/index.php\/wp-json\/wp\/v2\/users\/25"}],"replies":[{"embeddable":true,"href":"https:\/\/www.mpppst.gob.ve\/mpppstweb\/index.php\/wp-json\/wp\/v2\/comments?post=21250"}],"version-history":[{"count":1,"href":"https:\/\/www.mpppst.gob.ve\/mpppstweb\/index.php\/wp-json\/wp\/v2\/posts\/21250\/revisions"}],"predecessor-version":[{"id":21252,"href":"https:\/\/www.mpppst.gob.ve\/mpppstweb\/index.php\/wp-json\/wp\/v2\/posts\/21250\/revisions\/21252"}],"wp:featuredmedia":[{"embeddable":true,"href":"https:\/\/www.mpppst.gob.ve\/mpppstweb\/index.php\/wp-json\/wp\/v2\/media\/21251"}],"wp:attachment":[{"href":"https:\/\/www.mpppst.gob.ve\/mpppstweb\/index.php\/wp-json\/wp\/v2\/media?parent=21250"}],"wp:term":[{"taxonomy":"category","embeddable":true,"href":"https:\/\/www.mpppst.gob.ve\/mpppstweb\/index.php\/wp-json\/wp\/v2\/categories?post=21250"},{"taxonomy":"post_tag","embeddable":true,"href":"https:\/\/www.mpppst.gob.ve\/mpppstweb\/index.php\/wp-json\/wp\/v2\/tags?post=21250"}],"curies":[{"name":"wp","href":"https:\/\/api.w.org\/{rel}","templated":true}]}}