{"id":21253,"date":"2021-01-20T09:48:09","date_gmt":"2021-01-20T13:48:09","guid":{"rendered":"http:\/\/www.mpppst.gob.ve\/mpppstweb\/?p=21253"},"modified":"2021-01-20T09:48:11","modified_gmt":"2021-01-20T13:48:11","slug":"verdadera-solidaridad-primer-envio-de-oxigeno-de-venezuela-llega-a-manaos","status":"publish","type":"post","link":"https:\/\/www.mpppst.gob.ve\/mpppstweb\/index.php\/2021\/01\/20\/verdadera-solidaridad-primer-envio-de-oxigeno-de-venezuela-llega-a-manaos\/","title":{"rendered":"\u00a1Verdadera solidaridad! | Primer env\u00edo de ox\u00edgeno de Venezuela llega a Manaos"},"content":{"rendered":"\n<p>El ministro del Poder Popular para Relaciones Exteriores, Jorge Arreaza, inform\u00f3 la noche de este martes la llegada de los primeros cilindros de ox\u00edgeno a la ciudad brasile\u00f1a de Manaos para ayudar a combatir la contingencia sanitaria derivada de la pandemia del COVID-19 en el pa\u00eds vecino.<\/p>\n\n\n\n<p>\u201cA esta hora llegan a la ciudad de Manaus, Brasil, los primeros camiones \u2013 cilindros con el ox\u00edgeno enviado por el presidente Nicol\u00e1s Maduro para atender la crisis sanitaria ocasionada por la pandemia del COVID-19\u201d, fue el mensaje que escribi\u00f3 el Canciller venezolano a trav\u00e9s de su cuenta de Twitter @jaarreaza.<\/p>\n\n\n\n<p>A esta hora llegan a la ciudad de&nbsp;<a href=\"https:\/\/twitter.com\/hashtag\/Manaus?src=hash&amp;ref_src=twsrc%5Etfw\">#Manaus<\/a>, Brasil&nbsp;<img decoding=\"async\" alt=\"??\" src=\"https:\/\/s.w.org\/images\/core\/emoji\/13.0.1\/svg\/1f1e7-1f1f7.svg\">, los primeros camiones \u2013 cilindros con el ox\u00edgeno enviado por el Presidente&nbsp;<a href=\"https:\/\/twitter.com\/NicolasMaduro?ref_src=twsrc%5Etfw\">@NicolasMaduro<\/a>&nbsp;para atender la crisis sanitaria ocasionada por la pandemia del&nbsp;<a href=\"https:\/\/twitter.com\/hashtag\/Covid_19?src=hash&amp;ref_src=twsrc%5Etfw\">#Covid_19<\/a>. \u00a1Verdadera solidaridad! \u00a1Verdadera ayuda humanitaria!&nbsp;<a href=\"https:\/\/t.co\/Q6wOSzoAdX\">pic.twitter.com\/Q6wOSzoAdX<\/a><\/p>\n\n\n\n<p><a href=\"https:\/\/twitter.com\/jaarreaza\/status\/1351712490565095424\" target=\"_blank\" rel=\"noreferrer noopener\">\u2014 Jorge Arreaza M (@jaarreaza)&nbsp;<\/a><a href=\"https:\/\/twitter.com\/jaarreaza\/status\/1351712490565095424?ref_src=twsrc%5Etfw\">January 20, 2021<\/a><\/p>\n\n\n\n<p>Asimismo, el diplom\u00e1tico destac\u00f3 que esta era \u201c\u00a1Verdadera solidaridad! \u00a1Verdadera ayuda humanitaria!\u201d.<\/p>\n\n\n\n<p>La acci\u00f3n corresponde al anuncio que hiciera el Ministro venezolano en d\u00edas recientes, en el que detall\u00f3 que tras una comunicaci\u00f3n sostenida con el gobernador de Amazonas (Brasil), Wilson Lima, se activ\u00f3 un mecanismo binacional para el traslado de los camiones con los cilindros de ox\u00edgeno por el estado Bol\u00edvar.<\/p>\n\n\n\n<p>Actualmente, Brasil es el pa\u00eds con el segundo brote de coronavirus m\u00e1s letal del mundo despu\u00e9s de Estados Unidos, siendo Manaos una de las primeras ciudades brasile\u00f1as afectadas por un recuento de muertes y una carga de casos en aumento desde la primera ola de la pandemia el a\u00f1o pasado.<\/p>\n","protected":false},"excerpt":{"rendered":"<p>El ministro del Poder Popular para Relaciones Exteriores, Jorge Arreaza, inform\u00f3 la noche de este martes &hellip; <a title=\"\u00a1Verdadera solidaridad! | Primer env\u00edo de ox\u00edgeno de Venezuela llega a Manaos\" class=\"hm-read-more\" href=\"https:\/\/www.mpppst.gob.ve\/mpppstweb\/index.php\/2021\/01\/20\/verdadera-solidaridad-primer-envio-de-oxigeno-de-venezuela-llega-a-manaos\/\"><span class=\"screen-reader-text\">\u00a1Verdadera solidaridad! | Primer env\u00edo de ox\u00edgeno de Venezuela llega a Manaos<\/span>Read more<\/a><\/p>\n","protected":false},"author":25,"featured_media":21254,"comment_status":"closed","ping_status":"closed","sticky":false,"template":"","format":"standard","meta":{"footnotes":""},"categories":[82,163],"tags":[],"yoast_head":"<!-- This site is optimized with the Yoast SEO plugin v22.5 - https:\/\/yoast.com\/wordpress\/plugins\/seo\/ -->\n<title>\u00a1Verdadera solidaridad! | Primer env\u00edo de ox\u00edgeno de Venezuela llega a Manaos - MPPPST<\/title>\n<meta name=\"robots\" content=\"index, follow, max-snippet:-1, max-image-preview:large, max-video-preview:-1\" \/>\n<link rel=\"canonical\" href=\"https:\/\/www.mpppst.gob.ve\/mpppstweb\/index.php\/2021\/01\/20\/verdadera-solidaridad-primer-envio-de-oxigeno-de-venezuela-llega-a-manaos\/\" \/>\n<meta property=\"og:locale\" content=\"es_ES\" \/>\n<meta property=\"og:type\" content=\"article\" \/>\n<meta property=\"og:title\" content=\"\u00a1Verdadera solidaridad! | Primer env\u00edo de ox\u00edgeno de Venezuela llega a Manaos - MPPPST\" \/>\n<meta property=\"og:description\" content=\"El ministro del Poder Popular para Relaciones Exteriores, Jorge Arreaza, inform\u00f3 la noche de este martes &hellip; \u00a1Verdadera solidaridad! | Primer env\u00edo de ox\u00edgeno de Venezuela llega a ManaosRead more\" \/>\n<meta property=\"og:url\" content=\"https:\/\/www.mpppst.gob.ve\/mpppstweb\/index.php\/2021\/01\/20\/verdadera-solidaridad-primer-envio-de-oxigeno-de-venezuela-llega-a-manaos\/\" \/>\n<meta property=\"og:site_name\" content=\"MPPPST\" \/>\n<meta property=\"article:published_time\" content=\"2021-01-20T13:48:09+00:00\" \/>\n<meta property=\"article:modified_time\" content=\"2021-01-20T13:48:11+00:00\" \/>\n<meta property=\"og:image\" content=\"https:\/\/www.mpppst.gob.ve\/mpppstweb\/wp-content\/uploads\/2021\/01\/EsI_VbxXUAIjUDh-768x427-1.jpg\" \/>\n\t<meta property=\"og:image:width\" content=\"768\" \/>\n\t<meta property=\"og:image:height\" content=\"427\" \/>\n\t<meta property=\"og:image:type\" content=\"image\/jpeg\" \/>\n<meta name=\"author\" content=\"MPPPST Prensa\" \/>\n<meta name=\"twitter:card\" content=\"summary_large_image\" \/>\n<meta name=\"twitter:label1\" content=\"Escrito por\" \/>\n\t<meta name=\"twitter:data1\" content=\"MPPPST Prensa\" \/>\n\t<meta name=\"twitter:label2\" content=\"Tiempo de lectura\" \/>\n\t<meta name=\"twitter:data2\" content=\"1 minuto\" \/>\n<script type=\"application\/ld+json\" class=\"yoast-schema-graph\">{\"@context\":\"https:\/\/schema.org\",\"@graph\":[{\"@type\":\"Article\",\"@id\":\"https:\/\/www.mpppst.gob.ve\/mpppstweb\/index.php\/2021\/01\/20\/verdadera-solidaridad-primer-envio-de-oxigeno-de-venezuela-llega-a-manaos\/#article\",\"isPartOf\":{\"@id\":\"https:\/\/www.mpppst.gob.ve\/mpppstweb\/index.php\/2021\/01\/20\/verdadera-solidaridad-primer-envio-de-oxigeno-de-venezuela-llega-a-manaos\/\"},\"author\":{\"name\":\"MPPPST Prensa\",\"@id\":\"https:\/\/www.mpppst.gob.ve\/mpppstweb\/#\/schema\/person\/fc187ee8ead412bd4c9304b62f900ea4\"},\"headline\":\"\u00a1Verdadera solidaridad! | Primer env\u00edo de ox\u00edgeno de Venezuela llega a Manaos\",\"datePublished\":\"2021-01-20T13:48:09+00:00\",\"dateModified\":\"2021-01-20T13:48:11+00:00\",\"mainEntityOfPage\":{\"@id\":\"https:\/\/www.mpppst.gob.ve\/mpppstweb\/index.php\/2021\/01\/20\/verdadera-solidaridad-primer-envio-de-oxigeno-de-venezuela-llega-a-manaos\/\"},\"wordCount\":295,\"publisher\":{\"@id\":\"https:\/\/www.mpppst.gob.ve\/mpppstweb\/#organization\"},\"image\":{\"@id\":\"https:\/\/www.mpppst.gob.ve\/mpppstweb\/index.php\/2021\/01\/20\/verdadera-solidaridad-primer-envio-de-oxigeno-de-venezuela-llega-a-manaos\/#primaryimage\"},\"thumbnailUrl\":\"https:\/\/www.mpppst.gob.ve\/mpppstweb\/wp-content\/uploads\/2021\/01\/EsI_VbxXUAIjUDh-768x427-1.jpg\",\"articleSection\":[\"Gobierno Nacional\",\"Noticias\"],\"inLanguage\":\"es\"},{\"@type\":\"WebPage\",\"@id\":\"https:\/\/www.mpppst.gob.ve\/mpppstweb\/index.php\/2021\/01\/20\/verdadera-solidaridad-primer-envio-de-oxigeno-de-venezuela-llega-a-manaos\/\",\"url\":\"https:\/\/www.mpppst.gob.ve\/mpppstweb\/index.php\/2021\/01\/20\/verdadera-solidaridad-primer-envio-de-oxigeno-de-venezuela-llega-a-manaos\/\",\"name\":\"\u00a1Verdadera solidaridad! | Primer env\u00edo de ox\u00edgeno de Venezuela llega a Manaos - MPPPST\",\"isPartOf\":{\"@id\":\"https:\/\/www.mpppst.gob.ve\/mpppstweb\/#website\"},\"primaryImageOfPage\":{\"@id\":\"https:\/\/www.mpppst.gob.ve\/mpppstweb\/index.php\/2021\/01\/20\/verdadera-solidaridad-primer-envio-de-oxigeno-de-venezuela-llega-a-manaos\/#primaryimage\"},\"image\":{\"@id\":\"https:\/\/www.mpppst.gob.ve\/mpppstweb\/index.php\/2021\/01\/20\/verdadera-solidaridad-primer-envio-de-oxigeno-de-venezuela-llega-a-manaos\/#primaryimage\"},\"thumbnailUrl\":\"https:\/\/www.mpppst.gob.ve\/mpppstweb\/wp-content\/uploads\/2021\/01\/EsI_VbxXUAIjUDh-768x427-1.jpg\",\"datePublished\":\"2021-01-20T13:48:09+00:00\",\"dateModified\":\"2021-01-20T13:48:11+00:00\",\"breadcrumb\":{\"@id\":\"https:\/\/www.mpppst.gob.ve\/mpppstweb\/index.php\/2021\/01\/20\/verdadera-solidaridad-primer-envio-de-oxigeno-de-venezuela-llega-a-manaos\/#breadcrumb\"},\"inLanguage\":\"es\",\"potentialAction\":[{\"@type\":\"ReadAction\",\"target\":[\"https:\/\/www.mpppst.gob.ve\/mpppstweb\/index.php\/2021\/01\/20\/verdadera-solidaridad-primer-envio-de-oxigeno-de-venezuela-llega-a-manaos\/\"]}]},{\"@type\":\"ImageObject\",\"inLanguage\":\"es\",\"@id\":\"https:\/\/www.mpppst.gob.ve\/mpppstweb\/index.php\/2021\/01\/20\/verdadera-solidaridad-primer-envio-de-oxigeno-de-venezuela-llega-a-manaos\/#primaryimage\",\"url\":\"https:\/\/www.mpppst.gob.ve\/mpppstweb\/wp-content\/uploads\/2021\/01\/EsI_VbxXUAIjUDh-768x427-1.jpg\",\"contentUrl\":\"https:\/\/www.mpppst.gob.ve\/mpppstweb\/wp-content\/uploads\/2021\/01\/EsI_VbxXUAIjUDh-768x427-1.jpg\",\"width\":768,\"height\":427},{\"@type\":\"BreadcrumbList\",\"@id\":\"https:\/\/www.mpppst.gob.ve\/mpppstweb\/index.php\/2021\/01\/20\/verdadera-solidaridad-primer-envio-de-oxigeno-de-venezuela-llega-a-manaos\/#breadcrumb\",\"itemListElement\":[{\"@type\":\"ListItem\",\"position\":1,\"name\":\"Home\",\"item\":\"https:\/\/www.mpppst.gob.ve\/mpppstweb\/\"},{\"@type\":\"ListItem\",\"position\":2,\"name\":\"\u00a1Verdadera solidaridad! | Primer env\u00edo de ox\u00edgeno de Venezuela llega a Manaos\"}]},{\"@type\":\"WebSite\",\"@id\":\"https:\/\/www.mpppst.gob.ve\/mpppstweb\/#website\",\"url\":\"https:\/\/www.mpppst.gob.ve\/mpppstweb\/\",\"name\":\"MPPPST\",\"description\":\"Ministerio del Poder Popular para el Proceso Social de Trabajo\",\"publisher\":{\"@id\":\"https:\/\/www.mpppst.gob.ve\/mpppstweb\/#organization\"},\"potentialAction\":[{\"@type\":\"SearchAction\",\"target\":{\"@type\":\"EntryPoint\",\"urlTemplate\":\"https:\/\/www.mpppst.gob.ve\/mpppstweb\/?s={search_term_string}\"},\"query-input\":\"required name=search_term_string\"}],\"inLanguage\":\"es\"},{\"@type\":\"Organization\",\"@id\":\"https:\/\/www.mpppst.gob.ve\/mpppstweb\/#organization\",\"name\":\"mpppst\",\"url\":\"https:\/\/www.mpppst.gob.ve\/mpppstweb\/\",\"logo\":{\"@type\":\"ImageObject\",\"inLanguage\":\"es\",\"@id\":\"https:\/\/www.mpppst.gob.ve\/mpppstweb\/#\/schema\/logo\/image\/\",\"url\":\"https:\/\/www.mpppst.gob.ve\/mpppstweb\/wp-content\/uploads\/2025\/07\/cropped-cropped-g910.png\",\"contentUrl\":\"https:\/\/www.mpppst.gob.ve\/mpppstweb\/wp-content\/uploads\/2025\/07\/cropped-cropped-g910.png\",\"width\":1080,\"height\":241,\"caption\":\"mpppst\"},\"image\":{\"@id\":\"https:\/\/www.mpppst.gob.ve\/mpppstweb\/#\/schema\/logo\/image\/\"}},{\"@type\":\"Person\",\"@id\":\"https:\/\/www.mpppst.gob.ve\/mpppstweb\/#\/schema\/person\/fc187ee8ead412bd4c9304b62f900ea4\",\"name\":\"MPPPST Prensa\",\"url\":\"https:\/\/www.mpppst.gob.ve\/mpppstweb\/index.php\/author\/prensa-mpppst\/\"}]}<\/script>\n<!-- \/ Yoast SEO plugin. -->","yoast_head_json":{"title":"\u00a1Verdadera solidaridad! | Primer env\u00edo de ox\u00edgeno de Venezuela llega a Manaos - MPPPST","robots":{"index":"index","follow":"follow","max-snippet":"max-snippet:-1","max-image-preview":"max-image-preview:large","max-video-preview":"max-video-preview:-1"},"canonical":"https:\/\/www.mpppst.gob.ve\/mpppstweb\/index.php\/2021\/01\/20\/verdadera-solidaridad-primer-envio-de-oxigeno-de-venezuela-llega-a-manaos\/","og_locale":"es_ES","og_type":"article","og_title":"\u00a1Verdadera solidaridad! | Primer env\u00edo de ox\u00edgeno de Venezuela llega a Manaos - MPPPST","og_description":"El ministro del Poder Popular para Relaciones Exteriores, Jorge Arreaza, inform\u00f3 la noche de este martes &hellip; \u00a1Verdadera solidaridad! | Primer env\u00edo de ox\u00edgeno de Venezuela llega a ManaosRead more","og_url":"https:\/\/www.mpppst.gob.ve\/mpppstweb\/index.php\/2021\/01\/20\/verdadera-solidaridad-primer-envio-de-oxigeno-de-venezuela-llega-a-manaos\/","og_site_name":"MPPPST","article_published_time":"2021-01-20T13:48:09+00:00","article_modified_time":"2021-01-20T13:48:11+00:00","og_image":[{"width":768,"height":427,"url":"https:\/\/www.mpppst.gob.ve\/mpppstweb\/wp-content\/uploads\/2021\/01\/EsI_VbxXUAIjUDh-768x427-1.jpg","type":"image\/jpeg"}],"author":"MPPPST Prensa","twitter_card":"summary_large_image","twitter_misc":{"Escrito por":"MPPPST Prensa","Tiempo de lectura":"1 minuto"},"schema":{"@context":"https:\/\/schema.org","@graph":[{"@type":"Article","@id":"https:\/\/www.mpppst.gob.ve\/mpppstweb\/index.php\/2021\/01\/20\/verdadera-solidaridad-primer-envio-de-oxigeno-de-venezuela-llega-a-manaos\/#article","isPartOf":{"@id":"https:\/\/www.mpppst.gob.ve\/mpppstweb\/index.php\/2021\/01\/20\/verdadera-solidaridad-primer-envio-de-oxigeno-de-venezuela-llega-a-manaos\/"},"author":{"name":"MPPPST Prensa","@id":"https:\/\/www.mpppst.gob.ve\/mpppstweb\/#\/schema\/person\/fc187ee8ead412bd4c9304b62f900ea4"},"headline":"\u00a1Verdadera solidaridad! | Primer env\u00edo de ox\u00edgeno de Venezuela llega a Manaos","datePublished":"2021-01-20T13:48:09+00:00","dateModified":"2021-01-20T13:48:11+00:00","mainEntityOfPage":{"@id":"https:\/\/www.mpppst.gob.ve\/mpppstweb\/index.php\/2021\/01\/20\/verdadera-solidaridad-primer-envio-de-oxigeno-de-venezuela-llega-a-manaos\/"},"wordCount":295,"publisher":{"@id":"https:\/\/www.mpppst.gob.ve\/mpppstweb\/#organization"},"image":{"@id":"https:\/\/www.mpppst.gob.ve\/mpppstweb\/index.php\/2021\/01\/20\/verdadera-solidaridad-primer-envio-de-oxigeno-de-venezuela-llega-a-manaos\/#primaryimage"},"thumbnailUrl":"https:\/\/www.mpppst.gob.ve\/mpppstweb\/wp-content\/uploads\/2021\/01\/EsI_VbxXUAIjUDh-768x427-1.jpg","articleSection":["Gobierno Nacional","Noticias"],"inLanguage":"es"},{"@type":"WebPage","@id":"https:\/\/www.mpppst.gob.ve\/mpppstweb\/index.php\/2021\/01\/20\/verdadera-solidaridad-primer-envio-de-oxigeno-de-venezuela-llega-a-manaos\/","url":"https:\/\/www.mpppst.gob.ve\/mpppstweb\/index.php\/2021\/01\/20\/verdadera-solidaridad-primer-envio-de-oxigeno-de-venezuela-llega-a-manaos\/","name":"\u00a1Verdadera solidaridad! | Primer env\u00edo de ox\u00edgeno de Venezuela llega a Manaos - MPPPST","isPartOf":{"@id":"https:\/\/www.mpppst.gob.ve\/mpppstweb\/#website"},"primaryImageOfPage":{"@id":"https:\/\/www.mpppst.gob.ve\/mpppstweb\/index.php\/2021\/01\/20\/verdadera-solidaridad-primer-envio-de-oxigeno-de-venezuela-llega-a-manaos\/#primaryimage"},"image":{"@id":"https:\/\/www.mpppst.gob.ve\/mpppstweb\/index.php\/2021\/01\/20\/verdadera-solidaridad-primer-envio-de-oxigeno-de-venezuela-llega-a-manaos\/#primaryimage"},"thumbnailUrl":"https:\/\/www.mpppst.gob.ve\/mpppstweb\/wp-content\/uploads\/2021\/01\/EsI_VbxXUAIjUDh-768x427-1.jpg","datePublished":"2021-01-20T13:48:09+00:00","dateModified":"2021-01-20T13:48:11+00:00","breadcrumb":{"@id":"https:\/\/www.mpppst.gob.ve\/mpppstweb\/index.php\/2021\/01\/20\/verdadera-solidaridad-primer-envio-de-oxigeno-de-venezuela-llega-a-manaos\/#breadcrumb"},"inLanguage":"es","potentialAction":[{"@type":"ReadAction","target":["https:\/\/www.mpppst.gob.ve\/mpppstweb\/index.php\/2021\/01\/20\/verdadera-solidaridad-primer-envio-de-oxigeno-de-venezuela-llega-a-manaos\/"]}]},{"@type":"ImageObject","inLanguage":"es","@id":"https:\/\/www.mpppst.gob.ve\/mpppstweb\/index.php\/2021\/01\/20\/verdadera-solidaridad-primer-envio-de-oxigeno-de-venezuela-llega-a-manaos\/#primaryimage","url":"https:\/\/www.mpppst.gob.ve\/mpppstweb\/wp-content\/uploads\/2021\/01\/EsI_VbxXUAIjUDh-768x427-1.jpg","contentUrl":"https:\/\/www.mpppst.gob.ve\/mpppstweb\/wp-content\/uploads\/2021\/01\/EsI_VbxXUAIjUDh-768x427-1.jpg","width":768,"height":427},{"@type":"BreadcrumbList","@id":"https:\/\/www.mpppst.gob.ve\/mpppstweb\/index.php\/2021\/01\/20\/verdadera-solidaridad-primer-envio-de-oxigeno-de-venezuela-llega-a-manaos\/#breadcrumb","itemListElement":[{"@type":"ListItem","position":1,"name":"Home","item":"https:\/\/www.mpppst.gob.ve\/mpppstweb\/"},{"@type":"ListItem","position":2,"name":"\u00a1Verdadera solidaridad! | Primer env\u00edo de ox\u00edgeno de Venezuela llega a Manaos"}]},{"@type":"WebSite","@id":"https:\/\/www.mpppst.gob.ve\/mpppstweb\/#website","url":"https:\/\/www.mpppst.gob.ve\/mpppstweb\/","name":"MPPPST","description":"Ministerio del Poder Popular para el Proceso Social de Trabajo","publisher":{"@id":"https:\/\/www.mpppst.gob.ve\/mpppstweb\/#organization"},"potentialAction":[{"@type":"SearchAction","target":{"@type":"EntryPoint","urlTemplate":"https:\/\/www.mpppst.gob.ve\/mpppstweb\/?s={search_term_string}"},"query-input":"required name=search_term_string"}],"inLanguage":"es"},{"@type":"Organization","@id":"https:\/\/www.mpppst.gob.ve\/mpppstweb\/#organization","name":"mpppst","url":"https:\/\/www.mpppst.gob.ve\/mpppstweb\/","logo":{"@type":"ImageObject","inLanguage":"es","@id":"https:\/\/www.mpppst.gob.ve\/mpppstweb\/#\/schema\/logo\/image\/","url":"https:\/\/www.mpppst.gob.ve\/mpppstweb\/wp-content\/uploads\/2025\/07\/cropped-cropped-g910.png","contentUrl":"https:\/\/www.mpppst.gob.ve\/mpppstweb\/wp-content\/uploads\/2025\/07\/cropped-cropped-g910.png","width":1080,"height":241,"caption":"mpppst"},"image":{"@id":"https:\/\/www.mpppst.gob.ve\/mpppstweb\/#\/schema\/logo\/image\/"}},{"@type":"Person","@id":"https:\/\/www.mpppst.gob.ve\/mpppstweb\/#\/schema\/person\/fc187ee8ead412bd4c9304b62f900ea4","name":"MPPPST Prensa","url":"https:\/\/www.mpppst.gob.ve\/mpppstweb\/index.php\/author\/prensa-mpppst\/"}]}},"_links":{"self":[{"href":"https:\/\/www.mpppst.gob.ve\/mpppstweb\/index.php\/wp-json\/wp\/v2\/posts\/21253"}],"collection":[{"href":"https:\/\/www.mpppst.gob.ve\/mpppstweb\/index.php\/wp-json\/wp\/v2\/posts"}],"about":[{"href":"https:\/\/www.mpppst.gob.ve\/mpppstweb\/index.php\/wp-json\/wp\/v2\/types\/post"}],"author":[{"embeddable":true,"href":"https:\/\/www.mpppst.gob.ve\/mpppstweb\/index.php\/wp-json\/wp\/v2\/users\/25"}],"replies":[{"embeddable":true,"href":"https:\/\/www.mpppst.gob.ve\/mpppstweb\/index.php\/wp-json\/wp\/v2\/comments?post=21253"}],"version-history":[{"count":1,"href":"https:\/\/www.mpppst.gob.ve\/mpppstweb\/index.php\/wp-json\/wp\/v2\/posts\/21253\/revisions"}],"predecessor-version":[{"id":21255,"href":"https:\/\/www.mpppst.gob.ve\/mpppstweb\/index.php\/wp-json\/wp\/v2\/posts\/21253\/revisions\/21255"}],"wp:featuredmedia":[{"embeddable":true,"href":"https:\/\/www.mpppst.gob.ve\/mpppstweb\/index.php\/wp-json\/wp\/v2\/media\/21254"}],"wp:attachment":[{"href":"https:\/\/www.mpppst.gob.ve\/mpppstweb\/index.php\/wp-json\/wp\/v2\/media?parent=21253"}],"wp:term":[{"taxonomy":"category","embeddable":true,"href":"https:\/\/www.mpppst.gob.ve\/mpppstweb\/index.php\/wp-json\/wp\/v2\/categories?post=21253"},{"taxonomy":"post_tag","embeddable":true,"href":"https:\/\/www.mpppst.gob.ve\/mpppstweb\/index.php\/wp-json\/wp\/v2\/tags?post=21253"}],"curies":[{"name":"wp","href":"https:\/\/api.w.org\/{rel}","templated":true}]}}