{"id":21256,"date":"2021-01-20T09:51:46","date_gmt":"2021-01-20T13:51:46","guid":{"rendered":"http:\/\/www.mpppst.gob.ve\/mpppstweb\/?p=21256"},"modified":"2021-01-20T09:51:47","modified_gmt":"2021-01-20T13:51:47","slug":"alba-tcp-acuerda-crear-fondo-humanitario-y-banco-de-medicinas-para-combatir-la-covid-19","status":"publish","type":"post","link":"https:\/\/www.mpppst.gob.ve\/mpppstweb\/index.php\/2021\/01\/20\/alba-tcp-acuerda-crear-fondo-humanitario-y-banco-de-medicinas-para-combatir-la-covid-19\/","title":{"rendered":"ALBA \u2013 TCP acuerda crear Fondo Humanitario y Banco de Medicinas para combatir la COVID-19"},"content":{"rendered":"\n<p>Durante la reuni\u00f3n especial de la Comisi\u00f3n Social de la Alianza Bolivariana para los Pueblos de Nuestra Am\u00e9rica- Tratado de Comercio (ALBA-TCP) llevada a cabo este martes 19 de enero, los Estados miembros del bloque regional acordaron la creaci\u00f3n de un Fondo Humanitario y del Banco de Medicinas para combatir la pandemia de la COVID-19.<\/p>\n\n\n\n<p>El acta le\u00edda por el secretario Ejecutivo de la referida instancia internacional, Sacha Llorenti, se\u00f1ala que el ALBA-TCP acord\u00f3:<\/p>\n\n\n\n<ul><li>Crear un fondo humanitario para la adquisici\u00f3n de vacunas ALBA \u2013 TCP.<\/li><li>Banco de medicinas para contribuir a mejorar el acceso a insumos m\u00e9dicos, pruebas r\u00e1pidas y PCR a todos los Estados miembros.<\/li><li>Agilizar el intercambio de buenas pr\u00e1cticas&nbsp; para el combate de la COVID-19, para compartir experiencia a la atenci\u00f3n de la pandemia.<\/li><li>Reforzar la participaci\u00f3n de los pa\u00edses miembros del ALBA \u2013 TCP en los procesos de negociaci\u00f3n ya existentes para el desarrollo de un dispositivo m\u00e1s eficaz y efectivo para la compra conjunta de vacunas y medicamentos de la COVID-19.<\/li><li>Impulsar la procura de mayores recursos financieros y humanos para la lucha contra la pandemia.<\/li><li>Promover la trasferencia de tecnolog\u00eda y difusi\u00f3n de informaci\u00f3n cient\u00edfica y t\u00e9cnica entre los pa\u00edses del ALBA-TCP.<\/li><li>Afianzar la coordinaci\u00f3n entre salud y educaci\u00f3n superior para la gesti\u00f3n de programas de formaci\u00f3n de profesionales en diversos campos de la qu\u00edmica y la salud publica.<\/li><li>Fortalecer la capacidad de respuesta de los servicios hospitalarios con \u00e9nfasis en la atenci\u00f3n de los s\u00edndromes respiratorios agudos y severos de la COVID-19.<\/li><li>Avanzar en la cobertura universal e integral de servicios contra la COVID-19 centrado en la detecci\u00f3n temprana, diagn\u00f3stico r\u00e1pido, aislamiento y tratamiento oportuno con el prop\u00f3sito de controlar la incidencia y la letalidad.<\/li><li>Reiterar la necesidad de apoyo a la Organizaci\u00f3n Mundial de la Salud y destacar la relevancia de construir un inventario para la informaci\u00f3n de los laboratorios p\u00fablicos, y productos biol\u00f3gicos en la regi\u00f3n de Am\u00e9rica Latina, el Caribe y en los pa\u00edses que conforman el ALBA \u2013 TCP.<\/li><\/ul>\n\n\n\n<p>Asimismo, Llorenti dio a conocer los anuncios hechos por el Banco del Alba entre los cuales destacan:<\/p>\n\n\n\n<ul><li>Se han dispuesto 2 millones de d\u00f3lares para proveer un alivio econ\u00f3mico a los pa\u00edses del Caribe miembros del ALBA \u2013 TCP que les permita concluir las negociaciones con empresas y terceros pa\u00edses para la adquisici\u00f3n de vacunas.<\/li><li>Se ha puesto a disposici\u00f3n 1 mill\u00f3n de d\u00f3lares para el Banco de Vacunas y Medicinas, para garantizar el acceso de insumos m\u00e9dicos, pruebas r\u00e1pidas y pruebas PCR. .<\/li><li>Se ha colocado a disposici\u00f3n, la capacidad productiva del Estado venezolano para la producci\u00f3n de vacunas y de manera sin\u00e9rgica se garantice su distribuci\u00f3n a los pa\u00edses miembros del ALBA \u2013 TCP.<\/li><li>Se establecer\u00e1 un puente a\u00e9reo-humanitario a trav\u00e9s de Conviasa que permita el traslado de las vacunas, personal m\u00e9dico, tratamientos e insumos m\u00e9dicos en beneficio de la poblaci\u00f3n de los Estado miembros del ALBA \u2013 TCP.<\/li><\/ul>\n","protected":false},"excerpt":{"rendered":"<p>Durante la reuni\u00f3n especial de la Comisi\u00f3n Social de la Alianza Bolivariana para los Pueblos de &hellip; <a title=\"ALBA \u2013 TCP acuerda crear Fondo Humanitario y Banco de Medicinas para combatir la COVID-19\" class=\"hm-read-more\" href=\"https:\/\/www.mpppst.gob.ve\/mpppstweb\/index.php\/2021\/01\/20\/alba-tcp-acuerda-crear-fondo-humanitario-y-banco-de-medicinas-para-combatir-la-covid-19\/\"><span class=\"screen-reader-text\">ALBA \u2013 TCP acuerda crear Fondo Humanitario y Banco de Medicinas para combatir la COVID-19<\/span>Read more<\/a><\/p>\n","protected":false},"author":25,"featured_media":21257,"comment_status":"closed","ping_status":"closed","sticky":false,"template":"","format":"standard","meta":{"footnotes":""},"categories":[82,163],"tags":[],"yoast_head":"<!-- This site is optimized with the Yoast SEO plugin v22.5 - https:\/\/yoast.com\/wordpress\/plugins\/seo\/ -->\n<title>ALBA \u2013 TCP acuerda crear Fondo Humanitario y Banco de Medicinas para combatir la COVID-19 - MPPPST<\/title>\n<meta name=\"robots\" content=\"index, follow, max-snippet:-1, max-image-preview:large, max-video-preview:-1\" \/>\n<link rel=\"canonical\" href=\"https:\/\/www.mpppst.gob.ve\/mpppstweb\/index.php\/2021\/01\/20\/alba-tcp-acuerda-crear-fondo-humanitario-y-banco-de-medicinas-para-combatir-la-covid-19\/\" \/>\n<meta property=\"og:locale\" content=\"es_ES\" \/>\n<meta property=\"og:type\" content=\"article\" \/>\n<meta property=\"og:title\" content=\"ALBA \u2013 TCP acuerda crear Fondo Humanitario y Banco de Medicinas para combatir la COVID-19 - MPPPST\" \/>\n<meta property=\"og:description\" content=\"Durante la reuni\u00f3n especial de la Comisi\u00f3n Social de la Alianza Bolivariana para los Pueblos de &hellip; ALBA \u2013 TCP acuerda crear Fondo Humanitario y Banco de Medicinas para combatir la COVID-19Read more\" \/>\n<meta property=\"og:url\" content=\"https:\/\/www.mpppst.gob.ve\/mpppstweb\/index.php\/2021\/01\/20\/alba-tcp-acuerda-crear-fondo-humanitario-y-banco-de-medicinas-para-combatir-la-covid-19\/\" \/>\n<meta property=\"og:site_name\" content=\"MPPPST\" \/>\n<meta property=\"article:published_time\" content=\"2021-01-20T13:51:46+00:00\" \/>\n<meta property=\"article:modified_time\" content=\"2021-01-20T13:51:47+00:00\" \/>\n<meta property=\"og:image\" content=\"https:\/\/www.mpppst.gob.ve\/mpppstweb\/wp-content\/uploads\/2021\/01\/photo_2021-01-19_16-19-33-768x427-1.jpg\" \/>\n\t<meta property=\"og:image:width\" content=\"768\" \/>\n\t<meta property=\"og:image:height\" content=\"427\" \/>\n\t<meta property=\"og:image:type\" content=\"image\/jpeg\" \/>\n<meta name=\"author\" content=\"MPPPST Prensa\" \/>\n<meta name=\"twitter:card\" content=\"summary_large_image\" \/>\n<meta name=\"twitter:label1\" content=\"Escrito por\" \/>\n\t<meta name=\"twitter:data1\" content=\"MPPPST Prensa\" \/>\n\t<meta name=\"twitter:label2\" content=\"Tiempo de lectura\" \/>\n\t<meta name=\"twitter:data2\" content=\"3 minutos\" \/>\n<script type=\"application\/ld+json\" class=\"yoast-schema-graph\">{\"@context\":\"https:\/\/schema.org\",\"@graph\":[{\"@type\":\"Article\",\"@id\":\"https:\/\/www.mpppst.gob.ve\/mpppstweb\/index.php\/2021\/01\/20\/alba-tcp-acuerda-crear-fondo-humanitario-y-banco-de-medicinas-para-combatir-la-covid-19\/#article\",\"isPartOf\":{\"@id\":\"https:\/\/www.mpppst.gob.ve\/mpppstweb\/index.php\/2021\/01\/20\/alba-tcp-acuerda-crear-fondo-humanitario-y-banco-de-medicinas-para-combatir-la-covid-19\/\"},\"author\":{\"name\":\"MPPPST Prensa\",\"@id\":\"https:\/\/www.mpppst.gob.ve\/mpppstweb\/#\/schema\/person\/fc187ee8ead412bd4c9304b62f900ea4\"},\"headline\":\"ALBA \u2013 TCP acuerda crear Fondo Humanitario y Banco de Medicinas para combatir la COVID-19\",\"datePublished\":\"2021-01-20T13:51:46+00:00\",\"dateModified\":\"2021-01-20T13:51:47+00:00\",\"mainEntityOfPage\":{\"@id\":\"https:\/\/www.mpppst.gob.ve\/mpppstweb\/index.php\/2021\/01\/20\/alba-tcp-acuerda-crear-fondo-humanitario-y-banco-de-medicinas-para-combatir-la-covid-19\/\"},\"wordCount\":546,\"publisher\":{\"@id\":\"https:\/\/www.mpppst.gob.ve\/mpppstweb\/#organization\"},\"image\":{\"@id\":\"https:\/\/www.mpppst.gob.ve\/mpppstweb\/index.php\/2021\/01\/20\/alba-tcp-acuerda-crear-fondo-humanitario-y-banco-de-medicinas-para-combatir-la-covid-19\/#primaryimage\"},\"thumbnailUrl\":\"https:\/\/www.mpppst.gob.ve\/mpppstweb\/wp-content\/uploads\/2021\/01\/photo_2021-01-19_16-19-33-768x427-1.jpg\",\"articleSection\":[\"Gobierno Nacional\",\"Noticias\"],\"inLanguage\":\"es\"},{\"@type\":\"WebPage\",\"@id\":\"https:\/\/www.mpppst.gob.ve\/mpppstweb\/index.php\/2021\/01\/20\/alba-tcp-acuerda-crear-fondo-humanitario-y-banco-de-medicinas-para-combatir-la-covid-19\/\",\"url\":\"https:\/\/www.mpppst.gob.ve\/mpppstweb\/index.php\/2021\/01\/20\/alba-tcp-acuerda-crear-fondo-humanitario-y-banco-de-medicinas-para-combatir-la-covid-19\/\",\"name\":\"ALBA \u2013 TCP acuerda crear Fondo Humanitario y Banco de Medicinas para combatir la COVID-19 - MPPPST\",\"isPartOf\":{\"@id\":\"https:\/\/www.mpppst.gob.ve\/mpppstweb\/#website\"},\"primaryImageOfPage\":{\"@id\":\"https:\/\/www.mpppst.gob.ve\/mpppstweb\/index.php\/2021\/01\/20\/alba-tcp-acuerda-crear-fondo-humanitario-y-banco-de-medicinas-para-combatir-la-covid-19\/#primaryimage\"},\"image\":{\"@id\":\"https:\/\/www.mpppst.gob.ve\/mpppstweb\/index.php\/2021\/01\/20\/alba-tcp-acuerda-crear-fondo-humanitario-y-banco-de-medicinas-para-combatir-la-covid-19\/#primaryimage\"},\"thumbnailUrl\":\"https:\/\/www.mpppst.gob.ve\/mpppstweb\/wp-content\/uploads\/2021\/01\/photo_2021-01-19_16-19-33-768x427-1.jpg\",\"datePublished\":\"2021-01-20T13:51:46+00:00\",\"dateModified\":\"2021-01-20T13:51:47+00:00\",\"breadcrumb\":{\"@id\":\"https:\/\/www.mpppst.gob.ve\/mpppstweb\/index.php\/2021\/01\/20\/alba-tcp-acuerda-crear-fondo-humanitario-y-banco-de-medicinas-para-combatir-la-covid-19\/#breadcrumb\"},\"inLanguage\":\"es\",\"potentialAction\":[{\"@type\":\"ReadAction\",\"target\":[\"https:\/\/www.mpppst.gob.ve\/mpppstweb\/index.php\/2021\/01\/20\/alba-tcp-acuerda-crear-fondo-humanitario-y-banco-de-medicinas-para-combatir-la-covid-19\/\"]}]},{\"@type\":\"ImageObject\",\"inLanguage\":\"es\",\"@id\":\"https:\/\/www.mpppst.gob.ve\/mpppstweb\/index.php\/2021\/01\/20\/alba-tcp-acuerda-crear-fondo-humanitario-y-banco-de-medicinas-para-combatir-la-covid-19\/#primaryimage\",\"url\":\"https:\/\/www.mpppst.gob.ve\/mpppstweb\/wp-content\/uploads\/2021\/01\/photo_2021-01-19_16-19-33-768x427-1.jpg\",\"contentUrl\":\"https:\/\/www.mpppst.gob.ve\/mpppstweb\/wp-content\/uploads\/2021\/01\/photo_2021-01-19_16-19-33-768x427-1.jpg\",\"width\":768,\"height\":427},{\"@type\":\"BreadcrumbList\",\"@id\":\"https:\/\/www.mpppst.gob.ve\/mpppstweb\/index.php\/2021\/01\/20\/alba-tcp-acuerda-crear-fondo-humanitario-y-banco-de-medicinas-para-combatir-la-covid-19\/#breadcrumb\",\"itemListElement\":[{\"@type\":\"ListItem\",\"position\":1,\"name\":\"Home\",\"item\":\"https:\/\/www.mpppst.gob.ve\/mpppstweb\/\"},{\"@type\":\"ListItem\",\"position\":2,\"name\":\"ALBA \u2013 TCP acuerda crear Fondo Humanitario y Banco de Medicinas para combatir la COVID-19\"}]},{\"@type\":\"WebSite\",\"@id\":\"https:\/\/www.mpppst.gob.ve\/mpppstweb\/#website\",\"url\":\"https:\/\/www.mpppst.gob.ve\/mpppstweb\/\",\"name\":\"MPPPST\",\"description\":\"Ministerio del Poder Popular para el Proceso Social de Trabajo\",\"publisher\":{\"@id\":\"https:\/\/www.mpppst.gob.ve\/mpppstweb\/#organization\"},\"potentialAction\":[{\"@type\":\"SearchAction\",\"target\":{\"@type\":\"EntryPoint\",\"urlTemplate\":\"https:\/\/www.mpppst.gob.ve\/mpppstweb\/?s={search_term_string}\"},\"query-input\":\"required name=search_term_string\"}],\"inLanguage\":\"es\"},{\"@type\":\"Organization\",\"@id\":\"https:\/\/www.mpppst.gob.ve\/mpppstweb\/#organization\",\"name\":\"mpppst\",\"url\":\"https:\/\/www.mpppst.gob.ve\/mpppstweb\/\",\"logo\":{\"@type\":\"ImageObject\",\"inLanguage\":\"es\",\"@id\":\"https:\/\/www.mpppst.gob.ve\/mpppstweb\/#\/schema\/logo\/image\/\",\"url\":\"https:\/\/www.mpppst.gob.ve\/mpppstweb\/wp-content\/uploads\/2025\/07\/cropped-cropped-g910.png\",\"contentUrl\":\"https:\/\/www.mpppst.gob.ve\/mpppstweb\/wp-content\/uploads\/2025\/07\/cropped-cropped-g910.png\",\"width\":1080,\"height\":241,\"caption\":\"mpppst\"},\"image\":{\"@id\":\"https:\/\/www.mpppst.gob.ve\/mpppstweb\/#\/schema\/logo\/image\/\"}},{\"@type\":\"Person\",\"@id\":\"https:\/\/www.mpppst.gob.ve\/mpppstweb\/#\/schema\/person\/fc187ee8ead412bd4c9304b62f900ea4\",\"name\":\"MPPPST Prensa\",\"url\":\"https:\/\/www.mpppst.gob.ve\/mpppstweb\/index.php\/author\/prensa-mpppst\/\"}]}<\/script>\n<!-- \/ Yoast SEO plugin. -->","yoast_head_json":{"title":"ALBA \u2013 TCP acuerda crear Fondo Humanitario y Banco de Medicinas para combatir la COVID-19 - MPPPST","robots":{"index":"index","follow":"follow","max-snippet":"max-snippet:-1","max-image-preview":"max-image-preview:large","max-video-preview":"max-video-preview:-1"},"canonical":"https:\/\/www.mpppst.gob.ve\/mpppstweb\/index.php\/2021\/01\/20\/alba-tcp-acuerda-crear-fondo-humanitario-y-banco-de-medicinas-para-combatir-la-covid-19\/","og_locale":"es_ES","og_type":"article","og_title":"ALBA \u2013 TCP acuerda crear Fondo Humanitario y Banco de Medicinas para combatir la COVID-19 - MPPPST","og_description":"Durante la reuni\u00f3n especial de la Comisi\u00f3n Social de la Alianza Bolivariana para los Pueblos de &hellip; ALBA \u2013 TCP acuerda crear Fondo Humanitario y Banco de Medicinas para combatir la COVID-19Read more","og_url":"https:\/\/www.mpppst.gob.ve\/mpppstweb\/index.php\/2021\/01\/20\/alba-tcp-acuerda-crear-fondo-humanitario-y-banco-de-medicinas-para-combatir-la-covid-19\/","og_site_name":"MPPPST","article_published_time":"2021-01-20T13:51:46+00:00","article_modified_time":"2021-01-20T13:51:47+00:00","og_image":[{"width":768,"height":427,"url":"https:\/\/www.mpppst.gob.ve\/mpppstweb\/wp-content\/uploads\/2021\/01\/photo_2021-01-19_16-19-33-768x427-1.jpg","type":"image\/jpeg"}],"author":"MPPPST Prensa","twitter_card":"summary_large_image","twitter_misc":{"Escrito por":"MPPPST Prensa","Tiempo de lectura":"3 minutos"},"schema":{"@context":"https:\/\/schema.org","@graph":[{"@type":"Article","@id":"https:\/\/www.mpppst.gob.ve\/mpppstweb\/index.php\/2021\/01\/20\/alba-tcp-acuerda-crear-fondo-humanitario-y-banco-de-medicinas-para-combatir-la-covid-19\/#article","isPartOf":{"@id":"https:\/\/www.mpppst.gob.ve\/mpppstweb\/index.php\/2021\/01\/20\/alba-tcp-acuerda-crear-fondo-humanitario-y-banco-de-medicinas-para-combatir-la-covid-19\/"},"author":{"name":"MPPPST Prensa","@id":"https:\/\/www.mpppst.gob.ve\/mpppstweb\/#\/schema\/person\/fc187ee8ead412bd4c9304b62f900ea4"},"headline":"ALBA \u2013 TCP acuerda crear Fondo Humanitario y Banco de Medicinas para combatir la COVID-19","datePublished":"2021-01-20T13:51:46+00:00","dateModified":"2021-01-20T13:51:47+00:00","mainEntityOfPage":{"@id":"https:\/\/www.mpppst.gob.ve\/mpppstweb\/index.php\/2021\/01\/20\/alba-tcp-acuerda-crear-fondo-humanitario-y-banco-de-medicinas-para-combatir-la-covid-19\/"},"wordCount":546,"publisher":{"@id":"https:\/\/www.mpppst.gob.ve\/mpppstweb\/#organization"},"image":{"@id":"https:\/\/www.mpppst.gob.ve\/mpppstweb\/index.php\/2021\/01\/20\/alba-tcp-acuerda-crear-fondo-humanitario-y-banco-de-medicinas-para-combatir-la-covid-19\/#primaryimage"},"thumbnailUrl":"https:\/\/www.mpppst.gob.ve\/mpppstweb\/wp-content\/uploads\/2021\/01\/photo_2021-01-19_16-19-33-768x427-1.jpg","articleSection":["Gobierno Nacional","Noticias"],"inLanguage":"es"},{"@type":"WebPage","@id":"https:\/\/www.mpppst.gob.ve\/mpppstweb\/index.php\/2021\/01\/20\/alba-tcp-acuerda-crear-fondo-humanitario-y-banco-de-medicinas-para-combatir-la-covid-19\/","url":"https:\/\/www.mpppst.gob.ve\/mpppstweb\/index.php\/2021\/01\/20\/alba-tcp-acuerda-crear-fondo-humanitario-y-banco-de-medicinas-para-combatir-la-covid-19\/","name":"ALBA \u2013 TCP acuerda crear Fondo Humanitario y Banco de Medicinas para combatir la COVID-19 - MPPPST","isPartOf":{"@id":"https:\/\/www.mpppst.gob.ve\/mpppstweb\/#website"},"primaryImageOfPage":{"@id":"https:\/\/www.mpppst.gob.ve\/mpppstweb\/index.php\/2021\/01\/20\/alba-tcp-acuerda-crear-fondo-humanitario-y-banco-de-medicinas-para-combatir-la-covid-19\/#primaryimage"},"image":{"@id":"https:\/\/www.mpppst.gob.ve\/mpppstweb\/index.php\/2021\/01\/20\/alba-tcp-acuerda-crear-fondo-humanitario-y-banco-de-medicinas-para-combatir-la-covid-19\/#primaryimage"},"thumbnailUrl":"https:\/\/www.mpppst.gob.ve\/mpppstweb\/wp-content\/uploads\/2021\/01\/photo_2021-01-19_16-19-33-768x427-1.jpg","datePublished":"2021-01-20T13:51:46+00:00","dateModified":"2021-01-20T13:51:47+00:00","breadcrumb":{"@id":"https:\/\/www.mpppst.gob.ve\/mpppstweb\/index.php\/2021\/01\/20\/alba-tcp-acuerda-crear-fondo-humanitario-y-banco-de-medicinas-para-combatir-la-covid-19\/#breadcrumb"},"inLanguage":"es","potentialAction":[{"@type":"ReadAction","target":["https:\/\/www.mpppst.gob.ve\/mpppstweb\/index.php\/2021\/01\/20\/alba-tcp-acuerda-crear-fondo-humanitario-y-banco-de-medicinas-para-combatir-la-covid-19\/"]}]},{"@type":"ImageObject","inLanguage":"es","@id":"https:\/\/www.mpppst.gob.ve\/mpppstweb\/index.php\/2021\/01\/20\/alba-tcp-acuerda-crear-fondo-humanitario-y-banco-de-medicinas-para-combatir-la-covid-19\/#primaryimage","url":"https:\/\/www.mpppst.gob.ve\/mpppstweb\/wp-content\/uploads\/2021\/01\/photo_2021-01-19_16-19-33-768x427-1.jpg","contentUrl":"https:\/\/www.mpppst.gob.ve\/mpppstweb\/wp-content\/uploads\/2021\/01\/photo_2021-01-19_16-19-33-768x427-1.jpg","width":768,"height":427},{"@type":"BreadcrumbList","@id":"https:\/\/www.mpppst.gob.ve\/mpppstweb\/index.php\/2021\/01\/20\/alba-tcp-acuerda-crear-fondo-humanitario-y-banco-de-medicinas-para-combatir-la-covid-19\/#breadcrumb","itemListElement":[{"@type":"ListItem","position":1,"name":"Home","item":"https:\/\/www.mpppst.gob.ve\/mpppstweb\/"},{"@type":"ListItem","position":2,"name":"ALBA \u2013 TCP acuerda crear Fondo Humanitario y Banco de Medicinas para combatir la COVID-19"}]},{"@type":"WebSite","@id":"https:\/\/www.mpppst.gob.ve\/mpppstweb\/#website","url":"https:\/\/www.mpppst.gob.ve\/mpppstweb\/","name":"MPPPST","description":"Ministerio del Poder Popular para el Proceso Social de Trabajo","publisher":{"@id":"https:\/\/www.mpppst.gob.ve\/mpppstweb\/#organization"},"potentialAction":[{"@type":"SearchAction","target":{"@type":"EntryPoint","urlTemplate":"https:\/\/www.mpppst.gob.ve\/mpppstweb\/?s={search_term_string}"},"query-input":"required name=search_term_string"}],"inLanguage":"es"},{"@type":"Organization","@id":"https:\/\/www.mpppst.gob.ve\/mpppstweb\/#organization","name":"mpppst","url":"https:\/\/www.mpppst.gob.ve\/mpppstweb\/","logo":{"@type":"ImageObject","inLanguage":"es","@id":"https:\/\/www.mpppst.gob.ve\/mpppstweb\/#\/schema\/logo\/image\/","url":"https:\/\/www.mpppst.gob.ve\/mpppstweb\/wp-content\/uploads\/2025\/07\/cropped-cropped-g910.png","contentUrl":"https:\/\/www.mpppst.gob.ve\/mpppstweb\/wp-content\/uploads\/2025\/07\/cropped-cropped-g910.png","width":1080,"height":241,"caption":"mpppst"},"image":{"@id":"https:\/\/www.mpppst.gob.ve\/mpppstweb\/#\/schema\/logo\/image\/"}},{"@type":"Person","@id":"https:\/\/www.mpppst.gob.ve\/mpppstweb\/#\/schema\/person\/fc187ee8ead412bd4c9304b62f900ea4","name":"MPPPST Prensa","url":"https:\/\/www.mpppst.gob.ve\/mpppstweb\/index.php\/author\/prensa-mpppst\/"}]}},"_links":{"self":[{"href":"https:\/\/www.mpppst.gob.ve\/mpppstweb\/index.php\/wp-json\/wp\/v2\/posts\/21256"}],"collection":[{"href":"https:\/\/www.mpppst.gob.ve\/mpppstweb\/index.php\/wp-json\/wp\/v2\/posts"}],"about":[{"href":"https:\/\/www.mpppst.gob.ve\/mpppstweb\/index.php\/wp-json\/wp\/v2\/types\/post"}],"author":[{"embeddable":true,"href":"https:\/\/www.mpppst.gob.ve\/mpppstweb\/index.php\/wp-json\/wp\/v2\/users\/25"}],"replies":[{"embeddable":true,"href":"https:\/\/www.mpppst.gob.ve\/mpppstweb\/index.php\/wp-json\/wp\/v2\/comments?post=21256"}],"version-history":[{"count":1,"href":"https:\/\/www.mpppst.gob.ve\/mpppstweb\/index.php\/wp-json\/wp\/v2\/posts\/21256\/revisions"}],"predecessor-version":[{"id":21258,"href":"https:\/\/www.mpppst.gob.ve\/mpppstweb\/index.php\/wp-json\/wp\/v2\/posts\/21256\/revisions\/21258"}],"wp:featuredmedia":[{"embeddable":true,"href":"https:\/\/www.mpppst.gob.ve\/mpppstweb\/index.php\/wp-json\/wp\/v2\/media\/21257"}],"wp:attachment":[{"href":"https:\/\/www.mpppst.gob.ve\/mpppstweb\/index.php\/wp-json\/wp\/v2\/media?parent=21256"}],"wp:term":[{"taxonomy":"category","embeddable":true,"href":"https:\/\/www.mpppst.gob.ve\/mpppstweb\/index.php\/wp-json\/wp\/v2\/categories?post=21256"},{"taxonomy":"post_tag","embeddable":true,"href":"https:\/\/www.mpppst.gob.ve\/mpppstweb\/index.php\/wp-json\/wp\/v2\/tags?post=21256"}],"curies":[{"name":"wp","href":"https:\/\/api.w.org\/{rel}","templated":true}]}}