{"id":21260,"date":"2021-01-20T09:58:06","date_gmt":"2021-01-20T13:58:06","guid":{"rendered":"http:\/\/www.mpppst.gob.ve\/mpppstweb\/?p=21260"},"modified":"2021-01-20T09:58:07","modified_gmt":"2021-01-20T13:58:07","slug":"asi-quedaron-integradas-las-14-comisiones-permanentes-de-la-asamblea-nacional","status":"publish","type":"post","link":"https:\/\/www.mpppst.gob.ve\/mpppstweb\/index.php\/2021\/01\/20\/asi-quedaron-integradas-las-14-comisiones-permanentes-de-la-asamblea-nacional\/","title":{"rendered":"As\u00ed quedaron integradas las 14 Comisiones Permanentes de la Asamblea Nacional"},"content":{"rendered":"\n<p>En &nbsp;la tercera sesi\u00f3n ordinaria de la nueva Asamblea Nacional (AN) realizada este martes se dieron a conocer los nombres de los integrantes de las&nbsp;<strong>14 Comisiones Permanentes y las Comisiones Especiales<\/strong>&nbsp;de este parlamento para el periodo de sesiones 2021-2022.<\/p>\n\n\n\n<p>A continuaci\u00f3n la lista de las diferentes comisiones:<\/p>\n\n\n\n<ul><li><strong>Comisi\u00f3n de Pol\u00edtica Interior<\/strong><\/li><\/ul>\n\n\n\n<p><strong>Presidente:<\/strong>&nbsp;Diputado Pedro Carre\u00f1o<br><strong>Primer Vicepresidenta:<\/strong>&nbsp;Diputada Rosa Le\u00f3n<br><strong>Segundo Vicepresidente:<\/strong><br>Diputada Cilia Flores<br>Diputada Rodbexa Poleo<br>Diputado Anthony Coello<br>Diputado Alberto Aranguibel<br>Diputado H\u00e9ctor Zambrano<br>Diputado Juan Francisco Escalona<br>Diputada Mar\u00eda Iris Varela<br>Diputada Marifred Rodr\u00edguez<br>Diputado Jos\u00e9 Manuel Cohen<br>Diputado Henry Hern\u00e1ndez<br>Diputado Juan Carlos Alvarado (Copei)<br>Diputado Ram\u00f3n Magallanes<br>Diputado Francisco Ameliach<br>Diputada Luz Coromoto Chac\u00f3n<br>Diputado Roger Pinto<\/p>\n\n\n\n<ul><li><strong>Comisi\u00f3n Pol\u00edtica Exterior<\/strong><\/li><\/ul>\n\n\n\n<p><strong>Presidente<\/strong>&nbsp;Diputado Timoteo Zambrano (AP)<br><strong>Primera Vicepresidenta:<\/strong>&nbsp;Diputada Ilenia Medina<br><strong>Segundo Vicepresidente:<\/strong>&nbsp;Diputado Roy Daza<br>Diputada Desiree Santos<br>Diputada Marleny Contreras<br>Diputada Vanessa Montero<br>Diputado Fidel V\u00e1squez<br>Diputado Javier Bertucci<br>Diputado Hugo Rafael Ch\u00e1vez<br>Diputado Hermann Escarr\u00e1<br>Diputado Edgardo Antonio Ram\u00edrez<br>Diputado Sa\u00fal Ortega<br>Diputado Freddy Bernal<br>Diputada Victoria Mata<br>Diputado Miguel Salazar (Copei)<br>Diputada Noswil Rodr\u00edguez<br>Diputado Jos\u00e9 Gregorio Correa (AD)<br>Diputado Luis Augusto Romero (AP)<br>Diputada Azucena Jaspe<\/p>\n\n\n\n<ul><li><strong>Comisi\u00f3n del Poder Popular y Medios de Comunicaci\u00f3n<\/strong><\/li><\/ul>\n\n\n\n<p><strong>Presidente:<\/strong>&nbsp;Diputado Juan Carlos Alem\u00e1n<br><strong>Primera Vicepresidenta:<\/strong>&nbsp;Diputada Tania Valentina D\u00edaz<br><strong>Segundo Vicepresidente:<\/strong><br>Diputada Mar\u00eda Carolina Ch\u00e1vez<br>Diputado Irwing Monteverde<br>Diputada Oriana Osio<br>Diputado Fidel Madro\u00f1ero<br>Diputada Rudy Puerta<br>Diputada Nayary Coromoto Linares<br>Diputada Carmen Centeno Zerpa<br>Diputada Gabriela Pe\u00f1a Mart\u00ednez<br>Diputado Alberto Gago<br>Diputada Katherine Guanipa<br>Diputado Antonio Hern\u00e1ndez<br>Diputado Jos\u00e9 Antonio Uzc\u00e1tegui<br>Diputado Edgard Tamayo<br>Diputado Alejandro Natera<br>Diputado Marcos Mendoza<br>Diputado Gilberto Gim\u00e9nez<br>Diputado Roque Valero<\/p>\n\n\n\n<ul><li><strong>Comisi\u00f3n de Contralor\u00eda<\/strong><\/li><\/ul>\n\n\n\n<p><strong>Presidente:<\/strong>&nbsp;Diputado Alexis Rodr\u00edguez Cabello<br><strong>Primer Vicepresidente:<\/strong>&nbsp;Diputado Jos\u00e9 Brito (PV)<br><strong>Segundo Vicepresidente:<\/strong><br>Diputado Alexander Cordero (AD)<br>Diputado Williams Benavides<br>Diputado Mario Silva<br>Diputado Jhony Bracho<br>Diputado Lisandro Cabello<br>Diputado Erick Mago<br>Diputado F\u00e9lix Barrios<br>Diputado Francisco Gonz\u00e1lez<br>Diputado Jean Carlos Mart\u00ednez<br>Diputado Imaru Bol\u00edvar<br>Diputado Francar Mart\u00ednez<br>Diputado Jhon Moreno<br>Diputado Ezequiel P\u00e9rez (AD)<br>Diputado Jos\u00e9 Salvador P\u00e9rez<br>Diputado Winston Vallenilla<br>Diputada Taina de los \u00c1ngeles Gonz\u00e1lez<br>Diputada Mercedes Trinidad S\u00e1nchez<\/p>\n\n\n\n<ul><li><strong>Comisi\u00f3n de Finanzas y Desarrollo Econ\u00f3mico<\/strong><\/li><\/ul>\n\n\n\n<p><strong>Presidente:<\/strong>&nbsp;Diputado Jes\u00fas Far\u00edas<br><strong>Primer Vicepresidente:<\/strong>&nbsp;Diputado Orlando Camacho<br><strong>Segundo Vicepresidente:<\/strong><br>Diputado Didalco Bol\u00edvar<br>Diputado Nicol\u00e1s Maduro Guerra<br>Diputado Ram\u00f3n Lobo<br>Diputado Yobani Blanco (El Cambio)<br>Diputado Jos\u00e9 Vielma Mora<br>Diputada Bussy Kamala Galeano<br>Diputada Gerardina Parada<br>Diputada Francilvys del Valle Mart\u00ednez<br>Diputado Andr\u00e9s Eloy M\u00e9ndez<br>Diputada Am\u00e9rica Valentina P\u00e9rez<br>Diputado Vladimir Mir\u00f3 Mieres<br>Diputado Ernesto Javier Luna<br>Diputado Fiodor Acosta<br>Diputado Braulio \u00c1lvarez<br>Diputada Lissette Siboney Mu\u00f1oz<br>Diputado Dante Rivas<br>Diputada Nancy P\u00e9rez<\/p>\n\n\n\n<ul><li><strong>Comisi\u00f3n Desarrollo Social Integral<\/strong><\/li><\/ul>\n\n\n\n<p><strong>Presidente:<\/strong>&nbsp;Diputado Pedro Infante<br><strong>Vicepresidente:<\/strong>&nbsp;Diputada Diva Guzm\u00e1n<br><strong>Segundo Vicepresidente:<\/strong><br>Diputado Henry Ventura<br>Diputado Emilio Colina<br>Diputada Mar\u00eda Gabriela Vega<br>Diputada Anyediyh Tamayo (AD)<br>Diputado Diosdado Cabello<br>Diputada Marglevys de la Rosa Hidalgo<br>Diputada Nilolia Delgado<br>Diputada Gisela Tovar<br>Diputado Jos\u00e9 Gregorio Colmenares<br>Diputada Eglee S\u00e1nchez<br>Diputado Pedro Lander<br>Diputado Francisco Torrealba<br>Diputado Wills Rangel<br>Diputado Carlos Mogoll\u00f3n<br>Diputada Gabriela Chac\u00f3n<br>Diputado Juan Manuel D\u00edaz<br>Diputado Jes\u00fas Mart\u00ednez<\/p>\n\n\n\n<ul><li><strong>Comisi\u00f3n de Energ\u00eda y Petr\u00f3leo<\/strong><\/li><\/ul>\n\n\n\n<p><strong>Presidente:<\/strong>&nbsp;Diputado \u00c1ngel Rodr\u00edguez<br><strong>Primer Vicepresidente:<\/strong>&nbsp;Diputado Rodolfo Sanz<br><strong>Segundo Vicepresidente:<\/strong><br>Diputado Andr\u00e9s Avelino \u00c1lvarez<br>Diputado Lemark G\u00f3mez<br>Diputado Gilberto Pinto Blanco<br>Diputado Robert Sandoval<br>Diputado \u00c1ngel Bautista Marcano<br>Diputado William Rodr\u00edguez<br>Diputado Elbano de Jes\u00fas S\u00e1nchez<br>Diputado Oscar Ronderos<br>Diputado Jos\u00e9 Ram\u00f3n Rivero<br>Diputado Omar Jos\u00e9 Far\u00edas Boada<br>Diputada Blanca Josefina Rodr\u00edguez<br>Diputada Sony S\u00e1nchez<br>Diputada Yudis Betancourt<br>Diputada Rosario Coromoto Monta\u00f1o<br>Diputado Hugbel Roa<br>Diputado Damelis Ch\u00e1vez<br>Diputado Carlos Gamarra<\/p>\n\n\n\n<ul><li><strong>Comisi\u00f3n de Administraci\u00f3n y Servicios<\/strong><\/li><\/ul>\n\n\n\n<p><strong>Presidente:<\/strong>&nbsp;Diputado William Gil<br><strong>Primera Vicepresidenta:<\/strong>&nbsp;Diputada Carolina Cestari<br><strong>Segundo Vicepresidente:<\/strong><br>Diputado Luis Eduardo Mart\u00ednez<br>Diputado Marcos Tulio Dugarte<br>Diputado Oscar Figuera<br>Diputada Martha Rosa Gallo<br>Diputado Franklin Rond\u00f3n<br>Diputada Raiza Justina Lanz<br>Diputada Ruluc Josefina Solorzano<br>Diputado Rigel Sergent<br>Diputado Elio Serrano<br>Diputado Antonio Benavides Torres<br>Diputado Jehyson Jos\u00e9 Guzm\u00e1n<br>Diputado Albino Bracho<br>Diputado Ekalov Gonz\u00e1lez<br>Diputado Alexis Ortilez<br>Oscar Rafael V\u00e1squez<br>Diputado Ronald Ram\u00f3n Bastardo<br>Diputado Rafael Nava<\/p>\n\n\n\n<ul><li><strong>Comisi\u00f3n de Ambiente, Recursos Naturales y Cambio Clim\u00e1tico<\/strong><\/li><\/ul>\n\n\n\n<p><strong>Presidente:<\/strong>&nbsp;Diputado Ricardo Molina<br><strong>Primer Vicepresidente:<\/strong>&nbsp;Diputado Luis Parra<br><strong>Segundo Vicepresidente:<\/strong><br>Diputada Petra Yaritza Araiz<br>Diputada Cristal Alvarado<br>Diputado Carlos Mart\u00ednez<br>Diputado Antonio Jos\u00e9 Rumbos<br>Diputado Junior G\u00f3mez<br>Diputado Gabriel Franco<br>Diputada Nancy Ascencio<br>Diputada Jeycar P\u00e9rez<br>Diputada Ana Michelle Fuentes<br>Diputado H\u00e9ctor Ag\u00fcero<br>Diputado Yeisis Orozco<br>Diputado Esteban de Jes\u00fas Fern\u00e1ndez<br>Diputado Imad Saab<br>Diputado Manuel Hern\u00e1ndez<br>Diputado Jos\u00e9 Juvenal Mu\u00f1oz<\/p>\n\n\n\n<ul><li><strong>Comisi\u00f3n de Familia<\/strong><\/li><\/ul>\n\n\n\n<p><strong>Presidenta:<\/strong>&nbsp;Diputada Asia Villegas<br><strong>Primera Vicepresidenta:<\/strong>&nbsp;Diputada Gladys Requena<br><strong>Segundo Vicepresidente:<\/strong><br>Diputado \u00c1ngel Ocanto<br>Diputada Mar\u00eda Le\u00f3n<br>Diputado Luis Reyes<br>Diputada Blanca Romero<br>Diputada Ida Le\u00f3n<br>Diputada Imaru Gonz\u00e1lez<br>Diputado Alexander Vargas<br>Diputada Liris Sol V\u00e1squez<br>Diputado Leonardo Montezuma<br>Diputada Yanitza Uzc\u00e1tegui<br>Diputado Emilio Vera<br>Diputada Arelis Orta Flores<br>Diputada Zulaimis Gasc\u00f3n<br>Diputada Laidely Griman<br>Diputada Mar\u00eda Rosa Jim\u00e9nez<\/p>\n\n\n\n<ul><li><strong>Comisi\u00f3n Pueblos Ind\u00edgenas<\/strong><\/li><\/ul>\n\n\n\n<p><strong>Presidenta:<\/strong>&nbsp;Diputada Aloha N\u00fa\u00f1ez<br><strong>Primera Vicepresidenta:<\/strong>&nbsp;Diputada Nicia Maldonado<br><strong>Segundo Vicepresidente:<\/strong><br>Diputado Yimmys Rodr\u00edguez<br>Diputada Kariela Aray<br>Diputado Jos\u00e9 Nelson Mavio<br>Diputado Nixon Maniglia<br>Diputado Favio Cortez<br>Diputada Nileida Carrasquel<br>Diputada Noely Pocaterra<br>Diputado Edgar Acosta A\u00f1ez<br>Diputado Alcides Orlando Sanz<br>Diputada Yaritza Mart\u00ednez<br>Diputado Leonardo Chirinos<br>Diputada Daniela Urbano<br>Diputado Pedro Santaella<br>Diputada Benilde Puche<\/p>\n\n\n\n<ul><li><strong>Comisi\u00f3n de Seguridad y Defensa<\/strong><\/li><\/ul>\n\n\n\n<p><strong>Presidente:<\/strong>&nbsp;Diputado Jes\u00fas Su\u00e1rez Chourio<br><strong>Primera Vicepresidenta:<\/strong>&nbsp;Diputada Gloria Castillo<br><strong>Segundo Vicepresidente:<\/strong><br>Diputado William Parada<br>Diputada Emma D\u00edaz<br>Diputado Luis Fernando Soto Rojas<br>Diputado Manuel Quevedo<br>Diputado Frang Morales<br>Diputada Lisset Sabino<br>Diputado Guiseppe Alessandello<br>Diputado Rafael Enrique Ramos<br>Diputada Yenis Elena Cepeda<br>Diputada Mar\u00eda Magdalena Rojas<br>Diputada Idania Quintero Cuevas<br>Diputado Darwin Jaramillo Pineda<br>Diputado Jos\u00e9 del Carmen Mill\u00e1n<br>Diputado Euribes Guevara<br>Diputado Yolmar Gudi\u00f1o<br>Diputada Jhoana Rosales<br>Diputado Yonder Duran<\/p>\n\n\n\n<ul><li><strong>Comisi\u00f3n de Ciencia, Tecnolog\u00eda e Innovaci\u00f3n<\/strong><\/li><\/ul>\n\n\n\n<p><strong>Presidente:<\/strong>&nbsp;Diputado Ricardo S\u00e1nchez<br><strong>Primer Vicepresidente:<\/strong>&nbsp;Diputado Jos\u00e9 Villarroel<br><strong>Segundo Vicepresidente:<\/strong><br>Diputado Rub\u00e9n Linares<br>Diputada Juliana Ruiz Pino<br>Diputado Miguel P\u00e9rez Abad<br>Diputado Ricardo Gonz\u00e1lez<br>Diputado Franklin Lougani<br>Diputado Leonel Segundo Gonz\u00e1lez<br>Diputado Alexis Le\u00f3n<br>Diputada Grecia Colmenares<br>Diputado Cesar Molina<br>Diputado Jes\u00fas Santander<br>Diputado Antonio Sivira<br>Diputado Fernando Bastidas<br>Diputada G\u00e9nesis Garvett<br>Diputado Yonis Ag\u00fcero<br>Diputado Anuar Younese<\/p>\n\n\n\n<ul><li><strong>Comisi\u00f3n Cultura y Recreaci\u00f3n<\/strong><\/li><\/ul>\n\n\n\n<p><strong>Presidente:<\/strong>&nbsp;Diputado Earle Herrera<br><strong>Primer Vicepresidenta:<\/strong>&nbsp;Diputada Sol Musset<br><strong>Segundo Vicepresidente<\/strong><br>Diputado Javier Segovia<br>Diputado Roberto Garc\u00eda Messuti<br>Diputado Crist\u00f3bal Jim\u00e9nez<br>Diputado Jorge Rodr\u00edguez<br>Diputada Carmen M\u00e1rquez<br>Diputado Jocsen Alvarado<br>Diputado Candelario Manuel Brice\u00f1o<br>Diputado Ignacio Buznego<br>Diputada Anais Palacios<br>Diputada Martiza Guzm\u00e1n<br>Diputada Ginkellys Guti\u00e9rrez<br>Diputado Derby Guedez<br>Diputado Jos\u00e9 Luis Berm\u00fadez<br>Diputado Michel Duque<br>Diputado Juan Romero<br>Diputado Emmanuel Delgado<br>Diputado Francisco Garc\u00eda<\/p>\n","protected":false},"excerpt":{"rendered":"<p>En &nbsp;la tercera sesi\u00f3n ordinaria de la nueva Asamblea Nacional (AN) realizada este martes se dieron &hellip; <a title=\"As\u00ed quedaron integradas las 14 Comisiones Permanentes de la Asamblea Nacional\" class=\"hm-read-more\" href=\"https:\/\/www.mpppst.gob.ve\/mpppstweb\/index.php\/2021\/01\/20\/asi-quedaron-integradas-las-14-comisiones-permanentes-de-la-asamblea-nacional\/\"><span class=\"screen-reader-text\">As\u00ed quedaron integradas las 14 Comisiones Permanentes de la Asamblea Nacional<\/span>Read more<\/a><\/p>\n","protected":false},"author":25,"featured_media":21261,"comment_status":"closed","ping_status":"closed","sticky":false,"template":"","format":"standard","meta":{"footnotes":""},"categories":[82,163],"tags":[],"yoast_head":"<!-- This site is optimized with the Yoast SEO plugin v22.5 - https:\/\/yoast.com\/wordpress\/plugins\/seo\/ -->\n<title>As\u00ed quedaron integradas las 14 Comisiones Permanentes de la Asamblea Nacional - MPPPST<\/title>\n<meta name=\"robots\" content=\"index, follow, max-snippet:-1, max-image-preview:large, max-video-preview:-1\" \/>\n<link rel=\"canonical\" href=\"https:\/\/www.mpppst.gob.ve\/mpppstweb\/index.php\/2021\/01\/20\/asi-quedaron-integradas-las-14-comisiones-permanentes-de-la-asamblea-nacional\/\" \/>\n<meta property=\"og:locale\" content=\"es_ES\" \/>\n<meta property=\"og:type\" content=\"article\" \/>\n<meta property=\"og:title\" content=\"As\u00ed quedaron integradas las 14 Comisiones Permanentes de la Asamblea Nacional - MPPPST\" \/>\n<meta property=\"og:description\" content=\"En &nbsp;la tercera sesi\u00f3n ordinaria de la nueva Asamblea Nacional (AN) realizada este martes se dieron &hellip; As\u00ed quedaron integradas las 14 Comisiones Permanentes de la Asamblea NacionalRead more\" \/>\n<meta property=\"og:url\" content=\"https:\/\/www.mpppst.gob.ve\/mpppstweb\/index.php\/2021\/01\/20\/asi-quedaron-integradas-las-14-comisiones-permanentes-de-la-asamblea-nacional\/\" \/>\n<meta property=\"og:site_name\" content=\"MPPPST\" \/>\n<meta property=\"article:published_time\" content=\"2021-01-20T13:58:06+00:00\" \/>\n<meta property=\"article:modified_time\" content=\"2021-01-20T13:58:07+00:00\" \/>\n<meta property=\"og:image\" content=\"https:\/\/www.mpppst.gob.ve\/mpppstweb\/wp-content\/uploads\/2021\/01\/diputados-comisiones-768x427-1.jpg\" \/>\n\t<meta property=\"og:image:width\" content=\"768\" \/>\n\t<meta property=\"og:image:height\" content=\"427\" \/>\n\t<meta property=\"og:image:type\" content=\"image\/jpeg\" \/>\n<meta name=\"author\" content=\"MPPPST Prensa\" \/>\n<meta name=\"twitter:card\" content=\"summary_large_image\" \/>\n<meta name=\"twitter:label1\" content=\"Escrito por\" \/>\n\t<meta name=\"twitter:data1\" content=\"MPPPST Prensa\" \/>\n\t<meta name=\"twitter:label2\" content=\"Tiempo de lectura\" \/>\n\t<meta name=\"twitter:data2\" content=\"5 minutos\" \/>\n<script type=\"application\/ld+json\" class=\"yoast-schema-graph\">{\"@context\":\"https:\/\/schema.org\",\"@graph\":[{\"@type\":\"Article\",\"@id\":\"https:\/\/www.mpppst.gob.ve\/mpppstweb\/index.php\/2021\/01\/20\/asi-quedaron-integradas-las-14-comisiones-permanentes-de-la-asamblea-nacional\/#article\",\"isPartOf\":{\"@id\":\"https:\/\/www.mpppst.gob.ve\/mpppstweb\/index.php\/2021\/01\/20\/asi-quedaron-integradas-las-14-comisiones-permanentes-de-la-asamblea-nacional\/\"},\"author\":{\"name\":\"MPPPST Prensa\",\"@id\":\"https:\/\/www.mpppst.gob.ve\/mpppstweb\/#\/schema\/person\/fc187ee8ead412bd4c9304b62f900ea4\"},\"headline\":\"As\u00ed quedaron integradas las 14 Comisiones Permanentes de la Asamblea Nacional\",\"datePublished\":\"2021-01-20T13:58:06+00:00\",\"dateModified\":\"2021-01-20T13:58:07+00:00\",\"mainEntityOfPage\":{\"@id\":\"https:\/\/www.mpppst.gob.ve\/mpppstweb\/index.php\/2021\/01\/20\/asi-quedaron-integradas-las-14-comisiones-permanentes-de-la-asamblea-nacional\/\"},\"wordCount\":1030,\"publisher\":{\"@id\":\"https:\/\/www.mpppst.gob.ve\/mpppstweb\/#organization\"},\"image\":{\"@id\":\"https:\/\/www.mpppst.gob.ve\/mpppstweb\/index.php\/2021\/01\/20\/asi-quedaron-integradas-las-14-comisiones-permanentes-de-la-asamblea-nacional\/#primaryimage\"},\"thumbnailUrl\":\"https:\/\/www.mpppst.gob.ve\/mpppstweb\/wp-content\/uploads\/2021\/01\/diputados-comisiones-768x427-1.jpg\",\"articleSection\":[\"Gobierno Nacional\",\"Noticias\"],\"inLanguage\":\"es\"},{\"@type\":\"WebPage\",\"@id\":\"https:\/\/www.mpppst.gob.ve\/mpppstweb\/index.php\/2021\/01\/20\/asi-quedaron-integradas-las-14-comisiones-permanentes-de-la-asamblea-nacional\/\",\"url\":\"https:\/\/www.mpppst.gob.ve\/mpppstweb\/index.php\/2021\/01\/20\/asi-quedaron-integradas-las-14-comisiones-permanentes-de-la-asamblea-nacional\/\",\"name\":\"As\u00ed quedaron integradas las 14 Comisiones Permanentes de la Asamblea Nacional - MPPPST\",\"isPartOf\":{\"@id\":\"https:\/\/www.mpppst.gob.ve\/mpppstweb\/#website\"},\"primaryImageOfPage\":{\"@id\":\"https:\/\/www.mpppst.gob.ve\/mpppstweb\/index.php\/2021\/01\/20\/asi-quedaron-integradas-las-14-comisiones-permanentes-de-la-asamblea-nacional\/#primaryimage\"},\"image\":{\"@id\":\"https:\/\/www.mpppst.gob.ve\/mpppstweb\/index.php\/2021\/01\/20\/asi-quedaron-integradas-las-14-comisiones-permanentes-de-la-asamblea-nacional\/#primaryimage\"},\"thumbnailUrl\":\"https:\/\/www.mpppst.gob.ve\/mpppstweb\/wp-content\/uploads\/2021\/01\/diputados-comisiones-768x427-1.jpg\",\"datePublished\":\"2021-01-20T13:58:06+00:00\",\"dateModified\":\"2021-01-20T13:58:07+00:00\",\"breadcrumb\":{\"@id\":\"https:\/\/www.mpppst.gob.ve\/mpppstweb\/index.php\/2021\/01\/20\/asi-quedaron-integradas-las-14-comisiones-permanentes-de-la-asamblea-nacional\/#breadcrumb\"},\"inLanguage\":\"es\",\"potentialAction\":[{\"@type\":\"ReadAction\",\"target\":[\"https:\/\/www.mpppst.gob.ve\/mpppstweb\/index.php\/2021\/01\/20\/asi-quedaron-integradas-las-14-comisiones-permanentes-de-la-asamblea-nacional\/\"]}]},{\"@type\":\"ImageObject\",\"inLanguage\":\"es\",\"@id\":\"https:\/\/www.mpppst.gob.ve\/mpppstweb\/index.php\/2021\/01\/20\/asi-quedaron-integradas-las-14-comisiones-permanentes-de-la-asamblea-nacional\/#primaryimage\",\"url\":\"https:\/\/www.mpppst.gob.ve\/mpppstweb\/wp-content\/uploads\/2021\/01\/diputados-comisiones-768x427-1.jpg\",\"contentUrl\":\"https:\/\/www.mpppst.gob.ve\/mpppstweb\/wp-content\/uploads\/2021\/01\/diputados-comisiones-768x427-1.jpg\",\"width\":768,\"height\":427},{\"@type\":\"BreadcrumbList\",\"@id\":\"https:\/\/www.mpppst.gob.ve\/mpppstweb\/index.php\/2021\/01\/20\/asi-quedaron-integradas-las-14-comisiones-permanentes-de-la-asamblea-nacional\/#breadcrumb\",\"itemListElement\":[{\"@type\":\"ListItem\",\"position\":1,\"name\":\"Home\",\"item\":\"https:\/\/www.mpppst.gob.ve\/mpppstweb\/\"},{\"@type\":\"ListItem\",\"position\":2,\"name\":\"As\u00ed quedaron integradas las 14 Comisiones Permanentes de la Asamblea Nacional\"}]},{\"@type\":\"WebSite\",\"@id\":\"https:\/\/www.mpppst.gob.ve\/mpppstweb\/#website\",\"url\":\"https:\/\/www.mpppst.gob.ve\/mpppstweb\/\",\"name\":\"MPPPST\",\"description\":\"Ministerio del Poder Popular para el Proceso Social de Trabajo\",\"publisher\":{\"@id\":\"https:\/\/www.mpppst.gob.ve\/mpppstweb\/#organization\"},\"potentialAction\":[{\"@type\":\"SearchAction\",\"target\":{\"@type\":\"EntryPoint\",\"urlTemplate\":\"https:\/\/www.mpppst.gob.ve\/mpppstweb\/?s={search_term_string}\"},\"query-input\":\"required name=search_term_string\"}],\"inLanguage\":\"es\"},{\"@type\":\"Organization\",\"@id\":\"https:\/\/www.mpppst.gob.ve\/mpppstweb\/#organization\",\"name\":\"mpppst\",\"url\":\"https:\/\/www.mpppst.gob.ve\/mpppstweb\/\",\"logo\":{\"@type\":\"ImageObject\",\"inLanguage\":\"es\",\"@id\":\"https:\/\/www.mpppst.gob.ve\/mpppstweb\/#\/schema\/logo\/image\/\",\"url\":\"https:\/\/www.mpppst.gob.ve\/mpppstweb\/wp-content\/uploads\/2025\/07\/cropped-cropped-g910.png\",\"contentUrl\":\"https:\/\/www.mpppst.gob.ve\/mpppstweb\/wp-content\/uploads\/2025\/07\/cropped-cropped-g910.png\",\"width\":1080,\"height\":241,\"caption\":\"mpppst\"},\"image\":{\"@id\":\"https:\/\/www.mpppst.gob.ve\/mpppstweb\/#\/schema\/logo\/image\/\"}},{\"@type\":\"Person\",\"@id\":\"https:\/\/www.mpppst.gob.ve\/mpppstweb\/#\/schema\/person\/fc187ee8ead412bd4c9304b62f900ea4\",\"name\":\"MPPPST Prensa\",\"url\":\"https:\/\/www.mpppst.gob.ve\/mpppstweb\/index.php\/author\/prensa-mpppst\/\"}]}<\/script>\n<!-- \/ Yoast SEO plugin. -->","yoast_head_json":{"title":"As\u00ed quedaron integradas las 14 Comisiones Permanentes de la Asamblea Nacional - MPPPST","robots":{"index":"index","follow":"follow","max-snippet":"max-snippet:-1","max-image-preview":"max-image-preview:large","max-video-preview":"max-video-preview:-1"},"canonical":"https:\/\/www.mpppst.gob.ve\/mpppstweb\/index.php\/2021\/01\/20\/asi-quedaron-integradas-las-14-comisiones-permanentes-de-la-asamblea-nacional\/","og_locale":"es_ES","og_type":"article","og_title":"As\u00ed quedaron integradas las 14 Comisiones Permanentes de la Asamblea Nacional - MPPPST","og_description":"En &nbsp;la tercera sesi\u00f3n ordinaria de la nueva Asamblea Nacional (AN) realizada este martes se dieron &hellip; As\u00ed quedaron integradas las 14 Comisiones Permanentes de la Asamblea NacionalRead more","og_url":"https:\/\/www.mpppst.gob.ve\/mpppstweb\/index.php\/2021\/01\/20\/asi-quedaron-integradas-las-14-comisiones-permanentes-de-la-asamblea-nacional\/","og_site_name":"MPPPST","article_published_time":"2021-01-20T13:58:06+00:00","article_modified_time":"2021-01-20T13:58:07+00:00","og_image":[{"width":768,"height":427,"url":"https:\/\/www.mpppst.gob.ve\/mpppstweb\/wp-content\/uploads\/2021\/01\/diputados-comisiones-768x427-1.jpg","type":"image\/jpeg"}],"author":"MPPPST Prensa","twitter_card":"summary_large_image","twitter_misc":{"Escrito por":"MPPPST Prensa","Tiempo de lectura":"5 minutos"},"schema":{"@context":"https:\/\/schema.org","@graph":[{"@type":"Article","@id":"https:\/\/www.mpppst.gob.ve\/mpppstweb\/index.php\/2021\/01\/20\/asi-quedaron-integradas-las-14-comisiones-permanentes-de-la-asamblea-nacional\/#article","isPartOf":{"@id":"https:\/\/www.mpppst.gob.ve\/mpppstweb\/index.php\/2021\/01\/20\/asi-quedaron-integradas-las-14-comisiones-permanentes-de-la-asamblea-nacional\/"},"author":{"name":"MPPPST Prensa","@id":"https:\/\/www.mpppst.gob.ve\/mpppstweb\/#\/schema\/person\/fc187ee8ead412bd4c9304b62f900ea4"},"headline":"As\u00ed quedaron integradas las 14 Comisiones Permanentes de la Asamblea Nacional","datePublished":"2021-01-20T13:58:06+00:00","dateModified":"2021-01-20T13:58:07+00:00","mainEntityOfPage":{"@id":"https:\/\/www.mpppst.gob.ve\/mpppstweb\/index.php\/2021\/01\/20\/asi-quedaron-integradas-las-14-comisiones-permanentes-de-la-asamblea-nacional\/"},"wordCount":1030,"publisher":{"@id":"https:\/\/www.mpppst.gob.ve\/mpppstweb\/#organization"},"image":{"@id":"https:\/\/www.mpppst.gob.ve\/mpppstweb\/index.php\/2021\/01\/20\/asi-quedaron-integradas-las-14-comisiones-permanentes-de-la-asamblea-nacional\/#primaryimage"},"thumbnailUrl":"https:\/\/www.mpppst.gob.ve\/mpppstweb\/wp-content\/uploads\/2021\/01\/diputados-comisiones-768x427-1.jpg","articleSection":["Gobierno Nacional","Noticias"],"inLanguage":"es"},{"@type":"WebPage","@id":"https:\/\/www.mpppst.gob.ve\/mpppstweb\/index.php\/2021\/01\/20\/asi-quedaron-integradas-las-14-comisiones-permanentes-de-la-asamblea-nacional\/","url":"https:\/\/www.mpppst.gob.ve\/mpppstweb\/index.php\/2021\/01\/20\/asi-quedaron-integradas-las-14-comisiones-permanentes-de-la-asamblea-nacional\/","name":"As\u00ed quedaron integradas las 14 Comisiones Permanentes de la Asamblea Nacional - MPPPST","isPartOf":{"@id":"https:\/\/www.mpppst.gob.ve\/mpppstweb\/#website"},"primaryImageOfPage":{"@id":"https:\/\/www.mpppst.gob.ve\/mpppstweb\/index.php\/2021\/01\/20\/asi-quedaron-integradas-las-14-comisiones-permanentes-de-la-asamblea-nacional\/#primaryimage"},"image":{"@id":"https:\/\/www.mpppst.gob.ve\/mpppstweb\/index.php\/2021\/01\/20\/asi-quedaron-integradas-las-14-comisiones-permanentes-de-la-asamblea-nacional\/#primaryimage"},"thumbnailUrl":"https:\/\/www.mpppst.gob.ve\/mpppstweb\/wp-content\/uploads\/2021\/01\/diputados-comisiones-768x427-1.jpg","datePublished":"2021-01-20T13:58:06+00:00","dateModified":"2021-01-20T13:58:07+00:00","breadcrumb":{"@id":"https:\/\/www.mpppst.gob.ve\/mpppstweb\/index.php\/2021\/01\/20\/asi-quedaron-integradas-las-14-comisiones-permanentes-de-la-asamblea-nacional\/#breadcrumb"},"inLanguage":"es","potentialAction":[{"@type":"ReadAction","target":["https:\/\/www.mpppst.gob.ve\/mpppstweb\/index.php\/2021\/01\/20\/asi-quedaron-integradas-las-14-comisiones-permanentes-de-la-asamblea-nacional\/"]}]},{"@type":"ImageObject","inLanguage":"es","@id":"https:\/\/www.mpppst.gob.ve\/mpppstweb\/index.php\/2021\/01\/20\/asi-quedaron-integradas-las-14-comisiones-permanentes-de-la-asamblea-nacional\/#primaryimage","url":"https:\/\/www.mpppst.gob.ve\/mpppstweb\/wp-content\/uploads\/2021\/01\/diputados-comisiones-768x427-1.jpg","contentUrl":"https:\/\/www.mpppst.gob.ve\/mpppstweb\/wp-content\/uploads\/2021\/01\/diputados-comisiones-768x427-1.jpg","width":768,"height":427},{"@type":"BreadcrumbList","@id":"https:\/\/www.mpppst.gob.ve\/mpppstweb\/index.php\/2021\/01\/20\/asi-quedaron-integradas-las-14-comisiones-permanentes-de-la-asamblea-nacional\/#breadcrumb","itemListElement":[{"@type":"ListItem","position":1,"name":"Home","item":"https:\/\/www.mpppst.gob.ve\/mpppstweb\/"},{"@type":"ListItem","position":2,"name":"As\u00ed quedaron integradas las 14 Comisiones Permanentes de la Asamblea Nacional"}]},{"@type":"WebSite","@id":"https:\/\/www.mpppst.gob.ve\/mpppstweb\/#website","url":"https:\/\/www.mpppst.gob.ve\/mpppstweb\/","name":"MPPPST","description":"Ministerio del Poder Popular para el Proceso Social de Trabajo","publisher":{"@id":"https:\/\/www.mpppst.gob.ve\/mpppstweb\/#organization"},"potentialAction":[{"@type":"SearchAction","target":{"@type":"EntryPoint","urlTemplate":"https:\/\/www.mpppst.gob.ve\/mpppstweb\/?s={search_term_string}"},"query-input":"required name=search_term_string"}],"inLanguage":"es"},{"@type":"Organization","@id":"https:\/\/www.mpppst.gob.ve\/mpppstweb\/#organization","name":"mpppst","url":"https:\/\/www.mpppst.gob.ve\/mpppstweb\/","logo":{"@type":"ImageObject","inLanguage":"es","@id":"https:\/\/www.mpppst.gob.ve\/mpppstweb\/#\/schema\/logo\/image\/","url":"https:\/\/www.mpppst.gob.ve\/mpppstweb\/wp-content\/uploads\/2025\/07\/cropped-cropped-g910.png","contentUrl":"https:\/\/www.mpppst.gob.ve\/mpppstweb\/wp-content\/uploads\/2025\/07\/cropped-cropped-g910.png","width":1080,"height":241,"caption":"mpppst"},"image":{"@id":"https:\/\/www.mpppst.gob.ve\/mpppstweb\/#\/schema\/logo\/image\/"}},{"@type":"Person","@id":"https:\/\/www.mpppst.gob.ve\/mpppstweb\/#\/schema\/person\/fc187ee8ead412bd4c9304b62f900ea4","name":"MPPPST Prensa","url":"https:\/\/www.mpppst.gob.ve\/mpppstweb\/index.php\/author\/prensa-mpppst\/"}]}},"_links":{"self":[{"href":"https:\/\/www.mpppst.gob.ve\/mpppstweb\/index.php\/wp-json\/wp\/v2\/posts\/21260"}],"collection":[{"href":"https:\/\/www.mpppst.gob.ve\/mpppstweb\/index.php\/wp-json\/wp\/v2\/posts"}],"about":[{"href":"https:\/\/www.mpppst.gob.ve\/mpppstweb\/index.php\/wp-json\/wp\/v2\/types\/post"}],"author":[{"embeddable":true,"href":"https:\/\/www.mpppst.gob.ve\/mpppstweb\/index.php\/wp-json\/wp\/v2\/users\/25"}],"replies":[{"embeddable":true,"href":"https:\/\/www.mpppst.gob.ve\/mpppstweb\/index.php\/wp-json\/wp\/v2\/comments?post=21260"}],"version-history":[{"count":1,"href":"https:\/\/www.mpppst.gob.ve\/mpppstweb\/index.php\/wp-json\/wp\/v2\/posts\/21260\/revisions"}],"predecessor-version":[{"id":21262,"href":"https:\/\/www.mpppst.gob.ve\/mpppstweb\/index.php\/wp-json\/wp\/v2\/posts\/21260\/revisions\/21262"}],"wp:featuredmedia":[{"embeddable":true,"href":"https:\/\/www.mpppst.gob.ve\/mpppstweb\/index.php\/wp-json\/wp\/v2\/media\/21261"}],"wp:attachment":[{"href":"https:\/\/www.mpppst.gob.ve\/mpppstweb\/index.php\/wp-json\/wp\/v2\/media?parent=21260"}],"wp:term":[{"taxonomy":"category","embeddable":true,"href":"https:\/\/www.mpppst.gob.ve\/mpppstweb\/index.php\/wp-json\/wp\/v2\/categories?post=21260"},{"taxonomy":"post_tag","embeddable":true,"href":"https:\/\/www.mpppst.gob.ve\/mpppstweb\/index.php\/wp-json\/wp\/v2\/tags?post=21260"}],"curies":[{"name":"wp","href":"https:\/\/api.w.org\/{rel}","templated":true}]}}