{"id":21269,"date":"2021-01-23T09:08:00","date_gmt":"2021-01-23T13:08:00","guid":{"rendered":"http:\/\/www.mpppst.gob.ve\/mpppstweb\/?p=21269"},"modified":"2021-01-26T09:10:11","modified_gmt":"2021-01-26T13:10:11","slug":"ministerio-para-el-proceso-social-del-trabajo-recibe-propuesta-para-la-formacion-del-motor-construccion","status":"publish","type":"post","link":"https:\/\/www.mpppst.gob.ve\/mpppstweb\/index.php\/2021\/01\/23\/ministerio-para-el-proceso-social-del-trabajo-recibe-propuesta-para-la-formacion-del-motor-construccion\/","title":{"rendered":"Ministerio para el Proceso Social del Trabajo recibe propuesta para la formaci\u00f3n del motor construcci\u00f3n"},"content":{"rendered":"\n<p>El ministro del<strong>\u00a0Poder Popular para el Proceso Social de Trabajo,\u00a0Eduardo Pi\u00f1ate<\/strong>, recibi\u00f3\u00a0 por parte la\u00a0Federaci\u00f3n Unitaria Nacional de Trabajadores Bolivarianos de la Construcci\u00f3n, Afines y Conexos de Venezuela\u00a0 una propuesta para el desarrollo del plan de formaci\u00f3n sociopol\u00edtico y t\u00e9cnico para la certificaci\u00f3n de saberes de los trabajadores del motor construcci\u00f3n #10, Consejos Productivos de Trabajadores y Trabajadoras (Cptt), y de los Cuerpos de Combatientes de la Clase Obrera para que sea trabajada por la Universidad Bolivariana de Venezuela (UBV). Estuvieron presentes tambi\u00e9n,\u00a0los ministros para H\u00e1bitat y Vivienda,\u00a0Ildemaro Villarroel, Transporte,\u00a0\u00a0Hip\u00f3lito Abreu\u00a0y de Obras P\u00fablicas,\u00a0Ra\u00fal Alfonzo Paredes.<\/p>\n\n\n\n<p><strong>Pi\u00f1ate<\/strong>\u00a0destac\u00f3 la importancia de la formaci\u00f3n y la autoformaci\u00f3n de la Clase Obrera \u00abEs necesario abrir una brecha en materia educativa y de formaci\u00f3n, la experiencia nos dice que esto junto a la capacidad de resoluci\u00f3n de problemas de los trabajadores, nos llevar\u00e1n a altos niveles de recuperaci\u00f3n en la producci\u00f3n de bienes y servicios\u00bb.\u00a0<\/p>\n\n\n\n<p>Del mismo modo, invit\u00f3 a consolidar el \u201cPlan Carabobo 200\u201d como la senda a seguir para consolidar los objetivos propuestos por el Gobierno Bolivariano.<\/p>\n\n\n\n<p>\u00abEste nuevo a\u00f1o, junto a la Ley Antibloqueo, el impulso de los planes de formaci\u00f3n y el Nuevo Modelo de Gesti\u00f3n Empresarial Socialista, como herramientas del Poder Popular, y de la Clase Obrera, lograremos la apropiaci\u00f3n\u00a0 de los trabajadores y trabajadoras de los medios de poder y de producci\u00f3n\u00bb, dijo Pi\u00f1ate.<\/p>\n\n\n\n<p>As\u00ed mismo asegur\u00f3 que el Gobierno Bolivariano, la Clase Obrera y el sector privado comprometido con el pa\u00eds, impulsan el desarrollo de la econom\u00eda mixta nacional.<\/p>\n\n\n\n<p>Prensa Web Con el Mazo Dando<\/p>\n","protected":false},"excerpt":{"rendered":"<p>El ministro del\u00a0Poder Popular para el Proceso Social de Trabajo,\u00a0Eduardo Pi\u00f1ate, recibi\u00f3\u00a0 por parte la\u00a0Federaci\u00f3n Unitaria &hellip; <a title=\"Ministerio para el Proceso Social del Trabajo recibe propuesta para la formaci\u00f3n del motor construcci\u00f3n\" class=\"hm-read-more\" href=\"https:\/\/www.mpppst.gob.ve\/mpppstweb\/index.php\/2021\/01\/23\/ministerio-para-el-proceso-social-del-trabajo-recibe-propuesta-para-la-formacion-del-motor-construccion\/\"><span class=\"screen-reader-text\">Ministerio para el Proceso Social del Trabajo recibe propuesta para la formaci\u00f3n del motor construcci\u00f3n<\/span>Read more<\/a><\/p>\n","protected":false},"author":25,"featured_media":21271,"comment_status":"closed","ping_status":"closed","sticky":false,"template":"","format":"standard","meta":{"footnotes":""},"categories":[82,163],"tags":[],"yoast_head":"<!-- This site is optimized with the Yoast SEO plugin v22.5 - https:\/\/yoast.com\/wordpress\/plugins\/seo\/ -->\n<title>Ministerio para el Proceso Social del Trabajo recibe propuesta para la formaci\u00f3n del motor construcci\u00f3n - MPPPST<\/title>\n<meta name=\"robots\" content=\"index, follow, max-snippet:-1, max-image-preview:large, max-video-preview:-1\" \/>\n<link rel=\"canonical\" href=\"https:\/\/www.mpppst.gob.ve\/mpppstweb\/index.php\/2021\/01\/23\/ministerio-para-el-proceso-social-del-trabajo-recibe-propuesta-para-la-formacion-del-motor-construccion\/\" \/>\n<meta property=\"og:locale\" content=\"es_ES\" \/>\n<meta property=\"og:type\" content=\"article\" \/>\n<meta property=\"og:title\" content=\"Ministerio para el Proceso Social del Trabajo recibe propuesta para la formaci\u00f3n del motor construcci\u00f3n - MPPPST\" \/>\n<meta property=\"og:description\" content=\"El ministro del\u00a0Poder Popular para el Proceso Social de Trabajo,\u00a0Eduardo Pi\u00f1ate, recibi\u00f3\u00a0 por parte la\u00a0Federaci\u00f3n Unitaria &hellip; Ministerio para el Proceso Social del Trabajo recibe propuesta para la formaci\u00f3n del motor construcci\u00f3nRead more\" \/>\n<meta property=\"og:url\" content=\"https:\/\/www.mpppst.gob.ve\/mpppstweb\/index.php\/2021\/01\/23\/ministerio-para-el-proceso-social-del-trabajo-recibe-propuesta-para-la-formacion-del-motor-construccion\/\" \/>\n<meta property=\"og:site_name\" content=\"MPPPST\" \/>\n<meta property=\"article:published_time\" content=\"2021-01-23T13:08:00+00:00\" \/>\n<meta property=\"article:modified_time\" content=\"2021-01-26T13:10:11+00:00\" \/>\n<meta property=\"og:image\" content=\"https:\/\/www.mpppst.gob.ve\/mpppstweb\/wp-content\/uploads\/2021\/01\/EscfXVpW8AAzTk4.jpg\" \/>\n\t<meta property=\"og:image:width\" content=\"680\" \/>\n\t<meta property=\"og:image:height\" content=\"510\" \/>\n\t<meta property=\"og:image:type\" content=\"image\/jpeg\" \/>\n<meta name=\"author\" content=\"MPPPST Prensa\" \/>\n<meta name=\"twitter:card\" content=\"summary_large_image\" \/>\n<meta name=\"twitter:label1\" content=\"Escrito por\" \/>\n\t<meta name=\"twitter:data1\" content=\"MPPPST Prensa\" \/>\n\t<meta name=\"twitter:label2\" content=\"Tiempo de lectura\" \/>\n\t<meta name=\"twitter:data2\" content=\"1 minuto\" \/>\n<script type=\"application\/ld+json\" class=\"yoast-schema-graph\">{\"@context\":\"https:\/\/schema.org\",\"@graph\":[{\"@type\":\"Article\",\"@id\":\"https:\/\/www.mpppst.gob.ve\/mpppstweb\/index.php\/2021\/01\/23\/ministerio-para-el-proceso-social-del-trabajo-recibe-propuesta-para-la-formacion-del-motor-construccion\/#article\",\"isPartOf\":{\"@id\":\"https:\/\/www.mpppst.gob.ve\/mpppstweb\/index.php\/2021\/01\/23\/ministerio-para-el-proceso-social-del-trabajo-recibe-propuesta-para-la-formacion-del-motor-construccion\/\"},\"author\":{\"name\":\"MPPPST Prensa\",\"@id\":\"https:\/\/www.mpppst.gob.ve\/mpppstweb\/#\/schema\/person\/fc187ee8ead412bd4c9304b62f900ea4\"},\"headline\":\"Ministerio para el Proceso Social del Trabajo recibe propuesta para la formaci\u00f3n del motor construcci\u00f3n\",\"datePublished\":\"2021-01-23T13:08:00+00:00\",\"dateModified\":\"2021-01-26T13:10:11+00:00\",\"mainEntityOfPage\":{\"@id\":\"https:\/\/www.mpppst.gob.ve\/mpppstweb\/index.php\/2021\/01\/23\/ministerio-para-el-proceso-social-del-trabajo-recibe-propuesta-para-la-formacion-del-motor-construccion\/\"},\"wordCount\":311,\"publisher\":{\"@id\":\"https:\/\/www.mpppst.gob.ve\/mpppstweb\/#organization\"},\"image\":{\"@id\":\"https:\/\/www.mpppst.gob.ve\/mpppstweb\/index.php\/2021\/01\/23\/ministerio-para-el-proceso-social-del-trabajo-recibe-propuesta-para-la-formacion-del-motor-construccion\/#primaryimage\"},\"thumbnailUrl\":\"https:\/\/www.mpppst.gob.ve\/mpppstweb\/wp-content\/uploads\/2021\/01\/EscfXVpW8AAzTk4.jpg\",\"articleSection\":[\"Gobierno Nacional\",\"Noticias\"],\"inLanguage\":\"es\"},{\"@type\":\"WebPage\",\"@id\":\"https:\/\/www.mpppst.gob.ve\/mpppstweb\/index.php\/2021\/01\/23\/ministerio-para-el-proceso-social-del-trabajo-recibe-propuesta-para-la-formacion-del-motor-construccion\/\",\"url\":\"https:\/\/www.mpppst.gob.ve\/mpppstweb\/index.php\/2021\/01\/23\/ministerio-para-el-proceso-social-del-trabajo-recibe-propuesta-para-la-formacion-del-motor-construccion\/\",\"name\":\"Ministerio para el Proceso Social del Trabajo recibe propuesta para la formaci\u00f3n del motor construcci\u00f3n - MPPPST\",\"isPartOf\":{\"@id\":\"https:\/\/www.mpppst.gob.ve\/mpppstweb\/#website\"},\"primaryImageOfPage\":{\"@id\":\"https:\/\/www.mpppst.gob.ve\/mpppstweb\/index.php\/2021\/01\/23\/ministerio-para-el-proceso-social-del-trabajo-recibe-propuesta-para-la-formacion-del-motor-construccion\/#primaryimage\"},\"image\":{\"@id\":\"https:\/\/www.mpppst.gob.ve\/mpppstweb\/index.php\/2021\/01\/23\/ministerio-para-el-proceso-social-del-trabajo-recibe-propuesta-para-la-formacion-del-motor-construccion\/#primaryimage\"},\"thumbnailUrl\":\"https:\/\/www.mpppst.gob.ve\/mpppstweb\/wp-content\/uploads\/2021\/01\/EscfXVpW8AAzTk4.jpg\",\"datePublished\":\"2021-01-23T13:08:00+00:00\",\"dateModified\":\"2021-01-26T13:10:11+00:00\",\"breadcrumb\":{\"@id\":\"https:\/\/www.mpppst.gob.ve\/mpppstweb\/index.php\/2021\/01\/23\/ministerio-para-el-proceso-social-del-trabajo-recibe-propuesta-para-la-formacion-del-motor-construccion\/#breadcrumb\"},\"inLanguage\":\"es\",\"potentialAction\":[{\"@type\":\"ReadAction\",\"target\":[\"https:\/\/www.mpppst.gob.ve\/mpppstweb\/index.php\/2021\/01\/23\/ministerio-para-el-proceso-social-del-trabajo-recibe-propuesta-para-la-formacion-del-motor-construccion\/\"]}]},{\"@type\":\"ImageObject\",\"inLanguage\":\"es\",\"@id\":\"https:\/\/www.mpppst.gob.ve\/mpppstweb\/index.php\/2021\/01\/23\/ministerio-para-el-proceso-social-del-trabajo-recibe-propuesta-para-la-formacion-del-motor-construccion\/#primaryimage\",\"url\":\"https:\/\/www.mpppst.gob.ve\/mpppstweb\/wp-content\/uploads\/2021\/01\/EscfXVpW8AAzTk4.jpg\",\"contentUrl\":\"https:\/\/www.mpppst.gob.ve\/mpppstweb\/wp-content\/uploads\/2021\/01\/EscfXVpW8AAzTk4.jpg\",\"width\":680,\"height\":510},{\"@type\":\"BreadcrumbList\",\"@id\":\"https:\/\/www.mpppst.gob.ve\/mpppstweb\/index.php\/2021\/01\/23\/ministerio-para-el-proceso-social-del-trabajo-recibe-propuesta-para-la-formacion-del-motor-construccion\/#breadcrumb\",\"itemListElement\":[{\"@type\":\"ListItem\",\"position\":1,\"name\":\"Home\",\"item\":\"https:\/\/www.mpppst.gob.ve\/mpppstweb\/\"},{\"@type\":\"ListItem\",\"position\":2,\"name\":\"Ministerio para el Proceso Social del Trabajo recibe propuesta para la formaci\u00f3n del motor construcci\u00f3n\"}]},{\"@type\":\"WebSite\",\"@id\":\"https:\/\/www.mpppst.gob.ve\/mpppstweb\/#website\",\"url\":\"https:\/\/www.mpppst.gob.ve\/mpppstweb\/\",\"name\":\"MPPPST\",\"description\":\"Ministerio del Poder Popular para el Proceso Social de Trabajo\",\"publisher\":{\"@id\":\"https:\/\/www.mpppst.gob.ve\/mpppstweb\/#organization\"},\"potentialAction\":[{\"@type\":\"SearchAction\",\"target\":{\"@type\":\"EntryPoint\",\"urlTemplate\":\"https:\/\/www.mpppst.gob.ve\/mpppstweb\/?s={search_term_string}\"},\"query-input\":\"required name=search_term_string\"}],\"inLanguage\":\"es\"},{\"@type\":\"Organization\",\"@id\":\"https:\/\/www.mpppst.gob.ve\/mpppstweb\/#organization\",\"name\":\"mpppst\",\"url\":\"https:\/\/www.mpppst.gob.ve\/mpppstweb\/\",\"logo\":{\"@type\":\"ImageObject\",\"inLanguage\":\"es\",\"@id\":\"https:\/\/www.mpppst.gob.ve\/mpppstweb\/#\/schema\/logo\/image\/\",\"url\":\"https:\/\/www.mpppst.gob.ve\/mpppstweb\/wp-content\/uploads\/2025\/07\/cropped-cropped-g910.png\",\"contentUrl\":\"https:\/\/www.mpppst.gob.ve\/mpppstweb\/wp-content\/uploads\/2025\/07\/cropped-cropped-g910.png\",\"width\":1080,\"height\":241,\"caption\":\"mpppst\"},\"image\":{\"@id\":\"https:\/\/www.mpppst.gob.ve\/mpppstweb\/#\/schema\/logo\/image\/\"}},{\"@type\":\"Person\",\"@id\":\"https:\/\/www.mpppst.gob.ve\/mpppstweb\/#\/schema\/person\/fc187ee8ead412bd4c9304b62f900ea4\",\"name\":\"MPPPST Prensa\",\"url\":\"https:\/\/www.mpppst.gob.ve\/mpppstweb\/index.php\/author\/prensa-mpppst\/\"}]}<\/script>\n<!-- \/ Yoast SEO plugin. -->","yoast_head_json":{"title":"Ministerio para el Proceso Social del Trabajo recibe propuesta para la formaci\u00f3n del motor construcci\u00f3n - MPPPST","robots":{"index":"index","follow":"follow","max-snippet":"max-snippet:-1","max-image-preview":"max-image-preview:large","max-video-preview":"max-video-preview:-1"},"canonical":"https:\/\/www.mpppst.gob.ve\/mpppstweb\/index.php\/2021\/01\/23\/ministerio-para-el-proceso-social-del-trabajo-recibe-propuesta-para-la-formacion-del-motor-construccion\/","og_locale":"es_ES","og_type":"article","og_title":"Ministerio para el Proceso Social del Trabajo recibe propuesta para la formaci\u00f3n del motor construcci\u00f3n - MPPPST","og_description":"El ministro del\u00a0Poder Popular para el Proceso Social de Trabajo,\u00a0Eduardo Pi\u00f1ate, recibi\u00f3\u00a0 por parte la\u00a0Federaci\u00f3n Unitaria &hellip; Ministerio para el Proceso Social del Trabajo recibe propuesta para la formaci\u00f3n del motor construcci\u00f3nRead more","og_url":"https:\/\/www.mpppst.gob.ve\/mpppstweb\/index.php\/2021\/01\/23\/ministerio-para-el-proceso-social-del-trabajo-recibe-propuesta-para-la-formacion-del-motor-construccion\/","og_site_name":"MPPPST","article_published_time":"2021-01-23T13:08:00+00:00","article_modified_time":"2021-01-26T13:10:11+00:00","og_image":[{"width":680,"height":510,"url":"https:\/\/www.mpppst.gob.ve\/mpppstweb\/wp-content\/uploads\/2021\/01\/EscfXVpW8AAzTk4.jpg","type":"image\/jpeg"}],"author":"MPPPST Prensa","twitter_card":"summary_large_image","twitter_misc":{"Escrito por":"MPPPST Prensa","Tiempo de lectura":"1 minuto"},"schema":{"@context":"https:\/\/schema.org","@graph":[{"@type":"Article","@id":"https:\/\/www.mpppst.gob.ve\/mpppstweb\/index.php\/2021\/01\/23\/ministerio-para-el-proceso-social-del-trabajo-recibe-propuesta-para-la-formacion-del-motor-construccion\/#article","isPartOf":{"@id":"https:\/\/www.mpppst.gob.ve\/mpppstweb\/index.php\/2021\/01\/23\/ministerio-para-el-proceso-social-del-trabajo-recibe-propuesta-para-la-formacion-del-motor-construccion\/"},"author":{"name":"MPPPST Prensa","@id":"https:\/\/www.mpppst.gob.ve\/mpppstweb\/#\/schema\/person\/fc187ee8ead412bd4c9304b62f900ea4"},"headline":"Ministerio para el Proceso Social del Trabajo recibe propuesta para la formaci\u00f3n del motor construcci\u00f3n","datePublished":"2021-01-23T13:08:00+00:00","dateModified":"2021-01-26T13:10:11+00:00","mainEntityOfPage":{"@id":"https:\/\/www.mpppst.gob.ve\/mpppstweb\/index.php\/2021\/01\/23\/ministerio-para-el-proceso-social-del-trabajo-recibe-propuesta-para-la-formacion-del-motor-construccion\/"},"wordCount":311,"publisher":{"@id":"https:\/\/www.mpppst.gob.ve\/mpppstweb\/#organization"},"image":{"@id":"https:\/\/www.mpppst.gob.ve\/mpppstweb\/index.php\/2021\/01\/23\/ministerio-para-el-proceso-social-del-trabajo-recibe-propuesta-para-la-formacion-del-motor-construccion\/#primaryimage"},"thumbnailUrl":"https:\/\/www.mpppst.gob.ve\/mpppstweb\/wp-content\/uploads\/2021\/01\/EscfXVpW8AAzTk4.jpg","articleSection":["Gobierno Nacional","Noticias"],"inLanguage":"es"},{"@type":"WebPage","@id":"https:\/\/www.mpppst.gob.ve\/mpppstweb\/index.php\/2021\/01\/23\/ministerio-para-el-proceso-social-del-trabajo-recibe-propuesta-para-la-formacion-del-motor-construccion\/","url":"https:\/\/www.mpppst.gob.ve\/mpppstweb\/index.php\/2021\/01\/23\/ministerio-para-el-proceso-social-del-trabajo-recibe-propuesta-para-la-formacion-del-motor-construccion\/","name":"Ministerio para el Proceso Social del Trabajo recibe propuesta para la formaci\u00f3n del motor construcci\u00f3n - MPPPST","isPartOf":{"@id":"https:\/\/www.mpppst.gob.ve\/mpppstweb\/#website"},"primaryImageOfPage":{"@id":"https:\/\/www.mpppst.gob.ve\/mpppstweb\/index.php\/2021\/01\/23\/ministerio-para-el-proceso-social-del-trabajo-recibe-propuesta-para-la-formacion-del-motor-construccion\/#primaryimage"},"image":{"@id":"https:\/\/www.mpppst.gob.ve\/mpppstweb\/index.php\/2021\/01\/23\/ministerio-para-el-proceso-social-del-trabajo-recibe-propuesta-para-la-formacion-del-motor-construccion\/#primaryimage"},"thumbnailUrl":"https:\/\/www.mpppst.gob.ve\/mpppstweb\/wp-content\/uploads\/2021\/01\/EscfXVpW8AAzTk4.jpg","datePublished":"2021-01-23T13:08:00+00:00","dateModified":"2021-01-26T13:10:11+00:00","breadcrumb":{"@id":"https:\/\/www.mpppst.gob.ve\/mpppstweb\/index.php\/2021\/01\/23\/ministerio-para-el-proceso-social-del-trabajo-recibe-propuesta-para-la-formacion-del-motor-construccion\/#breadcrumb"},"inLanguage":"es","potentialAction":[{"@type":"ReadAction","target":["https:\/\/www.mpppst.gob.ve\/mpppstweb\/index.php\/2021\/01\/23\/ministerio-para-el-proceso-social-del-trabajo-recibe-propuesta-para-la-formacion-del-motor-construccion\/"]}]},{"@type":"ImageObject","inLanguage":"es","@id":"https:\/\/www.mpppst.gob.ve\/mpppstweb\/index.php\/2021\/01\/23\/ministerio-para-el-proceso-social-del-trabajo-recibe-propuesta-para-la-formacion-del-motor-construccion\/#primaryimage","url":"https:\/\/www.mpppst.gob.ve\/mpppstweb\/wp-content\/uploads\/2021\/01\/EscfXVpW8AAzTk4.jpg","contentUrl":"https:\/\/www.mpppst.gob.ve\/mpppstweb\/wp-content\/uploads\/2021\/01\/EscfXVpW8AAzTk4.jpg","width":680,"height":510},{"@type":"BreadcrumbList","@id":"https:\/\/www.mpppst.gob.ve\/mpppstweb\/index.php\/2021\/01\/23\/ministerio-para-el-proceso-social-del-trabajo-recibe-propuesta-para-la-formacion-del-motor-construccion\/#breadcrumb","itemListElement":[{"@type":"ListItem","position":1,"name":"Home","item":"https:\/\/www.mpppst.gob.ve\/mpppstweb\/"},{"@type":"ListItem","position":2,"name":"Ministerio para el Proceso Social del Trabajo recibe propuesta para la formaci\u00f3n del motor construcci\u00f3n"}]},{"@type":"WebSite","@id":"https:\/\/www.mpppst.gob.ve\/mpppstweb\/#website","url":"https:\/\/www.mpppst.gob.ve\/mpppstweb\/","name":"MPPPST","description":"Ministerio del Poder Popular para el Proceso Social de Trabajo","publisher":{"@id":"https:\/\/www.mpppst.gob.ve\/mpppstweb\/#organization"},"potentialAction":[{"@type":"SearchAction","target":{"@type":"EntryPoint","urlTemplate":"https:\/\/www.mpppst.gob.ve\/mpppstweb\/?s={search_term_string}"},"query-input":"required name=search_term_string"}],"inLanguage":"es"},{"@type":"Organization","@id":"https:\/\/www.mpppst.gob.ve\/mpppstweb\/#organization","name":"mpppst","url":"https:\/\/www.mpppst.gob.ve\/mpppstweb\/","logo":{"@type":"ImageObject","inLanguage":"es","@id":"https:\/\/www.mpppst.gob.ve\/mpppstweb\/#\/schema\/logo\/image\/","url":"https:\/\/www.mpppst.gob.ve\/mpppstweb\/wp-content\/uploads\/2025\/07\/cropped-cropped-g910.png","contentUrl":"https:\/\/www.mpppst.gob.ve\/mpppstweb\/wp-content\/uploads\/2025\/07\/cropped-cropped-g910.png","width":1080,"height":241,"caption":"mpppst"},"image":{"@id":"https:\/\/www.mpppst.gob.ve\/mpppstweb\/#\/schema\/logo\/image\/"}},{"@type":"Person","@id":"https:\/\/www.mpppst.gob.ve\/mpppstweb\/#\/schema\/person\/fc187ee8ead412bd4c9304b62f900ea4","name":"MPPPST Prensa","url":"https:\/\/www.mpppst.gob.ve\/mpppstweb\/index.php\/author\/prensa-mpppst\/"}]}},"_links":{"self":[{"href":"https:\/\/www.mpppst.gob.ve\/mpppstweb\/index.php\/wp-json\/wp\/v2\/posts\/21269"}],"collection":[{"href":"https:\/\/www.mpppst.gob.ve\/mpppstweb\/index.php\/wp-json\/wp\/v2\/posts"}],"about":[{"href":"https:\/\/www.mpppst.gob.ve\/mpppstweb\/index.php\/wp-json\/wp\/v2\/types\/post"}],"author":[{"embeddable":true,"href":"https:\/\/www.mpppst.gob.ve\/mpppstweb\/index.php\/wp-json\/wp\/v2\/users\/25"}],"replies":[{"embeddable":true,"href":"https:\/\/www.mpppst.gob.ve\/mpppstweb\/index.php\/wp-json\/wp\/v2\/comments?post=21269"}],"version-history":[{"count":2,"href":"https:\/\/www.mpppst.gob.ve\/mpppstweb\/index.php\/wp-json\/wp\/v2\/posts\/21269\/revisions"}],"predecessor-version":[{"id":21272,"href":"https:\/\/www.mpppst.gob.ve\/mpppstweb\/index.php\/wp-json\/wp\/v2\/posts\/21269\/revisions\/21272"}],"wp:featuredmedia":[{"embeddable":true,"href":"https:\/\/www.mpppst.gob.ve\/mpppstweb\/index.php\/wp-json\/wp\/v2\/media\/21271"}],"wp:attachment":[{"href":"https:\/\/www.mpppst.gob.ve\/mpppstweb\/index.php\/wp-json\/wp\/v2\/media?parent=21269"}],"wp:term":[{"taxonomy":"category","embeddable":true,"href":"https:\/\/www.mpppst.gob.ve\/mpppstweb\/index.php\/wp-json\/wp\/v2\/categories?post=21269"},{"taxonomy":"post_tag","embeddable":true,"href":"https:\/\/www.mpppst.gob.ve\/mpppstweb\/index.php\/wp-json\/wp\/v2\/tags?post=21269"}],"curies":[{"name":"wp","href":"https:\/\/api.w.org\/{rel}","templated":true}]}}