{"id":21273,"date":"2021-01-22T09:13:00","date_gmt":"2021-01-22T13:13:00","guid":{"rendered":"http:\/\/www.mpppst.gob.ve\/mpppstweb\/?p=21273"},"modified":"2021-01-26T09:15:00","modified_gmt":"2021-01-26T13:15:00","slug":"inauguran-mural-dignidad-obrera-en-salon-bicentenario-de-la-batalla-de-carabobo-de-la-empresa-cartones-de-venezuela","status":"publish","type":"post","link":"https:\/\/www.mpppst.gob.ve\/mpppstweb\/index.php\/2021\/01\/22\/inauguran-mural-dignidad-obrera-en-salon-bicentenario-de-la-batalla-de-carabobo-de-la-empresa-cartones-de-venezuela\/","title":{"rendered":"Inauguran mural Dignidad Obrera en sal\u00f3n Bicentenario de la Batalla de Carabobo de la empresa Cartones de Venezuela"},"content":{"rendered":"\n<p>En el marco del a\u00f1o Bicentenario, este viernes se realiz\u00f3 la inauguraci\u00f3n del mural<strong>&nbsp;Dignidad Obrera<\/strong>, en el sal\u00f3n Bicentenario de la Batalla de Carabobo de la empresa Cartones de Venezuela, como espacio cultural para los trabajadores.<\/p>\n\n\n\n<p>El ministro del Poder Popular para el Proceso Social del Trabajo,&nbsp;<strong>Eduardo Pi\u00f1ate<\/strong>, se\u00f1al\u00f3 que la obra elaborada por el muralista Felipe Garc\u00eda \u201cexpresa el proceso hist\u00f3rico de emancipaci\u00f3n de la clase obrera, desde la opresi\u00f3n con todo lo simb\u00f3lico, hasta llegar al hombre nuevo que es el sue\u00f1o del socialismo\u201d.<\/p>\n\n\n\n<p>Indic\u00f3 que esta actividad forma parte del proceso de mantenimiento programado, elaborado de manera colectiva entre los trabajadores y la gerencia de la empresa.<\/p>\n\n\n\n<p>\u201cEn el capitalismo los trabajadores son una mercanc\u00eda, pero en el socialismo hay un proceso de liberaci\u00f3n de la enajenaci\u00f3n del trabajo. El trabajo es liberador y creador y los trabajadores pueden producir arte\u201d, dijo.<\/p>\n\n\n\n<p>El titular de la cartera para el Proceso Social del Trabajo acot\u00f3 que esta empresa tiene dos a\u00f1os ocupada por la clase obrera, la cual no ha parado de producir. \u201cEsto significa un salto en nuestro proceso de construcci\u00f3n del socialismo desde lo simb\u00f3lico, lo cultura y el arte\u201d.<\/p>\n\n\n\n<p>Por su parte el ministro del Poder Popular para la Cultura,&nbsp;<strong>Ernesto Villegas<\/strong>, manifest\u00f3: \u201cEsto es un buen ejemplo a seguir, que en todos los sitios de trabajo podamos acompa\u00f1ar las faenas cotidianas de los trabajadores con elementos de la expresi\u00f3n art\u00edstica\u201d.<\/p>\n\n\n\n<p>Asimismo, indic\u00f3 que trabajan en pro de hacer realidad el gran festival cultural Carabobo 200 convocado por el presidente de la Rep\u00fablica Bolivariana de Venezuela, Nicol\u00e1s Maduro, con todas las din\u00e1micas culturales posibles.<\/p>\n\n\n\n<p>\u201cEstoy seguro que este paso que han dado en Cartones de Venezuela va a ser emulado en otros sitios de trabajo y veremos esa expresi\u00f3n cultural tambi\u00e9n de la mano de la clase obrera\u201d, a\u00f1adi\u00f3.<\/p>\n\n\n\n<p>Durante la actividad, el artista Felipe Garc\u00eda, creador del mural, indic\u00f3: \u201cEsperamos que en todos los lugares de trabajo exista la posibilidad de que el obrero sea participativo y protag\u00f3nico. Es un mandato constitucional y para m\u00ed es un honor acompa\u00f1ar eso con un mural\u201d.<\/p>\n\n\n\n<p>Explic\u00f3 que el mural tiene como significado la posibilidad de rescatar lo pasado pero tambi\u00e9n de proyectarse a lo futuro. \u201cYo creo que los obreros son los que hacen al mundo, fabrican las paredes, las pinturas y tambi\u00e9n sue\u00f1an con la posibilidad de una utop\u00eda, un mundo distinto. Ese es el esp\u00edritu de este mural\u201d, finaliz\u00f3<\/p>\n\n\n\n<p>Prensa Web VTV<\/p>\n","protected":false},"excerpt":{"rendered":"<p>En el marco del a\u00f1o Bicentenario, este viernes se realiz\u00f3 la inauguraci\u00f3n del mural&nbsp;Dignidad Obrera, en &hellip; <a title=\"Inauguran mural Dignidad Obrera en sal\u00f3n Bicentenario de la Batalla de Carabobo de la empresa Cartones de Venezuela\" class=\"hm-read-more\" href=\"https:\/\/www.mpppst.gob.ve\/mpppstweb\/index.php\/2021\/01\/22\/inauguran-mural-dignidad-obrera-en-salon-bicentenario-de-la-batalla-de-carabobo-de-la-empresa-cartones-de-venezuela\/\"><span class=\"screen-reader-text\">Inauguran mural Dignidad Obrera en sal\u00f3n Bicentenario de la Batalla de Carabobo de la empresa Cartones de Venezuela<\/span>Read more<\/a><\/p>\n","protected":false},"author":25,"featured_media":21274,"comment_status":"closed","ping_status":"closed","sticky":false,"template":"","format":"standard","meta":{"footnotes":""},"categories":[82,163],"tags":[],"yoast_head":"<!-- This site is optimized with the Yoast SEO plugin v22.5 - https:\/\/yoast.com\/wordpress\/plugins\/seo\/ -->\n<title>Inauguran mural Dignidad Obrera en sal\u00f3n Bicentenario de la Batalla de Carabobo de la empresa Cartones de Venezuela - MPPPST<\/title>\n<meta name=\"robots\" content=\"index, follow, max-snippet:-1, max-image-preview:large, max-video-preview:-1\" \/>\n<link rel=\"canonical\" href=\"https:\/\/www.mpppst.gob.ve\/mpppstweb\/index.php\/2021\/01\/22\/inauguran-mural-dignidad-obrera-en-salon-bicentenario-de-la-batalla-de-carabobo-de-la-empresa-cartones-de-venezuela\/\" \/>\n<meta property=\"og:locale\" content=\"es_ES\" \/>\n<meta property=\"og:type\" content=\"article\" \/>\n<meta property=\"og:title\" content=\"Inauguran mural Dignidad Obrera en sal\u00f3n Bicentenario de la Batalla de Carabobo de la empresa Cartones de Venezuela - MPPPST\" \/>\n<meta property=\"og:description\" content=\"En el marco del a\u00f1o Bicentenario, este viernes se realiz\u00f3 la inauguraci\u00f3n del mural&nbsp;Dignidad Obrera, en &hellip; Inauguran mural Dignidad Obrera en sal\u00f3n Bicentenario de la Batalla de Carabobo de la empresa Cartones de VenezuelaRead more\" \/>\n<meta property=\"og:url\" content=\"https:\/\/www.mpppst.gob.ve\/mpppstweb\/index.php\/2021\/01\/22\/inauguran-mural-dignidad-obrera-en-salon-bicentenario-de-la-batalla-de-carabobo-de-la-empresa-cartones-de-venezuela\/\" \/>\n<meta property=\"og:site_name\" content=\"MPPPST\" \/>\n<meta property=\"article:published_time\" content=\"2021-01-22T13:13:00+00:00\" \/>\n<meta property=\"article:modified_time\" content=\"2021-01-26T13:15:00+00:00\" \/>\n<meta property=\"og:image\" content=\"https:\/\/www.mpppst.gob.ve\/mpppstweb\/wp-content\/uploads\/2021\/01\/EsW2f35W8AA_ODn.jpg\" \/>\n\t<meta property=\"og:image:width\" content=\"800\" \/>\n\t<meta property=\"og:image:height\" content=\"445\" \/>\n\t<meta property=\"og:image:type\" content=\"image\/jpeg\" \/>\n<meta name=\"author\" content=\"MPPPST Prensa\" \/>\n<meta name=\"twitter:card\" content=\"summary_large_image\" \/>\n<meta name=\"twitter:label1\" content=\"Escrito por\" \/>\n\t<meta name=\"twitter:data1\" content=\"MPPPST Prensa\" \/>\n\t<meta name=\"twitter:label2\" content=\"Tiempo de lectura\" \/>\n\t<meta name=\"twitter:data2\" content=\"2 minutos\" \/>\n<script type=\"application\/ld+json\" class=\"yoast-schema-graph\">{\"@context\":\"https:\/\/schema.org\",\"@graph\":[{\"@type\":\"Article\",\"@id\":\"https:\/\/www.mpppst.gob.ve\/mpppstweb\/index.php\/2021\/01\/22\/inauguran-mural-dignidad-obrera-en-salon-bicentenario-de-la-batalla-de-carabobo-de-la-empresa-cartones-de-venezuela\/#article\",\"isPartOf\":{\"@id\":\"https:\/\/www.mpppst.gob.ve\/mpppstweb\/index.php\/2021\/01\/22\/inauguran-mural-dignidad-obrera-en-salon-bicentenario-de-la-batalla-de-carabobo-de-la-empresa-cartones-de-venezuela\/\"},\"author\":{\"name\":\"MPPPST Prensa\",\"@id\":\"https:\/\/www.mpppst.gob.ve\/mpppstweb\/#\/schema\/person\/fc187ee8ead412bd4c9304b62f900ea4\"},\"headline\":\"Inauguran mural Dignidad Obrera en sal\u00f3n Bicentenario de la Batalla de Carabobo de la empresa Cartones de Venezuela\",\"datePublished\":\"2021-01-22T13:13:00+00:00\",\"dateModified\":\"2021-01-26T13:15:00+00:00\",\"mainEntityOfPage\":{\"@id\":\"https:\/\/www.mpppst.gob.ve\/mpppstweb\/index.php\/2021\/01\/22\/inauguran-mural-dignidad-obrera-en-salon-bicentenario-de-la-batalla-de-carabobo-de-la-empresa-cartones-de-venezuela\/\"},\"wordCount\":465,\"publisher\":{\"@id\":\"https:\/\/www.mpppst.gob.ve\/mpppstweb\/#organization\"},\"image\":{\"@id\":\"https:\/\/www.mpppst.gob.ve\/mpppstweb\/index.php\/2021\/01\/22\/inauguran-mural-dignidad-obrera-en-salon-bicentenario-de-la-batalla-de-carabobo-de-la-empresa-cartones-de-venezuela\/#primaryimage\"},\"thumbnailUrl\":\"https:\/\/www.mpppst.gob.ve\/mpppstweb\/wp-content\/uploads\/2021\/01\/EsW2f35W8AA_ODn.jpg\",\"articleSection\":[\"Gobierno Nacional\",\"Noticias\"],\"inLanguage\":\"es\"},{\"@type\":\"WebPage\",\"@id\":\"https:\/\/www.mpppst.gob.ve\/mpppstweb\/index.php\/2021\/01\/22\/inauguran-mural-dignidad-obrera-en-salon-bicentenario-de-la-batalla-de-carabobo-de-la-empresa-cartones-de-venezuela\/\",\"url\":\"https:\/\/www.mpppst.gob.ve\/mpppstweb\/index.php\/2021\/01\/22\/inauguran-mural-dignidad-obrera-en-salon-bicentenario-de-la-batalla-de-carabobo-de-la-empresa-cartones-de-venezuela\/\",\"name\":\"Inauguran mural Dignidad Obrera en sal\u00f3n Bicentenario de la Batalla de Carabobo de la empresa Cartones de Venezuela - MPPPST\",\"isPartOf\":{\"@id\":\"https:\/\/www.mpppst.gob.ve\/mpppstweb\/#website\"},\"primaryImageOfPage\":{\"@id\":\"https:\/\/www.mpppst.gob.ve\/mpppstweb\/index.php\/2021\/01\/22\/inauguran-mural-dignidad-obrera-en-salon-bicentenario-de-la-batalla-de-carabobo-de-la-empresa-cartones-de-venezuela\/#primaryimage\"},\"image\":{\"@id\":\"https:\/\/www.mpppst.gob.ve\/mpppstweb\/index.php\/2021\/01\/22\/inauguran-mural-dignidad-obrera-en-salon-bicentenario-de-la-batalla-de-carabobo-de-la-empresa-cartones-de-venezuela\/#primaryimage\"},\"thumbnailUrl\":\"https:\/\/www.mpppst.gob.ve\/mpppstweb\/wp-content\/uploads\/2021\/01\/EsW2f35W8AA_ODn.jpg\",\"datePublished\":\"2021-01-22T13:13:00+00:00\",\"dateModified\":\"2021-01-26T13:15:00+00:00\",\"breadcrumb\":{\"@id\":\"https:\/\/www.mpppst.gob.ve\/mpppstweb\/index.php\/2021\/01\/22\/inauguran-mural-dignidad-obrera-en-salon-bicentenario-de-la-batalla-de-carabobo-de-la-empresa-cartones-de-venezuela\/#breadcrumb\"},\"inLanguage\":\"es\",\"potentialAction\":[{\"@type\":\"ReadAction\",\"target\":[\"https:\/\/www.mpppst.gob.ve\/mpppstweb\/index.php\/2021\/01\/22\/inauguran-mural-dignidad-obrera-en-salon-bicentenario-de-la-batalla-de-carabobo-de-la-empresa-cartones-de-venezuela\/\"]}]},{\"@type\":\"ImageObject\",\"inLanguage\":\"es\",\"@id\":\"https:\/\/www.mpppst.gob.ve\/mpppstweb\/index.php\/2021\/01\/22\/inauguran-mural-dignidad-obrera-en-salon-bicentenario-de-la-batalla-de-carabobo-de-la-empresa-cartones-de-venezuela\/#primaryimage\",\"url\":\"https:\/\/www.mpppst.gob.ve\/mpppstweb\/wp-content\/uploads\/2021\/01\/EsW2f35W8AA_ODn.jpg\",\"contentUrl\":\"https:\/\/www.mpppst.gob.ve\/mpppstweb\/wp-content\/uploads\/2021\/01\/EsW2f35W8AA_ODn.jpg\",\"width\":800,\"height\":445},{\"@type\":\"BreadcrumbList\",\"@id\":\"https:\/\/www.mpppst.gob.ve\/mpppstweb\/index.php\/2021\/01\/22\/inauguran-mural-dignidad-obrera-en-salon-bicentenario-de-la-batalla-de-carabobo-de-la-empresa-cartones-de-venezuela\/#breadcrumb\",\"itemListElement\":[{\"@type\":\"ListItem\",\"position\":1,\"name\":\"Home\",\"item\":\"https:\/\/www.mpppst.gob.ve\/mpppstweb\/\"},{\"@type\":\"ListItem\",\"position\":2,\"name\":\"Inauguran mural Dignidad Obrera en sal\u00f3n Bicentenario de la Batalla de Carabobo de la empresa Cartones de Venezuela\"}]},{\"@type\":\"WebSite\",\"@id\":\"https:\/\/www.mpppst.gob.ve\/mpppstweb\/#website\",\"url\":\"https:\/\/www.mpppst.gob.ve\/mpppstweb\/\",\"name\":\"MPPPST\",\"description\":\"Ministerio del Poder Popular para el Proceso Social de Trabajo\",\"publisher\":{\"@id\":\"https:\/\/www.mpppst.gob.ve\/mpppstweb\/#organization\"},\"potentialAction\":[{\"@type\":\"SearchAction\",\"target\":{\"@type\":\"EntryPoint\",\"urlTemplate\":\"https:\/\/www.mpppst.gob.ve\/mpppstweb\/?s={search_term_string}\"},\"query-input\":\"required name=search_term_string\"}],\"inLanguage\":\"es\"},{\"@type\":\"Organization\",\"@id\":\"https:\/\/www.mpppst.gob.ve\/mpppstweb\/#organization\",\"name\":\"mpppst\",\"url\":\"https:\/\/www.mpppst.gob.ve\/mpppstweb\/\",\"logo\":{\"@type\":\"ImageObject\",\"inLanguage\":\"es\",\"@id\":\"https:\/\/www.mpppst.gob.ve\/mpppstweb\/#\/schema\/logo\/image\/\",\"url\":\"https:\/\/www.mpppst.gob.ve\/mpppstweb\/wp-content\/uploads\/2025\/07\/cropped-cropped-g910.png\",\"contentUrl\":\"https:\/\/www.mpppst.gob.ve\/mpppstweb\/wp-content\/uploads\/2025\/07\/cropped-cropped-g910.png\",\"width\":1080,\"height\":241,\"caption\":\"mpppst\"},\"image\":{\"@id\":\"https:\/\/www.mpppst.gob.ve\/mpppstweb\/#\/schema\/logo\/image\/\"}},{\"@type\":\"Person\",\"@id\":\"https:\/\/www.mpppst.gob.ve\/mpppstweb\/#\/schema\/person\/fc187ee8ead412bd4c9304b62f900ea4\",\"name\":\"MPPPST Prensa\",\"url\":\"https:\/\/www.mpppst.gob.ve\/mpppstweb\/index.php\/author\/prensa-mpppst\/\"}]}<\/script>\n<!-- \/ Yoast SEO plugin. -->","yoast_head_json":{"title":"Inauguran mural Dignidad Obrera en sal\u00f3n Bicentenario de la Batalla de Carabobo de la empresa Cartones de Venezuela - MPPPST","robots":{"index":"index","follow":"follow","max-snippet":"max-snippet:-1","max-image-preview":"max-image-preview:large","max-video-preview":"max-video-preview:-1"},"canonical":"https:\/\/www.mpppst.gob.ve\/mpppstweb\/index.php\/2021\/01\/22\/inauguran-mural-dignidad-obrera-en-salon-bicentenario-de-la-batalla-de-carabobo-de-la-empresa-cartones-de-venezuela\/","og_locale":"es_ES","og_type":"article","og_title":"Inauguran mural Dignidad Obrera en sal\u00f3n Bicentenario de la Batalla de Carabobo de la empresa Cartones de Venezuela - MPPPST","og_description":"En el marco del a\u00f1o Bicentenario, este viernes se realiz\u00f3 la inauguraci\u00f3n del mural&nbsp;Dignidad Obrera, en &hellip; Inauguran mural Dignidad Obrera en sal\u00f3n Bicentenario de la Batalla de Carabobo de la empresa Cartones de VenezuelaRead more","og_url":"https:\/\/www.mpppst.gob.ve\/mpppstweb\/index.php\/2021\/01\/22\/inauguran-mural-dignidad-obrera-en-salon-bicentenario-de-la-batalla-de-carabobo-de-la-empresa-cartones-de-venezuela\/","og_site_name":"MPPPST","article_published_time":"2021-01-22T13:13:00+00:00","article_modified_time":"2021-01-26T13:15:00+00:00","og_image":[{"width":800,"height":445,"url":"https:\/\/www.mpppst.gob.ve\/mpppstweb\/wp-content\/uploads\/2021\/01\/EsW2f35W8AA_ODn.jpg","type":"image\/jpeg"}],"author":"MPPPST Prensa","twitter_card":"summary_large_image","twitter_misc":{"Escrito por":"MPPPST Prensa","Tiempo de lectura":"2 minutos"},"schema":{"@context":"https:\/\/schema.org","@graph":[{"@type":"Article","@id":"https:\/\/www.mpppst.gob.ve\/mpppstweb\/index.php\/2021\/01\/22\/inauguran-mural-dignidad-obrera-en-salon-bicentenario-de-la-batalla-de-carabobo-de-la-empresa-cartones-de-venezuela\/#article","isPartOf":{"@id":"https:\/\/www.mpppst.gob.ve\/mpppstweb\/index.php\/2021\/01\/22\/inauguran-mural-dignidad-obrera-en-salon-bicentenario-de-la-batalla-de-carabobo-de-la-empresa-cartones-de-venezuela\/"},"author":{"name":"MPPPST Prensa","@id":"https:\/\/www.mpppst.gob.ve\/mpppstweb\/#\/schema\/person\/fc187ee8ead412bd4c9304b62f900ea4"},"headline":"Inauguran mural Dignidad Obrera en sal\u00f3n Bicentenario de la Batalla de Carabobo de la empresa Cartones de Venezuela","datePublished":"2021-01-22T13:13:00+00:00","dateModified":"2021-01-26T13:15:00+00:00","mainEntityOfPage":{"@id":"https:\/\/www.mpppst.gob.ve\/mpppstweb\/index.php\/2021\/01\/22\/inauguran-mural-dignidad-obrera-en-salon-bicentenario-de-la-batalla-de-carabobo-de-la-empresa-cartones-de-venezuela\/"},"wordCount":465,"publisher":{"@id":"https:\/\/www.mpppst.gob.ve\/mpppstweb\/#organization"},"image":{"@id":"https:\/\/www.mpppst.gob.ve\/mpppstweb\/index.php\/2021\/01\/22\/inauguran-mural-dignidad-obrera-en-salon-bicentenario-de-la-batalla-de-carabobo-de-la-empresa-cartones-de-venezuela\/#primaryimage"},"thumbnailUrl":"https:\/\/www.mpppst.gob.ve\/mpppstweb\/wp-content\/uploads\/2021\/01\/EsW2f35W8AA_ODn.jpg","articleSection":["Gobierno Nacional","Noticias"],"inLanguage":"es"},{"@type":"WebPage","@id":"https:\/\/www.mpppst.gob.ve\/mpppstweb\/index.php\/2021\/01\/22\/inauguran-mural-dignidad-obrera-en-salon-bicentenario-de-la-batalla-de-carabobo-de-la-empresa-cartones-de-venezuela\/","url":"https:\/\/www.mpppst.gob.ve\/mpppstweb\/index.php\/2021\/01\/22\/inauguran-mural-dignidad-obrera-en-salon-bicentenario-de-la-batalla-de-carabobo-de-la-empresa-cartones-de-venezuela\/","name":"Inauguran mural Dignidad Obrera en sal\u00f3n Bicentenario de la Batalla de Carabobo de la empresa Cartones de Venezuela - MPPPST","isPartOf":{"@id":"https:\/\/www.mpppst.gob.ve\/mpppstweb\/#website"},"primaryImageOfPage":{"@id":"https:\/\/www.mpppst.gob.ve\/mpppstweb\/index.php\/2021\/01\/22\/inauguran-mural-dignidad-obrera-en-salon-bicentenario-de-la-batalla-de-carabobo-de-la-empresa-cartones-de-venezuela\/#primaryimage"},"image":{"@id":"https:\/\/www.mpppst.gob.ve\/mpppstweb\/index.php\/2021\/01\/22\/inauguran-mural-dignidad-obrera-en-salon-bicentenario-de-la-batalla-de-carabobo-de-la-empresa-cartones-de-venezuela\/#primaryimage"},"thumbnailUrl":"https:\/\/www.mpppst.gob.ve\/mpppstweb\/wp-content\/uploads\/2021\/01\/EsW2f35W8AA_ODn.jpg","datePublished":"2021-01-22T13:13:00+00:00","dateModified":"2021-01-26T13:15:00+00:00","breadcrumb":{"@id":"https:\/\/www.mpppst.gob.ve\/mpppstweb\/index.php\/2021\/01\/22\/inauguran-mural-dignidad-obrera-en-salon-bicentenario-de-la-batalla-de-carabobo-de-la-empresa-cartones-de-venezuela\/#breadcrumb"},"inLanguage":"es","potentialAction":[{"@type":"ReadAction","target":["https:\/\/www.mpppst.gob.ve\/mpppstweb\/index.php\/2021\/01\/22\/inauguran-mural-dignidad-obrera-en-salon-bicentenario-de-la-batalla-de-carabobo-de-la-empresa-cartones-de-venezuela\/"]}]},{"@type":"ImageObject","inLanguage":"es","@id":"https:\/\/www.mpppst.gob.ve\/mpppstweb\/index.php\/2021\/01\/22\/inauguran-mural-dignidad-obrera-en-salon-bicentenario-de-la-batalla-de-carabobo-de-la-empresa-cartones-de-venezuela\/#primaryimage","url":"https:\/\/www.mpppst.gob.ve\/mpppstweb\/wp-content\/uploads\/2021\/01\/EsW2f35W8AA_ODn.jpg","contentUrl":"https:\/\/www.mpppst.gob.ve\/mpppstweb\/wp-content\/uploads\/2021\/01\/EsW2f35W8AA_ODn.jpg","width":800,"height":445},{"@type":"BreadcrumbList","@id":"https:\/\/www.mpppst.gob.ve\/mpppstweb\/index.php\/2021\/01\/22\/inauguran-mural-dignidad-obrera-en-salon-bicentenario-de-la-batalla-de-carabobo-de-la-empresa-cartones-de-venezuela\/#breadcrumb","itemListElement":[{"@type":"ListItem","position":1,"name":"Home","item":"https:\/\/www.mpppst.gob.ve\/mpppstweb\/"},{"@type":"ListItem","position":2,"name":"Inauguran mural Dignidad Obrera en sal\u00f3n Bicentenario de la Batalla de Carabobo de la empresa Cartones de Venezuela"}]},{"@type":"WebSite","@id":"https:\/\/www.mpppst.gob.ve\/mpppstweb\/#website","url":"https:\/\/www.mpppst.gob.ve\/mpppstweb\/","name":"MPPPST","description":"Ministerio del Poder Popular para el Proceso Social de Trabajo","publisher":{"@id":"https:\/\/www.mpppst.gob.ve\/mpppstweb\/#organization"},"potentialAction":[{"@type":"SearchAction","target":{"@type":"EntryPoint","urlTemplate":"https:\/\/www.mpppst.gob.ve\/mpppstweb\/?s={search_term_string}"},"query-input":"required name=search_term_string"}],"inLanguage":"es"},{"@type":"Organization","@id":"https:\/\/www.mpppst.gob.ve\/mpppstweb\/#organization","name":"mpppst","url":"https:\/\/www.mpppst.gob.ve\/mpppstweb\/","logo":{"@type":"ImageObject","inLanguage":"es","@id":"https:\/\/www.mpppst.gob.ve\/mpppstweb\/#\/schema\/logo\/image\/","url":"https:\/\/www.mpppst.gob.ve\/mpppstweb\/wp-content\/uploads\/2025\/07\/cropped-cropped-g910.png","contentUrl":"https:\/\/www.mpppst.gob.ve\/mpppstweb\/wp-content\/uploads\/2025\/07\/cropped-cropped-g910.png","width":1080,"height":241,"caption":"mpppst"},"image":{"@id":"https:\/\/www.mpppst.gob.ve\/mpppstweb\/#\/schema\/logo\/image\/"}},{"@type":"Person","@id":"https:\/\/www.mpppst.gob.ve\/mpppstweb\/#\/schema\/person\/fc187ee8ead412bd4c9304b62f900ea4","name":"MPPPST Prensa","url":"https:\/\/www.mpppst.gob.ve\/mpppstweb\/index.php\/author\/prensa-mpppst\/"}]}},"_links":{"self":[{"href":"https:\/\/www.mpppst.gob.ve\/mpppstweb\/index.php\/wp-json\/wp\/v2\/posts\/21273"}],"collection":[{"href":"https:\/\/www.mpppst.gob.ve\/mpppstweb\/index.php\/wp-json\/wp\/v2\/posts"}],"about":[{"href":"https:\/\/www.mpppst.gob.ve\/mpppstweb\/index.php\/wp-json\/wp\/v2\/types\/post"}],"author":[{"embeddable":true,"href":"https:\/\/www.mpppst.gob.ve\/mpppstweb\/index.php\/wp-json\/wp\/v2\/users\/25"}],"replies":[{"embeddable":true,"href":"https:\/\/www.mpppst.gob.ve\/mpppstweb\/index.php\/wp-json\/wp\/v2\/comments?post=21273"}],"version-history":[{"count":1,"href":"https:\/\/www.mpppst.gob.ve\/mpppstweb\/index.php\/wp-json\/wp\/v2\/posts\/21273\/revisions"}],"predecessor-version":[{"id":21275,"href":"https:\/\/www.mpppst.gob.ve\/mpppstweb\/index.php\/wp-json\/wp\/v2\/posts\/21273\/revisions\/21275"}],"wp:featuredmedia":[{"embeddable":true,"href":"https:\/\/www.mpppst.gob.ve\/mpppstweb\/index.php\/wp-json\/wp\/v2\/media\/21274"}],"wp:attachment":[{"href":"https:\/\/www.mpppst.gob.ve\/mpppstweb\/index.php\/wp-json\/wp\/v2\/media?parent=21273"}],"wp:term":[{"taxonomy":"category","embeddable":true,"href":"https:\/\/www.mpppst.gob.ve\/mpppstweb\/index.php\/wp-json\/wp\/v2\/categories?post=21273"},{"taxonomy":"post_tag","embeddable":true,"href":"https:\/\/www.mpppst.gob.ve\/mpppstweb\/index.php\/wp-json\/wp\/v2\/tags?post=21273"}],"curies":[{"name":"wp","href":"https:\/\/api.w.org\/{rel}","templated":true}]}}