{"id":21284,"date":"2021-01-26T09:47:17","date_gmt":"2021-01-26T13:47:17","guid":{"rendered":"http:\/\/www.mpppst.gob.ve\/mpppstweb\/?p=21284"},"modified":"2021-01-26T09:47:17","modified_gmt":"2021-01-26T13:47:17","slug":"instalada-comision-especial-para-la-defensa-de-la-guayana-esequiba-y-la-soberania-territorial-de-an","status":"publish","type":"post","link":"https:\/\/www.mpppst.gob.ve\/mpppstweb\/index.php\/2021\/01\/26\/instalada-comision-especial-para-la-defensa-de-la-guayana-esequiba-y-la-soberania-territorial-de-an\/","title":{"rendered":"Instalada Comisi\u00f3n Especial para la Defensa de la Guayana Esequiba y la Soberan\u00eda Territorial de AN"},"content":{"rendered":"\n<p>Este lunes se instal\u00f3 la Comisi\u00f3n Especial de la Asamblea Nacional para la Defensa de la Guayana Esequiba y la Soberan\u00eda Territorial, instancia presidida por el diputado&nbsp;<strong>Herm\u00e1nn Escarr\u00e1<\/strong>, quien manifest\u00f3 la disposici\u00f3n de abrir la mesa de di\u00e1logo basada en el Acuerdo de Ginebra.<\/p>\n\n\n\n<p>Desde el jard\u00edn del Palacio Federal Legislativo, el Parlamentario se\u00f1al\u00f3: \u201cHoy discutimos sobre el Acuerdo de Ginebra; este es un tema de la Patria. Venezuela no est\u00e1 dispuesta a entregar ni un mil\u00edmetro de su territorio, eso no va a ocurrir, y le decimos al pueblo venezolano que en nombre de la Comisi\u00f3n que me honra en presidir, que todo el esfuerzo est\u00e1 dirigido para que nuestro territorio sea respetado (\u2026) Es un tema de unidad nacional\u201d.<\/p>\n\n\n\n<p>Precis\u00f3 que existe una pol\u00edtica de Estado que emana del presidente de la Rep\u00fablica Bolivariana de Venezuela,\u00a0<strong>Nicol\u00e1s Maduro<\/strong>, y su postura es soberana, patriota y nacionalista. \u201cNuestra posici\u00f3n es resumir los mejores consejos y mantener nuestros derechos soberanos territoriales\u201d.<\/p>\n\n\n\n<p>\u201cHay noticias de pescadores y sectores de Guyana que estaban en el interior de nuestra geograf\u00eda y la Fuerza Armada Nacional Bolivariana actu\u00f3 en consecuencia con firmeza en el respeto de los derechos soberanos\u201d, especific\u00f3 el Diputado.<\/p>\n\n\n\n<p>Asever\u00f3 que s\u00ed las partes lo acuerdan habr\u00e1 que ir a un acuerdo judicial, la naci\u00f3n Bolivariana plantea el di\u00e1logo directo y con la firmeza inamovible del pueblo que no est\u00e1 dispuesto a ceder su soberan\u00eda.<\/p>\n\n\n\n<p>\u201cTenemos una juventud que observa y participa de esto, son miembros de la comisi\u00f3n y mantienen la defensa de la Patria y la soberan\u00eda nacional. No nos ver\u00e1n en contradicci\u00f3n con los expertos\u201d, subray\u00f3.&nbsp;<\/p>\n\n\n\n<p>El pasado s\u00e1bado, la vicepresidenta ejecutiva de la Rep\u00fablica,\u00a0Delcy Rodr\u00edguez, anunci\u00f3 que la videoconferencia entre Venezuela y Guyana para abordar los temas en cuanto a la controversia territorial del Esequibo venezolano qued\u00f3 pautada para el 26 de febrero, seg\u00fan informaci\u00f3n oficial de la Corte Internacional de Justicia (CIJ).<\/p>\n\n\n\n<p>Prensa Web VTV<\/p>\n","protected":false},"excerpt":{"rendered":"<p>Este lunes se instal\u00f3 la Comisi\u00f3n Especial de la Asamblea Nacional para la Defensa de la &hellip; <a title=\"Instalada Comisi\u00f3n Especial para la Defensa de la Guayana Esequiba y la Soberan\u00eda Territorial de AN\" class=\"hm-read-more\" href=\"https:\/\/www.mpppst.gob.ve\/mpppstweb\/index.php\/2021\/01\/26\/instalada-comision-especial-para-la-defensa-de-la-guayana-esequiba-y-la-soberania-territorial-de-an\/\"><span class=\"screen-reader-text\">Instalada Comisi\u00f3n Especial para la Defensa de la Guayana Esequiba y la Soberan\u00eda Territorial de AN<\/span>Read more<\/a><\/p>\n","protected":false},"author":25,"featured_media":21285,"comment_status":"closed","ping_status":"closed","sticky":false,"template":"","format":"standard","meta":{"footnotes":""},"categories":[82,163],"tags":[],"yoast_head":"<!-- This site is optimized with the Yoast SEO plugin v22.5 - https:\/\/yoast.com\/wordpress\/plugins\/seo\/ -->\n<title>Instalada Comisi\u00f3n Especial para la Defensa de la Guayana Esequiba y la Soberan\u00eda Territorial de AN - MPPPST<\/title>\n<meta name=\"robots\" content=\"index, follow, max-snippet:-1, max-image-preview:large, max-video-preview:-1\" \/>\n<link rel=\"canonical\" href=\"https:\/\/www.mpppst.gob.ve\/mpppstweb\/index.php\/2021\/01\/26\/instalada-comision-especial-para-la-defensa-de-la-guayana-esequiba-y-la-soberania-territorial-de-an\/\" \/>\n<meta property=\"og:locale\" content=\"es_ES\" \/>\n<meta property=\"og:type\" content=\"article\" \/>\n<meta property=\"og:title\" content=\"Instalada Comisi\u00f3n Especial para la Defensa de la Guayana Esequiba y la Soberan\u00eda Territorial de AN - MPPPST\" \/>\n<meta property=\"og:description\" content=\"Este lunes se instal\u00f3 la Comisi\u00f3n Especial de la Asamblea Nacional para la Defensa de la &hellip; Instalada Comisi\u00f3n Especial para la Defensa de la Guayana Esequiba y la Soberan\u00eda Territorial de ANRead more\" \/>\n<meta property=\"og:url\" content=\"https:\/\/www.mpppst.gob.ve\/mpppstweb\/index.php\/2021\/01\/26\/instalada-comision-especial-para-la-defensa-de-la-guayana-esequiba-y-la-soberania-territorial-de-an\/\" \/>\n<meta property=\"og:site_name\" content=\"MPPPST\" \/>\n<meta property=\"article:published_time\" content=\"2021-01-26T13:47:17+00:00\" \/>\n<meta property=\"og:image\" content=\"https:\/\/www.mpppst.gob.ve\/mpppstweb\/wp-content\/uploads\/2021\/01\/Foto-Herman-Escarra.jpg\" \/>\n\t<meta property=\"og:image:width\" content=\"800\" \/>\n\t<meta property=\"og:image:height\" content=\"445\" \/>\n\t<meta property=\"og:image:type\" content=\"image\/jpeg\" \/>\n<meta name=\"author\" content=\"MPPPST Prensa\" \/>\n<meta name=\"twitter:card\" content=\"summary_large_image\" \/>\n<meta name=\"twitter:label1\" content=\"Escrito por\" \/>\n\t<meta name=\"twitter:data1\" content=\"MPPPST Prensa\" \/>\n\t<meta name=\"twitter:label2\" content=\"Tiempo de lectura\" \/>\n\t<meta name=\"twitter:data2\" content=\"2 minutos\" \/>\n<script type=\"application\/ld+json\" class=\"yoast-schema-graph\">{\"@context\":\"https:\/\/schema.org\",\"@graph\":[{\"@type\":\"Article\",\"@id\":\"https:\/\/www.mpppst.gob.ve\/mpppstweb\/index.php\/2021\/01\/26\/instalada-comision-especial-para-la-defensa-de-la-guayana-esequiba-y-la-soberania-territorial-de-an\/#article\",\"isPartOf\":{\"@id\":\"https:\/\/www.mpppst.gob.ve\/mpppstweb\/index.php\/2021\/01\/26\/instalada-comision-especial-para-la-defensa-de-la-guayana-esequiba-y-la-soberania-territorial-de-an\/\"},\"author\":{\"name\":\"MPPPST Prensa\",\"@id\":\"https:\/\/www.mpppst.gob.ve\/mpppstweb\/#\/schema\/person\/fc187ee8ead412bd4c9304b62f900ea4\"},\"headline\":\"Instalada Comisi\u00f3n Especial para la Defensa de la Guayana Esequiba y la Soberan\u00eda Territorial de AN\",\"datePublished\":\"2021-01-26T13:47:17+00:00\",\"dateModified\":\"2021-01-26T13:47:17+00:00\",\"mainEntityOfPage\":{\"@id\":\"https:\/\/www.mpppst.gob.ve\/mpppstweb\/index.php\/2021\/01\/26\/instalada-comision-especial-para-la-defensa-de-la-guayana-esequiba-y-la-soberania-territorial-de-an\/\"},\"wordCount\":365,\"publisher\":{\"@id\":\"https:\/\/www.mpppst.gob.ve\/mpppstweb\/#organization\"},\"image\":{\"@id\":\"https:\/\/www.mpppst.gob.ve\/mpppstweb\/index.php\/2021\/01\/26\/instalada-comision-especial-para-la-defensa-de-la-guayana-esequiba-y-la-soberania-territorial-de-an\/#primaryimage\"},\"thumbnailUrl\":\"https:\/\/www.mpppst.gob.ve\/mpppstweb\/wp-content\/uploads\/2021\/01\/Foto-Herman-Escarra.jpg\",\"articleSection\":[\"Gobierno Nacional\",\"Noticias\"],\"inLanguage\":\"es\"},{\"@type\":\"WebPage\",\"@id\":\"https:\/\/www.mpppst.gob.ve\/mpppstweb\/index.php\/2021\/01\/26\/instalada-comision-especial-para-la-defensa-de-la-guayana-esequiba-y-la-soberania-territorial-de-an\/\",\"url\":\"https:\/\/www.mpppst.gob.ve\/mpppstweb\/index.php\/2021\/01\/26\/instalada-comision-especial-para-la-defensa-de-la-guayana-esequiba-y-la-soberania-territorial-de-an\/\",\"name\":\"Instalada Comisi\u00f3n Especial para la Defensa de la Guayana Esequiba y la Soberan\u00eda Territorial de AN - MPPPST\",\"isPartOf\":{\"@id\":\"https:\/\/www.mpppst.gob.ve\/mpppstweb\/#website\"},\"primaryImageOfPage\":{\"@id\":\"https:\/\/www.mpppst.gob.ve\/mpppstweb\/index.php\/2021\/01\/26\/instalada-comision-especial-para-la-defensa-de-la-guayana-esequiba-y-la-soberania-territorial-de-an\/#primaryimage\"},\"image\":{\"@id\":\"https:\/\/www.mpppst.gob.ve\/mpppstweb\/index.php\/2021\/01\/26\/instalada-comision-especial-para-la-defensa-de-la-guayana-esequiba-y-la-soberania-territorial-de-an\/#primaryimage\"},\"thumbnailUrl\":\"https:\/\/www.mpppst.gob.ve\/mpppstweb\/wp-content\/uploads\/2021\/01\/Foto-Herman-Escarra.jpg\",\"datePublished\":\"2021-01-26T13:47:17+00:00\",\"dateModified\":\"2021-01-26T13:47:17+00:00\",\"breadcrumb\":{\"@id\":\"https:\/\/www.mpppst.gob.ve\/mpppstweb\/index.php\/2021\/01\/26\/instalada-comision-especial-para-la-defensa-de-la-guayana-esequiba-y-la-soberania-territorial-de-an\/#breadcrumb\"},\"inLanguage\":\"es\",\"potentialAction\":[{\"@type\":\"ReadAction\",\"target\":[\"https:\/\/www.mpppst.gob.ve\/mpppstweb\/index.php\/2021\/01\/26\/instalada-comision-especial-para-la-defensa-de-la-guayana-esequiba-y-la-soberania-territorial-de-an\/\"]}]},{\"@type\":\"ImageObject\",\"inLanguage\":\"es\",\"@id\":\"https:\/\/www.mpppst.gob.ve\/mpppstweb\/index.php\/2021\/01\/26\/instalada-comision-especial-para-la-defensa-de-la-guayana-esequiba-y-la-soberania-territorial-de-an\/#primaryimage\",\"url\":\"https:\/\/www.mpppst.gob.ve\/mpppstweb\/wp-content\/uploads\/2021\/01\/Foto-Herman-Escarra.jpg\",\"contentUrl\":\"https:\/\/www.mpppst.gob.ve\/mpppstweb\/wp-content\/uploads\/2021\/01\/Foto-Herman-Escarra.jpg\",\"width\":800,\"height\":445},{\"@type\":\"BreadcrumbList\",\"@id\":\"https:\/\/www.mpppst.gob.ve\/mpppstweb\/index.php\/2021\/01\/26\/instalada-comision-especial-para-la-defensa-de-la-guayana-esequiba-y-la-soberania-territorial-de-an\/#breadcrumb\",\"itemListElement\":[{\"@type\":\"ListItem\",\"position\":1,\"name\":\"Home\",\"item\":\"https:\/\/www.mpppst.gob.ve\/mpppstweb\/\"},{\"@type\":\"ListItem\",\"position\":2,\"name\":\"Instalada Comisi\u00f3n Especial para la Defensa de la Guayana Esequiba y la Soberan\u00eda Territorial de AN\"}]},{\"@type\":\"WebSite\",\"@id\":\"https:\/\/www.mpppst.gob.ve\/mpppstweb\/#website\",\"url\":\"https:\/\/www.mpppst.gob.ve\/mpppstweb\/\",\"name\":\"MPPPST\",\"description\":\"Ministerio del Poder Popular para el Proceso Social de Trabajo\",\"publisher\":{\"@id\":\"https:\/\/www.mpppst.gob.ve\/mpppstweb\/#organization\"},\"potentialAction\":[{\"@type\":\"SearchAction\",\"target\":{\"@type\":\"EntryPoint\",\"urlTemplate\":\"https:\/\/www.mpppst.gob.ve\/mpppstweb\/?s={search_term_string}\"},\"query-input\":\"required name=search_term_string\"}],\"inLanguage\":\"es\"},{\"@type\":\"Organization\",\"@id\":\"https:\/\/www.mpppst.gob.ve\/mpppstweb\/#organization\",\"name\":\"mpppst\",\"url\":\"https:\/\/www.mpppst.gob.ve\/mpppstweb\/\",\"logo\":{\"@type\":\"ImageObject\",\"inLanguage\":\"es\",\"@id\":\"https:\/\/www.mpppst.gob.ve\/mpppstweb\/#\/schema\/logo\/image\/\",\"url\":\"https:\/\/www.mpppst.gob.ve\/mpppstweb\/wp-content\/uploads\/2025\/07\/cropped-cropped-g910.png\",\"contentUrl\":\"https:\/\/www.mpppst.gob.ve\/mpppstweb\/wp-content\/uploads\/2025\/07\/cropped-cropped-g910.png\",\"width\":1080,\"height\":241,\"caption\":\"mpppst\"},\"image\":{\"@id\":\"https:\/\/www.mpppst.gob.ve\/mpppstweb\/#\/schema\/logo\/image\/\"}},{\"@type\":\"Person\",\"@id\":\"https:\/\/www.mpppst.gob.ve\/mpppstweb\/#\/schema\/person\/fc187ee8ead412bd4c9304b62f900ea4\",\"name\":\"MPPPST Prensa\",\"url\":\"https:\/\/www.mpppst.gob.ve\/mpppstweb\/index.php\/author\/prensa-mpppst\/\"}]}<\/script>\n<!-- \/ Yoast SEO plugin. -->","yoast_head_json":{"title":"Instalada Comisi\u00f3n Especial para la Defensa de la Guayana Esequiba y la Soberan\u00eda Territorial de AN - MPPPST","robots":{"index":"index","follow":"follow","max-snippet":"max-snippet:-1","max-image-preview":"max-image-preview:large","max-video-preview":"max-video-preview:-1"},"canonical":"https:\/\/www.mpppst.gob.ve\/mpppstweb\/index.php\/2021\/01\/26\/instalada-comision-especial-para-la-defensa-de-la-guayana-esequiba-y-la-soberania-territorial-de-an\/","og_locale":"es_ES","og_type":"article","og_title":"Instalada Comisi\u00f3n Especial para la Defensa de la Guayana Esequiba y la Soberan\u00eda Territorial de AN - MPPPST","og_description":"Este lunes se instal\u00f3 la Comisi\u00f3n Especial de la Asamblea Nacional para la Defensa de la &hellip; Instalada Comisi\u00f3n Especial para la Defensa de la Guayana Esequiba y la Soberan\u00eda Territorial de ANRead more","og_url":"https:\/\/www.mpppst.gob.ve\/mpppstweb\/index.php\/2021\/01\/26\/instalada-comision-especial-para-la-defensa-de-la-guayana-esequiba-y-la-soberania-territorial-de-an\/","og_site_name":"MPPPST","article_published_time":"2021-01-26T13:47:17+00:00","og_image":[{"width":800,"height":445,"url":"https:\/\/www.mpppst.gob.ve\/mpppstweb\/wp-content\/uploads\/2021\/01\/Foto-Herman-Escarra.jpg","type":"image\/jpeg"}],"author":"MPPPST Prensa","twitter_card":"summary_large_image","twitter_misc":{"Escrito por":"MPPPST Prensa","Tiempo de lectura":"2 minutos"},"schema":{"@context":"https:\/\/schema.org","@graph":[{"@type":"Article","@id":"https:\/\/www.mpppst.gob.ve\/mpppstweb\/index.php\/2021\/01\/26\/instalada-comision-especial-para-la-defensa-de-la-guayana-esequiba-y-la-soberania-territorial-de-an\/#article","isPartOf":{"@id":"https:\/\/www.mpppst.gob.ve\/mpppstweb\/index.php\/2021\/01\/26\/instalada-comision-especial-para-la-defensa-de-la-guayana-esequiba-y-la-soberania-territorial-de-an\/"},"author":{"name":"MPPPST Prensa","@id":"https:\/\/www.mpppst.gob.ve\/mpppstweb\/#\/schema\/person\/fc187ee8ead412bd4c9304b62f900ea4"},"headline":"Instalada Comisi\u00f3n Especial para la Defensa de la Guayana Esequiba y la Soberan\u00eda Territorial de AN","datePublished":"2021-01-26T13:47:17+00:00","dateModified":"2021-01-26T13:47:17+00:00","mainEntityOfPage":{"@id":"https:\/\/www.mpppst.gob.ve\/mpppstweb\/index.php\/2021\/01\/26\/instalada-comision-especial-para-la-defensa-de-la-guayana-esequiba-y-la-soberania-territorial-de-an\/"},"wordCount":365,"publisher":{"@id":"https:\/\/www.mpppst.gob.ve\/mpppstweb\/#organization"},"image":{"@id":"https:\/\/www.mpppst.gob.ve\/mpppstweb\/index.php\/2021\/01\/26\/instalada-comision-especial-para-la-defensa-de-la-guayana-esequiba-y-la-soberania-territorial-de-an\/#primaryimage"},"thumbnailUrl":"https:\/\/www.mpppst.gob.ve\/mpppstweb\/wp-content\/uploads\/2021\/01\/Foto-Herman-Escarra.jpg","articleSection":["Gobierno Nacional","Noticias"],"inLanguage":"es"},{"@type":"WebPage","@id":"https:\/\/www.mpppst.gob.ve\/mpppstweb\/index.php\/2021\/01\/26\/instalada-comision-especial-para-la-defensa-de-la-guayana-esequiba-y-la-soberania-territorial-de-an\/","url":"https:\/\/www.mpppst.gob.ve\/mpppstweb\/index.php\/2021\/01\/26\/instalada-comision-especial-para-la-defensa-de-la-guayana-esequiba-y-la-soberania-territorial-de-an\/","name":"Instalada Comisi\u00f3n Especial para la Defensa de la Guayana Esequiba y la Soberan\u00eda Territorial de AN - MPPPST","isPartOf":{"@id":"https:\/\/www.mpppst.gob.ve\/mpppstweb\/#website"},"primaryImageOfPage":{"@id":"https:\/\/www.mpppst.gob.ve\/mpppstweb\/index.php\/2021\/01\/26\/instalada-comision-especial-para-la-defensa-de-la-guayana-esequiba-y-la-soberania-territorial-de-an\/#primaryimage"},"image":{"@id":"https:\/\/www.mpppst.gob.ve\/mpppstweb\/index.php\/2021\/01\/26\/instalada-comision-especial-para-la-defensa-de-la-guayana-esequiba-y-la-soberania-territorial-de-an\/#primaryimage"},"thumbnailUrl":"https:\/\/www.mpppst.gob.ve\/mpppstweb\/wp-content\/uploads\/2021\/01\/Foto-Herman-Escarra.jpg","datePublished":"2021-01-26T13:47:17+00:00","dateModified":"2021-01-26T13:47:17+00:00","breadcrumb":{"@id":"https:\/\/www.mpppst.gob.ve\/mpppstweb\/index.php\/2021\/01\/26\/instalada-comision-especial-para-la-defensa-de-la-guayana-esequiba-y-la-soberania-territorial-de-an\/#breadcrumb"},"inLanguage":"es","potentialAction":[{"@type":"ReadAction","target":["https:\/\/www.mpppst.gob.ve\/mpppstweb\/index.php\/2021\/01\/26\/instalada-comision-especial-para-la-defensa-de-la-guayana-esequiba-y-la-soberania-territorial-de-an\/"]}]},{"@type":"ImageObject","inLanguage":"es","@id":"https:\/\/www.mpppst.gob.ve\/mpppstweb\/index.php\/2021\/01\/26\/instalada-comision-especial-para-la-defensa-de-la-guayana-esequiba-y-la-soberania-territorial-de-an\/#primaryimage","url":"https:\/\/www.mpppst.gob.ve\/mpppstweb\/wp-content\/uploads\/2021\/01\/Foto-Herman-Escarra.jpg","contentUrl":"https:\/\/www.mpppst.gob.ve\/mpppstweb\/wp-content\/uploads\/2021\/01\/Foto-Herman-Escarra.jpg","width":800,"height":445},{"@type":"BreadcrumbList","@id":"https:\/\/www.mpppst.gob.ve\/mpppstweb\/index.php\/2021\/01\/26\/instalada-comision-especial-para-la-defensa-de-la-guayana-esequiba-y-la-soberania-territorial-de-an\/#breadcrumb","itemListElement":[{"@type":"ListItem","position":1,"name":"Home","item":"https:\/\/www.mpppst.gob.ve\/mpppstweb\/"},{"@type":"ListItem","position":2,"name":"Instalada Comisi\u00f3n Especial para la Defensa de la Guayana Esequiba y la Soberan\u00eda Territorial de AN"}]},{"@type":"WebSite","@id":"https:\/\/www.mpppst.gob.ve\/mpppstweb\/#website","url":"https:\/\/www.mpppst.gob.ve\/mpppstweb\/","name":"MPPPST","description":"Ministerio del Poder Popular para el Proceso Social de Trabajo","publisher":{"@id":"https:\/\/www.mpppst.gob.ve\/mpppstweb\/#organization"},"potentialAction":[{"@type":"SearchAction","target":{"@type":"EntryPoint","urlTemplate":"https:\/\/www.mpppst.gob.ve\/mpppstweb\/?s={search_term_string}"},"query-input":"required name=search_term_string"}],"inLanguage":"es"},{"@type":"Organization","@id":"https:\/\/www.mpppst.gob.ve\/mpppstweb\/#organization","name":"mpppst","url":"https:\/\/www.mpppst.gob.ve\/mpppstweb\/","logo":{"@type":"ImageObject","inLanguage":"es","@id":"https:\/\/www.mpppst.gob.ve\/mpppstweb\/#\/schema\/logo\/image\/","url":"https:\/\/www.mpppst.gob.ve\/mpppstweb\/wp-content\/uploads\/2025\/07\/cropped-cropped-g910.png","contentUrl":"https:\/\/www.mpppst.gob.ve\/mpppstweb\/wp-content\/uploads\/2025\/07\/cropped-cropped-g910.png","width":1080,"height":241,"caption":"mpppst"},"image":{"@id":"https:\/\/www.mpppst.gob.ve\/mpppstweb\/#\/schema\/logo\/image\/"}},{"@type":"Person","@id":"https:\/\/www.mpppst.gob.ve\/mpppstweb\/#\/schema\/person\/fc187ee8ead412bd4c9304b62f900ea4","name":"MPPPST Prensa","url":"https:\/\/www.mpppst.gob.ve\/mpppstweb\/index.php\/author\/prensa-mpppst\/"}]}},"_links":{"self":[{"href":"https:\/\/www.mpppst.gob.ve\/mpppstweb\/index.php\/wp-json\/wp\/v2\/posts\/21284"}],"collection":[{"href":"https:\/\/www.mpppst.gob.ve\/mpppstweb\/index.php\/wp-json\/wp\/v2\/posts"}],"about":[{"href":"https:\/\/www.mpppst.gob.ve\/mpppstweb\/index.php\/wp-json\/wp\/v2\/types\/post"}],"author":[{"embeddable":true,"href":"https:\/\/www.mpppst.gob.ve\/mpppstweb\/index.php\/wp-json\/wp\/v2\/users\/25"}],"replies":[{"embeddable":true,"href":"https:\/\/www.mpppst.gob.ve\/mpppstweb\/index.php\/wp-json\/wp\/v2\/comments?post=21284"}],"version-history":[{"count":1,"href":"https:\/\/www.mpppst.gob.ve\/mpppstweb\/index.php\/wp-json\/wp\/v2\/posts\/21284\/revisions"}],"predecessor-version":[{"id":21286,"href":"https:\/\/www.mpppst.gob.ve\/mpppstweb\/index.php\/wp-json\/wp\/v2\/posts\/21284\/revisions\/21286"}],"wp:featuredmedia":[{"embeddable":true,"href":"https:\/\/www.mpppst.gob.ve\/mpppstweb\/index.php\/wp-json\/wp\/v2\/media\/21285"}],"wp:attachment":[{"href":"https:\/\/www.mpppst.gob.ve\/mpppstweb\/index.php\/wp-json\/wp\/v2\/media?parent=21284"}],"wp:term":[{"taxonomy":"category","embeddable":true,"href":"https:\/\/www.mpppst.gob.ve\/mpppstweb\/index.php\/wp-json\/wp\/v2\/categories?post=21284"},{"taxonomy":"post_tag","embeddable":true,"href":"https:\/\/www.mpppst.gob.ve\/mpppstweb\/index.php\/wp-json\/wp\/v2\/tags?post=21284"}],"curies":[{"name":"wp","href":"https:\/\/api.w.org\/{rel}","templated":true}]}}