{"id":21323,"date":"2021-01-30T10:19:31","date_gmt":"2021-01-30T14:19:31","guid":{"rendered":"http:\/\/www.mpppst.gob.ve\/mpppstweb\/?p=21323"},"modified":"2021-01-30T10:19:32","modified_gmt":"2021-01-30T14:19:32","slug":"en-peru-hacen-colas-de-hasta-72-horas-por-oxigeno-medicinal-para-pacientes-covid-19","status":"publish","type":"post","link":"https:\/\/www.mpppst.gob.ve\/mpppstweb\/index.php\/2021\/01\/30\/en-peru-hacen-colas-de-hasta-72-horas-por-oxigeno-medicinal-para-pacientes-covid-19\/","title":{"rendered":"En Per\u00fa hacen colas de hasta 72 horas por ox\u00edgeno medicinal para pacientes COVID-19"},"content":{"rendered":"\n<p class=\"wp-block-paragraph\">Cientos de peruanos hacen cada d\u00eda filas de hasta 72 horas y duermen en la calle para conseguir un cilindro de ox\u00edgeno medicinal, un bien indispensable para la atenci\u00f3n sanitaria de familiares y allegados enfermos de COVID-19.<\/p>\n\n\n\n<p class=\"wp-block-paragraph\">Con mantas en el suelo, sobre pedazos de cart\u00f3n o en peque\u00f1as carpas, la gente espera a que el personal del centro de ox\u00edgeno Criogas en El Callao, la ciudad portuaria contigua a Lima, inicie la rutina de cada ma\u00f1ana: revisar con la polic\u00eda la lista de quienes hicieron fila y anunciar cu\u00e1ntos cilindros se pueden llenar, sostiene AFP.<\/p>\n\n\n\n<p class=\"wp-block-paragraph\">La segunda ola de la pandemia dispar\u00f3 la demanda de ox\u00edgeno medicinal, cuya escasez provoca situaciones dram\u00e1ticas a diario en varias zonas de Am\u00e9rica Latina.&nbsp;<\/p>\n\n\n\n<p class=\"wp-block-paragraph\">\u201cAyer hicimos largas colas, estoy desde las cinco de la ma\u00f1ana y llegu\u00e9 tarde, porque hay gente que lleva dos o tres d\u00edas\u201d, dice Yamil Antonio Suca, un estudiante universitario de 20 a\u00f1os de edad.<\/p>\n\n\n\n<p class=\"wp-block-paragraph\">La preocupaci\u00f3n de Yamil es \u201cque pueda avanzar\u201d la fila y llegar a rellenar su cilindro el mismo d\u00eda, sin tener que aguardar otra noche y otro d\u00eda. \u201cMi pap\u00e1 tiene COVID-19, tiene 50 a\u00f1os y necesita el ox\u00edgeno, su saturaci\u00f3n est\u00e1 muy baja\u201d, cuenta con pesar en su voz.<\/p>\n\n\n\n<h4 class=\"wp-block-heading\">La vida por un suspiro<\/h4>\n\n\n\n<p class=\"wp-block-paragraph\">El centro Criogas tiene mucha demanda por sus precios bajos.<\/p>\n\n\n\n<p class=\"wp-block-paragraph\">Pernoctar en las calles del puerto esperando por un tanque de ox\u00edgeno significa no tener un sitio \u00f3ptimo donde dormir, comer o atender sus necesidades, y soportar la bajada de temperaturas durante la noche, con los fuertes vientos que caracterizan la zona.&nbsp;<\/p>\n\n\n\n<p class=\"wp-block-paragraph\">Con las luces del amanecer, llegan algunos vendedores ambulantes que ofrecen peque\u00f1os desayunos de pan con aguacate, o simplemente caf\u00e9, para quienes ya llevan entre nueve y 12 horas de espera.&nbsp;<\/p>\n\n\n\n<p class=\"wp-block-paragraph\">Miguel \u00c1ngel, un trabajador de 22 a\u00f1os de edad, dice que tiene el n\u00famero 124 para la atenci\u00f3n. \u201cTenemos una familiar de 89 a\u00f1os que est\u00e1 delicada, y estamos haciendo esto por ella\u201d explica, acompa\u00f1ado de su primo, quien llega para relevarlo en la espera.<\/p>\n\n\n\n<p class=\"wp-block-paragraph\">La lista de espera, organizada por algunos efectivos de la polic\u00eda peruana, es revisada por la ma\u00f1ana para comprobar que nadie adelante el turno y tambi\u00e9n evitar la llegada de revendedores que aprovechan la crisis para lucrarse.<\/p>\n\n\n\n<p class=\"wp-block-paragraph\">As\u00ed, tras llamar por nombre y apellido y marcar cada cilindro, se inicia el llenado, en turnos de 10 personas cada 45 minutos, hasta las cinco de la tarde.<\/p>\n\n\n\n<p class=\"wp-block-paragraph\">En medio de la preocupaci\u00f3n, hay llantos y abrazos de solidaridad: una bombona de ox\u00edgeno puede hacer la diferencia para un paciente en estado cr\u00edtico.&nbsp;<\/p>\n\n\n\n<p class=\"wp-block-paragraph\">\u201cMi mam\u00e1 est\u00e1 delicada, tiene 69 a\u00f1os\u201d, relata Yulisa Torres, de 46 a\u00f1os de edad, que trabaja en el \u00e1rea de transporte.<\/p>\n\n\n\n<p class=\"wp-block-paragraph\">\u201cSi no llevamos el ox\u00edgeno se nos muere, pero con el favor de Dios saldremos adelante\u201d, dice.<\/p>\n\n\n\n<p class=\"wp-block-paragraph\">La segunda ola de la pandemia golpea sin pausa a varias regiones peruanas desde inicios de enero, luego de registrar un alza notable de casos a partir de las fiestas navide\u00f1as y fin de a\u00f1o.&nbsp;<\/p>\n\n\n\n<p class=\"wp-block-paragraph\">Lima y otros siete departamentos cumplir\u00e1n un confinamiento obligatorio del 1 al 14 de febrero para tratar de frenar al virus.&nbsp;<\/p>\n\n\n\n<p class=\"wp-block-paragraph\">Per\u00fa registra m\u00e1s de 40.000 muertos por COVID-19 y 1,1 mill\u00f3n de contagios desde que la pandemia irrumpi\u00f3 en marzo.<\/p>\n","protected":false},"excerpt":{"rendered":"<p>Cientos de peruanos hacen cada d\u00eda filas de hasta 72 horas y duermen en la calle &hellip; <a title=\"En Per\u00fa hacen colas de hasta 72 horas por ox\u00edgeno medicinal para pacientes COVID-19\" class=\"hm-read-more\" href=\"https:\/\/www.mpppst.gob.ve\/mpppstweb\/index.php\/2021\/01\/30\/en-peru-hacen-colas-de-hasta-72-horas-por-oxigeno-medicinal-para-pacientes-covid-19\/\"><span class=\"screen-reader-text\">En Per\u00fa hacen colas de hasta 72 horas por ox\u00edgeno medicinal para pacientes COVID-19<\/span>Leer m\u00e1s<\/a><\/p>\n","protected":false},"author":25,"featured_media":21324,"comment_status":"closed","ping_status":"closed","sticky":false,"template":"","format":"standard","meta":{"footnotes":""},"categories":[260,163],"tags":[],"class_list":["post-21323","post","type-post","status-publish","format-standard","has-post-thumbnail","hentry","category-internacionales-2","category-noticias"],"yoast_head":"<!-- This site is optimized with the Yoast SEO plugin v28.4 - https:\/\/yoast.com\/product\/yoast-seo-wordpress\/ -->\n<title>En Per\u00fa hacen colas de hasta 72 horas por ox\u00edgeno medicinal para pacientes COVID-19 - MPPPST<\/title>\n<meta name=\"robots\" content=\"index, follow, max-snippet:-1, max-image-preview:large, max-video-preview:-1\" \/>\n<link rel=\"canonical\" href=\"https:\/\/www.mpppst.gob.ve\/mpppstweb\/index.php\/2021\/01\/30\/en-peru-hacen-colas-de-hasta-72-horas-por-oxigeno-medicinal-para-pacientes-covid-19\/\" \/>\n<meta property=\"og:locale\" content=\"es_ES\" \/>\n<meta property=\"og:type\" content=\"article\" \/>\n<meta property=\"og:title\" content=\"En Per\u00fa hacen colas de hasta 72 horas por ox\u00edgeno medicinal para pacientes COVID-19 - MPPPST\" \/>\n<meta property=\"og:description\" content=\"Cientos de peruanos hacen cada d\u00eda filas de hasta 72 horas y duermen en la calle &hellip; En Per\u00fa hacen colas de hasta 72 horas por ox\u00edgeno medicinal para pacientes COVID-19Leer m\u00e1s\" \/>\n<meta property=\"og:url\" content=\"https:\/\/www.mpppst.gob.ve\/mpppstweb\/index.php\/2021\/01\/30\/en-peru-hacen-colas-de-hasta-72-horas-por-oxigeno-medicinal-para-pacientes-covid-19\/\" \/>\n<meta property=\"og:site_name\" content=\"MPPPST\" \/>\n<meta property=\"article:publisher\" content=\"https:\/\/www.facebook.com\/mintrabajo_ve\" \/>\n<meta property=\"article:published_time\" content=\"2021-01-30T14:19:31+00:00\" \/>\n<meta property=\"article:modified_time\" content=\"2021-01-30T14:19:32+00:00\" \/>\n<meta property=\"og:image\" content=\"https:\/\/www.mpppst.gob.ve\/mpppstweb\/wp-content\/uploads\/2021\/01\/000_8ZT7VX-768x427-1.jpg\" \/>\n\t<meta property=\"og:image:width\" content=\"768\" \/>\n\t<meta property=\"og:image:height\" content=\"427\" \/>\n\t<meta property=\"og:image:type\" content=\"image\/jpeg\" \/>\n<meta name=\"author\" content=\"MPPPST Prensa\" \/>\n<meta name=\"twitter:card\" content=\"summary_large_image\" \/>\n<script type=\"application\/ld+json\" class=\"yoast-schema-graph\">{\"@context\":\"https:\\\/\\\/schema.org\",\"@graph\":[{\"@type\":\"Article\",\"@id\":\"https:\\\/\\\/www.mpppst.gob.ve\\\/mpppstweb\\\/index.php\\\/2021\\\/01\\\/30\\\/en-peru-hacen-colas-de-hasta-72-horas-por-oxigeno-medicinal-para-pacientes-covid-19\\\/#article\",\"isPartOf\":{\"@id\":\"https:\\\/\\\/www.mpppst.gob.ve\\\/mpppstweb\\\/index.php\\\/2021\\\/01\\\/30\\\/en-peru-hacen-colas-de-hasta-72-horas-por-oxigeno-medicinal-para-pacientes-covid-19\\\/\"},\"author\":{\"name\":\"MPPPST Prensa\",\"@id\":\"https:\\\/\\\/www.mpppst.gob.ve\\\/mpppstweb\\\/#\\\/schema\\\/person\\\/fc187ee8ead412bd4c9304b62f900ea4\"},\"headline\":\"En Per\u00fa hacen colas de hasta 72 horas por ox\u00edgeno medicinal para pacientes COVID-19\",\"datePublished\":\"2021-01-30T14:19:31+00:00\",\"dateModified\":\"2021-01-30T14:19:32+00:00\",\"mainEntityOfPage\":{\"@id\":\"https:\\\/\\\/www.mpppst.gob.ve\\\/mpppstweb\\\/index.php\\\/2021\\\/01\\\/30\\\/en-peru-hacen-colas-de-hasta-72-horas-por-oxigeno-medicinal-para-pacientes-covid-19\\\/\"},\"wordCount\":592,\"publisher\":{\"@id\":\"https:\\\/\\\/www.mpppst.gob.ve\\\/mpppstweb\\\/#organization\"},\"image\":{\"@id\":\"https:\\\/\\\/www.mpppst.gob.ve\\\/mpppstweb\\\/index.php\\\/2021\\\/01\\\/30\\\/en-peru-hacen-colas-de-hasta-72-horas-por-oxigeno-medicinal-para-pacientes-covid-19\\\/#primaryimage\"},\"thumbnailUrl\":\"https:\\\/\\\/www.mpppst.gob.ve\\\/mpppstweb\\\/wp-content\\\/uploads\\\/2021\\\/01\\\/000_8ZT7VX-768x427-1.jpg\",\"articleSection\":[\"Internacionales\",\"Noticias\"],\"inLanguage\":\"es\"},{\"@type\":\"WebPage\",\"@id\":\"https:\\\/\\\/www.mpppst.gob.ve\\\/mpppstweb\\\/index.php\\\/2021\\\/01\\\/30\\\/en-peru-hacen-colas-de-hasta-72-horas-por-oxigeno-medicinal-para-pacientes-covid-19\\\/\",\"url\":\"https:\\\/\\\/www.mpppst.gob.ve\\\/mpppstweb\\\/index.php\\\/2021\\\/01\\\/30\\\/en-peru-hacen-colas-de-hasta-72-horas-por-oxigeno-medicinal-para-pacientes-covid-19\\\/\",\"name\":\"En Per\u00fa hacen colas de hasta 72 horas por ox\u00edgeno medicinal para pacientes COVID-19 - MPPPST\",\"isPartOf\":{\"@id\":\"https:\\\/\\\/www.mpppst.gob.ve\\\/mpppstweb\\\/#website\"},\"primaryImageOfPage\":{\"@id\":\"https:\\\/\\\/www.mpppst.gob.ve\\\/mpppstweb\\\/index.php\\\/2021\\\/01\\\/30\\\/en-peru-hacen-colas-de-hasta-72-horas-por-oxigeno-medicinal-para-pacientes-covid-19\\\/#primaryimage\"},\"image\":{\"@id\":\"https:\\\/\\\/www.mpppst.gob.ve\\\/mpppstweb\\\/index.php\\\/2021\\\/01\\\/30\\\/en-peru-hacen-colas-de-hasta-72-horas-por-oxigeno-medicinal-para-pacientes-covid-19\\\/#primaryimage\"},\"thumbnailUrl\":\"https:\\\/\\\/www.mpppst.gob.ve\\\/mpppstweb\\\/wp-content\\\/uploads\\\/2021\\\/01\\\/000_8ZT7VX-768x427-1.jpg\",\"datePublished\":\"2021-01-30T14:19:31+00:00\",\"dateModified\":\"2021-01-30T14:19:32+00:00\",\"breadcrumb\":{\"@id\":\"https:\\\/\\\/www.mpppst.gob.ve\\\/mpppstweb\\\/index.php\\\/2021\\\/01\\\/30\\\/en-peru-hacen-colas-de-hasta-72-horas-por-oxigeno-medicinal-para-pacientes-covid-19\\\/#breadcrumb\"},\"inLanguage\":\"es\",\"potentialAction\":[{\"@type\":\"ReadAction\",\"target\":[\"https:\\\/\\\/www.mpppst.gob.ve\\\/mpppstweb\\\/index.php\\\/2021\\\/01\\\/30\\\/en-peru-hacen-colas-de-hasta-72-horas-por-oxigeno-medicinal-para-pacientes-covid-19\\\/\"]}]},{\"@type\":\"ImageObject\",\"inLanguage\":\"es\",\"@id\":\"https:\\\/\\\/www.mpppst.gob.ve\\\/mpppstweb\\\/index.php\\\/2021\\\/01\\\/30\\\/en-peru-hacen-colas-de-hasta-72-horas-por-oxigeno-medicinal-para-pacientes-covid-19\\\/#primaryimage\",\"url\":\"https:\\\/\\\/www.mpppst.gob.ve\\\/mpppstweb\\\/wp-content\\\/uploads\\\/2021\\\/01\\\/000_8ZT7VX-768x427-1.jpg\",\"contentUrl\":\"https:\\\/\\\/www.mpppst.gob.ve\\\/mpppstweb\\\/wp-content\\\/uploads\\\/2021\\\/01\\\/000_8ZT7VX-768x427-1.jpg\",\"width\":768,\"height\":427,\"caption\":\"People queue to refill their empty oxygen cylinders in Callao, Peru, on January 29, 2021 amid the COVID-19 coronavirus pandemic. - Relatives of people with COVID-19 are desperate for oxygen to keep their loves ones alive in Peru, where patients have been dying for lack of oxygen. (Photo by ERNESTO BENAVIDES \\\/ AFP)\"},{\"@type\":\"BreadcrumbList\",\"@id\":\"https:\\\/\\\/www.mpppst.gob.ve\\\/mpppstweb\\\/index.php\\\/2021\\\/01\\\/30\\\/en-peru-hacen-colas-de-hasta-72-horas-por-oxigeno-medicinal-para-pacientes-covid-19\\\/#breadcrumb\",\"itemListElement\":[{\"@type\":\"ListItem\",\"position\":1,\"name\":\"Home\",\"item\":\"https:\\\/\\\/www.mpppst.gob.ve\\\/mpppstweb\\\/\"},{\"@type\":\"ListItem\",\"position\":2,\"name\":\"En Per\u00fa hacen colas de hasta 72 horas por ox\u00edgeno medicinal para pacientes COVID-19\"}]},{\"@type\":\"WebSite\",\"@id\":\"https:\\\/\\\/www.mpppst.gob.ve\\\/mpppstweb\\\/#website\",\"url\":\"https:\\\/\\\/www.mpppst.gob.ve\\\/mpppstweb\\\/\",\"name\":\"MPPPST\",\"description\":\"Sitio web oficial del Ministerio del Poder Popular para el Proceso Social de Trabajo\",\"publisher\":{\"@id\":\"https:\\\/\\\/www.mpppst.gob.ve\\\/mpppstweb\\\/#organization\"},\"alternateName\":\"Ministerio del Poder Popular para el Proceso Social de Trabajo\",\"potentialAction\":[{\"@type\":\"SearchAction\",\"target\":{\"@type\":\"EntryPoint\",\"urlTemplate\":\"https:\\\/\\\/www.mpppst.gob.ve\\\/mpppstweb\\\/?s={search_term_string}\"},\"query-input\":{\"@type\":\"PropertyValueSpecification\",\"valueRequired\":true,\"valueName\":\"search_term_string\"}}],\"inLanguage\":\"es\"},{\"@type\":\"Organization\",\"@id\":\"https:\\\/\\\/www.mpppst.gob.ve\\\/mpppstweb\\\/#organization\",\"name\":\"Ministerio del Poder Popular para el Proceso Social de Trabajo\",\"alternateName\":\"MPPPST\",\"url\":\"https:\\\/\\\/www.mpppst.gob.ve\\\/mpppstweb\\\/\",\"logo\":{\"@type\":\"ImageObject\",\"inLanguage\":\"es\",\"@id\":\"https:\\\/\\\/www.mpppst.gob.ve\\\/mpppstweb\\\/#\\\/schema\\\/logo\\\/image\\\/\",\"url\":\"https:\\\/\\\/www.mpppst.gob.ve\\\/mpppstweb\\\/wp-content\\\/uploads\\\/2025\\\/07\\\/cropped-cropped-g910.png\",\"contentUrl\":\"https:\\\/\\\/www.mpppst.gob.ve\\\/mpppstweb\\\/wp-content\\\/uploads\\\/2025\\\/07\\\/cropped-cropped-g910.png\",\"width\":1080,\"height\":241,\"caption\":\"Ministerio del Poder Popular para el Proceso Social de Trabajo\"},\"image\":{\"@id\":\"https:\\\/\\\/www.mpppst.gob.ve\\\/mpppstweb\\\/#\\\/schema\\\/logo\\\/image\\\/\"},\"sameAs\":[\"https:\\\/\\\/www.facebook.com\\\/mintrabajo_ve\",\"https:\\\/\\\/www.instagram.com\\\/mintrabajo_ve\\\/\",\"https:\\\/\\\/www.tiktok.com\\\/@mintrabajo_ve\",\"https:\\\/\\\/t.me\\\/mpppst\"]},{\"@type\":\"Person\",\"@id\":\"https:\\\/\\\/www.mpppst.gob.ve\\\/mpppstweb\\\/#\\\/schema\\\/person\\\/fc187ee8ead412bd4c9304b62f900ea4\",\"name\":\"MPPPST Prensa\",\"url\":\"https:\\\/\\\/www.mpppst.gob.ve\\\/mpppstweb\\\/index.php\\\/author\\\/prensa-mpppst\\\/\"}]}<\/script>\n<!-- \/ Yoast SEO plugin. -->","yoast_head_json":{"title":"En Per\u00fa hacen colas de hasta 72 horas por ox\u00edgeno medicinal para pacientes COVID-19 - MPPPST","robots":{"index":"index","follow":"follow","max-snippet":"max-snippet:-1","max-image-preview":"max-image-preview:large","max-video-preview":"max-video-preview:-1"},"canonical":"https:\/\/www.mpppst.gob.ve\/mpppstweb\/index.php\/2021\/01\/30\/en-peru-hacen-colas-de-hasta-72-horas-por-oxigeno-medicinal-para-pacientes-covid-19\/","og_locale":"es_ES","og_type":"article","og_title":"En Per\u00fa hacen colas de hasta 72 horas por ox\u00edgeno medicinal para pacientes COVID-19 - MPPPST","og_description":"Cientos de peruanos hacen cada d\u00eda filas de hasta 72 horas y duermen en la calle &hellip; En Per\u00fa hacen colas de hasta 72 horas por ox\u00edgeno medicinal para pacientes COVID-19Leer m\u00e1s","og_url":"https:\/\/www.mpppst.gob.ve\/mpppstweb\/index.php\/2021\/01\/30\/en-peru-hacen-colas-de-hasta-72-horas-por-oxigeno-medicinal-para-pacientes-covid-19\/","og_site_name":"MPPPST","article_publisher":"https:\/\/www.facebook.com\/mintrabajo_ve","article_published_time":"2021-01-30T14:19:31+00:00","article_modified_time":"2021-01-30T14:19:32+00:00","og_image":[{"width":768,"height":427,"url":"https:\/\/www.mpppst.gob.ve\/mpppstweb\/wp-content\/uploads\/2021\/01\/000_8ZT7VX-768x427-1.jpg","type":"image\/jpeg"}],"author":"MPPPST Prensa","twitter_card":"summary_large_image","schema":{"@context":"https:\/\/schema.org","@graph":[{"@type":"Article","@id":"https:\/\/www.mpppst.gob.ve\/mpppstweb\/index.php\/2021\/01\/30\/en-peru-hacen-colas-de-hasta-72-horas-por-oxigeno-medicinal-para-pacientes-covid-19\/#article","isPartOf":{"@id":"https:\/\/www.mpppst.gob.ve\/mpppstweb\/index.php\/2021\/01\/30\/en-peru-hacen-colas-de-hasta-72-horas-por-oxigeno-medicinal-para-pacientes-covid-19\/"},"author":{"name":"MPPPST Prensa","@id":"https:\/\/www.mpppst.gob.ve\/mpppstweb\/#\/schema\/person\/fc187ee8ead412bd4c9304b62f900ea4"},"headline":"En Per\u00fa hacen colas de hasta 72 horas por ox\u00edgeno medicinal para pacientes COVID-19","datePublished":"2021-01-30T14:19:31+00:00","dateModified":"2021-01-30T14:19:32+00:00","mainEntityOfPage":{"@id":"https:\/\/www.mpppst.gob.ve\/mpppstweb\/index.php\/2021\/01\/30\/en-peru-hacen-colas-de-hasta-72-horas-por-oxigeno-medicinal-para-pacientes-covid-19\/"},"wordCount":592,"publisher":{"@id":"https:\/\/www.mpppst.gob.ve\/mpppstweb\/#organization"},"image":{"@id":"https:\/\/www.mpppst.gob.ve\/mpppstweb\/index.php\/2021\/01\/30\/en-peru-hacen-colas-de-hasta-72-horas-por-oxigeno-medicinal-para-pacientes-covid-19\/#primaryimage"},"thumbnailUrl":"https:\/\/www.mpppst.gob.ve\/mpppstweb\/wp-content\/uploads\/2021\/01\/000_8ZT7VX-768x427-1.jpg","articleSection":["Internacionales","Noticias"],"inLanguage":"es"},{"@type":"WebPage","@id":"https:\/\/www.mpppst.gob.ve\/mpppstweb\/index.php\/2021\/01\/30\/en-peru-hacen-colas-de-hasta-72-horas-por-oxigeno-medicinal-para-pacientes-covid-19\/","url":"https:\/\/www.mpppst.gob.ve\/mpppstweb\/index.php\/2021\/01\/30\/en-peru-hacen-colas-de-hasta-72-horas-por-oxigeno-medicinal-para-pacientes-covid-19\/","name":"En Per\u00fa hacen colas de hasta 72 horas por ox\u00edgeno medicinal para pacientes COVID-19 - MPPPST","isPartOf":{"@id":"https:\/\/www.mpppst.gob.ve\/mpppstweb\/#website"},"primaryImageOfPage":{"@id":"https:\/\/www.mpppst.gob.ve\/mpppstweb\/index.php\/2021\/01\/30\/en-peru-hacen-colas-de-hasta-72-horas-por-oxigeno-medicinal-para-pacientes-covid-19\/#primaryimage"},"image":{"@id":"https:\/\/www.mpppst.gob.ve\/mpppstweb\/index.php\/2021\/01\/30\/en-peru-hacen-colas-de-hasta-72-horas-por-oxigeno-medicinal-para-pacientes-covid-19\/#primaryimage"},"thumbnailUrl":"https:\/\/www.mpppst.gob.ve\/mpppstweb\/wp-content\/uploads\/2021\/01\/000_8ZT7VX-768x427-1.jpg","datePublished":"2021-01-30T14:19:31+00:00","dateModified":"2021-01-30T14:19:32+00:00","breadcrumb":{"@id":"https:\/\/www.mpppst.gob.ve\/mpppstweb\/index.php\/2021\/01\/30\/en-peru-hacen-colas-de-hasta-72-horas-por-oxigeno-medicinal-para-pacientes-covid-19\/#breadcrumb"},"inLanguage":"es","potentialAction":[{"@type":"ReadAction","target":["https:\/\/www.mpppst.gob.ve\/mpppstweb\/index.php\/2021\/01\/30\/en-peru-hacen-colas-de-hasta-72-horas-por-oxigeno-medicinal-para-pacientes-covid-19\/"]}]},{"@type":"ImageObject","inLanguage":"es","@id":"https:\/\/www.mpppst.gob.ve\/mpppstweb\/index.php\/2021\/01\/30\/en-peru-hacen-colas-de-hasta-72-horas-por-oxigeno-medicinal-para-pacientes-covid-19\/#primaryimage","url":"https:\/\/www.mpppst.gob.ve\/mpppstweb\/wp-content\/uploads\/2021\/01\/000_8ZT7VX-768x427-1.jpg","contentUrl":"https:\/\/www.mpppst.gob.ve\/mpppstweb\/wp-content\/uploads\/2021\/01\/000_8ZT7VX-768x427-1.jpg","width":768,"height":427,"caption":"People queue to refill their empty oxygen cylinders in Callao, Peru, on January 29, 2021 amid the COVID-19 coronavirus pandemic. - Relatives of people with COVID-19 are desperate for oxygen to keep their loves ones alive in Peru, where patients have been dying for lack of oxygen. (Photo by ERNESTO BENAVIDES \/ AFP)"},{"@type":"BreadcrumbList","@id":"https:\/\/www.mpppst.gob.ve\/mpppstweb\/index.php\/2021\/01\/30\/en-peru-hacen-colas-de-hasta-72-horas-por-oxigeno-medicinal-para-pacientes-covid-19\/#breadcrumb","itemListElement":[{"@type":"ListItem","position":1,"name":"Home","item":"https:\/\/www.mpppst.gob.ve\/mpppstweb\/"},{"@type":"ListItem","position":2,"name":"En Per\u00fa hacen colas de hasta 72 horas por ox\u00edgeno medicinal para pacientes COVID-19"}]},{"@type":"WebSite","@id":"https:\/\/www.mpppst.gob.ve\/mpppstweb\/#website","url":"https:\/\/www.mpppst.gob.ve\/mpppstweb\/","name":"MPPPST","description":"Sitio web oficial del Ministerio del Poder Popular para el Proceso Social de Trabajo","publisher":{"@id":"https:\/\/www.mpppst.gob.ve\/mpppstweb\/#organization"},"alternateName":"Ministerio del Poder Popular para el Proceso Social de Trabajo","potentialAction":[{"@type":"SearchAction","target":{"@type":"EntryPoint","urlTemplate":"https:\/\/www.mpppst.gob.ve\/mpppstweb\/?s={search_term_string}"},"query-input":{"@type":"PropertyValueSpecification","valueRequired":true,"valueName":"search_term_string"}}],"inLanguage":"es"},{"@type":"Organization","@id":"https:\/\/www.mpppst.gob.ve\/mpppstweb\/#organization","name":"Ministerio del Poder Popular para el Proceso Social de Trabajo","alternateName":"MPPPST","url":"https:\/\/www.mpppst.gob.ve\/mpppstweb\/","logo":{"@type":"ImageObject","inLanguage":"es","@id":"https:\/\/www.mpppst.gob.ve\/mpppstweb\/#\/schema\/logo\/image\/","url":"https:\/\/www.mpppst.gob.ve\/mpppstweb\/wp-content\/uploads\/2025\/07\/cropped-cropped-g910.png","contentUrl":"https:\/\/www.mpppst.gob.ve\/mpppstweb\/wp-content\/uploads\/2025\/07\/cropped-cropped-g910.png","width":1080,"height":241,"caption":"Ministerio del Poder Popular para el Proceso Social de Trabajo"},"image":{"@id":"https:\/\/www.mpppst.gob.ve\/mpppstweb\/#\/schema\/logo\/image\/"},"sameAs":["https:\/\/www.facebook.com\/mintrabajo_ve","https:\/\/www.instagram.com\/mintrabajo_ve\/","https:\/\/www.tiktok.com\/@mintrabajo_ve","https:\/\/t.me\/mpppst"]},{"@type":"Person","@id":"https:\/\/www.mpppst.gob.ve\/mpppstweb\/#\/schema\/person\/fc187ee8ead412bd4c9304b62f900ea4","name":"MPPPST Prensa","url":"https:\/\/www.mpppst.gob.ve\/mpppstweb\/index.php\/author\/prensa-mpppst\/"}]}},"_links":{"self":[{"href":"https:\/\/www.mpppst.gob.ve\/mpppstweb\/index.php\/wp-json\/wp\/v2\/posts\/21323","targetHints":{"allow":["GET"]}}],"collection":[{"href":"https:\/\/www.mpppst.gob.ve\/mpppstweb\/index.php\/wp-json\/wp\/v2\/posts"}],"about":[{"href":"https:\/\/www.mpppst.gob.ve\/mpppstweb\/index.php\/wp-json\/wp\/v2\/types\/post"}],"author":[{"embeddable":true,"href":"https:\/\/www.mpppst.gob.ve\/mpppstweb\/index.php\/wp-json\/wp\/v2\/users\/25"}],"replies":[{"embeddable":true,"href":"https:\/\/www.mpppst.gob.ve\/mpppstweb\/index.php\/wp-json\/wp\/v2\/comments?post=21323"}],"version-history":[{"count":1,"href":"https:\/\/www.mpppst.gob.ve\/mpppstweb\/index.php\/wp-json\/wp\/v2\/posts\/21323\/revisions"}],"predecessor-version":[{"id":21325,"href":"https:\/\/www.mpppst.gob.ve\/mpppstweb\/index.php\/wp-json\/wp\/v2\/posts\/21323\/revisions\/21325"}],"wp:featuredmedia":[{"embeddable":true,"href":"https:\/\/www.mpppst.gob.ve\/mpppstweb\/index.php\/wp-json\/wp\/v2\/media\/21324"}],"wp:attachment":[{"href":"https:\/\/www.mpppst.gob.ve\/mpppstweb\/index.php\/wp-json\/wp\/v2\/media?parent=21323"}],"wp:term":[{"taxonomy":"category","embeddable":true,"href":"https:\/\/www.mpppst.gob.ve\/mpppstweb\/index.php\/wp-json\/wp\/v2\/categories?post=21323"},{"taxonomy":"post_tag","embeddable":true,"href":"https:\/\/www.mpppst.gob.ve\/mpppstweb\/index.php\/wp-json\/wp\/v2\/tags?post=21323"}],"curies":[{"name":"wp","href":"https:\/\/api.w.org\/{rel}","templated":true}]}}