{"id":21530,"date":"2021-02-18T10:33:05","date_gmt":"2021-02-18T14:33:05","guid":{"rendered":"http:\/\/www.mpppst.gob.ve\/mpppstweb\/?p=21530"},"modified":"2021-02-18T11:21:44","modified_gmt":"2021-02-18T15:21:44","slug":"movimiento-obrero-debate-agenda-politica-y-social-para-encuentro-nacional-de-los-trabajadores-y-trabajadoras-del-21-de-febrero","status":"publish","type":"post","link":"https:\/\/www.mpppst.gob.ve\/mpppstweb\/index.php\/2021\/02\/18\/movimiento-obrero-debate-agenda-politica-y-social-para-encuentro-nacional-de-los-trabajadores-y-trabajadoras-del-21-de-febrero\/","title":{"rendered":"Movimiento Obrero debate agenda pol\u00edtica y social para Encuentro Nacional de los Trabajadores y Trabajadoras del 21 de febrero"},"content":{"rendered":"\n<p>Como parte del Congreso Bicentenario de los Pueblos, se llev\u00f3 a cabo un primer encuentro virtual con los equipos promotores de los Trabajadores y Trabajadoras de la Regi\u00f3n Central que incluye a los estados Carabobo, Yaracuy y Aragua.<\/p>\n\n\n\n<p>El encuentro tuvo lugar en las instalaciones de la sala situacional del Partido Socialista Unido de Venezuela (PSUV), ubicada en el Parque Negra Hip\u00f3lita del municipio Valencia, estado Carabobo y estuvo dirigido por el Vicepresidente de la Clase Obrera de la tolda roja y diputado a la Asamblea Nacional, Francisco Torrealba.<\/p>\n\n\n\n<p>Los responsables estadales detallaron sus avances organizativos y se comprometieron a definir a trav\u00e9s del debate y el di\u00e1logo los grandes temas de la lucha del Movimiento Obrero que formar\u00e1n parte de la agenda pol\u00edtica y social del Encuentro Nacional de los Trabajadores y Trabajadoras que se realizar\u00e1 el pr\u00f3ximo 21 de febrero del presente a\u00f1o, destaca una nota de prensa.<\/p>\n\n\n\n<p>Por su parte, los responsables estatales detallaron&nbsp; que&nbsp;Carabobo, tiene el 100% de sus equipos promotores conformados\u201d, Yaracuy trabaja para conformar el equipo promotor faltante, en uno solo de los municipios de la entidad, mientras que Aragua pr\u00f3ximamente estar\u00e1 remitiendo toda su estructura, la cual viene avanzando.<\/p>\n\n\n\n<p>Los Encuentros Regionales de los Equipos Promotores de los Trabajadores y Trabajadoras se llevar\u00e1n a cabo hasta el viernes 19 de febrero de este a\u00f1o, a trav\u00e9s de las plataformas virtuales para cumplir con las respectivas medidas de bioseguridad\u00a0 y evitar contagios de la COVID-19.<\/p>\n\n\n\n<p>Prensa Web VTV<\/p>\n","protected":false},"excerpt":{"rendered":"<p>Como parte del Congreso Bicentenario de los Pueblos, se llev\u00f3 a cabo un primer encuentro virtual &hellip; <a title=\"Movimiento Obrero debate agenda pol\u00edtica y social para Encuentro Nacional de los Trabajadores y Trabajadoras del 21 de febrero\" class=\"hm-read-more\" href=\"https:\/\/www.mpppst.gob.ve\/mpppstweb\/index.php\/2021\/02\/18\/movimiento-obrero-debate-agenda-politica-y-social-para-encuentro-nacional-de-los-trabajadores-y-trabajadoras-del-21-de-febrero\/\"><span class=\"screen-reader-text\">Movimiento Obrero debate agenda pol\u00edtica y social para Encuentro Nacional de los Trabajadores y Trabajadoras del 21 de febrero<\/span>Read more<\/a><\/p>\n","protected":false},"author":25,"featured_media":21531,"comment_status":"closed","ping_status":"closed","sticky":false,"template":"","format":"standard","meta":{"footnotes":""},"categories":[82,360,163],"tags":[],"yoast_head":"<!-- This site is optimized with the Yoast SEO plugin v22.5 - https:\/\/yoast.com\/wordpress\/plugins\/seo\/ -->\n<title>Movimiento Obrero debate agenda pol\u00edtica y social para Encuentro Nacional de los Trabajadores y Trabajadoras del 21 de febrero - MPPPST<\/title>\n<meta name=\"robots\" content=\"index, follow, max-snippet:-1, max-image-preview:large, max-video-preview:-1\" \/>\n<link rel=\"canonical\" href=\"https:\/\/www.mpppst.gob.ve\/mpppstweb\/index.php\/2021\/02\/18\/movimiento-obrero-debate-agenda-politica-y-social-para-encuentro-nacional-de-los-trabajadores-y-trabajadoras-del-21-de-febrero\/\" \/>\n<meta property=\"og:locale\" content=\"es_ES\" \/>\n<meta property=\"og:type\" content=\"article\" \/>\n<meta property=\"og:title\" content=\"Movimiento Obrero debate agenda pol\u00edtica y social para Encuentro Nacional de los Trabajadores y Trabajadoras del 21 de febrero - MPPPST\" \/>\n<meta property=\"og:description\" content=\"Como parte del Congreso Bicentenario de los Pueblos, se llev\u00f3 a cabo un primer encuentro virtual &hellip; Movimiento Obrero debate agenda pol\u00edtica y social para Encuentro Nacional de los Trabajadores y Trabajadoras del 21 de febreroRead more\" \/>\n<meta property=\"og:url\" content=\"https:\/\/www.mpppst.gob.ve\/mpppstweb\/index.php\/2021\/02\/18\/movimiento-obrero-debate-agenda-politica-y-social-para-encuentro-nacional-de-los-trabajadores-y-trabajadoras-del-21-de-febrero\/\" \/>\n<meta property=\"og:site_name\" content=\"MPPPST\" \/>\n<meta property=\"article:published_time\" content=\"2021-02-18T14:33:05+00:00\" \/>\n<meta property=\"article:modified_time\" content=\"2021-02-18T15:21:44+00:00\" \/>\n<meta property=\"og:image\" content=\"https:\/\/www.mpppst.gob.ve\/mpppstweb\/wp-content\/uploads\/2021\/02\/IMG_20210217_221759_954.jpg\" \/>\n\t<meta property=\"og:image:width\" content=\"1080\" \/>\n\t<meta property=\"og:image:height\" content=\"606\" \/>\n\t<meta property=\"og:image:type\" content=\"image\/jpeg\" \/>\n<meta name=\"author\" content=\"MPPPST Prensa\" \/>\n<meta name=\"twitter:card\" content=\"summary_large_image\" \/>\n<meta name=\"twitter:label1\" content=\"Escrito por\" \/>\n\t<meta name=\"twitter:data1\" content=\"MPPPST Prensa\" \/>\n\t<meta name=\"twitter:label2\" content=\"Tiempo de lectura\" \/>\n\t<meta name=\"twitter:data2\" content=\"1 minuto\" \/>\n<script type=\"application\/ld+json\" class=\"yoast-schema-graph\">{\"@context\":\"https:\/\/schema.org\",\"@graph\":[{\"@type\":\"Article\",\"@id\":\"https:\/\/www.mpppst.gob.ve\/mpppstweb\/index.php\/2021\/02\/18\/movimiento-obrero-debate-agenda-politica-y-social-para-encuentro-nacional-de-los-trabajadores-y-trabajadoras-del-21-de-febrero\/#article\",\"isPartOf\":{\"@id\":\"https:\/\/www.mpppst.gob.ve\/mpppstweb\/index.php\/2021\/02\/18\/movimiento-obrero-debate-agenda-politica-y-social-para-encuentro-nacional-de-los-trabajadores-y-trabajadoras-del-21-de-febrero\/\"},\"author\":{\"name\":\"MPPPST Prensa\",\"@id\":\"https:\/\/www.mpppst.gob.ve\/mpppstweb\/#\/schema\/person\/fc187ee8ead412bd4c9304b62f900ea4\"},\"headline\":\"Movimiento Obrero debate agenda pol\u00edtica y social para Encuentro Nacional de los Trabajadores y Trabajadoras del 21 de febrero\",\"datePublished\":\"2021-02-18T14:33:05+00:00\",\"dateModified\":\"2021-02-18T15:21:44+00:00\",\"mainEntityOfPage\":{\"@id\":\"https:\/\/www.mpppst.gob.ve\/mpppstweb\/index.php\/2021\/02\/18\/movimiento-obrero-debate-agenda-politica-y-social-para-encuentro-nacional-de-los-trabajadores-y-trabajadoras-del-21-de-febrero\/\"},\"wordCount\":275,\"publisher\":{\"@id\":\"https:\/\/www.mpppst.gob.ve\/mpppstweb\/#organization\"},\"image\":{\"@id\":\"https:\/\/www.mpppst.gob.ve\/mpppstweb\/index.php\/2021\/02\/18\/movimiento-obrero-debate-agenda-politica-y-social-para-encuentro-nacional-de-los-trabajadores-y-trabajadoras-del-21-de-febrero\/#primaryimage\"},\"thumbnailUrl\":\"https:\/\/www.mpppst.gob.ve\/mpppstweb\/wp-content\/uploads\/2021\/02\/IMG_20210217_221759_954.jpg\",\"articleSection\":[\"Gobierno Nacional\",\"Movimientos Sociales\",\"Noticias\"],\"inLanguage\":\"es\"},{\"@type\":\"WebPage\",\"@id\":\"https:\/\/www.mpppst.gob.ve\/mpppstweb\/index.php\/2021\/02\/18\/movimiento-obrero-debate-agenda-politica-y-social-para-encuentro-nacional-de-los-trabajadores-y-trabajadoras-del-21-de-febrero\/\",\"url\":\"https:\/\/www.mpppst.gob.ve\/mpppstweb\/index.php\/2021\/02\/18\/movimiento-obrero-debate-agenda-politica-y-social-para-encuentro-nacional-de-los-trabajadores-y-trabajadoras-del-21-de-febrero\/\",\"name\":\"Movimiento Obrero debate agenda pol\u00edtica y social para Encuentro Nacional de los Trabajadores y Trabajadoras del 21 de febrero - MPPPST\",\"isPartOf\":{\"@id\":\"https:\/\/www.mpppst.gob.ve\/mpppstweb\/#website\"},\"primaryImageOfPage\":{\"@id\":\"https:\/\/www.mpppst.gob.ve\/mpppstweb\/index.php\/2021\/02\/18\/movimiento-obrero-debate-agenda-politica-y-social-para-encuentro-nacional-de-los-trabajadores-y-trabajadoras-del-21-de-febrero\/#primaryimage\"},\"image\":{\"@id\":\"https:\/\/www.mpppst.gob.ve\/mpppstweb\/index.php\/2021\/02\/18\/movimiento-obrero-debate-agenda-politica-y-social-para-encuentro-nacional-de-los-trabajadores-y-trabajadoras-del-21-de-febrero\/#primaryimage\"},\"thumbnailUrl\":\"https:\/\/www.mpppst.gob.ve\/mpppstweb\/wp-content\/uploads\/2021\/02\/IMG_20210217_221759_954.jpg\",\"datePublished\":\"2021-02-18T14:33:05+00:00\",\"dateModified\":\"2021-02-18T15:21:44+00:00\",\"breadcrumb\":{\"@id\":\"https:\/\/www.mpppst.gob.ve\/mpppstweb\/index.php\/2021\/02\/18\/movimiento-obrero-debate-agenda-politica-y-social-para-encuentro-nacional-de-los-trabajadores-y-trabajadoras-del-21-de-febrero\/#breadcrumb\"},\"inLanguage\":\"es\",\"potentialAction\":[{\"@type\":\"ReadAction\",\"target\":[\"https:\/\/www.mpppst.gob.ve\/mpppstweb\/index.php\/2021\/02\/18\/movimiento-obrero-debate-agenda-politica-y-social-para-encuentro-nacional-de-los-trabajadores-y-trabajadoras-del-21-de-febrero\/\"]}]},{\"@type\":\"ImageObject\",\"inLanguage\":\"es\",\"@id\":\"https:\/\/www.mpppst.gob.ve\/mpppstweb\/index.php\/2021\/02\/18\/movimiento-obrero-debate-agenda-politica-y-social-para-encuentro-nacional-de-los-trabajadores-y-trabajadoras-del-21-de-febrero\/#primaryimage\",\"url\":\"https:\/\/www.mpppst.gob.ve\/mpppstweb\/wp-content\/uploads\/2021\/02\/IMG_20210217_221759_954.jpg\",\"contentUrl\":\"https:\/\/www.mpppst.gob.ve\/mpppstweb\/wp-content\/uploads\/2021\/02\/IMG_20210217_221759_954.jpg\",\"width\":1080,\"height\":606},{\"@type\":\"BreadcrumbList\",\"@id\":\"https:\/\/www.mpppst.gob.ve\/mpppstweb\/index.php\/2021\/02\/18\/movimiento-obrero-debate-agenda-politica-y-social-para-encuentro-nacional-de-los-trabajadores-y-trabajadoras-del-21-de-febrero\/#breadcrumb\",\"itemListElement\":[{\"@type\":\"ListItem\",\"position\":1,\"name\":\"Home\",\"item\":\"https:\/\/www.mpppst.gob.ve\/mpppstweb\/\"},{\"@type\":\"ListItem\",\"position\":2,\"name\":\"Movimiento Obrero debate agenda pol\u00edtica y social para Encuentro Nacional de los Trabajadores y Trabajadoras del 21 de febrero\"}]},{\"@type\":\"WebSite\",\"@id\":\"https:\/\/www.mpppst.gob.ve\/mpppstweb\/#website\",\"url\":\"https:\/\/www.mpppst.gob.ve\/mpppstweb\/\",\"name\":\"MPPPST\",\"description\":\"Ministerio del Poder Popular para el Proceso Social de Trabajo\",\"publisher\":{\"@id\":\"https:\/\/www.mpppst.gob.ve\/mpppstweb\/#organization\"},\"potentialAction\":[{\"@type\":\"SearchAction\",\"target\":{\"@type\":\"EntryPoint\",\"urlTemplate\":\"https:\/\/www.mpppst.gob.ve\/mpppstweb\/?s={search_term_string}\"},\"query-input\":\"required name=search_term_string\"}],\"inLanguage\":\"es\"},{\"@type\":\"Organization\",\"@id\":\"https:\/\/www.mpppst.gob.ve\/mpppstweb\/#organization\",\"name\":\"mpppst\",\"url\":\"https:\/\/www.mpppst.gob.ve\/mpppstweb\/\",\"logo\":{\"@type\":\"ImageObject\",\"inLanguage\":\"es\",\"@id\":\"https:\/\/www.mpppst.gob.ve\/mpppstweb\/#\/schema\/logo\/image\/\",\"url\":\"https:\/\/www.mpppst.gob.ve\/mpppstweb\/wp-content\/uploads\/2025\/07\/cropped-cropped-g910.png\",\"contentUrl\":\"https:\/\/www.mpppst.gob.ve\/mpppstweb\/wp-content\/uploads\/2025\/07\/cropped-cropped-g910.png\",\"width\":1080,\"height\":241,\"caption\":\"mpppst\"},\"image\":{\"@id\":\"https:\/\/www.mpppst.gob.ve\/mpppstweb\/#\/schema\/logo\/image\/\"}},{\"@type\":\"Person\",\"@id\":\"https:\/\/www.mpppst.gob.ve\/mpppstweb\/#\/schema\/person\/fc187ee8ead412bd4c9304b62f900ea4\",\"name\":\"MPPPST Prensa\",\"url\":\"https:\/\/www.mpppst.gob.ve\/mpppstweb\/index.php\/author\/prensa-mpppst\/\"}]}<\/script>\n<!-- \/ Yoast SEO plugin. -->","yoast_head_json":{"title":"Movimiento Obrero debate agenda pol\u00edtica y social para Encuentro Nacional de los Trabajadores y Trabajadoras del 21 de febrero - MPPPST","robots":{"index":"index","follow":"follow","max-snippet":"max-snippet:-1","max-image-preview":"max-image-preview:large","max-video-preview":"max-video-preview:-1"},"canonical":"https:\/\/www.mpppst.gob.ve\/mpppstweb\/index.php\/2021\/02\/18\/movimiento-obrero-debate-agenda-politica-y-social-para-encuentro-nacional-de-los-trabajadores-y-trabajadoras-del-21-de-febrero\/","og_locale":"es_ES","og_type":"article","og_title":"Movimiento Obrero debate agenda pol\u00edtica y social para Encuentro Nacional de los Trabajadores y Trabajadoras del 21 de febrero - MPPPST","og_description":"Como parte del Congreso Bicentenario de los Pueblos, se llev\u00f3 a cabo un primer encuentro virtual &hellip; Movimiento Obrero debate agenda pol\u00edtica y social para Encuentro Nacional de los Trabajadores y Trabajadoras del 21 de febreroRead more","og_url":"https:\/\/www.mpppst.gob.ve\/mpppstweb\/index.php\/2021\/02\/18\/movimiento-obrero-debate-agenda-politica-y-social-para-encuentro-nacional-de-los-trabajadores-y-trabajadoras-del-21-de-febrero\/","og_site_name":"MPPPST","article_published_time":"2021-02-18T14:33:05+00:00","article_modified_time":"2021-02-18T15:21:44+00:00","og_image":[{"width":1080,"height":606,"url":"https:\/\/www.mpppst.gob.ve\/mpppstweb\/wp-content\/uploads\/2021\/02\/IMG_20210217_221759_954.jpg","type":"image\/jpeg"}],"author":"MPPPST Prensa","twitter_card":"summary_large_image","twitter_misc":{"Escrito por":"MPPPST Prensa","Tiempo de lectura":"1 minuto"},"schema":{"@context":"https:\/\/schema.org","@graph":[{"@type":"Article","@id":"https:\/\/www.mpppst.gob.ve\/mpppstweb\/index.php\/2021\/02\/18\/movimiento-obrero-debate-agenda-politica-y-social-para-encuentro-nacional-de-los-trabajadores-y-trabajadoras-del-21-de-febrero\/#article","isPartOf":{"@id":"https:\/\/www.mpppst.gob.ve\/mpppstweb\/index.php\/2021\/02\/18\/movimiento-obrero-debate-agenda-politica-y-social-para-encuentro-nacional-de-los-trabajadores-y-trabajadoras-del-21-de-febrero\/"},"author":{"name":"MPPPST Prensa","@id":"https:\/\/www.mpppst.gob.ve\/mpppstweb\/#\/schema\/person\/fc187ee8ead412bd4c9304b62f900ea4"},"headline":"Movimiento Obrero debate agenda pol\u00edtica y social para Encuentro Nacional de los Trabajadores y Trabajadoras del 21 de febrero","datePublished":"2021-02-18T14:33:05+00:00","dateModified":"2021-02-18T15:21:44+00:00","mainEntityOfPage":{"@id":"https:\/\/www.mpppst.gob.ve\/mpppstweb\/index.php\/2021\/02\/18\/movimiento-obrero-debate-agenda-politica-y-social-para-encuentro-nacional-de-los-trabajadores-y-trabajadoras-del-21-de-febrero\/"},"wordCount":275,"publisher":{"@id":"https:\/\/www.mpppst.gob.ve\/mpppstweb\/#organization"},"image":{"@id":"https:\/\/www.mpppst.gob.ve\/mpppstweb\/index.php\/2021\/02\/18\/movimiento-obrero-debate-agenda-politica-y-social-para-encuentro-nacional-de-los-trabajadores-y-trabajadoras-del-21-de-febrero\/#primaryimage"},"thumbnailUrl":"https:\/\/www.mpppst.gob.ve\/mpppstweb\/wp-content\/uploads\/2021\/02\/IMG_20210217_221759_954.jpg","articleSection":["Gobierno Nacional","Movimientos Sociales","Noticias"],"inLanguage":"es"},{"@type":"WebPage","@id":"https:\/\/www.mpppst.gob.ve\/mpppstweb\/index.php\/2021\/02\/18\/movimiento-obrero-debate-agenda-politica-y-social-para-encuentro-nacional-de-los-trabajadores-y-trabajadoras-del-21-de-febrero\/","url":"https:\/\/www.mpppst.gob.ve\/mpppstweb\/index.php\/2021\/02\/18\/movimiento-obrero-debate-agenda-politica-y-social-para-encuentro-nacional-de-los-trabajadores-y-trabajadoras-del-21-de-febrero\/","name":"Movimiento Obrero debate agenda pol\u00edtica y social para Encuentro Nacional de los Trabajadores y Trabajadoras del 21 de febrero - MPPPST","isPartOf":{"@id":"https:\/\/www.mpppst.gob.ve\/mpppstweb\/#website"},"primaryImageOfPage":{"@id":"https:\/\/www.mpppst.gob.ve\/mpppstweb\/index.php\/2021\/02\/18\/movimiento-obrero-debate-agenda-politica-y-social-para-encuentro-nacional-de-los-trabajadores-y-trabajadoras-del-21-de-febrero\/#primaryimage"},"image":{"@id":"https:\/\/www.mpppst.gob.ve\/mpppstweb\/index.php\/2021\/02\/18\/movimiento-obrero-debate-agenda-politica-y-social-para-encuentro-nacional-de-los-trabajadores-y-trabajadoras-del-21-de-febrero\/#primaryimage"},"thumbnailUrl":"https:\/\/www.mpppst.gob.ve\/mpppstweb\/wp-content\/uploads\/2021\/02\/IMG_20210217_221759_954.jpg","datePublished":"2021-02-18T14:33:05+00:00","dateModified":"2021-02-18T15:21:44+00:00","breadcrumb":{"@id":"https:\/\/www.mpppst.gob.ve\/mpppstweb\/index.php\/2021\/02\/18\/movimiento-obrero-debate-agenda-politica-y-social-para-encuentro-nacional-de-los-trabajadores-y-trabajadoras-del-21-de-febrero\/#breadcrumb"},"inLanguage":"es","potentialAction":[{"@type":"ReadAction","target":["https:\/\/www.mpppst.gob.ve\/mpppstweb\/index.php\/2021\/02\/18\/movimiento-obrero-debate-agenda-politica-y-social-para-encuentro-nacional-de-los-trabajadores-y-trabajadoras-del-21-de-febrero\/"]}]},{"@type":"ImageObject","inLanguage":"es","@id":"https:\/\/www.mpppst.gob.ve\/mpppstweb\/index.php\/2021\/02\/18\/movimiento-obrero-debate-agenda-politica-y-social-para-encuentro-nacional-de-los-trabajadores-y-trabajadoras-del-21-de-febrero\/#primaryimage","url":"https:\/\/www.mpppst.gob.ve\/mpppstweb\/wp-content\/uploads\/2021\/02\/IMG_20210217_221759_954.jpg","contentUrl":"https:\/\/www.mpppst.gob.ve\/mpppstweb\/wp-content\/uploads\/2021\/02\/IMG_20210217_221759_954.jpg","width":1080,"height":606},{"@type":"BreadcrumbList","@id":"https:\/\/www.mpppst.gob.ve\/mpppstweb\/index.php\/2021\/02\/18\/movimiento-obrero-debate-agenda-politica-y-social-para-encuentro-nacional-de-los-trabajadores-y-trabajadoras-del-21-de-febrero\/#breadcrumb","itemListElement":[{"@type":"ListItem","position":1,"name":"Home","item":"https:\/\/www.mpppst.gob.ve\/mpppstweb\/"},{"@type":"ListItem","position":2,"name":"Movimiento Obrero debate agenda pol\u00edtica y social para Encuentro Nacional de los Trabajadores y Trabajadoras del 21 de febrero"}]},{"@type":"WebSite","@id":"https:\/\/www.mpppst.gob.ve\/mpppstweb\/#website","url":"https:\/\/www.mpppst.gob.ve\/mpppstweb\/","name":"MPPPST","description":"Ministerio del Poder Popular para el Proceso Social de Trabajo","publisher":{"@id":"https:\/\/www.mpppst.gob.ve\/mpppstweb\/#organization"},"potentialAction":[{"@type":"SearchAction","target":{"@type":"EntryPoint","urlTemplate":"https:\/\/www.mpppst.gob.ve\/mpppstweb\/?s={search_term_string}"},"query-input":"required name=search_term_string"}],"inLanguage":"es"},{"@type":"Organization","@id":"https:\/\/www.mpppst.gob.ve\/mpppstweb\/#organization","name":"mpppst","url":"https:\/\/www.mpppst.gob.ve\/mpppstweb\/","logo":{"@type":"ImageObject","inLanguage":"es","@id":"https:\/\/www.mpppst.gob.ve\/mpppstweb\/#\/schema\/logo\/image\/","url":"https:\/\/www.mpppst.gob.ve\/mpppstweb\/wp-content\/uploads\/2025\/07\/cropped-cropped-g910.png","contentUrl":"https:\/\/www.mpppst.gob.ve\/mpppstweb\/wp-content\/uploads\/2025\/07\/cropped-cropped-g910.png","width":1080,"height":241,"caption":"mpppst"},"image":{"@id":"https:\/\/www.mpppst.gob.ve\/mpppstweb\/#\/schema\/logo\/image\/"}},{"@type":"Person","@id":"https:\/\/www.mpppst.gob.ve\/mpppstweb\/#\/schema\/person\/fc187ee8ead412bd4c9304b62f900ea4","name":"MPPPST Prensa","url":"https:\/\/www.mpppst.gob.ve\/mpppstweb\/index.php\/author\/prensa-mpppst\/"}]}},"_links":{"self":[{"href":"https:\/\/www.mpppst.gob.ve\/mpppstweb\/index.php\/wp-json\/wp\/v2\/posts\/21530"}],"collection":[{"href":"https:\/\/www.mpppst.gob.ve\/mpppstweb\/index.php\/wp-json\/wp\/v2\/posts"}],"about":[{"href":"https:\/\/www.mpppst.gob.ve\/mpppstweb\/index.php\/wp-json\/wp\/v2\/types\/post"}],"author":[{"embeddable":true,"href":"https:\/\/www.mpppst.gob.ve\/mpppstweb\/index.php\/wp-json\/wp\/v2\/users\/25"}],"replies":[{"embeddable":true,"href":"https:\/\/www.mpppst.gob.ve\/mpppstweb\/index.php\/wp-json\/wp\/v2\/comments?post=21530"}],"version-history":[{"count":2,"href":"https:\/\/www.mpppst.gob.ve\/mpppstweb\/index.php\/wp-json\/wp\/v2\/posts\/21530\/revisions"}],"predecessor-version":[{"id":21533,"href":"https:\/\/www.mpppst.gob.ve\/mpppstweb\/index.php\/wp-json\/wp\/v2\/posts\/21530\/revisions\/21533"}],"wp:featuredmedia":[{"embeddable":true,"href":"https:\/\/www.mpppst.gob.ve\/mpppstweb\/index.php\/wp-json\/wp\/v2\/media\/21531"}],"wp:attachment":[{"href":"https:\/\/www.mpppst.gob.ve\/mpppstweb\/index.php\/wp-json\/wp\/v2\/media?parent=21530"}],"wp:term":[{"taxonomy":"category","embeddable":true,"href":"https:\/\/www.mpppst.gob.ve\/mpppstweb\/index.php\/wp-json\/wp\/v2\/categories?post=21530"},{"taxonomy":"post_tag","embeddable":true,"href":"https:\/\/www.mpppst.gob.ve\/mpppstweb\/index.php\/wp-json\/wp\/v2\/tags?post=21530"}],"curies":[{"name":"wp","href":"https:\/\/api.w.org\/{rel}","templated":true}]}}