{"id":21541,"date":"2021-02-19T08:54:37","date_gmt":"2021-02-19T12:54:37","guid":{"rendered":"http:\/\/www.mpppst.gob.ve\/mpppstweb\/?p=21541"},"modified":"2021-02-19T08:54:37","modified_gmt":"2021-02-19T12:54:37","slug":"creada-superintendencia-nacional-de-lucha-contra-las-drogas","status":"publish","type":"post","link":"https:\/\/www.mpppst.gob.ve\/mpppstweb\/index.php\/2021\/02\/19\/creada-superintendencia-nacional-de-lucha-contra-las-drogas\/","title":{"rendered":"Creada Superintendencia Nacional de Lucha Contra las Drogas"},"content":{"rendered":"\n<p>El presidente de la Rep\u00fablica, Nicol\u00e1s Maduro Moros, firm\u00f3 el Decreto mediante el cual se crea la Superintendencia Nacional de Lucha Contra las Drogas.<\/p>\n\n\n\n<p>\u201cUna instituci\u00f3n del m\u00e1s alto nivel operativo, pol\u00edtico, de coordinaci\u00f3n institucional para la batalla contra el tr\u00e1fico de drogas que Colombia introduce en territorio venezolano\u201d, expres\u00f3.<\/p>\n\n\n\n<p>En esa l\u00ednea, design\u00f3 al M\/G Richard Jes\u00fas L\u00f3pez Vargas como Superintendente Nacional Antidrogas, dependiente jer\u00e1rquicamente del Ministerio del Poder Popular para las Relaciones Interiores, Justicia y Paz.<\/p>\n\n\n\n<p>Por otra parte, el Presidente present\u00f3 el anteproyecto de Reforma Parcial de la Ley Org\u00e1nica de Drogas, con el cual se persigue adaptar el instrumento jur\u00eddico a las nuevas formas de caracterizaci\u00f3n de los delitos vinculados a este flagelo.<\/p>\n\n\n\n<p>Entre otras cosas, el anteproyecto contempla un cap\u00edtulo destinado a la prevenci\u00f3n, una pol\u00edtica que ha resultado exitosa en el pa\u00eds, puesto que Venezuela es uno de los pa\u00edses que figura entre las naciones con m\u00e1s bajos niveles de consumo de drogas a escala mundial.<\/p>\n\n\n\n<p>\u201cCorresponder\u00e1 a ustedes avanzar en este proyecto de Ley y que la Asamblea Nacional siga consolid\u00e1ndose como una gran instituci\u00f3n de paz y justicia\u201d, manifest\u00f3 el presidente Maduro al hacer entrega del documento al diputado Pedro Carre\u00f1o.<\/p>\n\n\n\n<p><strong>Libre de producci\u00f3n de drogas&nbsp;&nbsp;&nbsp;&nbsp;&nbsp;&nbsp;<\/strong><\/p>\n\n\n\n<p>\u201cVenezuela ha sido declarada por la (Organizaci\u00f3n de las Naciones Unidas) ONU territorio libre de producci\u00f3n de coca, pasta de coca y cualquier tipo de drogas. No se produce en Venezuela \u2013ning\u00fan tipo de il\u00edcitos- a pesar de tener 2.219 kil\u00f3metros de frontera con Colombia\u201d.<\/p>\n\n\n\n<p>As\u00ed lo destac\u00f3 el presidente, Nicol\u00e1s Maduro, al ofrecer un balance de la lucha contra las drogas en Venezuela este martes en el Palacio de Miraflores, ubicado en la ciudad de Caracas.<\/p>\n\n\n\n<p>Prensa Presidencial <\/p>\n","protected":false},"excerpt":{"rendered":"<p>El presidente de la Rep\u00fablica, Nicol\u00e1s Maduro Moros, firm\u00f3 el Decreto mediante el cual se crea &hellip; <a title=\"Creada Superintendencia Nacional de Lucha Contra las Drogas\" class=\"hm-read-more\" href=\"https:\/\/www.mpppst.gob.ve\/mpppstweb\/index.php\/2021\/02\/19\/creada-superintendencia-nacional-de-lucha-contra-las-drogas\/\"><span class=\"screen-reader-text\">Creada Superintendencia Nacional de Lucha Contra las Drogas<\/span>Read more<\/a><\/p>\n","protected":false},"author":25,"featured_media":21542,"comment_status":"closed","ping_status":"closed","sticky":false,"template":"","format":"standard","meta":{"footnotes":""},"categories":[82,163],"tags":[],"yoast_head":"<!-- This site is optimized with the Yoast SEO plugin v22.5 - https:\/\/yoast.com\/wordpress\/plugins\/seo\/ -->\n<title>Creada Superintendencia Nacional de Lucha Contra las Drogas - MPPPST<\/title>\n<meta name=\"robots\" content=\"index, follow, max-snippet:-1, max-image-preview:large, max-video-preview:-1\" \/>\n<link rel=\"canonical\" href=\"https:\/\/www.mpppst.gob.ve\/mpppstweb\/index.php\/2021\/02\/19\/creada-superintendencia-nacional-de-lucha-contra-las-drogas\/\" \/>\n<meta property=\"og:locale\" content=\"es_ES\" \/>\n<meta property=\"og:type\" content=\"article\" \/>\n<meta property=\"og:title\" content=\"Creada Superintendencia Nacional de Lucha Contra las Drogas - MPPPST\" \/>\n<meta property=\"og:description\" content=\"El presidente de la Rep\u00fablica, Nicol\u00e1s Maduro Moros, firm\u00f3 el Decreto mediante el cual se crea &hellip; Creada Superintendencia Nacional de Lucha Contra las DrogasRead more\" \/>\n<meta property=\"og:url\" content=\"https:\/\/www.mpppst.gob.ve\/mpppstweb\/index.php\/2021\/02\/19\/creada-superintendencia-nacional-de-lucha-contra-las-drogas\/\" \/>\n<meta property=\"og:site_name\" content=\"MPPPST\" \/>\n<meta property=\"article:published_time\" content=\"2021-02-19T12:54:37+00:00\" \/>\n<meta property=\"og:image\" content=\"https:\/\/www.mpppst.gob.ve\/mpppstweb\/wp-content\/uploads\/2021\/02\/002_004_MG__8489_P_W.jpg\" \/>\n\t<meta property=\"og:image:width\" content=\"960\" \/>\n\t<meta property=\"og:image:height\" content=\"640\" \/>\n\t<meta property=\"og:image:type\" content=\"image\/jpeg\" \/>\n<meta name=\"author\" content=\"MPPPST Prensa\" \/>\n<meta name=\"twitter:card\" content=\"summary_large_image\" \/>\n<meta name=\"twitter:label1\" content=\"Escrito por\" \/>\n\t<meta name=\"twitter:data1\" content=\"MPPPST Prensa\" \/>\n\t<meta name=\"twitter:label2\" content=\"Tiempo de lectura\" \/>\n\t<meta name=\"twitter:data2\" content=\"2 minutos\" \/>\n<script type=\"application\/ld+json\" class=\"yoast-schema-graph\">{\"@context\":\"https:\/\/schema.org\",\"@graph\":[{\"@type\":\"Article\",\"@id\":\"https:\/\/www.mpppst.gob.ve\/mpppstweb\/index.php\/2021\/02\/19\/creada-superintendencia-nacional-de-lucha-contra-las-drogas\/#article\",\"isPartOf\":{\"@id\":\"https:\/\/www.mpppst.gob.ve\/mpppstweb\/index.php\/2021\/02\/19\/creada-superintendencia-nacional-de-lucha-contra-las-drogas\/\"},\"author\":{\"name\":\"MPPPST Prensa\",\"@id\":\"https:\/\/www.mpppst.gob.ve\/mpppstweb\/#\/schema\/person\/fc187ee8ead412bd4c9304b62f900ea4\"},\"headline\":\"Creada Superintendencia Nacional de Lucha Contra las Drogas\",\"datePublished\":\"2021-02-19T12:54:37+00:00\",\"dateModified\":\"2021-02-19T12:54:37+00:00\",\"mainEntityOfPage\":{\"@id\":\"https:\/\/www.mpppst.gob.ve\/mpppstweb\/index.php\/2021\/02\/19\/creada-superintendencia-nacional-de-lucha-contra-las-drogas\/\"},\"wordCount\":327,\"publisher\":{\"@id\":\"https:\/\/www.mpppst.gob.ve\/mpppstweb\/#organization\"},\"image\":{\"@id\":\"https:\/\/www.mpppst.gob.ve\/mpppstweb\/index.php\/2021\/02\/19\/creada-superintendencia-nacional-de-lucha-contra-las-drogas\/#primaryimage\"},\"thumbnailUrl\":\"https:\/\/www.mpppst.gob.ve\/mpppstweb\/wp-content\/uploads\/2021\/02\/002_004_MG__8489_P_W.jpg\",\"articleSection\":[\"Gobierno Nacional\",\"Noticias\"],\"inLanguage\":\"es\"},{\"@type\":\"WebPage\",\"@id\":\"https:\/\/www.mpppst.gob.ve\/mpppstweb\/index.php\/2021\/02\/19\/creada-superintendencia-nacional-de-lucha-contra-las-drogas\/\",\"url\":\"https:\/\/www.mpppst.gob.ve\/mpppstweb\/index.php\/2021\/02\/19\/creada-superintendencia-nacional-de-lucha-contra-las-drogas\/\",\"name\":\"Creada Superintendencia Nacional de Lucha Contra las Drogas - MPPPST\",\"isPartOf\":{\"@id\":\"https:\/\/www.mpppst.gob.ve\/mpppstweb\/#website\"},\"primaryImageOfPage\":{\"@id\":\"https:\/\/www.mpppst.gob.ve\/mpppstweb\/index.php\/2021\/02\/19\/creada-superintendencia-nacional-de-lucha-contra-las-drogas\/#primaryimage\"},\"image\":{\"@id\":\"https:\/\/www.mpppst.gob.ve\/mpppstweb\/index.php\/2021\/02\/19\/creada-superintendencia-nacional-de-lucha-contra-las-drogas\/#primaryimage\"},\"thumbnailUrl\":\"https:\/\/www.mpppst.gob.ve\/mpppstweb\/wp-content\/uploads\/2021\/02\/002_004_MG__8489_P_W.jpg\",\"datePublished\":\"2021-02-19T12:54:37+00:00\",\"dateModified\":\"2021-02-19T12:54:37+00:00\",\"breadcrumb\":{\"@id\":\"https:\/\/www.mpppst.gob.ve\/mpppstweb\/index.php\/2021\/02\/19\/creada-superintendencia-nacional-de-lucha-contra-las-drogas\/#breadcrumb\"},\"inLanguage\":\"es\",\"potentialAction\":[{\"@type\":\"ReadAction\",\"target\":[\"https:\/\/www.mpppst.gob.ve\/mpppstweb\/index.php\/2021\/02\/19\/creada-superintendencia-nacional-de-lucha-contra-las-drogas\/\"]}]},{\"@type\":\"ImageObject\",\"inLanguage\":\"es\",\"@id\":\"https:\/\/www.mpppst.gob.ve\/mpppstweb\/index.php\/2021\/02\/19\/creada-superintendencia-nacional-de-lucha-contra-las-drogas\/#primaryimage\",\"url\":\"https:\/\/www.mpppst.gob.ve\/mpppstweb\/wp-content\/uploads\/2021\/02\/002_004_MG__8489_P_W.jpg\",\"contentUrl\":\"https:\/\/www.mpppst.gob.ve\/mpppstweb\/wp-content\/uploads\/2021\/02\/002_004_MG__8489_P_W.jpg\",\"width\":960,\"height\":640},{\"@type\":\"BreadcrumbList\",\"@id\":\"https:\/\/www.mpppst.gob.ve\/mpppstweb\/index.php\/2021\/02\/19\/creada-superintendencia-nacional-de-lucha-contra-las-drogas\/#breadcrumb\",\"itemListElement\":[{\"@type\":\"ListItem\",\"position\":1,\"name\":\"Home\",\"item\":\"https:\/\/www.mpppst.gob.ve\/mpppstweb\/\"},{\"@type\":\"ListItem\",\"position\":2,\"name\":\"Creada Superintendencia Nacional de Lucha Contra las Drogas\"}]},{\"@type\":\"WebSite\",\"@id\":\"https:\/\/www.mpppst.gob.ve\/mpppstweb\/#website\",\"url\":\"https:\/\/www.mpppst.gob.ve\/mpppstweb\/\",\"name\":\"MPPPST\",\"description\":\"Ministerio del Poder Popular para el Proceso Social de Trabajo\",\"publisher\":{\"@id\":\"https:\/\/www.mpppst.gob.ve\/mpppstweb\/#organization\"},\"potentialAction\":[{\"@type\":\"SearchAction\",\"target\":{\"@type\":\"EntryPoint\",\"urlTemplate\":\"https:\/\/www.mpppst.gob.ve\/mpppstweb\/?s={search_term_string}\"},\"query-input\":\"required name=search_term_string\"}],\"inLanguage\":\"es\"},{\"@type\":\"Organization\",\"@id\":\"https:\/\/www.mpppst.gob.ve\/mpppstweb\/#organization\",\"name\":\"mpppst\",\"url\":\"https:\/\/www.mpppst.gob.ve\/mpppstweb\/\",\"logo\":{\"@type\":\"ImageObject\",\"inLanguage\":\"es\",\"@id\":\"https:\/\/www.mpppst.gob.ve\/mpppstweb\/#\/schema\/logo\/image\/\",\"url\":\"https:\/\/www.mpppst.gob.ve\/mpppstweb\/wp-content\/uploads\/2025\/07\/cropped-cropped-g910.png\",\"contentUrl\":\"https:\/\/www.mpppst.gob.ve\/mpppstweb\/wp-content\/uploads\/2025\/07\/cropped-cropped-g910.png\",\"width\":1080,\"height\":241,\"caption\":\"mpppst\"},\"image\":{\"@id\":\"https:\/\/www.mpppst.gob.ve\/mpppstweb\/#\/schema\/logo\/image\/\"}},{\"@type\":\"Person\",\"@id\":\"https:\/\/www.mpppst.gob.ve\/mpppstweb\/#\/schema\/person\/fc187ee8ead412bd4c9304b62f900ea4\",\"name\":\"MPPPST Prensa\",\"url\":\"https:\/\/www.mpppst.gob.ve\/mpppstweb\/index.php\/author\/prensa-mpppst\/\"}]}<\/script>\n<!-- \/ Yoast SEO plugin. -->","yoast_head_json":{"title":"Creada Superintendencia Nacional de Lucha Contra las Drogas - MPPPST","robots":{"index":"index","follow":"follow","max-snippet":"max-snippet:-1","max-image-preview":"max-image-preview:large","max-video-preview":"max-video-preview:-1"},"canonical":"https:\/\/www.mpppst.gob.ve\/mpppstweb\/index.php\/2021\/02\/19\/creada-superintendencia-nacional-de-lucha-contra-las-drogas\/","og_locale":"es_ES","og_type":"article","og_title":"Creada Superintendencia Nacional de Lucha Contra las Drogas - MPPPST","og_description":"El presidente de la Rep\u00fablica, Nicol\u00e1s Maduro Moros, firm\u00f3 el Decreto mediante el cual se crea &hellip; Creada Superintendencia Nacional de Lucha Contra las DrogasRead more","og_url":"https:\/\/www.mpppst.gob.ve\/mpppstweb\/index.php\/2021\/02\/19\/creada-superintendencia-nacional-de-lucha-contra-las-drogas\/","og_site_name":"MPPPST","article_published_time":"2021-02-19T12:54:37+00:00","og_image":[{"width":960,"height":640,"url":"https:\/\/www.mpppst.gob.ve\/mpppstweb\/wp-content\/uploads\/2021\/02\/002_004_MG__8489_P_W.jpg","type":"image\/jpeg"}],"author":"MPPPST Prensa","twitter_card":"summary_large_image","twitter_misc":{"Escrito por":"MPPPST Prensa","Tiempo de lectura":"2 minutos"},"schema":{"@context":"https:\/\/schema.org","@graph":[{"@type":"Article","@id":"https:\/\/www.mpppst.gob.ve\/mpppstweb\/index.php\/2021\/02\/19\/creada-superintendencia-nacional-de-lucha-contra-las-drogas\/#article","isPartOf":{"@id":"https:\/\/www.mpppst.gob.ve\/mpppstweb\/index.php\/2021\/02\/19\/creada-superintendencia-nacional-de-lucha-contra-las-drogas\/"},"author":{"name":"MPPPST Prensa","@id":"https:\/\/www.mpppst.gob.ve\/mpppstweb\/#\/schema\/person\/fc187ee8ead412bd4c9304b62f900ea4"},"headline":"Creada Superintendencia Nacional de Lucha Contra las Drogas","datePublished":"2021-02-19T12:54:37+00:00","dateModified":"2021-02-19T12:54:37+00:00","mainEntityOfPage":{"@id":"https:\/\/www.mpppst.gob.ve\/mpppstweb\/index.php\/2021\/02\/19\/creada-superintendencia-nacional-de-lucha-contra-las-drogas\/"},"wordCount":327,"publisher":{"@id":"https:\/\/www.mpppst.gob.ve\/mpppstweb\/#organization"},"image":{"@id":"https:\/\/www.mpppst.gob.ve\/mpppstweb\/index.php\/2021\/02\/19\/creada-superintendencia-nacional-de-lucha-contra-las-drogas\/#primaryimage"},"thumbnailUrl":"https:\/\/www.mpppst.gob.ve\/mpppstweb\/wp-content\/uploads\/2021\/02\/002_004_MG__8489_P_W.jpg","articleSection":["Gobierno Nacional","Noticias"],"inLanguage":"es"},{"@type":"WebPage","@id":"https:\/\/www.mpppst.gob.ve\/mpppstweb\/index.php\/2021\/02\/19\/creada-superintendencia-nacional-de-lucha-contra-las-drogas\/","url":"https:\/\/www.mpppst.gob.ve\/mpppstweb\/index.php\/2021\/02\/19\/creada-superintendencia-nacional-de-lucha-contra-las-drogas\/","name":"Creada Superintendencia Nacional de Lucha Contra las Drogas - MPPPST","isPartOf":{"@id":"https:\/\/www.mpppst.gob.ve\/mpppstweb\/#website"},"primaryImageOfPage":{"@id":"https:\/\/www.mpppst.gob.ve\/mpppstweb\/index.php\/2021\/02\/19\/creada-superintendencia-nacional-de-lucha-contra-las-drogas\/#primaryimage"},"image":{"@id":"https:\/\/www.mpppst.gob.ve\/mpppstweb\/index.php\/2021\/02\/19\/creada-superintendencia-nacional-de-lucha-contra-las-drogas\/#primaryimage"},"thumbnailUrl":"https:\/\/www.mpppst.gob.ve\/mpppstweb\/wp-content\/uploads\/2021\/02\/002_004_MG__8489_P_W.jpg","datePublished":"2021-02-19T12:54:37+00:00","dateModified":"2021-02-19T12:54:37+00:00","breadcrumb":{"@id":"https:\/\/www.mpppst.gob.ve\/mpppstweb\/index.php\/2021\/02\/19\/creada-superintendencia-nacional-de-lucha-contra-las-drogas\/#breadcrumb"},"inLanguage":"es","potentialAction":[{"@type":"ReadAction","target":["https:\/\/www.mpppst.gob.ve\/mpppstweb\/index.php\/2021\/02\/19\/creada-superintendencia-nacional-de-lucha-contra-las-drogas\/"]}]},{"@type":"ImageObject","inLanguage":"es","@id":"https:\/\/www.mpppst.gob.ve\/mpppstweb\/index.php\/2021\/02\/19\/creada-superintendencia-nacional-de-lucha-contra-las-drogas\/#primaryimage","url":"https:\/\/www.mpppst.gob.ve\/mpppstweb\/wp-content\/uploads\/2021\/02\/002_004_MG__8489_P_W.jpg","contentUrl":"https:\/\/www.mpppst.gob.ve\/mpppstweb\/wp-content\/uploads\/2021\/02\/002_004_MG__8489_P_W.jpg","width":960,"height":640},{"@type":"BreadcrumbList","@id":"https:\/\/www.mpppst.gob.ve\/mpppstweb\/index.php\/2021\/02\/19\/creada-superintendencia-nacional-de-lucha-contra-las-drogas\/#breadcrumb","itemListElement":[{"@type":"ListItem","position":1,"name":"Home","item":"https:\/\/www.mpppst.gob.ve\/mpppstweb\/"},{"@type":"ListItem","position":2,"name":"Creada Superintendencia Nacional de Lucha Contra las Drogas"}]},{"@type":"WebSite","@id":"https:\/\/www.mpppst.gob.ve\/mpppstweb\/#website","url":"https:\/\/www.mpppst.gob.ve\/mpppstweb\/","name":"MPPPST","description":"Ministerio del Poder Popular para el Proceso Social de Trabajo","publisher":{"@id":"https:\/\/www.mpppst.gob.ve\/mpppstweb\/#organization"},"potentialAction":[{"@type":"SearchAction","target":{"@type":"EntryPoint","urlTemplate":"https:\/\/www.mpppst.gob.ve\/mpppstweb\/?s={search_term_string}"},"query-input":"required name=search_term_string"}],"inLanguage":"es"},{"@type":"Organization","@id":"https:\/\/www.mpppst.gob.ve\/mpppstweb\/#organization","name":"mpppst","url":"https:\/\/www.mpppst.gob.ve\/mpppstweb\/","logo":{"@type":"ImageObject","inLanguage":"es","@id":"https:\/\/www.mpppst.gob.ve\/mpppstweb\/#\/schema\/logo\/image\/","url":"https:\/\/www.mpppst.gob.ve\/mpppstweb\/wp-content\/uploads\/2025\/07\/cropped-cropped-g910.png","contentUrl":"https:\/\/www.mpppst.gob.ve\/mpppstweb\/wp-content\/uploads\/2025\/07\/cropped-cropped-g910.png","width":1080,"height":241,"caption":"mpppst"},"image":{"@id":"https:\/\/www.mpppst.gob.ve\/mpppstweb\/#\/schema\/logo\/image\/"}},{"@type":"Person","@id":"https:\/\/www.mpppst.gob.ve\/mpppstweb\/#\/schema\/person\/fc187ee8ead412bd4c9304b62f900ea4","name":"MPPPST Prensa","url":"https:\/\/www.mpppst.gob.ve\/mpppstweb\/index.php\/author\/prensa-mpppst\/"}]}},"_links":{"self":[{"href":"https:\/\/www.mpppst.gob.ve\/mpppstweb\/index.php\/wp-json\/wp\/v2\/posts\/21541"}],"collection":[{"href":"https:\/\/www.mpppst.gob.ve\/mpppstweb\/index.php\/wp-json\/wp\/v2\/posts"}],"about":[{"href":"https:\/\/www.mpppst.gob.ve\/mpppstweb\/index.php\/wp-json\/wp\/v2\/types\/post"}],"author":[{"embeddable":true,"href":"https:\/\/www.mpppst.gob.ve\/mpppstweb\/index.php\/wp-json\/wp\/v2\/users\/25"}],"replies":[{"embeddable":true,"href":"https:\/\/www.mpppst.gob.ve\/mpppstweb\/index.php\/wp-json\/wp\/v2\/comments?post=21541"}],"version-history":[{"count":1,"href":"https:\/\/www.mpppst.gob.ve\/mpppstweb\/index.php\/wp-json\/wp\/v2\/posts\/21541\/revisions"}],"predecessor-version":[{"id":21543,"href":"https:\/\/www.mpppst.gob.ve\/mpppstweb\/index.php\/wp-json\/wp\/v2\/posts\/21541\/revisions\/21543"}],"wp:featuredmedia":[{"embeddable":true,"href":"https:\/\/www.mpppst.gob.ve\/mpppstweb\/index.php\/wp-json\/wp\/v2\/media\/21542"}],"wp:attachment":[{"href":"https:\/\/www.mpppst.gob.ve\/mpppstweb\/index.php\/wp-json\/wp\/v2\/media?parent=21541"}],"wp:term":[{"taxonomy":"category","embeddable":true,"href":"https:\/\/www.mpppst.gob.ve\/mpppstweb\/index.php\/wp-json\/wp\/v2\/categories?post=21541"},{"taxonomy":"post_tag","embeddable":true,"href":"https:\/\/www.mpppst.gob.ve\/mpppstweb\/index.php\/wp-json\/wp\/v2\/tags?post=21541"}],"curies":[{"name":"wp","href":"https:\/\/api.w.org\/{rel}","templated":true}]}}