{"id":21544,"date":"2021-02-19T09:10:44","date_gmt":"2021-02-19T13:10:44","guid":{"rendered":"http:\/\/www.mpppst.gob.ve\/mpppstweb\/?p=21544"},"modified":"2021-02-19T09:10:44","modified_gmt":"2021-02-19T13:10:44","slug":"canciller-venezolano-resalta-importancia-del-acuerdo-de-ginebra","status":"publish","type":"post","link":"https:\/\/www.mpppst.gob.ve\/mpppstweb\/index.php\/2021\/02\/19\/canciller-venezolano-resalta-importancia-del-acuerdo-de-ginebra\/","title":{"rendered":"Canciller venezolano resalta importancia del Acuerdo de Ginebra"},"content":{"rendered":"\n<p><strong>El jefe de la diplomacia venezolana abog\u00f3 por la diplomacia y el di\u00e1logo para solucionar una controversia entre pa\u00edses.\u00a0<\/strong><\/p>\n\n\n\n<p>El canciller venezolano, Jorge Arreaza, destac\u00f3 este jueves en el Encuentro Diplomacia por la Paz la importancia del Acuerdo de Ginebra para promover el di\u00e1logo en la soluci\u00f3n del conflicto entre Venezuela\u00a0y Guyana por la disputa del territorio de la Guayana Esequiba.\u00a0<\/p>\n\n\n\n<p>\u00abSe impone&nbsp;la diplomacia, el di\u00e1logo. Se impone que dos vecinos ante una controversia puedan encontrar una soluci\u00f3n satisfactoria para ambos\u00bb, asever\u00f3&nbsp;el ministro en el mencionado&nbsp;encuentro,&nbsp;donde&nbsp;tambi\u00e9n participa la vicepresidenta Ejecutiva, Delcy Rodr\u00edguez, y expertos en la materia diplom\u00e1tica.&nbsp;<\/p>\n\n\n\n<p>El jefe de la diplomacia venezolana\u00a0record\u00f3 que el 17 de febrero de 1966 surgi\u00f3 el acuerdo de Ginebra, un\u00a0instrumento internacional que establece el di\u00e1logo, el poder dirimir las situaciones de conflictos entre los pa\u00edses firmantes.<\/p>\n\n\n\n<figure><iframe allowfullscreen=\"true\" class=\"\" src=\"https:\/\/platform.twitter.com\/embed\/Tweet.html?dnt=false&amp;embedId=twitter-widget-0&amp;frame=false&amp;hideCard=false&amp;hideThread=false&amp;id=1362031560216698880&amp;lang=es&amp;origin=https%3A%2F%2Fwww.telesurtv.net%2Fnews%2Fcanciller-venezolano-resalta-importancia-acuerdo-ginebra-20210218-0029.html&amp;siteScreenName=teleSURtv&amp;theme=light&amp;widgetsVersion=889aa01%3A1612811843556&amp;width=550px\"><\/iframe><\/figure>\n\n\n\n<p>\u00abGuyana lo es,&nbsp;Venezuela lo es,&nbsp;y de esta manera deber\u00e1 resolverse el territorio en disputa con Guyana de la Guayana Esequiba\u00bb, enfatiz\u00f3. &nbsp;\u00abEs el camino correcto. Son aspectos que hay que analizar, que hay que poner sobre la mesa\u00bb, agreg\u00f3.&nbsp;<\/p>\n\n\n\n<p>Arreaza reiter\u00f3 el llamado, en nombre del Gobierno venezolano, a resolver la&nbsp;controversia en el marco&nbsp;de la soberan\u00eda&nbsp;de los pueblos sin intromisi\u00f3n extranjera.&nbsp;&nbsp;\u00abLa puesta en pr\u00e1ctica del Acuerdo de Ginebra demuestra el esp\u00edritu de las partes\u00bb, reconoci\u00f3.&nbsp;<\/p>\n\n\n\n<p>\u00abLamentablemente Guyana, como tambi\u00e9n lo han denunciado los expositores, se ha resistido, ha obstaculizado ese camino al arreglo pol\u00edtico, m\u00e1s bien&nbsp; ha denunciado a Venezuela como agresora, sobre todo, despu\u00e9s de protocolo de Puerto Espa\u00f1a\u00bb, advirti\u00f3.&nbsp;<\/p>\n\n\n\n<p>Cabde destacar que la naci\u00f3n suramericana\u00a0reafirm\u00f3 el 6 de marzo de 2006\u00a0la adici\u00f3n de una estrella m\u00e1s a la bandera nacional para incorporar a la regi\u00f3n de Guayana Esequiba, seg\u00fan lo estableci\u00f3 el Decreto de Sim\u00f3n Bol\u00edvar del 20 de noviembre de 1817 acerca de las ocho provincias de la naciente Venezuela.\u00a0<\/p>\n\n\n\n<p>Prensa Telesur<\/p>\n","protected":false},"excerpt":{"rendered":"<p>El jefe de la diplomacia venezolana abog\u00f3 por la diplomacia y el di\u00e1logo para solucionar una &hellip; <a title=\"Canciller venezolano resalta importancia del Acuerdo de Ginebra\" class=\"hm-read-more\" href=\"https:\/\/www.mpppst.gob.ve\/mpppstweb\/index.php\/2021\/02\/19\/canciller-venezolano-resalta-importancia-del-acuerdo-de-ginebra\/\"><span class=\"screen-reader-text\">Canciller venezolano resalta importancia del Acuerdo de Ginebra<\/span>Read more<\/a><\/p>\n","protected":false},"author":25,"featured_media":21548,"comment_status":"closed","ping_status":"closed","sticky":false,"template":"","format":"standard","meta":{"footnotes":""},"categories":[82],"tags":[],"yoast_head":"<!-- This site is optimized with the Yoast SEO plugin v22.5 - https:\/\/yoast.com\/wordpress\/plugins\/seo\/ -->\n<title>Canciller venezolano resalta importancia del Acuerdo de Ginebra - MPPPST<\/title>\n<meta name=\"robots\" content=\"index, follow, max-snippet:-1, max-image-preview:large, max-video-preview:-1\" \/>\n<link rel=\"canonical\" href=\"https:\/\/www.mpppst.gob.ve\/mpppstweb\/index.php\/2021\/02\/19\/canciller-venezolano-resalta-importancia-del-acuerdo-de-ginebra\/\" \/>\n<meta property=\"og:locale\" content=\"es_ES\" \/>\n<meta property=\"og:type\" content=\"article\" \/>\n<meta property=\"og:title\" content=\"Canciller venezolano resalta importancia del Acuerdo de Ginebra - MPPPST\" \/>\n<meta property=\"og:description\" content=\"El jefe de la diplomacia venezolana abog\u00f3 por la diplomacia y el di\u00e1logo para solucionar una &hellip; Canciller venezolano resalta importancia del Acuerdo de GinebraRead more\" \/>\n<meta property=\"og:url\" content=\"https:\/\/www.mpppst.gob.ve\/mpppstweb\/index.php\/2021\/02\/19\/canciller-venezolano-resalta-importancia-del-acuerdo-de-ginebra\/\" \/>\n<meta property=\"og:site_name\" content=\"MPPPST\" \/>\n<meta property=\"article:published_time\" content=\"2021-02-19T13:10:44+00:00\" \/>\n<meta property=\"og:image\" content=\"https:\/\/www.mpppst.gob.ve\/mpppstweb\/wp-content\/uploads\/2021\/02\/EuhaTvpXMAE8IHA.jpg\" \/>\n\t<meta property=\"og:image:width\" content=\"800\" \/>\n\t<meta property=\"og:image:height\" content=\"445\" \/>\n\t<meta property=\"og:image:type\" content=\"image\/jpeg\" \/>\n<meta name=\"author\" content=\"MPPPST Prensa\" \/>\n<meta name=\"twitter:card\" content=\"summary_large_image\" \/>\n<meta name=\"twitter:label1\" content=\"Escrito por\" \/>\n\t<meta name=\"twitter:data1\" content=\"MPPPST Prensa\" \/>\n\t<meta name=\"twitter:label2\" content=\"Tiempo de lectura\" \/>\n\t<meta name=\"twitter:data2\" content=\"2 minutos\" \/>\n<script type=\"application\/ld+json\" class=\"yoast-schema-graph\">{\"@context\":\"https:\/\/schema.org\",\"@graph\":[{\"@type\":\"Article\",\"@id\":\"https:\/\/www.mpppst.gob.ve\/mpppstweb\/index.php\/2021\/02\/19\/canciller-venezolano-resalta-importancia-del-acuerdo-de-ginebra\/#article\",\"isPartOf\":{\"@id\":\"https:\/\/www.mpppst.gob.ve\/mpppstweb\/index.php\/2021\/02\/19\/canciller-venezolano-resalta-importancia-del-acuerdo-de-ginebra\/\"},\"author\":{\"name\":\"MPPPST Prensa\",\"@id\":\"https:\/\/www.mpppst.gob.ve\/mpppstweb\/#\/schema\/person\/fc187ee8ead412bd4c9304b62f900ea4\"},\"headline\":\"Canciller venezolano resalta importancia del Acuerdo de Ginebra\",\"datePublished\":\"2021-02-19T13:10:44+00:00\",\"dateModified\":\"2021-02-19T13:10:44+00:00\",\"mainEntityOfPage\":{\"@id\":\"https:\/\/www.mpppst.gob.ve\/mpppstweb\/index.php\/2021\/02\/19\/canciller-venezolano-resalta-importancia-del-acuerdo-de-ginebra\/\"},\"wordCount\":361,\"publisher\":{\"@id\":\"https:\/\/www.mpppst.gob.ve\/mpppstweb\/#organization\"},\"image\":{\"@id\":\"https:\/\/www.mpppst.gob.ve\/mpppstweb\/index.php\/2021\/02\/19\/canciller-venezolano-resalta-importancia-del-acuerdo-de-ginebra\/#primaryimage\"},\"thumbnailUrl\":\"https:\/\/www.mpppst.gob.ve\/mpppstweb\/wp-content\/uploads\/2021\/02\/EuhaTvpXMAE8IHA.jpg\",\"articleSection\":[\"Gobierno Nacional\"],\"inLanguage\":\"es\"},{\"@type\":\"WebPage\",\"@id\":\"https:\/\/www.mpppst.gob.ve\/mpppstweb\/index.php\/2021\/02\/19\/canciller-venezolano-resalta-importancia-del-acuerdo-de-ginebra\/\",\"url\":\"https:\/\/www.mpppst.gob.ve\/mpppstweb\/index.php\/2021\/02\/19\/canciller-venezolano-resalta-importancia-del-acuerdo-de-ginebra\/\",\"name\":\"Canciller venezolano resalta importancia del Acuerdo de Ginebra - MPPPST\",\"isPartOf\":{\"@id\":\"https:\/\/www.mpppst.gob.ve\/mpppstweb\/#website\"},\"primaryImageOfPage\":{\"@id\":\"https:\/\/www.mpppst.gob.ve\/mpppstweb\/index.php\/2021\/02\/19\/canciller-venezolano-resalta-importancia-del-acuerdo-de-ginebra\/#primaryimage\"},\"image\":{\"@id\":\"https:\/\/www.mpppst.gob.ve\/mpppstweb\/index.php\/2021\/02\/19\/canciller-venezolano-resalta-importancia-del-acuerdo-de-ginebra\/#primaryimage\"},\"thumbnailUrl\":\"https:\/\/www.mpppst.gob.ve\/mpppstweb\/wp-content\/uploads\/2021\/02\/EuhaTvpXMAE8IHA.jpg\",\"datePublished\":\"2021-02-19T13:10:44+00:00\",\"dateModified\":\"2021-02-19T13:10:44+00:00\",\"breadcrumb\":{\"@id\":\"https:\/\/www.mpppst.gob.ve\/mpppstweb\/index.php\/2021\/02\/19\/canciller-venezolano-resalta-importancia-del-acuerdo-de-ginebra\/#breadcrumb\"},\"inLanguage\":\"es\",\"potentialAction\":[{\"@type\":\"ReadAction\",\"target\":[\"https:\/\/www.mpppst.gob.ve\/mpppstweb\/index.php\/2021\/02\/19\/canciller-venezolano-resalta-importancia-del-acuerdo-de-ginebra\/\"]}]},{\"@type\":\"ImageObject\",\"inLanguage\":\"es\",\"@id\":\"https:\/\/www.mpppst.gob.ve\/mpppstweb\/index.php\/2021\/02\/19\/canciller-venezolano-resalta-importancia-del-acuerdo-de-ginebra\/#primaryimage\",\"url\":\"https:\/\/www.mpppst.gob.ve\/mpppstweb\/wp-content\/uploads\/2021\/02\/EuhaTvpXMAE8IHA.jpg\",\"contentUrl\":\"https:\/\/www.mpppst.gob.ve\/mpppstweb\/wp-content\/uploads\/2021\/02\/EuhaTvpXMAE8IHA.jpg\",\"width\":800,\"height\":445},{\"@type\":\"BreadcrumbList\",\"@id\":\"https:\/\/www.mpppst.gob.ve\/mpppstweb\/index.php\/2021\/02\/19\/canciller-venezolano-resalta-importancia-del-acuerdo-de-ginebra\/#breadcrumb\",\"itemListElement\":[{\"@type\":\"ListItem\",\"position\":1,\"name\":\"Home\",\"item\":\"https:\/\/www.mpppst.gob.ve\/mpppstweb\/\"},{\"@type\":\"ListItem\",\"position\":2,\"name\":\"Canciller venezolano resalta importancia del Acuerdo de Ginebra\"}]},{\"@type\":\"WebSite\",\"@id\":\"https:\/\/www.mpppst.gob.ve\/mpppstweb\/#website\",\"url\":\"https:\/\/www.mpppst.gob.ve\/mpppstweb\/\",\"name\":\"MPPPST\",\"description\":\"Ministerio del Poder Popular para el Proceso Social de Trabajo\",\"publisher\":{\"@id\":\"https:\/\/www.mpppst.gob.ve\/mpppstweb\/#organization\"},\"potentialAction\":[{\"@type\":\"SearchAction\",\"target\":{\"@type\":\"EntryPoint\",\"urlTemplate\":\"https:\/\/www.mpppst.gob.ve\/mpppstweb\/?s={search_term_string}\"},\"query-input\":\"required name=search_term_string\"}],\"inLanguage\":\"es\"},{\"@type\":\"Organization\",\"@id\":\"https:\/\/www.mpppst.gob.ve\/mpppstweb\/#organization\",\"name\":\"mpppst\",\"url\":\"https:\/\/www.mpppst.gob.ve\/mpppstweb\/\",\"logo\":{\"@type\":\"ImageObject\",\"inLanguage\":\"es\",\"@id\":\"https:\/\/www.mpppst.gob.ve\/mpppstweb\/#\/schema\/logo\/image\/\",\"url\":\"https:\/\/www.mpppst.gob.ve\/mpppstweb\/wp-content\/uploads\/2025\/07\/cropped-cropped-g910.png\",\"contentUrl\":\"https:\/\/www.mpppst.gob.ve\/mpppstweb\/wp-content\/uploads\/2025\/07\/cropped-cropped-g910.png\",\"width\":1080,\"height\":241,\"caption\":\"mpppst\"},\"image\":{\"@id\":\"https:\/\/www.mpppst.gob.ve\/mpppstweb\/#\/schema\/logo\/image\/\"}},{\"@type\":\"Person\",\"@id\":\"https:\/\/www.mpppst.gob.ve\/mpppstweb\/#\/schema\/person\/fc187ee8ead412bd4c9304b62f900ea4\",\"name\":\"MPPPST Prensa\",\"url\":\"https:\/\/www.mpppst.gob.ve\/mpppstweb\/index.php\/author\/prensa-mpppst\/\"}]}<\/script>\n<!-- \/ Yoast SEO plugin. -->","yoast_head_json":{"title":"Canciller venezolano resalta importancia del Acuerdo de Ginebra - MPPPST","robots":{"index":"index","follow":"follow","max-snippet":"max-snippet:-1","max-image-preview":"max-image-preview:large","max-video-preview":"max-video-preview:-1"},"canonical":"https:\/\/www.mpppst.gob.ve\/mpppstweb\/index.php\/2021\/02\/19\/canciller-venezolano-resalta-importancia-del-acuerdo-de-ginebra\/","og_locale":"es_ES","og_type":"article","og_title":"Canciller venezolano resalta importancia del Acuerdo de Ginebra - MPPPST","og_description":"El jefe de la diplomacia venezolana abog\u00f3 por la diplomacia y el di\u00e1logo para solucionar una &hellip; Canciller venezolano resalta importancia del Acuerdo de GinebraRead more","og_url":"https:\/\/www.mpppst.gob.ve\/mpppstweb\/index.php\/2021\/02\/19\/canciller-venezolano-resalta-importancia-del-acuerdo-de-ginebra\/","og_site_name":"MPPPST","article_published_time":"2021-02-19T13:10:44+00:00","og_image":[{"width":800,"height":445,"url":"https:\/\/www.mpppst.gob.ve\/mpppstweb\/wp-content\/uploads\/2021\/02\/EuhaTvpXMAE8IHA.jpg","type":"image\/jpeg"}],"author":"MPPPST Prensa","twitter_card":"summary_large_image","twitter_misc":{"Escrito por":"MPPPST Prensa","Tiempo de lectura":"2 minutos"},"schema":{"@context":"https:\/\/schema.org","@graph":[{"@type":"Article","@id":"https:\/\/www.mpppst.gob.ve\/mpppstweb\/index.php\/2021\/02\/19\/canciller-venezolano-resalta-importancia-del-acuerdo-de-ginebra\/#article","isPartOf":{"@id":"https:\/\/www.mpppst.gob.ve\/mpppstweb\/index.php\/2021\/02\/19\/canciller-venezolano-resalta-importancia-del-acuerdo-de-ginebra\/"},"author":{"name":"MPPPST Prensa","@id":"https:\/\/www.mpppst.gob.ve\/mpppstweb\/#\/schema\/person\/fc187ee8ead412bd4c9304b62f900ea4"},"headline":"Canciller venezolano resalta importancia del Acuerdo de Ginebra","datePublished":"2021-02-19T13:10:44+00:00","dateModified":"2021-02-19T13:10:44+00:00","mainEntityOfPage":{"@id":"https:\/\/www.mpppst.gob.ve\/mpppstweb\/index.php\/2021\/02\/19\/canciller-venezolano-resalta-importancia-del-acuerdo-de-ginebra\/"},"wordCount":361,"publisher":{"@id":"https:\/\/www.mpppst.gob.ve\/mpppstweb\/#organization"},"image":{"@id":"https:\/\/www.mpppst.gob.ve\/mpppstweb\/index.php\/2021\/02\/19\/canciller-venezolano-resalta-importancia-del-acuerdo-de-ginebra\/#primaryimage"},"thumbnailUrl":"https:\/\/www.mpppst.gob.ve\/mpppstweb\/wp-content\/uploads\/2021\/02\/EuhaTvpXMAE8IHA.jpg","articleSection":["Gobierno Nacional"],"inLanguage":"es"},{"@type":"WebPage","@id":"https:\/\/www.mpppst.gob.ve\/mpppstweb\/index.php\/2021\/02\/19\/canciller-venezolano-resalta-importancia-del-acuerdo-de-ginebra\/","url":"https:\/\/www.mpppst.gob.ve\/mpppstweb\/index.php\/2021\/02\/19\/canciller-venezolano-resalta-importancia-del-acuerdo-de-ginebra\/","name":"Canciller venezolano resalta importancia del Acuerdo de Ginebra - MPPPST","isPartOf":{"@id":"https:\/\/www.mpppst.gob.ve\/mpppstweb\/#website"},"primaryImageOfPage":{"@id":"https:\/\/www.mpppst.gob.ve\/mpppstweb\/index.php\/2021\/02\/19\/canciller-venezolano-resalta-importancia-del-acuerdo-de-ginebra\/#primaryimage"},"image":{"@id":"https:\/\/www.mpppst.gob.ve\/mpppstweb\/index.php\/2021\/02\/19\/canciller-venezolano-resalta-importancia-del-acuerdo-de-ginebra\/#primaryimage"},"thumbnailUrl":"https:\/\/www.mpppst.gob.ve\/mpppstweb\/wp-content\/uploads\/2021\/02\/EuhaTvpXMAE8IHA.jpg","datePublished":"2021-02-19T13:10:44+00:00","dateModified":"2021-02-19T13:10:44+00:00","breadcrumb":{"@id":"https:\/\/www.mpppst.gob.ve\/mpppstweb\/index.php\/2021\/02\/19\/canciller-venezolano-resalta-importancia-del-acuerdo-de-ginebra\/#breadcrumb"},"inLanguage":"es","potentialAction":[{"@type":"ReadAction","target":["https:\/\/www.mpppst.gob.ve\/mpppstweb\/index.php\/2021\/02\/19\/canciller-venezolano-resalta-importancia-del-acuerdo-de-ginebra\/"]}]},{"@type":"ImageObject","inLanguage":"es","@id":"https:\/\/www.mpppst.gob.ve\/mpppstweb\/index.php\/2021\/02\/19\/canciller-venezolano-resalta-importancia-del-acuerdo-de-ginebra\/#primaryimage","url":"https:\/\/www.mpppst.gob.ve\/mpppstweb\/wp-content\/uploads\/2021\/02\/EuhaTvpXMAE8IHA.jpg","contentUrl":"https:\/\/www.mpppst.gob.ve\/mpppstweb\/wp-content\/uploads\/2021\/02\/EuhaTvpXMAE8IHA.jpg","width":800,"height":445},{"@type":"BreadcrumbList","@id":"https:\/\/www.mpppst.gob.ve\/mpppstweb\/index.php\/2021\/02\/19\/canciller-venezolano-resalta-importancia-del-acuerdo-de-ginebra\/#breadcrumb","itemListElement":[{"@type":"ListItem","position":1,"name":"Home","item":"https:\/\/www.mpppst.gob.ve\/mpppstweb\/"},{"@type":"ListItem","position":2,"name":"Canciller venezolano resalta importancia del Acuerdo de Ginebra"}]},{"@type":"WebSite","@id":"https:\/\/www.mpppst.gob.ve\/mpppstweb\/#website","url":"https:\/\/www.mpppst.gob.ve\/mpppstweb\/","name":"MPPPST","description":"Ministerio del Poder Popular para el Proceso Social de Trabajo","publisher":{"@id":"https:\/\/www.mpppst.gob.ve\/mpppstweb\/#organization"},"potentialAction":[{"@type":"SearchAction","target":{"@type":"EntryPoint","urlTemplate":"https:\/\/www.mpppst.gob.ve\/mpppstweb\/?s={search_term_string}"},"query-input":"required name=search_term_string"}],"inLanguage":"es"},{"@type":"Organization","@id":"https:\/\/www.mpppst.gob.ve\/mpppstweb\/#organization","name":"mpppst","url":"https:\/\/www.mpppst.gob.ve\/mpppstweb\/","logo":{"@type":"ImageObject","inLanguage":"es","@id":"https:\/\/www.mpppst.gob.ve\/mpppstweb\/#\/schema\/logo\/image\/","url":"https:\/\/www.mpppst.gob.ve\/mpppstweb\/wp-content\/uploads\/2025\/07\/cropped-cropped-g910.png","contentUrl":"https:\/\/www.mpppst.gob.ve\/mpppstweb\/wp-content\/uploads\/2025\/07\/cropped-cropped-g910.png","width":1080,"height":241,"caption":"mpppst"},"image":{"@id":"https:\/\/www.mpppst.gob.ve\/mpppstweb\/#\/schema\/logo\/image\/"}},{"@type":"Person","@id":"https:\/\/www.mpppst.gob.ve\/mpppstweb\/#\/schema\/person\/fc187ee8ead412bd4c9304b62f900ea4","name":"MPPPST Prensa","url":"https:\/\/www.mpppst.gob.ve\/mpppstweb\/index.php\/author\/prensa-mpppst\/"}]}},"_links":{"self":[{"href":"https:\/\/www.mpppst.gob.ve\/mpppstweb\/index.php\/wp-json\/wp\/v2\/posts\/21544"}],"collection":[{"href":"https:\/\/www.mpppst.gob.ve\/mpppstweb\/index.php\/wp-json\/wp\/v2\/posts"}],"about":[{"href":"https:\/\/www.mpppst.gob.ve\/mpppstweb\/index.php\/wp-json\/wp\/v2\/types\/post"}],"author":[{"embeddable":true,"href":"https:\/\/www.mpppst.gob.ve\/mpppstweb\/index.php\/wp-json\/wp\/v2\/users\/25"}],"replies":[{"embeddable":true,"href":"https:\/\/www.mpppst.gob.ve\/mpppstweb\/index.php\/wp-json\/wp\/v2\/comments?post=21544"}],"version-history":[{"count":3,"href":"https:\/\/www.mpppst.gob.ve\/mpppstweb\/index.php\/wp-json\/wp\/v2\/posts\/21544\/revisions"}],"predecessor-version":[{"id":21549,"href":"https:\/\/www.mpppst.gob.ve\/mpppstweb\/index.php\/wp-json\/wp\/v2\/posts\/21544\/revisions\/21549"}],"wp:featuredmedia":[{"embeddable":true,"href":"https:\/\/www.mpppst.gob.ve\/mpppstweb\/index.php\/wp-json\/wp\/v2\/media\/21548"}],"wp:attachment":[{"href":"https:\/\/www.mpppst.gob.ve\/mpppstweb\/index.php\/wp-json\/wp\/v2\/media?parent=21544"}],"wp:term":[{"taxonomy":"category","embeddable":true,"href":"https:\/\/www.mpppst.gob.ve\/mpppstweb\/index.php\/wp-json\/wp\/v2\/categories?post=21544"},{"taxonomy":"post_tag","embeddable":true,"href":"https:\/\/www.mpppst.gob.ve\/mpppstweb\/index.php\/wp-json\/wp\/v2\/tags?post=21544"}],"curies":[{"name":"wp","href":"https:\/\/api.w.org\/{rel}","templated":true}]}}