{"id":21556,"date":"2021-02-19T15:23:29","date_gmt":"2021-02-19T19:23:29","guid":{"rendered":"http:\/\/www.mpppst.gob.ve\/mpppstweb\/?p=21556"},"modified":"2021-02-19T15:23:29","modified_gmt":"2021-02-19T19:23:29","slug":"jefe-de-estado-firma-contrato-colectivo-para-la-proteccion-de-clase-obrera-de-pdvsa","status":"publish","type":"post","link":"https:\/\/www.mpppst.gob.ve\/mpppstweb\/index.php\/2021\/02\/19\/jefe-de-estado-firma-contrato-colectivo-para-la-proteccion-de-clase-obrera-de-pdvsa\/","title":{"rendered":"Jefe de Estado firma contrato colectivo para la protecci\u00f3n de clase obrera de PDVSA"},"content":{"rendered":"\n<p>Este viernes el presidente de la Rep\u00fablica Bolivariana de Venezuela,<strong>&nbsp;Nicol\u00e1s Maduro<\/strong>, firm\u00f3 el contrato colectivo que ampara y protege las condiciones laborales de la fuerza trabajadora de la empresa estatal Petr\u00f3leos de Venezuela S.A. (PDVSA)<\/p>\n\n\n\n<p>Durante el primer aniversario de la&nbsp;<strong>Comisi\u00f3n Presidencial Al\u00ed Rodr\u00edguez Araque<\/strong>, el Jefe de Estado precis\u00f3 que se persigue la recuperaci\u00f3n del sistema de protecci\u00f3n integral de los trabajadores y trabajadoras vulnerados por todas esta guerras, \u201ccomo est\u00e1 vulnerado el sistema de protecci\u00f3n, contratos, salarios de la clase obrera\u201d.<\/p>\n\n\n\n<p>Detall\u00f3 que la naci\u00f3n Bolivariana se encuentra en una fase de resistencia y se debe a las medidas de protecci\u00f3n que el Gobierno Bolivariano garantiza mediante \u201cel Sistema Patria y todo el apoyo que le damos a familia, a trav\u00e9s de los CLAP, la educaci\u00f3n y salud p\u00fablica , adem\u00e1s el sistema de vivienda\u201d.<\/p>\n\n\n\n<p>El Mandatario Nacional subray\u00f3 que gracias a las pol\u00edticas en defensa de la Patria al pueblo venezolano, emprendidas por el comandante Hugo Ch\u00e1vez, y la puesta en marcha del Sistema de las Misiones y Grandes Misiones Sociales, el pueblo venezolano contin\u00faa adelante.<\/p>\n\n\n\n<figure><iframe allowfullscreen=\"true\" class=\"\" src=\"https:\/\/platform.twitter.com\/embed\/Tweet.html?creatorScreenName=VTVcanal8&amp;dnt=false&amp;embedId=twitter-widget-0&amp;frame=false&amp;hideCard=false&amp;hideThread=false&amp;id=1362827310890692615&amp;lang=es&amp;origin=https%3A%2F%2Fwww.vtv.gob.ve%2Fjefe-firma-contrato-colectivo%2F&amp;siteScreenName=VTVcanal8&amp;theme=light&amp;widgetsVersion=889aa01%3A1612811843556&amp;width=550px\"><\/iframe><\/figure>\n\n\n\n<p>Prensa Web VTV<\/p>\n","protected":false},"excerpt":{"rendered":"<p>Este viernes el presidente de la Rep\u00fablica Bolivariana de Venezuela,&nbsp;Nicol\u00e1s Maduro, firm\u00f3 el contrato colectivo que &hellip; <a title=\"Jefe de Estado firma contrato colectivo para la protecci\u00f3n de clase obrera de PDVSA\" class=\"hm-read-more\" href=\"https:\/\/www.mpppst.gob.ve\/mpppstweb\/index.php\/2021\/02\/19\/jefe-de-estado-firma-contrato-colectivo-para-la-proteccion-de-clase-obrera-de-pdvsa\/\"><span class=\"screen-reader-text\">Jefe de Estado firma contrato colectivo para la protecci\u00f3n de clase obrera de PDVSA<\/span>Read more<\/a><\/p>\n","protected":false},"author":25,"featured_media":21557,"comment_status":"closed","ping_status":"closed","sticky":false,"template":"","format":"standard","meta":{"footnotes":""},"categories":[82,163],"tags":[],"yoast_head":"<!-- This site is optimized with the Yoast SEO plugin v22.5 - https:\/\/yoast.com\/wordpress\/plugins\/seo\/ -->\n<title>Jefe de Estado firma contrato colectivo para la protecci\u00f3n de clase obrera de PDVSA - MPPPST<\/title>\n<meta name=\"robots\" content=\"index, follow, max-snippet:-1, max-image-preview:large, max-video-preview:-1\" \/>\n<link rel=\"canonical\" href=\"https:\/\/www.mpppst.gob.ve\/mpppstweb\/index.php\/2021\/02\/19\/jefe-de-estado-firma-contrato-colectivo-para-la-proteccion-de-clase-obrera-de-pdvsa\/\" \/>\n<meta property=\"og:locale\" content=\"es_ES\" \/>\n<meta property=\"og:type\" content=\"article\" \/>\n<meta property=\"og:title\" content=\"Jefe de Estado firma contrato colectivo para la protecci\u00f3n de clase obrera de PDVSA - MPPPST\" \/>\n<meta property=\"og:description\" content=\"Este viernes el presidente de la Rep\u00fablica Bolivariana de Venezuela,&nbsp;Nicol\u00e1s Maduro, firm\u00f3 el contrato colectivo que &hellip; Jefe de Estado firma contrato colectivo para la protecci\u00f3n de clase obrera de PDVSARead more\" \/>\n<meta property=\"og:url\" content=\"https:\/\/www.mpppst.gob.ve\/mpppstweb\/index.php\/2021\/02\/19\/jefe-de-estado-firma-contrato-colectivo-para-la-proteccion-de-clase-obrera-de-pdvsa\/\" \/>\n<meta property=\"og:site_name\" content=\"MPPPST\" \/>\n<meta property=\"article:published_time\" content=\"2021-02-19T19:23:29+00:00\" \/>\n<meta property=\"og:image\" content=\"https:\/\/www.mpppst.gob.ve\/mpppstweb\/wp-content\/uploads\/2021\/02\/PRESIDENTE-4-3.jpg\" \/>\n\t<meta property=\"og:image:width\" content=\"800\" \/>\n\t<meta property=\"og:image:height\" content=\"445\" \/>\n\t<meta property=\"og:image:type\" content=\"image\/jpeg\" \/>\n<meta name=\"author\" content=\"MPPPST Prensa\" \/>\n<meta name=\"twitter:card\" content=\"summary_large_image\" \/>\n<meta name=\"twitter:label1\" content=\"Escrito por\" \/>\n\t<meta name=\"twitter:data1\" content=\"MPPPST Prensa\" \/>\n\t<meta name=\"twitter:label2\" content=\"Tiempo de lectura\" \/>\n\t<meta name=\"twitter:data2\" content=\"1 minuto\" \/>\n<script type=\"application\/ld+json\" class=\"yoast-schema-graph\">{\"@context\":\"https:\/\/schema.org\",\"@graph\":[{\"@type\":\"Article\",\"@id\":\"https:\/\/www.mpppst.gob.ve\/mpppstweb\/index.php\/2021\/02\/19\/jefe-de-estado-firma-contrato-colectivo-para-la-proteccion-de-clase-obrera-de-pdvsa\/#article\",\"isPartOf\":{\"@id\":\"https:\/\/www.mpppst.gob.ve\/mpppstweb\/index.php\/2021\/02\/19\/jefe-de-estado-firma-contrato-colectivo-para-la-proteccion-de-clase-obrera-de-pdvsa\/\"},\"author\":{\"name\":\"MPPPST Prensa\",\"@id\":\"https:\/\/www.mpppst.gob.ve\/mpppstweb\/#\/schema\/person\/fc187ee8ead412bd4c9304b62f900ea4\"},\"headline\":\"Jefe de Estado firma contrato colectivo para la protecci\u00f3n de clase obrera de PDVSA\",\"datePublished\":\"2021-02-19T19:23:29+00:00\",\"dateModified\":\"2021-02-19T19:23:29+00:00\",\"mainEntityOfPage\":{\"@id\":\"https:\/\/www.mpppst.gob.ve\/mpppstweb\/index.php\/2021\/02\/19\/jefe-de-estado-firma-contrato-colectivo-para-la-proteccion-de-clase-obrera-de-pdvsa\/\"},\"wordCount\":218,\"publisher\":{\"@id\":\"https:\/\/www.mpppst.gob.ve\/mpppstweb\/#organization\"},\"image\":{\"@id\":\"https:\/\/www.mpppst.gob.ve\/mpppstweb\/index.php\/2021\/02\/19\/jefe-de-estado-firma-contrato-colectivo-para-la-proteccion-de-clase-obrera-de-pdvsa\/#primaryimage\"},\"thumbnailUrl\":\"https:\/\/www.mpppst.gob.ve\/mpppstweb\/wp-content\/uploads\/2021\/02\/PRESIDENTE-4-3.jpg\",\"articleSection\":[\"Gobierno Nacional\",\"Noticias\"],\"inLanguage\":\"es\"},{\"@type\":\"WebPage\",\"@id\":\"https:\/\/www.mpppst.gob.ve\/mpppstweb\/index.php\/2021\/02\/19\/jefe-de-estado-firma-contrato-colectivo-para-la-proteccion-de-clase-obrera-de-pdvsa\/\",\"url\":\"https:\/\/www.mpppst.gob.ve\/mpppstweb\/index.php\/2021\/02\/19\/jefe-de-estado-firma-contrato-colectivo-para-la-proteccion-de-clase-obrera-de-pdvsa\/\",\"name\":\"Jefe de Estado firma contrato colectivo para la protecci\u00f3n de clase obrera de PDVSA - MPPPST\",\"isPartOf\":{\"@id\":\"https:\/\/www.mpppst.gob.ve\/mpppstweb\/#website\"},\"primaryImageOfPage\":{\"@id\":\"https:\/\/www.mpppst.gob.ve\/mpppstweb\/index.php\/2021\/02\/19\/jefe-de-estado-firma-contrato-colectivo-para-la-proteccion-de-clase-obrera-de-pdvsa\/#primaryimage\"},\"image\":{\"@id\":\"https:\/\/www.mpppst.gob.ve\/mpppstweb\/index.php\/2021\/02\/19\/jefe-de-estado-firma-contrato-colectivo-para-la-proteccion-de-clase-obrera-de-pdvsa\/#primaryimage\"},\"thumbnailUrl\":\"https:\/\/www.mpppst.gob.ve\/mpppstweb\/wp-content\/uploads\/2021\/02\/PRESIDENTE-4-3.jpg\",\"datePublished\":\"2021-02-19T19:23:29+00:00\",\"dateModified\":\"2021-02-19T19:23:29+00:00\",\"breadcrumb\":{\"@id\":\"https:\/\/www.mpppst.gob.ve\/mpppstweb\/index.php\/2021\/02\/19\/jefe-de-estado-firma-contrato-colectivo-para-la-proteccion-de-clase-obrera-de-pdvsa\/#breadcrumb\"},\"inLanguage\":\"es\",\"potentialAction\":[{\"@type\":\"ReadAction\",\"target\":[\"https:\/\/www.mpppst.gob.ve\/mpppstweb\/index.php\/2021\/02\/19\/jefe-de-estado-firma-contrato-colectivo-para-la-proteccion-de-clase-obrera-de-pdvsa\/\"]}]},{\"@type\":\"ImageObject\",\"inLanguage\":\"es\",\"@id\":\"https:\/\/www.mpppst.gob.ve\/mpppstweb\/index.php\/2021\/02\/19\/jefe-de-estado-firma-contrato-colectivo-para-la-proteccion-de-clase-obrera-de-pdvsa\/#primaryimage\",\"url\":\"https:\/\/www.mpppst.gob.ve\/mpppstweb\/wp-content\/uploads\/2021\/02\/PRESIDENTE-4-3.jpg\",\"contentUrl\":\"https:\/\/www.mpppst.gob.ve\/mpppstweb\/wp-content\/uploads\/2021\/02\/PRESIDENTE-4-3.jpg\",\"width\":800,\"height\":445},{\"@type\":\"BreadcrumbList\",\"@id\":\"https:\/\/www.mpppst.gob.ve\/mpppstweb\/index.php\/2021\/02\/19\/jefe-de-estado-firma-contrato-colectivo-para-la-proteccion-de-clase-obrera-de-pdvsa\/#breadcrumb\",\"itemListElement\":[{\"@type\":\"ListItem\",\"position\":1,\"name\":\"Home\",\"item\":\"https:\/\/www.mpppst.gob.ve\/mpppstweb\/\"},{\"@type\":\"ListItem\",\"position\":2,\"name\":\"Jefe de Estado firma contrato colectivo para la protecci\u00f3n de clase obrera de PDVSA\"}]},{\"@type\":\"WebSite\",\"@id\":\"https:\/\/www.mpppst.gob.ve\/mpppstweb\/#website\",\"url\":\"https:\/\/www.mpppst.gob.ve\/mpppstweb\/\",\"name\":\"MPPPST\",\"description\":\"Ministerio del Poder Popular para el Proceso Social de Trabajo\",\"publisher\":{\"@id\":\"https:\/\/www.mpppst.gob.ve\/mpppstweb\/#organization\"},\"potentialAction\":[{\"@type\":\"SearchAction\",\"target\":{\"@type\":\"EntryPoint\",\"urlTemplate\":\"https:\/\/www.mpppst.gob.ve\/mpppstweb\/?s={search_term_string}\"},\"query-input\":\"required name=search_term_string\"}],\"inLanguage\":\"es\"},{\"@type\":\"Organization\",\"@id\":\"https:\/\/www.mpppst.gob.ve\/mpppstweb\/#organization\",\"name\":\"mpppst\",\"url\":\"https:\/\/www.mpppst.gob.ve\/mpppstweb\/\",\"logo\":{\"@type\":\"ImageObject\",\"inLanguage\":\"es\",\"@id\":\"https:\/\/www.mpppst.gob.ve\/mpppstweb\/#\/schema\/logo\/image\/\",\"url\":\"https:\/\/www.mpppst.gob.ve\/mpppstweb\/wp-content\/uploads\/2025\/07\/cropped-cropped-g910.png\",\"contentUrl\":\"https:\/\/www.mpppst.gob.ve\/mpppstweb\/wp-content\/uploads\/2025\/07\/cropped-cropped-g910.png\",\"width\":1080,\"height\":241,\"caption\":\"mpppst\"},\"image\":{\"@id\":\"https:\/\/www.mpppst.gob.ve\/mpppstweb\/#\/schema\/logo\/image\/\"}},{\"@type\":\"Person\",\"@id\":\"https:\/\/www.mpppst.gob.ve\/mpppstweb\/#\/schema\/person\/fc187ee8ead412bd4c9304b62f900ea4\",\"name\":\"MPPPST Prensa\",\"url\":\"https:\/\/www.mpppst.gob.ve\/mpppstweb\/index.php\/author\/prensa-mpppst\/\"}]}<\/script>\n<!-- \/ Yoast SEO plugin. -->","yoast_head_json":{"title":"Jefe de Estado firma contrato colectivo para la protecci\u00f3n de clase obrera de PDVSA - MPPPST","robots":{"index":"index","follow":"follow","max-snippet":"max-snippet:-1","max-image-preview":"max-image-preview:large","max-video-preview":"max-video-preview:-1"},"canonical":"https:\/\/www.mpppst.gob.ve\/mpppstweb\/index.php\/2021\/02\/19\/jefe-de-estado-firma-contrato-colectivo-para-la-proteccion-de-clase-obrera-de-pdvsa\/","og_locale":"es_ES","og_type":"article","og_title":"Jefe de Estado firma contrato colectivo para la protecci\u00f3n de clase obrera de PDVSA - MPPPST","og_description":"Este viernes el presidente de la Rep\u00fablica Bolivariana de Venezuela,&nbsp;Nicol\u00e1s Maduro, firm\u00f3 el contrato colectivo que &hellip; Jefe de Estado firma contrato colectivo para la protecci\u00f3n de clase obrera de PDVSARead more","og_url":"https:\/\/www.mpppst.gob.ve\/mpppstweb\/index.php\/2021\/02\/19\/jefe-de-estado-firma-contrato-colectivo-para-la-proteccion-de-clase-obrera-de-pdvsa\/","og_site_name":"MPPPST","article_published_time":"2021-02-19T19:23:29+00:00","og_image":[{"width":800,"height":445,"url":"https:\/\/www.mpppst.gob.ve\/mpppstweb\/wp-content\/uploads\/2021\/02\/PRESIDENTE-4-3.jpg","type":"image\/jpeg"}],"author":"MPPPST Prensa","twitter_card":"summary_large_image","twitter_misc":{"Escrito por":"MPPPST Prensa","Tiempo de lectura":"1 minuto"},"schema":{"@context":"https:\/\/schema.org","@graph":[{"@type":"Article","@id":"https:\/\/www.mpppst.gob.ve\/mpppstweb\/index.php\/2021\/02\/19\/jefe-de-estado-firma-contrato-colectivo-para-la-proteccion-de-clase-obrera-de-pdvsa\/#article","isPartOf":{"@id":"https:\/\/www.mpppst.gob.ve\/mpppstweb\/index.php\/2021\/02\/19\/jefe-de-estado-firma-contrato-colectivo-para-la-proteccion-de-clase-obrera-de-pdvsa\/"},"author":{"name":"MPPPST Prensa","@id":"https:\/\/www.mpppst.gob.ve\/mpppstweb\/#\/schema\/person\/fc187ee8ead412bd4c9304b62f900ea4"},"headline":"Jefe de Estado firma contrato colectivo para la protecci\u00f3n de clase obrera de PDVSA","datePublished":"2021-02-19T19:23:29+00:00","dateModified":"2021-02-19T19:23:29+00:00","mainEntityOfPage":{"@id":"https:\/\/www.mpppst.gob.ve\/mpppstweb\/index.php\/2021\/02\/19\/jefe-de-estado-firma-contrato-colectivo-para-la-proteccion-de-clase-obrera-de-pdvsa\/"},"wordCount":218,"publisher":{"@id":"https:\/\/www.mpppst.gob.ve\/mpppstweb\/#organization"},"image":{"@id":"https:\/\/www.mpppst.gob.ve\/mpppstweb\/index.php\/2021\/02\/19\/jefe-de-estado-firma-contrato-colectivo-para-la-proteccion-de-clase-obrera-de-pdvsa\/#primaryimage"},"thumbnailUrl":"https:\/\/www.mpppst.gob.ve\/mpppstweb\/wp-content\/uploads\/2021\/02\/PRESIDENTE-4-3.jpg","articleSection":["Gobierno Nacional","Noticias"],"inLanguage":"es"},{"@type":"WebPage","@id":"https:\/\/www.mpppst.gob.ve\/mpppstweb\/index.php\/2021\/02\/19\/jefe-de-estado-firma-contrato-colectivo-para-la-proteccion-de-clase-obrera-de-pdvsa\/","url":"https:\/\/www.mpppst.gob.ve\/mpppstweb\/index.php\/2021\/02\/19\/jefe-de-estado-firma-contrato-colectivo-para-la-proteccion-de-clase-obrera-de-pdvsa\/","name":"Jefe de Estado firma contrato colectivo para la protecci\u00f3n de clase obrera de PDVSA - MPPPST","isPartOf":{"@id":"https:\/\/www.mpppst.gob.ve\/mpppstweb\/#website"},"primaryImageOfPage":{"@id":"https:\/\/www.mpppst.gob.ve\/mpppstweb\/index.php\/2021\/02\/19\/jefe-de-estado-firma-contrato-colectivo-para-la-proteccion-de-clase-obrera-de-pdvsa\/#primaryimage"},"image":{"@id":"https:\/\/www.mpppst.gob.ve\/mpppstweb\/index.php\/2021\/02\/19\/jefe-de-estado-firma-contrato-colectivo-para-la-proteccion-de-clase-obrera-de-pdvsa\/#primaryimage"},"thumbnailUrl":"https:\/\/www.mpppst.gob.ve\/mpppstweb\/wp-content\/uploads\/2021\/02\/PRESIDENTE-4-3.jpg","datePublished":"2021-02-19T19:23:29+00:00","dateModified":"2021-02-19T19:23:29+00:00","breadcrumb":{"@id":"https:\/\/www.mpppst.gob.ve\/mpppstweb\/index.php\/2021\/02\/19\/jefe-de-estado-firma-contrato-colectivo-para-la-proteccion-de-clase-obrera-de-pdvsa\/#breadcrumb"},"inLanguage":"es","potentialAction":[{"@type":"ReadAction","target":["https:\/\/www.mpppst.gob.ve\/mpppstweb\/index.php\/2021\/02\/19\/jefe-de-estado-firma-contrato-colectivo-para-la-proteccion-de-clase-obrera-de-pdvsa\/"]}]},{"@type":"ImageObject","inLanguage":"es","@id":"https:\/\/www.mpppst.gob.ve\/mpppstweb\/index.php\/2021\/02\/19\/jefe-de-estado-firma-contrato-colectivo-para-la-proteccion-de-clase-obrera-de-pdvsa\/#primaryimage","url":"https:\/\/www.mpppst.gob.ve\/mpppstweb\/wp-content\/uploads\/2021\/02\/PRESIDENTE-4-3.jpg","contentUrl":"https:\/\/www.mpppst.gob.ve\/mpppstweb\/wp-content\/uploads\/2021\/02\/PRESIDENTE-4-3.jpg","width":800,"height":445},{"@type":"BreadcrumbList","@id":"https:\/\/www.mpppst.gob.ve\/mpppstweb\/index.php\/2021\/02\/19\/jefe-de-estado-firma-contrato-colectivo-para-la-proteccion-de-clase-obrera-de-pdvsa\/#breadcrumb","itemListElement":[{"@type":"ListItem","position":1,"name":"Home","item":"https:\/\/www.mpppst.gob.ve\/mpppstweb\/"},{"@type":"ListItem","position":2,"name":"Jefe de Estado firma contrato colectivo para la protecci\u00f3n de clase obrera de PDVSA"}]},{"@type":"WebSite","@id":"https:\/\/www.mpppst.gob.ve\/mpppstweb\/#website","url":"https:\/\/www.mpppst.gob.ve\/mpppstweb\/","name":"MPPPST","description":"Ministerio del Poder Popular para el Proceso Social de Trabajo","publisher":{"@id":"https:\/\/www.mpppst.gob.ve\/mpppstweb\/#organization"},"potentialAction":[{"@type":"SearchAction","target":{"@type":"EntryPoint","urlTemplate":"https:\/\/www.mpppst.gob.ve\/mpppstweb\/?s={search_term_string}"},"query-input":"required name=search_term_string"}],"inLanguage":"es"},{"@type":"Organization","@id":"https:\/\/www.mpppst.gob.ve\/mpppstweb\/#organization","name":"mpppst","url":"https:\/\/www.mpppst.gob.ve\/mpppstweb\/","logo":{"@type":"ImageObject","inLanguage":"es","@id":"https:\/\/www.mpppst.gob.ve\/mpppstweb\/#\/schema\/logo\/image\/","url":"https:\/\/www.mpppst.gob.ve\/mpppstweb\/wp-content\/uploads\/2025\/07\/cropped-cropped-g910.png","contentUrl":"https:\/\/www.mpppst.gob.ve\/mpppstweb\/wp-content\/uploads\/2025\/07\/cropped-cropped-g910.png","width":1080,"height":241,"caption":"mpppst"},"image":{"@id":"https:\/\/www.mpppst.gob.ve\/mpppstweb\/#\/schema\/logo\/image\/"}},{"@type":"Person","@id":"https:\/\/www.mpppst.gob.ve\/mpppstweb\/#\/schema\/person\/fc187ee8ead412bd4c9304b62f900ea4","name":"MPPPST Prensa","url":"https:\/\/www.mpppst.gob.ve\/mpppstweb\/index.php\/author\/prensa-mpppst\/"}]}},"_links":{"self":[{"href":"https:\/\/www.mpppst.gob.ve\/mpppstweb\/index.php\/wp-json\/wp\/v2\/posts\/21556"}],"collection":[{"href":"https:\/\/www.mpppst.gob.ve\/mpppstweb\/index.php\/wp-json\/wp\/v2\/posts"}],"about":[{"href":"https:\/\/www.mpppst.gob.ve\/mpppstweb\/index.php\/wp-json\/wp\/v2\/types\/post"}],"author":[{"embeddable":true,"href":"https:\/\/www.mpppst.gob.ve\/mpppstweb\/index.php\/wp-json\/wp\/v2\/users\/25"}],"replies":[{"embeddable":true,"href":"https:\/\/www.mpppst.gob.ve\/mpppstweb\/index.php\/wp-json\/wp\/v2\/comments?post=21556"}],"version-history":[{"count":1,"href":"https:\/\/www.mpppst.gob.ve\/mpppstweb\/index.php\/wp-json\/wp\/v2\/posts\/21556\/revisions"}],"predecessor-version":[{"id":21558,"href":"https:\/\/www.mpppst.gob.ve\/mpppstweb\/index.php\/wp-json\/wp\/v2\/posts\/21556\/revisions\/21558"}],"wp:featuredmedia":[{"embeddable":true,"href":"https:\/\/www.mpppst.gob.ve\/mpppstweb\/index.php\/wp-json\/wp\/v2\/media\/21557"}],"wp:attachment":[{"href":"https:\/\/www.mpppst.gob.ve\/mpppstweb\/index.php\/wp-json\/wp\/v2\/media?parent=21556"}],"wp:term":[{"taxonomy":"category","embeddable":true,"href":"https:\/\/www.mpppst.gob.ve\/mpppstweb\/index.php\/wp-json\/wp\/v2\/categories?post=21556"},{"taxonomy":"post_tag","embeddable":true,"href":"https:\/\/www.mpppst.gob.ve\/mpppstweb\/index.php\/wp-json\/wp\/v2\/tags?post=21556"}],"curies":[{"name":"wp","href":"https:\/\/api.w.org\/{rel}","templated":true}]}}