{"id":21560,"date":"2021-02-21T13:51:35","date_gmt":"2021-02-21T17:51:35","guid":{"rendered":"http:\/\/www.mpppst.gob.ve\/mpppstweb\/?p=21560"},"modified":"2021-02-21T13:51:36","modified_gmt":"2021-02-21T17:51:36","slug":"opinion-nicolas-y-el-metro-30-anos-despues","status":"publish","type":"post","link":"https:\/\/www.mpppst.gob.ve\/mpppstweb\/index.php\/2021\/02\/21\/opinion-nicolas-y-el-metro-30-anos-despues\/","title":{"rendered":"Opini\u00f3n: NICOL\u00c1S Y EL METRO 30 A\u00d1OS DESPU\u00c9S"},"content":{"rendered":"\n<p><br>Por Eduardo Pi\u00f1ate R.<br>El 21 de febrero de 1991 ingres\u00f3 el actual Presidente de la Rep\u00fablica Bolivariana de Venezuela, Nicol\u00e1s Maduro, como trabajador -Operador de Transporte Superficial (OTS)-, o como chofer de Metro bus, como normalmente se le conoce, en la Compa\u00f1\u00eda Metro de Caracas. Ven\u00eda el camarada Presidente Obrero de la militancia en el Movimiento Pol\u00edtico Ruptura y en ese momento era militante de la Liga Socialista, donde formaba parte del Comit\u00e9 Regional de Caracas junto a un grupo de valiosos compa\u00f1eros, entre los que estaban Manuel Guti\u00e9rrez, Rodulfo P\u00e9rez, Fernando Soto Bustamante y mi persona. En agosto de ese mismo a\u00f1o, ambos ser\u00edamos electos a la Direcci\u00f3n Nacional de la LS en su Segunda Asamblea Nacional. Ya hab\u00eda pasado por la dirigencia estudiantil en los liceos del Valle y Coche, por el trabajo en los barrios del sur, del suroeste y del oeste de Caracas y hac\u00eda su ingreso en el movimiento obrero; hab\u00eda pasado por los cursos de la escuela de cuadros de la Uni\u00f3n de J\u00f3venes Comunistas \u00abJulio Antonio Mella\u00bb, en Cuba y diversas experiencias de construcci\u00f3n de fuerzas pol\u00edticas y sociales revolucionarias.<br>En el Metro de Caracas, Nicol\u00e1s trabaj\u00f3 y construy\u00f3 fuerzas obreras -algunos de los cuadros que \u00e9l organiz\u00f3 y form\u00f3 hoy tienen diversas responsabilidades en la revoluci\u00f3n-, lleg\u00f3 a ser miembro de la directiva del sindicato, luego de vencer a sectores reformistas que se opusieron a su ingreso y profundiz\u00f3 su conocimiento y conciencia revolucionaria de clase. Pero, quiz\u00e1s lo m\u00e1s importante de su tr\u00e1nsito por el Metro, fue que desde su activismo como dirigente sindical de esa empresa, se encontr\u00f3 con el Comandante Supremo Hugo Ch\u00e1vez y estableci\u00f3 con \u00e9l y el proyecto bolivariano un compromiso esencial de vida, con el que ha sido consecuente.<br>Han pasado 30 a\u00f1os desde entonces, Nicol\u00e1s Maduro, hijo de Ch\u00e1vez, es el l\u00edder de la Revoluci\u00f3n Bolivariana, asumido as\u00ed por el pueblo venezolano y por la clase obrera -su clase, como \u00e9l mismo afirma- y la clase obrera del Metro y de todo el pa\u00eds est\u00e1 en la vanguardia de la lucha por la recuperaci\u00f3n econ\u00f3mica de la Patria y la construcci\u00f3n del Socialismo Bolivariano, dirigida por el Presidente Obrero. Seguimos venciendo.<\/p>\n","protected":false},"excerpt":{"rendered":"<p>Por Eduardo Pi\u00f1ate R.El 21 de febrero de 1991 ingres\u00f3 el actual Presidente de la Rep\u00fablica &hellip; <a title=\"Opini\u00f3n: NICOL\u00c1S Y EL METRO 30 A\u00d1OS DESPU\u00c9S\" class=\"hm-read-more\" href=\"https:\/\/www.mpppst.gob.ve\/mpppstweb\/index.php\/2021\/02\/21\/opinion-nicolas-y-el-metro-30-anos-despues\/\"><span class=\"screen-reader-text\">Opini\u00f3n: NICOL\u00c1S Y EL METRO 30 A\u00d1OS DESPU\u00c9S<\/span>Read more<\/a><\/p>\n","protected":false},"author":25,"featured_media":21564,"comment_status":"closed","ping_status":"closed","sticky":false,"template":"","format":"standard","meta":{"footnotes":""},"categories":[82,163,404],"tags":[],"yoast_head":"<!-- This site is optimized with the Yoast SEO plugin v22.5 - https:\/\/yoast.com\/wordpress\/plugins\/seo\/ -->\n<title>Opini\u00f3n: NICOL\u00c1S Y EL METRO 30 A\u00d1OS DESPU\u00c9S - MPPPST<\/title>\n<meta name=\"robots\" content=\"index, follow, max-snippet:-1, max-image-preview:large, max-video-preview:-1\" \/>\n<link rel=\"canonical\" href=\"https:\/\/www.mpppst.gob.ve\/mpppstweb\/index.php\/2021\/02\/21\/opinion-nicolas-y-el-metro-30-anos-despues\/\" \/>\n<meta property=\"og:locale\" content=\"es_ES\" \/>\n<meta property=\"og:type\" content=\"article\" \/>\n<meta property=\"og:title\" content=\"Opini\u00f3n: NICOL\u00c1S Y EL METRO 30 A\u00d1OS DESPU\u00c9S - MPPPST\" \/>\n<meta property=\"og:description\" content=\"Por Eduardo Pi\u00f1ate R.El 21 de febrero de 1991 ingres\u00f3 el actual Presidente de la Rep\u00fablica &hellip; Opini\u00f3n: NICOL\u00c1S Y EL METRO 30 A\u00d1OS DESPU\u00c9SRead more\" \/>\n<meta property=\"og:url\" content=\"https:\/\/www.mpppst.gob.ve\/mpppstweb\/index.php\/2021\/02\/21\/opinion-nicolas-y-el-metro-30-anos-despues\/\" \/>\n<meta property=\"og:site_name\" content=\"MPPPST\" \/>\n<meta property=\"article:published_time\" content=\"2021-02-21T17:51:35+00:00\" \/>\n<meta property=\"article:modified_time\" content=\"2021-02-21T17:51:36+00:00\" \/>\n<meta property=\"og:image\" content=\"https:\/\/www.mpppst.gob.ve\/mpppstweb\/wp-content\/uploads\/2021\/02\/madurobus635-1.jpg\" \/>\n\t<meta property=\"og:image:width\" content=\"635\" \/>\n\t<meta property=\"og:image:height\" content=\"358\" \/>\n\t<meta property=\"og:image:type\" content=\"image\/jpeg\" \/>\n<meta name=\"author\" content=\"MPPPST Prensa\" \/>\n<meta name=\"twitter:card\" content=\"summary_large_image\" \/>\n<meta name=\"twitter:label1\" content=\"Escrito por\" \/>\n\t<meta name=\"twitter:data1\" content=\"MPPPST Prensa\" \/>\n\t<meta name=\"twitter:label2\" content=\"Tiempo de lectura\" \/>\n\t<meta name=\"twitter:data2\" content=\"2 minutos\" \/>\n<script type=\"application\/ld+json\" class=\"yoast-schema-graph\">{\"@context\":\"https:\/\/schema.org\",\"@graph\":[{\"@type\":\"Article\",\"@id\":\"https:\/\/www.mpppst.gob.ve\/mpppstweb\/index.php\/2021\/02\/21\/opinion-nicolas-y-el-metro-30-anos-despues\/#article\",\"isPartOf\":{\"@id\":\"https:\/\/www.mpppst.gob.ve\/mpppstweb\/index.php\/2021\/02\/21\/opinion-nicolas-y-el-metro-30-anos-despues\/\"},\"author\":{\"name\":\"MPPPST Prensa\",\"@id\":\"https:\/\/www.mpppst.gob.ve\/mpppstweb\/#\/schema\/person\/fc187ee8ead412bd4c9304b62f900ea4\"},\"headline\":\"Opini\u00f3n: NICOL\u00c1S Y EL METRO 30 A\u00d1OS DESPU\u00c9S\",\"datePublished\":\"2021-02-21T17:51:35+00:00\",\"dateModified\":\"2021-02-21T17:51:36+00:00\",\"mainEntityOfPage\":{\"@id\":\"https:\/\/www.mpppst.gob.ve\/mpppstweb\/index.php\/2021\/02\/21\/opinion-nicolas-y-el-metro-30-anos-despues\/\"},\"wordCount\":410,\"publisher\":{\"@id\":\"https:\/\/www.mpppst.gob.ve\/mpppstweb\/#organization\"},\"image\":{\"@id\":\"https:\/\/www.mpppst.gob.ve\/mpppstweb\/index.php\/2021\/02\/21\/opinion-nicolas-y-el-metro-30-anos-despues\/#primaryimage\"},\"thumbnailUrl\":\"https:\/\/www.mpppst.gob.ve\/mpppstweb\/wp-content\/uploads\/2021\/02\/madurobus635-1.jpg\",\"articleSection\":[\"Gobierno Nacional\",\"Noticias\",\"Opini\u00f3n\"],\"inLanguage\":\"es\"},{\"@type\":\"WebPage\",\"@id\":\"https:\/\/www.mpppst.gob.ve\/mpppstweb\/index.php\/2021\/02\/21\/opinion-nicolas-y-el-metro-30-anos-despues\/\",\"url\":\"https:\/\/www.mpppst.gob.ve\/mpppstweb\/index.php\/2021\/02\/21\/opinion-nicolas-y-el-metro-30-anos-despues\/\",\"name\":\"Opini\u00f3n: NICOL\u00c1S Y EL METRO 30 A\u00d1OS DESPU\u00c9S - MPPPST\",\"isPartOf\":{\"@id\":\"https:\/\/www.mpppst.gob.ve\/mpppstweb\/#website\"},\"primaryImageOfPage\":{\"@id\":\"https:\/\/www.mpppst.gob.ve\/mpppstweb\/index.php\/2021\/02\/21\/opinion-nicolas-y-el-metro-30-anos-despues\/#primaryimage\"},\"image\":{\"@id\":\"https:\/\/www.mpppst.gob.ve\/mpppstweb\/index.php\/2021\/02\/21\/opinion-nicolas-y-el-metro-30-anos-despues\/#primaryimage\"},\"thumbnailUrl\":\"https:\/\/www.mpppst.gob.ve\/mpppstweb\/wp-content\/uploads\/2021\/02\/madurobus635-1.jpg\",\"datePublished\":\"2021-02-21T17:51:35+00:00\",\"dateModified\":\"2021-02-21T17:51:36+00:00\",\"breadcrumb\":{\"@id\":\"https:\/\/www.mpppst.gob.ve\/mpppstweb\/index.php\/2021\/02\/21\/opinion-nicolas-y-el-metro-30-anos-despues\/#breadcrumb\"},\"inLanguage\":\"es\",\"potentialAction\":[{\"@type\":\"ReadAction\",\"target\":[\"https:\/\/www.mpppst.gob.ve\/mpppstweb\/index.php\/2021\/02\/21\/opinion-nicolas-y-el-metro-30-anos-despues\/\"]}]},{\"@type\":\"ImageObject\",\"inLanguage\":\"es\",\"@id\":\"https:\/\/www.mpppst.gob.ve\/mpppstweb\/index.php\/2021\/02\/21\/opinion-nicolas-y-el-metro-30-anos-despues\/#primaryimage\",\"url\":\"https:\/\/www.mpppst.gob.ve\/mpppstweb\/wp-content\/uploads\/2021\/02\/madurobus635-1.jpg\",\"contentUrl\":\"https:\/\/www.mpppst.gob.ve\/mpppstweb\/wp-content\/uploads\/2021\/02\/madurobus635-1.jpg\",\"width\":635,\"height\":358},{\"@type\":\"BreadcrumbList\",\"@id\":\"https:\/\/www.mpppst.gob.ve\/mpppstweb\/index.php\/2021\/02\/21\/opinion-nicolas-y-el-metro-30-anos-despues\/#breadcrumb\",\"itemListElement\":[{\"@type\":\"ListItem\",\"position\":1,\"name\":\"Home\",\"item\":\"https:\/\/www.mpppst.gob.ve\/mpppstweb\/\"},{\"@type\":\"ListItem\",\"position\":2,\"name\":\"Opini\u00f3n: NICOL\u00c1S Y EL METRO 30 A\u00d1OS DESPU\u00c9S\"}]},{\"@type\":\"WebSite\",\"@id\":\"https:\/\/www.mpppst.gob.ve\/mpppstweb\/#website\",\"url\":\"https:\/\/www.mpppst.gob.ve\/mpppstweb\/\",\"name\":\"MPPPST\",\"description\":\"Ministerio del Poder Popular para el Proceso Social de Trabajo\",\"publisher\":{\"@id\":\"https:\/\/www.mpppst.gob.ve\/mpppstweb\/#organization\"},\"potentialAction\":[{\"@type\":\"SearchAction\",\"target\":{\"@type\":\"EntryPoint\",\"urlTemplate\":\"https:\/\/www.mpppst.gob.ve\/mpppstweb\/?s={search_term_string}\"},\"query-input\":\"required name=search_term_string\"}],\"inLanguage\":\"es\"},{\"@type\":\"Organization\",\"@id\":\"https:\/\/www.mpppst.gob.ve\/mpppstweb\/#organization\",\"name\":\"mpppst\",\"url\":\"https:\/\/www.mpppst.gob.ve\/mpppstweb\/\",\"logo\":{\"@type\":\"ImageObject\",\"inLanguage\":\"es\",\"@id\":\"https:\/\/www.mpppst.gob.ve\/mpppstweb\/#\/schema\/logo\/image\/\",\"url\":\"https:\/\/www.mpppst.gob.ve\/mpppstweb\/wp-content\/uploads\/2025\/07\/cropped-cropped-g910.png\",\"contentUrl\":\"https:\/\/www.mpppst.gob.ve\/mpppstweb\/wp-content\/uploads\/2025\/07\/cropped-cropped-g910.png\",\"width\":1080,\"height\":241,\"caption\":\"mpppst\"},\"image\":{\"@id\":\"https:\/\/www.mpppst.gob.ve\/mpppstweb\/#\/schema\/logo\/image\/\"}},{\"@type\":\"Person\",\"@id\":\"https:\/\/www.mpppst.gob.ve\/mpppstweb\/#\/schema\/person\/fc187ee8ead412bd4c9304b62f900ea4\",\"name\":\"MPPPST Prensa\",\"url\":\"https:\/\/www.mpppst.gob.ve\/mpppstweb\/index.php\/author\/prensa-mpppst\/\"}]}<\/script>\n<!-- \/ Yoast SEO plugin. -->","yoast_head_json":{"title":"Opini\u00f3n: NICOL\u00c1S Y EL METRO 30 A\u00d1OS DESPU\u00c9S - MPPPST","robots":{"index":"index","follow":"follow","max-snippet":"max-snippet:-1","max-image-preview":"max-image-preview:large","max-video-preview":"max-video-preview:-1"},"canonical":"https:\/\/www.mpppst.gob.ve\/mpppstweb\/index.php\/2021\/02\/21\/opinion-nicolas-y-el-metro-30-anos-despues\/","og_locale":"es_ES","og_type":"article","og_title":"Opini\u00f3n: NICOL\u00c1S Y EL METRO 30 A\u00d1OS DESPU\u00c9S - MPPPST","og_description":"Por Eduardo Pi\u00f1ate R.El 21 de febrero de 1991 ingres\u00f3 el actual Presidente de la Rep\u00fablica &hellip; Opini\u00f3n: NICOL\u00c1S Y EL METRO 30 A\u00d1OS DESPU\u00c9SRead more","og_url":"https:\/\/www.mpppst.gob.ve\/mpppstweb\/index.php\/2021\/02\/21\/opinion-nicolas-y-el-metro-30-anos-despues\/","og_site_name":"MPPPST","article_published_time":"2021-02-21T17:51:35+00:00","article_modified_time":"2021-02-21T17:51:36+00:00","og_image":[{"width":635,"height":358,"url":"https:\/\/www.mpppst.gob.ve\/mpppstweb\/wp-content\/uploads\/2021\/02\/madurobus635-1.jpg","type":"image\/jpeg"}],"author":"MPPPST Prensa","twitter_card":"summary_large_image","twitter_misc":{"Escrito por":"MPPPST Prensa","Tiempo de lectura":"2 minutos"},"schema":{"@context":"https:\/\/schema.org","@graph":[{"@type":"Article","@id":"https:\/\/www.mpppst.gob.ve\/mpppstweb\/index.php\/2021\/02\/21\/opinion-nicolas-y-el-metro-30-anos-despues\/#article","isPartOf":{"@id":"https:\/\/www.mpppst.gob.ve\/mpppstweb\/index.php\/2021\/02\/21\/opinion-nicolas-y-el-metro-30-anos-despues\/"},"author":{"name":"MPPPST Prensa","@id":"https:\/\/www.mpppst.gob.ve\/mpppstweb\/#\/schema\/person\/fc187ee8ead412bd4c9304b62f900ea4"},"headline":"Opini\u00f3n: NICOL\u00c1S Y EL METRO 30 A\u00d1OS DESPU\u00c9S","datePublished":"2021-02-21T17:51:35+00:00","dateModified":"2021-02-21T17:51:36+00:00","mainEntityOfPage":{"@id":"https:\/\/www.mpppst.gob.ve\/mpppstweb\/index.php\/2021\/02\/21\/opinion-nicolas-y-el-metro-30-anos-despues\/"},"wordCount":410,"publisher":{"@id":"https:\/\/www.mpppst.gob.ve\/mpppstweb\/#organization"},"image":{"@id":"https:\/\/www.mpppst.gob.ve\/mpppstweb\/index.php\/2021\/02\/21\/opinion-nicolas-y-el-metro-30-anos-despues\/#primaryimage"},"thumbnailUrl":"https:\/\/www.mpppst.gob.ve\/mpppstweb\/wp-content\/uploads\/2021\/02\/madurobus635-1.jpg","articleSection":["Gobierno Nacional","Noticias","Opini\u00f3n"],"inLanguage":"es"},{"@type":"WebPage","@id":"https:\/\/www.mpppst.gob.ve\/mpppstweb\/index.php\/2021\/02\/21\/opinion-nicolas-y-el-metro-30-anos-despues\/","url":"https:\/\/www.mpppst.gob.ve\/mpppstweb\/index.php\/2021\/02\/21\/opinion-nicolas-y-el-metro-30-anos-despues\/","name":"Opini\u00f3n: NICOL\u00c1S Y EL METRO 30 A\u00d1OS DESPU\u00c9S - MPPPST","isPartOf":{"@id":"https:\/\/www.mpppst.gob.ve\/mpppstweb\/#website"},"primaryImageOfPage":{"@id":"https:\/\/www.mpppst.gob.ve\/mpppstweb\/index.php\/2021\/02\/21\/opinion-nicolas-y-el-metro-30-anos-despues\/#primaryimage"},"image":{"@id":"https:\/\/www.mpppst.gob.ve\/mpppstweb\/index.php\/2021\/02\/21\/opinion-nicolas-y-el-metro-30-anos-despues\/#primaryimage"},"thumbnailUrl":"https:\/\/www.mpppst.gob.ve\/mpppstweb\/wp-content\/uploads\/2021\/02\/madurobus635-1.jpg","datePublished":"2021-02-21T17:51:35+00:00","dateModified":"2021-02-21T17:51:36+00:00","breadcrumb":{"@id":"https:\/\/www.mpppst.gob.ve\/mpppstweb\/index.php\/2021\/02\/21\/opinion-nicolas-y-el-metro-30-anos-despues\/#breadcrumb"},"inLanguage":"es","potentialAction":[{"@type":"ReadAction","target":["https:\/\/www.mpppst.gob.ve\/mpppstweb\/index.php\/2021\/02\/21\/opinion-nicolas-y-el-metro-30-anos-despues\/"]}]},{"@type":"ImageObject","inLanguage":"es","@id":"https:\/\/www.mpppst.gob.ve\/mpppstweb\/index.php\/2021\/02\/21\/opinion-nicolas-y-el-metro-30-anos-despues\/#primaryimage","url":"https:\/\/www.mpppst.gob.ve\/mpppstweb\/wp-content\/uploads\/2021\/02\/madurobus635-1.jpg","contentUrl":"https:\/\/www.mpppst.gob.ve\/mpppstweb\/wp-content\/uploads\/2021\/02\/madurobus635-1.jpg","width":635,"height":358},{"@type":"BreadcrumbList","@id":"https:\/\/www.mpppst.gob.ve\/mpppstweb\/index.php\/2021\/02\/21\/opinion-nicolas-y-el-metro-30-anos-despues\/#breadcrumb","itemListElement":[{"@type":"ListItem","position":1,"name":"Home","item":"https:\/\/www.mpppst.gob.ve\/mpppstweb\/"},{"@type":"ListItem","position":2,"name":"Opini\u00f3n: NICOL\u00c1S Y EL METRO 30 A\u00d1OS DESPU\u00c9S"}]},{"@type":"WebSite","@id":"https:\/\/www.mpppst.gob.ve\/mpppstweb\/#website","url":"https:\/\/www.mpppst.gob.ve\/mpppstweb\/","name":"MPPPST","description":"Ministerio del Poder Popular para el Proceso Social de Trabajo","publisher":{"@id":"https:\/\/www.mpppst.gob.ve\/mpppstweb\/#organization"},"potentialAction":[{"@type":"SearchAction","target":{"@type":"EntryPoint","urlTemplate":"https:\/\/www.mpppst.gob.ve\/mpppstweb\/?s={search_term_string}"},"query-input":"required name=search_term_string"}],"inLanguage":"es"},{"@type":"Organization","@id":"https:\/\/www.mpppst.gob.ve\/mpppstweb\/#organization","name":"mpppst","url":"https:\/\/www.mpppst.gob.ve\/mpppstweb\/","logo":{"@type":"ImageObject","inLanguage":"es","@id":"https:\/\/www.mpppst.gob.ve\/mpppstweb\/#\/schema\/logo\/image\/","url":"https:\/\/www.mpppst.gob.ve\/mpppstweb\/wp-content\/uploads\/2025\/07\/cropped-cropped-g910.png","contentUrl":"https:\/\/www.mpppst.gob.ve\/mpppstweb\/wp-content\/uploads\/2025\/07\/cropped-cropped-g910.png","width":1080,"height":241,"caption":"mpppst"},"image":{"@id":"https:\/\/www.mpppst.gob.ve\/mpppstweb\/#\/schema\/logo\/image\/"}},{"@type":"Person","@id":"https:\/\/www.mpppst.gob.ve\/mpppstweb\/#\/schema\/person\/fc187ee8ead412bd4c9304b62f900ea4","name":"MPPPST Prensa","url":"https:\/\/www.mpppst.gob.ve\/mpppstweb\/index.php\/author\/prensa-mpppst\/"}]}},"_links":{"self":[{"href":"https:\/\/www.mpppst.gob.ve\/mpppstweb\/index.php\/wp-json\/wp\/v2\/posts\/21560"}],"collection":[{"href":"https:\/\/www.mpppst.gob.ve\/mpppstweb\/index.php\/wp-json\/wp\/v2\/posts"}],"about":[{"href":"https:\/\/www.mpppst.gob.ve\/mpppstweb\/index.php\/wp-json\/wp\/v2\/types\/post"}],"author":[{"embeddable":true,"href":"https:\/\/www.mpppst.gob.ve\/mpppstweb\/index.php\/wp-json\/wp\/v2\/users\/25"}],"replies":[{"embeddable":true,"href":"https:\/\/www.mpppst.gob.ve\/mpppstweb\/index.php\/wp-json\/wp\/v2\/comments?post=21560"}],"version-history":[{"count":1,"href":"https:\/\/www.mpppst.gob.ve\/mpppstweb\/index.php\/wp-json\/wp\/v2\/posts\/21560\/revisions"}],"predecessor-version":[{"id":21565,"href":"https:\/\/www.mpppst.gob.ve\/mpppstweb\/index.php\/wp-json\/wp\/v2\/posts\/21560\/revisions\/21565"}],"wp:featuredmedia":[{"embeddable":true,"href":"https:\/\/www.mpppst.gob.ve\/mpppstweb\/index.php\/wp-json\/wp\/v2\/media\/21564"}],"wp:attachment":[{"href":"https:\/\/www.mpppst.gob.ve\/mpppstweb\/index.php\/wp-json\/wp\/v2\/media?parent=21560"}],"wp:term":[{"taxonomy":"category","embeddable":true,"href":"https:\/\/www.mpppst.gob.ve\/mpppstweb\/index.php\/wp-json\/wp\/v2\/categories?post=21560"},{"taxonomy":"post_tag","embeddable":true,"href":"https:\/\/www.mpppst.gob.ve\/mpppstweb\/index.php\/wp-json\/wp\/v2\/tags?post=21560"}],"curies":[{"name":"wp","href":"https:\/\/api.w.org\/{rel}","templated":true}]}}