{"id":21604,"date":"2021-02-25T08:34:23","date_gmt":"2021-02-25T12:34:23","guid":{"rendered":"http:\/\/www.mpppst.gob.ve\/mpppstweb\/?p=21604"},"modified":"2021-02-25T08:34:24","modified_gmt":"2021-02-25T12:34:24","slug":"gmvv-culmina-la-vivienda-3-489-977-para-la-familia-venezolana","status":"publish","type":"post","link":"https:\/\/www.mpppst.gob.ve\/mpppstweb\/index.php\/2021\/02\/25\/gmvv-culmina-la-vivienda-3-489-977-para-la-familia-venezolana\/","title":{"rendered":"GMVV culmina la vivienda 3.489.977 para la familia venezolana"},"content":{"rendered":"\n<p>En lo que va de&nbsp; a\u00f1o se han construido 3 millones 489 mil 977 viviendas destinadas a la familia venezolana, constituyendo una de las principales pol\u00edticas sociales que implementa la Revoluci\u00f3n Bolivariana.<\/p>\n\n\n\n<p>Esta cifra corresponde a un plan general que se implementa a trav\u00e9s de la Gran Misi\u00f3n Vivienda Venezuela (GMVV),&nbsp; inform\u00f3 el ministro del Poder Popular para H\u00e1bitat y Vivienda,&nbsp;<strong>Ildemaro Villarroel<\/strong>,<\/p>\n\n\n\n<p>Desde la reuni\u00f3n n\u00famero 6 del \u00d3rgano Superior del Sistema Nacional de Vivienda y H\u00e1bitat (OSNVH), que se llev\u00f3 a cabo en el estado Falc\u00f3n con la participaci\u00f3n de 72 salas conectadas mediante la plataforma digital con los representantes de los \u00d3rganos Municipales de Viviendas, y en compa\u00f1\u00eda del gobernador&nbsp;<strong>V\u00edctor Clark<\/strong>&nbsp;,y las autoridades de la entidad.<\/p>\n\n\n\n<p>En el encuentro, el ministro Villarroel anunci\u00f3 que la Gran Misi\u00f3n Barrio Nuevo Barrio Tricolor (Gmbnbt) rehabilit\u00f3 la vivienda 1 mill\u00f3n 498 mil 355, y a trav\u00e9s &nbsp;del Instituto Nacional de Tierras Urbanas (INTU) entreg\u00f3 un total de 1 mill\u00f3n 102 mil 371 t\u00edtulos de propiedad.<\/p>\n\n\n\n<p>\u201cEste a\u00f1o nosotros tenemos la meta de seguir llevando adelante nuestra Gran Misi\u00f3n Vivienda Venezuela como una de las principales pol\u00edticas de la Revoluci\u00f3n Bolivariana, en todos estos a\u00f1os ha dado a nuestro pueblo hogares dignos, y al mismo tiempo desde el estado Falc\u00f3n se est\u00e1n consolidando metas importantes en la ejecuci\u00f3n de viviendas y t\u00edtulos de tierras\u201d, indic\u00f3 el gobernador Clark. \/JML<\/p>\n\n\n\n<figure><iframe loading=\"lazy\" src=\"https:\/\/www.youtube.com\/embed\/cQFDx7_6Vr0\" width=\"560\" height=\"314\" allowfullscreen=\"allowfullscreen\"><\/iframe><\/figure>\n","protected":false},"excerpt":{"rendered":"<p>En lo que va de&nbsp; a\u00f1o se han construido 3 millones 489 mil 977 viviendas destinadas &hellip; <a title=\"GMVV culmina la vivienda 3.489.977 para la familia venezolana\" class=\"hm-read-more\" href=\"https:\/\/www.mpppst.gob.ve\/mpppstweb\/index.php\/2021\/02\/25\/gmvv-culmina-la-vivienda-3-489-977-para-la-familia-venezolana\/\"><span class=\"screen-reader-text\">GMVV culmina la vivienda 3.489.977 para la familia venezolana<\/span>Read more<\/a><\/p>\n","protected":false},"author":25,"featured_media":21605,"comment_status":"closed","ping_status":"closed","sticky":false,"template":"","format":"standard","meta":{"footnotes":""},"categories":[82,163],"tags":[],"yoast_head":"<!-- This site is optimized with the Yoast SEO plugin v22.5 - https:\/\/yoast.com\/wordpress\/plugins\/seo\/ -->\n<title>GMVV culmina la vivienda 3.489.977 para la familia venezolana - MPPPST<\/title>\n<meta name=\"robots\" content=\"index, follow, max-snippet:-1, max-image-preview:large, max-video-preview:-1\" \/>\n<link rel=\"canonical\" href=\"https:\/\/www.mpppst.gob.ve\/mpppstweb\/index.php\/2021\/02\/25\/gmvv-culmina-la-vivienda-3-489-977-para-la-familia-venezolana\/\" \/>\n<meta property=\"og:locale\" content=\"es_ES\" \/>\n<meta property=\"og:type\" content=\"article\" \/>\n<meta property=\"og:title\" content=\"GMVV culmina la vivienda 3.489.977 para la familia venezolana - MPPPST\" \/>\n<meta property=\"og:description\" content=\"En lo que va de&nbsp; a\u00f1o se han construido 3 millones 489 mil 977 viviendas destinadas &hellip; GMVV culmina la vivienda 3.489.977 para la familia venezolanaRead more\" \/>\n<meta property=\"og:url\" content=\"https:\/\/www.mpppst.gob.ve\/mpppstweb\/index.php\/2021\/02\/25\/gmvv-culmina-la-vivienda-3-489-977-para-la-familia-venezolana\/\" \/>\n<meta property=\"og:site_name\" content=\"MPPPST\" \/>\n<meta property=\"article:published_time\" content=\"2021-02-25T12:34:23+00:00\" \/>\n<meta property=\"article:modified_time\" content=\"2021-02-25T12:34:24+00:00\" \/>\n<meta property=\"og:image\" content=\"https:\/\/www.mpppst.gob.ve\/mpppstweb\/wp-content\/uploads\/2021\/02\/Foto-GMVV-768x427-1.jpg\" \/>\n\t<meta property=\"og:image:width\" content=\"768\" \/>\n\t<meta property=\"og:image:height\" content=\"427\" \/>\n\t<meta property=\"og:image:type\" content=\"image\/jpeg\" \/>\n<meta name=\"author\" content=\"MPPPST Prensa\" \/>\n<meta name=\"twitter:card\" content=\"summary_large_image\" \/>\n<meta name=\"twitter:label1\" content=\"Escrito por\" \/>\n\t<meta name=\"twitter:data1\" content=\"MPPPST Prensa\" \/>\n\t<meta name=\"twitter:label2\" content=\"Tiempo de lectura\" \/>\n\t<meta name=\"twitter:data2\" content=\"1 minuto\" \/>\n<script type=\"application\/ld+json\" class=\"yoast-schema-graph\">{\"@context\":\"https:\/\/schema.org\",\"@graph\":[{\"@type\":\"Article\",\"@id\":\"https:\/\/www.mpppst.gob.ve\/mpppstweb\/index.php\/2021\/02\/25\/gmvv-culmina-la-vivienda-3-489-977-para-la-familia-venezolana\/#article\",\"isPartOf\":{\"@id\":\"https:\/\/www.mpppst.gob.ve\/mpppstweb\/index.php\/2021\/02\/25\/gmvv-culmina-la-vivienda-3-489-977-para-la-familia-venezolana\/\"},\"author\":{\"name\":\"MPPPST Prensa\",\"@id\":\"https:\/\/www.mpppst.gob.ve\/mpppstweb\/#\/schema\/person\/fc187ee8ead412bd4c9304b62f900ea4\"},\"headline\":\"GMVV culmina la vivienda 3.489.977 para la familia venezolana\",\"datePublished\":\"2021-02-25T12:34:23+00:00\",\"dateModified\":\"2021-02-25T12:34:24+00:00\",\"mainEntityOfPage\":{\"@id\":\"https:\/\/www.mpppst.gob.ve\/mpppstweb\/index.php\/2021\/02\/25\/gmvv-culmina-la-vivienda-3-489-977-para-la-familia-venezolana\/\"},\"wordCount\":260,\"publisher\":{\"@id\":\"https:\/\/www.mpppst.gob.ve\/mpppstweb\/#organization\"},\"image\":{\"@id\":\"https:\/\/www.mpppst.gob.ve\/mpppstweb\/index.php\/2021\/02\/25\/gmvv-culmina-la-vivienda-3-489-977-para-la-familia-venezolana\/#primaryimage\"},\"thumbnailUrl\":\"https:\/\/www.mpppst.gob.ve\/mpppstweb\/wp-content\/uploads\/2021\/02\/Foto-GMVV-768x427-1.jpg\",\"articleSection\":[\"Gobierno Nacional\",\"Noticias\"],\"inLanguage\":\"es\"},{\"@type\":\"WebPage\",\"@id\":\"https:\/\/www.mpppst.gob.ve\/mpppstweb\/index.php\/2021\/02\/25\/gmvv-culmina-la-vivienda-3-489-977-para-la-familia-venezolana\/\",\"url\":\"https:\/\/www.mpppst.gob.ve\/mpppstweb\/index.php\/2021\/02\/25\/gmvv-culmina-la-vivienda-3-489-977-para-la-familia-venezolana\/\",\"name\":\"GMVV culmina la vivienda 3.489.977 para la familia venezolana - MPPPST\",\"isPartOf\":{\"@id\":\"https:\/\/www.mpppst.gob.ve\/mpppstweb\/#website\"},\"primaryImageOfPage\":{\"@id\":\"https:\/\/www.mpppst.gob.ve\/mpppstweb\/index.php\/2021\/02\/25\/gmvv-culmina-la-vivienda-3-489-977-para-la-familia-venezolana\/#primaryimage\"},\"image\":{\"@id\":\"https:\/\/www.mpppst.gob.ve\/mpppstweb\/index.php\/2021\/02\/25\/gmvv-culmina-la-vivienda-3-489-977-para-la-familia-venezolana\/#primaryimage\"},\"thumbnailUrl\":\"https:\/\/www.mpppst.gob.ve\/mpppstweb\/wp-content\/uploads\/2021\/02\/Foto-GMVV-768x427-1.jpg\",\"datePublished\":\"2021-02-25T12:34:23+00:00\",\"dateModified\":\"2021-02-25T12:34:24+00:00\",\"breadcrumb\":{\"@id\":\"https:\/\/www.mpppst.gob.ve\/mpppstweb\/index.php\/2021\/02\/25\/gmvv-culmina-la-vivienda-3-489-977-para-la-familia-venezolana\/#breadcrumb\"},\"inLanguage\":\"es\",\"potentialAction\":[{\"@type\":\"ReadAction\",\"target\":[\"https:\/\/www.mpppst.gob.ve\/mpppstweb\/index.php\/2021\/02\/25\/gmvv-culmina-la-vivienda-3-489-977-para-la-familia-venezolana\/\"]}]},{\"@type\":\"ImageObject\",\"inLanguage\":\"es\",\"@id\":\"https:\/\/www.mpppst.gob.ve\/mpppstweb\/index.php\/2021\/02\/25\/gmvv-culmina-la-vivienda-3-489-977-para-la-familia-venezolana\/#primaryimage\",\"url\":\"https:\/\/www.mpppst.gob.ve\/mpppstweb\/wp-content\/uploads\/2021\/02\/Foto-GMVV-768x427-1.jpg\",\"contentUrl\":\"https:\/\/www.mpppst.gob.ve\/mpppstweb\/wp-content\/uploads\/2021\/02\/Foto-GMVV-768x427-1.jpg\",\"width\":768,\"height\":427},{\"@type\":\"BreadcrumbList\",\"@id\":\"https:\/\/www.mpppst.gob.ve\/mpppstweb\/index.php\/2021\/02\/25\/gmvv-culmina-la-vivienda-3-489-977-para-la-familia-venezolana\/#breadcrumb\",\"itemListElement\":[{\"@type\":\"ListItem\",\"position\":1,\"name\":\"Home\",\"item\":\"https:\/\/www.mpppst.gob.ve\/mpppstweb\/\"},{\"@type\":\"ListItem\",\"position\":2,\"name\":\"GMVV culmina la vivienda 3.489.977 para la familia venezolana\"}]},{\"@type\":\"WebSite\",\"@id\":\"https:\/\/www.mpppst.gob.ve\/mpppstweb\/#website\",\"url\":\"https:\/\/www.mpppst.gob.ve\/mpppstweb\/\",\"name\":\"MPPPST\",\"description\":\"Ministerio del Poder Popular para el Proceso Social de Trabajo\",\"publisher\":{\"@id\":\"https:\/\/www.mpppst.gob.ve\/mpppstweb\/#organization\"},\"potentialAction\":[{\"@type\":\"SearchAction\",\"target\":{\"@type\":\"EntryPoint\",\"urlTemplate\":\"https:\/\/www.mpppst.gob.ve\/mpppstweb\/?s={search_term_string}\"},\"query-input\":\"required name=search_term_string\"}],\"inLanguage\":\"es\"},{\"@type\":\"Organization\",\"@id\":\"https:\/\/www.mpppst.gob.ve\/mpppstweb\/#organization\",\"name\":\"mpppst\",\"url\":\"https:\/\/www.mpppst.gob.ve\/mpppstweb\/\",\"logo\":{\"@type\":\"ImageObject\",\"inLanguage\":\"es\",\"@id\":\"https:\/\/www.mpppst.gob.ve\/mpppstweb\/#\/schema\/logo\/image\/\",\"url\":\"https:\/\/www.mpppst.gob.ve\/mpppstweb\/wp-content\/uploads\/2025\/07\/cropped-cropped-g910.png\",\"contentUrl\":\"https:\/\/www.mpppst.gob.ve\/mpppstweb\/wp-content\/uploads\/2025\/07\/cropped-cropped-g910.png\",\"width\":1080,\"height\":241,\"caption\":\"mpppst\"},\"image\":{\"@id\":\"https:\/\/www.mpppst.gob.ve\/mpppstweb\/#\/schema\/logo\/image\/\"}},{\"@type\":\"Person\",\"@id\":\"https:\/\/www.mpppst.gob.ve\/mpppstweb\/#\/schema\/person\/fc187ee8ead412bd4c9304b62f900ea4\",\"name\":\"MPPPST Prensa\",\"url\":\"https:\/\/www.mpppst.gob.ve\/mpppstweb\/index.php\/author\/prensa-mpppst\/\"}]}<\/script>\n<!-- \/ Yoast SEO plugin. -->","yoast_head_json":{"title":"GMVV culmina la vivienda 3.489.977 para la familia venezolana - MPPPST","robots":{"index":"index","follow":"follow","max-snippet":"max-snippet:-1","max-image-preview":"max-image-preview:large","max-video-preview":"max-video-preview:-1"},"canonical":"https:\/\/www.mpppst.gob.ve\/mpppstweb\/index.php\/2021\/02\/25\/gmvv-culmina-la-vivienda-3-489-977-para-la-familia-venezolana\/","og_locale":"es_ES","og_type":"article","og_title":"GMVV culmina la vivienda 3.489.977 para la familia venezolana - MPPPST","og_description":"En lo que va de&nbsp; a\u00f1o se han construido 3 millones 489 mil 977 viviendas destinadas &hellip; GMVV culmina la vivienda 3.489.977 para la familia venezolanaRead more","og_url":"https:\/\/www.mpppst.gob.ve\/mpppstweb\/index.php\/2021\/02\/25\/gmvv-culmina-la-vivienda-3-489-977-para-la-familia-venezolana\/","og_site_name":"MPPPST","article_published_time":"2021-02-25T12:34:23+00:00","article_modified_time":"2021-02-25T12:34:24+00:00","og_image":[{"width":768,"height":427,"url":"https:\/\/www.mpppst.gob.ve\/mpppstweb\/wp-content\/uploads\/2021\/02\/Foto-GMVV-768x427-1.jpg","type":"image\/jpeg"}],"author":"MPPPST Prensa","twitter_card":"summary_large_image","twitter_misc":{"Escrito por":"MPPPST Prensa","Tiempo de lectura":"1 minuto"},"schema":{"@context":"https:\/\/schema.org","@graph":[{"@type":"Article","@id":"https:\/\/www.mpppst.gob.ve\/mpppstweb\/index.php\/2021\/02\/25\/gmvv-culmina-la-vivienda-3-489-977-para-la-familia-venezolana\/#article","isPartOf":{"@id":"https:\/\/www.mpppst.gob.ve\/mpppstweb\/index.php\/2021\/02\/25\/gmvv-culmina-la-vivienda-3-489-977-para-la-familia-venezolana\/"},"author":{"name":"MPPPST Prensa","@id":"https:\/\/www.mpppst.gob.ve\/mpppstweb\/#\/schema\/person\/fc187ee8ead412bd4c9304b62f900ea4"},"headline":"GMVV culmina la vivienda 3.489.977 para la familia venezolana","datePublished":"2021-02-25T12:34:23+00:00","dateModified":"2021-02-25T12:34:24+00:00","mainEntityOfPage":{"@id":"https:\/\/www.mpppst.gob.ve\/mpppstweb\/index.php\/2021\/02\/25\/gmvv-culmina-la-vivienda-3-489-977-para-la-familia-venezolana\/"},"wordCount":260,"publisher":{"@id":"https:\/\/www.mpppst.gob.ve\/mpppstweb\/#organization"},"image":{"@id":"https:\/\/www.mpppst.gob.ve\/mpppstweb\/index.php\/2021\/02\/25\/gmvv-culmina-la-vivienda-3-489-977-para-la-familia-venezolana\/#primaryimage"},"thumbnailUrl":"https:\/\/www.mpppst.gob.ve\/mpppstweb\/wp-content\/uploads\/2021\/02\/Foto-GMVV-768x427-1.jpg","articleSection":["Gobierno Nacional","Noticias"],"inLanguage":"es"},{"@type":"WebPage","@id":"https:\/\/www.mpppst.gob.ve\/mpppstweb\/index.php\/2021\/02\/25\/gmvv-culmina-la-vivienda-3-489-977-para-la-familia-venezolana\/","url":"https:\/\/www.mpppst.gob.ve\/mpppstweb\/index.php\/2021\/02\/25\/gmvv-culmina-la-vivienda-3-489-977-para-la-familia-venezolana\/","name":"GMVV culmina la vivienda 3.489.977 para la familia venezolana - MPPPST","isPartOf":{"@id":"https:\/\/www.mpppst.gob.ve\/mpppstweb\/#website"},"primaryImageOfPage":{"@id":"https:\/\/www.mpppst.gob.ve\/mpppstweb\/index.php\/2021\/02\/25\/gmvv-culmina-la-vivienda-3-489-977-para-la-familia-venezolana\/#primaryimage"},"image":{"@id":"https:\/\/www.mpppst.gob.ve\/mpppstweb\/index.php\/2021\/02\/25\/gmvv-culmina-la-vivienda-3-489-977-para-la-familia-venezolana\/#primaryimage"},"thumbnailUrl":"https:\/\/www.mpppst.gob.ve\/mpppstweb\/wp-content\/uploads\/2021\/02\/Foto-GMVV-768x427-1.jpg","datePublished":"2021-02-25T12:34:23+00:00","dateModified":"2021-02-25T12:34:24+00:00","breadcrumb":{"@id":"https:\/\/www.mpppst.gob.ve\/mpppstweb\/index.php\/2021\/02\/25\/gmvv-culmina-la-vivienda-3-489-977-para-la-familia-venezolana\/#breadcrumb"},"inLanguage":"es","potentialAction":[{"@type":"ReadAction","target":["https:\/\/www.mpppst.gob.ve\/mpppstweb\/index.php\/2021\/02\/25\/gmvv-culmina-la-vivienda-3-489-977-para-la-familia-venezolana\/"]}]},{"@type":"ImageObject","inLanguage":"es","@id":"https:\/\/www.mpppst.gob.ve\/mpppstweb\/index.php\/2021\/02\/25\/gmvv-culmina-la-vivienda-3-489-977-para-la-familia-venezolana\/#primaryimage","url":"https:\/\/www.mpppst.gob.ve\/mpppstweb\/wp-content\/uploads\/2021\/02\/Foto-GMVV-768x427-1.jpg","contentUrl":"https:\/\/www.mpppst.gob.ve\/mpppstweb\/wp-content\/uploads\/2021\/02\/Foto-GMVV-768x427-1.jpg","width":768,"height":427},{"@type":"BreadcrumbList","@id":"https:\/\/www.mpppst.gob.ve\/mpppstweb\/index.php\/2021\/02\/25\/gmvv-culmina-la-vivienda-3-489-977-para-la-familia-venezolana\/#breadcrumb","itemListElement":[{"@type":"ListItem","position":1,"name":"Home","item":"https:\/\/www.mpppst.gob.ve\/mpppstweb\/"},{"@type":"ListItem","position":2,"name":"GMVV culmina la vivienda 3.489.977 para la familia venezolana"}]},{"@type":"WebSite","@id":"https:\/\/www.mpppst.gob.ve\/mpppstweb\/#website","url":"https:\/\/www.mpppst.gob.ve\/mpppstweb\/","name":"MPPPST","description":"Ministerio del Poder Popular para el Proceso Social de Trabajo","publisher":{"@id":"https:\/\/www.mpppst.gob.ve\/mpppstweb\/#organization"},"potentialAction":[{"@type":"SearchAction","target":{"@type":"EntryPoint","urlTemplate":"https:\/\/www.mpppst.gob.ve\/mpppstweb\/?s={search_term_string}"},"query-input":"required name=search_term_string"}],"inLanguage":"es"},{"@type":"Organization","@id":"https:\/\/www.mpppst.gob.ve\/mpppstweb\/#organization","name":"mpppst","url":"https:\/\/www.mpppst.gob.ve\/mpppstweb\/","logo":{"@type":"ImageObject","inLanguage":"es","@id":"https:\/\/www.mpppst.gob.ve\/mpppstweb\/#\/schema\/logo\/image\/","url":"https:\/\/www.mpppst.gob.ve\/mpppstweb\/wp-content\/uploads\/2025\/07\/cropped-cropped-g910.png","contentUrl":"https:\/\/www.mpppst.gob.ve\/mpppstweb\/wp-content\/uploads\/2025\/07\/cropped-cropped-g910.png","width":1080,"height":241,"caption":"mpppst"},"image":{"@id":"https:\/\/www.mpppst.gob.ve\/mpppstweb\/#\/schema\/logo\/image\/"}},{"@type":"Person","@id":"https:\/\/www.mpppst.gob.ve\/mpppstweb\/#\/schema\/person\/fc187ee8ead412bd4c9304b62f900ea4","name":"MPPPST Prensa","url":"https:\/\/www.mpppst.gob.ve\/mpppstweb\/index.php\/author\/prensa-mpppst\/"}]}},"_links":{"self":[{"href":"https:\/\/www.mpppst.gob.ve\/mpppstweb\/index.php\/wp-json\/wp\/v2\/posts\/21604"}],"collection":[{"href":"https:\/\/www.mpppst.gob.ve\/mpppstweb\/index.php\/wp-json\/wp\/v2\/posts"}],"about":[{"href":"https:\/\/www.mpppst.gob.ve\/mpppstweb\/index.php\/wp-json\/wp\/v2\/types\/post"}],"author":[{"embeddable":true,"href":"https:\/\/www.mpppst.gob.ve\/mpppstweb\/index.php\/wp-json\/wp\/v2\/users\/25"}],"replies":[{"embeddable":true,"href":"https:\/\/www.mpppst.gob.ve\/mpppstweb\/index.php\/wp-json\/wp\/v2\/comments?post=21604"}],"version-history":[{"count":1,"href":"https:\/\/www.mpppst.gob.ve\/mpppstweb\/index.php\/wp-json\/wp\/v2\/posts\/21604\/revisions"}],"predecessor-version":[{"id":21606,"href":"https:\/\/www.mpppst.gob.ve\/mpppstweb\/index.php\/wp-json\/wp\/v2\/posts\/21604\/revisions\/21606"}],"wp:featuredmedia":[{"embeddable":true,"href":"https:\/\/www.mpppst.gob.ve\/mpppstweb\/index.php\/wp-json\/wp\/v2\/media\/21605"}],"wp:attachment":[{"href":"https:\/\/www.mpppst.gob.ve\/mpppstweb\/index.php\/wp-json\/wp\/v2\/media?parent=21604"}],"wp:term":[{"taxonomy":"category","embeddable":true,"href":"https:\/\/www.mpppst.gob.ve\/mpppstweb\/index.php\/wp-json\/wp\/v2\/categories?post=21604"},{"taxonomy":"post_tag","embeddable":true,"href":"https:\/\/www.mpppst.gob.ve\/mpppstweb\/index.php\/wp-json\/wp\/v2\/tags?post=21604"}],"curies":[{"name":"wp","href":"https:\/\/api.w.org\/{rel}","templated":true}]}}