{"id":21610,"date":"2021-02-25T08:39:55","date_gmt":"2021-02-25T12:39:55","guid":{"rendered":"http:\/\/www.mpppst.gob.ve\/mpppstweb\/?p=21610"},"modified":"2021-02-25T08:39:56","modified_gmt":"2021-02-25T12:39:56","slug":"comision-para-la-defensa-del-territorio-de-la-guayana-esequiba-de-la-an-y-el-alto-mando-militar-evaluaron-propuestas-en-temas-geoestrategicos","status":"publish","type":"post","link":"https:\/\/www.mpppst.gob.ve\/mpppstweb\/index.php\/2021\/02\/25\/comision-para-la-defensa-del-territorio-de-la-guayana-esequiba-de-la-an-y-el-alto-mando-militar-evaluaron-propuestas-en-temas-geoestrategicos\/","title":{"rendered":"Comisi\u00f3n para la Defensa del Territorio de la Guayana Esequiba de la AN y el Alto Mando Militar evaluaron propuestas en temas geoestrat\u00e9gicos"},"content":{"rendered":"\n<p>La Comisi\u00f3n Especial para la Defensa del Territorio de la Guayana Esequiba de la Asamblea Nacional (AN) sostuvo este mi\u00e9rcoles una reuni\u00f3n con el Alto Mando Militar para evaluar asuntos geoestrat\u00e9gicos del pa\u00eds.<\/p>\n\n\n\n<p>Desde el Palacio Federal Legislativo, el presidente de la Comisi\u00f3n, diputado Hermann Escarr\u00e1, recibi\u00f3 al ministro del Poder Popular para la Defensa, G\/J Vladimir Padrino L\u00f3pez; al comandante Estrat\u00e9gico Operacional de la Fuerza Armada Nacional Bolivariana (Ceofanb), A\/J Remigio Ceballos; y a otros representantes de los cuerpos de seguridad de Venezuela.<\/p>\n\n\n\n<p>Escarr\u00e1 detall\u00f3 que fueron discutidos diversos temas sobre las acciones que se han realizado para la defensa de El Esequibo, incluyendo la presencia de la empresa petrolera estadounidense Exxon Mobil en ese territorio y las acciones a tomar; otro punto fue la iniciativa de hablar con el secretario general de la Organizaci\u00f3n de las Naciones Unidas (ONU), Ant\u00f3nio Guterres, para presentar directamente sus puntos de vista.<\/p>\n\n\n\n<figure><iframe allowfullscreen=\"true\" class=\"\" src=\"https:\/\/platform.twitter.com\/embed\/Tweet.html?creatorScreenName=VTVcanal8&amp;dnt=false&amp;embedId=twitter-widget-0&amp;frame=false&amp;hideCard=false&amp;hideThread=false&amp;id=1364649537793634312&amp;lang=es&amp;origin=https%3A%2F%2Fwww.vtv.gob.ve%2Fcomision-defensa-guayana-esequiba-an-mando-militar%2F&amp;siteScreenName=VTVcanal8&amp;theme=light&amp;widgetsVersion=889aa01%3A1612811843556&amp;width=550px\"><\/iframe><\/figure>\n\n\n\n<p>Tras un di\u00e1logo que dur\u00f3 m\u00e1s de cuatro horas, el presidente de la Comisi\u00f3n de la AN enfatiz\u00f3 que mantienen \u201cla tesis invariable de que El Esequibo es nuestro y no hay ninguna posibilidad de pensar en otra alternativa\u201d, mientras ratific\u00f3 que \u201cpor encima de cualquier circunstancia debe estar la unidad nacional para el ejercicio de la defensa de la soberan\u00eda en El Esequibo\u201d.<\/p>\n\n\n\n<p>El parlamentario Escarr\u00e1 present\u00f3 ante la plenaria de la AN&nbsp;<a href=\"https:\/\/www.vtv.gob.ve\/presentan-an-propuestas-defensa-guayana-esequiba\/\">100 propuestas y recomendaciones<\/a>&nbsp;elaboradas por la Comisi\u00f3n, en acuerdo mutuo, para el ejercicio de la defensa y soberan\u00eda de Venezuela sobre el territorio de la Guayana Esequiba.<\/p>\n\n\n\n<p><strong>Venezuela no perder\u00e1 ni un mil\u00edmetro m\u00e1s de su territorio<\/strong><\/p>\n\n\n\n<p>Por su parte, el ministro para la Defensa asever\u00f3 que la anterior AN busc\u00f3 propiciar el intervencionismo en Venezuela para la desintegraci\u00f3n del Estado y del territorio, por lo que, para la discusi\u00f3n de la situaci\u00f3n de la Guayana Esequiba se debe pensar en lo jur\u00eddico, geopol\u00edtico y geoestrat\u00e9gico.<\/p>\n\n\n\n<p>Padrino L\u00f3pez coment\u00f3 que \u201cse ha querido sembrar una matriz mundial de un estado opresor, Venezuela, que acciona sobre un pa\u00eds oprimido, la Rep\u00fablica Cooperativa de Guyana. Quienes hacen alarde de esa matriz desconocen por completo nuestra historia libertaria\u201d&nbsp;<\/p>\n\n\n\n<p>\u201cMientras que la Fuerza Armada Nacional Bolivariana (FANB) exista, Venezuela no perder\u00e1 un mil\u00edmetro m\u00e1s de su territorio. Sin actitud guerrerista ni de ofensiva. Mantenemos una posici\u00f3n de diplomacia de paz\u201d, acot\u00f3 el ministro Padrino L\u00f3pez.&nbsp;<\/p>\n","protected":false},"excerpt":{"rendered":"<p>La Comisi\u00f3n Especial para la Defensa del Territorio de la Guayana Esequiba de la Asamblea Nacional &hellip; <a title=\"Comisi\u00f3n para la Defensa del Territorio de la Guayana Esequiba de la AN y el Alto Mando Militar evaluaron propuestas en temas geoestrat\u00e9gicos\" class=\"hm-read-more\" href=\"https:\/\/www.mpppst.gob.ve\/mpppstweb\/index.php\/2021\/02\/25\/comision-para-la-defensa-del-territorio-de-la-guayana-esequiba-de-la-an-y-el-alto-mando-militar-evaluaron-propuestas-en-temas-geoestrategicos\/\"><span class=\"screen-reader-text\">Comisi\u00f3n para la Defensa del Territorio de la Guayana Esequiba de la AN y el Alto Mando Militar evaluaron propuestas en temas geoestrat\u00e9gicos<\/span>Read more<\/a><\/p>\n","protected":false},"author":25,"featured_media":21611,"comment_status":"closed","ping_status":"closed","sticky":false,"template":"","format":"standard","meta":{"footnotes":""},"categories":[82,163],"tags":[],"yoast_head":"<!-- This site is optimized with the Yoast SEO plugin v22.5 - https:\/\/yoast.com\/wordpress\/plugins\/seo\/ -->\n<title>Comisi\u00f3n para la Defensa del Territorio de la Guayana Esequiba de la AN y el Alto Mando Militar evaluaron propuestas en temas geoestrat\u00e9gicos - MPPPST<\/title>\n<meta name=\"robots\" content=\"index, follow, max-snippet:-1, max-image-preview:large, max-video-preview:-1\" \/>\n<link rel=\"canonical\" href=\"https:\/\/www.mpppst.gob.ve\/mpppstweb\/index.php\/2021\/02\/25\/comision-para-la-defensa-del-territorio-de-la-guayana-esequiba-de-la-an-y-el-alto-mando-militar-evaluaron-propuestas-en-temas-geoestrategicos\/\" \/>\n<meta property=\"og:locale\" content=\"es_ES\" \/>\n<meta property=\"og:type\" content=\"article\" \/>\n<meta property=\"og:title\" content=\"Comisi\u00f3n para la Defensa del Territorio de la Guayana Esequiba de la AN y el Alto Mando Militar evaluaron propuestas en temas geoestrat\u00e9gicos - MPPPST\" \/>\n<meta property=\"og:description\" content=\"La Comisi\u00f3n Especial para la Defensa del Territorio de la Guayana Esequiba de la Asamblea Nacional &hellip; Comisi\u00f3n para la Defensa del Territorio de la Guayana Esequiba de la AN y el Alto Mando Militar evaluaron propuestas en temas geoestrat\u00e9gicosRead more\" \/>\n<meta property=\"og:url\" content=\"https:\/\/www.mpppst.gob.ve\/mpppstweb\/index.php\/2021\/02\/25\/comision-para-la-defensa-del-territorio-de-la-guayana-esequiba-de-la-an-y-el-alto-mando-militar-evaluaron-propuestas-en-temas-geoestrategicos\/\" \/>\n<meta property=\"og:site_name\" content=\"MPPPST\" \/>\n<meta property=\"article:published_time\" content=\"2021-02-25T12:39:55+00:00\" \/>\n<meta property=\"article:modified_time\" content=\"2021-02-25T12:39:56+00:00\" \/>\n<meta property=\"og:image\" content=\"https:\/\/www.mpppst.gob.ve\/mpppstweb\/wp-content\/uploads\/2021\/02\/AN-3-768x427-1.jpg\" \/>\n\t<meta property=\"og:image:width\" content=\"768\" \/>\n\t<meta property=\"og:image:height\" content=\"427\" \/>\n\t<meta property=\"og:image:type\" content=\"image\/jpeg\" \/>\n<meta name=\"author\" content=\"MPPPST Prensa\" \/>\n<meta name=\"twitter:card\" content=\"summary_large_image\" \/>\n<meta name=\"twitter:label1\" content=\"Escrito por\" \/>\n\t<meta name=\"twitter:data1\" content=\"MPPPST Prensa\" \/>\n\t<meta name=\"twitter:label2\" content=\"Tiempo de lectura\" \/>\n\t<meta name=\"twitter:data2\" content=\"2 minutos\" \/>\n<script type=\"application\/ld+json\" class=\"yoast-schema-graph\">{\"@context\":\"https:\/\/schema.org\",\"@graph\":[{\"@type\":\"Article\",\"@id\":\"https:\/\/www.mpppst.gob.ve\/mpppstweb\/index.php\/2021\/02\/25\/comision-para-la-defensa-del-territorio-de-la-guayana-esequiba-de-la-an-y-el-alto-mando-militar-evaluaron-propuestas-en-temas-geoestrategicos\/#article\",\"isPartOf\":{\"@id\":\"https:\/\/www.mpppst.gob.ve\/mpppstweb\/index.php\/2021\/02\/25\/comision-para-la-defensa-del-territorio-de-la-guayana-esequiba-de-la-an-y-el-alto-mando-militar-evaluaron-propuestas-en-temas-geoestrategicos\/\"},\"author\":{\"name\":\"MPPPST Prensa\",\"@id\":\"https:\/\/www.mpppst.gob.ve\/mpppstweb\/#\/schema\/person\/fc187ee8ead412bd4c9304b62f900ea4\"},\"headline\":\"Comisi\u00f3n para la Defensa del Territorio de la Guayana Esequiba de la AN y el Alto Mando Militar evaluaron propuestas en temas geoestrat\u00e9gicos\",\"datePublished\":\"2021-02-25T12:39:55+00:00\",\"dateModified\":\"2021-02-25T12:39:56+00:00\",\"mainEntityOfPage\":{\"@id\":\"https:\/\/www.mpppst.gob.ve\/mpppstweb\/index.php\/2021\/02\/25\/comision-para-la-defensa-del-territorio-de-la-guayana-esequiba-de-la-an-y-el-alto-mando-militar-evaluaron-propuestas-en-temas-geoestrategicos\/\"},\"wordCount\":447,\"publisher\":{\"@id\":\"https:\/\/www.mpppst.gob.ve\/mpppstweb\/#organization\"},\"image\":{\"@id\":\"https:\/\/www.mpppst.gob.ve\/mpppstweb\/index.php\/2021\/02\/25\/comision-para-la-defensa-del-territorio-de-la-guayana-esequiba-de-la-an-y-el-alto-mando-militar-evaluaron-propuestas-en-temas-geoestrategicos\/#primaryimage\"},\"thumbnailUrl\":\"https:\/\/www.mpppst.gob.ve\/mpppstweb\/wp-content\/uploads\/2021\/02\/AN-3-768x427-1.jpg\",\"articleSection\":[\"Gobierno Nacional\",\"Noticias\"],\"inLanguage\":\"es\"},{\"@type\":\"WebPage\",\"@id\":\"https:\/\/www.mpppst.gob.ve\/mpppstweb\/index.php\/2021\/02\/25\/comision-para-la-defensa-del-territorio-de-la-guayana-esequiba-de-la-an-y-el-alto-mando-militar-evaluaron-propuestas-en-temas-geoestrategicos\/\",\"url\":\"https:\/\/www.mpppst.gob.ve\/mpppstweb\/index.php\/2021\/02\/25\/comision-para-la-defensa-del-territorio-de-la-guayana-esequiba-de-la-an-y-el-alto-mando-militar-evaluaron-propuestas-en-temas-geoestrategicos\/\",\"name\":\"Comisi\u00f3n para la Defensa del Territorio de la Guayana Esequiba de la AN y el Alto Mando Militar evaluaron propuestas en temas geoestrat\u00e9gicos - MPPPST\",\"isPartOf\":{\"@id\":\"https:\/\/www.mpppst.gob.ve\/mpppstweb\/#website\"},\"primaryImageOfPage\":{\"@id\":\"https:\/\/www.mpppst.gob.ve\/mpppstweb\/index.php\/2021\/02\/25\/comision-para-la-defensa-del-territorio-de-la-guayana-esequiba-de-la-an-y-el-alto-mando-militar-evaluaron-propuestas-en-temas-geoestrategicos\/#primaryimage\"},\"image\":{\"@id\":\"https:\/\/www.mpppst.gob.ve\/mpppstweb\/index.php\/2021\/02\/25\/comision-para-la-defensa-del-territorio-de-la-guayana-esequiba-de-la-an-y-el-alto-mando-militar-evaluaron-propuestas-en-temas-geoestrategicos\/#primaryimage\"},\"thumbnailUrl\":\"https:\/\/www.mpppst.gob.ve\/mpppstweb\/wp-content\/uploads\/2021\/02\/AN-3-768x427-1.jpg\",\"datePublished\":\"2021-02-25T12:39:55+00:00\",\"dateModified\":\"2021-02-25T12:39:56+00:00\",\"breadcrumb\":{\"@id\":\"https:\/\/www.mpppst.gob.ve\/mpppstweb\/index.php\/2021\/02\/25\/comision-para-la-defensa-del-territorio-de-la-guayana-esequiba-de-la-an-y-el-alto-mando-militar-evaluaron-propuestas-en-temas-geoestrategicos\/#breadcrumb\"},\"inLanguage\":\"es\",\"potentialAction\":[{\"@type\":\"ReadAction\",\"target\":[\"https:\/\/www.mpppst.gob.ve\/mpppstweb\/index.php\/2021\/02\/25\/comision-para-la-defensa-del-territorio-de-la-guayana-esequiba-de-la-an-y-el-alto-mando-militar-evaluaron-propuestas-en-temas-geoestrategicos\/\"]}]},{\"@type\":\"ImageObject\",\"inLanguage\":\"es\",\"@id\":\"https:\/\/www.mpppst.gob.ve\/mpppstweb\/index.php\/2021\/02\/25\/comision-para-la-defensa-del-territorio-de-la-guayana-esequiba-de-la-an-y-el-alto-mando-militar-evaluaron-propuestas-en-temas-geoestrategicos\/#primaryimage\",\"url\":\"https:\/\/www.mpppst.gob.ve\/mpppstweb\/wp-content\/uploads\/2021\/02\/AN-3-768x427-1.jpg\",\"contentUrl\":\"https:\/\/www.mpppst.gob.ve\/mpppstweb\/wp-content\/uploads\/2021\/02\/AN-3-768x427-1.jpg\",\"width\":768,\"height\":427},{\"@type\":\"BreadcrumbList\",\"@id\":\"https:\/\/www.mpppst.gob.ve\/mpppstweb\/index.php\/2021\/02\/25\/comision-para-la-defensa-del-territorio-de-la-guayana-esequiba-de-la-an-y-el-alto-mando-militar-evaluaron-propuestas-en-temas-geoestrategicos\/#breadcrumb\",\"itemListElement\":[{\"@type\":\"ListItem\",\"position\":1,\"name\":\"Home\",\"item\":\"https:\/\/www.mpppst.gob.ve\/mpppstweb\/\"},{\"@type\":\"ListItem\",\"position\":2,\"name\":\"Comisi\u00f3n para la Defensa del Territorio de la Guayana Esequiba de la AN y el Alto Mando Militar evaluaron propuestas en temas geoestrat\u00e9gicos\"}]},{\"@type\":\"WebSite\",\"@id\":\"https:\/\/www.mpppst.gob.ve\/mpppstweb\/#website\",\"url\":\"https:\/\/www.mpppst.gob.ve\/mpppstweb\/\",\"name\":\"MPPPST\",\"description\":\"Ministerio del Poder Popular para el Proceso Social de Trabajo\",\"publisher\":{\"@id\":\"https:\/\/www.mpppst.gob.ve\/mpppstweb\/#organization\"},\"potentialAction\":[{\"@type\":\"SearchAction\",\"target\":{\"@type\":\"EntryPoint\",\"urlTemplate\":\"https:\/\/www.mpppst.gob.ve\/mpppstweb\/?s={search_term_string}\"},\"query-input\":\"required name=search_term_string\"}],\"inLanguage\":\"es\"},{\"@type\":\"Organization\",\"@id\":\"https:\/\/www.mpppst.gob.ve\/mpppstweb\/#organization\",\"name\":\"mpppst\",\"url\":\"https:\/\/www.mpppst.gob.ve\/mpppstweb\/\",\"logo\":{\"@type\":\"ImageObject\",\"inLanguage\":\"es\",\"@id\":\"https:\/\/www.mpppst.gob.ve\/mpppstweb\/#\/schema\/logo\/image\/\",\"url\":\"https:\/\/www.mpppst.gob.ve\/mpppstweb\/wp-content\/uploads\/2025\/07\/cropped-cropped-g910.png\",\"contentUrl\":\"https:\/\/www.mpppst.gob.ve\/mpppstweb\/wp-content\/uploads\/2025\/07\/cropped-cropped-g910.png\",\"width\":1080,\"height\":241,\"caption\":\"mpppst\"},\"image\":{\"@id\":\"https:\/\/www.mpppst.gob.ve\/mpppstweb\/#\/schema\/logo\/image\/\"}},{\"@type\":\"Person\",\"@id\":\"https:\/\/www.mpppst.gob.ve\/mpppstweb\/#\/schema\/person\/fc187ee8ead412bd4c9304b62f900ea4\",\"name\":\"MPPPST Prensa\",\"url\":\"https:\/\/www.mpppst.gob.ve\/mpppstweb\/index.php\/author\/prensa-mpppst\/\"}]}<\/script>\n<!-- \/ Yoast SEO plugin. -->","yoast_head_json":{"title":"Comisi\u00f3n para la Defensa del Territorio de la Guayana Esequiba de la AN y el Alto Mando Militar evaluaron propuestas en temas geoestrat\u00e9gicos - MPPPST","robots":{"index":"index","follow":"follow","max-snippet":"max-snippet:-1","max-image-preview":"max-image-preview:large","max-video-preview":"max-video-preview:-1"},"canonical":"https:\/\/www.mpppst.gob.ve\/mpppstweb\/index.php\/2021\/02\/25\/comision-para-la-defensa-del-territorio-de-la-guayana-esequiba-de-la-an-y-el-alto-mando-militar-evaluaron-propuestas-en-temas-geoestrategicos\/","og_locale":"es_ES","og_type":"article","og_title":"Comisi\u00f3n para la Defensa del Territorio de la Guayana Esequiba de la AN y el Alto Mando Militar evaluaron propuestas en temas geoestrat\u00e9gicos - MPPPST","og_description":"La Comisi\u00f3n Especial para la Defensa del Territorio de la Guayana Esequiba de la Asamblea Nacional &hellip; Comisi\u00f3n para la Defensa del Territorio de la Guayana Esequiba de la AN y el Alto Mando Militar evaluaron propuestas en temas geoestrat\u00e9gicosRead more","og_url":"https:\/\/www.mpppst.gob.ve\/mpppstweb\/index.php\/2021\/02\/25\/comision-para-la-defensa-del-territorio-de-la-guayana-esequiba-de-la-an-y-el-alto-mando-militar-evaluaron-propuestas-en-temas-geoestrategicos\/","og_site_name":"MPPPST","article_published_time":"2021-02-25T12:39:55+00:00","article_modified_time":"2021-02-25T12:39:56+00:00","og_image":[{"width":768,"height":427,"url":"https:\/\/www.mpppst.gob.ve\/mpppstweb\/wp-content\/uploads\/2021\/02\/AN-3-768x427-1.jpg","type":"image\/jpeg"}],"author":"MPPPST Prensa","twitter_card":"summary_large_image","twitter_misc":{"Escrito por":"MPPPST Prensa","Tiempo de lectura":"2 minutos"},"schema":{"@context":"https:\/\/schema.org","@graph":[{"@type":"Article","@id":"https:\/\/www.mpppst.gob.ve\/mpppstweb\/index.php\/2021\/02\/25\/comision-para-la-defensa-del-territorio-de-la-guayana-esequiba-de-la-an-y-el-alto-mando-militar-evaluaron-propuestas-en-temas-geoestrategicos\/#article","isPartOf":{"@id":"https:\/\/www.mpppst.gob.ve\/mpppstweb\/index.php\/2021\/02\/25\/comision-para-la-defensa-del-territorio-de-la-guayana-esequiba-de-la-an-y-el-alto-mando-militar-evaluaron-propuestas-en-temas-geoestrategicos\/"},"author":{"name":"MPPPST Prensa","@id":"https:\/\/www.mpppst.gob.ve\/mpppstweb\/#\/schema\/person\/fc187ee8ead412bd4c9304b62f900ea4"},"headline":"Comisi\u00f3n para la Defensa del Territorio de la Guayana Esequiba de la AN y el Alto Mando Militar evaluaron propuestas en temas geoestrat\u00e9gicos","datePublished":"2021-02-25T12:39:55+00:00","dateModified":"2021-02-25T12:39:56+00:00","mainEntityOfPage":{"@id":"https:\/\/www.mpppst.gob.ve\/mpppstweb\/index.php\/2021\/02\/25\/comision-para-la-defensa-del-territorio-de-la-guayana-esequiba-de-la-an-y-el-alto-mando-militar-evaluaron-propuestas-en-temas-geoestrategicos\/"},"wordCount":447,"publisher":{"@id":"https:\/\/www.mpppst.gob.ve\/mpppstweb\/#organization"},"image":{"@id":"https:\/\/www.mpppst.gob.ve\/mpppstweb\/index.php\/2021\/02\/25\/comision-para-la-defensa-del-territorio-de-la-guayana-esequiba-de-la-an-y-el-alto-mando-militar-evaluaron-propuestas-en-temas-geoestrategicos\/#primaryimage"},"thumbnailUrl":"https:\/\/www.mpppst.gob.ve\/mpppstweb\/wp-content\/uploads\/2021\/02\/AN-3-768x427-1.jpg","articleSection":["Gobierno Nacional","Noticias"],"inLanguage":"es"},{"@type":"WebPage","@id":"https:\/\/www.mpppst.gob.ve\/mpppstweb\/index.php\/2021\/02\/25\/comision-para-la-defensa-del-territorio-de-la-guayana-esequiba-de-la-an-y-el-alto-mando-militar-evaluaron-propuestas-en-temas-geoestrategicos\/","url":"https:\/\/www.mpppst.gob.ve\/mpppstweb\/index.php\/2021\/02\/25\/comision-para-la-defensa-del-territorio-de-la-guayana-esequiba-de-la-an-y-el-alto-mando-militar-evaluaron-propuestas-en-temas-geoestrategicos\/","name":"Comisi\u00f3n para la Defensa del Territorio de la Guayana Esequiba de la AN y el Alto Mando Militar evaluaron propuestas en temas geoestrat\u00e9gicos - MPPPST","isPartOf":{"@id":"https:\/\/www.mpppst.gob.ve\/mpppstweb\/#website"},"primaryImageOfPage":{"@id":"https:\/\/www.mpppst.gob.ve\/mpppstweb\/index.php\/2021\/02\/25\/comision-para-la-defensa-del-territorio-de-la-guayana-esequiba-de-la-an-y-el-alto-mando-militar-evaluaron-propuestas-en-temas-geoestrategicos\/#primaryimage"},"image":{"@id":"https:\/\/www.mpppst.gob.ve\/mpppstweb\/index.php\/2021\/02\/25\/comision-para-la-defensa-del-territorio-de-la-guayana-esequiba-de-la-an-y-el-alto-mando-militar-evaluaron-propuestas-en-temas-geoestrategicos\/#primaryimage"},"thumbnailUrl":"https:\/\/www.mpppst.gob.ve\/mpppstweb\/wp-content\/uploads\/2021\/02\/AN-3-768x427-1.jpg","datePublished":"2021-02-25T12:39:55+00:00","dateModified":"2021-02-25T12:39:56+00:00","breadcrumb":{"@id":"https:\/\/www.mpppst.gob.ve\/mpppstweb\/index.php\/2021\/02\/25\/comision-para-la-defensa-del-territorio-de-la-guayana-esequiba-de-la-an-y-el-alto-mando-militar-evaluaron-propuestas-en-temas-geoestrategicos\/#breadcrumb"},"inLanguage":"es","potentialAction":[{"@type":"ReadAction","target":["https:\/\/www.mpppst.gob.ve\/mpppstweb\/index.php\/2021\/02\/25\/comision-para-la-defensa-del-territorio-de-la-guayana-esequiba-de-la-an-y-el-alto-mando-militar-evaluaron-propuestas-en-temas-geoestrategicos\/"]}]},{"@type":"ImageObject","inLanguage":"es","@id":"https:\/\/www.mpppst.gob.ve\/mpppstweb\/index.php\/2021\/02\/25\/comision-para-la-defensa-del-territorio-de-la-guayana-esequiba-de-la-an-y-el-alto-mando-militar-evaluaron-propuestas-en-temas-geoestrategicos\/#primaryimage","url":"https:\/\/www.mpppst.gob.ve\/mpppstweb\/wp-content\/uploads\/2021\/02\/AN-3-768x427-1.jpg","contentUrl":"https:\/\/www.mpppst.gob.ve\/mpppstweb\/wp-content\/uploads\/2021\/02\/AN-3-768x427-1.jpg","width":768,"height":427},{"@type":"BreadcrumbList","@id":"https:\/\/www.mpppst.gob.ve\/mpppstweb\/index.php\/2021\/02\/25\/comision-para-la-defensa-del-territorio-de-la-guayana-esequiba-de-la-an-y-el-alto-mando-militar-evaluaron-propuestas-en-temas-geoestrategicos\/#breadcrumb","itemListElement":[{"@type":"ListItem","position":1,"name":"Home","item":"https:\/\/www.mpppst.gob.ve\/mpppstweb\/"},{"@type":"ListItem","position":2,"name":"Comisi\u00f3n para la Defensa del Territorio de la Guayana Esequiba de la AN y el Alto Mando Militar evaluaron propuestas en temas geoestrat\u00e9gicos"}]},{"@type":"WebSite","@id":"https:\/\/www.mpppst.gob.ve\/mpppstweb\/#website","url":"https:\/\/www.mpppst.gob.ve\/mpppstweb\/","name":"MPPPST","description":"Ministerio del Poder Popular para el Proceso Social de Trabajo","publisher":{"@id":"https:\/\/www.mpppst.gob.ve\/mpppstweb\/#organization"},"potentialAction":[{"@type":"SearchAction","target":{"@type":"EntryPoint","urlTemplate":"https:\/\/www.mpppst.gob.ve\/mpppstweb\/?s={search_term_string}"},"query-input":"required name=search_term_string"}],"inLanguage":"es"},{"@type":"Organization","@id":"https:\/\/www.mpppst.gob.ve\/mpppstweb\/#organization","name":"mpppst","url":"https:\/\/www.mpppst.gob.ve\/mpppstweb\/","logo":{"@type":"ImageObject","inLanguage":"es","@id":"https:\/\/www.mpppst.gob.ve\/mpppstweb\/#\/schema\/logo\/image\/","url":"https:\/\/www.mpppst.gob.ve\/mpppstweb\/wp-content\/uploads\/2025\/07\/cropped-cropped-g910.png","contentUrl":"https:\/\/www.mpppst.gob.ve\/mpppstweb\/wp-content\/uploads\/2025\/07\/cropped-cropped-g910.png","width":1080,"height":241,"caption":"mpppst"},"image":{"@id":"https:\/\/www.mpppst.gob.ve\/mpppstweb\/#\/schema\/logo\/image\/"}},{"@type":"Person","@id":"https:\/\/www.mpppst.gob.ve\/mpppstweb\/#\/schema\/person\/fc187ee8ead412bd4c9304b62f900ea4","name":"MPPPST Prensa","url":"https:\/\/www.mpppst.gob.ve\/mpppstweb\/index.php\/author\/prensa-mpppst\/"}]}},"_links":{"self":[{"href":"https:\/\/www.mpppst.gob.ve\/mpppstweb\/index.php\/wp-json\/wp\/v2\/posts\/21610"}],"collection":[{"href":"https:\/\/www.mpppst.gob.ve\/mpppstweb\/index.php\/wp-json\/wp\/v2\/posts"}],"about":[{"href":"https:\/\/www.mpppst.gob.ve\/mpppstweb\/index.php\/wp-json\/wp\/v2\/types\/post"}],"author":[{"embeddable":true,"href":"https:\/\/www.mpppst.gob.ve\/mpppstweb\/index.php\/wp-json\/wp\/v2\/users\/25"}],"replies":[{"embeddable":true,"href":"https:\/\/www.mpppst.gob.ve\/mpppstweb\/index.php\/wp-json\/wp\/v2\/comments?post=21610"}],"version-history":[{"count":1,"href":"https:\/\/www.mpppst.gob.ve\/mpppstweb\/index.php\/wp-json\/wp\/v2\/posts\/21610\/revisions"}],"predecessor-version":[{"id":21612,"href":"https:\/\/www.mpppst.gob.ve\/mpppstweb\/index.php\/wp-json\/wp\/v2\/posts\/21610\/revisions\/21612"}],"wp:featuredmedia":[{"embeddable":true,"href":"https:\/\/www.mpppst.gob.ve\/mpppstweb\/index.php\/wp-json\/wp\/v2\/media\/21611"}],"wp:attachment":[{"href":"https:\/\/www.mpppst.gob.ve\/mpppstweb\/index.php\/wp-json\/wp\/v2\/media?parent=21610"}],"wp:term":[{"taxonomy":"category","embeddable":true,"href":"https:\/\/www.mpppst.gob.ve\/mpppstweb\/index.php\/wp-json\/wp\/v2\/categories?post=21610"},{"taxonomy":"post_tag","embeddable":true,"href":"https:\/\/www.mpppst.gob.ve\/mpppstweb\/index.php\/wp-json\/wp\/v2\/tags?post=21610"}],"curies":[{"name":"wp","href":"https:\/\/api.w.org\/{rel}","templated":true}]}}