{"id":21616,"date":"2021-02-25T18:56:39","date_gmt":"2021-02-25T22:56:39","guid":{"rendered":"http:\/\/www.mpppst.gob.ve\/mpppstweb\/?p=21616"},"modified":"2026-02-19T18:31:22","modified_gmt":"2026-02-19T22:31:22","slug":"instalan-primera-cohorte-de-comunidades-de-aprendizaje-para-la-formacion-continua-y-permanente-de-la-clase-obrera","status":"publish","type":"post","link":"https:\/\/www.mpppst.gob.ve\/mpppstweb\/index.php\/2021\/02\/25\/instalan-primera-cohorte-de-comunidades-de-aprendizaje-para-la-formacion-continua-y-permanente-de-la-clase-obrera\/","title":{"rendered":"Instalan primera cohorte de comunidades de aprendizaje para la formaci\u00f3n continua y permanente de la clase obrera."},"content":{"rendered":"\n<p>(Prensa Min Trabajo 25\/02\/21) El viceministro para la educaci\u00f3n y el trabajo para la liberaci\u00f3n del Ministerio del Poder Popular para el proceso social del trabajo, Edgar Blanco asever\u00f3, que cumpliendo con las instrucciones del Presidente de la Rep\u00fablica Nicol\u00e1s Maduro, este jueves se realiz\u00f3 la instalaci\u00f3n de la primera cohorte de las cinco Comunidades de Aprendizaje con la Universidad Nacional Experimental Sim\u00f3n Rodr\u00edguez, a trav\u00e9s de la Plataforma Virtual Zoom, desde la sede del Incret en El Para\u00edso.<br>En este sentido, el viceministro Blanco asever\u00f3, estamos dando continuidad a la puesta en marcha del marco del convenio de cooperaci\u00f3n interinstitucional de formaci\u00f3n suscrito en diciembre de 2020, entre el Ministerio para el Proceso Social de Trabajo, el Ministerio para Educaci\u00f3n Universitaria y distintas universidades del pa\u00eds que tiene como objetivo responder las necesidades de formaci\u00f3n y autoformaci\u00f3n colectiva, integral, continua y permanente de la clase obrera.<br>Record\u00f3 que el pasado martes el mandatario nacional Nicol\u00e1s Maduro instruy\u00f3 la formaci\u00f3n continua de la clase trabajadora, de los 33 ministerios y sus entes adscritos, incluyendo la empresa privada, en la conformaci\u00f3n, a su vez indic\u00f3, la preparaci\u00f3n de los que integran los Consejos Productivos de Trabajadores y Trabajadoras (CPTT).<\/p>\n\n\n\n<p>\u201cEn el Congreso Bicentenario de los Pueblos Capitulo Trabajadores, el jefe de Estado instruy\u00f3 la formaci\u00f3n de la clase trabajadora. En esta oportunidad estamos dando inicio para tener victorias tempranas en los pr\u00f3ximos meses de la mano con la Universidad Sim\u00f3n Rodr\u00edguez, su rectora, Alejandrina Reyes\u201d- resalt\u00f3 el viceministro Edgar Blanco.<br>La UNERS certificar\u00e1 mediante la instalaci\u00f3n de comunidades de aprendizaje, la acreditaci\u00f3n de saberes, que permitir\u00e1 atender las necesidades de formaci\u00f3n de los servidores p\u00fablicos acorde a las demanda dentro del proceso social de trabajo.<br>Seguidamente, afirm\u00f3, que tambi\u00e9n se realizan planes con las diferentes universidades que suscribieron el convenio para \u201cel reimpulso, la formaci\u00f3n y acompa\u00f1amiento de la clase trabajadora a lo largo y ancho de nuestro pa\u00eds. Tenemos mucho que dar, tenemos mucho que demostrar de la organizaci\u00f3n de la clase obrera a nivel internacional\u201d.<\/p>\n\n\n<div class=\"wp-block-image\">\n<figure class=\"aligncenter size-large is-resized\"><img decoding=\"async\" loading=\"lazy\" width=\"1024\" height=\"767\" src=\"http:\/\/www.mpppst.gob.ve\/mpppstweb\/wp-content\/uploads\/2021\/02\/IMG_20210225_134154-1024x767.jpg\" alt=\"\" class=\"wp-image-21617\" style=\"aspect-ratio:1.3350717079530638;width:405px;height:auto\" srcset=\"https:\/\/www.mpppst.gob.ve\/mpppstweb\/wp-content\/uploads\/2021\/02\/IMG_20210225_134154-1024x767.jpg 1024w, https:\/\/www.mpppst.gob.ve\/mpppstweb\/wp-content\/uploads\/2021\/02\/IMG_20210225_134154-300x225.jpg 300w, https:\/\/www.mpppst.gob.ve\/mpppstweb\/wp-content\/uploads\/2021\/02\/IMG_20210225_134154-768x575.jpg 768w, https:\/\/www.mpppst.gob.ve\/mpppstweb\/wp-content\/uploads\/2021\/02\/IMG_20210225_134154.jpg 1080w\" sizes=\"(max-width: 1024px) 100vw, 1024px\" \/><\/figure><\/div>","protected":false},"excerpt":{"rendered":"<p>(Prensa Min Trabajo 25\/02\/21) El viceministro para la educaci\u00f3n y el trabajo para la liberaci\u00f3n del &hellip; <a title=\"Instalan primera cohorte de comunidades de aprendizaje para la formaci\u00f3n continua y permanente de la clase obrera.\" class=\"hm-read-more\" href=\"https:\/\/www.mpppst.gob.ve\/mpppstweb\/index.php\/2021\/02\/25\/instalan-primera-cohorte-de-comunidades-de-aprendizaje-para-la-formacion-continua-y-permanente-de-la-clase-obrera\/\"><span class=\"screen-reader-text\">Instalan primera cohorte de comunidades de aprendizaje para la formaci\u00f3n continua y permanente de la clase obrera.<\/span>Read more<\/a><\/p>\n","protected":false},"author":25,"featured_media":21618,"comment_status":"closed","ping_status":"closed","sticky":false,"template":"","format":"standard","meta":{"footnotes":""},"categories":[82,163],"tags":[],"yoast_head":"<!-- This site is optimized with the Yoast SEO plugin v22.5 - https:\/\/yoast.com\/wordpress\/plugins\/seo\/ -->\n<title>Instalan primera cohorte de comunidades de aprendizaje para la formaci\u00f3n continua y permanente de la clase obrera. - MPPPST<\/title>\n<meta name=\"robots\" content=\"index, follow, max-snippet:-1, max-image-preview:large, max-video-preview:-1\" \/>\n<link rel=\"canonical\" href=\"https:\/\/www.mpppst.gob.ve\/mpppstweb\/index.php\/2021\/02\/25\/instalan-primera-cohorte-de-comunidades-de-aprendizaje-para-la-formacion-continua-y-permanente-de-la-clase-obrera\/\" \/>\n<meta property=\"og:locale\" content=\"es_ES\" \/>\n<meta property=\"og:type\" content=\"article\" \/>\n<meta property=\"og:title\" content=\"Instalan primera cohorte de comunidades de aprendizaje para la formaci\u00f3n continua y permanente de la clase obrera. - MPPPST\" \/>\n<meta property=\"og:description\" content=\"(Prensa Min Trabajo 25\/02\/21) El viceministro para la educaci\u00f3n y el trabajo para la liberaci\u00f3n del &hellip; Instalan primera cohorte de comunidades de aprendizaje para la formaci\u00f3n continua y permanente de la clase obrera.Read more\" \/>\n<meta property=\"og:url\" content=\"https:\/\/www.mpppst.gob.ve\/mpppstweb\/index.php\/2021\/02\/25\/instalan-primera-cohorte-de-comunidades-de-aprendizaje-para-la-formacion-continua-y-permanente-de-la-clase-obrera\/\" \/>\n<meta property=\"og:site_name\" content=\"MPPPST\" \/>\n<meta property=\"article:published_time\" content=\"2021-02-25T22:56:39+00:00\" \/>\n<meta property=\"article:modified_time\" content=\"2026-02-19T22:31:22+00:00\" \/>\n<meta property=\"og:image\" content=\"https:\/\/www.mpppst.gob.ve\/mpppstweb\/wp-content\/uploads\/2021\/02\/IMG-20210225-WA0056.jpg\" \/>\n\t<meta property=\"og:image:width\" content=\"1080\" \/>\n\t<meta property=\"og:image:height\" content=\"748\" \/>\n\t<meta property=\"og:image:type\" content=\"image\/jpeg\" \/>\n<meta name=\"author\" content=\"MPPPST Prensa\" \/>\n<meta name=\"twitter:card\" content=\"summary_large_image\" \/>\n<meta name=\"twitter:label1\" content=\"Escrito por\" \/>\n\t<meta name=\"twitter:data1\" content=\"MPPPST Prensa\" \/>\n\t<meta name=\"twitter:label2\" content=\"Tiempo de lectura\" \/>\n\t<meta name=\"twitter:data2\" content=\"2 minutos\" \/>\n<script type=\"application\/ld+json\" class=\"yoast-schema-graph\">{\"@context\":\"https:\/\/schema.org\",\"@graph\":[{\"@type\":\"Article\",\"@id\":\"https:\/\/www.mpppst.gob.ve\/mpppstweb\/index.php\/2021\/02\/25\/instalan-primera-cohorte-de-comunidades-de-aprendizaje-para-la-formacion-continua-y-permanente-de-la-clase-obrera\/#article\",\"isPartOf\":{\"@id\":\"https:\/\/www.mpppst.gob.ve\/mpppstweb\/index.php\/2021\/02\/25\/instalan-primera-cohorte-de-comunidades-de-aprendizaje-para-la-formacion-continua-y-permanente-de-la-clase-obrera\/\"},\"author\":{\"name\":\"MPPPST Prensa\",\"@id\":\"https:\/\/www.mpppst.gob.ve\/mpppstweb\/#\/schema\/person\/fc187ee8ead412bd4c9304b62f900ea4\"},\"headline\":\"Instalan primera cohorte de comunidades de aprendizaje para la formaci\u00f3n continua y permanente de la clase obrera.\",\"datePublished\":\"2021-02-25T22:56:39+00:00\",\"dateModified\":\"2026-02-19T22:31:22+00:00\",\"mainEntityOfPage\":{\"@id\":\"https:\/\/www.mpppst.gob.ve\/mpppstweb\/index.php\/2021\/02\/25\/instalan-primera-cohorte-de-comunidades-de-aprendizaje-para-la-formacion-continua-y-permanente-de-la-clase-obrera\/\"},\"wordCount\":384,\"publisher\":{\"@id\":\"https:\/\/www.mpppst.gob.ve\/mpppstweb\/#organization\"},\"image\":{\"@id\":\"https:\/\/www.mpppst.gob.ve\/mpppstweb\/index.php\/2021\/02\/25\/instalan-primera-cohorte-de-comunidades-de-aprendizaje-para-la-formacion-continua-y-permanente-de-la-clase-obrera\/#primaryimage\"},\"thumbnailUrl\":\"https:\/\/www.mpppst.gob.ve\/mpppstweb\/wp-content\/uploads\/2021\/02\/IMG-20210225-WA0056.jpg\",\"articleSection\":[\"Gobierno Nacional\",\"Noticias\"],\"inLanguage\":\"es\"},{\"@type\":\"WebPage\",\"@id\":\"https:\/\/www.mpppst.gob.ve\/mpppstweb\/index.php\/2021\/02\/25\/instalan-primera-cohorte-de-comunidades-de-aprendizaje-para-la-formacion-continua-y-permanente-de-la-clase-obrera\/\",\"url\":\"https:\/\/www.mpppst.gob.ve\/mpppstweb\/index.php\/2021\/02\/25\/instalan-primera-cohorte-de-comunidades-de-aprendizaje-para-la-formacion-continua-y-permanente-de-la-clase-obrera\/\",\"name\":\"Instalan primera cohorte de comunidades de aprendizaje para la formaci\u00f3n continua y permanente de la clase obrera. - MPPPST\",\"isPartOf\":{\"@id\":\"https:\/\/www.mpppst.gob.ve\/mpppstweb\/#website\"},\"primaryImageOfPage\":{\"@id\":\"https:\/\/www.mpppst.gob.ve\/mpppstweb\/index.php\/2021\/02\/25\/instalan-primera-cohorte-de-comunidades-de-aprendizaje-para-la-formacion-continua-y-permanente-de-la-clase-obrera\/#primaryimage\"},\"image\":{\"@id\":\"https:\/\/www.mpppst.gob.ve\/mpppstweb\/index.php\/2021\/02\/25\/instalan-primera-cohorte-de-comunidades-de-aprendizaje-para-la-formacion-continua-y-permanente-de-la-clase-obrera\/#primaryimage\"},\"thumbnailUrl\":\"https:\/\/www.mpppst.gob.ve\/mpppstweb\/wp-content\/uploads\/2021\/02\/IMG-20210225-WA0056.jpg\",\"datePublished\":\"2021-02-25T22:56:39+00:00\",\"dateModified\":\"2026-02-19T22:31:22+00:00\",\"breadcrumb\":{\"@id\":\"https:\/\/www.mpppst.gob.ve\/mpppstweb\/index.php\/2021\/02\/25\/instalan-primera-cohorte-de-comunidades-de-aprendizaje-para-la-formacion-continua-y-permanente-de-la-clase-obrera\/#breadcrumb\"},\"inLanguage\":\"es\",\"potentialAction\":[{\"@type\":\"ReadAction\",\"target\":[\"https:\/\/www.mpppst.gob.ve\/mpppstweb\/index.php\/2021\/02\/25\/instalan-primera-cohorte-de-comunidades-de-aprendizaje-para-la-formacion-continua-y-permanente-de-la-clase-obrera\/\"]}]},{\"@type\":\"ImageObject\",\"inLanguage\":\"es\",\"@id\":\"https:\/\/www.mpppst.gob.ve\/mpppstweb\/index.php\/2021\/02\/25\/instalan-primera-cohorte-de-comunidades-de-aprendizaje-para-la-formacion-continua-y-permanente-de-la-clase-obrera\/#primaryimage\",\"url\":\"https:\/\/www.mpppst.gob.ve\/mpppstweb\/wp-content\/uploads\/2021\/02\/IMG-20210225-WA0056.jpg\",\"contentUrl\":\"https:\/\/www.mpppst.gob.ve\/mpppstweb\/wp-content\/uploads\/2021\/02\/IMG-20210225-WA0056.jpg\",\"width\":1080,\"height\":748},{\"@type\":\"BreadcrumbList\",\"@id\":\"https:\/\/www.mpppst.gob.ve\/mpppstweb\/index.php\/2021\/02\/25\/instalan-primera-cohorte-de-comunidades-de-aprendizaje-para-la-formacion-continua-y-permanente-de-la-clase-obrera\/#breadcrumb\",\"itemListElement\":[{\"@type\":\"ListItem\",\"position\":1,\"name\":\"Home\",\"item\":\"https:\/\/www.mpppst.gob.ve\/mpppstweb\/\"},{\"@type\":\"ListItem\",\"position\":2,\"name\":\"Instalan primera cohorte de comunidades de aprendizaje para la formaci\u00f3n continua y permanente de la clase obrera.\"}]},{\"@type\":\"WebSite\",\"@id\":\"https:\/\/www.mpppst.gob.ve\/mpppstweb\/#website\",\"url\":\"https:\/\/www.mpppst.gob.ve\/mpppstweb\/\",\"name\":\"MPPPST\",\"description\":\"Ministerio del Poder Popular para el Proceso Social de Trabajo\",\"publisher\":{\"@id\":\"https:\/\/www.mpppst.gob.ve\/mpppstweb\/#organization\"},\"potentialAction\":[{\"@type\":\"SearchAction\",\"target\":{\"@type\":\"EntryPoint\",\"urlTemplate\":\"https:\/\/www.mpppst.gob.ve\/mpppstweb\/?s={search_term_string}\"},\"query-input\":\"required name=search_term_string\"}],\"inLanguage\":\"es\"},{\"@type\":\"Organization\",\"@id\":\"https:\/\/www.mpppst.gob.ve\/mpppstweb\/#organization\",\"name\":\"mpppst\",\"url\":\"https:\/\/www.mpppst.gob.ve\/mpppstweb\/\",\"logo\":{\"@type\":\"ImageObject\",\"inLanguage\":\"es\",\"@id\":\"https:\/\/www.mpppst.gob.ve\/mpppstweb\/#\/schema\/logo\/image\/\",\"url\":\"https:\/\/www.mpppst.gob.ve\/mpppstweb\/wp-content\/uploads\/2025\/07\/cropped-cropped-g910.png\",\"contentUrl\":\"https:\/\/www.mpppst.gob.ve\/mpppstweb\/wp-content\/uploads\/2025\/07\/cropped-cropped-g910.png\",\"width\":1080,\"height\":241,\"caption\":\"mpppst\"},\"image\":{\"@id\":\"https:\/\/www.mpppst.gob.ve\/mpppstweb\/#\/schema\/logo\/image\/\"}},{\"@type\":\"Person\",\"@id\":\"https:\/\/www.mpppst.gob.ve\/mpppstweb\/#\/schema\/person\/fc187ee8ead412bd4c9304b62f900ea4\",\"name\":\"MPPPST Prensa\",\"url\":\"https:\/\/www.mpppst.gob.ve\/mpppstweb\/index.php\/author\/prensa-mpppst\/\"}]}<\/script>\n<!-- \/ Yoast SEO plugin. -->","yoast_head_json":{"title":"Instalan primera cohorte de comunidades de aprendizaje para la formaci\u00f3n continua y permanente de la clase obrera. - MPPPST","robots":{"index":"index","follow":"follow","max-snippet":"max-snippet:-1","max-image-preview":"max-image-preview:large","max-video-preview":"max-video-preview:-1"},"canonical":"https:\/\/www.mpppst.gob.ve\/mpppstweb\/index.php\/2021\/02\/25\/instalan-primera-cohorte-de-comunidades-de-aprendizaje-para-la-formacion-continua-y-permanente-de-la-clase-obrera\/","og_locale":"es_ES","og_type":"article","og_title":"Instalan primera cohorte de comunidades de aprendizaje para la formaci\u00f3n continua y permanente de la clase obrera. - MPPPST","og_description":"(Prensa Min Trabajo 25\/02\/21) El viceministro para la educaci\u00f3n y el trabajo para la liberaci\u00f3n del &hellip; Instalan primera cohorte de comunidades de aprendizaje para la formaci\u00f3n continua y permanente de la clase obrera.Read more","og_url":"https:\/\/www.mpppst.gob.ve\/mpppstweb\/index.php\/2021\/02\/25\/instalan-primera-cohorte-de-comunidades-de-aprendizaje-para-la-formacion-continua-y-permanente-de-la-clase-obrera\/","og_site_name":"MPPPST","article_published_time":"2021-02-25T22:56:39+00:00","article_modified_time":"2026-02-19T22:31:22+00:00","og_image":[{"width":1080,"height":748,"url":"https:\/\/www.mpppst.gob.ve\/mpppstweb\/wp-content\/uploads\/2021\/02\/IMG-20210225-WA0056.jpg","type":"image\/jpeg"}],"author":"MPPPST Prensa","twitter_card":"summary_large_image","twitter_misc":{"Escrito por":"MPPPST Prensa","Tiempo de lectura":"2 minutos"},"schema":{"@context":"https:\/\/schema.org","@graph":[{"@type":"Article","@id":"https:\/\/www.mpppst.gob.ve\/mpppstweb\/index.php\/2021\/02\/25\/instalan-primera-cohorte-de-comunidades-de-aprendizaje-para-la-formacion-continua-y-permanente-de-la-clase-obrera\/#article","isPartOf":{"@id":"https:\/\/www.mpppst.gob.ve\/mpppstweb\/index.php\/2021\/02\/25\/instalan-primera-cohorte-de-comunidades-de-aprendizaje-para-la-formacion-continua-y-permanente-de-la-clase-obrera\/"},"author":{"name":"MPPPST Prensa","@id":"https:\/\/www.mpppst.gob.ve\/mpppstweb\/#\/schema\/person\/fc187ee8ead412bd4c9304b62f900ea4"},"headline":"Instalan primera cohorte de comunidades de aprendizaje para la formaci\u00f3n continua y permanente de la clase obrera.","datePublished":"2021-02-25T22:56:39+00:00","dateModified":"2026-02-19T22:31:22+00:00","mainEntityOfPage":{"@id":"https:\/\/www.mpppst.gob.ve\/mpppstweb\/index.php\/2021\/02\/25\/instalan-primera-cohorte-de-comunidades-de-aprendizaje-para-la-formacion-continua-y-permanente-de-la-clase-obrera\/"},"wordCount":384,"publisher":{"@id":"https:\/\/www.mpppst.gob.ve\/mpppstweb\/#organization"},"image":{"@id":"https:\/\/www.mpppst.gob.ve\/mpppstweb\/index.php\/2021\/02\/25\/instalan-primera-cohorte-de-comunidades-de-aprendizaje-para-la-formacion-continua-y-permanente-de-la-clase-obrera\/#primaryimage"},"thumbnailUrl":"https:\/\/www.mpppst.gob.ve\/mpppstweb\/wp-content\/uploads\/2021\/02\/IMG-20210225-WA0056.jpg","articleSection":["Gobierno Nacional","Noticias"],"inLanguage":"es"},{"@type":"WebPage","@id":"https:\/\/www.mpppst.gob.ve\/mpppstweb\/index.php\/2021\/02\/25\/instalan-primera-cohorte-de-comunidades-de-aprendizaje-para-la-formacion-continua-y-permanente-de-la-clase-obrera\/","url":"https:\/\/www.mpppst.gob.ve\/mpppstweb\/index.php\/2021\/02\/25\/instalan-primera-cohorte-de-comunidades-de-aprendizaje-para-la-formacion-continua-y-permanente-de-la-clase-obrera\/","name":"Instalan primera cohorte de comunidades de aprendizaje para la formaci\u00f3n continua y permanente de la clase obrera. - MPPPST","isPartOf":{"@id":"https:\/\/www.mpppst.gob.ve\/mpppstweb\/#website"},"primaryImageOfPage":{"@id":"https:\/\/www.mpppst.gob.ve\/mpppstweb\/index.php\/2021\/02\/25\/instalan-primera-cohorte-de-comunidades-de-aprendizaje-para-la-formacion-continua-y-permanente-de-la-clase-obrera\/#primaryimage"},"image":{"@id":"https:\/\/www.mpppst.gob.ve\/mpppstweb\/index.php\/2021\/02\/25\/instalan-primera-cohorte-de-comunidades-de-aprendizaje-para-la-formacion-continua-y-permanente-de-la-clase-obrera\/#primaryimage"},"thumbnailUrl":"https:\/\/www.mpppst.gob.ve\/mpppstweb\/wp-content\/uploads\/2021\/02\/IMG-20210225-WA0056.jpg","datePublished":"2021-02-25T22:56:39+00:00","dateModified":"2026-02-19T22:31:22+00:00","breadcrumb":{"@id":"https:\/\/www.mpppst.gob.ve\/mpppstweb\/index.php\/2021\/02\/25\/instalan-primera-cohorte-de-comunidades-de-aprendizaje-para-la-formacion-continua-y-permanente-de-la-clase-obrera\/#breadcrumb"},"inLanguage":"es","potentialAction":[{"@type":"ReadAction","target":["https:\/\/www.mpppst.gob.ve\/mpppstweb\/index.php\/2021\/02\/25\/instalan-primera-cohorte-de-comunidades-de-aprendizaje-para-la-formacion-continua-y-permanente-de-la-clase-obrera\/"]}]},{"@type":"ImageObject","inLanguage":"es","@id":"https:\/\/www.mpppst.gob.ve\/mpppstweb\/index.php\/2021\/02\/25\/instalan-primera-cohorte-de-comunidades-de-aprendizaje-para-la-formacion-continua-y-permanente-de-la-clase-obrera\/#primaryimage","url":"https:\/\/www.mpppst.gob.ve\/mpppstweb\/wp-content\/uploads\/2021\/02\/IMG-20210225-WA0056.jpg","contentUrl":"https:\/\/www.mpppst.gob.ve\/mpppstweb\/wp-content\/uploads\/2021\/02\/IMG-20210225-WA0056.jpg","width":1080,"height":748},{"@type":"BreadcrumbList","@id":"https:\/\/www.mpppst.gob.ve\/mpppstweb\/index.php\/2021\/02\/25\/instalan-primera-cohorte-de-comunidades-de-aprendizaje-para-la-formacion-continua-y-permanente-de-la-clase-obrera\/#breadcrumb","itemListElement":[{"@type":"ListItem","position":1,"name":"Home","item":"https:\/\/www.mpppst.gob.ve\/mpppstweb\/"},{"@type":"ListItem","position":2,"name":"Instalan primera cohorte de comunidades de aprendizaje para la formaci\u00f3n continua y permanente de la clase obrera."}]},{"@type":"WebSite","@id":"https:\/\/www.mpppst.gob.ve\/mpppstweb\/#website","url":"https:\/\/www.mpppst.gob.ve\/mpppstweb\/","name":"MPPPST","description":"Ministerio del Poder Popular para el Proceso Social de Trabajo","publisher":{"@id":"https:\/\/www.mpppst.gob.ve\/mpppstweb\/#organization"},"potentialAction":[{"@type":"SearchAction","target":{"@type":"EntryPoint","urlTemplate":"https:\/\/www.mpppst.gob.ve\/mpppstweb\/?s={search_term_string}"},"query-input":"required name=search_term_string"}],"inLanguage":"es"},{"@type":"Organization","@id":"https:\/\/www.mpppst.gob.ve\/mpppstweb\/#organization","name":"mpppst","url":"https:\/\/www.mpppst.gob.ve\/mpppstweb\/","logo":{"@type":"ImageObject","inLanguage":"es","@id":"https:\/\/www.mpppst.gob.ve\/mpppstweb\/#\/schema\/logo\/image\/","url":"https:\/\/www.mpppst.gob.ve\/mpppstweb\/wp-content\/uploads\/2025\/07\/cropped-cropped-g910.png","contentUrl":"https:\/\/www.mpppst.gob.ve\/mpppstweb\/wp-content\/uploads\/2025\/07\/cropped-cropped-g910.png","width":1080,"height":241,"caption":"mpppst"},"image":{"@id":"https:\/\/www.mpppst.gob.ve\/mpppstweb\/#\/schema\/logo\/image\/"}},{"@type":"Person","@id":"https:\/\/www.mpppst.gob.ve\/mpppstweb\/#\/schema\/person\/fc187ee8ead412bd4c9304b62f900ea4","name":"MPPPST Prensa","url":"https:\/\/www.mpppst.gob.ve\/mpppstweb\/index.php\/author\/prensa-mpppst\/"}]}},"_links":{"self":[{"href":"https:\/\/www.mpppst.gob.ve\/mpppstweb\/index.php\/wp-json\/wp\/v2\/posts\/21616"}],"collection":[{"href":"https:\/\/www.mpppst.gob.ve\/mpppstweb\/index.php\/wp-json\/wp\/v2\/posts"}],"about":[{"href":"https:\/\/www.mpppst.gob.ve\/mpppstweb\/index.php\/wp-json\/wp\/v2\/types\/post"}],"author":[{"embeddable":true,"href":"https:\/\/www.mpppst.gob.ve\/mpppstweb\/index.php\/wp-json\/wp\/v2\/users\/25"}],"replies":[{"embeddable":true,"href":"https:\/\/www.mpppst.gob.ve\/mpppstweb\/index.php\/wp-json\/wp\/v2\/comments?post=21616"}],"version-history":[{"count":2,"href":"https:\/\/www.mpppst.gob.ve\/mpppstweb\/index.php\/wp-json\/wp\/v2\/posts\/21616\/revisions"}],"predecessor-version":[{"id":28137,"href":"https:\/\/www.mpppst.gob.ve\/mpppstweb\/index.php\/wp-json\/wp\/v2\/posts\/21616\/revisions\/28137"}],"wp:featuredmedia":[{"embeddable":true,"href":"https:\/\/www.mpppst.gob.ve\/mpppstweb\/index.php\/wp-json\/wp\/v2\/media\/21618"}],"wp:attachment":[{"href":"https:\/\/www.mpppst.gob.ve\/mpppstweb\/index.php\/wp-json\/wp\/v2\/media?parent=21616"}],"wp:term":[{"taxonomy":"category","embeddable":true,"href":"https:\/\/www.mpppst.gob.ve\/mpppstweb\/index.php\/wp-json\/wp\/v2\/categories?post=21616"},{"taxonomy":"post_tag","embeddable":true,"href":"https:\/\/www.mpppst.gob.ve\/mpppstweb\/index.php\/wp-json\/wp\/v2\/tags?post=21616"}],"curies":[{"name":"wp","href":"https:\/\/api.w.org\/{rel}","templated":true}]}}