{"id":21628,"date":"2021-03-01T09:16:04","date_gmt":"2021-03-01T13:16:04","guid":{"rendered":"http:\/\/www.mpppst.gob.ve\/mpppstweb\/?p=21628"},"modified":"2021-03-01T09:16:04","modified_gmt":"2021-03-01T13:16:04","slug":"miranda-estrena-tres-bases-de-misiones-socialistas","status":"publish","type":"post","link":"https:\/\/www.mpppst.gob.ve\/mpppstweb\/index.php\/2021\/03\/01\/miranda-estrena-tres-bases-de-misiones-socialistas\/","title":{"rendered":"Miranda estrena tres Bases de Misiones Socialistas"},"content":{"rendered":"\n<p>El presidente constitucional de la Republica dio a conocer al pa\u00eds c\u00f3mo el pueblo organizado, en conjunto con el Gobierno Bolivariano, avanzan en la construcci\u00f3n de programas sociales para atender al pueblo y apalear a la guerra econ\u00f3mica inducida.<\/p>\n\n\n\n<p>Durante la celebraci\u00f3n del primer aniversario de los Gobiernos Comunitarios del estado Miranda, realizado en el Palacio de Miraflores este 28 de febrero, el Mandatario estableci\u00f3 contacto televisivo con habitantes del sector El Empedradero, de la parroquia San Francisco de Yare, municipio Sim\u00f3n Bol\u00edvar, de la entidad mirandina, para inaugurar la Base de Misiones Socialistas \u201cIndia Yara\u201d, donde ser\u00e1n atendidas m\u00e1s de mil 620 familias, lo que comprende 3 mil 925 venezolanos que se encuentran organizados en 23 comunidades y dos Comunas.<\/p>\n\n\n\n<p>Asimismo, en el urbanismo Jardines de Betania, parroquia Ocumare del Tuy, municipio Tom\u00e1s Lander, de la misma entidad se abrieron las puertas de la Base de Misiones Socialistas \u201cP\u00e1rica Coraz\u00f3n Valiente\u201d, donde bajo la modalidad punto y c\u00edrculo unas 40 mil personas, lo que se traduce en 14 mil familias, recibir\u00e1n asistencia en el \u00e1rea de salud, alimentaci\u00f3n y educaci\u00f3n.<\/p>\n\n\n\n<figure class=\"wp-block-image\"><img decoding=\"async\" src=\"http:\/\/www.minci.gob.ve\/wp-content\/uploads\/2021\/02\/b2a3f62c-7597-4ccb-8708-4203e27d226c.jpg\" alt=\"\" class=\"wp-image-421390\"\/><figcaption>Foto: Gobernaci\u00f3n de Miranda<\/figcaption><\/figure>\n\n\n\n<p>M\u00e1s adelante, el Dignatario mostr\u00f3 la Base de Misiones Socialista&nbsp; \u201cLa Guairita\u201d, ubicada en el sector La Guairita, parroquia Guarenas del municipio Plaza, espacio donde el pueblo organizado tendr\u00e1 acceso a programas sociales que fomenten el desarrollo econ\u00f3mico.<\/p>\n\n\n\n<p>En esta localidad mirandina 2 mil 91 familias, es decir, m\u00e1s de 5 mil 900 ciudadanos cuenta a partir de hoy con estos espacios donde podr\u00e1n, desde la organizaci\u00f3n, atacar las distintas problem\u00e1ticas de la comunidad al ser las Bases de Misiones \u201cel eje, la estructura y la sede de los gobiernos comunitarios\u201d.<\/p>\n\n\n\n<p><strong>Campeonato nacional de domin\u00f3<\/strong><\/p>\n\n\n\n<p>\u201c\u00a1Aprobado! convoco al campeonato nacional de domin\u00f3 de todos los Consejos Comunales del pa\u00eds, de los Comit\u00e9s Locales de Abastecimiento y Producci\u00f3n (CLAP) y del poder popular\u201d.<\/p>\n\n\n\n<p>As\u00ed lo anuncio el jefe de Estado y de Gobierno, Nicol\u00e1s Maduro Moros, al recibir la propuesta a trav\u00e9s de la red social Instagram.<\/p>\n\n\n\n<p>\u201cMe escribieron en tiempo real por Instagram: presidente convoque a un campeonato nacional de Domin\u00f3 de los consejos comunales y los ganadores vendr\u00edan a jugar contra el presidente y la primera combatiente\u201d, se\u00f1al\u00f3 desde el Palacio de Miraflores al celebrar el primer aniversario de los Gobiernos Comunitarios del estado Miranda.<\/p>\n\n\n\n<p>Prensa Presidencial<\/p>\n","protected":false},"excerpt":{"rendered":"<p>El presidente constitucional de la Republica dio a conocer al pa\u00eds c\u00f3mo el pueblo organizado, en &hellip; <a title=\"Miranda estrena tres Bases de Misiones Socialistas\" class=\"hm-read-more\" href=\"https:\/\/www.mpppst.gob.ve\/mpppstweb\/index.php\/2021\/03\/01\/miranda-estrena-tres-bases-de-misiones-socialistas\/\"><span class=\"screen-reader-text\">Miranda estrena tres Bases de Misiones Socialistas<\/span>Read more<\/a><\/p>\n","protected":false},"author":25,"featured_media":21629,"comment_status":"closed","ping_status":"closed","sticky":false,"template":"","format":"standard","meta":{"footnotes":""},"categories":[82,163],"tags":[],"yoast_head":"<!-- This site is optimized with the Yoast SEO plugin v22.5 - https:\/\/yoast.com\/wordpress\/plugins\/seo\/ -->\n<title>Miranda estrena tres Bases de Misiones Socialistas - MPPPST<\/title>\n<meta name=\"robots\" content=\"index, follow, max-snippet:-1, max-image-preview:large, max-video-preview:-1\" \/>\n<link rel=\"canonical\" href=\"https:\/\/www.mpppst.gob.ve\/mpppstweb\/index.php\/2021\/03\/01\/miranda-estrena-tres-bases-de-misiones-socialistas\/\" \/>\n<meta property=\"og:locale\" content=\"es_ES\" \/>\n<meta property=\"og:type\" content=\"article\" \/>\n<meta property=\"og:title\" content=\"Miranda estrena tres Bases de Misiones Socialistas - MPPPST\" \/>\n<meta property=\"og:description\" content=\"El presidente constitucional de la Republica dio a conocer al pa\u00eds c\u00f3mo el pueblo organizado, en &hellip; Miranda estrena tres Bases de Misiones SocialistasRead more\" \/>\n<meta property=\"og:url\" content=\"https:\/\/www.mpppst.gob.ve\/mpppstweb\/index.php\/2021\/03\/01\/miranda-estrena-tres-bases-de-misiones-socialistas\/\" \/>\n<meta property=\"og:site_name\" content=\"MPPPST\" \/>\n<meta property=\"article:published_time\" content=\"2021-03-01T13:16:04+00:00\" \/>\n<meta property=\"og:image\" content=\"https:\/\/www.mpppst.gob.ve\/mpppstweb\/wp-content\/uploads\/2021\/03\/001_001_MG__0155_P_W.jpg\" \/>\n\t<meta property=\"og:image:width\" content=\"960\" \/>\n\t<meta property=\"og:image:height\" content=\"640\" \/>\n\t<meta property=\"og:image:type\" content=\"image\/jpeg\" \/>\n<meta name=\"author\" content=\"MPPPST Prensa\" \/>\n<meta name=\"twitter:card\" content=\"summary_large_image\" \/>\n<meta name=\"twitter:label1\" content=\"Escrito por\" \/>\n\t<meta name=\"twitter:data1\" content=\"MPPPST Prensa\" \/>\n\t<meta name=\"twitter:label2\" content=\"Tiempo de lectura\" \/>\n\t<meta name=\"twitter:data2\" content=\"2 minutos\" \/>\n<script type=\"application\/ld+json\" class=\"yoast-schema-graph\">{\"@context\":\"https:\/\/schema.org\",\"@graph\":[{\"@type\":\"Article\",\"@id\":\"https:\/\/www.mpppst.gob.ve\/mpppstweb\/index.php\/2021\/03\/01\/miranda-estrena-tres-bases-de-misiones-socialistas\/#article\",\"isPartOf\":{\"@id\":\"https:\/\/www.mpppst.gob.ve\/mpppstweb\/index.php\/2021\/03\/01\/miranda-estrena-tres-bases-de-misiones-socialistas\/\"},\"author\":{\"name\":\"MPPPST Prensa\",\"@id\":\"https:\/\/www.mpppst.gob.ve\/mpppstweb\/#\/schema\/person\/fc187ee8ead412bd4c9304b62f900ea4\"},\"headline\":\"Miranda estrena tres Bases de Misiones Socialistas\",\"datePublished\":\"2021-03-01T13:16:04+00:00\",\"dateModified\":\"2021-03-01T13:16:04+00:00\",\"mainEntityOfPage\":{\"@id\":\"https:\/\/www.mpppst.gob.ve\/mpppstweb\/index.php\/2021\/03\/01\/miranda-estrena-tres-bases-de-misiones-socialistas\/\"},\"wordCount\":410,\"publisher\":{\"@id\":\"https:\/\/www.mpppst.gob.ve\/mpppstweb\/#organization\"},\"image\":{\"@id\":\"https:\/\/www.mpppst.gob.ve\/mpppstweb\/index.php\/2021\/03\/01\/miranda-estrena-tres-bases-de-misiones-socialistas\/#primaryimage\"},\"thumbnailUrl\":\"https:\/\/www.mpppst.gob.ve\/mpppstweb\/wp-content\/uploads\/2021\/03\/001_001_MG__0155_P_W.jpg\",\"articleSection\":[\"Gobierno Nacional\",\"Noticias\"],\"inLanguage\":\"es\"},{\"@type\":\"WebPage\",\"@id\":\"https:\/\/www.mpppst.gob.ve\/mpppstweb\/index.php\/2021\/03\/01\/miranda-estrena-tres-bases-de-misiones-socialistas\/\",\"url\":\"https:\/\/www.mpppst.gob.ve\/mpppstweb\/index.php\/2021\/03\/01\/miranda-estrena-tres-bases-de-misiones-socialistas\/\",\"name\":\"Miranda estrena tres Bases de Misiones Socialistas - MPPPST\",\"isPartOf\":{\"@id\":\"https:\/\/www.mpppst.gob.ve\/mpppstweb\/#website\"},\"primaryImageOfPage\":{\"@id\":\"https:\/\/www.mpppst.gob.ve\/mpppstweb\/index.php\/2021\/03\/01\/miranda-estrena-tres-bases-de-misiones-socialistas\/#primaryimage\"},\"image\":{\"@id\":\"https:\/\/www.mpppst.gob.ve\/mpppstweb\/index.php\/2021\/03\/01\/miranda-estrena-tres-bases-de-misiones-socialistas\/#primaryimage\"},\"thumbnailUrl\":\"https:\/\/www.mpppst.gob.ve\/mpppstweb\/wp-content\/uploads\/2021\/03\/001_001_MG__0155_P_W.jpg\",\"datePublished\":\"2021-03-01T13:16:04+00:00\",\"dateModified\":\"2021-03-01T13:16:04+00:00\",\"breadcrumb\":{\"@id\":\"https:\/\/www.mpppst.gob.ve\/mpppstweb\/index.php\/2021\/03\/01\/miranda-estrena-tres-bases-de-misiones-socialistas\/#breadcrumb\"},\"inLanguage\":\"es\",\"potentialAction\":[{\"@type\":\"ReadAction\",\"target\":[\"https:\/\/www.mpppst.gob.ve\/mpppstweb\/index.php\/2021\/03\/01\/miranda-estrena-tres-bases-de-misiones-socialistas\/\"]}]},{\"@type\":\"ImageObject\",\"inLanguage\":\"es\",\"@id\":\"https:\/\/www.mpppst.gob.ve\/mpppstweb\/index.php\/2021\/03\/01\/miranda-estrena-tres-bases-de-misiones-socialistas\/#primaryimage\",\"url\":\"https:\/\/www.mpppst.gob.ve\/mpppstweb\/wp-content\/uploads\/2021\/03\/001_001_MG__0155_P_W.jpg\",\"contentUrl\":\"https:\/\/www.mpppst.gob.ve\/mpppstweb\/wp-content\/uploads\/2021\/03\/001_001_MG__0155_P_W.jpg\",\"width\":960,\"height\":640},{\"@type\":\"BreadcrumbList\",\"@id\":\"https:\/\/www.mpppst.gob.ve\/mpppstweb\/index.php\/2021\/03\/01\/miranda-estrena-tres-bases-de-misiones-socialistas\/#breadcrumb\",\"itemListElement\":[{\"@type\":\"ListItem\",\"position\":1,\"name\":\"Home\",\"item\":\"https:\/\/www.mpppst.gob.ve\/mpppstweb\/\"},{\"@type\":\"ListItem\",\"position\":2,\"name\":\"Miranda estrena tres Bases de Misiones Socialistas\"}]},{\"@type\":\"WebSite\",\"@id\":\"https:\/\/www.mpppst.gob.ve\/mpppstweb\/#website\",\"url\":\"https:\/\/www.mpppst.gob.ve\/mpppstweb\/\",\"name\":\"MPPPST\",\"description\":\"Ministerio del Poder Popular para el Proceso Social de Trabajo\",\"publisher\":{\"@id\":\"https:\/\/www.mpppst.gob.ve\/mpppstweb\/#organization\"},\"potentialAction\":[{\"@type\":\"SearchAction\",\"target\":{\"@type\":\"EntryPoint\",\"urlTemplate\":\"https:\/\/www.mpppst.gob.ve\/mpppstweb\/?s={search_term_string}\"},\"query-input\":\"required name=search_term_string\"}],\"inLanguage\":\"es\"},{\"@type\":\"Organization\",\"@id\":\"https:\/\/www.mpppst.gob.ve\/mpppstweb\/#organization\",\"name\":\"mpppst\",\"url\":\"https:\/\/www.mpppst.gob.ve\/mpppstweb\/\",\"logo\":{\"@type\":\"ImageObject\",\"inLanguage\":\"es\",\"@id\":\"https:\/\/www.mpppst.gob.ve\/mpppstweb\/#\/schema\/logo\/image\/\",\"url\":\"https:\/\/www.mpppst.gob.ve\/mpppstweb\/wp-content\/uploads\/2025\/07\/cropped-cropped-g910.png\",\"contentUrl\":\"https:\/\/www.mpppst.gob.ve\/mpppstweb\/wp-content\/uploads\/2025\/07\/cropped-cropped-g910.png\",\"width\":1080,\"height\":241,\"caption\":\"mpppst\"},\"image\":{\"@id\":\"https:\/\/www.mpppst.gob.ve\/mpppstweb\/#\/schema\/logo\/image\/\"}},{\"@type\":\"Person\",\"@id\":\"https:\/\/www.mpppst.gob.ve\/mpppstweb\/#\/schema\/person\/fc187ee8ead412bd4c9304b62f900ea4\",\"name\":\"MPPPST Prensa\",\"url\":\"https:\/\/www.mpppst.gob.ve\/mpppstweb\/index.php\/author\/prensa-mpppst\/\"}]}<\/script>\n<!-- \/ Yoast SEO plugin. -->","yoast_head_json":{"title":"Miranda estrena tres Bases de Misiones Socialistas - MPPPST","robots":{"index":"index","follow":"follow","max-snippet":"max-snippet:-1","max-image-preview":"max-image-preview:large","max-video-preview":"max-video-preview:-1"},"canonical":"https:\/\/www.mpppst.gob.ve\/mpppstweb\/index.php\/2021\/03\/01\/miranda-estrena-tres-bases-de-misiones-socialistas\/","og_locale":"es_ES","og_type":"article","og_title":"Miranda estrena tres Bases de Misiones Socialistas - MPPPST","og_description":"El presidente constitucional de la Republica dio a conocer al pa\u00eds c\u00f3mo el pueblo organizado, en &hellip; Miranda estrena tres Bases de Misiones SocialistasRead more","og_url":"https:\/\/www.mpppst.gob.ve\/mpppstweb\/index.php\/2021\/03\/01\/miranda-estrena-tres-bases-de-misiones-socialistas\/","og_site_name":"MPPPST","article_published_time":"2021-03-01T13:16:04+00:00","og_image":[{"width":960,"height":640,"url":"https:\/\/www.mpppst.gob.ve\/mpppstweb\/wp-content\/uploads\/2021\/03\/001_001_MG__0155_P_W.jpg","type":"image\/jpeg"}],"author":"MPPPST Prensa","twitter_card":"summary_large_image","twitter_misc":{"Escrito por":"MPPPST Prensa","Tiempo de lectura":"2 minutos"},"schema":{"@context":"https:\/\/schema.org","@graph":[{"@type":"Article","@id":"https:\/\/www.mpppst.gob.ve\/mpppstweb\/index.php\/2021\/03\/01\/miranda-estrena-tres-bases-de-misiones-socialistas\/#article","isPartOf":{"@id":"https:\/\/www.mpppst.gob.ve\/mpppstweb\/index.php\/2021\/03\/01\/miranda-estrena-tres-bases-de-misiones-socialistas\/"},"author":{"name":"MPPPST Prensa","@id":"https:\/\/www.mpppst.gob.ve\/mpppstweb\/#\/schema\/person\/fc187ee8ead412bd4c9304b62f900ea4"},"headline":"Miranda estrena tres Bases de Misiones Socialistas","datePublished":"2021-03-01T13:16:04+00:00","dateModified":"2021-03-01T13:16:04+00:00","mainEntityOfPage":{"@id":"https:\/\/www.mpppst.gob.ve\/mpppstweb\/index.php\/2021\/03\/01\/miranda-estrena-tres-bases-de-misiones-socialistas\/"},"wordCount":410,"publisher":{"@id":"https:\/\/www.mpppst.gob.ve\/mpppstweb\/#organization"},"image":{"@id":"https:\/\/www.mpppst.gob.ve\/mpppstweb\/index.php\/2021\/03\/01\/miranda-estrena-tres-bases-de-misiones-socialistas\/#primaryimage"},"thumbnailUrl":"https:\/\/www.mpppst.gob.ve\/mpppstweb\/wp-content\/uploads\/2021\/03\/001_001_MG__0155_P_W.jpg","articleSection":["Gobierno Nacional","Noticias"],"inLanguage":"es"},{"@type":"WebPage","@id":"https:\/\/www.mpppst.gob.ve\/mpppstweb\/index.php\/2021\/03\/01\/miranda-estrena-tres-bases-de-misiones-socialistas\/","url":"https:\/\/www.mpppst.gob.ve\/mpppstweb\/index.php\/2021\/03\/01\/miranda-estrena-tres-bases-de-misiones-socialistas\/","name":"Miranda estrena tres Bases de Misiones Socialistas - MPPPST","isPartOf":{"@id":"https:\/\/www.mpppst.gob.ve\/mpppstweb\/#website"},"primaryImageOfPage":{"@id":"https:\/\/www.mpppst.gob.ve\/mpppstweb\/index.php\/2021\/03\/01\/miranda-estrena-tres-bases-de-misiones-socialistas\/#primaryimage"},"image":{"@id":"https:\/\/www.mpppst.gob.ve\/mpppstweb\/index.php\/2021\/03\/01\/miranda-estrena-tres-bases-de-misiones-socialistas\/#primaryimage"},"thumbnailUrl":"https:\/\/www.mpppst.gob.ve\/mpppstweb\/wp-content\/uploads\/2021\/03\/001_001_MG__0155_P_W.jpg","datePublished":"2021-03-01T13:16:04+00:00","dateModified":"2021-03-01T13:16:04+00:00","breadcrumb":{"@id":"https:\/\/www.mpppst.gob.ve\/mpppstweb\/index.php\/2021\/03\/01\/miranda-estrena-tres-bases-de-misiones-socialistas\/#breadcrumb"},"inLanguage":"es","potentialAction":[{"@type":"ReadAction","target":["https:\/\/www.mpppst.gob.ve\/mpppstweb\/index.php\/2021\/03\/01\/miranda-estrena-tres-bases-de-misiones-socialistas\/"]}]},{"@type":"ImageObject","inLanguage":"es","@id":"https:\/\/www.mpppst.gob.ve\/mpppstweb\/index.php\/2021\/03\/01\/miranda-estrena-tres-bases-de-misiones-socialistas\/#primaryimage","url":"https:\/\/www.mpppst.gob.ve\/mpppstweb\/wp-content\/uploads\/2021\/03\/001_001_MG__0155_P_W.jpg","contentUrl":"https:\/\/www.mpppst.gob.ve\/mpppstweb\/wp-content\/uploads\/2021\/03\/001_001_MG__0155_P_W.jpg","width":960,"height":640},{"@type":"BreadcrumbList","@id":"https:\/\/www.mpppst.gob.ve\/mpppstweb\/index.php\/2021\/03\/01\/miranda-estrena-tres-bases-de-misiones-socialistas\/#breadcrumb","itemListElement":[{"@type":"ListItem","position":1,"name":"Home","item":"https:\/\/www.mpppst.gob.ve\/mpppstweb\/"},{"@type":"ListItem","position":2,"name":"Miranda estrena tres Bases de Misiones Socialistas"}]},{"@type":"WebSite","@id":"https:\/\/www.mpppst.gob.ve\/mpppstweb\/#website","url":"https:\/\/www.mpppst.gob.ve\/mpppstweb\/","name":"MPPPST","description":"Ministerio del Poder Popular para el Proceso Social de Trabajo","publisher":{"@id":"https:\/\/www.mpppst.gob.ve\/mpppstweb\/#organization"},"potentialAction":[{"@type":"SearchAction","target":{"@type":"EntryPoint","urlTemplate":"https:\/\/www.mpppst.gob.ve\/mpppstweb\/?s={search_term_string}"},"query-input":"required name=search_term_string"}],"inLanguage":"es"},{"@type":"Organization","@id":"https:\/\/www.mpppst.gob.ve\/mpppstweb\/#organization","name":"mpppst","url":"https:\/\/www.mpppst.gob.ve\/mpppstweb\/","logo":{"@type":"ImageObject","inLanguage":"es","@id":"https:\/\/www.mpppst.gob.ve\/mpppstweb\/#\/schema\/logo\/image\/","url":"https:\/\/www.mpppst.gob.ve\/mpppstweb\/wp-content\/uploads\/2025\/07\/cropped-cropped-g910.png","contentUrl":"https:\/\/www.mpppst.gob.ve\/mpppstweb\/wp-content\/uploads\/2025\/07\/cropped-cropped-g910.png","width":1080,"height":241,"caption":"mpppst"},"image":{"@id":"https:\/\/www.mpppst.gob.ve\/mpppstweb\/#\/schema\/logo\/image\/"}},{"@type":"Person","@id":"https:\/\/www.mpppst.gob.ve\/mpppstweb\/#\/schema\/person\/fc187ee8ead412bd4c9304b62f900ea4","name":"MPPPST Prensa","url":"https:\/\/www.mpppst.gob.ve\/mpppstweb\/index.php\/author\/prensa-mpppst\/"}]}},"_links":{"self":[{"href":"https:\/\/www.mpppst.gob.ve\/mpppstweb\/index.php\/wp-json\/wp\/v2\/posts\/21628"}],"collection":[{"href":"https:\/\/www.mpppst.gob.ve\/mpppstweb\/index.php\/wp-json\/wp\/v2\/posts"}],"about":[{"href":"https:\/\/www.mpppst.gob.ve\/mpppstweb\/index.php\/wp-json\/wp\/v2\/types\/post"}],"author":[{"embeddable":true,"href":"https:\/\/www.mpppst.gob.ve\/mpppstweb\/index.php\/wp-json\/wp\/v2\/users\/25"}],"replies":[{"embeddable":true,"href":"https:\/\/www.mpppst.gob.ve\/mpppstweb\/index.php\/wp-json\/wp\/v2\/comments?post=21628"}],"version-history":[{"count":1,"href":"https:\/\/www.mpppst.gob.ve\/mpppstweb\/index.php\/wp-json\/wp\/v2\/posts\/21628\/revisions"}],"predecessor-version":[{"id":21630,"href":"https:\/\/www.mpppst.gob.ve\/mpppstweb\/index.php\/wp-json\/wp\/v2\/posts\/21628\/revisions\/21630"}],"wp:featuredmedia":[{"embeddable":true,"href":"https:\/\/www.mpppst.gob.ve\/mpppstweb\/index.php\/wp-json\/wp\/v2\/media\/21629"}],"wp:attachment":[{"href":"https:\/\/www.mpppst.gob.ve\/mpppstweb\/index.php\/wp-json\/wp\/v2\/media?parent=21628"}],"wp:term":[{"taxonomy":"category","embeddable":true,"href":"https:\/\/www.mpppst.gob.ve\/mpppstweb\/index.php\/wp-json\/wp\/v2\/categories?post=21628"},{"taxonomy":"post_tag","embeddable":true,"href":"https:\/\/www.mpppst.gob.ve\/mpppstweb\/index.php\/wp-json\/wp\/v2\/tags?post=21628"}],"curies":[{"name":"wp","href":"https:\/\/api.w.org\/{rel}","templated":true}]}}