{"id":21634,"date":"2021-03-01T09:31:48","date_gmt":"2021-03-01T13:31:48","guid":{"rendered":"http:\/\/www.mpppst.gob.ve\/mpppstweb\/?p=21634"},"modified":"2021-03-01T09:31:48","modified_gmt":"2021-03-01T13:31:48","slug":"consejos-populares-comunitarios-de-gobierno-afianzaran-participacion-del-pueblo","status":"publish","type":"post","link":"https:\/\/www.mpppst.gob.ve\/mpppstweb\/index.php\/2021\/03\/01\/consejos-populares-comunitarios-de-gobierno-afianzaran-participacion-del-pueblo\/","title":{"rendered":"Consejos Populares Comunitarios de Gobierno afianzar\u00e1n participaci\u00f3n del pueblo"},"content":{"rendered":"\n<p>El presidente de la Rep\u00fablica Bolivariana de Venezuela, Nicol\u00e1s Maduro, ratific\u00f3 que el 19 de abril ser\u00e1n instalados, con el poder de las bases y con la agenda program\u00e1tica de cada movimiento social, los Consejos Populares Comunitarios de Gobierno por sector, y que estos afianzar\u00e1n la participaci\u00f3n del pueblo.<\/p>\n\n\n\n<p>\u201cEso va a ser una Revoluci\u00f3n dentro de la Revoluci\u00f3n, eso va a empujar todo nuestro accionar, porque el pueblo lo sabe todo. El pueblo sabe por qu\u00e9 suceden las cosas, d\u00f3nde suceden, por qu\u00e9 suceden y el pueblo sabe las soluciones, por eso digo hay que confiar en el pueblo siempre, pero sobre todo cuando tenemos problemas, all\u00ed es donde hay que confiar m\u00e1s en el pueblo, construir poder popular\u201d, argument\u00f3 el Jefe de Estado venezolano.<\/p>\n\n\n\n<p>El Dignatario ilustro que rumbo al 19 de abril, Venezuela tambi\u00e9n se prepara para el 24 de junio, y que ese \u201cmes de junio ser\u00e1 de fiesta, de brillo, de colorido, de sol sobre Venezuela, de luz m\u00e1gica, maravillosa\u201d.<\/p>\n\n\n\n<p>\u201cTodos los movimientos populares, comunitarios, sociales, en las calles, haciendo murales, bailando, llenando de guirnaldas, de flores, las plazas, las avenidas. Venezuela brillando porque se cumplen 200 a\u00f1os de la victoria antiimperialista de la Batalla de Carabobo\u201d, puntualiz\u00f3.<\/p>\n\n\n\n<p>Prensa Presidencial\u00a0<\/p>\n","protected":false},"excerpt":{"rendered":"<p>El presidente de la Rep\u00fablica Bolivariana de Venezuela, Nicol\u00e1s Maduro, ratific\u00f3 que el 19 de abril &hellip; <a title=\"Consejos Populares Comunitarios de Gobierno afianzar\u00e1n participaci\u00f3n del pueblo\" class=\"hm-read-more\" href=\"https:\/\/www.mpppst.gob.ve\/mpppstweb\/index.php\/2021\/03\/01\/consejos-populares-comunitarios-de-gobierno-afianzaran-participacion-del-pueblo\/\"><span class=\"screen-reader-text\">Consejos Populares Comunitarios de Gobierno afianzar\u00e1n participaci\u00f3n del pueblo<\/span>Read more<\/a><\/p>\n","protected":false},"author":25,"featured_media":21635,"comment_status":"closed","ping_status":"closed","sticky":false,"template":"","format":"standard","meta":{"footnotes":""},"categories":[82,163],"tags":[],"yoast_head":"<!-- This site is optimized with the Yoast SEO plugin v22.5 - https:\/\/yoast.com\/wordpress\/plugins\/seo\/ -->\n<title>Consejos Populares Comunitarios de Gobierno afianzar\u00e1n participaci\u00f3n del pueblo - MPPPST<\/title>\n<meta name=\"robots\" content=\"index, follow, max-snippet:-1, max-image-preview:large, max-video-preview:-1\" \/>\n<link rel=\"canonical\" href=\"https:\/\/www.mpppst.gob.ve\/mpppstweb\/index.php\/2021\/03\/01\/consejos-populares-comunitarios-de-gobierno-afianzaran-participacion-del-pueblo\/\" \/>\n<meta property=\"og:locale\" content=\"es_ES\" \/>\n<meta property=\"og:type\" content=\"article\" \/>\n<meta property=\"og:title\" content=\"Consejos Populares Comunitarios de Gobierno afianzar\u00e1n participaci\u00f3n del pueblo - MPPPST\" \/>\n<meta property=\"og:description\" content=\"El presidente de la Rep\u00fablica Bolivariana de Venezuela, Nicol\u00e1s Maduro, ratific\u00f3 que el 19 de abril &hellip; Consejos Populares Comunitarios de Gobierno afianzar\u00e1n participaci\u00f3n del puebloRead more\" \/>\n<meta property=\"og:url\" content=\"https:\/\/www.mpppst.gob.ve\/mpppstweb\/index.php\/2021\/03\/01\/consejos-populares-comunitarios-de-gobierno-afianzaran-participacion-del-pueblo\/\" \/>\n<meta property=\"og:site_name\" content=\"MPPPST\" \/>\n<meta property=\"article:published_time\" content=\"2021-03-01T13:31:48+00:00\" \/>\n<meta property=\"og:image\" content=\"https:\/\/www.mpppst.gob.ve\/mpppstweb\/wp-content\/uploads\/2021\/03\/002_002_MG__0168_P_W.jpg\" \/>\n\t<meta property=\"og:image:width\" content=\"960\" \/>\n\t<meta property=\"og:image:height\" content=\"640\" \/>\n\t<meta property=\"og:image:type\" content=\"image\/jpeg\" \/>\n<meta name=\"author\" content=\"MPPPST Prensa\" \/>\n<meta name=\"twitter:card\" content=\"summary_large_image\" \/>\n<meta name=\"twitter:label1\" content=\"Escrito por\" \/>\n\t<meta name=\"twitter:data1\" content=\"MPPPST Prensa\" \/>\n\t<meta name=\"twitter:label2\" content=\"Tiempo de lectura\" \/>\n\t<meta name=\"twitter:data2\" content=\"1 minuto\" \/>\n<script type=\"application\/ld+json\" class=\"yoast-schema-graph\">{\"@context\":\"https:\/\/schema.org\",\"@graph\":[{\"@type\":\"Article\",\"@id\":\"https:\/\/www.mpppst.gob.ve\/mpppstweb\/index.php\/2021\/03\/01\/consejos-populares-comunitarios-de-gobierno-afianzaran-participacion-del-pueblo\/#article\",\"isPartOf\":{\"@id\":\"https:\/\/www.mpppst.gob.ve\/mpppstweb\/index.php\/2021\/03\/01\/consejos-populares-comunitarios-de-gobierno-afianzaran-participacion-del-pueblo\/\"},\"author\":{\"name\":\"MPPPST Prensa\",\"@id\":\"https:\/\/www.mpppst.gob.ve\/mpppstweb\/#\/schema\/person\/fc187ee8ead412bd4c9304b62f900ea4\"},\"headline\":\"Consejos Populares Comunitarios de Gobierno afianzar\u00e1n participaci\u00f3n del pueblo\",\"datePublished\":\"2021-03-01T13:31:48+00:00\",\"dateModified\":\"2021-03-01T13:31:48+00:00\",\"mainEntityOfPage\":{\"@id\":\"https:\/\/www.mpppst.gob.ve\/mpppstweb\/index.php\/2021\/03\/01\/consejos-populares-comunitarios-de-gobierno-afianzaran-participacion-del-pueblo\/\"},\"wordCount\":225,\"publisher\":{\"@id\":\"https:\/\/www.mpppst.gob.ve\/mpppstweb\/#organization\"},\"image\":{\"@id\":\"https:\/\/www.mpppst.gob.ve\/mpppstweb\/index.php\/2021\/03\/01\/consejos-populares-comunitarios-de-gobierno-afianzaran-participacion-del-pueblo\/#primaryimage\"},\"thumbnailUrl\":\"https:\/\/www.mpppst.gob.ve\/mpppstweb\/wp-content\/uploads\/2021\/03\/002_002_MG__0168_P_W.jpg\",\"articleSection\":[\"Gobierno Nacional\",\"Noticias\"],\"inLanguage\":\"es\"},{\"@type\":\"WebPage\",\"@id\":\"https:\/\/www.mpppst.gob.ve\/mpppstweb\/index.php\/2021\/03\/01\/consejos-populares-comunitarios-de-gobierno-afianzaran-participacion-del-pueblo\/\",\"url\":\"https:\/\/www.mpppst.gob.ve\/mpppstweb\/index.php\/2021\/03\/01\/consejos-populares-comunitarios-de-gobierno-afianzaran-participacion-del-pueblo\/\",\"name\":\"Consejos Populares Comunitarios de Gobierno afianzar\u00e1n participaci\u00f3n del pueblo - MPPPST\",\"isPartOf\":{\"@id\":\"https:\/\/www.mpppst.gob.ve\/mpppstweb\/#website\"},\"primaryImageOfPage\":{\"@id\":\"https:\/\/www.mpppst.gob.ve\/mpppstweb\/index.php\/2021\/03\/01\/consejos-populares-comunitarios-de-gobierno-afianzaran-participacion-del-pueblo\/#primaryimage\"},\"image\":{\"@id\":\"https:\/\/www.mpppst.gob.ve\/mpppstweb\/index.php\/2021\/03\/01\/consejos-populares-comunitarios-de-gobierno-afianzaran-participacion-del-pueblo\/#primaryimage\"},\"thumbnailUrl\":\"https:\/\/www.mpppst.gob.ve\/mpppstweb\/wp-content\/uploads\/2021\/03\/002_002_MG__0168_P_W.jpg\",\"datePublished\":\"2021-03-01T13:31:48+00:00\",\"dateModified\":\"2021-03-01T13:31:48+00:00\",\"breadcrumb\":{\"@id\":\"https:\/\/www.mpppst.gob.ve\/mpppstweb\/index.php\/2021\/03\/01\/consejos-populares-comunitarios-de-gobierno-afianzaran-participacion-del-pueblo\/#breadcrumb\"},\"inLanguage\":\"es\",\"potentialAction\":[{\"@type\":\"ReadAction\",\"target\":[\"https:\/\/www.mpppst.gob.ve\/mpppstweb\/index.php\/2021\/03\/01\/consejos-populares-comunitarios-de-gobierno-afianzaran-participacion-del-pueblo\/\"]}]},{\"@type\":\"ImageObject\",\"inLanguage\":\"es\",\"@id\":\"https:\/\/www.mpppst.gob.ve\/mpppstweb\/index.php\/2021\/03\/01\/consejos-populares-comunitarios-de-gobierno-afianzaran-participacion-del-pueblo\/#primaryimage\",\"url\":\"https:\/\/www.mpppst.gob.ve\/mpppstweb\/wp-content\/uploads\/2021\/03\/002_002_MG__0168_P_W.jpg\",\"contentUrl\":\"https:\/\/www.mpppst.gob.ve\/mpppstweb\/wp-content\/uploads\/2021\/03\/002_002_MG__0168_P_W.jpg\",\"width\":960,\"height\":640},{\"@type\":\"BreadcrumbList\",\"@id\":\"https:\/\/www.mpppst.gob.ve\/mpppstweb\/index.php\/2021\/03\/01\/consejos-populares-comunitarios-de-gobierno-afianzaran-participacion-del-pueblo\/#breadcrumb\",\"itemListElement\":[{\"@type\":\"ListItem\",\"position\":1,\"name\":\"Home\",\"item\":\"https:\/\/www.mpppst.gob.ve\/mpppstweb\/\"},{\"@type\":\"ListItem\",\"position\":2,\"name\":\"Consejos Populares Comunitarios de Gobierno afianzar\u00e1n participaci\u00f3n del pueblo\"}]},{\"@type\":\"WebSite\",\"@id\":\"https:\/\/www.mpppst.gob.ve\/mpppstweb\/#website\",\"url\":\"https:\/\/www.mpppst.gob.ve\/mpppstweb\/\",\"name\":\"MPPPST\",\"description\":\"Ministerio del Poder Popular para el Proceso Social de Trabajo\",\"publisher\":{\"@id\":\"https:\/\/www.mpppst.gob.ve\/mpppstweb\/#organization\"},\"potentialAction\":[{\"@type\":\"SearchAction\",\"target\":{\"@type\":\"EntryPoint\",\"urlTemplate\":\"https:\/\/www.mpppst.gob.ve\/mpppstweb\/?s={search_term_string}\"},\"query-input\":\"required name=search_term_string\"}],\"inLanguage\":\"es\"},{\"@type\":\"Organization\",\"@id\":\"https:\/\/www.mpppst.gob.ve\/mpppstweb\/#organization\",\"name\":\"mpppst\",\"url\":\"https:\/\/www.mpppst.gob.ve\/mpppstweb\/\",\"logo\":{\"@type\":\"ImageObject\",\"inLanguage\":\"es\",\"@id\":\"https:\/\/www.mpppst.gob.ve\/mpppstweb\/#\/schema\/logo\/image\/\",\"url\":\"https:\/\/www.mpppst.gob.ve\/mpppstweb\/wp-content\/uploads\/2025\/07\/cropped-cropped-g910.png\",\"contentUrl\":\"https:\/\/www.mpppst.gob.ve\/mpppstweb\/wp-content\/uploads\/2025\/07\/cropped-cropped-g910.png\",\"width\":1080,\"height\":241,\"caption\":\"mpppst\"},\"image\":{\"@id\":\"https:\/\/www.mpppst.gob.ve\/mpppstweb\/#\/schema\/logo\/image\/\"}},{\"@type\":\"Person\",\"@id\":\"https:\/\/www.mpppst.gob.ve\/mpppstweb\/#\/schema\/person\/fc187ee8ead412bd4c9304b62f900ea4\",\"name\":\"MPPPST Prensa\",\"url\":\"https:\/\/www.mpppst.gob.ve\/mpppstweb\/index.php\/author\/prensa-mpppst\/\"}]}<\/script>\n<!-- \/ Yoast SEO plugin. -->","yoast_head_json":{"title":"Consejos Populares Comunitarios de Gobierno afianzar\u00e1n participaci\u00f3n del pueblo - MPPPST","robots":{"index":"index","follow":"follow","max-snippet":"max-snippet:-1","max-image-preview":"max-image-preview:large","max-video-preview":"max-video-preview:-1"},"canonical":"https:\/\/www.mpppst.gob.ve\/mpppstweb\/index.php\/2021\/03\/01\/consejos-populares-comunitarios-de-gobierno-afianzaran-participacion-del-pueblo\/","og_locale":"es_ES","og_type":"article","og_title":"Consejos Populares Comunitarios de Gobierno afianzar\u00e1n participaci\u00f3n del pueblo - MPPPST","og_description":"El presidente de la Rep\u00fablica Bolivariana de Venezuela, Nicol\u00e1s Maduro, ratific\u00f3 que el 19 de abril &hellip; Consejos Populares Comunitarios de Gobierno afianzar\u00e1n participaci\u00f3n del puebloRead more","og_url":"https:\/\/www.mpppst.gob.ve\/mpppstweb\/index.php\/2021\/03\/01\/consejos-populares-comunitarios-de-gobierno-afianzaran-participacion-del-pueblo\/","og_site_name":"MPPPST","article_published_time":"2021-03-01T13:31:48+00:00","og_image":[{"width":960,"height":640,"url":"https:\/\/www.mpppst.gob.ve\/mpppstweb\/wp-content\/uploads\/2021\/03\/002_002_MG__0168_P_W.jpg","type":"image\/jpeg"}],"author":"MPPPST Prensa","twitter_card":"summary_large_image","twitter_misc":{"Escrito por":"MPPPST Prensa","Tiempo de lectura":"1 minuto"},"schema":{"@context":"https:\/\/schema.org","@graph":[{"@type":"Article","@id":"https:\/\/www.mpppst.gob.ve\/mpppstweb\/index.php\/2021\/03\/01\/consejos-populares-comunitarios-de-gobierno-afianzaran-participacion-del-pueblo\/#article","isPartOf":{"@id":"https:\/\/www.mpppst.gob.ve\/mpppstweb\/index.php\/2021\/03\/01\/consejos-populares-comunitarios-de-gobierno-afianzaran-participacion-del-pueblo\/"},"author":{"name":"MPPPST Prensa","@id":"https:\/\/www.mpppst.gob.ve\/mpppstweb\/#\/schema\/person\/fc187ee8ead412bd4c9304b62f900ea4"},"headline":"Consejos Populares Comunitarios de Gobierno afianzar\u00e1n participaci\u00f3n del pueblo","datePublished":"2021-03-01T13:31:48+00:00","dateModified":"2021-03-01T13:31:48+00:00","mainEntityOfPage":{"@id":"https:\/\/www.mpppst.gob.ve\/mpppstweb\/index.php\/2021\/03\/01\/consejos-populares-comunitarios-de-gobierno-afianzaran-participacion-del-pueblo\/"},"wordCount":225,"publisher":{"@id":"https:\/\/www.mpppst.gob.ve\/mpppstweb\/#organization"},"image":{"@id":"https:\/\/www.mpppst.gob.ve\/mpppstweb\/index.php\/2021\/03\/01\/consejos-populares-comunitarios-de-gobierno-afianzaran-participacion-del-pueblo\/#primaryimage"},"thumbnailUrl":"https:\/\/www.mpppst.gob.ve\/mpppstweb\/wp-content\/uploads\/2021\/03\/002_002_MG__0168_P_W.jpg","articleSection":["Gobierno Nacional","Noticias"],"inLanguage":"es"},{"@type":"WebPage","@id":"https:\/\/www.mpppst.gob.ve\/mpppstweb\/index.php\/2021\/03\/01\/consejos-populares-comunitarios-de-gobierno-afianzaran-participacion-del-pueblo\/","url":"https:\/\/www.mpppst.gob.ve\/mpppstweb\/index.php\/2021\/03\/01\/consejos-populares-comunitarios-de-gobierno-afianzaran-participacion-del-pueblo\/","name":"Consejos Populares Comunitarios de Gobierno afianzar\u00e1n participaci\u00f3n del pueblo - MPPPST","isPartOf":{"@id":"https:\/\/www.mpppst.gob.ve\/mpppstweb\/#website"},"primaryImageOfPage":{"@id":"https:\/\/www.mpppst.gob.ve\/mpppstweb\/index.php\/2021\/03\/01\/consejos-populares-comunitarios-de-gobierno-afianzaran-participacion-del-pueblo\/#primaryimage"},"image":{"@id":"https:\/\/www.mpppst.gob.ve\/mpppstweb\/index.php\/2021\/03\/01\/consejos-populares-comunitarios-de-gobierno-afianzaran-participacion-del-pueblo\/#primaryimage"},"thumbnailUrl":"https:\/\/www.mpppst.gob.ve\/mpppstweb\/wp-content\/uploads\/2021\/03\/002_002_MG__0168_P_W.jpg","datePublished":"2021-03-01T13:31:48+00:00","dateModified":"2021-03-01T13:31:48+00:00","breadcrumb":{"@id":"https:\/\/www.mpppst.gob.ve\/mpppstweb\/index.php\/2021\/03\/01\/consejos-populares-comunitarios-de-gobierno-afianzaran-participacion-del-pueblo\/#breadcrumb"},"inLanguage":"es","potentialAction":[{"@type":"ReadAction","target":["https:\/\/www.mpppst.gob.ve\/mpppstweb\/index.php\/2021\/03\/01\/consejos-populares-comunitarios-de-gobierno-afianzaran-participacion-del-pueblo\/"]}]},{"@type":"ImageObject","inLanguage":"es","@id":"https:\/\/www.mpppst.gob.ve\/mpppstweb\/index.php\/2021\/03\/01\/consejos-populares-comunitarios-de-gobierno-afianzaran-participacion-del-pueblo\/#primaryimage","url":"https:\/\/www.mpppst.gob.ve\/mpppstweb\/wp-content\/uploads\/2021\/03\/002_002_MG__0168_P_W.jpg","contentUrl":"https:\/\/www.mpppst.gob.ve\/mpppstweb\/wp-content\/uploads\/2021\/03\/002_002_MG__0168_P_W.jpg","width":960,"height":640},{"@type":"BreadcrumbList","@id":"https:\/\/www.mpppst.gob.ve\/mpppstweb\/index.php\/2021\/03\/01\/consejos-populares-comunitarios-de-gobierno-afianzaran-participacion-del-pueblo\/#breadcrumb","itemListElement":[{"@type":"ListItem","position":1,"name":"Home","item":"https:\/\/www.mpppst.gob.ve\/mpppstweb\/"},{"@type":"ListItem","position":2,"name":"Consejos Populares Comunitarios de Gobierno afianzar\u00e1n participaci\u00f3n del pueblo"}]},{"@type":"WebSite","@id":"https:\/\/www.mpppst.gob.ve\/mpppstweb\/#website","url":"https:\/\/www.mpppst.gob.ve\/mpppstweb\/","name":"MPPPST","description":"Ministerio del Poder Popular para el Proceso Social de Trabajo","publisher":{"@id":"https:\/\/www.mpppst.gob.ve\/mpppstweb\/#organization"},"potentialAction":[{"@type":"SearchAction","target":{"@type":"EntryPoint","urlTemplate":"https:\/\/www.mpppst.gob.ve\/mpppstweb\/?s={search_term_string}"},"query-input":"required name=search_term_string"}],"inLanguage":"es"},{"@type":"Organization","@id":"https:\/\/www.mpppst.gob.ve\/mpppstweb\/#organization","name":"mpppst","url":"https:\/\/www.mpppst.gob.ve\/mpppstweb\/","logo":{"@type":"ImageObject","inLanguage":"es","@id":"https:\/\/www.mpppst.gob.ve\/mpppstweb\/#\/schema\/logo\/image\/","url":"https:\/\/www.mpppst.gob.ve\/mpppstweb\/wp-content\/uploads\/2025\/07\/cropped-cropped-g910.png","contentUrl":"https:\/\/www.mpppst.gob.ve\/mpppstweb\/wp-content\/uploads\/2025\/07\/cropped-cropped-g910.png","width":1080,"height":241,"caption":"mpppst"},"image":{"@id":"https:\/\/www.mpppst.gob.ve\/mpppstweb\/#\/schema\/logo\/image\/"}},{"@type":"Person","@id":"https:\/\/www.mpppst.gob.ve\/mpppstweb\/#\/schema\/person\/fc187ee8ead412bd4c9304b62f900ea4","name":"MPPPST Prensa","url":"https:\/\/www.mpppst.gob.ve\/mpppstweb\/index.php\/author\/prensa-mpppst\/"}]}},"_links":{"self":[{"href":"https:\/\/www.mpppst.gob.ve\/mpppstweb\/index.php\/wp-json\/wp\/v2\/posts\/21634"}],"collection":[{"href":"https:\/\/www.mpppst.gob.ve\/mpppstweb\/index.php\/wp-json\/wp\/v2\/posts"}],"about":[{"href":"https:\/\/www.mpppst.gob.ve\/mpppstweb\/index.php\/wp-json\/wp\/v2\/types\/post"}],"author":[{"embeddable":true,"href":"https:\/\/www.mpppst.gob.ve\/mpppstweb\/index.php\/wp-json\/wp\/v2\/users\/25"}],"replies":[{"embeddable":true,"href":"https:\/\/www.mpppst.gob.ve\/mpppstweb\/index.php\/wp-json\/wp\/v2\/comments?post=21634"}],"version-history":[{"count":1,"href":"https:\/\/www.mpppst.gob.ve\/mpppstweb\/index.php\/wp-json\/wp\/v2\/posts\/21634\/revisions"}],"predecessor-version":[{"id":21636,"href":"https:\/\/www.mpppst.gob.ve\/mpppstweb\/index.php\/wp-json\/wp\/v2\/posts\/21634\/revisions\/21636"}],"wp:featuredmedia":[{"embeddable":true,"href":"https:\/\/www.mpppst.gob.ve\/mpppstweb\/index.php\/wp-json\/wp\/v2\/media\/21635"}],"wp:attachment":[{"href":"https:\/\/www.mpppst.gob.ve\/mpppstweb\/index.php\/wp-json\/wp\/v2\/media?parent=21634"}],"wp:term":[{"taxonomy":"category","embeddable":true,"href":"https:\/\/www.mpppst.gob.ve\/mpppstweb\/index.php\/wp-json\/wp\/v2\/categories?post=21634"},{"taxonomy":"post_tag","embeddable":true,"href":"https:\/\/www.mpppst.gob.ve\/mpppstweb\/index.php\/wp-json\/wp\/v2\/tags?post=21634"}],"curies":[{"name":"wp","href":"https:\/\/api.w.org\/{rel}","templated":true}]}}