{"id":21725,"date":"2021-03-10T07:40:46","date_gmt":"2021-03-10T11:40:46","guid":{"rendered":"http:\/\/www.mpppst.gob.ve\/mpppstweb\/?p=21725"},"modified":"2021-03-10T07:40:47","modified_gmt":"2021-03-10T11:40:47","slug":"alianza-de-la-clase-obrera-filipina-condena-medidas-coercitivas-unilaterales-de-ee-uu-contra-venezuela","status":"publish","type":"post","link":"https:\/\/www.mpppst.gob.ve\/mpppstweb\/index.php\/2021\/03\/10\/alianza-de-la-clase-obrera-filipina-condena-medidas-coercitivas-unilaterales-de-ee-uu-contra-venezuela\/","title":{"rendered":"Alianza de la clase obrera filipina condena medidas coercitivas unilaterales de EE.UU. contra Venezuela"},"content":{"rendered":"\n<p>La Embajada de la Rep\u00fablica Bolivariana de Venezuela en Filipinas recibi\u00f3 un comunicado remitido por la Alianza de la clase obrera Arya Progresibo, mediante el cual rechaza en\u00e9rgicamente la decisi\u00f3n de la Administraci\u00f3n Biden de renovar la declaraci\u00f3n que allan\u00f3 el camino para que Estados Unidos (EE.UU.) imponga medidas coercitivas unilaterales contra Venezuela, considerando que desde entonces, esta agresi\u00f3n ha reducido la calidad de vida en Venezuela.<\/p>\n\n\n\n<p>En la misiva, esta alianza acot\u00f3 que recientemente, el r\u00e9gimen de Biden hizo que su secretario de Estado, Antony Blinken, hablara con Juan Guaid\u00f3, el l\u00edder opositor de la hegemon\u00eda estadounidense plagado de esc\u00e1ndalos del vilipendiado grupo de derecha Voluntad Popular, sobre el apoyo inquebrantable a la democracia en Venezuela, y los esfuerzos para mejorar las vidas del pueblo venezolano. Para Arya Progresibo, es una narrativa muy usada y suena superficial dado el historial intervencionista de los Estados Unidos para arrebatar el control del poder pol\u00edtico para su propio beneficio.<\/p>\n\n\n\n<p>Al respecto, se\u00f1ala: en marzo de 2015, Estados Unidos declar\u00f3 la situaci\u00f3n de Venezuela como una emergencia nacional que amenazaba la seguridad y la pol\u00edtica exterior de Estados Unidos. Lo que sigui\u00f3, bajo Donald Trump, fue una serie de sanciones que tuvieron efectos devastadores en las vol\u00e1tiles condiciones econ\u00f3micas de la naci\u00f3n suramericana, particularmente despu\u00e9s de la ca\u00edda del precio del petr\u00f3leo en 2014.<\/p>\n\n\n\n<p>En los cuatro a\u00f1os de Trump, esta declaraci\u00f3n result\u00f3 en constantes amenazas intervencionistas y una r\u00e1faga de sanciones que, al final de su mandato \u2013 un per\u00edodo marcado por la hostilidad y la negligencia resaltada por la pandemia de COVID-19 que comenz\u00f3 hace un a\u00f1o-, el pueblo de Venezuela se ha visto gravemente afectado.<\/p>\n\n\n\n<p>A m\u00e1s tardar, los informes indican que alrededor de 100.000 muertes se atribuyen a las sanciones: el bloqueo de bienes y servicios esenciales, especialmente alimentos, agua, higiene y suministros m\u00e9dicos, as\u00ed como los equipos que implican estos servicios. En medio de la pandemia, las sanciones impidieron que el pa\u00eds comprara insumos necesarios para combatir el COVID-19, incluido el acceso a las vacunas a trav\u00e9s del Fondo COVAX.<\/p>\n\n\n\n<p>La Oficina de Responsabilidad del Gobierno de EE.UU., solo este a\u00f1o admite que las sanciones colectivas han provocado decenas de miles de muertes y han da\u00f1ado la econom\u00eda de la naci\u00f3n suramericana, rese\u00f1\u00f3 el portal de la Canciller\u00eda venezolana.<\/p>\n\n\n\n<p>Aparte de esto, los activos estatales y las propiedades en el extranjero fueron congelados o retenidos y se impuso un bloqueo econ\u00f3mico total en agosto de 2019.<\/p>\n\n\n\n<p>A pesar de la posici\u00f3n de la ONU, que califica de ilegales las medidas coercitivas unilaterales, el Gobierno de Estados Unidos continu\u00f3 con el r\u00e9gimen de sanciones. Una evaluaci\u00f3n de la relatora especial de la ONU, Alena Douhan, elaborada el mes pasado despu\u00e9s de su investigaci\u00f3n oficial por invitaci\u00f3n del Gobierno Bolivariano, concluye que la declaraci\u00f3n de Estados Unidos de que Venezuela representa una amenaza para el primero no corresponde a los requisitos establecidos en el art\u00edculo 4 del Pacto Internacional de Derechos Civiles y Pol\u00edticos (ICCPR); as\u00ed, las medidas coercitivas unilaterales emanadas de dicha declaraci\u00f3n s\u00ed violan el derecho internacional y los derechos soberanos de Venezuela, y que \u00e9stas impiden la efectividad del Gobierno venezolano para ejercer su deber de garantizar la satisfacci\u00f3n de las necesidades de la poblaci\u00f3n.<\/p>\n\n\n\n<p>En el comunicado, la alianza obrera percibe claramente que el Gobierno Bolivariano y el pueblo venezolano no son una amenaza para Estados Unidos y nunca lo han sido. El pueblo venezolano ha estado ejerciendo libremente sus derechos democr\u00e1ticos y ha optado por resguardar y proteger sus derechos soberanos una y otra vez desde que derroc\u00f3 con votos al gobierno de \u00e9lite hace 22 a\u00f1os.<\/p>\n\n\n\n<p>\u00ab\u00a1Tambi\u00e9n condenamos rotundamente el descaro del uso del dinero de Venezuela por parte de la hegemon\u00eda para financiar sus motivos de cambio de gobierno a trav\u00e9s de Guaid\u00f3! \u00a1Hacemos un llamado a la Administraci\u00f3n Biden para que revoque esta declaraci\u00f3n, desisir de las sanciones impuestas por Trump y dejar de castigar al pueblo venezolano!\u00bb<\/p>\n","protected":false},"excerpt":{"rendered":"<p>La Embajada de la Rep\u00fablica Bolivariana de Venezuela en Filipinas recibi\u00f3 un comunicado remitido por la &hellip; <a title=\"Alianza de la clase obrera filipina condena medidas coercitivas unilaterales de EE.UU. contra Venezuela\" class=\"hm-read-more\" href=\"https:\/\/www.mpppst.gob.ve\/mpppstweb\/index.php\/2021\/03\/10\/alianza-de-la-clase-obrera-filipina-condena-medidas-coercitivas-unilaterales-de-ee-uu-contra-venezuela\/\"><span class=\"screen-reader-text\">Alianza de la clase obrera filipina condena medidas coercitivas unilaterales de EE.UU. contra Venezuela<\/span>Read more<\/a><\/p>\n","protected":false},"author":25,"featured_media":21726,"comment_status":"closed","ping_status":"closed","sticky":false,"template":"","format":"standard","meta":{"footnotes":""},"categories":[260,163],"tags":[],"yoast_head":"<!-- This site is optimized with the Yoast SEO plugin v22.5 - https:\/\/yoast.com\/wordpress\/plugins\/seo\/ -->\n<title>Alianza de la clase obrera filipina condena medidas coercitivas unilaterales de EE.UU. contra Venezuela - MPPPST<\/title>\n<meta name=\"robots\" content=\"index, follow, max-snippet:-1, max-image-preview:large, max-video-preview:-1\" \/>\n<link rel=\"canonical\" href=\"https:\/\/www.mpppst.gob.ve\/mpppstweb\/index.php\/2021\/03\/10\/alianza-de-la-clase-obrera-filipina-condena-medidas-coercitivas-unilaterales-de-ee-uu-contra-venezuela\/\" \/>\n<meta property=\"og:locale\" content=\"es_ES\" \/>\n<meta property=\"og:type\" content=\"article\" \/>\n<meta property=\"og:title\" content=\"Alianza de la clase obrera filipina condena medidas coercitivas unilaterales de EE.UU. contra Venezuela - MPPPST\" \/>\n<meta property=\"og:description\" content=\"La Embajada de la Rep\u00fablica Bolivariana de Venezuela en Filipinas recibi\u00f3 un comunicado remitido por la &hellip; Alianza de la clase obrera filipina condena medidas coercitivas unilaterales de EE.UU. contra VenezuelaRead more\" \/>\n<meta property=\"og:url\" content=\"https:\/\/www.mpppst.gob.ve\/mpppstweb\/index.php\/2021\/03\/10\/alianza-de-la-clase-obrera-filipina-condena-medidas-coercitivas-unilaterales-de-ee-uu-contra-venezuela\/\" \/>\n<meta property=\"og:site_name\" content=\"MPPPST\" \/>\n<meta property=\"article:published_time\" content=\"2021-03-10T11:40:46+00:00\" \/>\n<meta property=\"article:modified_time\" content=\"2021-03-10T11:40:47+00:00\" \/>\n<meta property=\"og:image\" content=\"https:\/\/www.mpppst.gob.ve\/mpppstweb\/wp-content\/uploads\/2021\/03\/Logo-ARYA-Progresibo-768x427-1.jpg\" \/>\n\t<meta property=\"og:image:width\" content=\"768\" \/>\n\t<meta property=\"og:image:height\" content=\"427\" \/>\n\t<meta property=\"og:image:type\" content=\"image\/jpeg\" \/>\n<meta name=\"author\" content=\"MPPPST Prensa\" \/>\n<meta name=\"twitter:card\" content=\"summary_large_image\" \/>\n<meta name=\"twitter:label1\" content=\"Escrito por\" \/>\n\t<meta name=\"twitter:data1\" content=\"MPPPST Prensa\" \/>\n\t<meta name=\"twitter:label2\" content=\"Tiempo de lectura\" \/>\n\t<meta name=\"twitter:data2\" content=\"4 minutos\" \/>\n<script type=\"application\/ld+json\" class=\"yoast-schema-graph\">{\"@context\":\"https:\/\/schema.org\",\"@graph\":[{\"@type\":\"Article\",\"@id\":\"https:\/\/www.mpppst.gob.ve\/mpppstweb\/index.php\/2021\/03\/10\/alianza-de-la-clase-obrera-filipina-condena-medidas-coercitivas-unilaterales-de-ee-uu-contra-venezuela\/#article\",\"isPartOf\":{\"@id\":\"https:\/\/www.mpppst.gob.ve\/mpppstweb\/index.php\/2021\/03\/10\/alianza-de-la-clase-obrera-filipina-condena-medidas-coercitivas-unilaterales-de-ee-uu-contra-venezuela\/\"},\"author\":{\"name\":\"MPPPST Prensa\",\"@id\":\"https:\/\/www.mpppst.gob.ve\/mpppstweb\/#\/schema\/person\/fc187ee8ead412bd4c9304b62f900ea4\"},\"headline\":\"Alianza de la clase obrera filipina condena medidas coercitivas unilaterales de EE.UU. contra Venezuela\",\"datePublished\":\"2021-03-10T11:40:46+00:00\",\"dateModified\":\"2021-03-10T11:40:47+00:00\",\"mainEntityOfPage\":{\"@id\":\"https:\/\/www.mpppst.gob.ve\/mpppstweb\/index.php\/2021\/03\/10\/alianza-de-la-clase-obrera-filipina-condena-medidas-coercitivas-unilaterales-de-ee-uu-contra-venezuela\/\"},\"wordCount\":720,\"publisher\":{\"@id\":\"https:\/\/www.mpppst.gob.ve\/mpppstweb\/#organization\"},\"image\":{\"@id\":\"https:\/\/www.mpppst.gob.ve\/mpppstweb\/index.php\/2021\/03\/10\/alianza-de-la-clase-obrera-filipina-condena-medidas-coercitivas-unilaterales-de-ee-uu-contra-venezuela\/#primaryimage\"},\"thumbnailUrl\":\"https:\/\/www.mpppst.gob.ve\/mpppstweb\/wp-content\/uploads\/2021\/03\/Logo-ARYA-Progresibo-768x427-1.jpg\",\"articleSection\":[\"Internacionales\",\"Noticias\"],\"inLanguage\":\"es\"},{\"@type\":\"WebPage\",\"@id\":\"https:\/\/www.mpppst.gob.ve\/mpppstweb\/index.php\/2021\/03\/10\/alianza-de-la-clase-obrera-filipina-condena-medidas-coercitivas-unilaterales-de-ee-uu-contra-venezuela\/\",\"url\":\"https:\/\/www.mpppst.gob.ve\/mpppstweb\/index.php\/2021\/03\/10\/alianza-de-la-clase-obrera-filipina-condena-medidas-coercitivas-unilaterales-de-ee-uu-contra-venezuela\/\",\"name\":\"Alianza de la clase obrera filipina condena medidas coercitivas unilaterales de EE.UU. contra Venezuela - MPPPST\",\"isPartOf\":{\"@id\":\"https:\/\/www.mpppst.gob.ve\/mpppstweb\/#website\"},\"primaryImageOfPage\":{\"@id\":\"https:\/\/www.mpppst.gob.ve\/mpppstweb\/index.php\/2021\/03\/10\/alianza-de-la-clase-obrera-filipina-condena-medidas-coercitivas-unilaterales-de-ee-uu-contra-venezuela\/#primaryimage\"},\"image\":{\"@id\":\"https:\/\/www.mpppst.gob.ve\/mpppstweb\/index.php\/2021\/03\/10\/alianza-de-la-clase-obrera-filipina-condena-medidas-coercitivas-unilaterales-de-ee-uu-contra-venezuela\/#primaryimage\"},\"thumbnailUrl\":\"https:\/\/www.mpppst.gob.ve\/mpppstweb\/wp-content\/uploads\/2021\/03\/Logo-ARYA-Progresibo-768x427-1.jpg\",\"datePublished\":\"2021-03-10T11:40:46+00:00\",\"dateModified\":\"2021-03-10T11:40:47+00:00\",\"breadcrumb\":{\"@id\":\"https:\/\/www.mpppst.gob.ve\/mpppstweb\/index.php\/2021\/03\/10\/alianza-de-la-clase-obrera-filipina-condena-medidas-coercitivas-unilaterales-de-ee-uu-contra-venezuela\/#breadcrumb\"},\"inLanguage\":\"es\",\"potentialAction\":[{\"@type\":\"ReadAction\",\"target\":[\"https:\/\/www.mpppst.gob.ve\/mpppstweb\/index.php\/2021\/03\/10\/alianza-de-la-clase-obrera-filipina-condena-medidas-coercitivas-unilaterales-de-ee-uu-contra-venezuela\/\"]}]},{\"@type\":\"ImageObject\",\"inLanguage\":\"es\",\"@id\":\"https:\/\/www.mpppst.gob.ve\/mpppstweb\/index.php\/2021\/03\/10\/alianza-de-la-clase-obrera-filipina-condena-medidas-coercitivas-unilaterales-de-ee-uu-contra-venezuela\/#primaryimage\",\"url\":\"https:\/\/www.mpppst.gob.ve\/mpppstweb\/wp-content\/uploads\/2021\/03\/Logo-ARYA-Progresibo-768x427-1.jpg\",\"contentUrl\":\"https:\/\/www.mpppst.gob.ve\/mpppstweb\/wp-content\/uploads\/2021\/03\/Logo-ARYA-Progresibo-768x427-1.jpg\",\"width\":768,\"height\":427},{\"@type\":\"BreadcrumbList\",\"@id\":\"https:\/\/www.mpppst.gob.ve\/mpppstweb\/index.php\/2021\/03\/10\/alianza-de-la-clase-obrera-filipina-condena-medidas-coercitivas-unilaterales-de-ee-uu-contra-venezuela\/#breadcrumb\",\"itemListElement\":[{\"@type\":\"ListItem\",\"position\":1,\"name\":\"Home\",\"item\":\"https:\/\/www.mpppst.gob.ve\/mpppstweb\/\"},{\"@type\":\"ListItem\",\"position\":2,\"name\":\"Alianza de la clase obrera filipina condena medidas coercitivas unilaterales de EE.UU. contra Venezuela\"}]},{\"@type\":\"WebSite\",\"@id\":\"https:\/\/www.mpppst.gob.ve\/mpppstweb\/#website\",\"url\":\"https:\/\/www.mpppst.gob.ve\/mpppstweb\/\",\"name\":\"MPPPST\",\"description\":\"Ministerio del Poder Popular para el Proceso Social de Trabajo\",\"publisher\":{\"@id\":\"https:\/\/www.mpppst.gob.ve\/mpppstweb\/#organization\"},\"potentialAction\":[{\"@type\":\"SearchAction\",\"target\":{\"@type\":\"EntryPoint\",\"urlTemplate\":\"https:\/\/www.mpppst.gob.ve\/mpppstweb\/?s={search_term_string}\"},\"query-input\":\"required name=search_term_string\"}],\"inLanguage\":\"es\"},{\"@type\":\"Organization\",\"@id\":\"https:\/\/www.mpppst.gob.ve\/mpppstweb\/#organization\",\"name\":\"mpppst\",\"url\":\"https:\/\/www.mpppst.gob.ve\/mpppstweb\/\",\"logo\":{\"@type\":\"ImageObject\",\"inLanguage\":\"es\",\"@id\":\"https:\/\/www.mpppst.gob.ve\/mpppstweb\/#\/schema\/logo\/image\/\",\"url\":\"https:\/\/www.mpppst.gob.ve\/mpppstweb\/wp-content\/uploads\/2025\/07\/cropped-cropped-g910.png\",\"contentUrl\":\"https:\/\/www.mpppst.gob.ve\/mpppstweb\/wp-content\/uploads\/2025\/07\/cropped-cropped-g910.png\",\"width\":1080,\"height\":241,\"caption\":\"mpppst\"},\"image\":{\"@id\":\"https:\/\/www.mpppst.gob.ve\/mpppstweb\/#\/schema\/logo\/image\/\"}},{\"@type\":\"Person\",\"@id\":\"https:\/\/www.mpppst.gob.ve\/mpppstweb\/#\/schema\/person\/fc187ee8ead412bd4c9304b62f900ea4\",\"name\":\"MPPPST Prensa\",\"url\":\"https:\/\/www.mpppst.gob.ve\/mpppstweb\/index.php\/author\/prensa-mpppst\/\"}]}<\/script>\n<!-- \/ Yoast SEO plugin. -->","yoast_head_json":{"title":"Alianza de la clase obrera filipina condena medidas coercitivas unilaterales de EE.UU. contra Venezuela - MPPPST","robots":{"index":"index","follow":"follow","max-snippet":"max-snippet:-1","max-image-preview":"max-image-preview:large","max-video-preview":"max-video-preview:-1"},"canonical":"https:\/\/www.mpppst.gob.ve\/mpppstweb\/index.php\/2021\/03\/10\/alianza-de-la-clase-obrera-filipina-condena-medidas-coercitivas-unilaterales-de-ee-uu-contra-venezuela\/","og_locale":"es_ES","og_type":"article","og_title":"Alianza de la clase obrera filipina condena medidas coercitivas unilaterales de EE.UU. contra Venezuela - MPPPST","og_description":"La Embajada de la Rep\u00fablica Bolivariana de Venezuela en Filipinas recibi\u00f3 un comunicado remitido por la &hellip; Alianza de la clase obrera filipina condena medidas coercitivas unilaterales de EE.UU. contra VenezuelaRead more","og_url":"https:\/\/www.mpppst.gob.ve\/mpppstweb\/index.php\/2021\/03\/10\/alianza-de-la-clase-obrera-filipina-condena-medidas-coercitivas-unilaterales-de-ee-uu-contra-venezuela\/","og_site_name":"MPPPST","article_published_time":"2021-03-10T11:40:46+00:00","article_modified_time":"2021-03-10T11:40:47+00:00","og_image":[{"width":768,"height":427,"url":"https:\/\/www.mpppst.gob.ve\/mpppstweb\/wp-content\/uploads\/2021\/03\/Logo-ARYA-Progresibo-768x427-1.jpg","type":"image\/jpeg"}],"author":"MPPPST Prensa","twitter_card":"summary_large_image","twitter_misc":{"Escrito por":"MPPPST Prensa","Tiempo de lectura":"4 minutos"},"schema":{"@context":"https:\/\/schema.org","@graph":[{"@type":"Article","@id":"https:\/\/www.mpppst.gob.ve\/mpppstweb\/index.php\/2021\/03\/10\/alianza-de-la-clase-obrera-filipina-condena-medidas-coercitivas-unilaterales-de-ee-uu-contra-venezuela\/#article","isPartOf":{"@id":"https:\/\/www.mpppst.gob.ve\/mpppstweb\/index.php\/2021\/03\/10\/alianza-de-la-clase-obrera-filipina-condena-medidas-coercitivas-unilaterales-de-ee-uu-contra-venezuela\/"},"author":{"name":"MPPPST Prensa","@id":"https:\/\/www.mpppst.gob.ve\/mpppstweb\/#\/schema\/person\/fc187ee8ead412bd4c9304b62f900ea4"},"headline":"Alianza de la clase obrera filipina condena medidas coercitivas unilaterales de EE.UU. contra Venezuela","datePublished":"2021-03-10T11:40:46+00:00","dateModified":"2021-03-10T11:40:47+00:00","mainEntityOfPage":{"@id":"https:\/\/www.mpppst.gob.ve\/mpppstweb\/index.php\/2021\/03\/10\/alianza-de-la-clase-obrera-filipina-condena-medidas-coercitivas-unilaterales-de-ee-uu-contra-venezuela\/"},"wordCount":720,"publisher":{"@id":"https:\/\/www.mpppst.gob.ve\/mpppstweb\/#organization"},"image":{"@id":"https:\/\/www.mpppst.gob.ve\/mpppstweb\/index.php\/2021\/03\/10\/alianza-de-la-clase-obrera-filipina-condena-medidas-coercitivas-unilaterales-de-ee-uu-contra-venezuela\/#primaryimage"},"thumbnailUrl":"https:\/\/www.mpppst.gob.ve\/mpppstweb\/wp-content\/uploads\/2021\/03\/Logo-ARYA-Progresibo-768x427-1.jpg","articleSection":["Internacionales","Noticias"],"inLanguage":"es"},{"@type":"WebPage","@id":"https:\/\/www.mpppst.gob.ve\/mpppstweb\/index.php\/2021\/03\/10\/alianza-de-la-clase-obrera-filipina-condena-medidas-coercitivas-unilaterales-de-ee-uu-contra-venezuela\/","url":"https:\/\/www.mpppst.gob.ve\/mpppstweb\/index.php\/2021\/03\/10\/alianza-de-la-clase-obrera-filipina-condena-medidas-coercitivas-unilaterales-de-ee-uu-contra-venezuela\/","name":"Alianza de la clase obrera filipina condena medidas coercitivas unilaterales de EE.UU. contra Venezuela - MPPPST","isPartOf":{"@id":"https:\/\/www.mpppst.gob.ve\/mpppstweb\/#website"},"primaryImageOfPage":{"@id":"https:\/\/www.mpppst.gob.ve\/mpppstweb\/index.php\/2021\/03\/10\/alianza-de-la-clase-obrera-filipina-condena-medidas-coercitivas-unilaterales-de-ee-uu-contra-venezuela\/#primaryimage"},"image":{"@id":"https:\/\/www.mpppst.gob.ve\/mpppstweb\/index.php\/2021\/03\/10\/alianza-de-la-clase-obrera-filipina-condena-medidas-coercitivas-unilaterales-de-ee-uu-contra-venezuela\/#primaryimage"},"thumbnailUrl":"https:\/\/www.mpppst.gob.ve\/mpppstweb\/wp-content\/uploads\/2021\/03\/Logo-ARYA-Progresibo-768x427-1.jpg","datePublished":"2021-03-10T11:40:46+00:00","dateModified":"2021-03-10T11:40:47+00:00","breadcrumb":{"@id":"https:\/\/www.mpppst.gob.ve\/mpppstweb\/index.php\/2021\/03\/10\/alianza-de-la-clase-obrera-filipina-condena-medidas-coercitivas-unilaterales-de-ee-uu-contra-venezuela\/#breadcrumb"},"inLanguage":"es","potentialAction":[{"@type":"ReadAction","target":["https:\/\/www.mpppst.gob.ve\/mpppstweb\/index.php\/2021\/03\/10\/alianza-de-la-clase-obrera-filipina-condena-medidas-coercitivas-unilaterales-de-ee-uu-contra-venezuela\/"]}]},{"@type":"ImageObject","inLanguage":"es","@id":"https:\/\/www.mpppst.gob.ve\/mpppstweb\/index.php\/2021\/03\/10\/alianza-de-la-clase-obrera-filipina-condena-medidas-coercitivas-unilaterales-de-ee-uu-contra-venezuela\/#primaryimage","url":"https:\/\/www.mpppst.gob.ve\/mpppstweb\/wp-content\/uploads\/2021\/03\/Logo-ARYA-Progresibo-768x427-1.jpg","contentUrl":"https:\/\/www.mpppst.gob.ve\/mpppstweb\/wp-content\/uploads\/2021\/03\/Logo-ARYA-Progresibo-768x427-1.jpg","width":768,"height":427},{"@type":"BreadcrumbList","@id":"https:\/\/www.mpppst.gob.ve\/mpppstweb\/index.php\/2021\/03\/10\/alianza-de-la-clase-obrera-filipina-condena-medidas-coercitivas-unilaterales-de-ee-uu-contra-venezuela\/#breadcrumb","itemListElement":[{"@type":"ListItem","position":1,"name":"Home","item":"https:\/\/www.mpppst.gob.ve\/mpppstweb\/"},{"@type":"ListItem","position":2,"name":"Alianza de la clase obrera filipina condena medidas coercitivas unilaterales de EE.UU. contra Venezuela"}]},{"@type":"WebSite","@id":"https:\/\/www.mpppst.gob.ve\/mpppstweb\/#website","url":"https:\/\/www.mpppst.gob.ve\/mpppstweb\/","name":"MPPPST","description":"Ministerio del Poder Popular para el Proceso Social de Trabajo","publisher":{"@id":"https:\/\/www.mpppst.gob.ve\/mpppstweb\/#organization"},"potentialAction":[{"@type":"SearchAction","target":{"@type":"EntryPoint","urlTemplate":"https:\/\/www.mpppst.gob.ve\/mpppstweb\/?s={search_term_string}"},"query-input":"required name=search_term_string"}],"inLanguage":"es"},{"@type":"Organization","@id":"https:\/\/www.mpppst.gob.ve\/mpppstweb\/#organization","name":"mpppst","url":"https:\/\/www.mpppst.gob.ve\/mpppstweb\/","logo":{"@type":"ImageObject","inLanguage":"es","@id":"https:\/\/www.mpppst.gob.ve\/mpppstweb\/#\/schema\/logo\/image\/","url":"https:\/\/www.mpppst.gob.ve\/mpppstweb\/wp-content\/uploads\/2025\/07\/cropped-cropped-g910.png","contentUrl":"https:\/\/www.mpppst.gob.ve\/mpppstweb\/wp-content\/uploads\/2025\/07\/cropped-cropped-g910.png","width":1080,"height":241,"caption":"mpppst"},"image":{"@id":"https:\/\/www.mpppst.gob.ve\/mpppstweb\/#\/schema\/logo\/image\/"}},{"@type":"Person","@id":"https:\/\/www.mpppst.gob.ve\/mpppstweb\/#\/schema\/person\/fc187ee8ead412bd4c9304b62f900ea4","name":"MPPPST Prensa","url":"https:\/\/www.mpppst.gob.ve\/mpppstweb\/index.php\/author\/prensa-mpppst\/"}]}},"_links":{"self":[{"href":"https:\/\/www.mpppst.gob.ve\/mpppstweb\/index.php\/wp-json\/wp\/v2\/posts\/21725"}],"collection":[{"href":"https:\/\/www.mpppst.gob.ve\/mpppstweb\/index.php\/wp-json\/wp\/v2\/posts"}],"about":[{"href":"https:\/\/www.mpppst.gob.ve\/mpppstweb\/index.php\/wp-json\/wp\/v2\/types\/post"}],"author":[{"embeddable":true,"href":"https:\/\/www.mpppst.gob.ve\/mpppstweb\/index.php\/wp-json\/wp\/v2\/users\/25"}],"replies":[{"embeddable":true,"href":"https:\/\/www.mpppst.gob.ve\/mpppstweb\/index.php\/wp-json\/wp\/v2\/comments?post=21725"}],"version-history":[{"count":1,"href":"https:\/\/www.mpppst.gob.ve\/mpppstweb\/index.php\/wp-json\/wp\/v2\/posts\/21725\/revisions"}],"predecessor-version":[{"id":21727,"href":"https:\/\/www.mpppst.gob.ve\/mpppstweb\/index.php\/wp-json\/wp\/v2\/posts\/21725\/revisions\/21727"}],"wp:featuredmedia":[{"embeddable":true,"href":"https:\/\/www.mpppst.gob.ve\/mpppstweb\/index.php\/wp-json\/wp\/v2\/media\/21726"}],"wp:attachment":[{"href":"https:\/\/www.mpppst.gob.ve\/mpppstweb\/index.php\/wp-json\/wp\/v2\/media?parent=21725"}],"wp:term":[{"taxonomy":"category","embeddable":true,"href":"https:\/\/www.mpppst.gob.ve\/mpppstweb\/index.php\/wp-json\/wp\/v2\/categories?post=21725"},{"taxonomy":"post_tag","embeddable":true,"href":"https:\/\/www.mpppst.gob.ve\/mpppstweb\/index.php\/wp-json\/wp\/v2\/tags?post=21725"}],"curies":[{"name":"wp","href":"https:\/\/api.w.org\/{rel}","templated":true}]}}