{"id":21734,"date":"2021-03-10T07:50:22","date_gmt":"2021-03-10T11:50:22","guid":{"rendered":"http:\/\/www.mpppst.gob.ve\/mpppstweb\/?p=21734"},"modified":"2021-03-10T07:50:23","modified_gmt":"2021-03-10T11:50:23","slug":"vicepdte-para-la-comunicacion-cultura-y-turismo-un-batallon-comunicacional-ha-enfrentado-la-guerra-mediatica-y-los-fake-news-en-medio-de-la-pandemia","status":"publish","type":"post","link":"https:\/\/www.mpppst.gob.ve\/mpppstweb\/index.php\/2021\/03\/10\/vicepdte-para-la-comunicacion-cultura-y-turismo-un-batallon-comunicacional-ha-enfrentado-la-guerra-mediatica-y-los-fake-news-en-medio-de-la-pandemia\/","title":{"rendered":"Vicepdte. para la Comunicaci\u00f3n, Cultura y Turismo: Un batall\u00f3n comunicacional ha enfrentado la guerra medi\u00e1tica y los Fake News en medio de la pandemia"},"content":{"rendered":"\n<p><a href=\"https:\/\/www.vtv.gob.ve\/batallon-comunicacional-enfrentado-guerra-mediatica\/\">&nbsp;Caracas,&nbsp;<time datetime=\"2021-03-09T19:30:49-04:00\">9 de marzo de 2021<\/time><\/a><a href=\"https:\/\/www.vtv.gob.ve\/author\/jichirinos\/\">VTV<\/a><a href=\"https:\/\/www.facebook.com\/sharer.php?u=https%3A%2F%2Fwww.vtv.gob.ve%2Fbatallon-comunicacional-enfrentado-guerra-mediatica%2F\" target=\"_blank\" rel=\"noreferrer noopener\"><\/a><a href=\"https:\/\/twitter.com\/share?url=https%3A%2F%2Fwww.vtv.gob.ve%2Fbatallon-comunicacional-enfrentado-guerra-mediatica%2F&amp;text=Vicepdte.%20para%20la%20Comunicaci%C3%B3n%2C%20Cultura%20y%20Turismo%3A%20Un%20batall%C3%B3n%20comunicacional%20ha%20enfrentado%20la%20guerra%20medi%C3%A1tica%20y%20los%20Fake%20News%20en%20medio%20de%20la%20pandemia%C2%A0&amp;via=vtvcanal8&amp;hashtags=#06Sep\" target=\"_blank\" rel=\"noreferrer noopener\"><\/a><a href=\"\/\/send?text=Vicepdte.%20para%20la%20Comunicaci%C3%B3n%2C%20Cultura%20y%20Turismo%3A%20Un%20batall%C3%B3n%20comunicacional%20ha%20enfrentado%20la%20guerra%20medi%C3%A1tica%20y%20los%20Fake%20News%20en%20medio%20de%20la%20pandemia%C2%A0%20%E2%98%9B%20https%3A%2F%2Fwww.vtv.gob.ve%2Fbatallon-comunicacional-enfrentado-guerra-mediatica%2F\" target=\"_blank\" rel=\"noreferrer noopener\"><\/a><a href=\"https:\/\/telegram.me\/share\/url?url=https%3A%2F%2Fwww.vtv.gob.ve%2Fbatallon-comunicacional-enfrentado-guerra-mediatica%2F&amp;text=Vicepdte.%20para%20la%20Comunicaci%C3%B3n%2C%20Cultura%20y%20Turismo%3A%20Un%20batall%C3%B3n%20comunicacional%20ha%20enfrentado%20la%20guerra%20medi%C3%A1tica%20y%20los%20Fake%20News%20en%20medio%20de%20la%20pandemia%C2%A0\" target=\"_blank\" rel=\"noreferrer noopener\"><\/a><a href=\"javascript:void(0);\"><\/a>El vicepresidente sectorial de Comunicaci\u00f3n, Cultura y Turismo,<strong>&nbsp;<a href=\"https:\/\/www.vtv.gob.ve\/estado-venezolano-trabajado-garantizar-participacion-inclusion-puebl\/\">Freddy \u00d1\u00e1\u00f1ez,<\/a><\/strong>&nbsp;destac\u00f3 que actualmente en el mundo, una guerra de s\u00edmbolos est\u00e1 signando a la comunicaci\u00f3n, no obstante, en&nbsp;<strong>Venezuela<\/strong>&nbsp;\u201cun batall\u00f3n comunicacional ha enfrentado la guerra medi\u00e1tica y los Fake News en medio de un contexto adverso por la pandemia de la COVID-19.&nbsp;&nbsp;Durante su interpelaci\u00f3n ante la&nbsp;<strong>Plenaria<\/strong>&nbsp;de la&nbsp;<strong>Asamblea Nacional (AN)<\/strong>, precis\u00f3 que el Estado venezolano \u201ca pesar de los intentos de algunos Gobiernos de tergiversar la verdad de la lucha de Venezuela contra la COVID-19 y el manejo de la pandemia, cada venezolano ha sido informado de manera oportuna en medio de las peores dificultades\u201d&nbsp;Destac\u00f3 que el 2020 fue el a\u00f1o \u201cdel sabotaje, de las traiciones, pero seguimos en vanguardia por el pueblo para dar la batalla informativa. Estaremos al frente para informar de manera oportuna y veraz, fue un a\u00f1o dif\u00edcil para el \u00e1rea comunicacional, ya se cumple un a\u00f1o de la p\u00e9rdida del&nbsp;<strong>Sat\u00e9lite Sim\u00f3n Bol\u00edvar<\/strong>&nbsp;el cual era una l\u00ednea de contacto con el pueblo para llevarle la informaci\u00f3n y entretenimiento de forma eficaz\u201d.&nbsp;&nbsp;<\/p>\n\n\n\n<p>Resalt\u00f3 que la comunicaci\u00f3n dej\u00f3 de ser un concepto t\u00e9cnico y se convirti\u00f3 en un concepto eminentemente social, d\u00e1ndole una caracter\u00edstica de Derecho, no solo al ejercicio de la libertad de expresi\u00f3n, sino tambi\u00e9n a la responsabilidad que conlleva el ejercicio mismo individual y colectivo de la comunicaci\u00f3n.&nbsp;<\/p>\n\n\n\n<p>Durante el ciclo de preguntas efectuadas por los diversos diputados, el Vicepresidente Sectorial de Comunicaci\u00f3n, Cultura y Turismo, detall\u00f3 que la promoci\u00f3n de inversiones en el turismo venezolano es otro de los elementos fundamentales en la estrategia que permitir\u00e1 al pa\u00eds mantener un alt\u00edsimo nivel de infraestructura.<\/p>\n\n\n\n<p>Asimismo, destac\u00f3 la necesidad de \u201cver esas grandes estructuras tur\u00edsticas, para permitir detectar aquellos espacios en nuestros municipios, que logren hacer \u00e9nfasis en el mercadeo, as\u00ed como la promoci\u00f3n tur\u00edstica, a fin de ir atacando la desfiguraci\u00f3n que han hecho contra Venezuela desde afuera\u201d.<\/p>\n\n\n\n<p>Agreg\u00f3 que se debe destacar en materia de turismo, que hasta el momento se ha contabilizado que de 17 pa\u00edses, solo 10 gozan del 30% de sus espacios protegidos para el disfrute del pueblo ante la COVID-19 y entre esos 10 pa\u00eds se encuentra Venezuela.<\/p>\n\n\n\n<p>\u201cSomos un pa\u00eds que en medio de una pandemia posee Parques Nacionales protegidos, para que el pueblo venezolano disfrute al aire libre, sin correr tanto riesgo de contagios por la COVID-19, como en otros pa\u00edses\u201d.<\/p>\n","protected":false},"excerpt":{"rendered":"<p>&nbsp;Caracas,&nbsp;9 de marzo de 2021VTVEl vicepresidente sectorial de Comunicaci\u00f3n, Cultura y Turismo,&nbsp;Freddy \u00d1\u00e1\u00f1ez,&nbsp;destac\u00f3 que actualmente en &hellip; <a title=\"Vicepdte. para la Comunicaci\u00f3n, Cultura y Turismo: Un batall\u00f3n comunicacional ha enfrentado la guerra medi\u00e1tica y los Fake News en medio de la pandemia\" class=\"hm-read-more\" href=\"https:\/\/www.mpppst.gob.ve\/mpppstweb\/index.php\/2021\/03\/10\/vicepdte-para-la-comunicacion-cultura-y-turismo-un-batallon-comunicacional-ha-enfrentado-la-guerra-mediatica-y-los-fake-news-en-medio-de-la-pandemia\/\"><span class=\"screen-reader-text\">Vicepdte. para la Comunicaci\u00f3n, Cultura y Turismo: Un batall\u00f3n comunicacional ha enfrentado la guerra medi\u00e1tica y los Fake News en medio de la pandemia<\/span>Read more<\/a><\/p>\n","protected":false},"author":25,"featured_media":21735,"comment_status":"closed","ping_status":"closed","sticky":false,"template":"","format":"standard","meta":{"footnotes":""},"categories":[82,163],"tags":[],"yoast_head":"<!-- This site is optimized with the Yoast SEO plugin v22.5 - https:\/\/yoast.com\/wordpress\/plugins\/seo\/ -->\n<title>Vicepdte. para la Comunicaci\u00f3n, Cultura y Turismo: Un batall\u00f3n comunicacional ha enfrentado la guerra medi\u00e1tica y los Fake News en medio de la pandemia - MPPPST<\/title>\n<meta name=\"robots\" content=\"index, follow, max-snippet:-1, max-image-preview:large, max-video-preview:-1\" \/>\n<link rel=\"canonical\" href=\"https:\/\/www.mpppst.gob.ve\/mpppstweb\/index.php\/2021\/03\/10\/vicepdte-para-la-comunicacion-cultura-y-turismo-un-batallon-comunicacional-ha-enfrentado-la-guerra-mediatica-y-los-fake-news-en-medio-de-la-pandemia\/\" \/>\n<meta property=\"og:locale\" content=\"es_ES\" \/>\n<meta property=\"og:type\" content=\"article\" \/>\n<meta property=\"og:title\" content=\"Vicepdte. para la Comunicaci\u00f3n, Cultura y Turismo: Un batall\u00f3n comunicacional ha enfrentado la guerra medi\u00e1tica y los Fake News en medio de la pandemia - MPPPST\" \/>\n<meta property=\"og:description\" content=\"&nbsp;Caracas,&nbsp;9 de marzo de 2021VTVEl vicepresidente sectorial de Comunicaci\u00f3n, Cultura y Turismo,&nbsp;Freddy \u00d1\u00e1\u00f1ez,&nbsp;destac\u00f3 que actualmente en &hellip; Vicepdte. para la Comunicaci\u00f3n, Cultura y Turismo: Un batall\u00f3n comunicacional ha enfrentado la guerra medi\u00e1tica y los Fake News en medio de la pandemiaRead more\" \/>\n<meta property=\"og:url\" content=\"https:\/\/www.mpppst.gob.ve\/mpppstweb\/index.php\/2021\/03\/10\/vicepdte-para-la-comunicacion-cultura-y-turismo-un-batallon-comunicacional-ha-enfrentado-la-guerra-mediatica-y-los-fake-news-en-medio-de-la-pandemia\/\" \/>\n<meta property=\"og:site_name\" content=\"MPPPST\" \/>\n<meta property=\"article:published_time\" content=\"2021-03-10T11:50:22+00:00\" \/>\n<meta property=\"article:modified_time\" content=\"2021-03-10T11:50:23+00:00\" \/>\n<meta property=\"og:image\" content=\"https:\/\/www.mpppst.gob.ve\/mpppstweb\/wp-content\/uploads\/2021\/03\/photo5062410826207570207-1-768x427-1.jpg\" \/>\n\t<meta property=\"og:image:width\" content=\"768\" \/>\n\t<meta property=\"og:image:height\" content=\"427\" \/>\n\t<meta property=\"og:image:type\" content=\"image\/jpeg\" \/>\n<meta name=\"author\" content=\"MPPPST Prensa\" \/>\n<meta name=\"twitter:card\" content=\"summary_large_image\" \/>\n<meta name=\"twitter:label1\" content=\"Escrito por\" \/>\n\t<meta name=\"twitter:data1\" content=\"MPPPST Prensa\" \/>\n\t<meta name=\"twitter:label2\" content=\"Tiempo de lectura\" \/>\n\t<meta name=\"twitter:data2\" content=\"2 minutos\" \/>\n<script type=\"application\/ld+json\" class=\"yoast-schema-graph\">{\"@context\":\"https:\/\/schema.org\",\"@graph\":[{\"@type\":\"Article\",\"@id\":\"https:\/\/www.mpppst.gob.ve\/mpppstweb\/index.php\/2021\/03\/10\/vicepdte-para-la-comunicacion-cultura-y-turismo-un-batallon-comunicacional-ha-enfrentado-la-guerra-mediatica-y-los-fake-news-en-medio-de-la-pandemia\/#article\",\"isPartOf\":{\"@id\":\"https:\/\/www.mpppst.gob.ve\/mpppstweb\/index.php\/2021\/03\/10\/vicepdte-para-la-comunicacion-cultura-y-turismo-un-batallon-comunicacional-ha-enfrentado-la-guerra-mediatica-y-los-fake-news-en-medio-de-la-pandemia\/\"},\"author\":{\"name\":\"MPPPST Prensa\",\"@id\":\"https:\/\/www.mpppst.gob.ve\/mpppstweb\/#\/schema\/person\/fc187ee8ead412bd4c9304b62f900ea4\"},\"headline\":\"Vicepdte. para la Comunicaci\u00f3n, Cultura y Turismo: Un batall\u00f3n comunicacional ha enfrentado la guerra medi\u00e1tica y los Fake News en medio de la pandemia\",\"datePublished\":\"2021-03-10T11:50:22+00:00\",\"dateModified\":\"2021-03-10T11:50:23+00:00\",\"mainEntityOfPage\":{\"@id\":\"https:\/\/www.mpppst.gob.ve\/mpppstweb\/index.php\/2021\/03\/10\/vicepdte-para-la-comunicacion-cultura-y-turismo-un-batallon-comunicacional-ha-enfrentado-la-guerra-mediatica-y-los-fake-news-en-medio-de-la-pandemia\/\"},\"wordCount\":480,\"publisher\":{\"@id\":\"https:\/\/www.mpppst.gob.ve\/mpppstweb\/#organization\"},\"image\":{\"@id\":\"https:\/\/www.mpppst.gob.ve\/mpppstweb\/index.php\/2021\/03\/10\/vicepdte-para-la-comunicacion-cultura-y-turismo-un-batallon-comunicacional-ha-enfrentado-la-guerra-mediatica-y-los-fake-news-en-medio-de-la-pandemia\/#primaryimage\"},\"thumbnailUrl\":\"https:\/\/www.mpppst.gob.ve\/mpppstweb\/wp-content\/uploads\/2021\/03\/photo5062410826207570207-1-768x427-1.jpg\",\"articleSection\":[\"Gobierno Nacional\",\"Noticias\"],\"inLanguage\":\"es\"},{\"@type\":\"WebPage\",\"@id\":\"https:\/\/www.mpppst.gob.ve\/mpppstweb\/index.php\/2021\/03\/10\/vicepdte-para-la-comunicacion-cultura-y-turismo-un-batallon-comunicacional-ha-enfrentado-la-guerra-mediatica-y-los-fake-news-en-medio-de-la-pandemia\/\",\"url\":\"https:\/\/www.mpppst.gob.ve\/mpppstweb\/index.php\/2021\/03\/10\/vicepdte-para-la-comunicacion-cultura-y-turismo-un-batallon-comunicacional-ha-enfrentado-la-guerra-mediatica-y-los-fake-news-en-medio-de-la-pandemia\/\",\"name\":\"Vicepdte. para la Comunicaci\u00f3n, Cultura y Turismo: Un batall\u00f3n comunicacional ha enfrentado la guerra medi\u00e1tica y los Fake News en medio de la pandemia - MPPPST\",\"isPartOf\":{\"@id\":\"https:\/\/www.mpppst.gob.ve\/mpppstweb\/#website\"},\"primaryImageOfPage\":{\"@id\":\"https:\/\/www.mpppst.gob.ve\/mpppstweb\/index.php\/2021\/03\/10\/vicepdte-para-la-comunicacion-cultura-y-turismo-un-batallon-comunicacional-ha-enfrentado-la-guerra-mediatica-y-los-fake-news-en-medio-de-la-pandemia\/#primaryimage\"},\"image\":{\"@id\":\"https:\/\/www.mpppst.gob.ve\/mpppstweb\/index.php\/2021\/03\/10\/vicepdte-para-la-comunicacion-cultura-y-turismo-un-batallon-comunicacional-ha-enfrentado-la-guerra-mediatica-y-los-fake-news-en-medio-de-la-pandemia\/#primaryimage\"},\"thumbnailUrl\":\"https:\/\/www.mpppst.gob.ve\/mpppstweb\/wp-content\/uploads\/2021\/03\/photo5062410826207570207-1-768x427-1.jpg\",\"datePublished\":\"2021-03-10T11:50:22+00:00\",\"dateModified\":\"2021-03-10T11:50:23+00:00\",\"breadcrumb\":{\"@id\":\"https:\/\/www.mpppst.gob.ve\/mpppstweb\/index.php\/2021\/03\/10\/vicepdte-para-la-comunicacion-cultura-y-turismo-un-batallon-comunicacional-ha-enfrentado-la-guerra-mediatica-y-los-fake-news-en-medio-de-la-pandemia\/#breadcrumb\"},\"inLanguage\":\"es\",\"potentialAction\":[{\"@type\":\"ReadAction\",\"target\":[\"https:\/\/www.mpppst.gob.ve\/mpppstweb\/index.php\/2021\/03\/10\/vicepdte-para-la-comunicacion-cultura-y-turismo-un-batallon-comunicacional-ha-enfrentado-la-guerra-mediatica-y-los-fake-news-en-medio-de-la-pandemia\/\"]}]},{\"@type\":\"ImageObject\",\"inLanguage\":\"es\",\"@id\":\"https:\/\/www.mpppst.gob.ve\/mpppstweb\/index.php\/2021\/03\/10\/vicepdte-para-la-comunicacion-cultura-y-turismo-un-batallon-comunicacional-ha-enfrentado-la-guerra-mediatica-y-los-fake-news-en-medio-de-la-pandemia\/#primaryimage\",\"url\":\"https:\/\/www.mpppst.gob.ve\/mpppstweb\/wp-content\/uploads\/2021\/03\/photo5062410826207570207-1-768x427-1.jpg\",\"contentUrl\":\"https:\/\/www.mpppst.gob.ve\/mpppstweb\/wp-content\/uploads\/2021\/03\/photo5062410826207570207-1-768x427-1.jpg\",\"width\":768,\"height\":427},{\"@type\":\"BreadcrumbList\",\"@id\":\"https:\/\/www.mpppst.gob.ve\/mpppstweb\/index.php\/2021\/03\/10\/vicepdte-para-la-comunicacion-cultura-y-turismo-un-batallon-comunicacional-ha-enfrentado-la-guerra-mediatica-y-los-fake-news-en-medio-de-la-pandemia\/#breadcrumb\",\"itemListElement\":[{\"@type\":\"ListItem\",\"position\":1,\"name\":\"Home\",\"item\":\"https:\/\/www.mpppst.gob.ve\/mpppstweb\/\"},{\"@type\":\"ListItem\",\"position\":2,\"name\":\"Vicepdte. para la Comunicaci\u00f3n, Cultura y Turismo: Un batall\u00f3n comunicacional ha enfrentado la guerra medi\u00e1tica y los Fake News en medio de la pandemia\"}]},{\"@type\":\"WebSite\",\"@id\":\"https:\/\/www.mpppst.gob.ve\/mpppstweb\/#website\",\"url\":\"https:\/\/www.mpppst.gob.ve\/mpppstweb\/\",\"name\":\"MPPPST\",\"description\":\"Ministerio del Poder Popular para el Proceso Social de Trabajo\",\"publisher\":{\"@id\":\"https:\/\/www.mpppst.gob.ve\/mpppstweb\/#organization\"},\"potentialAction\":[{\"@type\":\"SearchAction\",\"target\":{\"@type\":\"EntryPoint\",\"urlTemplate\":\"https:\/\/www.mpppst.gob.ve\/mpppstweb\/?s={search_term_string}\"},\"query-input\":\"required name=search_term_string\"}],\"inLanguage\":\"es\"},{\"@type\":\"Organization\",\"@id\":\"https:\/\/www.mpppst.gob.ve\/mpppstweb\/#organization\",\"name\":\"mpppst\",\"url\":\"https:\/\/www.mpppst.gob.ve\/mpppstweb\/\",\"logo\":{\"@type\":\"ImageObject\",\"inLanguage\":\"es\",\"@id\":\"https:\/\/www.mpppst.gob.ve\/mpppstweb\/#\/schema\/logo\/image\/\",\"url\":\"https:\/\/www.mpppst.gob.ve\/mpppstweb\/wp-content\/uploads\/2025\/07\/cropped-cropped-g910.png\",\"contentUrl\":\"https:\/\/www.mpppst.gob.ve\/mpppstweb\/wp-content\/uploads\/2025\/07\/cropped-cropped-g910.png\",\"width\":1080,\"height\":241,\"caption\":\"mpppst\"},\"image\":{\"@id\":\"https:\/\/www.mpppst.gob.ve\/mpppstweb\/#\/schema\/logo\/image\/\"}},{\"@type\":\"Person\",\"@id\":\"https:\/\/www.mpppst.gob.ve\/mpppstweb\/#\/schema\/person\/fc187ee8ead412bd4c9304b62f900ea4\",\"name\":\"MPPPST Prensa\",\"url\":\"https:\/\/www.mpppst.gob.ve\/mpppstweb\/index.php\/author\/prensa-mpppst\/\"}]}<\/script>\n<!-- \/ Yoast SEO plugin. -->","yoast_head_json":{"title":"Vicepdte. para la Comunicaci\u00f3n, Cultura y Turismo: Un batall\u00f3n comunicacional ha enfrentado la guerra medi\u00e1tica y los Fake News en medio de la pandemia - MPPPST","robots":{"index":"index","follow":"follow","max-snippet":"max-snippet:-1","max-image-preview":"max-image-preview:large","max-video-preview":"max-video-preview:-1"},"canonical":"https:\/\/www.mpppst.gob.ve\/mpppstweb\/index.php\/2021\/03\/10\/vicepdte-para-la-comunicacion-cultura-y-turismo-un-batallon-comunicacional-ha-enfrentado-la-guerra-mediatica-y-los-fake-news-en-medio-de-la-pandemia\/","og_locale":"es_ES","og_type":"article","og_title":"Vicepdte. para la Comunicaci\u00f3n, Cultura y Turismo: Un batall\u00f3n comunicacional ha enfrentado la guerra medi\u00e1tica y los Fake News en medio de la pandemia - MPPPST","og_description":"&nbsp;Caracas,&nbsp;9 de marzo de 2021VTVEl vicepresidente sectorial de Comunicaci\u00f3n, Cultura y Turismo,&nbsp;Freddy \u00d1\u00e1\u00f1ez,&nbsp;destac\u00f3 que actualmente en &hellip; Vicepdte. para la Comunicaci\u00f3n, Cultura y Turismo: Un batall\u00f3n comunicacional ha enfrentado la guerra medi\u00e1tica y los Fake News en medio de la pandemiaRead more","og_url":"https:\/\/www.mpppst.gob.ve\/mpppstweb\/index.php\/2021\/03\/10\/vicepdte-para-la-comunicacion-cultura-y-turismo-un-batallon-comunicacional-ha-enfrentado-la-guerra-mediatica-y-los-fake-news-en-medio-de-la-pandemia\/","og_site_name":"MPPPST","article_published_time":"2021-03-10T11:50:22+00:00","article_modified_time":"2021-03-10T11:50:23+00:00","og_image":[{"width":768,"height":427,"url":"https:\/\/www.mpppst.gob.ve\/mpppstweb\/wp-content\/uploads\/2021\/03\/photo5062410826207570207-1-768x427-1.jpg","type":"image\/jpeg"}],"author":"MPPPST Prensa","twitter_card":"summary_large_image","twitter_misc":{"Escrito por":"MPPPST Prensa","Tiempo de lectura":"2 minutos"},"schema":{"@context":"https:\/\/schema.org","@graph":[{"@type":"Article","@id":"https:\/\/www.mpppst.gob.ve\/mpppstweb\/index.php\/2021\/03\/10\/vicepdte-para-la-comunicacion-cultura-y-turismo-un-batallon-comunicacional-ha-enfrentado-la-guerra-mediatica-y-los-fake-news-en-medio-de-la-pandemia\/#article","isPartOf":{"@id":"https:\/\/www.mpppst.gob.ve\/mpppstweb\/index.php\/2021\/03\/10\/vicepdte-para-la-comunicacion-cultura-y-turismo-un-batallon-comunicacional-ha-enfrentado-la-guerra-mediatica-y-los-fake-news-en-medio-de-la-pandemia\/"},"author":{"name":"MPPPST Prensa","@id":"https:\/\/www.mpppst.gob.ve\/mpppstweb\/#\/schema\/person\/fc187ee8ead412bd4c9304b62f900ea4"},"headline":"Vicepdte. para la Comunicaci\u00f3n, Cultura y Turismo: Un batall\u00f3n comunicacional ha enfrentado la guerra medi\u00e1tica y los Fake News en medio de la pandemia","datePublished":"2021-03-10T11:50:22+00:00","dateModified":"2021-03-10T11:50:23+00:00","mainEntityOfPage":{"@id":"https:\/\/www.mpppst.gob.ve\/mpppstweb\/index.php\/2021\/03\/10\/vicepdte-para-la-comunicacion-cultura-y-turismo-un-batallon-comunicacional-ha-enfrentado-la-guerra-mediatica-y-los-fake-news-en-medio-de-la-pandemia\/"},"wordCount":480,"publisher":{"@id":"https:\/\/www.mpppst.gob.ve\/mpppstweb\/#organization"},"image":{"@id":"https:\/\/www.mpppst.gob.ve\/mpppstweb\/index.php\/2021\/03\/10\/vicepdte-para-la-comunicacion-cultura-y-turismo-un-batallon-comunicacional-ha-enfrentado-la-guerra-mediatica-y-los-fake-news-en-medio-de-la-pandemia\/#primaryimage"},"thumbnailUrl":"https:\/\/www.mpppst.gob.ve\/mpppstweb\/wp-content\/uploads\/2021\/03\/photo5062410826207570207-1-768x427-1.jpg","articleSection":["Gobierno Nacional","Noticias"],"inLanguage":"es"},{"@type":"WebPage","@id":"https:\/\/www.mpppst.gob.ve\/mpppstweb\/index.php\/2021\/03\/10\/vicepdte-para-la-comunicacion-cultura-y-turismo-un-batallon-comunicacional-ha-enfrentado-la-guerra-mediatica-y-los-fake-news-en-medio-de-la-pandemia\/","url":"https:\/\/www.mpppst.gob.ve\/mpppstweb\/index.php\/2021\/03\/10\/vicepdte-para-la-comunicacion-cultura-y-turismo-un-batallon-comunicacional-ha-enfrentado-la-guerra-mediatica-y-los-fake-news-en-medio-de-la-pandemia\/","name":"Vicepdte. para la Comunicaci\u00f3n, Cultura y Turismo: Un batall\u00f3n comunicacional ha enfrentado la guerra medi\u00e1tica y los Fake News en medio de la pandemia - MPPPST","isPartOf":{"@id":"https:\/\/www.mpppst.gob.ve\/mpppstweb\/#website"},"primaryImageOfPage":{"@id":"https:\/\/www.mpppst.gob.ve\/mpppstweb\/index.php\/2021\/03\/10\/vicepdte-para-la-comunicacion-cultura-y-turismo-un-batallon-comunicacional-ha-enfrentado-la-guerra-mediatica-y-los-fake-news-en-medio-de-la-pandemia\/#primaryimage"},"image":{"@id":"https:\/\/www.mpppst.gob.ve\/mpppstweb\/index.php\/2021\/03\/10\/vicepdte-para-la-comunicacion-cultura-y-turismo-un-batallon-comunicacional-ha-enfrentado-la-guerra-mediatica-y-los-fake-news-en-medio-de-la-pandemia\/#primaryimage"},"thumbnailUrl":"https:\/\/www.mpppst.gob.ve\/mpppstweb\/wp-content\/uploads\/2021\/03\/photo5062410826207570207-1-768x427-1.jpg","datePublished":"2021-03-10T11:50:22+00:00","dateModified":"2021-03-10T11:50:23+00:00","breadcrumb":{"@id":"https:\/\/www.mpppst.gob.ve\/mpppstweb\/index.php\/2021\/03\/10\/vicepdte-para-la-comunicacion-cultura-y-turismo-un-batallon-comunicacional-ha-enfrentado-la-guerra-mediatica-y-los-fake-news-en-medio-de-la-pandemia\/#breadcrumb"},"inLanguage":"es","potentialAction":[{"@type":"ReadAction","target":["https:\/\/www.mpppst.gob.ve\/mpppstweb\/index.php\/2021\/03\/10\/vicepdte-para-la-comunicacion-cultura-y-turismo-un-batallon-comunicacional-ha-enfrentado-la-guerra-mediatica-y-los-fake-news-en-medio-de-la-pandemia\/"]}]},{"@type":"ImageObject","inLanguage":"es","@id":"https:\/\/www.mpppst.gob.ve\/mpppstweb\/index.php\/2021\/03\/10\/vicepdte-para-la-comunicacion-cultura-y-turismo-un-batallon-comunicacional-ha-enfrentado-la-guerra-mediatica-y-los-fake-news-en-medio-de-la-pandemia\/#primaryimage","url":"https:\/\/www.mpppst.gob.ve\/mpppstweb\/wp-content\/uploads\/2021\/03\/photo5062410826207570207-1-768x427-1.jpg","contentUrl":"https:\/\/www.mpppst.gob.ve\/mpppstweb\/wp-content\/uploads\/2021\/03\/photo5062410826207570207-1-768x427-1.jpg","width":768,"height":427},{"@type":"BreadcrumbList","@id":"https:\/\/www.mpppst.gob.ve\/mpppstweb\/index.php\/2021\/03\/10\/vicepdte-para-la-comunicacion-cultura-y-turismo-un-batallon-comunicacional-ha-enfrentado-la-guerra-mediatica-y-los-fake-news-en-medio-de-la-pandemia\/#breadcrumb","itemListElement":[{"@type":"ListItem","position":1,"name":"Home","item":"https:\/\/www.mpppst.gob.ve\/mpppstweb\/"},{"@type":"ListItem","position":2,"name":"Vicepdte. para la Comunicaci\u00f3n, Cultura y Turismo: Un batall\u00f3n comunicacional ha enfrentado la guerra medi\u00e1tica y los Fake News en medio de la pandemia"}]},{"@type":"WebSite","@id":"https:\/\/www.mpppst.gob.ve\/mpppstweb\/#website","url":"https:\/\/www.mpppst.gob.ve\/mpppstweb\/","name":"MPPPST","description":"Ministerio del Poder Popular para el Proceso Social de Trabajo","publisher":{"@id":"https:\/\/www.mpppst.gob.ve\/mpppstweb\/#organization"},"potentialAction":[{"@type":"SearchAction","target":{"@type":"EntryPoint","urlTemplate":"https:\/\/www.mpppst.gob.ve\/mpppstweb\/?s={search_term_string}"},"query-input":"required name=search_term_string"}],"inLanguage":"es"},{"@type":"Organization","@id":"https:\/\/www.mpppst.gob.ve\/mpppstweb\/#organization","name":"mpppst","url":"https:\/\/www.mpppst.gob.ve\/mpppstweb\/","logo":{"@type":"ImageObject","inLanguage":"es","@id":"https:\/\/www.mpppst.gob.ve\/mpppstweb\/#\/schema\/logo\/image\/","url":"https:\/\/www.mpppst.gob.ve\/mpppstweb\/wp-content\/uploads\/2025\/07\/cropped-cropped-g910.png","contentUrl":"https:\/\/www.mpppst.gob.ve\/mpppstweb\/wp-content\/uploads\/2025\/07\/cropped-cropped-g910.png","width":1080,"height":241,"caption":"mpppst"},"image":{"@id":"https:\/\/www.mpppst.gob.ve\/mpppstweb\/#\/schema\/logo\/image\/"}},{"@type":"Person","@id":"https:\/\/www.mpppst.gob.ve\/mpppstweb\/#\/schema\/person\/fc187ee8ead412bd4c9304b62f900ea4","name":"MPPPST Prensa","url":"https:\/\/www.mpppst.gob.ve\/mpppstweb\/index.php\/author\/prensa-mpppst\/"}]}},"_links":{"self":[{"href":"https:\/\/www.mpppst.gob.ve\/mpppstweb\/index.php\/wp-json\/wp\/v2\/posts\/21734"}],"collection":[{"href":"https:\/\/www.mpppst.gob.ve\/mpppstweb\/index.php\/wp-json\/wp\/v2\/posts"}],"about":[{"href":"https:\/\/www.mpppst.gob.ve\/mpppstweb\/index.php\/wp-json\/wp\/v2\/types\/post"}],"author":[{"embeddable":true,"href":"https:\/\/www.mpppst.gob.ve\/mpppstweb\/index.php\/wp-json\/wp\/v2\/users\/25"}],"replies":[{"embeddable":true,"href":"https:\/\/www.mpppst.gob.ve\/mpppstweb\/index.php\/wp-json\/wp\/v2\/comments?post=21734"}],"version-history":[{"count":1,"href":"https:\/\/www.mpppst.gob.ve\/mpppstweb\/index.php\/wp-json\/wp\/v2\/posts\/21734\/revisions"}],"predecessor-version":[{"id":21736,"href":"https:\/\/www.mpppst.gob.ve\/mpppstweb\/index.php\/wp-json\/wp\/v2\/posts\/21734\/revisions\/21736"}],"wp:featuredmedia":[{"embeddable":true,"href":"https:\/\/www.mpppst.gob.ve\/mpppstweb\/index.php\/wp-json\/wp\/v2\/media\/21735"}],"wp:attachment":[{"href":"https:\/\/www.mpppst.gob.ve\/mpppstweb\/index.php\/wp-json\/wp\/v2\/media?parent=21734"}],"wp:term":[{"taxonomy":"category","embeddable":true,"href":"https:\/\/www.mpppst.gob.ve\/mpppstweb\/index.php\/wp-json\/wp\/v2\/categories?post=21734"},{"taxonomy":"post_tag","embeddable":true,"href":"https:\/\/www.mpppst.gob.ve\/mpppstweb\/index.php\/wp-json\/wp\/v2\/tags?post=21734"}],"curies":[{"name":"wp","href":"https:\/\/api.w.org\/{rel}","templated":true}]}}