{"id":21744,"date":"2021-03-11T16:07:45","date_gmt":"2021-03-11T20:07:45","guid":{"rendered":"http:\/\/www.mpppst.gob.ve\/mpppstweb\/?p=21744"},"modified":"2021-03-11T16:07:46","modified_gmt":"2021-03-11T20:07:46","slug":"lula-da-silva-agradece-solidaridad-del-presidente-maduro","status":"publish","type":"post","link":"https:\/\/www.mpppst.gob.ve\/mpppstweb\/index.php\/2021\/03\/11\/lula-da-silva-agradece-solidaridad-del-presidente-maduro\/","title":{"rendered":"Lula Da Silva agradece solidaridad del presidente Maduro"},"content":{"rendered":"\n<p>El ex presidente de Brasil, Luiz In\u00e1cio Lula Da Silva, manifest\u00f3 su agradecimiento al presidente de la Rep\u00fablica, Nicol\u00e1s Maduro Moros, por las muestras de solidaridad en la lucha por su libertad y sus derechos pol\u00edticos.<\/p>\n\n\n\n<p>\u201cAgradezco al presidente Maduro que tuvo la dignidad de llamarme y expresar la solidaridad\u201d, expres\u00f3 el l\u00edder brasile\u00f1o.<\/p>\n\n\n\n<p>En conferencia de prensa tras recuperar sus derechos pol\u00edticos, Lula abog\u00f3 por la autodeterminaci\u00f3n de los pueblos y la no injerencia del gobierno de los Estados Unidos en los asuntos internos de las naciones.<\/p>\n\n\n\n<p>\u201cEstados Unidos no tiene que meterse con Venezuela, Hait\u00ed, Rep\u00fablica Dominicana, Cuba. Que se metan los estadounidenses con los Estados Unidos y que cada uno cuide su lugar. El problema de la democracia en Venezuela es del pueblo venezolano\u201d, recalc\u00f3 la tarde de este mi\u00e9rcoles.<\/p>\n\n\n\n<p>Asimismo, agradeci\u00f3 la solidaridad del presidente cubano, Miguel D\u00edaz-Canel.<\/p>\n\n\n\n<p>\u00abEn pocos d\u00edas lograron reunir 2.350.000 firmas de solidaridad para conmigo\u201d, destac\u00f3.<\/p>\n\n\n\n<p><strong>En contexto<\/strong><\/p>\n\n\n\n<p>El juez de la Corte Suprema de Brasil, Edson Fachin, anul\u00f3 este lunes todas las sentencias dictadas contra el expresidente Luiz In\u00e1cio Lula Da Silva y Dilma Rousseff por la justicia federal de Paran\u00e1.<\/p>\n\n\n\n<p>La absoluci\u00f3n de la juez federal de Brasilia a los dos expresidentes se da dos meses despu\u00e9s de que la Fiscal\u00eda de ese pa\u00eds pidiera no seguir con el proceso al reconocer que no hab\u00eda \u00abelementos configuradores de la existencia de una organizaci\u00f3n criminal\u00bb. La denuncia en ese caso hab\u00eda sido presentada por el fiscal Rodrigo Janot, que termin\u00f3 su mandato en el 2017. Y sus sucesores no respaldaron seguir adelante con ese proceso.<\/p>\n\n\n\n<p>En la investigaci\u00f3n, que adem\u00e1s involucraba a otros altos funcionarios del gabinete de Lula, lo acusaban de haber sido parte de una organizaci\u00f3n criminal que usaba los recursos p\u00fablicos de las empresas estatales para financiar sus campa\u00f1as electorales.<\/p>\n\n\n\n<p>La propia Fiscal\u00eda pidi\u00f3 desestimar los cargos porque no \u00abexist\u00edan pruebas de las acusaciones\u00bb. El juez que fall\u00f3 el cargo dijo que la denuncia no ten\u00eda fundamentos, \u00abni siquiera en tesis, (se evidencia) que exist\u00eda una asociaci\u00f3n de cuatro o m\u00e1s personas estructuralmente ordenada, con divisi\u00f3n de tareas, alguna forma de jerarqu\u00eda o estabilidad\u00bb.<\/p>\n","protected":false},"excerpt":{"rendered":"<p>El ex presidente de Brasil, Luiz In\u00e1cio Lula Da Silva, manifest\u00f3 su agradecimiento al presidente de &hellip; <a title=\"Lula Da Silva agradece solidaridad del presidente Maduro\" class=\"hm-read-more\" href=\"https:\/\/www.mpppst.gob.ve\/mpppstweb\/index.php\/2021\/03\/11\/lula-da-silva-agradece-solidaridad-del-presidente-maduro\/\"><span class=\"screen-reader-text\">Lula Da Silva agradece solidaridad del presidente Maduro<\/span>Read more<\/a><\/p>\n","protected":false},"author":25,"featured_media":21745,"comment_status":"closed","ping_status":"closed","sticky":false,"template":"","format":"standard","meta":{"footnotes":""},"categories":[82,163],"tags":[],"yoast_head":"<!-- This site is optimized with the Yoast SEO plugin v22.5 - https:\/\/yoast.com\/wordpress\/plugins\/seo\/ -->\n<title>Lula Da Silva agradece solidaridad del presidente Maduro - MPPPST<\/title>\n<meta name=\"robots\" content=\"index, follow, max-snippet:-1, max-image-preview:large, max-video-preview:-1\" \/>\n<link rel=\"canonical\" href=\"https:\/\/www.mpppst.gob.ve\/mpppstweb\/index.php\/2021\/03\/11\/lula-da-silva-agradece-solidaridad-del-presidente-maduro\/\" \/>\n<meta property=\"og:locale\" content=\"es_ES\" \/>\n<meta property=\"og:type\" content=\"article\" \/>\n<meta property=\"og:title\" content=\"Lula Da Silva agradece solidaridad del presidente Maduro - MPPPST\" \/>\n<meta property=\"og:description\" content=\"El ex presidente de Brasil, Luiz In\u00e1cio Lula Da Silva, manifest\u00f3 su agradecimiento al presidente de &hellip; Lula Da Silva agradece solidaridad del presidente MaduroRead more\" \/>\n<meta property=\"og:url\" content=\"https:\/\/www.mpppst.gob.ve\/mpppstweb\/index.php\/2021\/03\/11\/lula-da-silva-agradece-solidaridad-del-presidente-maduro\/\" \/>\n<meta property=\"og:site_name\" content=\"MPPPST\" \/>\n<meta property=\"article:published_time\" content=\"2021-03-11T20:07:45+00:00\" \/>\n<meta property=\"article:modified_time\" content=\"2021-03-11T20:07:46+00:00\" \/>\n<meta property=\"og:image\" content=\"https:\/\/www.mpppst.gob.ve\/mpppstweb\/wp-content\/uploads\/2021\/03\/Maduro-y-Lula.jpg\" \/>\n\t<meta property=\"og:image:width\" content=\"512\" \/>\n\t<meta property=\"og:image:height\" content=\"388\" \/>\n\t<meta property=\"og:image:type\" content=\"image\/jpeg\" \/>\n<meta name=\"author\" content=\"MPPPST Prensa\" \/>\n<meta name=\"twitter:card\" content=\"summary_large_image\" \/>\n<meta name=\"twitter:label1\" content=\"Escrito por\" \/>\n\t<meta name=\"twitter:data1\" content=\"MPPPST Prensa\" \/>\n\t<meta name=\"twitter:label2\" content=\"Tiempo de lectura\" \/>\n\t<meta name=\"twitter:data2\" content=\"2 minutos\" \/>\n<script type=\"application\/ld+json\" class=\"yoast-schema-graph\">{\"@context\":\"https:\/\/schema.org\",\"@graph\":[{\"@type\":\"Article\",\"@id\":\"https:\/\/www.mpppst.gob.ve\/mpppstweb\/index.php\/2021\/03\/11\/lula-da-silva-agradece-solidaridad-del-presidente-maduro\/#article\",\"isPartOf\":{\"@id\":\"https:\/\/www.mpppst.gob.ve\/mpppstweb\/index.php\/2021\/03\/11\/lula-da-silva-agradece-solidaridad-del-presidente-maduro\/\"},\"author\":{\"name\":\"MPPPST Prensa\",\"@id\":\"https:\/\/www.mpppst.gob.ve\/mpppstweb\/#\/schema\/person\/fc187ee8ead412bd4c9304b62f900ea4\"},\"headline\":\"Lula Da Silva agradece solidaridad del presidente Maduro\",\"datePublished\":\"2021-03-11T20:07:45+00:00\",\"dateModified\":\"2021-03-11T20:07:46+00:00\",\"mainEntityOfPage\":{\"@id\":\"https:\/\/www.mpppst.gob.ve\/mpppstweb\/index.php\/2021\/03\/11\/lula-da-silva-agradece-solidaridad-del-presidente-maduro\/\"},\"wordCount\":395,\"publisher\":{\"@id\":\"https:\/\/www.mpppst.gob.ve\/mpppstweb\/#organization\"},\"image\":{\"@id\":\"https:\/\/www.mpppst.gob.ve\/mpppstweb\/index.php\/2021\/03\/11\/lula-da-silva-agradece-solidaridad-del-presidente-maduro\/#primaryimage\"},\"thumbnailUrl\":\"https:\/\/www.mpppst.gob.ve\/mpppstweb\/wp-content\/uploads\/2021\/03\/Maduro-y-Lula.jpg\",\"articleSection\":[\"Gobierno Nacional\",\"Noticias\"],\"inLanguage\":\"es\"},{\"@type\":\"WebPage\",\"@id\":\"https:\/\/www.mpppst.gob.ve\/mpppstweb\/index.php\/2021\/03\/11\/lula-da-silva-agradece-solidaridad-del-presidente-maduro\/\",\"url\":\"https:\/\/www.mpppst.gob.ve\/mpppstweb\/index.php\/2021\/03\/11\/lula-da-silva-agradece-solidaridad-del-presidente-maduro\/\",\"name\":\"Lula Da Silva agradece solidaridad del presidente Maduro - MPPPST\",\"isPartOf\":{\"@id\":\"https:\/\/www.mpppst.gob.ve\/mpppstweb\/#website\"},\"primaryImageOfPage\":{\"@id\":\"https:\/\/www.mpppst.gob.ve\/mpppstweb\/index.php\/2021\/03\/11\/lula-da-silva-agradece-solidaridad-del-presidente-maduro\/#primaryimage\"},\"image\":{\"@id\":\"https:\/\/www.mpppst.gob.ve\/mpppstweb\/index.php\/2021\/03\/11\/lula-da-silva-agradece-solidaridad-del-presidente-maduro\/#primaryimage\"},\"thumbnailUrl\":\"https:\/\/www.mpppst.gob.ve\/mpppstweb\/wp-content\/uploads\/2021\/03\/Maduro-y-Lula.jpg\",\"datePublished\":\"2021-03-11T20:07:45+00:00\",\"dateModified\":\"2021-03-11T20:07:46+00:00\",\"breadcrumb\":{\"@id\":\"https:\/\/www.mpppst.gob.ve\/mpppstweb\/index.php\/2021\/03\/11\/lula-da-silva-agradece-solidaridad-del-presidente-maduro\/#breadcrumb\"},\"inLanguage\":\"es\",\"potentialAction\":[{\"@type\":\"ReadAction\",\"target\":[\"https:\/\/www.mpppst.gob.ve\/mpppstweb\/index.php\/2021\/03\/11\/lula-da-silva-agradece-solidaridad-del-presidente-maduro\/\"]}]},{\"@type\":\"ImageObject\",\"inLanguage\":\"es\",\"@id\":\"https:\/\/www.mpppst.gob.ve\/mpppstweb\/index.php\/2021\/03\/11\/lula-da-silva-agradece-solidaridad-del-presidente-maduro\/#primaryimage\",\"url\":\"https:\/\/www.mpppst.gob.ve\/mpppstweb\/wp-content\/uploads\/2021\/03\/Maduro-y-Lula.jpg\",\"contentUrl\":\"https:\/\/www.mpppst.gob.ve\/mpppstweb\/wp-content\/uploads\/2021\/03\/Maduro-y-Lula.jpg\",\"width\":512,\"height\":388},{\"@type\":\"BreadcrumbList\",\"@id\":\"https:\/\/www.mpppst.gob.ve\/mpppstweb\/index.php\/2021\/03\/11\/lula-da-silva-agradece-solidaridad-del-presidente-maduro\/#breadcrumb\",\"itemListElement\":[{\"@type\":\"ListItem\",\"position\":1,\"name\":\"Home\",\"item\":\"https:\/\/www.mpppst.gob.ve\/mpppstweb\/\"},{\"@type\":\"ListItem\",\"position\":2,\"name\":\"Lula Da Silva agradece solidaridad del presidente Maduro\"}]},{\"@type\":\"WebSite\",\"@id\":\"https:\/\/www.mpppst.gob.ve\/mpppstweb\/#website\",\"url\":\"https:\/\/www.mpppst.gob.ve\/mpppstweb\/\",\"name\":\"MPPPST\",\"description\":\"Ministerio del Poder Popular para el Proceso Social de Trabajo\",\"publisher\":{\"@id\":\"https:\/\/www.mpppst.gob.ve\/mpppstweb\/#organization\"},\"potentialAction\":[{\"@type\":\"SearchAction\",\"target\":{\"@type\":\"EntryPoint\",\"urlTemplate\":\"https:\/\/www.mpppst.gob.ve\/mpppstweb\/?s={search_term_string}\"},\"query-input\":\"required name=search_term_string\"}],\"inLanguage\":\"es\"},{\"@type\":\"Organization\",\"@id\":\"https:\/\/www.mpppst.gob.ve\/mpppstweb\/#organization\",\"name\":\"mpppst\",\"url\":\"https:\/\/www.mpppst.gob.ve\/mpppstweb\/\",\"logo\":{\"@type\":\"ImageObject\",\"inLanguage\":\"es\",\"@id\":\"https:\/\/www.mpppst.gob.ve\/mpppstweb\/#\/schema\/logo\/image\/\",\"url\":\"https:\/\/www.mpppst.gob.ve\/mpppstweb\/wp-content\/uploads\/2025\/07\/cropped-cropped-g910.png\",\"contentUrl\":\"https:\/\/www.mpppst.gob.ve\/mpppstweb\/wp-content\/uploads\/2025\/07\/cropped-cropped-g910.png\",\"width\":1080,\"height\":241,\"caption\":\"mpppst\"},\"image\":{\"@id\":\"https:\/\/www.mpppst.gob.ve\/mpppstweb\/#\/schema\/logo\/image\/\"}},{\"@type\":\"Person\",\"@id\":\"https:\/\/www.mpppst.gob.ve\/mpppstweb\/#\/schema\/person\/fc187ee8ead412bd4c9304b62f900ea4\",\"name\":\"MPPPST Prensa\",\"url\":\"https:\/\/www.mpppst.gob.ve\/mpppstweb\/index.php\/author\/prensa-mpppst\/\"}]}<\/script>\n<!-- \/ Yoast SEO plugin. -->","yoast_head_json":{"title":"Lula Da Silva agradece solidaridad del presidente Maduro - MPPPST","robots":{"index":"index","follow":"follow","max-snippet":"max-snippet:-1","max-image-preview":"max-image-preview:large","max-video-preview":"max-video-preview:-1"},"canonical":"https:\/\/www.mpppst.gob.ve\/mpppstweb\/index.php\/2021\/03\/11\/lula-da-silva-agradece-solidaridad-del-presidente-maduro\/","og_locale":"es_ES","og_type":"article","og_title":"Lula Da Silva agradece solidaridad del presidente Maduro - MPPPST","og_description":"El ex presidente de Brasil, Luiz In\u00e1cio Lula Da Silva, manifest\u00f3 su agradecimiento al presidente de &hellip; Lula Da Silva agradece solidaridad del presidente MaduroRead more","og_url":"https:\/\/www.mpppst.gob.ve\/mpppstweb\/index.php\/2021\/03\/11\/lula-da-silva-agradece-solidaridad-del-presidente-maduro\/","og_site_name":"MPPPST","article_published_time":"2021-03-11T20:07:45+00:00","article_modified_time":"2021-03-11T20:07:46+00:00","og_image":[{"width":512,"height":388,"url":"https:\/\/www.mpppst.gob.ve\/mpppstweb\/wp-content\/uploads\/2021\/03\/Maduro-y-Lula.jpg","type":"image\/jpeg"}],"author":"MPPPST Prensa","twitter_card":"summary_large_image","twitter_misc":{"Escrito por":"MPPPST Prensa","Tiempo de lectura":"2 minutos"},"schema":{"@context":"https:\/\/schema.org","@graph":[{"@type":"Article","@id":"https:\/\/www.mpppst.gob.ve\/mpppstweb\/index.php\/2021\/03\/11\/lula-da-silva-agradece-solidaridad-del-presidente-maduro\/#article","isPartOf":{"@id":"https:\/\/www.mpppst.gob.ve\/mpppstweb\/index.php\/2021\/03\/11\/lula-da-silva-agradece-solidaridad-del-presidente-maduro\/"},"author":{"name":"MPPPST Prensa","@id":"https:\/\/www.mpppst.gob.ve\/mpppstweb\/#\/schema\/person\/fc187ee8ead412bd4c9304b62f900ea4"},"headline":"Lula Da Silva agradece solidaridad del presidente Maduro","datePublished":"2021-03-11T20:07:45+00:00","dateModified":"2021-03-11T20:07:46+00:00","mainEntityOfPage":{"@id":"https:\/\/www.mpppst.gob.ve\/mpppstweb\/index.php\/2021\/03\/11\/lula-da-silva-agradece-solidaridad-del-presidente-maduro\/"},"wordCount":395,"publisher":{"@id":"https:\/\/www.mpppst.gob.ve\/mpppstweb\/#organization"},"image":{"@id":"https:\/\/www.mpppst.gob.ve\/mpppstweb\/index.php\/2021\/03\/11\/lula-da-silva-agradece-solidaridad-del-presidente-maduro\/#primaryimage"},"thumbnailUrl":"https:\/\/www.mpppst.gob.ve\/mpppstweb\/wp-content\/uploads\/2021\/03\/Maduro-y-Lula.jpg","articleSection":["Gobierno Nacional","Noticias"],"inLanguage":"es"},{"@type":"WebPage","@id":"https:\/\/www.mpppst.gob.ve\/mpppstweb\/index.php\/2021\/03\/11\/lula-da-silva-agradece-solidaridad-del-presidente-maduro\/","url":"https:\/\/www.mpppst.gob.ve\/mpppstweb\/index.php\/2021\/03\/11\/lula-da-silva-agradece-solidaridad-del-presidente-maduro\/","name":"Lula Da Silva agradece solidaridad del presidente Maduro - MPPPST","isPartOf":{"@id":"https:\/\/www.mpppst.gob.ve\/mpppstweb\/#website"},"primaryImageOfPage":{"@id":"https:\/\/www.mpppst.gob.ve\/mpppstweb\/index.php\/2021\/03\/11\/lula-da-silva-agradece-solidaridad-del-presidente-maduro\/#primaryimage"},"image":{"@id":"https:\/\/www.mpppst.gob.ve\/mpppstweb\/index.php\/2021\/03\/11\/lula-da-silva-agradece-solidaridad-del-presidente-maduro\/#primaryimage"},"thumbnailUrl":"https:\/\/www.mpppst.gob.ve\/mpppstweb\/wp-content\/uploads\/2021\/03\/Maduro-y-Lula.jpg","datePublished":"2021-03-11T20:07:45+00:00","dateModified":"2021-03-11T20:07:46+00:00","breadcrumb":{"@id":"https:\/\/www.mpppst.gob.ve\/mpppstweb\/index.php\/2021\/03\/11\/lula-da-silva-agradece-solidaridad-del-presidente-maduro\/#breadcrumb"},"inLanguage":"es","potentialAction":[{"@type":"ReadAction","target":["https:\/\/www.mpppst.gob.ve\/mpppstweb\/index.php\/2021\/03\/11\/lula-da-silva-agradece-solidaridad-del-presidente-maduro\/"]}]},{"@type":"ImageObject","inLanguage":"es","@id":"https:\/\/www.mpppst.gob.ve\/mpppstweb\/index.php\/2021\/03\/11\/lula-da-silva-agradece-solidaridad-del-presidente-maduro\/#primaryimage","url":"https:\/\/www.mpppst.gob.ve\/mpppstweb\/wp-content\/uploads\/2021\/03\/Maduro-y-Lula.jpg","contentUrl":"https:\/\/www.mpppst.gob.ve\/mpppstweb\/wp-content\/uploads\/2021\/03\/Maduro-y-Lula.jpg","width":512,"height":388},{"@type":"BreadcrumbList","@id":"https:\/\/www.mpppst.gob.ve\/mpppstweb\/index.php\/2021\/03\/11\/lula-da-silva-agradece-solidaridad-del-presidente-maduro\/#breadcrumb","itemListElement":[{"@type":"ListItem","position":1,"name":"Home","item":"https:\/\/www.mpppst.gob.ve\/mpppstweb\/"},{"@type":"ListItem","position":2,"name":"Lula Da Silva agradece solidaridad del presidente Maduro"}]},{"@type":"WebSite","@id":"https:\/\/www.mpppst.gob.ve\/mpppstweb\/#website","url":"https:\/\/www.mpppst.gob.ve\/mpppstweb\/","name":"MPPPST","description":"Ministerio del Poder Popular para el Proceso Social de Trabajo","publisher":{"@id":"https:\/\/www.mpppst.gob.ve\/mpppstweb\/#organization"},"potentialAction":[{"@type":"SearchAction","target":{"@type":"EntryPoint","urlTemplate":"https:\/\/www.mpppst.gob.ve\/mpppstweb\/?s={search_term_string}"},"query-input":"required name=search_term_string"}],"inLanguage":"es"},{"@type":"Organization","@id":"https:\/\/www.mpppst.gob.ve\/mpppstweb\/#organization","name":"mpppst","url":"https:\/\/www.mpppst.gob.ve\/mpppstweb\/","logo":{"@type":"ImageObject","inLanguage":"es","@id":"https:\/\/www.mpppst.gob.ve\/mpppstweb\/#\/schema\/logo\/image\/","url":"https:\/\/www.mpppst.gob.ve\/mpppstweb\/wp-content\/uploads\/2025\/07\/cropped-cropped-g910.png","contentUrl":"https:\/\/www.mpppst.gob.ve\/mpppstweb\/wp-content\/uploads\/2025\/07\/cropped-cropped-g910.png","width":1080,"height":241,"caption":"mpppst"},"image":{"@id":"https:\/\/www.mpppst.gob.ve\/mpppstweb\/#\/schema\/logo\/image\/"}},{"@type":"Person","@id":"https:\/\/www.mpppst.gob.ve\/mpppstweb\/#\/schema\/person\/fc187ee8ead412bd4c9304b62f900ea4","name":"MPPPST Prensa","url":"https:\/\/www.mpppst.gob.ve\/mpppstweb\/index.php\/author\/prensa-mpppst\/"}]}},"_links":{"self":[{"href":"https:\/\/www.mpppst.gob.ve\/mpppstweb\/index.php\/wp-json\/wp\/v2\/posts\/21744"}],"collection":[{"href":"https:\/\/www.mpppst.gob.ve\/mpppstweb\/index.php\/wp-json\/wp\/v2\/posts"}],"about":[{"href":"https:\/\/www.mpppst.gob.ve\/mpppstweb\/index.php\/wp-json\/wp\/v2\/types\/post"}],"author":[{"embeddable":true,"href":"https:\/\/www.mpppst.gob.ve\/mpppstweb\/index.php\/wp-json\/wp\/v2\/users\/25"}],"replies":[{"embeddable":true,"href":"https:\/\/www.mpppst.gob.ve\/mpppstweb\/index.php\/wp-json\/wp\/v2\/comments?post=21744"}],"version-history":[{"count":1,"href":"https:\/\/www.mpppst.gob.ve\/mpppstweb\/index.php\/wp-json\/wp\/v2\/posts\/21744\/revisions"}],"predecessor-version":[{"id":21746,"href":"https:\/\/www.mpppst.gob.ve\/mpppstweb\/index.php\/wp-json\/wp\/v2\/posts\/21744\/revisions\/21746"}],"wp:featuredmedia":[{"embeddable":true,"href":"https:\/\/www.mpppst.gob.ve\/mpppstweb\/index.php\/wp-json\/wp\/v2\/media\/21745"}],"wp:attachment":[{"href":"https:\/\/www.mpppst.gob.ve\/mpppstweb\/index.php\/wp-json\/wp\/v2\/media?parent=21744"}],"wp:term":[{"taxonomy":"category","embeddable":true,"href":"https:\/\/www.mpppst.gob.ve\/mpppstweb\/index.php\/wp-json\/wp\/v2\/categories?post=21744"},{"taxonomy":"post_tag","embeddable":true,"href":"https:\/\/www.mpppst.gob.ve\/mpppstweb\/index.php\/wp-json\/wp\/v2\/tags?post=21744"}],"curies":[{"name":"wp","href":"https:\/\/api.w.org\/{rel}","templated":true}]}}