{"id":21747,"date":"2021-03-11T16:57:47","date_gmt":"2021-03-11T20:57:47","guid":{"rendered":"http:\/\/www.mpppst.gob.ve\/mpppstweb\/?p=21747"},"modified":"2021-03-11T16:57:48","modified_gmt":"2021-03-11T20:57:48","slug":"presidente-maduro-celebra-aprobacion-de-ley-de-las-ciudades-comunales","status":"publish","type":"post","link":"https:\/\/www.mpppst.gob.ve\/mpppstweb\/index.php\/2021\/03\/11\/presidente-maduro-celebra-aprobacion-de-ley-de-las-ciudades-comunales\/","title":{"rendered":"Presidente Maduro celebra aprobaci\u00f3n de Ley de las Ciudades Comunales"},"content":{"rendered":"\n<p>El presidente de la Rep\u00fablica, Nicol\u00e1s Maduro, celebr\u00f3 este jueves la aprobaci\u00f3n en primera discusi\u00f3n de la Ley Org\u00e1nica de las Ciudades Comunales, destinada a fomentar el autogobierno del poder popular.<\/p>\n\n\n\n<p>Destac\u00f3 que la legislaci\u00f3n permitir\u00e1 avanzar hacia la democracia comunal, bajo una nueva \u00e9tica socialista.<\/p>\n\n\n\n<p>\u00abAgradezco a los diputados y las diputadas por estar al lado del pueblo. Vamos hacia la democracia comunal\u00bb, apunt\u00f3 a trav\u00e9s de un mensaje difundido en su cuenta de la red social Twitter.<\/p>\n\n\n\n<p>M\u00e1s temprano, la mayor\u00eda de la Asamblea Nacional (AN) aprob\u00f3 la discusi\u00f3n de la Ley Org\u00e1nica de Ciudades Comunales, instrumento que pasar\u00e1 a debatirse en los consejos comunales para recopilar ideas y propuestas.<\/p>\n\n\n\n<p>Al respecto, el presidente del Parlamento Nacional, Jorge Rodr\u00edguez, se\u00f1al\u00f3 que la legislaci\u00f3n proteger\u00e1 a la poblaci\u00f3n de quienes pretendan perjudicarlo.<\/p>\n\n\n\n<p>\u00abCuando venga un oligarca a querer perjudicar a los barrios, estar\u00e1 la ley que los protege. Es algo que le debemos a Ch\u00e1vez\u00bb, subray\u00f3 Rodr\u00edguez, citado por el diario \u00daltimas Noticias.<\/p>\n\n\n\n<p>El 10 de febrero, el jefe de Estado entreg\u00f3 el proyecto de Ley Org\u00e1nica de las Ciudades Comunales para su discusi\u00f3n en sesi\u00f3n ordinaria del Parlamento Nacional, sobre la base de planteamientos surgidos en el Congreso de Comunas 2.0.<\/p>\n","protected":false},"excerpt":{"rendered":"<p>El presidente de la Rep\u00fablica, Nicol\u00e1s Maduro, celebr\u00f3 este jueves la aprobaci\u00f3n en primera discusi\u00f3n de &hellip; <a title=\"Presidente Maduro celebra aprobaci\u00f3n de Ley de las Ciudades Comunales\" class=\"hm-read-more\" href=\"https:\/\/www.mpppst.gob.ve\/mpppstweb\/index.php\/2021\/03\/11\/presidente-maduro-celebra-aprobacion-de-ley-de-las-ciudades-comunales\/\"><span class=\"screen-reader-text\">Presidente Maduro celebra aprobaci\u00f3n de Ley de las Ciudades Comunales<\/span>Read more<\/a><\/p>\n","protected":false},"author":25,"featured_media":21748,"comment_status":"closed","ping_status":"closed","sticky":false,"template":"","format":"standard","meta":{"footnotes":""},"categories":[82,163],"tags":[],"yoast_head":"<!-- This site is optimized with the Yoast SEO plugin v22.5 - https:\/\/yoast.com\/wordpress\/plugins\/seo\/ -->\n<title>Presidente Maduro celebra aprobaci\u00f3n de Ley de las Ciudades Comunales - MPPPST<\/title>\n<meta name=\"robots\" content=\"index, follow, max-snippet:-1, max-image-preview:large, max-video-preview:-1\" \/>\n<link rel=\"canonical\" href=\"https:\/\/www.mpppst.gob.ve\/mpppstweb\/index.php\/2021\/03\/11\/presidente-maduro-celebra-aprobacion-de-ley-de-las-ciudades-comunales\/\" \/>\n<meta property=\"og:locale\" content=\"es_ES\" \/>\n<meta property=\"og:type\" content=\"article\" \/>\n<meta property=\"og:title\" content=\"Presidente Maduro celebra aprobaci\u00f3n de Ley de las Ciudades Comunales - MPPPST\" \/>\n<meta property=\"og:description\" content=\"El presidente de la Rep\u00fablica, Nicol\u00e1s Maduro, celebr\u00f3 este jueves la aprobaci\u00f3n en primera discusi\u00f3n de &hellip; Presidente Maduro celebra aprobaci\u00f3n de Ley de las Ciudades ComunalesRead more\" \/>\n<meta property=\"og:url\" content=\"https:\/\/www.mpppst.gob.ve\/mpppstweb\/index.php\/2021\/03\/11\/presidente-maduro-celebra-aprobacion-de-ley-de-las-ciudades-comunales\/\" \/>\n<meta property=\"og:site_name\" content=\"MPPPST\" \/>\n<meta property=\"article:published_time\" content=\"2021-03-11T20:57:47+00:00\" \/>\n<meta property=\"article:modified_time\" content=\"2021-03-11T20:57:48+00:00\" \/>\n<meta property=\"og:image\" content=\"https:\/\/www.mpppst.gob.ve\/mpppstweb\/wp-content\/uploads\/2021\/03\/asamblea.jpg\" \/>\n\t<meta property=\"og:image:width\" content=\"1080\" \/>\n\t<meta property=\"og:image:height\" content=\"720\" \/>\n\t<meta property=\"og:image:type\" content=\"image\/jpeg\" \/>\n<meta name=\"author\" content=\"MPPPST Prensa\" \/>\n<meta name=\"twitter:card\" content=\"summary_large_image\" \/>\n<meta name=\"twitter:label1\" content=\"Escrito por\" \/>\n\t<meta name=\"twitter:data1\" content=\"MPPPST Prensa\" \/>\n\t<meta name=\"twitter:label2\" content=\"Tiempo de lectura\" \/>\n\t<meta name=\"twitter:data2\" content=\"1 minuto\" \/>\n<script type=\"application\/ld+json\" class=\"yoast-schema-graph\">{\"@context\":\"https:\/\/schema.org\",\"@graph\":[{\"@type\":\"Article\",\"@id\":\"https:\/\/www.mpppst.gob.ve\/mpppstweb\/index.php\/2021\/03\/11\/presidente-maduro-celebra-aprobacion-de-ley-de-las-ciudades-comunales\/#article\",\"isPartOf\":{\"@id\":\"https:\/\/www.mpppst.gob.ve\/mpppstweb\/index.php\/2021\/03\/11\/presidente-maduro-celebra-aprobacion-de-ley-de-las-ciudades-comunales\/\"},\"author\":{\"name\":\"MPPPST Prensa\",\"@id\":\"https:\/\/www.mpppst.gob.ve\/mpppstweb\/#\/schema\/person\/fc187ee8ead412bd4c9304b62f900ea4\"},\"headline\":\"Presidente Maduro celebra aprobaci\u00f3n de Ley de las Ciudades Comunales\",\"datePublished\":\"2021-03-11T20:57:47+00:00\",\"dateModified\":\"2021-03-11T20:57:48+00:00\",\"mainEntityOfPage\":{\"@id\":\"https:\/\/www.mpppst.gob.ve\/mpppstweb\/index.php\/2021\/03\/11\/presidente-maduro-celebra-aprobacion-de-ley-de-las-ciudades-comunales\/\"},\"wordCount\":232,\"publisher\":{\"@id\":\"https:\/\/www.mpppst.gob.ve\/mpppstweb\/#organization\"},\"image\":{\"@id\":\"https:\/\/www.mpppst.gob.ve\/mpppstweb\/index.php\/2021\/03\/11\/presidente-maduro-celebra-aprobacion-de-ley-de-las-ciudades-comunales\/#primaryimage\"},\"thumbnailUrl\":\"https:\/\/www.mpppst.gob.ve\/mpppstweb\/wp-content\/uploads\/2021\/03\/asamblea.jpg\",\"articleSection\":[\"Gobierno Nacional\",\"Noticias\"],\"inLanguage\":\"es\"},{\"@type\":\"WebPage\",\"@id\":\"https:\/\/www.mpppst.gob.ve\/mpppstweb\/index.php\/2021\/03\/11\/presidente-maduro-celebra-aprobacion-de-ley-de-las-ciudades-comunales\/\",\"url\":\"https:\/\/www.mpppst.gob.ve\/mpppstweb\/index.php\/2021\/03\/11\/presidente-maduro-celebra-aprobacion-de-ley-de-las-ciudades-comunales\/\",\"name\":\"Presidente Maduro celebra aprobaci\u00f3n de Ley de las Ciudades Comunales - MPPPST\",\"isPartOf\":{\"@id\":\"https:\/\/www.mpppst.gob.ve\/mpppstweb\/#website\"},\"primaryImageOfPage\":{\"@id\":\"https:\/\/www.mpppst.gob.ve\/mpppstweb\/index.php\/2021\/03\/11\/presidente-maduro-celebra-aprobacion-de-ley-de-las-ciudades-comunales\/#primaryimage\"},\"image\":{\"@id\":\"https:\/\/www.mpppst.gob.ve\/mpppstweb\/index.php\/2021\/03\/11\/presidente-maduro-celebra-aprobacion-de-ley-de-las-ciudades-comunales\/#primaryimage\"},\"thumbnailUrl\":\"https:\/\/www.mpppst.gob.ve\/mpppstweb\/wp-content\/uploads\/2021\/03\/asamblea.jpg\",\"datePublished\":\"2021-03-11T20:57:47+00:00\",\"dateModified\":\"2021-03-11T20:57:48+00:00\",\"breadcrumb\":{\"@id\":\"https:\/\/www.mpppst.gob.ve\/mpppstweb\/index.php\/2021\/03\/11\/presidente-maduro-celebra-aprobacion-de-ley-de-las-ciudades-comunales\/#breadcrumb\"},\"inLanguage\":\"es\",\"potentialAction\":[{\"@type\":\"ReadAction\",\"target\":[\"https:\/\/www.mpppst.gob.ve\/mpppstweb\/index.php\/2021\/03\/11\/presidente-maduro-celebra-aprobacion-de-ley-de-las-ciudades-comunales\/\"]}]},{\"@type\":\"ImageObject\",\"inLanguage\":\"es\",\"@id\":\"https:\/\/www.mpppst.gob.ve\/mpppstweb\/index.php\/2021\/03\/11\/presidente-maduro-celebra-aprobacion-de-ley-de-las-ciudades-comunales\/#primaryimage\",\"url\":\"https:\/\/www.mpppst.gob.ve\/mpppstweb\/wp-content\/uploads\/2021\/03\/asamblea.jpg\",\"contentUrl\":\"https:\/\/www.mpppst.gob.ve\/mpppstweb\/wp-content\/uploads\/2021\/03\/asamblea.jpg\",\"width\":1080,\"height\":720},{\"@type\":\"BreadcrumbList\",\"@id\":\"https:\/\/www.mpppst.gob.ve\/mpppstweb\/index.php\/2021\/03\/11\/presidente-maduro-celebra-aprobacion-de-ley-de-las-ciudades-comunales\/#breadcrumb\",\"itemListElement\":[{\"@type\":\"ListItem\",\"position\":1,\"name\":\"Home\",\"item\":\"https:\/\/www.mpppst.gob.ve\/mpppstweb\/\"},{\"@type\":\"ListItem\",\"position\":2,\"name\":\"Presidente Maduro celebra aprobaci\u00f3n de Ley de las Ciudades Comunales\"}]},{\"@type\":\"WebSite\",\"@id\":\"https:\/\/www.mpppst.gob.ve\/mpppstweb\/#website\",\"url\":\"https:\/\/www.mpppst.gob.ve\/mpppstweb\/\",\"name\":\"MPPPST\",\"description\":\"Ministerio del Poder Popular para el Proceso Social de Trabajo\",\"publisher\":{\"@id\":\"https:\/\/www.mpppst.gob.ve\/mpppstweb\/#organization\"},\"potentialAction\":[{\"@type\":\"SearchAction\",\"target\":{\"@type\":\"EntryPoint\",\"urlTemplate\":\"https:\/\/www.mpppst.gob.ve\/mpppstweb\/?s={search_term_string}\"},\"query-input\":\"required name=search_term_string\"}],\"inLanguage\":\"es\"},{\"@type\":\"Organization\",\"@id\":\"https:\/\/www.mpppst.gob.ve\/mpppstweb\/#organization\",\"name\":\"mpppst\",\"url\":\"https:\/\/www.mpppst.gob.ve\/mpppstweb\/\",\"logo\":{\"@type\":\"ImageObject\",\"inLanguage\":\"es\",\"@id\":\"https:\/\/www.mpppst.gob.ve\/mpppstweb\/#\/schema\/logo\/image\/\",\"url\":\"https:\/\/www.mpppst.gob.ve\/mpppstweb\/wp-content\/uploads\/2025\/07\/cropped-cropped-g910.png\",\"contentUrl\":\"https:\/\/www.mpppst.gob.ve\/mpppstweb\/wp-content\/uploads\/2025\/07\/cropped-cropped-g910.png\",\"width\":1080,\"height\":241,\"caption\":\"mpppst\"},\"image\":{\"@id\":\"https:\/\/www.mpppst.gob.ve\/mpppstweb\/#\/schema\/logo\/image\/\"}},{\"@type\":\"Person\",\"@id\":\"https:\/\/www.mpppst.gob.ve\/mpppstweb\/#\/schema\/person\/fc187ee8ead412bd4c9304b62f900ea4\",\"name\":\"MPPPST Prensa\",\"url\":\"https:\/\/www.mpppst.gob.ve\/mpppstweb\/index.php\/author\/prensa-mpppst\/\"}]}<\/script>\n<!-- \/ Yoast SEO plugin. -->","yoast_head_json":{"title":"Presidente Maduro celebra aprobaci\u00f3n de Ley de las Ciudades Comunales - MPPPST","robots":{"index":"index","follow":"follow","max-snippet":"max-snippet:-1","max-image-preview":"max-image-preview:large","max-video-preview":"max-video-preview:-1"},"canonical":"https:\/\/www.mpppst.gob.ve\/mpppstweb\/index.php\/2021\/03\/11\/presidente-maduro-celebra-aprobacion-de-ley-de-las-ciudades-comunales\/","og_locale":"es_ES","og_type":"article","og_title":"Presidente Maduro celebra aprobaci\u00f3n de Ley de las Ciudades Comunales - MPPPST","og_description":"El presidente de la Rep\u00fablica, Nicol\u00e1s Maduro, celebr\u00f3 este jueves la aprobaci\u00f3n en primera discusi\u00f3n de &hellip; Presidente Maduro celebra aprobaci\u00f3n de Ley de las Ciudades ComunalesRead more","og_url":"https:\/\/www.mpppst.gob.ve\/mpppstweb\/index.php\/2021\/03\/11\/presidente-maduro-celebra-aprobacion-de-ley-de-las-ciudades-comunales\/","og_site_name":"MPPPST","article_published_time":"2021-03-11T20:57:47+00:00","article_modified_time":"2021-03-11T20:57:48+00:00","og_image":[{"width":1080,"height":720,"url":"https:\/\/www.mpppst.gob.ve\/mpppstweb\/wp-content\/uploads\/2021\/03\/asamblea.jpg","type":"image\/jpeg"}],"author":"MPPPST Prensa","twitter_card":"summary_large_image","twitter_misc":{"Escrito por":"MPPPST Prensa","Tiempo de lectura":"1 minuto"},"schema":{"@context":"https:\/\/schema.org","@graph":[{"@type":"Article","@id":"https:\/\/www.mpppst.gob.ve\/mpppstweb\/index.php\/2021\/03\/11\/presidente-maduro-celebra-aprobacion-de-ley-de-las-ciudades-comunales\/#article","isPartOf":{"@id":"https:\/\/www.mpppst.gob.ve\/mpppstweb\/index.php\/2021\/03\/11\/presidente-maduro-celebra-aprobacion-de-ley-de-las-ciudades-comunales\/"},"author":{"name":"MPPPST Prensa","@id":"https:\/\/www.mpppst.gob.ve\/mpppstweb\/#\/schema\/person\/fc187ee8ead412bd4c9304b62f900ea4"},"headline":"Presidente Maduro celebra aprobaci\u00f3n de Ley de las Ciudades Comunales","datePublished":"2021-03-11T20:57:47+00:00","dateModified":"2021-03-11T20:57:48+00:00","mainEntityOfPage":{"@id":"https:\/\/www.mpppst.gob.ve\/mpppstweb\/index.php\/2021\/03\/11\/presidente-maduro-celebra-aprobacion-de-ley-de-las-ciudades-comunales\/"},"wordCount":232,"publisher":{"@id":"https:\/\/www.mpppst.gob.ve\/mpppstweb\/#organization"},"image":{"@id":"https:\/\/www.mpppst.gob.ve\/mpppstweb\/index.php\/2021\/03\/11\/presidente-maduro-celebra-aprobacion-de-ley-de-las-ciudades-comunales\/#primaryimage"},"thumbnailUrl":"https:\/\/www.mpppst.gob.ve\/mpppstweb\/wp-content\/uploads\/2021\/03\/asamblea.jpg","articleSection":["Gobierno Nacional","Noticias"],"inLanguage":"es"},{"@type":"WebPage","@id":"https:\/\/www.mpppst.gob.ve\/mpppstweb\/index.php\/2021\/03\/11\/presidente-maduro-celebra-aprobacion-de-ley-de-las-ciudades-comunales\/","url":"https:\/\/www.mpppst.gob.ve\/mpppstweb\/index.php\/2021\/03\/11\/presidente-maduro-celebra-aprobacion-de-ley-de-las-ciudades-comunales\/","name":"Presidente Maduro celebra aprobaci\u00f3n de Ley de las Ciudades Comunales - MPPPST","isPartOf":{"@id":"https:\/\/www.mpppst.gob.ve\/mpppstweb\/#website"},"primaryImageOfPage":{"@id":"https:\/\/www.mpppst.gob.ve\/mpppstweb\/index.php\/2021\/03\/11\/presidente-maduro-celebra-aprobacion-de-ley-de-las-ciudades-comunales\/#primaryimage"},"image":{"@id":"https:\/\/www.mpppst.gob.ve\/mpppstweb\/index.php\/2021\/03\/11\/presidente-maduro-celebra-aprobacion-de-ley-de-las-ciudades-comunales\/#primaryimage"},"thumbnailUrl":"https:\/\/www.mpppst.gob.ve\/mpppstweb\/wp-content\/uploads\/2021\/03\/asamblea.jpg","datePublished":"2021-03-11T20:57:47+00:00","dateModified":"2021-03-11T20:57:48+00:00","breadcrumb":{"@id":"https:\/\/www.mpppst.gob.ve\/mpppstweb\/index.php\/2021\/03\/11\/presidente-maduro-celebra-aprobacion-de-ley-de-las-ciudades-comunales\/#breadcrumb"},"inLanguage":"es","potentialAction":[{"@type":"ReadAction","target":["https:\/\/www.mpppst.gob.ve\/mpppstweb\/index.php\/2021\/03\/11\/presidente-maduro-celebra-aprobacion-de-ley-de-las-ciudades-comunales\/"]}]},{"@type":"ImageObject","inLanguage":"es","@id":"https:\/\/www.mpppst.gob.ve\/mpppstweb\/index.php\/2021\/03\/11\/presidente-maduro-celebra-aprobacion-de-ley-de-las-ciudades-comunales\/#primaryimage","url":"https:\/\/www.mpppst.gob.ve\/mpppstweb\/wp-content\/uploads\/2021\/03\/asamblea.jpg","contentUrl":"https:\/\/www.mpppst.gob.ve\/mpppstweb\/wp-content\/uploads\/2021\/03\/asamblea.jpg","width":1080,"height":720},{"@type":"BreadcrumbList","@id":"https:\/\/www.mpppst.gob.ve\/mpppstweb\/index.php\/2021\/03\/11\/presidente-maduro-celebra-aprobacion-de-ley-de-las-ciudades-comunales\/#breadcrumb","itemListElement":[{"@type":"ListItem","position":1,"name":"Home","item":"https:\/\/www.mpppst.gob.ve\/mpppstweb\/"},{"@type":"ListItem","position":2,"name":"Presidente Maduro celebra aprobaci\u00f3n de Ley de las Ciudades Comunales"}]},{"@type":"WebSite","@id":"https:\/\/www.mpppst.gob.ve\/mpppstweb\/#website","url":"https:\/\/www.mpppst.gob.ve\/mpppstweb\/","name":"MPPPST","description":"Ministerio del Poder Popular para el Proceso Social de Trabajo","publisher":{"@id":"https:\/\/www.mpppst.gob.ve\/mpppstweb\/#organization"},"potentialAction":[{"@type":"SearchAction","target":{"@type":"EntryPoint","urlTemplate":"https:\/\/www.mpppst.gob.ve\/mpppstweb\/?s={search_term_string}"},"query-input":"required name=search_term_string"}],"inLanguage":"es"},{"@type":"Organization","@id":"https:\/\/www.mpppst.gob.ve\/mpppstweb\/#organization","name":"mpppst","url":"https:\/\/www.mpppst.gob.ve\/mpppstweb\/","logo":{"@type":"ImageObject","inLanguage":"es","@id":"https:\/\/www.mpppst.gob.ve\/mpppstweb\/#\/schema\/logo\/image\/","url":"https:\/\/www.mpppst.gob.ve\/mpppstweb\/wp-content\/uploads\/2025\/07\/cropped-cropped-g910.png","contentUrl":"https:\/\/www.mpppst.gob.ve\/mpppstweb\/wp-content\/uploads\/2025\/07\/cropped-cropped-g910.png","width":1080,"height":241,"caption":"mpppst"},"image":{"@id":"https:\/\/www.mpppst.gob.ve\/mpppstweb\/#\/schema\/logo\/image\/"}},{"@type":"Person","@id":"https:\/\/www.mpppst.gob.ve\/mpppstweb\/#\/schema\/person\/fc187ee8ead412bd4c9304b62f900ea4","name":"MPPPST Prensa","url":"https:\/\/www.mpppst.gob.ve\/mpppstweb\/index.php\/author\/prensa-mpppst\/"}]}},"_links":{"self":[{"href":"https:\/\/www.mpppst.gob.ve\/mpppstweb\/index.php\/wp-json\/wp\/v2\/posts\/21747"}],"collection":[{"href":"https:\/\/www.mpppst.gob.ve\/mpppstweb\/index.php\/wp-json\/wp\/v2\/posts"}],"about":[{"href":"https:\/\/www.mpppst.gob.ve\/mpppstweb\/index.php\/wp-json\/wp\/v2\/types\/post"}],"author":[{"embeddable":true,"href":"https:\/\/www.mpppst.gob.ve\/mpppstweb\/index.php\/wp-json\/wp\/v2\/users\/25"}],"replies":[{"embeddable":true,"href":"https:\/\/www.mpppst.gob.ve\/mpppstweb\/index.php\/wp-json\/wp\/v2\/comments?post=21747"}],"version-history":[{"count":1,"href":"https:\/\/www.mpppst.gob.ve\/mpppstweb\/index.php\/wp-json\/wp\/v2\/posts\/21747\/revisions"}],"predecessor-version":[{"id":21749,"href":"https:\/\/www.mpppst.gob.ve\/mpppstweb\/index.php\/wp-json\/wp\/v2\/posts\/21747\/revisions\/21749"}],"wp:featuredmedia":[{"embeddable":true,"href":"https:\/\/www.mpppst.gob.ve\/mpppstweb\/index.php\/wp-json\/wp\/v2\/media\/21748"}],"wp:attachment":[{"href":"https:\/\/www.mpppst.gob.ve\/mpppstweb\/index.php\/wp-json\/wp\/v2\/media?parent=21747"}],"wp:term":[{"taxonomy":"category","embeddable":true,"href":"https:\/\/www.mpppst.gob.ve\/mpppstweb\/index.php\/wp-json\/wp\/v2\/categories?post=21747"},{"taxonomy":"post_tag","embeddable":true,"href":"https:\/\/www.mpppst.gob.ve\/mpppstweb\/index.php\/wp-json\/wp\/v2\/tags?post=21747"}],"curies":[{"name":"wp","href":"https:\/\/api.w.org\/{rel}","templated":true}]}}