{"id":21764,"date":"2021-03-12T07:24:01","date_gmt":"2021-03-12T11:24:01","guid":{"rendered":"http:\/\/www.mpppst.gob.ve\/mpppstweb\/?p=21764"},"modified":"2021-03-12T07:27:26","modified_gmt":"2021-03-12T11:27:26","slug":"comunicado-venezuela-revisara-relacion-con-oficina-de-alta-comisionada-de-onu-ante-desacertadas-declaraciones-de-michelle-bachelet","status":"publish","type":"post","link":"https:\/\/www.mpppst.gob.ve\/mpppstweb\/index.php\/2021\/03\/12\/comunicado-venezuela-revisara-relacion-con-oficina-de-alta-comisionada-de-onu-ante-desacertadas-declaraciones-de-michelle-bachelet\/","title":{"rendered":"COMUNICADO: Venezuela revisar\u00e1 relaci\u00f3n con Oficina de Alta Comisionada de ONU ante desacertadas declaraciones de Michelle Bachelet"},"content":{"rendered":"\n<p>La Rep\u00fablica Bolivariana de Venezuela lamenta y rechaza las desacertadas declaraciones realizadas el d\u00eda de hoy por la Alta Comisionada de Naciones Unidas para los Derechos Humanos,&nbsp;<strong>Michelle Bachelet<\/strong>, durante la 46\u00b0 sesi\u00f3n ordinaria del Consejo de Derechos Humanos de la ONU.<\/p>\n\n\n\n<p>Su desbalanceado reporte es emitido por mandato de una politizada resoluci\u00f3n del Consejo de Derechos Humanos, promovida por el Gobierno de los Estados Unidos a trav\u00e9s del autodenominado \u201cGrupo de Lima\u201d, en clara violaci\u00f3n a las normas y principios que rigen el tratamiento de los asuntos de derechos humanos.<\/p>\n\n\n\n<p>Es muy preocupante que la Alta Comisionada ceda ante la presi\u00f3n de actores anti-venezolanos y realice afirmaciones sesgadas y alejadas de la verdad, haci\u00e9ndose eco de campa\u00f1as medi\u00e1ticas y presentando especulaciones ideologizadas, como hechos.<\/p>\n\n\n\n<p>A pesar de la presencia de su Oficina en el terreno y de los fluidos mecanismos de di\u00e1logo existentes con el Estado venezolano, derivados de la Carta de Entendimiento sobre asistencia t\u00e9cnica y cooperaci\u00f3n recientemente renovada, la informaci\u00f3n que maneja y presenta la Alta Comisionada no dista mucho de la que difunden los Gobiernos y medios que aspiran un escenario de violencia en Venezuela.&nbsp;<\/p>\n\n\n\n<p>Ante los infundados se\u00f1alamientos emitidos, el Gobierno Bolivariano de Venezuela someter\u00e1 a revisi\u00f3n la relaci\u00f3n con la oficina de la Alta Comisionada para los Derechos Humanos y la pr\u00f3xima renovaci\u00f3n de la Carta de compromiso,&nbsp; con el fin de garantizar el estricto y necesario apego a los principios de objetividad, no selectividad, imparcialidad, no injerencia en los asuntos internos y di\u00e1logo constructivo.<\/p>\n\n\n\n<p>En este sentido, Venezuela aspira mayor rigor y objetividad por parte de la Alta Comisionada y sus equipos t\u00e9cnicos.<\/p>\n\n\n\n<p><strong>Caracas, 11 de marzo de 2021<\/strong><\/p>\n\n\n\n<p>Prensa Web VTV<\/p>\n","protected":false},"excerpt":{"rendered":"<p>La Rep\u00fablica Bolivariana de Venezuela lamenta y rechaza las desacertadas declaraciones realizadas el d\u00eda de hoy &hellip; <a title=\"COMUNICADO: Venezuela revisar\u00e1 relaci\u00f3n con Oficina de Alta Comisionada de ONU ante desacertadas declaraciones de Michelle Bachelet\" class=\"hm-read-more\" href=\"https:\/\/www.mpppst.gob.ve\/mpppstweb\/index.php\/2021\/03\/12\/comunicado-venezuela-revisara-relacion-con-oficina-de-alta-comisionada-de-onu-ante-desacertadas-declaraciones-de-michelle-bachelet\/\"><span class=\"screen-reader-text\">COMUNICADO: Venezuela revisar\u00e1 relaci\u00f3n con Oficina de Alta Comisionada de ONU ante desacertadas declaraciones de Michelle Bachelet<\/span>Read more<\/a><\/p>\n","protected":false},"author":25,"featured_media":21765,"comment_status":"closed","ping_status":"closed","sticky":false,"template":"","format":"standard","meta":{"footnotes":""},"categories":[82,163],"tags":[],"yoast_head":"<!-- This site is optimized with the Yoast SEO plugin v22.5 - https:\/\/yoast.com\/wordpress\/plugins\/seo\/ -->\n<title>COMUNICADO: Venezuela revisar\u00e1 relaci\u00f3n con Oficina de Alta Comisionada de ONU ante desacertadas declaraciones de Michelle Bachelet - MPPPST<\/title>\n<meta name=\"robots\" content=\"index, follow, max-snippet:-1, max-image-preview:large, max-video-preview:-1\" \/>\n<link rel=\"canonical\" href=\"https:\/\/www.mpppst.gob.ve\/mpppstweb\/index.php\/2021\/03\/12\/comunicado-venezuela-revisara-relacion-con-oficina-de-alta-comisionada-de-onu-ante-desacertadas-declaraciones-de-michelle-bachelet\/\" \/>\n<meta property=\"og:locale\" content=\"es_ES\" \/>\n<meta property=\"og:type\" content=\"article\" \/>\n<meta property=\"og:title\" content=\"COMUNICADO: Venezuela revisar\u00e1 relaci\u00f3n con Oficina de Alta Comisionada de ONU ante desacertadas declaraciones de Michelle Bachelet - MPPPST\" \/>\n<meta property=\"og:description\" content=\"La Rep\u00fablica Bolivariana de Venezuela lamenta y rechaza las desacertadas declaraciones realizadas el d\u00eda de hoy &hellip; COMUNICADO: Venezuela revisar\u00e1 relaci\u00f3n con Oficina de Alta Comisionada de ONU ante desacertadas declaraciones de Michelle BacheletRead more\" \/>\n<meta property=\"og:url\" content=\"https:\/\/www.mpppst.gob.ve\/mpppstweb\/index.php\/2021\/03\/12\/comunicado-venezuela-revisara-relacion-con-oficina-de-alta-comisionada-de-onu-ante-desacertadas-declaraciones-de-michelle-bachelet\/\" \/>\n<meta property=\"og:site_name\" content=\"MPPPST\" \/>\n<meta property=\"article:published_time\" content=\"2021-03-12T11:24:01+00:00\" \/>\n<meta property=\"article:modified_time\" content=\"2021-03-12T11:27:26+00:00\" \/>\n<meta property=\"og:image\" content=\"https:\/\/www.mpppst.gob.ve\/mpppstweb\/wp-content\/uploads\/2021\/03\/EkscGHEXUAICPBX-1-768x427-1.jpg\" \/>\n\t<meta property=\"og:image:width\" content=\"768\" \/>\n\t<meta property=\"og:image:height\" content=\"427\" \/>\n\t<meta property=\"og:image:type\" content=\"image\/jpeg\" \/>\n<meta name=\"author\" content=\"MPPPST Prensa\" \/>\n<meta name=\"twitter:card\" content=\"summary_large_image\" \/>\n<meta name=\"twitter:label1\" content=\"Escrito por\" \/>\n\t<meta name=\"twitter:data1\" content=\"MPPPST Prensa\" \/>\n\t<meta name=\"twitter:label2\" content=\"Tiempo de lectura\" \/>\n\t<meta name=\"twitter:data2\" content=\"2 minutos\" \/>\n<script type=\"application\/ld+json\" class=\"yoast-schema-graph\">{\"@context\":\"https:\/\/schema.org\",\"@graph\":[{\"@type\":\"Article\",\"@id\":\"https:\/\/www.mpppst.gob.ve\/mpppstweb\/index.php\/2021\/03\/12\/comunicado-venezuela-revisara-relacion-con-oficina-de-alta-comisionada-de-onu-ante-desacertadas-declaraciones-de-michelle-bachelet\/#article\",\"isPartOf\":{\"@id\":\"https:\/\/www.mpppst.gob.ve\/mpppstweb\/index.php\/2021\/03\/12\/comunicado-venezuela-revisara-relacion-con-oficina-de-alta-comisionada-de-onu-ante-desacertadas-declaraciones-de-michelle-bachelet\/\"},\"author\":{\"name\":\"MPPPST Prensa\",\"@id\":\"https:\/\/www.mpppst.gob.ve\/mpppstweb\/#\/schema\/person\/fc187ee8ead412bd4c9304b62f900ea4\"},\"headline\":\"COMUNICADO: Venezuela revisar\u00e1 relaci\u00f3n con Oficina de Alta Comisionada de ONU ante desacertadas declaraciones de Michelle Bachelet\",\"datePublished\":\"2021-03-12T11:24:01+00:00\",\"dateModified\":\"2021-03-12T11:27:26+00:00\",\"mainEntityOfPage\":{\"@id\":\"https:\/\/www.mpppst.gob.ve\/mpppstweb\/index.php\/2021\/03\/12\/comunicado-venezuela-revisara-relacion-con-oficina-de-alta-comisionada-de-onu-ante-desacertadas-declaraciones-de-michelle-bachelet\/\"},\"wordCount\":318,\"publisher\":{\"@id\":\"https:\/\/www.mpppst.gob.ve\/mpppstweb\/#organization\"},\"image\":{\"@id\":\"https:\/\/www.mpppst.gob.ve\/mpppstweb\/index.php\/2021\/03\/12\/comunicado-venezuela-revisara-relacion-con-oficina-de-alta-comisionada-de-onu-ante-desacertadas-declaraciones-de-michelle-bachelet\/#primaryimage\"},\"thumbnailUrl\":\"https:\/\/www.mpppst.gob.ve\/mpppstweb\/wp-content\/uploads\/2021\/03\/EkscGHEXUAICPBX-1-768x427-1.jpg\",\"articleSection\":[\"Gobierno Nacional\",\"Noticias\"],\"inLanguage\":\"es\"},{\"@type\":\"WebPage\",\"@id\":\"https:\/\/www.mpppst.gob.ve\/mpppstweb\/index.php\/2021\/03\/12\/comunicado-venezuela-revisara-relacion-con-oficina-de-alta-comisionada-de-onu-ante-desacertadas-declaraciones-de-michelle-bachelet\/\",\"url\":\"https:\/\/www.mpppst.gob.ve\/mpppstweb\/index.php\/2021\/03\/12\/comunicado-venezuela-revisara-relacion-con-oficina-de-alta-comisionada-de-onu-ante-desacertadas-declaraciones-de-michelle-bachelet\/\",\"name\":\"COMUNICADO: Venezuela revisar\u00e1 relaci\u00f3n con Oficina de Alta Comisionada de ONU ante desacertadas declaraciones de Michelle Bachelet - MPPPST\",\"isPartOf\":{\"@id\":\"https:\/\/www.mpppst.gob.ve\/mpppstweb\/#website\"},\"primaryImageOfPage\":{\"@id\":\"https:\/\/www.mpppst.gob.ve\/mpppstweb\/index.php\/2021\/03\/12\/comunicado-venezuela-revisara-relacion-con-oficina-de-alta-comisionada-de-onu-ante-desacertadas-declaraciones-de-michelle-bachelet\/#primaryimage\"},\"image\":{\"@id\":\"https:\/\/www.mpppst.gob.ve\/mpppstweb\/index.php\/2021\/03\/12\/comunicado-venezuela-revisara-relacion-con-oficina-de-alta-comisionada-de-onu-ante-desacertadas-declaraciones-de-michelle-bachelet\/#primaryimage\"},\"thumbnailUrl\":\"https:\/\/www.mpppst.gob.ve\/mpppstweb\/wp-content\/uploads\/2021\/03\/EkscGHEXUAICPBX-1-768x427-1.jpg\",\"datePublished\":\"2021-03-12T11:24:01+00:00\",\"dateModified\":\"2021-03-12T11:27:26+00:00\",\"breadcrumb\":{\"@id\":\"https:\/\/www.mpppst.gob.ve\/mpppstweb\/index.php\/2021\/03\/12\/comunicado-venezuela-revisara-relacion-con-oficina-de-alta-comisionada-de-onu-ante-desacertadas-declaraciones-de-michelle-bachelet\/#breadcrumb\"},\"inLanguage\":\"es\",\"potentialAction\":[{\"@type\":\"ReadAction\",\"target\":[\"https:\/\/www.mpppst.gob.ve\/mpppstweb\/index.php\/2021\/03\/12\/comunicado-venezuela-revisara-relacion-con-oficina-de-alta-comisionada-de-onu-ante-desacertadas-declaraciones-de-michelle-bachelet\/\"]}]},{\"@type\":\"ImageObject\",\"inLanguage\":\"es\",\"@id\":\"https:\/\/www.mpppst.gob.ve\/mpppstweb\/index.php\/2021\/03\/12\/comunicado-venezuela-revisara-relacion-con-oficina-de-alta-comisionada-de-onu-ante-desacertadas-declaraciones-de-michelle-bachelet\/#primaryimage\",\"url\":\"https:\/\/www.mpppst.gob.ve\/mpppstweb\/wp-content\/uploads\/2021\/03\/EkscGHEXUAICPBX-1-768x427-1.jpg\",\"contentUrl\":\"https:\/\/www.mpppst.gob.ve\/mpppstweb\/wp-content\/uploads\/2021\/03\/EkscGHEXUAICPBX-1-768x427-1.jpg\",\"width\":768,\"height\":427},{\"@type\":\"BreadcrumbList\",\"@id\":\"https:\/\/www.mpppst.gob.ve\/mpppstweb\/index.php\/2021\/03\/12\/comunicado-venezuela-revisara-relacion-con-oficina-de-alta-comisionada-de-onu-ante-desacertadas-declaraciones-de-michelle-bachelet\/#breadcrumb\",\"itemListElement\":[{\"@type\":\"ListItem\",\"position\":1,\"name\":\"Home\",\"item\":\"https:\/\/www.mpppst.gob.ve\/mpppstweb\/\"},{\"@type\":\"ListItem\",\"position\":2,\"name\":\"COMUNICADO: Venezuela revisar\u00e1 relaci\u00f3n con Oficina de Alta Comisionada de ONU ante desacertadas declaraciones de Michelle Bachelet\"}]},{\"@type\":\"WebSite\",\"@id\":\"https:\/\/www.mpppst.gob.ve\/mpppstweb\/#website\",\"url\":\"https:\/\/www.mpppst.gob.ve\/mpppstweb\/\",\"name\":\"MPPPST\",\"description\":\"Ministerio del Poder Popular para el Proceso Social de Trabajo\",\"publisher\":{\"@id\":\"https:\/\/www.mpppst.gob.ve\/mpppstweb\/#organization\"},\"potentialAction\":[{\"@type\":\"SearchAction\",\"target\":{\"@type\":\"EntryPoint\",\"urlTemplate\":\"https:\/\/www.mpppst.gob.ve\/mpppstweb\/?s={search_term_string}\"},\"query-input\":\"required name=search_term_string\"}],\"inLanguage\":\"es\"},{\"@type\":\"Organization\",\"@id\":\"https:\/\/www.mpppst.gob.ve\/mpppstweb\/#organization\",\"name\":\"mpppst\",\"url\":\"https:\/\/www.mpppst.gob.ve\/mpppstweb\/\",\"logo\":{\"@type\":\"ImageObject\",\"inLanguage\":\"es\",\"@id\":\"https:\/\/www.mpppst.gob.ve\/mpppstweb\/#\/schema\/logo\/image\/\",\"url\":\"https:\/\/www.mpppst.gob.ve\/mpppstweb\/wp-content\/uploads\/2025\/07\/cropped-cropped-g910.png\",\"contentUrl\":\"https:\/\/www.mpppst.gob.ve\/mpppstweb\/wp-content\/uploads\/2025\/07\/cropped-cropped-g910.png\",\"width\":1080,\"height\":241,\"caption\":\"mpppst\"},\"image\":{\"@id\":\"https:\/\/www.mpppst.gob.ve\/mpppstweb\/#\/schema\/logo\/image\/\"}},{\"@type\":\"Person\",\"@id\":\"https:\/\/www.mpppst.gob.ve\/mpppstweb\/#\/schema\/person\/fc187ee8ead412bd4c9304b62f900ea4\",\"name\":\"MPPPST Prensa\",\"url\":\"https:\/\/www.mpppst.gob.ve\/mpppstweb\/index.php\/author\/prensa-mpppst\/\"}]}<\/script>\n<!-- \/ Yoast SEO plugin. -->","yoast_head_json":{"title":"COMUNICADO: Venezuela revisar\u00e1 relaci\u00f3n con Oficina de Alta Comisionada de ONU ante desacertadas declaraciones de Michelle Bachelet - MPPPST","robots":{"index":"index","follow":"follow","max-snippet":"max-snippet:-1","max-image-preview":"max-image-preview:large","max-video-preview":"max-video-preview:-1"},"canonical":"https:\/\/www.mpppst.gob.ve\/mpppstweb\/index.php\/2021\/03\/12\/comunicado-venezuela-revisara-relacion-con-oficina-de-alta-comisionada-de-onu-ante-desacertadas-declaraciones-de-michelle-bachelet\/","og_locale":"es_ES","og_type":"article","og_title":"COMUNICADO: Venezuela revisar\u00e1 relaci\u00f3n con Oficina de Alta Comisionada de ONU ante desacertadas declaraciones de Michelle Bachelet - MPPPST","og_description":"La Rep\u00fablica Bolivariana de Venezuela lamenta y rechaza las desacertadas declaraciones realizadas el d\u00eda de hoy &hellip; COMUNICADO: Venezuela revisar\u00e1 relaci\u00f3n con Oficina de Alta Comisionada de ONU ante desacertadas declaraciones de Michelle BacheletRead more","og_url":"https:\/\/www.mpppst.gob.ve\/mpppstweb\/index.php\/2021\/03\/12\/comunicado-venezuela-revisara-relacion-con-oficina-de-alta-comisionada-de-onu-ante-desacertadas-declaraciones-de-michelle-bachelet\/","og_site_name":"MPPPST","article_published_time":"2021-03-12T11:24:01+00:00","article_modified_time":"2021-03-12T11:27:26+00:00","og_image":[{"width":768,"height":427,"url":"https:\/\/www.mpppst.gob.ve\/mpppstweb\/wp-content\/uploads\/2021\/03\/EkscGHEXUAICPBX-1-768x427-1.jpg","type":"image\/jpeg"}],"author":"MPPPST Prensa","twitter_card":"summary_large_image","twitter_misc":{"Escrito por":"MPPPST Prensa","Tiempo de lectura":"2 minutos"},"schema":{"@context":"https:\/\/schema.org","@graph":[{"@type":"Article","@id":"https:\/\/www.mpppst.gob.ve\/mpppstweb\/index.php\/2021\/03\/12\/comunicado-venezuela-revisara-relacion-con-oficina-de-alta-comisionada-de-onu-ante-desacertadas-declaraciones-de-michelle-bachelet\/#article","isPartOf":{"@id":"https:\/\/www.mpppst.gob.ve\/mpppstweb\/index.php\/2021\/03\/12\/comunicado-venezuela-revisara-relacion-con-oficina-de-alta-comisionada-de-onu-ante-desacertadas-declaraciones-de-michelle-bachelet\/"},"author":{"name":"MPPPST Prensa","@id":"https:\/\/www.mpppst.gob.ve\/mpppstweb\/#\/schema\/person\/fc187ee8ead412bd4c9304b62f900ea4"},"headline":"COMUNICADO: Venezuela revisar\u00e1 relaci\u00f3n con Oficina de Alta Comisionada de ONU ante desacertadas declaraciones de Michelle Bachelet","datePublished":"2021-03-12T11:24:01+00:00","dateModified":"2021-03-12T11:27:26+00:00","mainEntityOfPage":{"@id":"https:\/\/www.mpppst.gob.ve\/mpppstweb\/index.php\/2021\/03\/12\/comunicado-venezuela-revisara-relacion-con-oficina-de-alta-comisionada-de-onu-ante-desacertadas-declaraciones-de-michelle-bachelet\/"},"wordCount":318,"publisher":{"@id":"https:\/\/www.mpppst.gob.ve\/mpppstweb\/#organization"},"image":{"@id":"https:\/\/www.mpppst.gob.ve\/mpppstweb\/index.php\/2021\/03\/12\/comunicado-venezuela-revisara-relacion-con-oficina-de-alta-comisionada-de-onu-ante-desacertadas-declaraciones-de-michelle-bachelet\/#primaryimage"},"thumbnailUrl":"https:\/\/www.mpppst.gob.ve\/mpppstweb\/wp-content\/uploads\/2021\/03\/EkscGHEXUAICPBX-1-768x427-1.jpg","articleSection":["Gobierno Nacional","Noticias"],"inLanguage":"es"},{"@type":"WebPage","@id":"https:\/\/www.mpppst.gob.ve\/mpppstweb\/index.php\/2021\/03\/12\/comunicado-venezuela-revisara-relacion-con-oficina-de-alta-comisionada-de-onu-ante-desacertadas-declaraciones-de-michelle-bachelet\/","url":"https:\/\/www.mpppst.gob.ve\/mpppstweb\/index.php\/2021\/03\/12\/comunicado-venezuela-revisara-relacion-con-oficina-de-alta-comisionada-de-onu-ante-desacertadas-declaraciones-de-michelle-bachelet\/","name":"COMUNICADO: Venezuela revisar\u00e1 relaci\u00f3n con Oficina de Alta Comisionada de ONU ante desacertadas declaraciones de Michelle Bachelet - MPPPST","isPartOf":{"@id":"https:\/\/www.mpppst.gob.ve\/mpppstweb\/#website"},"primaryImageOfPage":{"@id":"https:\/\/www.mpppst.gob.ve\/mpppstweb\/index.php\/2021\/03\/12\/comunicado-venezuela-revisara-relacion-con-oficina-de-alta-comisionada-de-onu-ante-desacertadas-declaraciones-de-michelle-bachelet\/#primaryimage"},"image":{"@id":"https:\/\/www.mpppst.gob.ve\/mpppstweb\/index.php\/2021\/03\/12\/comunicado-venezuela-revisara-relacion-con-oficina-de-alta-comisionada-de-onu-ante-desacertadas-declaraciones-de-michelle-bachelet\/#primaryimage"},"thumbnailUrl":"https:\/\/www.mpppst.gob.ve\/mpppstweb\/wp-content\/uploads\/2021\/03\/EkscGHEXUAICPBX-1-768x427-1.jpg","datePublished":"2021-03-12T11:24:01+00:00","dateModified":"2021-03-12T11:27:26+00:00","breadcrumb":{"@id":"https:\/\/www.mpppst.gob.ve\/mpppstweb\/index.php\/2021\/03\/12\/comunicado-venezuela-revisara-relacion-con-oficina-de-alta-comisionada-de-onu-ante-desacertadas-declaraciones-de-michelle-bachelet\/#breadcrumb"},"inLanguage":"es","potentialAction":[{"@type":"ReadAction","target":["https:\/\/www.mpppst.gob.ve\/mpppstweb\/index.php\/2021\/03\/12\/comunicado-venezuela-revisara-relacion-con-oficina-de-alta-comisionada-de-onu-ante-desacertadas-declaraciones-de-michelle-bachelet\/"]}]},{"@type":"ImageObject","inLanguage":"es","@id":"https:\/\/www.mpppst.gob.ve\/mpppstweb\/index.php\/2021\/03\/12\/comunicado-venezuela-revisara-relacion-con-oficina-de-alta-comisionada-de-onu-ante-desacertadas-declaraciones-de-michelle-bachelet\/#primaryimage","url":"https:\/\/www.mpppst.gob.ve\/mpppstweb\/wp-content\/uploads\/2021\/03\/EkscGHEXUAICPBX-1-768x427-1.jpg","contentUrl":"https:\/\/www.mpppst.gob.ve\/mpppstweb\/wp-content\/uploads\/2021\/03\/EkscGHEXUAICPBX-1-768x427-1.jpg","width":768,"height":427},{"@type":"BreadcrumbList","@id":"https:\/\/www.mpppst.gob.ve\/mpppstweb\/index.php\/2021\/03\/12\/comunicado-venezuela-revisara-relacion-con-oficina-de-alta-comisionada-de-onu-ante-desacertadas-declaraciones-de-michelle-bachelet\/#breadcrumb","itemListElement":[{"@type":"ListItem","position":1,"name":"Home","item":"https:\/\/www.mpppst.gob.ve\/mpppstweb\/"},{"@type":"ListItem","position":2,"name":"COMUNICADO: Venezuela revisar\u00e1 relaci\u00f3n con Oficina de Alta Comisionada de ONU ante desacertadas declaraciones de Michelle Bachelet"}]},{"@type":"WebSite","@id":"https:\/\/www.mpppst.gob.ve\/mpppstweb\/#website","url":"https:\/\/www.mpppst.gob.ve\/mpppstweb\/","name":"MPPPST","description":"Ministerio del Poder Popular para el Proceso Social de Trabajo","publisher":{"@id":"https:\/\/www.mpppst.gob.ve\/mpppstweb\/#organization"},"potentialAction":[{"@type":"SearchAction","target":{"@type":"EntryPoint","urlTemplate":"https:\/\/www.mpppst.gob.ve\/mpppstweb\/?s={search_term_string}"},"query-input":"required name=search_term_string"}],"inLanguage":"es"},{"@type":"Organization","@id":"https:\/\/www.mpppst.gob.ve\/mpppstweb\/#organization","name":"mpppst","url":"https:\/\/www.mpppst.gob.ve\/mpppstweb\/","logo":{"@type":"ImageObject","inLanguage":"es","@id":"https:\/\/www.mpppst.gob.ve\/mpppstweb\/#\/schema\/logo\/image\/","url":"https:\/\/www.mpppst.gob.ve\/mpppstweb\/wp-content\/uploads\/2025\/07\/cropped-cropped-g910.png","contentUrl":"https:\/\/www.mpppst.gob.ve\/mpppstweb\/wp-content\/uploads\/2025\/07\/cropped-cropped-g910.png","width":1080,"height":241,"caption":"mpppst"},"image":{"@id":"https:\/\/www.mpppst.gob.ve\/mpppstweb\/#\/schema\/logo\/image\/"}},{"@type":"Person","@id":"https:\/\/www.mpppst.gob.ve\/mpppstweb\/#\/schema\/person\/fc187ee8ead412bd4c9304b62f900ea4","name":"MPPPST Prensa","url":"https:\/\/www.mpppst.gob.ve\/mpppstweb\/index.php\/author\/prensa-mpppst\/"}]}},"_links":{"self":[{"href":"https:\/\/www.mpppst.gob.ve\/mpppstweb\/index.php\/wp-json\/wp\/v2\/posts\/21764"}],"collection":[{"href":"https:\/\/www.mpppst.gob.ve\/mpppstweb\/index.php\/wp-json\/wp\/v2\/posts"}],"about":[{"href":"https:\/\/www.mpppst.gob.ve\/mpppstweb\/index.php\/wp-json\/wp\/v2\/types\/post"}],"author":[{"embeddable":true,"href":"https:\/\/www.mpppst.gob.ve\/mpppstweb\/index.php\/wp-json\/wp\/v2\/users\/25"}],"replies":[{"embeddable":true,"href":"https:\/\/www.mpppst.gob.ve\/mpppstweb\/index.php\/wp-json\/wp\/v2\/comments?post=21764"}],"version-history":[{"count":2,"href":"https:\/\/www.mpppst.gob.ve\/mpppstweb\/index.php\/wp-json\/wp\/v2\/posts\/21764\/revisions"}],"predecessor-version":[{"id":21767,"href":"https:\/\/www.mpppst.gob.ve\/mpppstweb\/index.php\/wp-json\/wp\/v2\/posts\/21764\/revisions\/21767"}],"wp:featuredmedia":[{"embeddable":true,"href":"https:\/\/www.mpppst.gob.ve\/mpppstweb\/index.php\/wp-json\/wp\/v2\/media\/21765"}],"wp:attachment":[{"href":"https:\/\/www.mpppst.gob.ve\/mpppstweb\/index.php\/wp-json\/wp\/v2\/media?parent=21764"}],"wp:term":[{"taxonomy":"category","embeddable":true,"href":"https:\/\/www.mpppst.gob.ve\/mpppstweb\/index.php\/wp-json\/wp\/v2\/categories?post=21764"},{"taxonomy":"post_tag","embeddable":true,"href":"https:\/\/www.mpppst.gob.ve\/mpppstweb\/index.php\/wp-json\/wp\/v2\/tags?post=21764"}],"curies":[{"name":"wp","href":"https:\/\/api.w.org\/{rel}","templated":true}]}}