{"id":21769,"date":"2021-03-12T07:33:42","date_gmt":"2021-03-12T11:33:42","guid":{"rendered":"http:\/\/www.mpppst.gob.ve\/mpppstweb\/?p=21769"},"modified":"2021-03-12T07:33:43","modified_gmt":"2021-03-12T11:33:43","slug":"gmvv-culmina-la-vivienda-3-499-479-durante-este-ano-bicentenario","status":"publish","type":"post","link":"https:\/\/www.mpppst.gob.ve\/mpppstweb\/index.php\/2021\/03\/12\/gmvv-culmina-la-vivienda-3-499-479-durante-este-ano-bicentenario\/","title":{"rendered":"GMVV culmina la vivienda 3.499.479 durante este a\u00f1o Bicentenario"},"content":{"rendered":"\n<p>Un total de 3.499.479 hogares han sido construidas por la<a href=\"https:\/\/www.vtv.gob.ve\/gmvv-hito-3-millones-500-mil-presidente-maduro-semana-proxima-lara\/\"><strong>&nbsp;Gran Misi\u00f3n Vivienda Venezuela<\/strong><\/a>&nbsp;(GMVV),&nbsp; inform\u00f3 este jueves el titular de la cartera, Ildemaro Villaroel, durante su balance semanal, donde se\u00f1al\u00f3 igualmente que la&nbsp;<strong>Gran Misi\u00f3n Barrio Nuevo \u2013 Barrio Tricolor<\/strong>&nbsp;ha rehabilitado 1.498.355 hogares y el&nbsp;<strong>Instituto Nacional de Tierras Urbanas<\/strong>&nbsp;(INTU) ha entregado 1.103.077 t\u00edtulos de propiedad a las familias venezolanas.<\/p>\n\n\n\n<p>Durante la actividad realizada en el Urbanismo Ciudad Tiuna, ubicado en la parroquia El Valle, en el Distrito Capital, el ministro del Poder Popular para H\u00e1bitat y Vivienda, acompa\u00f1ado de la alcaldesa de Caracas, Erika Far\u00edas y el Jefe de Gobierno de la ciudad, llevaron a cabo la entrega de 120 viviendas nuevas para el pueblo.<\/p>\n\n\n\n<p>Durante el recorrido por unos de los edificios del urbanismo, la alcaldesa de Caracas detall\u00f3 que en la ciudad se cuenta con 196.354 viviendas entregadas entre el a\u00f1o 2011-2021.<\/p>\n\n\n\n<p>Asimismo, se\u00f1al\u00f3 que la meta es construir este a\u00f1o 27.678 nuevas viviendas para el pueblo venezolano y destac\u00f3 que de dicha cifra ya se encuentran 9.160 en plan de construcci\u00f3n.<\/p>\n\n\n\n<p>Del mismo modo, el Jefe de Gobierno, Nahum Fern\u00e1ndez, explic\u00f3 que con la entrega de cada una de estos hogares dignos para las familias venezolanas se est\u00e1 defendiendo el estado de Bienestar Social del pueblo. <\/p>\n\n\n\n<p>Prensa Web VTV<\/p>\n","protected":false},"excerpt":{"rendered":"<p>Un total de 3.499.479 hogares han sido construidas por la&nbsp;Gran Misi\u00f3n Vivienda Venezuela&nbsp;(GMVV),&nbsp; inform\u00f3 este jueves &hellip; <a title=\"GMVV culmina la vivienda 3.499.479 durante este a\u00f1o Bicentenario\" class=\"hm-read-more\" href=\"https:\/\/www.mpppst.gob.ve\/mpppstweb\/index.php\/2021\/03\/12\/gmvv-culmina-la-vivienda-3-499-479-durante-este-ano-bicentenario\/\"><span class=\"screen-reader-text\">GMVV culmina la vivienda 3.499.479 durante este a\u00f1o Bicentenario<\/span>Read more<\/a><\/p>\n","protected":false},"author":25,"featured_media":21770,"comment_status":"closed","ping_status":"closed","sticky":false,"template":"","format":"standard","meta":{"footnotes":""},"categories":[82,163],"tags":[],"yoast_head":"<!-- This site is optimized with the Yoast SEO plugin v22.5 - https:\/\/yoast.com\/wordpress\/plugins\/seo\/ -->\n<title>GMVV culmina la vivienda 3.499.479 durante este a\u00f1o Bicentenario - MPPPST<\/title>\n<meta name=\"robots\" content=\"index, follow, max-snippet:-1, max-image-preview:large, max-video-preview:-1\" \/>\n<link rel=\"canonical\" href=\"https:\/\/www.mpppst.gob.ve\/mpppstweb\/index.php\/2021\/03\/12\/gmvv-culmina-la-vivienda-3-499-479-durante-este-ano-bicentenario\/\" \/>\n<meta property=\"og:locale\" content=\"es_ES\" \/>\n<meta property=\"og:type\" content=\"article\" \/>\n<meta property=\"og:title\" content=\"GMVV culmina la vivienda 3.499.479 durante este a\u00f1o Bicentenario - MPPPST\" \/>\n<meta property=\"og:description\" content=\"Un total de 3.499.479 hogares han sido construidas por la&nbsp;Gran Misi\u00f3n Vivienda Venezuela&nbsp;(GMVV),&nbsp; inform\u00f3 este jueves &hellip; GMVV culmina la vivienda 3.499.479 durante este a\u00f1o BicentenarioRead more\" \/>\n<meta property=\"og:url\" content=\"https:\/\/www.mpppst.gob.ve\/mpppstweb\/index.php\/2021\/03\/12\/gmvv-culmina-la-vivienda-3-499-479-durante-este-ano-bicentenario\/\" \/>\n<meta property=\"og:site_name\" content=\"MPPPST\" \/>\n<meta property=\"article:published_time\" content=\"2021-03-12T11:33:42+00:00\" \/>\n<meta property=\"article:modified_time\" content=\"2021-03-12T11:33:43+00:00\" \/>\n<meta property=\"og:image\" content=\"https:\/\/www.mpppst.gob.ve\/mpppstweb\/wp-content\/uploads\/2021\/03\/EwOmevbVIAMLTHD-768x427-1.jpg\" \/>\n\t<meta property=\"og:image:width\" content=\"768\" \/>\n\t<meta property=\"og:image:height\" content=\"427\" \/>\n\t<meta property=\"og:image:type\" content=\"image\/jpeg\" \/>\n<meta name=\"author\" content=\"MPPPST Prensa\" \/>\n<meta name=\"twitter:card\" content=\"summary_large_image\" \/>\n<meta name=\"twitter:label1\" content=\"Escrito por\" \/>\n\t<meta name=\"twitter:data1\" content=\"MPPPST Prensa\" \/>\n\t<meta name=\"twitter:label2\" content=\"Tiempo de lectura\" \/>\n\t<meta name=\"twitter:data2\" content=\"1 minuto\" \/>\n<script type=\"application\/ld+json\" class=\"yoast-schema-graph\">{\"@context\":\"https:\/\/schema.org\",\"@graph\":[{\"@type\":\"Article\",\"@id\":\"https:\/\/www.mpppst.gob.ve\/mpppstweb\/index.php\/2021\/03\/12\/gmvv-culmina-la-vivienda-3-499-479-durante-este-ano-bicentenario\/#article\",\"isPartOf\":{\"@id\":\"https:\/\/www.mpppst.gob.ve\/mpppstweb\/index.php\/2021\/03\/12\/gmvv-culmina-la-vivienda-3-499-479-durante-este-ano-bicentenario\/\"},\"author\":{\"name\":\"MPPPST Prensa\",\"@id\":\"https:\/\/www.mpppst.gob.ve\/mpppstweb\/#\/schema\/person\/fc187ee8ead412bd4c9304b62f900ea4\"},\"headline\":\"GMVV culmina la vivienda 3.499.479 durante este a\u00f1o Bicentenario\",\"datePublished\":\"2021-03-12T11:33:42+00:00\",\"dateModified\":\"2021-03-12T11:33:43+00:00\",\"mainEntityOfPage\":{\"@id\":\"https:\/\/www.mpppst.gob.ve\/mpppstweb\/index.php\/2021\/03\/12\/gmvv-culmina-la-vivienda-3-499-479-durante-este-ano-bicentenario\/\"},\"wordCount\":236,\"publisher\":{\"@id\":\"https:\/\/www.mpppst.gob.ve\/mpppstweb\/#organization\"},\"image\":{\"@id\":\"https:\/\/www.mpppst.gob.ve\/mpppstweb\/index.php\/2021\/03\/12\/gmvv-culmina-la-vivienda-3-499-479-durante-este-ano-bicentenario\/#primaryimage\"},\"thumbnailUrl\":\"https:\/\/www.mpppst.gob.ve\/mpppstweb\/wp-content\/uploads\/2021\/03\/EwOmevbVIAMLTHD-768x427-1.jpg\",\"articleSection\":[\"Gobierno Nacional\",\"Noticias\"],\"inLanguage\":\"es\"},{\"@type\":\"WebPage\",\"@id\":\"https:\/\/www.mpppst.gob.ve\/mpppstweb\/index.php\/2021\/03\/12\/gmvv-culmina-la-vivienda-3-499-479-durante-este-ano-bicentenario\/\",\"url\":\"https:\/\/www.mpppst.gob.ve\/mpppstweb\/index.php\/2021\/03\/12\/gmvv-culmina-la-vivienda-3-499-479-durante-este-ano-bicentenario\/\",\"name\":\"GMVV culmina la vivienda 3.499.479 durante este a\u00f1o Bicentenario - MPPPST\",\"isPartOf\":{\"@id\":\"https:\/\/www.mpppst.gob.ve\/mpppstweb\/#website\"},\"primaryImageOfPage\":{\"@id\":\"https:\/\/www.mpppst.gob.ve\/mpppstweb\/index.php\/2021\/03\/12\/gmvv-culmina-la-vivienda-3-499-479-durante-este-ano-bicentenario\/#primaryimage\"},\"image\":{\"@id\":\"https:\/\/www.mpppst.gob.ve\/mpppstweb\/index.php\/2021\/03\/12\/gmvv-culmina-la-vivienda-3-499-479-durante-este-ano-bicentenario\/#primaryimage\"},\"thumbnailUrl\":\"https:\/\/www.mpppst.gob.ve\/mpppstweb\/wp-content\/uploads\/2021\/03\/EwOmevbVIAMLTHD-768x427-1.jpg\",\"datePublished\":\"2021-03-12T11:33:42+00:00\",\"dateModified\":\"2021-03-12T11:33:43+00:00\",\"breadcrumb\":{\"@id\":\"https:\/\/www.mpppst.gob.ve\/mpppstweb\/index.php\/2021\/03\/12\/gmvv-culmina-la-vivienda-3-499-479-durante-este-ano-bicentenario\/#breadcrumb\"},\"inLanguage\":\"es\",\"potentialAction\":[{\"@type\":\"ReadAction\",\"target\":[\"https:\/\/www.mpppst.gob.ve\/mpppstweb\/index.php\/2021\/03\/12\/gmvv-culmina-la-vivienda-3-499-479-durante-este-ano-bicentenario\/\"]}]},{\"@type\":\"ImageObject\",\"inLanguage\":\"es\",\"@id\":\"https:\/\/www.mpppst.gob.ve\/mpppstweb\/index.php\/2021\/03\/12\/gmvv-culmina-la-vivienda-3-499-479-durante-este-ano-bicentenario\/#primaryimage\",\"url\":\"https:\/\/www.mpppst.gob.ve\/mpppstweb\/wp-content\/uploads\/2021\/03\/EwOmevbVIAMLTHD-768x427-1.jpg\",\"contentUrl\":\"https:\/\/www.mpppst.gob.ve\/mpppstweb\/wp-content\/uploads\/2021\/03\/EwOmevbVIAMLTHD-768x427-1.jpg\",\"width\":768,\"height\":427},{\"@type\":\"BreadcrumbList\",\"@id\":\"https:\/\/www.mpppst.gob.ve\/mpppstweb\/index.php\/2021\/03\/12\/gmvv-culmina-la-vivienda-3-499-479-durante-este-ano-bicentenario\/#breadcrumb\",\"itemListElement\":[{\"@type\":\"ListItem\",\"position\":1,\"name\":\"Home\",\"item\":\"https:\/\/www.mpppst.gob.ve\/mpppstweb\/\"},{\"@type\":\"ListItem\",\"position\":2,\"name\":\"GMVV culmina la vivienda 3.499.479 durante este a\u00f1o Bicentenario\"}]},{\"@type\":\"WebSite\",\"@id\":\"https:\/\/www.mpppst.gob.ve\/mpppstweb\/#website\",\"url\":\"https:\/\/www.mpppst.gob.ve\/mpppstweb\/\",\"name\":\"MPPPST\",\"description\":\"Ministerio del Poder Popular para el Proceso Social de Trabajo\",\"publisher\":{\"@id\":\"https:\/\/www.mpppst.gob.ve\/mpppstweb\/#organization\"},\"potentialAction\":[{\"@type\":\"SearchAction\",\"target\":{\"@type\":\"EntryPoint\",\"urlTemplate\":\"https:\/\/www.mpppst.gob.ve\/mpppstweb\/?s={search_term_string}\"},\"query-input\":\"required name=search_term_string\"}],\"inLanguage\":\"es\"},{\"@type\":\"Organization\",\"@id\":\"https:\/\/www.mpppst.gob.ve\/mpppstweb\/#organization\",\"name\":\"mpppst\",\"url\":\"https:\/\/www.mpppst.gob.ve\/mpppstweb\/\",\"logo\":{\"@type\":\"ImageObject\",\"inLanguage\":\"es\",\"@id\":\"https:\/\/www.mpppst.gob.ve\/mpppstweb\/#\/schema\/logo\/image\/\",\"url\":\"https:\/\/www.mpppst.gob.ve\/mpppstweb\/wp-content\/uploads\/2025\/07\/cropped-cropped-g910.png\",\"contentUrl\":\"https:\/\/www.mpppst.gob.ve\/mpppstweb\/wp-content\/uploads\/2025\/07\/cropped-cropped-g910.png\",\"width\":1080,\"height\":241,\"caption\":\"mpppst\"},\"image\":{\"@id\":\"https:\/\/www.mpppst.gob.ve\/mpppstweb\/#\/schema\/logo\/image\/\"}},{\"@type\":\"Person\",\"@id\":\"https:\/\/www.mpppst.gob.ve\/mpppstweb\/#\/schema\/person\/fc187ee8ead412bd4c9304b62f900ea4\",\"name\":\"MPPPST Prensa\",\"url\":\"https:\/\/www.mpppst.gob.ve\/mpppstweb\/index.php\/author\/prensa-mpppst\/\"}]}<\/script>\n<!-- \/ Yoast SEO plugin. -->","yoast_head_json":{"title":"GMVV culmina la vivienda 3.499.479 durante este a\u00f1o Bicentenario - MPPPST","robots":{"index":"index","follow":"follow","max-snippet":"max-snippet:-1","max-image-preview":"max-image-preview:large","max-video-preview":"max-video-preview:-1"},"canonical":"https:\/\/www.mpppst.gob.ve\/mpppstweb\/index.php\/2021\/03\/12\/gmvv-culmina-la-vivienda-3-499-479-durante-este-ano-bicentenario\/","og_locale":"es_ES","og_type":"article","og_title":"GMVV culmina la vivienda 3.499.479 durante este a\u00f1o Bicentenario - MPPPST","og_description":"Un total de 3.499.479 hogares han sido construidas por la&nbsp;Gran Misi\u00f3n Vivienda Venezuela&nbsp;(GMVV),&nbsp; inform\u00f3 este jueves &hellip; GMVV culmina la vivienda 3.499.479 durante este a\u00f1o BicentenarioRead more","og_url":"https:\/\/www.mpppst.gob.ve\/mpppstweb\/index.php\/2021\/03\/12\/gmvv-culmina-la-vivienda-3-499-479-durante-este-ano-bicentenario\/","og_site_name":"MPPPST","article_published_time":"2021-03-12T11:33:42+00:00","article_modified_time":"2021-03-12T11:33:43+00:00","og_image":[{"width":768,"height":427,"url":"https:\/\/www.mpppst.gob.ve\/mpppstweb\/wp-content\/uploads\/2021\/03\/EwOmevbVIAMLTHD-768x427-1.jpg","type":"image\/jpeg"}],"author":"MPPPST Prensa","twitter_card":"summary_large_image","twitter_misc":{"Escrito por":"MPPPST Prensa","Tiempo de lectura":"1 minuto"},"schema":{"@context":"https:\/\/schema.org","@graph":[{"@type":"Article","@id":"https:\/\/www.mpppst.gob.ve\/mpppstweb\/index.php\/2021\/03\/12\/gmvv-culmina-la-vivienda-3-499-479-durante-este-ano-bicentenario\/#article","isPartOf":{"@id":"https:\/\/www.mpppst.gob.ve\/mpppstweb\/index.php\/2021\/03\/12\/gmvv-culmina-la-vivienda-3-499-479-durante-este-ano-bicentenario\/"},"author":{"name":"MPPPST Prensa","@id":"https:\/\/www.mpppst.gob.ve\/mpppstweb\/#\/schema\/person\/fc187ee8ead412bd4c9304b62f900ea4"},"headline":"GMVV culmina la vivienda 3.499.479 durante este a\u00f1o Bicentenario","datePublished":"2021-03-12T11:33:42+00:00","dateModified":"2021-03-12T11:33:43+00:00","mainEntityOfPage":{"@id":"https:\/\/www.mpppst.gob.ve\/mpppstweb\/index.php\/2021\/03\/12\/gmvv-culmina-la-vivienda-3-499-479-durante-este-ano-bicentenario\/"},"wordCount":236,"publisher":{"@id":"https:\/\/www.mpppst.gob.ve\/mpppstweb\/#organization"},"image":{"@id":"https:\/\/www.mpppst.gob.ve\/mpppstweb\/index.php\/2021\/03\/12\/gmvv-culmina-la-vivienda-3-499-479-durante-este-ano-bicentenario\/#primaryimage"},"thumbnailUrl":"https:\/\/www.mpppst.gob.ve\/mpppstweb\/wp-content\/uploads\/2021\/03\/EwOmevbVIAMLTHD-768x427-1.jpg","articleSection":["Gobierno Nacional","Noticias"],"inLanguage":"es"},{"@type":"WebPage","@id":"https:\/\/www.mpppst.gob.ve\/mpppstweb\/index.php\/2021\/03\/12\/gmvv-culmina-la-vivienda-3-499-479-durante-este-ano-bicentenario\/","url":"https:\/\/www.mpppst.gob.ve\/mpppstweb\/index.php\/2021\/03\/12\/gmvv-culmina-la-vivienda-3-499-479-durante-este-ano-bicentenario\/","name":"GMVV culmina la vivienda 3.499.479 durante este a\u00f1o Bicentenario - MPPPST","isPartOf":{"@id":"https:\/\/www.mpppst.gob.ve\/mpppstweb\/#website"},"primaryImageOfPage":{"@id":"https:\/\/www.mpppst.gob.ve\/mpppstweb\/index.php\/2021\/03\/12\/gmvv-culmina-la-vivienda-3-499-479-durante-este-ano-bicentenario\/#primaryimage"},"image":{"@id":"https:\/\/www.mpppst.gob.ve\/mpppstweb\/index.php\/2021\/03\/12\/gmvv-culmina-la-vivienda-3-499-479-durante-este-ano-bicentenario\/#primaryimage"},"thumbnailUrl":"https:\/\/www.mpppst.gob.ve\/mpppstweb\/wp-content\/uploads\/2021\/03\/EwOmevbVIAMLTHD-768x427-1.jpg","datePublished":"2021-03-12T11:33:42+00:00","dateModified":"2021-03-12T11:33:43+00:00","breadcrumb":{"@id":"https:\/\/www.mpppst.gob.ve\/mpppstweb\/index.php\/2021\/03\/12\/gmvv-culmina-la-vivienda-3-499-479-durante-este-ano-bicentenario\/#breadcrumb"},"inLanguage":"es","potentialAction":[{"@type":"ReadAction","target":["https:\/\/www.mpppst.gob.ve\/mpppstweb\/index.php\/2021\/03\/12\/gmvv-culmina-la-vivienda-3-499-479-durante-este-ano-bicentenario\/"]}]},{"@type":"ImageObject","inLanguage":"es","@id":"https:\/\/www.mpppst.gob.ve\/mpppstweb\/index.php\/2021\/03\/12\/gmvv-culmina-la-vivienda-3-499-479-durante-este-ano-bicentenario\/#primaryimage","url":"https:\/\/www.mpppst.gob.ve\/mpppstweb\/wp-content\/uploads\/2021\/03\/EwOmevbVIAMLTHD-768x427-1.jpg","contentUrl":"https:\/\/www.mpppst.gob.ve\/mpppstweb\/wp-content\/uploads\/2021\/03\/EwOmevbVIAMLTHD-768x427-1.jpg","width":768,"height":427},{"@type":"BreadcrumbList","@id":"https:\/\/www.mpppst.gob.ve\/mpppstweb\/index.php\/2021\/03\/12\/gmvv-culmina-la-vivienda-3-499-479-durante-este-ano-bicentenario\/#breadcrumb","itemListElement":[{"@type":"ListItem","position":1,"name":"Home","item":"https:\/\/www.mpppst.gob.ve\/mpppstweb\/"},{"@type":"ListItem","position":2,"name":"GMVV culmina la vivienda 3.499.479 durante este a\u00f1o Bicentenario"}]},{"@type":"WebSite","@id":"https:\/\/www.mpppst.gob.ve\/mpppstweb\/#website","url":"https:\/\/www.mpppst.gob.ve\/mpppstweb\/","name":"MPPPST","description":"Ministerio del Poder Popular para el Proceso Social de Trabajo","publisher":{"@id":"https:\/\/www.mpppst.gob.ve\/mpppstweb\/#organization"},"potentialAction":[{"@type":"SearchAction","target":{"@type":"EntryPoint","urlTemplate":"https:\/\/www.mpppst.gob.ve\/mpppstweb\/?s={search_term_string}"},"query-input":"required name=search_term_string"}],"inLanguage":"es"},{"@type":"Organization","@id":"https:\/\/www.mpppst.gob.ve\/mpppstweb\/#organization","name":"mpppst","url":"https:\/\/www.mpppst.gob.ve\/mpppstweb\/","logo":{"@type":"ImageObject","inLanguage":"es","@id":"https:\/\/www.mpppst.gob.ve\/mpppstweb\/#\/schema\/logo\/image\/","url":"https:\/\/www.mpppst.gob.ve\/mpppstweb\/wp-content\/uploads\/2025\/07\/cropped-cropped-g910.png","contentUrl":"https:\/\/www.mpppst.gob.ve\/mpppstweb\/wp-content\/uploads\/2025\/07\/cropped-cropped-g910.png","width":1080,"height":241,"caption":"mpppst"},"image":{"@id":"https:\/\/www.mpppst.gob.ve\/mpppstweb\/#\/schema\/logo\/image\/"}},{"@type":"Person","@id":"https:\/\/www.mpppst.gob.ve\/mpppstweb\/#\/schema\/person\/fc187ee8ead412bd4c9304b62f900ea4","name":"MPPPST Prensa","url":"https:\/\/www.mpppst.gob.ve\/mpppstweb\/index.php\/author\/prensa-mpppst\/"}]}},"_links":{"self":[{"href":"https:\/\/www.mpppst.gob.ve\/mpppstweb\/index.php\/wp-json\/wp\/v2\/posts\/21769"}],"collection":[{"href":"https:\/\/www.mpppst.gob.ve\/mpppstweb\/index.php\/wp-json\/wp\/v2\/posts"}],"about":[{"href":"https:\/\/www.mpppst.gob.ve\/mpppstweb\/index.php\/wp-json\/wp\/v2\/types\/post"}],"author":[{"embeddable":true,"href":"https:\/\/www.mpppst.gob.ve\/mpppstweb\/index.php\/wp-json\/wp\/v2\/users\/25"}],"replies":[{"embeddable":true,"href":"https:\/\/www.mpppst.gob.ve\/mpppstweb\/index.php\/wp-json\/wp\/v2\/comments?post=21769"}],"version-history":[{"count":1,"href":"https:\/\/www.mpppst.gob.ve\/mpppstweb\/index.php\/wp-json\/wp\/v2\/posts\/21769\/revisions"}],"predecessor-version":[{"id":21771,"href":"https:\/\/www.mpppst.gob.ve\/mpppstweb\/index.php\/wp-json\/wp\/v2\/posts\/21769\/revisions\/21771"}],"wp:featuredmedia":[{"embeddable":true,"href":"https:\/\/www.mpppst.gob.ve\/mpppstweb\/index.php\/wp-json\/wp\/v2\/media\/21770"}],"wp:attachment":[{"href":"https:\/\/www.mpppst.gob.ve\/mpppstweb\/index.php\/wp-json\/wp\/v2\/media?parent=21769"}],"wp:term":[{"taxonomy":"category","embeddable":true,"href":"https:\/\/www.mpppst.gob.ve\/mpppstweb\/index.php\/wp-json\/wp\/v2\/categories?post=21769"},{"taxonomy":"post_tag","embeddable":true,"href":"https:\/\/www.mpppst.gob.ve\/mpppstweb\/index.php\/wp-json\/wp\/v2\/tags?post=21769"}],"curies":[{"name":"wp","href":"https:\/\/api.w.org\/{rel}","templated":true}]}}