{"id":21775,"date":"2021-03-14T14:50:27","date_gmt":"2021-03-14T18:50:27","guid":{"rendered":"http:\/\/www.mpppst.gob.ve\/mpppstweb\/?p=21775"},"modified":"2021-03-15T11:50:15","modified_gmt":"2021-03-15T15:50:15","slug":"opinion-los-clap-cinco-anos-batallando","status":"publish","type":"post","link":"https:\/\/www.mpppst.gob.ve\/mpppstweb\/index.php\/2021\/03\/14\/opinion-los-clap-cinco-anos-batallando\/","title":{"rendered":"Opini\u00f3n: Los CLAP, cinco a\u00f1os batallando"},"content":{"rendered":"\n<p>Los Comit\u00e9s Locales de Abastecimiento y Producci\u00f3n (CLAP) acaban de arribar a sus primeros cinco a\u00f1os de existencia, que han sido de aporte fundamental a la resistencia del pueblo venezolano. Fueron creados por el presidente Nicol\u00e1s Maduro el 12 de marzo de 2016, en uno de los momentos m\u00e1s dif\u00edciles de la Revoluci\u00f3n Bolivariana, luego del rev\u00e9s electoral de diciembre de 2015, cuando un sector contrarrevolucionario, enemigo del pueblo y estrechamente subordinado a la pol\u00edtica del imperialismo estadounidense, obtuvo la mayor\u00eda de la Asamblea Nacional y la puso al servicio de esos intereses, causando grave da\u00f1o al pa\u00eds.<\/p>\n\n\n\n<p>El a\u00f1o 2016 el camarada presidente Nicol\u00e1s Maduro y la direcci\u00f3n de la revoluci\u00f3n comandada por \u00e9l, inician una contraofensiva orientada, por un lado, a impedir que los planes de destrucci\u00f3n nacional del imperialismo y sus lacayos se concretaran y por otro, a la reconfiguraci\u00f3n del bloque hist\u00f3rico de la Revoluci\u00f3n Bolivariana. De esa contraofensiva formaron parte la Agenda Econ\u00f3mica Bolivariana, el Consejo Nacional de Econom\u00eda Productiva, el Congreso de la Patria y dos instrumentos de masas que han sido fundamentales desde ese a\u00f1o en la lucha contra la guerra econ\u00f3mica: los Comit\u00e9s Locales de Abastecimiento y Producci\u00f3n (CLAP) y los Consejos Productivos de Trabajadores y Trabajadoras (CPT).<\/p>\n\n\n\n<p>Los CLAP, diseminados en todo el territorio nacional, abarcando hasta la \u00faltima calle, vereda o escalera, hasta la \u00faltima familia; forman parte de la vanguardia social de la revoluci\u00f3n en el plano de la distribuci\u00f3n; han sido garantes de que los alimentos enviados por el gobierno revolucionario lleguen a nuestro pueblo a precios subsidiados y el plan imperialista de vencernos por hambre haya sido derrotado. Es tan as\u00ed, que han sido blanco de la ira de la \u00e9lite imperialista, que bloquea y sanciona la llegada de los alimentos que vienen para que los CLAP los distribuyan entre los sectores populares y por otra parte, desarrolla campa\u00f1as para desnaturalizar su labor y desmoralizar a sus integrantes. No obstante, all\u00ed est\u00e1n los CLAP enalteciendo su labor combativa en cinco a\u00f1os de resistencia, depur\u00e1ndose de elementos nocivos que siempre son una \u00ednfima minor\u00eda, y siendo garant\u00eda de pan, de lucha y de victoria. Seguimos venciendo.<\/p>\n","protected":false},"excerpt":{"rendered":"<p>Los Comit\u00e9s Locales de Abastecimiento y Producci\u00f3n (CLAP) acaban de arribar a sus primeros cinco a\u00f1os &hellip; <a title=\"Opini\u00f3n: Los CLAP, cinco a\u00f1os batallando\" class=\"hm-read-more\" href=\"https:\/\/www.mpppst.gob.ve\/mpppstweb\/index.php\/2021\/03\/14\/opinion-los-clap-cinco-anos-batallando\/\"><span class=\"screen-reader-text\">Opini\u00f3n: Los CLAP, cinco a\u00f1os batallando<\/span>Read more<\/a><\/p>\n","protected":false},"author":25,"featured_media":21794,"comment_status":"closed","ping_status":"closed","sticky":false,"template":"","format":"standard","meta":{"footnotes":""},"categories":[163,404],"tags":[],"yoast_head":"<!-- This site is optimized with the Yoast SEO plugin v22.5 - https:\/\/yoast.com\/wordpress\/plugins\/seo\/ -->\n<title>Opini\u00f3n: Los CLAP, cinco a\u00f1os batallando - MPPPST<\/title>\n<meta name=\"robots\" content=\"index, follow, max-snippet:-1, max-image-preview:large, max-video-preview:-1\" \/>\n<link rel=\"canonical\" href=\"https:\/\/www.mpppst.gob.ve\/mpppstweb\/index.php\/2021\/03\/14\/opinion-los-clap-cinco-anos-batallando\/\" \/>\n<meta property=\"og:locale\" content=\"es_ES\" \/>\n<meta property=\"og:type\" content=\"article\" \/>\n<meta property=\"og:title\" content=\"Opini\u00f3n: Los CLAP, cinco a\u00f1os batallando - MPPPST\" \/>\n<meta property=\"og:description\" content=\"Los Comit\u00e9s Locales de Abastecimiento y Producci\u00f3n (CLAP) acaban de arribar a sus primeros cinco a\u00f1os &hellip; Opini\u00f3n: Los CLAP, cinco a\u00f1os batallandoRead more\" \/>\n<meta property=\"og:url\" content=\"https:\/\/www.mpppst.gob.ve\/mpppstweb\/index.php\/2021\/03\/14\/opinion-los-clap-cinco-anos-batallando\/\" \/>\n<meta property=\"og:site_name\" content=\"MPPPST\" \/>\n<meta property=\"article:published_time\" content=\"2021-03-14T18:50:27+00:00\" \/>\n<meta property=\"article:modified_time\" content=\"2021-03-15T15:50:15+00:00\" \/>\n<meta property=\"og:image\" content=\"https:\/\/www.mpppst.gob.ve\/mpppstweb\/wp-content\/uploads\/2021\/03\/Cajas-Clap.jpg\" \/>\n\t<meta property=\"og:image:width\" content=\"1200\" \/>\n\t<meta property=\"og:image:height\" content=\"675\" \/>\n\t<meta property=\"og:image:type\" content=\"image\/jpeg\" \/>\n<meta name=\"author\" content=\"MPPPST Prensa\" \/>\n<meta name=\"twitter:card\" content=\"summary_large_image\" \/>\n<meta name=\"twitter:label1\" content=\"Escrito por\" \/>\n\t<meta name=\"twitter:data1\" content=\"MPPPST Prensa\" \/>\n\t<meta name=\"twitter:label2\" content=\"Tiempo de lectura\" \/>\n\t<meta name=\"twitter:data2\" content=\"2 minutos\" \/>\n<script type=\"application\/ld+json\" class=\"yoast-schema-graph\">{\"@context\":\"https:\/\/schema.org\",\"@graph\":[{\"@type\":\"Article\",\"@id\":\"https:\/\/www.mpppst.gob.ve\/mpppstweb\/index.php\/2021\/03\/14\/opinion-los-clap-cinco-anos-batallando\/#article\",\"isPartOf\":{\"@id\":\"https:\/\/www.mpppst.gob.ve\/mpppstweb\/index.php\/2021\/03\/14\/opinion-los-clap-cinco-anos-batallando\/\"},\"author\":{\"name\":\"MPPPST Prensa\",\"@id\":\"https:\/\/www.mpppst.gob.ve\/mpppstweb\/#\/schema\/person\/fc187ee8ead412bd4c9304b62f900ea4\"},\"headline\":\"Opini\u00f3n: Los CLAP, cinco a\u00f1os batallando\",\"datePublished\":\"2021-03-14T18:50:27+00:00\",\"dateModified\":\"2021-03-15T15:50:15+00:00\",\"mainEntityOfPage\":{\"@id\":\"https:\/\/www.mpppst.gob.ve\/mpppstweb\/index.php\/2021\/03\/14\/opinion-los-clap-cinco-anos-batallando\/\"},\"wordCount\":396,\"publisher\":{\"@id\":\"https:\/\/www.mpppst.gob.ve\/mpppstweb\/#organization\"},\"image\":{\"@id\":\"https:\/\/www.mpppst.gob.ve\/mpppstweb\/index.php\/2021\/03\/14\/opinion-los-clap-cinco-anos-batallando\/#primaryimage\"},\"thumbnailUrl\":\"https:\/\/www.mpppst.gob.ve\/mpppstweb\/wp-content\/uploads\/2021\/03\/Cajas-Clap.jpg\",\"articleSection\":[\"Noticias\",\"Opini\u00f3n\"],\"inLanguage\":\"es\"},{\"@type\":\"WebPage\",\"@id\":\"https:\/\/www.mpppst.gob.ve\/mpppstweb\/index.php\/2021\/03\/14\/opinion-los-clap-cinco-anos-batallando\/\",\"url\":\"https:\/\/www.mpppst.gob.ve\/mpppstweb\/index.php\/2021\/03\/14\/opinion-los-clap-cinco-anos-batallando\/\",\"name\":\"Opini\u00f3n: Los CLAP, cinco a\u00f1os batallando - MPPPST\",\"isPartOf\":{\"@id\":\"https:\/\/www.mpppst.gob.ve\/mpppstweb\/#website\"},\"primaryImageOfPage\":{\"@id\":\"https:\/\/www.mpppst.gob.ve\/mpppstweb\/index.php\/2021\/03\/14\/opinion-los-clap-cinco-anos-batallando\/#primaryimage\"},\"image\":{\"@id\":\"https:\/\/www.mpppst.gob.ve\/mpppstweb\/index.php\/2021\/03\/14\/opinion-los-clap-cinco-anos-batallando\/#primaryimage\"},\"thumbnailUrl\":\"https:\/\/www.mpppst.gob.ve\/mpppstweb\/wp-content\/uploads\/2021\/03\/Cajas-Clap.jpg\",\"datePublished\":\"2021-03-14T18:50:27+00:00\",\"dateModified\":\"2021-03-15T15:50:15+00:00\",\"breadcrumb\":{\"@id\":\"https:\/\/www.mpppst.gob.ve\/mpppstweb\/index.php\/2021\/03\/14\/opinion-los-clap-cinco-anos-batallando\/#breadcrumb\"},\"inLanguage\":\"es\",\"potentialAction\":[{\"@type\":\"ReadAction\",\"target\":[\"https:\/\/www.mpppst.gob.ve\/mpppstweb\/index.php\/2021\/03\/14\/opinion-los-clap-cinco-anos-batallando\/\"]}]},{\"@type\":\"ImageObject\",\"inLanguage\":\"es\",\"@id\":\"https:\/\/www.mpppst.gob.ve\/mpppstweb\/index.php\/2021\/03\/14\/opinion-los-clap-cinco-anos-batallando\/#primaryimage\",\"url\":\"https:\/\/www.mpppst.gob.ve\/mpppstweb\/wp-content\/uploads\/2021\/03\/Cajas-Clap.jpg\",\"contentUrl\":\"https:\/\/www.mpppst.gob.ve\/mpppstweb\/wp-content\/uploads\/2021\/03\/Cajas-Clap.jpg\",\"width\":1200,\"height\":675},{\"@type\":\"BreadcrumbList\",\"@id\":\"https:\/\/www.mpppst.gob.ve\/mpppstweb\/index.php\/2021\/03\/14\/opinion-los-clap-cinco-anos-batallando\/#breadcrumb\",\"itemListElement\":[{\"@type\":\"ListItem\",\"position\":1,\"name\":\"Home\",\"item\":\"https:\/\/www.mpppst.gob.ve\/mpppstweb\/\"},{\"@type\":\"ListItem\",\"position\":2,\"name\":\"Opini\u00f3n: Los CLAP, cinco a\u00f1os batallando\"}]},{\"@type\":\"WebSite\",\"@id\":\"https:\/\/www.mpppst.gob.ve\/mpppstweb\/#website\",\"url\":\"https:\/\/www.mpppst.gob.ve\/mpppstweb\/\",\"name\":\"MPPPST\",\"description\":\"Ministerio del Poder Popular para el Proceso Social de Trabajo\",\"publisher\":{\"@id\":\"https:\/\/www.mpppst.gob.ve\/mpppstweb\/#organization\"},\"potentialAction\":[{\"@type\":\"SearchAction\",\"target\":{\"@type\":\"EntryPoint\",\"urlTemplate\":\"https:\/\/www.mpppst.gob.ve\/mpppstweb\/?s={search_term_string}\"},\"query-input\":\"required name=search_term_string\"}],\"inLanguage\":\"es\"},{\"@type\":\"Organization\",\"@id\":\"https:\/\/www.mpppst.gob.ve\/mpppstweb\/#organization\",\"name\":\"mpppst\",\"url\":\"https:\/\/www.mpppst.gob.ve\/mpppstweb\/\",\"logo\":{\"@type\":\"ImageObject\",\"inLanguage\":\"es\",\"@id\":\"https:\/\/www.mpppst.gob.ve\/mpppstweb\/#\/schema\/logo\/image\/\",\"url\":\"https:\/\/www.mpppst.gob.ve\/mpppstweb\/wp-content\/uploads\/2025\/07\/cropped-cropped-g910.png\",\"contentUrl\":\"https:\/\/www.mpppst.gob.ve\/mpppstweb\/wp-content\/uploads\/2025\/07\/cropped-cropped-g910.png\",\"width\":1080,\"height\":241,\"caption\":\"mpppst\"},\"image\":{\"@id\":\"https:\/\/www.mpppst.gob.ve\/mpppstweb\/#\/schema\/logo\/image\/\"}},{\"@type\":\"Person\",\"@id\":\"https:\/\/www.mpppst.gob.ve\/mpppstweb\/#\/schema\/person\/fc187ee8ead412bd4c9304b62f900ea4\",\"name\":\"MPPPST Prensa\",\"url\":\"https:\/\/www.mpppst.gob.ve\/mpppstweb\/index.php\/author\/prensa-mpppst\/\"}]}<\/script>\n<!-- \/ Yoast SEO plugin. -->","yoast_head_json":{"title":"Opini\u00f3n: Los CLAP, cinco a\u00f1os batallando - MPPPST","robots":{"index":"index","follow":"follow","max-snippet":"max-snippet:-1","max-image-preview":"max-image-preview:large","max-video-preview":"max-video-preview:-1"},"canonical":"https:\/\/www.mpppst.gob.ve\/mpppstweb\/index.php\/2021\/03\/14\/opinion-los-clap-cinco-anos-batallando\/","og_locale":"es_ES","og_type":"article","og_title":"Opini\u00f3n: Los CLAP, cinco a\u00f1os batallando - MPPPST","og_description":"Los Comit\u00e9s Locales de Abastecimiento y Producci\u00f3n (CLAP) acaban de arribar a sus primeros cinco a\u00f1os &hellip; Opini\u00f3n: Los CLAP, cinco a\u00f1os batallandoRead more","og_url":"https:\/\/www.mpppst.gob.ve\/mpppstweb\/index.php\/2021\/03\/14\/opinion-los-clap-cinco-anos-batallando\/","og_site_name":"MPPPST","article_published_time":"2021-03-14T18:50:27+00:00","article_modified_time":"2021-03-15T15:50:15+00:00","og_image":[{"width":1200,"height":675,"url":"https:\/\/www.mpppst.gob.ve\/mpppstweb\/wp-content\/uploads\/2021\/03\/Cajas-Clap.jpg","type":"image\/jpeg"}],"author":"MPPPST Prensa","twitter_card":"summary_large_image","twitter_misc":{"Escrito por":"MPPPST Prensa","Tiempo de lectura":"2 minutos"},"schema":{"@context":"https:\/\/schema.org","@graph":[{"@type":"Article","@id":"https:\/\/www.mpppst.gob.ve\/mpppstweb\/index.php\/2021\/03\/14\/opinion-los-clap-cinco-anos-batallando\/#article","isPartOf":{"@id":"https:\/\/www.mpppst.gob.ve\/mpppstweb\/index.php\/2021\/03\/14\/opinion-los-clap-cinco-anos-batallando\/"},"author":{"name":"MPPPST Prensa","@id":"https:\/\/www.mpppst.gob.ve\/mpppstweb\/#\/schema\/person\/fc187ee8ead412bd4c9304b62f900ea4"},"headline":"Opini\u00f3n: Los CLAP, cinco a\u00f1os batallando","datePublished":"2021-03-14T18:50:27+00:00","dateModified":"2021-03-15T15:50:15+00:00","mainEntityOfPage":{"@id":"https:\/\/www.mpppst.gob.ve\/mpppstweb\/index.php\/2021\/03\/14\/opinion-los-clap-cinco-anos-batallando\/"},"wordCount":396,"publisher":{"@id":"https:\/\/www.mpppst.gob.ve\/mpppstweb\/#organization"},"image":{"@id":"https:\/\/www.mpppst.gob.ve\/mpppstweb\/index.php\/2021\/03\/14\/opinion-los-clap-cinco-anos-batallando\/#primaryimage"},"thumbnailUrl":"https:\/\/www.mpppst.gob.ve\/mpppstweb\/wp-content\/uploads\/2021\/03\/Cajas-Clap.jpg","articleSection":["Noticias","Opini\u00f3n"],"inLanguage":"es"},{"@type":"WebPage","@id":"https:\/\/www.mpppst.gob.ve\/mpppstweb\/index.php\/2021\/03\/14\/opinion-los-clap-cinco-anos-batallando\/","url":"https:\/\/www.mpppst.gob.ve\/mpppstweb\/index.php\/2021\/03\/14\/opinion-los-clap-cinco-anos-batallando\/","name":"Opini\u00f3n: Los CLAP, cinco a\u00f1os batallando - MPPPST","isPartOf":{"@id":"https:\/\/www.mpppst.gob.ve\/mpppstweb\/#website"},"primaryImageOfPage":{"@id":"https:\/\/www.mpppst.gob.ve\/mpppstweb\/index.php\/2021\/03\/14\/opinion-los-clap-cinco-anos-batallando\/#primaryimage"},"image":{"@id":"https:\/\/www.mpppst.gob.ve\/mpppstweb\/index.php\/2021\/03\/14\/opinion-los-clap-cinco-anos-batallando\/#primaryimage"},"thumbnailUrl":"https:\/\/www.mpppst.gob.ve\/mpppstweb\/wp-content\/uploads\/2021\/03\/Cajas-Clap.jpg","datePublished":"2021-03-14T18:50:27+00:00","dateModified":"2021-03-15T15:50:15+00:00","breadcrumb":{"@id":"https:\/\/www.mpppst.gob.ve\/mpppstweb\/index.php\/2021\/03\/14\/opinion-los-clap-cinco-anos-batallando\/#breadcrumb"},"inLanguage":"es","potentialAction":[{"@type":"ReadAction","target":["https:\/\/www.mpppst.gob.ve\/mpppstweb\/index.php\/2021\/03\/14\/opinion-los-clap-cinco-anos-batallando\/"]}]},{"@type":"ImageObject","inLanguage":"es","@id":"https:\/\/www.mpppst.gob.ve\/mpppstweb\/index.php\/2021\/03\/14\/opinion-los-clap-cinco-anos-batallando\/#primaryimage","url":"https:\/\/www.mpppst.gob.ve\/mpppstweb\/wp-content\/uploads\/2021\/03\/Cajas-Clap.jpg","contentUrl":"https:\/\/www.mpppst.gob.ve\/mpppstweb\/wp-content\/uploads\/2021\/03\/Cajas-Clap.jpg","width":1200,"height":675},{"@type":"BreadcrumbList","@id":"https:\/\/www.mpppst.gob.ve\/mpppstweb\/index.php\/2021\/03\/14\/opinion-los-clap-cinco-anos-batallando\/#breadcrumb","itemListElement":[{"@type":"ListItem","position":1,"name":"Home","item":"https:\/\/www.mpppst.gob.ve\/mpppstweb\/"},{"@type":"ListItem","position":2,"name":"Opini\u00f3n: Los CLAP, cinco a\u00f1os batallando"}]},{"@type":"WebSite","@id":"https:\/\/www.mpppst.gob.ve\/mpppstweb\/#website","url":"https:\/\/www.mpppst.gob.ve\/mpppstweb\/","name":"MPPPST","description":"Ministerio del Poder Popular para el Proceso Social de Trabajo","publisher":{"@id":"https:\/\/www.mpppst.gob.ve\/mpppstweb\/#organization"},"potentialAction":[{"@type":"SearchAction","target":{"@type":"EntryPoint","urlTemplate":"https:\/\/www.mpppst.gob.ve\/mpppstweb\/?s={search_term_string}"},"query-input":"required name=search_term_string"}],"inLanguage":"es"},{"@type":"Organization","@id":"https:\/\/www.mpppst.gob.ve\/mpppstweb\/#organization","name":"mpppst","url":"https:\/\/www.mpppst.gob.ve\/mpppstweb\/","logo":{"@type":"ImageObject","inLanguage":"es","@id":"https:\/\/www.mpppst.gob.ve\/mpppstweb\/#\/schema\/logo\/image\/","url":"https:\/\/www.mpppst.gob.ve\/mpppstweb\/wp-content\/uploads\/2025\/07\/cropped-cropped-g910.png","contentUrl":"https:\/\/www.mpppst.gob.ve\/mpppstweb\/wp-content\/uploads\/2025\/07\/cropped-cropped-g910.png","width":1080,"height":241,"caption":"mpppst"},"image":{"@id":"https:\/\/www.mpppst.gob.ve\/mpppstweb\/#\/schema\/logo\/image\/"}},{"@type":"Person","@id":"https:\/\/www.mpppst.gob.ve\/mpppstweb\/#\/schema\/person\/fc187ee8ead412bd4c9304b62f900ea4","name":"MPPPST Prensa","url":"https:\/\/www.mpppst.gob.ve\/mpppstweb\/index.php\/author\/prensa-mpppst\/"}]}},"_links":{"self":[{"href":"https:\/\/www.mpppst.gob.ve\/mpppstweb\/index.php\/wp-json\/wp\/v2\/posts\/21775"}],"collection":[{"href":"https:\/\/www.mpppst.gob.ve\/mpppstweb\/index.php\/wp-json\/wp\/v2\/posts"}],"about":[{"href":"https:\/\/www.mpppst.gob.ve\/mpppstweb\/index.php\/wp-json\/wp\/v2\/types\/post"}],"author":[{"embeddable":true,"href":"https:\/\/www.mpppst.gob.ve\/mpppstweb\/index.php\/wp-json\/wp\/v2\/users\/25"}],"replies":[{"embeddable":true,"href":"https:\/\/www.mpppst.gob.ve\/mpppstweb\/index.php\/wp-json\/wp\/v2\/comments?post=21775"}],"version-history":[{"count":1,"href":"https:\/\/www.mpppst.gob.ve\/mpppstweb\/index.php\/wp-json\/wp\/v2\/posts\/21775\/revisions"}],"predecessor-version":[{"id":21776,"href":"https:\/\/www.mpppst.gob.ve\/mpppstweb\/index.php\/wp-json\/wp\/v2\/posts\/21775\/revisions\/21776"}],"wp:featuredmedia":[{"embeddable":true,"href":"https:\/\/www.mpppst.gob.ve\/mpppstweb\/index.php\/wp-json\/wp\/v2\/media\/21794"}],"wp:attachment":[{"href":"https:\/\/www.mpppst.gob.ve\/mpppstweb\/index.php\/wp-json\/wp\/v2\/media?parent=21775"}],"wp:term":[{"taxonomy":"category","embeddable":true,"href":"https:\/\/www.mpppst.gob.ve\/mpppstweb\/index.php\/wp-json\/wp\/v2\/categories?post=21775"},{"taxonomy":"post_tag","embeddable":true,"href":"https:\/\/www.mpppst.gob.ve\/mpppstweb\/index.php\/wp-json\/wp\/v2\/tags?post=21775"}],"curies":[{"name":"wp","href":"https:\/\/api.w.org\/{rel}","templated":true}]}}