{"id":21798,"date":"2021-03-16T07:51:16","date_gmt":"2021-03-16T11:51:16","guid":{"rendered":"http:\/\/www.mpppst.gob.ve\/mpppstweb\/?p=21798"},"modified":"2021-03-16T07:52:33","modified_gmt":"2021-03-16T11:52:33","slug":"a-incrementar-los-cuidados-linajes-p-1-y-p-2-de-la-variante-brasilena-son-de-mayor-transmision","status":"publish","type":"post","link":"https:\/\/www.mpppst.gob.ve\/mpppstweb\/index.php\/2021\/03\/16\/a-incrementar-los-cuidados-linajes-p-1-y-p-2-de-la-variante-brasilena-son-de-mayor-transmision\/","title":{"rendered":"\u00a1A incrementar los cuidados! Linajes P.1 y P.2 de la variante brasile\u00f1a son de mayor transmisi\u00f3n"},"content":{"rendered":"\n<p>La ministra del Poder Popular para Ciencia y Tecnolog\u00eda, Gabriela Jim\u00e9nez, sostiene que los linajes P.1 y P.2 de la variante brasile\u00f1a son de mayor transmisi\u00f3n, es decir mayor y m\u00e1s f\u00e1cil contagio.<\/p>\n\n\n\n<p>A trav\u00e9s de una publicaci\u00f3n en su cuenta en la red social Instagram, destaca que estas mutaciones evaden los anticuerpos de aquellos pacientes que anteriormente sufrieron la COVID-19; incluso, se agudizan los s\u00edntomas en los pacientes generando complicaciones.<\/p>\n\n\n\n<p>La titular de la cartera de Ciencia y Tecnolog\u00eda explica que \u201cel dinamismo y la velocidad de contagio depende del distanciamiento f\u00edsico y de evitar que las microgotas de saliva de un sujeto alcancen a otro\u201d.<\/p>\n\n\n\n<p>En este orden de ideas, resalta la necesidad de usar la mascarilla, como primera barrera para frenar el virus, as\u00ed como cumplir con las medidas de higiene de manos y en espacios.<\/p>\n\n\n\n<p>Hace un llamado a la ciudadan\u00eda para que acuda al centro centinela m\u00e1s cercano, en caso de presentar alguno de los s\u00edntomas.<\/p>\n\n\n\n<p>\u201cNo esperes ni permitas que el virus se propague. \u00a1No pongas en riesgo tu vida y la salud de tus seres queridos!\u201d, escribi\u00f3.<\/p>\n\n\n\n<figure><iframe src=\"https:\/\/www.instagram.com\/p\/CMa8mgohje0\/embed\/captioned\/?cr=1&amp;v=13&amp;wp=621&amp;rd=https%3A%2F%2Fwww.vtv.gob.ve&amp;rp=%2Fincrementar-cuidados-linajes-p1-p2-variante-brasilena-mayor-transmision%2F#%7B%22ci%22%3A0%2C%22os%22%3A4762.200000011944%2C%22ls%22%3A2586.5000000048894%2C%22le%22%3A2599.100000006729%7D\" allowfullscreen=\"true\" height=\"1196\"><\/iframe><\/figure>\n","protected":false},"excerpt":{"rendered":"<p>La ministra del Poder Popular para Ciencia y Tecnolog\u00eda, Gabriela Jim\u00e9nez, sostiene que los linajes P.1 &hellip; <a title=\"\u00a1A incrementar los cuidados! Linajes P.1 y P.2 de la variante brasile\u00f1a son de mayor transmisi\u00f3n\" class=\"hm-read-more\" href=\"https:\/\/www.mpppst.gob.ve\/mpppstweb\/index.php\/2021\/03\/16\/a-incrementar-los-cuidados-linajes-p-1-y-p-2-de-la-variante-brasilena-son-de-mayor-transmision\/\"><span class=\"screen-reader-text\">\u00a1A incrementar los cuidados! Linajes P.1 y P.2 de la variante brasile\u00f1a son de mayor transmisi\u00f3n<\/span>Read more<\/a><\/p>\n","protected":false},"author":25,"featured_media":21799,"comment_status":"closed","ping_status":"closed","sticky":false,"template":"","format":"standard","meta":{"footnotes":""},"categories":[82,163],"tags":[],"yoast_head":"<!-- This site is optimized with the Yoast SEO plugin v22.5 - https:\/\/yoast.com\/wordpress\/plugins\/seo\/ -->\n<title>\u00a1A incrementar los cuidados! Linajes P.1 y P.2 de la variante brasile\u00f1a son de mayor transmisi\u00f3n - MPPPST<\/title>\n<meta name=\"robots\" content=\"index, follow, max-snippet:-1, max-image-preview:large, max-video-preview:-1\" \/>\n<link rel=\"canonical\" href=\"https:\/\/www.mpppst.gob.ve\/mpppstweb\/index.php\/2021\/03\/16\/a-incrementar-los-cuidados-linajes-p-1-y-p-2-de-la-variante-brasilena-son-de-mayor-transmision\/\" \/>\n<meta property=\"og:locale\" content=\"es_ES\" \/>\n<meta property=\"og:type\" content=\"article\" \/>\n<meta property=\"og:title\" content=\"\u00a1A incrementar los cuidados! Linajes P.1 y P.2 de la variante brasile\u00f1a son de mayor transmisi\u00f3n - MPPPST\" \/>\n<meta property=\"og:description\" content=\"La ministra del Poder Popular para Ciencia y Tecnolog\u00eda, Gabriela Jim\u00e9nez, sostiene que los linajes P.1 &hellip; \u00a1A incrementar los cuidados! Linajes P.1 y P.2 de la variante brasile\u00f1a son de mayor transmisi\u00f3nRead more\" \/>\n<meta property=\"og:url\" content=\"https:\/\/www.mpppst.gob.ve\/mpppstweb\/index.php\/2021\/03\/16\/a-incrementar-los-cuidados-linajes-p-1-y-p-2-de-la-variante-brasilena-son-de-mayor-transmision\/\" \/>\n<meta property=\"og:site_name\" content=\"MPPPST\" \/>\n<meta property=\"article:published_time\" content=\"2021-03-16T11:51:16+00:00\" \/>\n<meta property=\"article:modified_time\" content=\"2021-03-16T11:52:33+00:00\" \/>\n<meta property=\"og:image\" content=\"https:\/\/www.mpppst.gob.ve\/mpppstweb\/wp-content\/uploads\/2021\/03\/Captura-de-pantalla-2021-03-15-a-las-10.01.02-a.-m.-768x427-1.png\" \/>\n\t<meta property=\"og:image:width\" content=\"768\" \/>\n\t<meta property=\"og:image:height\" content=\"427\" \/>\n\t<meta property=\"og:image:type\" content=\"image\/png\" \/>\n<meta name=\"author\" content=\"MPPPST Prensa\" \/>\n<meta name=\"twitter:card\" content=\"summary_large_image\" \/>\n<meta name=\"twitter:label1\" content=\"Escrito por\" \/>\n\t<meta name=\"twitter:data1\" content=\"MPPPST Prensa\" \/>\n\t<meta name=\"twitter:label2\" content=\"Tiempo de lectura\" \/>\n\t<meta name=\"twitter:data2\" content=\"1 minuto\" \/>\n<script type=\"application\/ld+json\" class=\"yoast-schema-graph\">{\"@context\":\"https:\/\/schema.org\",\"@graph\":[{\"@type\":\"Article\",\"@id\":\"https:\/\/www.mpppst.gob.ve\/mpppstweb\/index.php\/2021\/03\/16\/a-incrementar-los-cuidados-linajes-p-1-y-p-2-de-la-variante-brasilena-son-de-mayor-transmision\/#article\",\"isPartOf\":{\"@id\":\"https:\/\/www.mpppst.gob.ve\/mpppstweb\/index.php\/2021\/03\/16\/a-incrementar-los-cuidados-linajes-p-1-y-p-2-de-la-variante-brasilena-son-de-mayor-transmision\/\"},\"author\":{\"name\":\"MPPPST Prensa\",\"@id\":\"https:\/\/www.mpppst.gob.ve\/mpppstweb\/#\/schema\/person\/fc187ee8ead412bd4c9304b62f900ea4\"},\"headline\":\"\u00a1A incrementar los cuidados! Linajes P.1 y P.2 de la variante brasile\u00f1a son de mayor transmisi\u00f3n\",\"datePublished\":\"2021-03-16T11:51:16+00:00\",\"dateModified\":\"2021-03-16T11:52:33+00:00\",\"mainEntityOfPage\":{\"@id\":\"https:\/\/www.mpppst.gob.ve\/mpppstweb\/index.php\/2021\/03\/16\/a-incrementar-los-cuidados-linajes-p-1-y-p-2-de-la-variante-brasilena-son-de-mayor-transmision\/\"},\"wordCount\":216,\"publisher\":{\"@id\":\"https:\/\/www.mpppst.gob.ve\/mpppstweb\/#organization\"},\"image\":{\"@id\":\"https:\/\/www.mpppst.gob.ve\/mpppstweb\/index.php\/2021\/03\/16\/a-incrementar-los-cuidados-linajes-p-1-y-p-2-de-la-variante-brasilena-son-de-mayor-transmision\/#primaryimage\"},\"thumbnailUrl\":\"https:\/\/www.mpppst.gob.ve\/mpppstweb\/wp-content\/uploads\/2021\/03\/Captura-de-pantalla-2021-03-15-a-las-10.01.02-a.-m.-768x427-1.png\",\"articleSection\":[\"Gobierno Nacional\",\"Noticias\"],\"inLanguage\":\"es\"},{\"@type\":\"WebPage\",\"@id\":\"https:\/\/www.mpppst.gob.ve\/mpppstweb\/index.php\/2021\/03\/16\/a-incrementar-los-cuidados-linajes-p-1-y-p-2-de-la-variante-brasilena-son-de-mayor-transmision\/\",\"url\":\"https:\/\/www.mpppst.gob.ve\/mpppstweb\/index.php\/2021\/03\/16\/a-incrementar-los-cuidados-linajes-p-1-y-p-2-de-la-variante-brasilena-son-de-mayor-transmision\/\",\"name\":\"\u00a1A incrementar los cuidados! Linajes P.1 y P.2 de la variante brasile\u00f1a son de mayor transmisi\u00f3n - MPPPST\",\"isPartOf\":{\"@id\":\"https:\/\/www.mpppst.gob.ve\/mpppstweb\/#website\"},\"primaryImageOfPage\":{\"@id\":\"https:\/\/www.mpppst.gob.ve\/mpppstweb\/index.php\/2021\/03\/16\/a-incrementar-los-cuidados-linajes-p-1-y-p-2-de-la-variante-brasilena-son-de-mayor-transmision\/#primaryimage\"},\"image\":{\"@id\":\"https:\/\/www.mpppst.gob.ve\/mpppstweb\/index.php\/2021\/03\/16\/a-incrementar-los-cuidados-linajes-p-1-y-p-2-de-la-variante-brasilena-son-de-mayor-transmision\/#primaryimage\"},\"thumbnailUrl\":\"https:\/\/www.mpppst.gob.ve\/mpppstweb\/wp-content\/uploads\/2021\/03\/Captura-de-pantalla-2021-03-15-a-las-10.01.02-a.-m.-768x427-1.png\",\"datePublished\":\"2021-03-16T11:51:16+00:00\",\"dateModified\":\"2021-03-16T11:52:33+00:00\",\"breadcrumb\":{\"@id\":\"https:\/\/www.mpppst.gob.ve\/mpppstweb\/index.php\/2021\/03\/16\/a-incrementar-los-cuidados-linajes-p-1-y-p-2-de-la-variante-brasilena-son-de-mayor-transmision\/#breadcrumb\"},\"inLanguage\":\"es\",\"potentialAction\":[{\"@type\":\"ReadAction\",\"target\":[\"https:\/\/www.mpppst.gob.ve\/mpppstweb\/index.php\/2021\/03\/16\/a-incrementar-los-cuidados-linajes-p-1-y-p-2-de-la-variante-brasilena-son-de-mayor-transmision\/\"]}]},{\"@type\":\"ImageObject\",\"inLanguage\":\"es\",\"@id\":\"https:\/\/www.mpppst.gob.ve\/mpppstweb\/index.php\/2021\/03\/16\/a-incrementar-los-cuidados-linajes-p-1-y-p-2-de-la-variante-brasilena-son-de-mayor-transmision\/#primaryimage\",\"url\":\"https:\/\/www.mpppst.gob.ve\/mpppstweb\/wp-content\/uploads\/2021\/03\/Captura-de-pantalla-2021-03-15-a-las-10.01.02-a.-m.-768x427-1.png\",\"contentUrl\":\"https:\/\/www.mpppst.gob.ve\/mpppstweb\/wp-content\/uploads\/2021\/03\/Captura-de-pantalla-2021-03-15-a-las-10.01.02-a.-m.-768x427-1.png\",\"width\":768,\"height\":427},{\"@type\":\"BreadcrumbList\",\"@id\":\"https:\/\/www.mpppst.gob.ve\/mpppstweb\/index.php\/2021\/03\/16\/a-incrementar-los-cuidados-linajes-p-1-y-p-2-de-la-variante-brasilena-son-de-mayor-transmision\/#breadcrumb\",\"itemListElement\":[{\"@type\":\"ListItem\",\"position\":1,\"name\":\"Home\",\"item\":\"https:\/\/www.mpppst.gob.ve\/mpppstweb\/\"},{\"@type\":\"ListItem\",\"position\":2,\"name\":\"\u00a1A incrementar los cuidados! Linajes P.1 y P.2 de la variante brasile\u00f1a son de mayor transmisi\u00f3n\"}]},{\"@type\":\"WebSite\",\"@id\":\"https:\/\/www.mpppst.gob.ve\/mpppstweb\/#website\",\"url\":\"https:\/\/www.mpppst.gob.ve\/mpppstweb\/\",\"name\":\"MPPPST\",\"description\":\"Ministerio del Poder Popular para el Proceso Social de Trabajo\",\"publisher\":{\"@id\":\"https:\/\/www.mpppst.gob.ve\/mpppstweb\/#organization\"},\"potentialAction\":[{\"@type\":\"SearchAction\",\"target\":{\"@type\":\"EntryPoint\",\"urlTemplate\":\"https:\/\/www.mpppst.gob.ve\/mpppstweb\/?s={search_term_string}\"},\"query-input\":\"required name=search_term_string\"}],\"inLanguage\":\"es\"},{\"@type\":\"Organization\",\"@id\":\"https:\/\/www.mpppst.gob.ve\/mpppstweb\/#organization\",\"name\":\"mpppst\",\"url\":\"https:\/\/www.mpppst.gob.ve\/mpppstweb\/\",\"logo\":{\"@type\":\"ImageObject\",\"inLanguage\":\"es\",\"@id\":\"https:\/\/www.mpppst.gob.ve\/mpppstweb\/#\/schema\/logo\/image\/\",\"url\":\"https:\/\/www.mpppst.gob.ve\/mpppstweb\/wp-content\/uploads\/2025\/07\/cropped-cropped-g910.png\",\"contentUrl\":\"https:\/\/www.mpppst.gob.ve\/mpppstweb\/wp-content\/uploads\/2025\/07\/cropped-cropped-g910.png\",\"width\":1080,\"height\":241,\"caption\":\"mpppst\"},\"image\":{\"@id\":\"https:\/\/www.mpppst.gob.ve\/mpppstweb\/#\/schema\/logo\/image\/\"}},{\"@type\":\"Person\",\"@id\":\"https:\/\/www.mpppst.gob.ve\/mpppstweb\/#\/schema\/person\/fc187ee8ead412bd4c9304b62f900ea4\",\"name\":\"MPPPST Prensa\",\"url\":\"https:\/\/www.mpppst.gob.ve\/mpppstweb\/index.php\/author\/prensa-mpppst\/\"}]}<\/script>\n<!-- \/ Yoast SEO plugin. -->","yoast_head_json":{"title":"\u00a1A incrementar los cuidados! Linajes P.1 y P.2 de la variante brasile\u00f1a son de mayor transmisi\u00f3n - MPPPST","robots":{"index":"index","follow":"follow","max-snippet":"max-snippet:-1","max-image-preview":"max-image-preview:large","max-video-preview":"max-video-preview:-1"},"canonical":"https:\/\/www.mpppst.gob.ve\/mpppstweb\/index.php\/2021\/03\/16\/a-incrementar-los-cuidados-linajes-p-1-y-p-2-de-la-variante-brasilena-son-de-mayor-transmision\/","og_locale":"es_ES","og_type":"article","og_title":"\u00a1A incrementar los cuidados! Linajes P.1 y P.2 de la variante brasile\u00f1a son de mayor transmisi\u00f3n - MPPPST","og_description":"La ministra del Poder Popular para Ciencia y Tecnolog\u00eda, Gabriela Jim\u00e9nez, sostiene que los linajes P.1 &hellip; \u00a1A incrementar los cuidados! Linajes P.1 y P.2 de la variante brasile\u00f1a son de mayor transmisi\u00f3nRead more","og_url":"https:\/\/www.mpppst.gob.ve\/mpppstweb\/index.php\/2021\/03\/16\/a-incrementar-los-cuidados-linajes-p-1-y-p-2-de-la-variante-brasilena-son-de-mayor-transmision\/","og_site_name":"MPPPST","article_published_time":"2021-03-16T11:51:16+00:00","article_modified_time":"2021-03-16T11:52:33+00:00","og_image":[{"width":768,"height":427,"url":"https:\/\/www.mpppst.gob.ve\/mpppstweb\/wp-content\/uploads\/2021\/03\/Captura-de-pantalla-2021-03-15-a-las-10.01.02-a.-m.-768x427-1.png","type":"image\/png"}],"author":"MPPPST Prensa","twitter_card":"summary_large_image","twitter_misc":{"Escrito por":"MPPPST Prensa","Tiempo de lectura":"1 minuto"},"schema":{"@context":"https:\/\/schema.org","@graph":[{"@type":"Article","@id":"https:\/\/www.mpppst.gob.ve\/mpppstweb\/index.php\/2021\/03\/16\/a-incrementar-los-cuidados-linajes-p-1-y-p-2-de-la-variante-brasilena-son-de-mayor-transmision\/#article","isPartOf":{"@id":"https:\/\/www.mpppst.gob.ve\/mpppstweb\/index.php\/2021\/03\/16\/a-incrementar-los-cuidados-linajes-p-1-y-p-2-de-la-variante-brasilena-son-de-mayor-transmision\/"},"author":{"name":"MPPPST Prensa","@id":"https:\/\/www.mpppst.gob.ve\/mpppstweb\/#\/schema\/person\/fc187ee8ead412bd4c9304b62f900ea4"},"headline":"\u00a1A incrementar los cuidados! Linajes P.1 y P.2 de la variante brasile\u00f1a son de mayor transmisi\u00f3n","datePublished":"2021-03-16T11:51:16+00:00","dateModified":"2021-03-16T11:52:33+00:00","mainEntityOfPage":{"@id":"https:\/\/www.mpppst.gob.ve\/mpppstweb\/index.php\/2021\/03\/16\/a-incrementar-los-cuidados-linajes-p-1-y-p-2-de-la-variante-brasilena-son-de-mayor-transmision\/"},"wordCount":216,"publisher":{"@id":"https:\/\/www.mpppst.gob.ve\/mpppstweb\/#organization"},"image":{"@id":"https:\/\/www.mpppst.gob.ve\/mpppstweb\/index.php\/2021\/03\/16\/a-incrementar-los-cuidados-linajes-p-1-y-p-2-de-la-variante-brasilena-son-de-mayor-transmision\/#primaryimage"},"thumbnailUrl":"https:\/\/www.mpppst.gob.ve\/mpppstweb\/wp-content\/uploads\/2021\/03\/Captura-de-pantalla-2021-03-15-a-las-10.01.02-a.-m.-768x427-1.png","articleSection":["Gobierno Nacional","Noticias"],"inLanguage":"es"},{"@type":"WebPage","@id":"https:\/\/www.mpppst.gob.ve\/mpppstweb\/index.php\/2021\/03\/16\/a-incrementar-los-cuidados-linajes-p-1-y-p-2-de-la-variante-brasilena-son-de-mayor-transmision\/","url":"https:\/\/www.mpppst.gob.ve\/mpppstweb\/index.php\/2021\/03\/16\/a-incrementar-los-cuidados-linajes-p-1-y-p-2-de-la-variante-brasilena-son-de-mayor-transmision\/","name":"\u00a1A incrementar los cuidados! Linajes P.1 y P.2 de la variante brasile\u00f1a son de mayor transmisi\u00f3n - MPPPST","isPartOf":{"@id":"https:\/\/www.mpppst.gob.ve\/mpppstweb\/#website"},"primaryImageOfPage":{"@id":"https:\/\/www.mpppst.gob.ve\/mpppstweb\/index.php\/2021\/03\/16\/a-incrementar-los-cuidados-linajes-p-1-y-p-2-de-la-variante-brasilena-son-de-mayor-transmision\/#primaryimage"},"image":{"@id":"https:\/\/www.mpppst.gob.ve\/mpppstweb\/index.php\/2021\/03\/16\/a-incrementar-los-cuidados-linajes-p-1-y-p-2-de-la-variante-brasilena-son-de-mayor-transmision\/#primaryimage"},"thumbnailUrl":"https:\/\/www.mpppst.gob.ve\/mpppstweb\/wp-content\/uploads\/2021\/03\/Captura-de-pantalla-2021-03-15-a-las-10.01.02-a.-m.-768x427-1.png","datePublished":"2021-03-16T11:51:16+00:00","dateModified":"2021-03-16T11:52:33+00:00","breadcrumb":{"@id":"https:\/\/www.mpppst.gob.ve\/mpppstweb\/index.php\/2021\/03\/16\/a-incrementar-los-cuidados-linajes-p-1-y-p-2-de-la-variante-brasilena-son-de-mayor-transmision\/#breadcrumb"},"inLanguage":"es","potentialAction":[{"@type":"ReadAction","target":["https:\/\/www.mpppst.gob.ve\/mpppstweb\/index.php\/2021\/03\/16\/a-incrementar-los-cuidados-linajes-p-1-y-p-2-de-la-variante-brasilena-son-de-mayor-transmision\/"]}]},{"@type":"ImageObject","inLanguage":"es","@id":"https:\/\/www.mpppst.gob.ve\/mpppstweb\/index.php\/2021\/03\/16\/a-incrementar-los-cuidados-linajes-p-1-y-p-2-de-la-variante-brasilena-son-de-mayor-transmision\/#primaryimage","url":"https:\/\/www.mpppst.gob.ve\/mpppstweb\/wp-content\/uploads\/2021\/03\/Captura-de-pantalla-2021-03-15-a-las-10.01.02-a.-m.-768x427-1.png","contentUrl":"https:\/\/www.mpppst.gob.ve\/mpppstweb\/wp-content\/uploads\/2021\/03\/Captura-de-pantalla-2021-03-15-a-las-10.01.02-a.-m.-768x427-1.png","width":768,"height":427},{"@type":"BreadcrumbList","@id":"https:\/\/www.mpppst.gob.ve\/mpppstweb\/index.php\/2021\/03\/16\/a-incrementar-los-cuidados-linajes-p-1-y-p-2-de-la-variante-brasilena-son-de-mayor-transmision\/#breadcrumb","itemListElement":[{"@type":"ListItem","position":1,"name":"Home","item":"https:\/\/www.mpppst.gob.ve\/mpppstweb\/"},{"@type":"ListItem","position":2,"name":"\u00a1A incrementar los cuidados! Linajes P.1 y P.2 de la variante brasile\u00f1a son de mayor transmisi\u00f3n"}]},{"@type":"WebSite","@id":"https:\/\/www.mpppst.gob.ve\/mpppstweb\/#website","url":"https:\/\/www.mpppst.gob.ve\/mpppstweb\/","name":"MPPPST","description":"Ministerio del Poder Popular para el Proceso Social de Trabajo","publisher":{"@id":"https:\/\/www.mpppst.gob.ve\/mpppstweb\/#organization"},"potentialAction":[{"@type":"SearchAction","target":{"@type":"EntryPoint","urlTemplate":"https:\/\/www.mpppst.gob.ve\/mpppstweb\/?s={search_term_string}"},"query-input":"required name=search_term_string"}],"inLanguage":"es"},{"@type":"Organization","@id":"https:\/\/www.mpppst.gob.ve\/mpppstweb\/#organization","name":"mpppst","url":"https:\/\/www.mpppst.gob.ve\/mpppstweb\/","logo":{"@type":"ImageObject","inLanguage":"es","@id":"https:\/\/www.mpppst.gob.ve\/mpppstweb\/#\/schema\/logo\/image\/","url":"https:\/\/www.mpppst.gob.ve\/mpppstweb\/wp-content\/uploads\/2025\/07\/cropped-cropped-g910.png","contentUrl":"https:\/\/www.mpppst.gob.ve\/mpppstweb\/wp-content\/uploads\/2025\/07\/cropped-cropped-g910.png","width":1080,"height":241,"caption":"mpppst"},"image":{"@id":"https:\/\/www.mpppst.gob.ve\/mpppstweb\/#\/schema\/logo\/image\/"}},{"@type":"Person","@id":"https:\/\/www.mpppst.gob.ve\/mpppstweb\/#\/schema\/person\/fc187ee8ead412bd4c9304b62f900ea4","name":"MPPPST Prensa","url":"https:\/\/www.mpppst.gob.ve\/mpppstweb\/index.php\/author\/prensa-mpppst\/"}]}},"_links":{"self":[{"href":"https:\/\/www.mpppst.gob.ve\/mpppstweb\/index.php\/wp-json\/wp\/v2\/posts\/21798"}],"collection":[{"href":"https:\/\/www.mpppst.gob.ve\/mpppstweb\/index.php\/wp-json\/wp\/v2\/posts"}],"about":[{"href":"https:\/\/www.mpppst.gob.ve\/mpppstweb\/index.php\/wp-json\/wp\/v2\/types\/post"}],"author":[{"embeddable":true,"href":"https:\/\/www.mpppst.gob.ve\/mpppstweb\/index.php\/wp-json\/wp\/v2\/users\/25"}],"replies":[{"embeddable":true,"href":"https:\/\/www.mpppst.gob.ve\/mpppstweb\/index.php\/wp-json\/wp\/v2\/comments?post=21798"}],"version-history":[{"count":1,"href":"https:\/\/www.mpppst.gob.ve\/mpppstweb\/index.php\/wp-json\/wp\/v2\/posts\/21798\/revisions"}],"predecessor-version":[{"id":21800,"href":"https:\/\/www.mpppst.gob.ve\/mpppstweb\/index.php\/wp-json\/wp\/v2\/posts\/21798\/revisions\/21800"}],"wp:featuredmedia":[{"embeddable":true,"href":"https:\/\/www.mpppst.gob.ve\/mpppstweb\/index.php\/wp-json\/wp\/v2\/media\/21799"}],"wp:attachment":[{"href":"https:\/\/www.mpppst.gob.ve\/mpppstweb\/index.php\/wp-json\/wp\/v2\/media?parent=21798"}],"wp:term":[{"taxonomy":"category","embeddable":true,"href":"https:\/\/www.mpppst.gob.ve\/mpppstweb\/index.php\/wp-json\/wp\/v2\/categories?post=21798"},{"taxonomy":"post_tag","embeddable":true,"href":"https:\/\/www.mpppst.gob.ve\/mpppstweb\/index.php\/wp-json\/wp\/v2\/tags?post=21798"}],"curies":[{"name":"wp","href":"https:\/\/api.w.org\/{rel}","templated":true}]}}