{"id":21801,"date":"2021-03-16T07:56:01","date_gmt":"2021-03-16T11:56:01","guid":{"rendered":"http:\/\/www.mpppst.gob.ve\/mpppstweb\/?p=21801"},"modified":"2021-03-16T07:56:02","modified_gmt":"2021-03-16T11:56:02","slug":"fuerzas-productivas-de-guarico-destinaran-cerca-de-100-mil-toneladas-de-arroz-a-diferentes-programas-de-alimentacion","status":"publish","type":"post","link":"https:\/\/www.mpppst.gob.ve\/mpppstweb\/index.php\/2021\/03\/16\/fuerzas-productivas-de-guarico-destinaran-cerca-de-100-mil-toneladas-de-arroz-a-diferentes-programas-de-alimentacion\/","title":{"rendered":"Fuerzas productivas de Gu\u00e1rico destinar\u00e1n cerca de 100 mil toneladas de arroz a diferentes programas de alimentaci\u00f3n"},"content":{"rendered":"\n<p>El equipo econ\u00f3mico de la Gobernaci\u00f3n del estado Gu\u00e1rico junto a las fuerzas productivas del campo realizan los preparativos para dar inicio, en los pr\u00f3ximos d\u00edas, a la zafra de cosecha de m\u00e1s de 25.000 hect\u00e1reas de arroz desde los campos cerealeros de Calabozo, municipio Francisco de Miranda, lo cual estima una producci\u00f3n final cerca de 100.000 toneladas de arroz que ser\u00e1n destinados a los diferentes programas de alimentaci\u00f3n de la entidad.<\/p>\n\n\n\n<p>En este sentido, el gobernador de la entidad llanera, Jos\u00e9 V\u00e1squez, resalt\u00f3 que pese al tiempo de pandemia de la&nbsp;<strong>COVID-19<\/strong>&nbsp;y sanciones impuestas por los EE.UU., Gu\u00e1rico logr\u00f3 un nuevo avance en garantizar el cultivo de estas hect\u00e1reas durante el ciclo Norte-Verano 2020-2021 lo cual fortalece el sistema productivo, econ\u00f3mico y alimentario del estado, acotando que estas 25.000 complementan las m\u00e1s de 37.000 hect\u00e1reas que van durante este periodo, donde se involucran los cultivos de leguminosas, hortalizas y otros.<\/p>\n\n\n\n<p>V\u00e1squez se\u00f1al\u00f3 que actualmente trabajan en un nuevo proyecto de producci\u00f3n ganadera en la parroquia San Jos\u00e9 de Tiznados, municipio Ortiz, lo cual permitir\u00e1 mayor desarrollo al sector pecuario y producci\u00f3n c\u00e1rnica para los programas de alimentaci\u00f3n.<\/p>\n\n\n\n<p>En este contexto, la secretaria de Econom\u00eda Productiva de Gu\u00e1rico, Nayibeth Berm\u00fadez, acot\u00f3 que ya se est\u00e1n realizando las respectivas coordinaciones para que los productores tengan asegurado el combustible, tanto para la cosecha de este periodo de verano, como lo que ser\u00e1 el proceso de cultivo correspondiente al invierno 2021.<\/p>\n\n\n\n<p>Asimismo, Berm\u00fadez enfatiz\u00f3 que el estado llanero ya tiene asegurado m\u00e1s de 100.000 bolsas de semillas de ma\u00edz destinadas a los productores, gracias a las gestiones realizadas junto al Ministerio del Poder Popular para la Agricultura y Tierras, a trav\u00e9s del cual se le garantizar\u00e1 financiamiento a los peque\u00f1os campesinos para que se sumen a los programas de siembra.<\/p>\n\n\n\n<p><strong>Expoferia de Fertilizantes para productores<\/strong><\/p>\n\n\n\n<p>En otro orden de ideas, la secretaria de Econom\u00eda Productiva de Gu\u00e1rico reiter\u00f3 que el pr\u00f3ximo 19 de marzo, se realizar\u00e1 la primera Expoferia de Fertilizantes en la ciudad de Calabozo, municipio Francisco de Miranda, organizada entre la Gobernaci\u00f3n y la empresa Pequiven S.A, permitiendo la comercializaci\u00f3n directa de productos e insumos necesarios para la efectividad del Plan de Siembra 2021, donde adem\u00e1s se estar\u00e1 generando espacios para la consolidaci\u00f3n de ruedas de negocios.<\/p>\n\n\n\n<p>Acot\u00f3 que, posteriormente el 15 de abril, se estar\u00e1 desarrollando la segunda Feria en la ciudad de Valle de la Pascua, municipio Leonardo Infante, para brindar acceso a los fertilizantes, Urea y NPK<\/p>\n\n\n\n<p>Prensa Web VTV<\/p>\n","protected":false},"excerpt":{"rendered":"<p>El equipo econ\u00f3mico de la Gobernaci\u00f3n del estado Gu\u00e1rico junto a las fuerzas productivas del campo &hellip; <a title=\"Fuerzas productivas de Gu\u00e1rico destinar\u00e1n cerca de 100 mil toneladas de arroz a diferentes programas de alimentaci\u00f3n\" class=\"hm-read-more\" href=\"https:\/\/www.mpppst.gob.ve\/mpppstweb\/index.php\/2021\/03\/16\/fuerzas-productivas-de-guarico-destinaran-cerca-de-100-mil-toneladas-de-arroz-a-diferentes-programas-de-alimentacion\/\"><span class=\"screen-reader-text\">Fuerzas productivas de Gu\u00e1rico destinar\u00e1n cerca de 100 mil toneladas de arroz a diferentes programas de alimentaci\u00f3n<\/span>Read more<\/a><\/p>\n","protected":false},"author":25,"featured_media":21802,"comment_status":"closed","ping_status":"closed","sticky":false,"template":"","format":"standard","meta":{"footnotes":""},"categories":[82,163],"tags":[],"yoast_head":"<!-- This site is optimized with the Yoast SEO plugin v22.5 - https:\/\/yoast.com\/wordpress\/plugins\/seo\/ -->\n<title>Fuerzas productivas de Gu\u00e1rico destinar\u00e1n cerca de 100 mil toneladas de arroz a diferentes programas de alimentaci\u00f3n - MPPPST<\/title>\n<meta name=\"robots\" content=\"index, follow, max-snippet:-1, max-image-preview:large, max-video-preview:-1\" \/>\n<link rel=\"canonical\" href=\"https:\/\/www.mpppst.gob.ve\/mpppstweb\/index.php\/2021\/03\/16\/fuerzas-productivas-de-guarico-destinaran-cerca-de-100-mil-toneladas-de-arroz-a-diferentes-programas-de-alimentacion\/\" \/>\n<meta property=\"og:locale\" content=\"es_ES\" \/>\n<meta property=\"og:type\" content=\"article\" \/>\n<meta property=\"og:title\" content=\"Fuerzas productivas de Gu\u00e1rico destinar\u00e1n cerca de 100 mil toneladas de arroz a diferentes programas de alimentaci\u00f3n - MPPPST\" \/>\n<meta property=\"og:description\" content=\"El equipo econ\u00f3mico de la Gobernaci\u00f3n del estado Gu\u00e1rico junto a las fuerzas productivas del campo &hellip; Fuerzas productivas de Gu\u00e1rico destinar\u00e1n cerca de 100 mil toneladas de arroz a diferentes programas de alimentaci\u00f3nRead more\" \/>\n<meta property=\"og:url\" content=\"https:\/\/www.mpppst.gob.ve\/mpppstweb\/index.php\/2021\/03\/16\/fuerzas-productivas-de-guarico-destinaran-cerca-de-100-mil-toneladas-de-arroz-a-diferentes-programas-de-alimentacion\/\" \/>\n<meta property=\"og:site_name\" content=\"MPPPST\" \/>\n<meta property=\"article:published_time\" content=\"2021-03-16T11:56:01+00:00\" \/>\n<meta property=\"article:modified_time\" content=\"2021-03-16T11:56:02+00:00\" \/>\n<meta property=\"og:image\" content=\"https:\/\/www.mpppst.gob.ve\/mpppstweb\/wp-content\/uploads\/2021\/03\/GUARICO-1-768x427-1.jpg\" \/>\n\t<meta property=\"og:image:width\" content=\"768\" \/>\n\t<meta property=\"og:image:height\" content=\"427\" \/>\n\t<meta property=\"og:image:type\" content=\"image\/jpeg\" \/>\n<meta name=\"author\" content=\"MPPPST Prensa\" \/>\n<meta name=\"twitter:card\" content=\"summary_large_image\" \/>\n<meta name=\"twitter:label1\" content=\"Escrito por\" \/>\n\t<meta name=\"twitter:data1\" content=\"MPPPST Prensa\" \/>\n\t<meta name=\"twitter:label2\" content=\"Tiempo de lectura\" \/>\n\t<meta name=\"twitter:data2\" content=\"2 minutos\" \/>\n<script type=\"application\/ld+json\" class=\"yoast-schema-graph\">{\"@context\":\"https:\/\/schema.org\",\"@graph\":[{\"@type\":\"Article\",\"@id\":\"https:\/\/www.mpppst.gob.ve\/mpppstweb\/index.php\/2021\/03\/16\/fuerzas-productivas-de-guarico-destinaran-cerca-de-100-mil-toneladas-de-arroz-a-diferentes-programas-de-alimentacion\/#article\",\"isPartOf\":{\"@id\":\"https:\/\/www.mpppst.gob.ve\/mpppstweb\/index.php\/2021\/03\/16\/fuerzas-productivas-de-guarico-destinaran-cerca-de-100-mil-toneladas-de-arroz-a-diferentes-programas-de-alimentacion\/\"},\"author\":{\"name\":\"MPPPST Prensa\",\"@id\":\"https:\/\/www.mpppst.gob.ve\/mpppstweb\/#\/schema\/person\/fc187ee8ead412bd4c9304b62f900ea4\"},\"headline\":\"Fuerzas productivas de Gu\u00e1rico destinar\u00e1n cerca de 100 mil toneladas de arroz a diferentes programas de alimentaci\u00f3n\",\"datePublished\":\"2021-03-16T11:56:01+00:00\",\"dateModified\":\"2021-03-16T11:56:02+00:00\",\"mainEntityOfPage\":{\"@id\":\"https:\/\/www.mpppst.gob.ve\/mpppstweb\/index.php\/2021\/03\/16\/fuerzas-productivas-de-guarico-destinaran-cerca-de-100-mil-toneladas-de-arroz-a-diferentes-programas-de-alimentacion\/\"},\"wordCount\":465,\"publisher\":{\"@id\":\"https:\/\/www.mpppst.gob.ve\/mpppstweb\/#organization\"},\"image\":{\"@id\":\"https:\/\/www.mpppst.gob.ve\/mpppstweb\/index.php\/2021\/03\/16\/fuerzas-productivas-de-guarico-destinaran-cerca-de-100-mil-toneladas-de-arroz-a-diferentes-programas-de-alimentacion\/#primaryimage\"},\"thumbnailUrl\":\"https:\/\/www.mpppst.gob.ve\/mpppstweb\/wp-content\/uploads\/2021\/03\/GUARICO-1-768x427-1.jpg\",\"articleSection\":[\"Gobierno Nacional\",\"Noticias\"],\"inLanguage\":\"es\"},{\"@type\":\"WebPage\",\"@id\":\"https:\/\/www.mpppst.gob.ve\/mpppstweb\/index.php\/2021\/03\/16\/fuerzas-productivas-de-guarico-destinaran-cerca-de-100-mil-toneladas-de-arroz-a-diferentes-programas-de-alimentacion\/\",\"url\":\"https:\/\/www.mpppst.gob.ve\/mpppstweb\/index.php\/2021\/03\/16\/fuerzas-productivas-de-guarico-destinaran-cerca-de-100-mil-toneladas-de-arroz-a-diferentes-programas-de-alimentacion\/\",\"name\":\"Fuerzas productivas de Gu\u00e1rico destinar\u00e1n cerca de 100 mil toneladas de arroz a diferentes programas de alimentaci\u00f3n - MPPPST\",\"isPartOf\":{\"@id\":\"https:\/\/www.mpppst.gob.ve\/mpppstweb\/#website\"},\"primaryImageOfPage\":{\"@id\":\"https:\/\/www.mpppst.gob.ve\/mpppstweb\/index.php\/2021\/03\/16\/fuerzas-productivas-de-guarico-destinaran-cerca-de-100-mil-toneladas-de-arroz-a-diferentes-programas-de-alimentacion\/#primaryimage\"},\"image\":{\"@id\":\"https:\/\/www.mpppst.gob.ve\/mpppstweb\/index.php\/2021\/03\/16\/fuerzas-productivas-de-guarico-destinaran-cerca-de-100-mil-toneladas-de-arroz-a-diferentes-programas-de-alimentacion\/#primaryimage\"},\"thumbnailUrl\":\"https:\/\/www.mpppst.gob.ve\/mpppstweb\/wp-content\/uploads\/2021\/03\/GUARICO-1-768x427-1.jpg\",\"datePublished\":\"2021-03-16T11:56:01+00:00\",\"dateModified\":\"2021-03-16T11:56:02+00:00\",\"breadcrumb\":{\"@id\":\"https:\/\/www.mpppst.gob.ve\/mpppstweb\/index.php\/2021\/03\/16\/fuerzas-productivas-de-guarico-destinaran-cerca-de-100-mil-toneladas-de-arroz-a-diferentes-programas-de-alimentacion\/#breadcrumb\"},\"inLanguage\":\"es\",\"potentialAction\":[{\"@type\":\"ReadAction\",\"target\":[\"https:\/\/www.mpppst.gob.ve\/mpppstweb\/index.php\/2021\/03\/16\/fuerzas-productivas-de-guarico-destinaran-cerca-de-100-mil-toneladas-de-arroz-a-diferentes-programas-de-alimentacion\/\"]}]},{\"@type\":\"ImageObject\",\"inLanguage\":\"es\",\"@id\":\"https:\/\/www.mpppst.gob.ve\/mpppstweb\/index.php\/2021\/03\/16\/fuerzas-productivas-de-guarico-destinaran-cerca-de-100-mil-toneladas-de-arroz-a-diferentes-programas-de-alimentacion\/#primaryimage\",\"url\":\"https:\/\/www.mpppst.gob.ve\/mpppstweb\/wp-content\/uploads\/2021\/03\/GUARICO-1-768x427-1.jpg\",\"contentUrl\":\"https:\/\/www.mpppst.gob.ve\/mpppstweb\/wp-content\/uploads\/2021\/03\/GUARICO-1-768x427-1.jpg\",\"width\":768,\"height\":427},{\"@type\":\"BreadcrumbList\",\"@id\":\"https:\/\/www.mpppst.gob.ve\/mpppstweb\/index.php\/2021\/03\/16\/fuerzas-productivas-de-guarico-destinaran-cerca-de-100-mil-toneladas-de-arroz-a-diferentes-programas-de-alimentacion\/#breadcrumb\",\"itemListElement\":[{\"@type\":\"ListItem\",\"position\":1,\"name\":\"Home\",\"item\":\"https:\/\/www.mpppst.gob.ve\/mpppstweb\/\"},{\"@type\":\"ListItem\",\"position\":2,\"name\":\"Fuerzas productivas de Gu\u00e1rico destinar\u00e1n cerca de 100 mil toneladas de arroz a diferentes programas de alimentaci\u00f3n\"}]},{\"@type\":\"WebSite\",\"@id\":\"https:\/\/www.mpppst.gob.ve\/mpppstweb\/#website\",\"url\":\"https:\/\/www.mpppst.gob.ve\/mpppstweb\/\",\"name\":\"MPPPST\",\"description\":\"Ministerio del Poder Popular para el Proceso Social de Trabajo\",\"publisher\":{\"@id\":\"https:\/\/www.mpppst.gob.ve\/mpppstweb\/#organization\"},\"potentialAction\":[{\"@type\":\"SearchAction\",\"target\":{\"@type\":\"EntryPoint\",\"urlTemplate\":\"https:\/\/www.mpppst.gob.ve\/mpppstweb\/?s={search_term_string}\"},\"query-input\":\"required name=search_term_string\"}],\"inLanguage\":\"es\"},{\"@type\":\"Organization\",\"@id\":\"https:\/\/www.mpppst.gob.ve\/mpppstweb\/#organization\",\"name\":\"mpppst\",\"url\":\"https:\/\/www.mpppst.gob.ve\/mpppstweb\/\",\"logo\":{\"@type\":\"ImageObject\",\"inLanguage\":\"es\",\"@id\":\"https:\/\/www.mpppst.gob.ve\/mpppstweb\/#\/schema\/logo\/image\/\",\"url\":\"https:\/\/www.mpppst.gob.ve\/mpppstweb\/wp-content\/uploads\/2025\/07\/cropped-cropped-g910.png\",\"contentUrl\":\"https:\/\/www.mpppst.gob.ve\/mpppstweb\/wp-content\/uploads\/2025\/07\/cropped-cropped-g910.png\",\"width\":1080,\"height\":241,\"caption\":\"mpppst\"},\"image\":{\"@id\":\"https:\/\/www.mpppst.gob.ve\/mpppstweb\/#\/schema\/logo\/image\/\"}},{\"@type\":\"Person\",\"@id\":\"https:\/\/www.mpppst.gob.ve\/mpppstweb\/#\/schema\/person\/fc187ee8ead412bd4c9304b62f900ea4\",\"name\":\"MPPPST Prensa\",\"url\":\"https:\/\/www.mpppst.gob.ve\/mpppstweb\/index.php\/author\/prensa-mpppst\/\"}]}<\/script>\n<!-- \/ Yoast SEO plugin. -->","yoast_head_json":{"title":"Fuerzas productivas de Gu\u00e1rico destinar\u00e1n cerca de 100 mil toneladas de arroz a diferentes programas de alimentaci\u00f3n - MPPPST","robots":{"index":"index","follow":"follow","max-snippet":"max-snippet:-1","max-image-preview":"max-image-preview:large","max-video-preview":"max-video-preview:-1"},"canonical":"https:\/\/www.mpppst.gob.ve\/mpppstweb\/index.php\/2021\/03\/16\/fuerzas-productivas-de-guarico-destinaran-cerca-de-100-mil-toneladas-de-arroz-a-diferentes-programas-de-alimentacion\/","og_locale":"es_ES","og_type":"article","og_title":"Fuerzas productivas de Gu\u00e1rico destinar\u00e1n cerca de 100 mil toneladas de arroz a diferentes programas de alimentaci\u00f3n - MPPPST","og_description":"El equipo econ\u00f3mico de la Gobernaci\u00f3n del estado Gu\u00e1rico junto a las fuerzas productivas del campo &hellip; Fuerzas productivas de Gu\u00e1rico destinar\u00e1n cerca de 100 mil toneladas de arroz a diferentes programas de alimentaci\u00f3nRead more","og_url":"https:\/\/www.mpppst.gob.ve\/mpppstweb\/index.php\/2021\/03\/16\/fuerzas-productivas-de-guarico-destinaran-cerca-de-100-mil-toneladas-de-arroz-a-diferentes-programas-de-alimentacion\/","og_site_name":"MPPPST","article_published_time":"2021-03-16T11:56:01+00:00","article_modified_time":"2021-03-16T11:56:02+00:00","og_image":[{"width":768,"height":427,"url":"https:\/\/www.mpppst.gob.ve\/mpppstweb\/wp-content\/uploads\/2021\/03\/GUARICO-1-768x427-1.jpg","type":"image\/jpeg"}],"author":"MPPPST Prensa","twitter_card":"summary_large_image","twitter_misc":{"Escrito por":"MPPPST Prensa","Tiempo de lectura":"2 minutos"},"schema":{"@context":"https:\/\/schema.org","@graph":[{"@type":"Article","@id":"https:\/\/www.mpppst.gob.ve\/mpppstweb\/index.php\/2021\/03\/16\/fuerzas-productivas-de-guarico-destinaran-cerca-de-100-mil-toneladas-de-arroz-a-diferentes-programas-de-alimentacion\/#article","isPartOf":{"@id":"https:\/\/www.mpppst.gob.ve\/mpppstweb\/index.php\/2021\/03\/16\/fuerzas-productivas-de-guarico-destinaran-cerca-de-100-mil-toneladas-de-arroz-a-diferentes-programas-de-alimentacion\/"},"author":{"name":"MPPPST Prensa","@id":"https:\/\/www.mpppst.gob.ve\/mpppstweb\/#\/schema\/person\/fc187ee8ead412bd4c9304b62f900ea4"},"headline":"Fuerzas productivas de Gu\u00e1rico destinar\u00e1n cerca de 100 mil toneladas de arroz a diferentes programas de alimentaci\u00f3n","datePublished":"2021-03-16T11:56:01+00:00","dateModified":"2021-03-16T11:56:02+00:00","mainEntityOfPage":{"@id":"https:\/\/www.mpppst.gob.ve\/mpppstweb\/index.php\/2021\/03\/16\/fuerzas-productivas-de-guarico-destinaran-cerca-de-100-mil-toneladas-de-arroz-a-diferentes-programas-de-alimentacion\/"},"wordCount":465,"publisher":{"@id":"https:\/\/www.mpppst.gob.ve\/mpppstweb\/#organization"},"image":{"@id":"https:\/\/www.mpppst.gob.ve\/mpppstweb\/index.php\/2021\/03\/16\/fuerzas-productivas-de-guarico-destinaran-cerca-de-100-mil-toneladas-de-arroz-a-diferentes-programas-de-alimentacion\/#primaryimage"},"thumbnailUrl":"https:\/\/www.mpppst.gob.ve\/mpppstweb\/wp-content\/uploads\/2021\/03\/GUARICO-1-768x427-1.jpg","articleSection":["Gobierno Nacional","Noticias"],"inLanguage":"es"},{"@type":"WebPage","@id":"https:\/\/www.mpppst.gob.ve\/mpppstweb\/index.php\/2021\/03\/16\/fuerzas-productivas-de-guarico-destinaran-cerca-de-100-mil-toneladas-de-arroz-a-diferentes-programas-de-alimentacion\/","url":"https:\/\/www.mpppst.gob.ve\/mpppstweb\/index.php\/2021\/03\/16\/fuerzas-productivas-de-guarico-destinaran-cerca-de-100-mil-toneladas-de-arroz-a-diferentes-programas-de-alimentacion\/","name":"Fuerzas productivas de Gu\u00e1rico destinar\u00e1n cerca de 100 mil toneladas de arroz a diferentes programas de alimentaci\u00f3n - MPPPST","isPartOf":{"@id":"https:\/\/www.mpppst.gob.ve\/mpppstweb\/#website"},"primaryImageOfPage":{"@id":"https:\/\/www.mpppst.gob.ve\/mpppstweb\/index.php\/2021\/03\/16\/fuerzas-productivas-de-guarico-destinaran-cerca-de-100-mil-toneladas-de-arroz-a-diferentes-programas-de-alimentacion\/#primaryimage"},"image":{"@id":"https:\/\/www.mpppst.gob.ve\/mpppstweb\/index.php\/2021\/03\/16\/fuerzas-productivas-de-guarico-destinaran-cerca-de-100-mil-toneladas-de-arroz-a-diferentes-programas-de-alimentacion\/#primaryimage"},"thumbnailUrl":"https:\/\/www.mpppst.gob.ve\/mpppstweb\/wp-content\/uploads\/2021\/03\/GUARICO-1-768x427-1.jpg","datePublished":"2021-03-16T11:56:01+00:00","dateModified":"2021-03-16T11:56:02+00:00","breadcrumb":{"@id":"https:\/\/www.mpppst.gob.ve\/mpppstweb\/index.php\/2021\/03\/16\/fuerzas-productivas-de-guarico-destinaran-cerca-de-100-mil-toneladas-de-arroz-a-diferentes-programas-de-alimentacion\/#breadcrumb"},"inLanguage":"es","potentialAction":[{"@type":"ReadAction","target":["https:\/\/www.mpppst.gob.ve\/mpppstweb\/index.php\/2021\/03\/16\/fuerzas-productivas-de-guarico-destinaran-cerca-de-100-mil-toneladas-de-arroz-a-diferentes-programas-de-alimentacion\/"]}]},{"@type":"ImageObject","inLanguage":"es","@id":"https:\/\/www.mpppst.gob.ve\/mpppstweb\/index.php\/2021\/03\/16\/fuerzas-productivas-de-guarico-destinaran-cerca-de-100-mil-toneladas-de-arroz-a-diferentes-programas-de-alimentacion\/#primaryimage","url":"https:\/\/www.mpppst.gob.ve\/mpppstweb\/wp-content\/uploads\/2021\/03\/GUARICO-1-768x427-1.jpg","contentUrl":"https:\/\/www.mpppst.gob.ve\/mpppstweb\/wp-content\/uploads\/2021\/03\/GUARICO-1-768x427-1.jpg","width":768,"height":427},{"@type":"BreadcrumbList","@id":"https:\/\/www.mpppst.gob.ve\/mpppstweb\/index.php\/2021\/03\/16\/fuerzas-productivas-de-guarico-destinaran-cerca-de-100-mil-toneladas-de-arroz-a-diferentes-programas-de-alimentacion\/#breadcrumb","itemListElement":[{"@type":"ListItem","position":1,"name":"Home","item":"https:\/\/www.mpppst.gob.ve\/mpppstweb\/"},{"@type":"ListItem","position":2,"name":"Fuerzas productivas de Gu\u00e1rico destinar\u00e1n cerca de 100 mil toneladas de arroz a diferentes programas de alimentaci\u00f3n"}]},{"@type":"WebSite","@id":"https:\/\/www.mpppst.gob.ve\/mpppstweb\/#website","url":"https:\/\/www.mpppst.gob.ve\/mpppstweb\/","name":"MPPPST","description":"Ministerio del Poder Popular para el Proceso Social de Trabajo","publisher":{"@id":"https:\/\/www.mpppst.gob.ve\/mpppstweb\/#organization"},"potentialAction":[{"@type":"SearchAction","target":{"@type":"EntryPoint","urlTemplate":"https:\/\/www.mpppst.gob.ve\/mpppstweb\/?s={search_term_string}"},"query-input":"required name=search_term_string"}],"inLanguage":"es"},{"@type":"Organization","@id":"https:\/\/www.mpppst.gob.ve\/mpppstweb\/#organization","name":"mpppst","url":"https:\/\/www.mpppst.gob.ve\/mpppstweb\/","logo":{"@type":"ImageObject","inLanguage":"es","@id":"https:\/\/www.mpppst.gob.ve\/mpppstweb\/#\/schema\/logo\/image\/","url":"https:\/\/www.mpppst.gob.ve\/mpppstweb\/wp-content\/uploads\/2025\/07\/cropped-cropped-g910.png","contentUrl":"https:\/\/www.mpppst.gob.ve\/mpppstweb\/wp-content\/uploads\/2025\/07\/cropped-cropped-g910.png","width":1080,"height":241,"caption":"mpppst"},"image":{"@id":"https:\/\/www.mpppst.gob.ve\/mpppstweb\/#\/schema\/logo\/image\/"}},{"@type":"Person","@id":"https:\/\/www.mpppst.gob.ve\/mpppstweb\/#\/schema\/person\/fc187ee8ead412bd4c9304b62f900ea4","name":"MPPPST Prensa","url":"https:\/\/www.mpppst.gob.ve\/mpppstweb\/index.php\/author\/prensa-mpppst\/"}]}},"_links":{"self":[{"href":"https:\/\/www.mpppst.gob.ve\/mpppstweb\/index.php\/wp-json\/wp\/v2\/posts\/21801"}],"collection":[{"href":"https:\/\/www.mpppst.gob.ve\/mpppstweb\/index.php\/wp-json\/wp\/v2\/posts"}],"about":[{"href":"https:\/\/www.mpppst.gob.ve\/mpppstweb\/index.php\/wp-json\/wp\/v2\/types\/post"}],"author":[{"embeddable":true,"href":"https:\/\/www.mpppst.gob.ve\/mpppstweb\/index.php\/wp-json\/wp\/v2\/users\/25"}],"replies":[{"embeddable":true,"href":"https:\/\/www.mpppst.gob.ve\/mpppstweb\/index.php\/wp-json\/wp\/v2\/comments?post=21801"}],"version-history":[{"count":1,"href":"https:\/\/www.mpppst.gob.ve\/mpppstweb\/index.php\/wp-json\/wp\/v2\/posts\/21801\/revisions"}],"predecessor-version":[{"id":21803,"href":"https:\/\/www.mpppst.gob.ve\/mpppstweb\/index.php\/wp-json\/wp\/v2\/posts\/21801\/revisions\/21803"}],"wp:featuredmedia":[{"embeddable":true,"href":"https:\/\/www.mpppst.gob.ve\/mpppstweb\/index.php\/wp-json\/wp\/v2\/media\/21802"}],"wp:attachment":[{"href":"https:\/\/www.mpppst.gob.ve\/mpppstweb\/index.php\/wp-json\/wp\/v2\/media?parent=21801"}],"wp:term":[{"taxonomy":"category","embeddable":true,"href":"https:\/\/www.mpppst.gob.ve\/mpppstweb\/index.php\/wp-json\/wp\/v2\/categories?post=21801"},{"taxonomy":"post_tag","embeddable":true,"href":"https:\/\/www.mpppst.gob.ve\/mpppstweb\/index.php\/wp-json\/wp\/v2\/tags?post=21801"}],"curies":[{"name":"wp","href":"https:\/\/api.w.org\/{rel}","templated":true}]}}