{"id":21807,"date":"2021-03-16T08:03:04","date_gmt":"2021-03-16T12:03:04","guid":{"rendered":"http:\/\/www.mpppst.gob.ve\/mpppstweb\/?p=21807"},"modified":"2021-03-16T08:03:05","modified_gmt":"2021-03-16T12:03:05","slug":"oms-revisara-vacuna-de-astrazeneca-contra-covid-19-ante-la-suspension-de-uso-en-varios-paises","status":"publish","type":"post","link":"https:\/\/www.mpppst.gob.ve\/mpppstweb\/index.php\/2021\/03\/16\/oms-revisara-vacuna-de-astrazeneca-contra-covid-19-ante-la-suspension-de-uso-en-varios-paises\/","title":{"rendered":"OMS revisar\u00e1 vacuna de AstraZeneca contra COVID-19 ante la suspensi\u00f3n de uso en varios pa\u00edses"},"content":{"rendered":"\n<p>La Organizaci\u00f3n Mundial de la Salud (OMS) inform\u00f3 que todav\u00eda llevan a cabo la revisi\u00f3n de seguridad de la vacuna de AstraZeneca\/Oxford contra la COVID-19, luego de que Francia, Italia, Espa\u00f1a y Alemania se unieron al grupo de pa\u00edses que suspendieron su uso por informes sobre algunas personas que desarrollaron co\u00e1gulos y murieron despu\u00e9s de haber sido inmunizadas.<\/p>\n\n\n\n<p>\u201cVarios pa\u00edses han suspendido el uso de la vacuna de AstraZeneca como medida de precauci\u00f3n luego de informes sobre co\u00e1gulos en personas que hab\u00edan recibido la vacuna perteneciente a dos lotes producidos en Europa\u201d, afirm\u00f3 el director general de la OMS, el doctor Tedros Adhanom Ghebreyesus, en una conferencia de prensa.<\/p>\n\n\n\n<p>Sin embargo, precis\u00f3 que \u201cesto no necesariamente significa que estos eventos est\u00e9n vinculados con la vacunaci\u00f3n, pero es una pr\u00e1ctica de rutina investigarlos y demuestra que el sistema de vigilancia funciona y que controles efectivos est\u00e1n en vigor\u201d, rese\u00f1a Xinhua.<\/p>\n\n\n\n<p>El director general de la OMS enfatiz\u00f3 que el Comit\u00e9 Consultivo Mundial sobre Seguridad de las Vacunas del organismo mundial ha estado revisando los datos disponibles en estrecho contacto con la Agencia Europea de Medicamentos (EMA) y que se reunir\u00e1 este martes.<\/p>\n\n\n\n<p>Previamente, Francia, Alemania y Espa\u00f1a decidieron suspender el uso de la vacuna de AstraZeneca\/Oxford contra la COVID-19 como medida preventiva en espera de una evaluaci\u00f3n por parte de la Agencia Europea de Medicamentos, la cual autoriz\u00f3 su uso en la Uni\u00f3n Europea (UE) el 29 de enero.<\/p>\n\n\n\n<p>Por otra parte, Austria, Italia, Bulgaria, Dinamarca, Rumania, Estonia, Lituania, Luxemburgo, Letonia y pa\u00edses ajenos a la UE como Noruega e Islandia suspendieron de forma total o parcial el uso de la vacuna de AstraZeneca.<\/p>\n\n\n\n<p>El funcionario de la OMS asegur\u00f3 que la principal amenaza que \u201cla mayor\u00eda de los pa\u00edses enfrentan en este momento es la falta de acceso a las vacunas\u201d porque \u201calgunos de los pa\u00edses m\u00e1s ricos est\u00e1n comprando suficientes vacunas como para inmunizar a su poblaci\u00f3n varias veces\u201d , mientras que otros no tienen nada.<\/p>\n\n\n\n<p>Asimismo, volvi\u00f3 a hacer un llamado a todos los pa\u00edses para que trabajen en solidaridad para garantizar que la vacunaci\u00f3n inicie en los primeros 100 d\u00edas de este a\u00f1o. \u201cNing\u00fan pa\u00eds puede sencillamente vacunar para salir de esta pandemia solo. Todos estamos en esto juntos\u201d, acot\u00f3.<\/p>\n","protected":false},"excerpt":{"rendered":"<p>La Organizaci\u00f3n Mundial de la Salud (OMS) inform\u00f3 que todav\u00eda llevan a cabo la revisi\u00f3n de &hellip; <a title=\"OMS revisar\u00e1 vacuna de AstraZeneca contra COVID-19 ante la suspensi\u00f3n de uso en varios pa\u00edses\" class=\"hm-read-more\" href=\"https:\/\/www.mpppst.gob.ve\/mpppstweb\/index.php\/2021\/03\/16\/oms-revisara-vacuna-de-astrazeneca-contra-covid-19-ante-la-suspension-de-uso-en-varios-paises\/\"><span class=\"screen-reader-text\">OMS revisar\u00e1 vacuna de AstraZeneca contra COVID-19 ante la suspensi\u00f3n de uso en varios pa\u00edses<\/span>Read more<\/a><\/p>\n","protected":false},"author":25,"featured_media":21808,"comment_status":"closed","ping_status":"closed","sticky":false,"template":"","format":"standard","meta":{"footnotes":""},"categories":[260,163],"tags":[],"yoast_head":"<!-- This site is optimized with the Yoast SEO plugin v22.5 - https:\/\/yoast.com\/wordpress\/plugins\/seo\/ -->\n<title>OMS revisar\u00e1 vacuna de AstraZeneca contra COVID-19 ante la suspensi\u00f3n de uso en varios pa\u00edses - MPPPST<\/title>\n<meta name=\"robots\" content=\"index, follow, max-snippet:-1, max-image-preview:large, max-video-preview:-1\" \/>\n<link rel=\"canonical\" href=\"https:\/\/www.mpppst.gob.ve\/mpppstweb\/index.php\/2021\/03\/16\/oms-revisara-vacuna-de-astrazeneca-contra-covid-19-ante-la-suspension-de-uso-en-varios-paises\/\" \/>\n<meta property=\"og:locale\" content=\"es_ES\" \/>\n<meta property=\"og:type\" content=\"article\" \/>\n<meta property=\"og:title\" content=\"OMS revisar\u00e1 vacuna de AstraZeneca contra COVID-19 ante la suspensi\u00f3n de uso en varios pa\u00edses - MPPPST\" \/>\n<meta property=\"og:description\" content=\"La Organizaci\u00f3n Mundial de la Salud (OMS) inform\u00f3 que todav\u00eda llevan a cabo la revisi\u00f3n de &hellip; OMS revisar\u00e1 vacuna de AstraZeneca contra COVID-19 ante la suspensi\u00f3n de uso en varios pa\u00edsesRead more\" \/>\n<meta property=\"og:url\" content=\"https:\/\/www.mpppst.gob.ve\/mpppstweb\/index.php\/2021\/03\/16\/oms-revisara-vacuna-de-astrazeneca-contra-covid-19-ante-la-suspension-de-uso-en-varios-paises\/\" \/>\n<meta property=\"og:site_name\" content=\"MPPPST\" \/>\n<meta property=\"article:published_time\" content=\"2021-03-16T12:03:04+00:00\" \/>\n<meta property=\"article:modified_time\" content=\"2021-03-16T12:03:05+00:00\" \/>\n<meta property=\"og:image\" content=\"https:\/\/www.mpppst.gob.ve\/mpppstweb\/wp-content\/uploads\/2021\/03\/1-768x427-1.jpg\" \/>\n\t<meta property=\"og:image:width\" content=\"768\" \/>\n\t<meta property=\"og:image:height\" content=\"427\" \/>\n\t<meta property=\"og:image:type\" content=\"image\/jpeg\" \/>\n<meta name=\"author\" content=\"MPPPST Prensa\" \/>\n<meta name=\"twitter:card\" content=\"summary_large_image\" \/>\n<meta name=\"twitter:label1\" content=\"Escrito por\" \/>\n\t<meta name=\"twitter:data1\" content=\"MPPPST Prensa\" \/>\n\t<meta name=\"twitter:label2\" content=\"Tiempo de lectura\" \/>\n\t<meta name=\"twitter:data2\" content=\"2 minutos\" \/>\n<script type=\"application\/ld+json\" class=\"yoast-schema-graph\">{\"@context\":\"https:\/\/schema.org\",\"@graph\":[{\"@type\":\"Article\",\"@id\":\"https:\/\/www.mpppst.gob.ve\/mpppstweb\/index.php\/2021\/03\/16\/oms-revisara-vacuna-de-astrazeneca-contra-covid-19-ante-la-suspension-de-uso-en-varios-paises\/#article\",\"isPartOf\":{\"@id\":\"https:\/\/www.mpppst.gob.ve\/mpppstweb\/index.php\/2021\/03\/16\/oms-revisara-vacuna-de-astrazeneca-contra-covid-19-ante-la-suspension-de-uso-en-varios-paises\/\"},\"author\":{\"name\":\"MPPPST Prensa\",\"@id\":\"https:\/\/www.mpppst.gob.ve\/mpppstweb\/#\/schema\/person\/fc187ee8ead412bd4c9304b62f900ea4\"},\"headline\":\"OMS revisar\u00e1 vacuna de AstraZeneca contra COVID-19 ante la suspensi\u00f3n de uso en varios pa\u00edses\",\"datePublished\":\"2021-03-16T12:03:04+00:00\",\"dateModified\":\"2021-03-16T12:03:05+00:00\",\"mainEntityOfPage\":{\"@id\":\"https:\/\/www.mpppst.gob.ve\/mpppstweb\/index.php\/2021\/03\/16\/oms-revisara-vacuna-de-astrazeneca-contra-covid-19-ante-la-suspension-de-uso-en-varios-paises\/\"},\"wordCount\":421,\"publisher\":{\"@id\":\"https:\/\/www.mpppst.gob.ve\/mpppstweb\/#organization\"},\"image\":{\"@id\":\"https:\/\/www.mpppst.gob.ve\/mpppstweb\/index.php\/2021\/03\/16\/oms-revisara-vacuna-de-astrazeneca-contra-covid-19-ante-la-suspension-de-uso-en-varios-paises\/#primaryimage\"},\"thumbnailUrl\":\"https:\/\/www.mpppst.gob.ve\/mpppstweb\/wp-content\/uploads\/2021\/03\/1-768x427-1.jpg\",\"articleSection\":[\"Internacionales\",\"Noticias\"],\"inLanguage\":\"es\"},{\"@type\":\"WebPage\",\"@id\":\"https:\/\/www.mpppst.gob.ve\/mpppstweb\/index.php\/2021\/03\/16\/oms-revisara-vacuna-de-astrazeneca-contra-covid-19-ante-la-suspension-de-uso-en-varios-paises\/\",\"url\":\"https:\/\/www.mpppst.gob.ve\/mpppstweb\/index.php\/2021\/03\/16\/oms-revisara-vacuna-de-astrazeneca-contra-covid-19-ante-la-suspension-de-uso-en-varios-paises\/\",\"name\":\"OMS revisar\u00e1 vacuna de AstraZeneca contra COVID-19 ante la suspensi\u00f3n de uso en varios pa\u00edses - MPPPST\",\"isPartOf\":{\"@id\":\"https:\/\/www.mpppst.gob.ve\/mpppstweb\/#website\"},\"primaryImageOfPage\":{\"@id\":\"https:\/\/www.mpppst.gob.ve\/mpppstweb\/index.php\/2021\/03\/16\/oms-revisara-vacuna-de-astrazeneca-contra-covid-19-ante-la-suspension-de-uso-en-varios-paises\/#primaryimage\"},\"image\":{\"@id\":\"https:\/\/www.mpppst.gob.ve\/mpppstweb\/index.php\/2021\/03\/16\/oms-revisara-vacuna-de-astrazeneca-contra-covid-19-ante-la-suspension-de-uso-en-varios-paises\/#primaryimage\"},\"thumbnailUrl\":\"https:\/\/www.mpppst.gob.ve\/mpppstweb\/wp-content\/uploads\/2021\/03\/1-768x427-1.jpg\",\"datePublished\":\"2021-03-16T12:03:04+00:00\",\"dateModified\":\"2021-03-16T12:03:05+00:00\",\"breadcrumb\":{\"@id\":\"https:\/\/www.mpppst.gob.ve\/mpppstweb\/index.php\/2021\/03\/16\/oms-revisara-vacuna-de-astrazeneca-contra-covid-19-ante-la-suspension-de-uso-en-varios-paises\/#breadcrumb\"},\"inLanguage\":\"es\",\"potentialAction\":[{\"@type\":\"ReadAction\",\"target\":[\"https:\/\/www.mpppst.gob.ve\/mpppstweb\/index.php\/2021\/03\/16\/oms-revisara-vacuna-de-astrazeneca-contra-covid-19-ante-la-suspension-de-uso-en-varios-paises\/\"]}]},{\"@type\":\"ImageObject\",\"inLanguage\":\"es\",\"@id\":\"https:\/\/www.mpppst.gob.ve\/mpppstweb\/index.php\/2021\/03\/16\/oms-revisara-vacuna-de-astrazeneca-contra-covid-19-ante-la-suspension-de-uso-en-varios-paises\/#primaryimage\",\"url\":\"https:\/\/www.mpppst.gob.ve\/mpppstweb\/wp-content\/uploads\/2021\/03\/1-768x427-1.jpg\",\"contentUrl\":\"https:\/\/www.mpppst.gob.ve\/mpppstweb\/wp-content\/uploads\/2021\/03\/1-768x427-1.jpg\",\"width\":768,\"height\":427},{\"@type\":\"BreadcrumbList\",\"@id\":\"https:\/\/www.mpppst.gob.ve\/mpppstweb\/index.php\/2021\/03\/16\/oms-revisara-vacuna-de-astrazeneca-contra-covid-19-ante-la-suspension-de-uso-en-varios-paises\/#breadcrumb\",\"itemListElement\":[{\"@type\":\"ListItem\",\"position\":1,\"name\":\"Home\",\"item\":\"https:\/\/www.mpppst.gob.ve\/mpppstweb\/\"},{\"@type\":\"ListItem\",\"position\":2,\"name\":\"OMS revisar\u00e1 vacuna de AstraZeneca contra COVID-19 ante la suspensi\u00f3n de uso en varios pa\u00edses\"}]},{\"@type\":\"WebSite\",\"@id\":\"https:\/\/www.mpppst.gob.ve\/mpppstweb\/#website\",\"url\":\"https:\/\/www.mpppst.gob.ve\/mpppstweb\/\",\"name\":\"MPPPST\",\"description\":\"Ministerio del Poder Popular para el Proceso Social de Trabajo\",\"publisher\":{\"@id\":\"https:\/\/www.mpppst.gob.ve\/mpppstweb\/#organization\"},\"potentialAction\":[{\"@type\":\"SearchAction\",\"target\":{\"@type\":\"EntryPoint\",\"urlTemplate\":\"https:\/\/www.mpppst.gob.ve\/mpppstweb\/?s={search_term_string}\"},\"query-input\":\"required name=search_term_string\"}],\"inLanguage\":\"es\"},{\"@type\":\"Organization\",\"@id\":\"https:\/\/www.mpppst.gob.ve\/mpppstweb\/#organization\",\"name\":\"mpppst\",\"url\":\"https:\/\/www.mpppst.gob.ve\/mpppstweb\/\",\"logo\":{\"@type\":\"ImageObject\",\"inLanguage\":\"es\",\"@id\":\"https:\/\/www.mpppst.gob.ve\/mpppstweb\/#\/schema\/logo\/image\/\",\"url\":\"https:\/\/www.mpppst.gob.ve\/mpppstweb\/wp-content\/uploads\/2025\/07\/cropped-cropped-g910.png\",\"contentUrl\":\"https:\/\/www.mpppst.gob.ve\/mpppstweb\/wp-content\/uploads\/2025\/07\/cropped-cropped-g910.png\",\"width\":1080,\"height\":241,\"caption\":\"mpppst\"},\"image\":{\"@id\":\"https:\/\/www.mpppst.gob.ve\/mpppstweb\/#\/schema\/logo\/image\/\"}},{\"@type\":\"Person\",\"@id\":\"https:\/\/www.mpppst.gob.ve\/mpppstweb\/#\/schema\/person\/fc187ee8ead412bd4c9304b62f900ea4\",\"name\":\"MPPPST Prensa\",\"url\":\"https:\/\/www.mpppst.gob.ve\/mpppstweb\/index.php\/author\/prensa-mpppst\/\"}]}<\/script>\n<!-- \/ Yoast SEO plugin. -->","yoast_head_json":{"title":"OMS revisar\u00e1 vacuna de AstraZeneca contra COVID-19 ante la suspensi\u00f3n de uso en varios pa\u00edses - MPPPST","robots":{"index":"index","follow":"follow","max-snippet":"max-snippet:-1","max-image-preview":"max-image-preview:large","max-video-preview":"max-video-preview:-1"},"canonical":"https:\/\/www.mpppst.gob.ve\/mpppstweb\/index.php\/2021\/03\/16\/oms-revisara-vacuna-de-astrazeneca-contra-covid-19-ante-la-suspension-de-uso-en-varios-paises\/","og_locale":"es_ES","og_type":"article","og_title":"OMS revisar\u00e1 vacuna de AstraZeneca contra COVID-19 ante la suspensi\u00f3n de uso en varios pa\u00edses - MPPPST","og_description":"La Organizaci\u00f3n Mundial de la Salud (OMS) inform\u00f3 que todav\u00eda llevan a cabo la revisi\u00f3n de &hellip; OMS revisar\u00e1 vacuna de AstraZeneca contra COVID-19 ante la suspensi\u00f3n de uso en varios pa\u00edsesRead more","og_url":"https:\/\/www.mpppst.gob.ve\/mpppstweb\/index.php\/2021\/03\/16\/oms-revisara-vacuna-de-astrazeneca-contra-covid-19-ante-la-suspension-de-uso-en-varios-paises\/","og_site_name":"MPPPST","article_published_time":"2021-03-16T12:03:04+00:00","article_modified_time":"2021-03-16T12:03:05+00:00","og_image":[{"width":768,"height":427,"url":"https:\/\/www.mpppst.gob.ve\/mpppstweb\/wp-content\/uploads\/2021\/03\/1-768x427-1.jpg","type":"image\/jpeg"}],"author":"MPPPST Prensa","twitter_card":"summary_large_image","twitter_misc":{"Escrito por":"MPPPST Prensa","Tiempo de lectura":"2 minutos"},"schema":{"@context":"https:\/\/schema.org","@graph":[{"@type":"Article","@id":"https:\/\/www.mpppst.gob.ve\/mpppstweb\/index.php\/2021\/03\/16\/oms-revisara-vacuna-de-astrazeneca-contra-covid-19-ante-la-suspension-de-uso-en-varios-paises\/#article","isPartOf":{"@id":"https:\/\/www.mpppst.gob.ve\/mpppstweb\/index.php\/2021\/03\/16\/oms-revisara-vacuna-de-astrazeneca-contra-covid-19-ante-la-suspension-de-uso-en-varios-paises\/"},"author":{"name":"MPPPST Prensa","@id":"https:\/\/www.mpppst.gob.ve\/mpppstweb\/#\/schema\/person\/fc187ee8ead412bd4c9304b62f900ea4"},"headline":"OMS revisar\u00e1 vacuna de AstraZeneca contra COVID-19 ante la suspensi\u00f3n de uso en varios pa\u00edses","datePublished":"2021-03-16T12:03:04+00:00","dateModified":"2021-03-16T12:03:05+00:00","mainEntityOfPage":{"@id":"https:\/\/www.mpppst.gob.ve\/mpppstweb\/index.php\/2021\/03\/16\/oms-revisara-vacuna-de-astrazeneca-contra-covid-19-ante-la-suspension-de-uso-en-varios-paises\/"},"wordCount":421,"publisher":{"@id":"https:\/\/www.mpppst.gob.ve\/mpppstweb\/#organization"},"image":{"@id":"https:\/\/www.mpppst.gob.ve\/mpppstweb\/index.php\/2021\/03\/16\/oms-revisara-vacuna-de-astrazeneca-contra-covid-19-ante-la-suspension-de-uso-en-varios-paises\/#primaryimage"},"thumbnailUrl":"https:\/\/www.mpppst.gob.ve\/mpppstweb\/wp-content\/uploads\/2021\/03\/1-768x427-1.jpg","articleSection":["Internacionales","Noticias"],"inLanguage":"es"},{"@type":"WebPage","@id":"https:\/\/www.mpppst.gob.ve\/mpppstweb\/index.php\/2021\/03\/16\/oms-revisara-vacuna-de-astrazeneca-contra-covid-19-ante-la-suspension-de-uso-en-varios-paises\/","url":"https:\/\/www.mpppst.gob.ve\/mpppstweb\/index.php\/2021\/03\/16\/oms-revisara-vacuna-de-astrazeneca-contra-covid-19-ante-la-suspension-de-uso-en-varios-paises\/","name":"OMS revisar\u00e1 vacuna de AstraZeneca contra COVID-19 ante la suspensi\u00f3n de uso en varios pa\u00edses - MPPPST","isPartOf":{"@id":"https:\/\/www.mpppst.gob.ve\/mpppstweb\/#website"},"primaryImageOfPage":{"@id":"https:\/\/www.mpppst.gob.ve\/mpppstweb\/index.php\/2021\/03\/16\/oms-revisara-vacuna-de-astrazeneca-contra-covid-19-ante-la-suspension-de-uso-en-varios-paises\/#primaryimage"},"image":{"@id":"https:\/\/www.mpppst.gob.ve\/mpppstweb\/index.php\/2021\/03\/16\/oms-revisara-vacuna-de-astrazeneca-contra-covid-19-ante-la-suspension-de-uso-en-varios-paises\/#primaryimage"},"thumbnailUrl":"https:\/\/www.mpppst.gob.ve\/mpppstweb\/wp-content\/uploads\/2021\/03\/1-768x427-1.jpg","datePublished":"2021-03-16T12:03:04+00:00","dateModified":"2021-03-16T12:03:05+00:00","breadcrumb":{"@id":"https:\/\/www.mpppst.gob.ve\/mpppstweb\/index.php\/2021\/03\/16\/oms-revisara-vacuna-de-astrazeneca-contra-covid-19-ante-la-suspension-de-uso-en-varios-paises\/#breadcrumb"},"inLanguage":"es","potentialAction":[{"@type":"ReadAction","target":["https:\/\/www.mpppst.gob.ve\/mpppstweb\/index.php\/2021\/03\/16\/oms-revisara-vacuna-de-astrazeneca-contra-covid-19-ante-la-suspension-de-uso-en-varios-paises\/"]}]},{"@type":"ImageObject","inLanguage":"es","@id":"https:\/\/www.mpppst.gob.ve\/mpppstweb\/index.php\/2021\/03\/16\/oms-revisara-vacuna-de-astrazeneca-contra-covid-19-ante-la-suspension-de-uso-en-varios-paises\/#primaryimage","url":"https:\/\/www.mpppst.gob.ve\/mpppstweb\/wp-content\/uploads\/2021\/03\/1-768x427-1.jpg","contentUrl":"https:\/\/www.mpppst.gob.ve\/mpppstweb\/wp-content\/uploads\/2021\/03\/1-768x427-1.jpg","width":768,"height":427},{"@type":"BreadcrumbList","@id":"https:\/\/www.mpppst.gob.ve\/mpppstweb\/index.php\/2021\/03\/16\/oms-revisara-vacuna-de-astrazeneca-contra-covid-19-ante-la-suspension-de-uso-en-varios-paises\/#breadcrumb","itemListElement":[{"@type":"ListItem","position":1,"name":"Home","item":"https:\/\/www.mpppst.gob.ve\/mpppstweb\/"},{"@type":"ListItem","position":2,"name":"OMS revisar\u00e1 vacuna de AstraZeneca contra COVID-19 ante la suspensi\u00f3n de uso en varios pa\u00edses"}]},{"@type":"WebSite","@id":"https:\/\/www.mpppst.gob.ve\/mpppstweb\/#website","url":"https:\/\/www.mpppst.gob.ve\/mpppstweb\/","name":"MPPPST","description":"Ministerio del Poder Popular para el Proceso Social de Trabajo","publisher":{"@id":"https:\/\/www.mpppst.gob.ve\/mpppstweb\/#organization"},"potentialAction":[{"@type":"SearchAction","target":{"@type":"EntryPoint","urlTemplate":"https:\/\/www.mpppst.gob.ve\/mpppstweb\/?s={search_term_string}"},"query-input":"required name=search_term_string"}],"inLanguage":"es"},{"@type":"Organization","@id":"https:\/\/www.mpppst.gob.ve\/mpppstweb\/#organization","name":"mpppst","url":"https:\/\/www.mpppst.gob.ve\/mpppstweb\/","logo":{"@type":"ImageObject","inLanguage":"es","@id":"https:\/\/www.mpppst.gob.ve\/mpppstweb\/#\/schema\/logo\/image\/","url":"https:\/\/www.mpppst.gob.ve\/mpppstweb\/wp-content\/uploads\/2025\/07\/cropped-cropped-g910.png","contentUrl":"https:\/\/www.mpppst.gob.ve\/mpppstweb\/wp-content\/uploads\/2025\/07\/cropped-cropped-g910.png","width":1080,"height":241,"caption":"mpppst"},"image":{"@id":"https:\/\/www.mpppst.gob.ve\/mpppstweb\/#\/schema\/logo\/image\/"}},{"@type":"Person","@id":"https:\/\/www.mpppst.gob.ve\/mpppstweb\/#\/schema\/person\/fc187ee8ead412bd4c9304b62f900ea4","name":"MPPPST Prensa","url":"https:\/\/www.mpppst.gob.ve\/mpppstweb\/index.php\/author\/prensa-mpppst\/"}]}},"_links":{"self":[{"href":"https:\/\/www.mpppst.gob.ve\/mpppstweb\/index.php\/wp-json\/wp\/v2\/posts\/21807"}],"collection":[{"href":"https:\/\/www.mpppst.gob.ve\/mpppstweb\/index.php\/wp-json\/wp\/v2\/posts"}],"about":[{"href":"https:\/\/www.mpppst.gob.ve\/mpppstweb\/index.php\/wp-json\/wp\/v2\/types\/post"}],"author":[{"embeddable":true,"href":"https:\/\/www.mpppst.gob.ve\/mpppstweb\/index.php\/wp-json\/wp\/v2\/users\/25"}],"replies":[{"embeddable":true,"href":"https:\/\/www.mpppst.gob.ve\/mpppstweb\/index.php\/wp-json\/wp\/v2\/comments?post=21807"}],"version-history":[{"count":1,"href":"https:\/\/www.mpppst.gob.ve\/mpppstweb\/index.php\/wp-json\/wp\/v2\/posts\/21807\/revisions"}],"predecessor-version":[{"id":21809,"href":"https:\/\/www.mpppst.gob.ve\/mpppstweb\/index.php\/wp-json\/wp\/v2\/posts\/21807\/revisions\/21809"}],"wp:featuredmedia":[{"embeddable":true,"href":"https:\/\/www.mpppst.gob.ve\/mpppstweb\/index.php\/wp-json\/wp\/v2\/media\/21808"}],"wp:attachment":[{"href":"https:\/\/www.mpppst.gob.ve\/mpppstweb\/index.php\/wp-json\/wp\/v2\/media?parent=21807"}],"wp:term":[{"taxonomy":"category","embeddable":true,"href":"https:\/\/www.mpppst.gob.ve\/mpppstweb\/index.php\/wp-json\/wp\/v2\/categories?post=21807"},{"taxonomy":"post_tag","embeddable":true,"href":"https:\/\/www.mpppst.gob.ve\/mpppstweb\/index.php\/wp-json\/wp\/v2\/tags?post=21807"}],"curies":[{"name":"wp","href":"https:\/\/api.w.org\/{rel}","templated":true}]}}